{"id":36234,"date":"2025-09-05T11:47:04","date_gmt":"2025-09-05T09:47:04","guid":{"rendered":"https:\/\/www.medewo.com\/blog\/?p=36234"},"modified":"2025-09-05T11:47:04","modified_gmt":"2025-09-05T09:47:04","slug":"spezialkatalog-versand-2025","status":"publish","type":"post","link":"https:\/\/www.medewo.com\/blog\/de\/kataloge\/spezialkatalog-versand-2025\/","title":{"rendered":"Spezialkatalog 2025 \u2013 Schachteln, Versandverpackungen, Kennzeichnen und Kleben"},"content":{"rendered":"<div class=\"wpb-content-wrapper\"><p>[vc_row][vc_column][vc_custom_heading text=&#8220;Schachteln und Versandverpackungen f\u00fcr jeden Anlass!&#8220; use_theme_fonts=&#8220;yes&#8220; css=&#8220;&#8220;][\/vc_column][\/vc_row][vc_row][vc_column][vc_empty_space height=&#8220;16px&#8220;][vc_column_text css=&#8220;&#8220;]Ob Kartons, Klebeb\u00e4nder oder Etiketten &#8211; bei uns finden Sie Verpackungsvarianten jeder Art. Von nachhaltigen L\u00f6sungen bis hin zu sch\u00fctzenden Verpackungen. All diese Aspekte haben die h\u00f6chste Priorit\u00e4t, wenn es darauf ankommt, Ihre Kunden nicht nur mit dem Inhalt des Pakets zu \u00fcberraschen, sondern auch mit der Aufmachung.<\/p>\n<p>Lassen Sie sich inspirieren und entdecken Sie jetzt die Highlights unseres Vollsortiments mit \u00fcber 4.000 Artikeln in unserem<a href=\"https:\/\/www.medewo.com\/de\/\" target=\"_blank\" rel=\"noopener\"> Web-Shop<\/a>.[\/vc_column_text][vc_empty_space][\/vc_column][\/vc_row][vc_row][vc_column][vc_wp_text]<\/p>\n<div style=\"position: relative; padding-top: max(60%,326px); height: 0; width: 100%;\"><iframe style=\"position: absolute; border: none; width: 100%; height: 100%; left: 0; right: 0; top: 0; bottom: 0;\" src=\"https:\/\/e.issuu.com\/embed.html?d=spezialkatalog_2025_-_schachteln_versandverpackun&amp;hideIssuuLogo=true&amp;u=medewo-rausch\" sandbox=\"allow-top-navigation allow-top-navigation-by-user-activation allow-downloads allow-scripts allow-same-origin allow-popups allow-modals allow-popups-to-escape-sandbox allow-forms\" allowfullscreen=\"allowfullscreen\"><\/iframe><\/div>\n<p>[\/vc_wp_text][\/vc_column][\/vc_row][vc_row][vc_column][vc_empty_space height=&#8220;35 px&#8220;][\/vc_column][\/vc_row][vc_row][vc_column][vc_column_text css=&#8220;&#8220;]Der dargestellte Katalog zum Bl\u00e4ttern zeigt unseren gedruckten Spezialkatalog \u00abSchachteln &amp; Versandverpackungen\u00bb (Stand September 2025). <a href=\"https:\/\/www.medewo.com\/de\/neuheiten\/\" target=\"_blank\" rel=\"noopener\">Neuheiten<\/a> sowie aktuell g\u00fcltige Preise finden Sie in unserem <a href=\"https:\/\/www.medewo.com\/de\/\" target=\"_blank\" rel=\"noopener\">Web-Shop<\/a>.<br \/>\nDownload: Oben im Bl\u00e4tterkatalog finden Sie<strong> in der unteren rechten Ecke<\/strong> die Download-Funktion.[\/vc_column_text][vc_empty_space height=&#8220;35px&#8220;][\/vc_column][\/vc_row][vc_row][vc_column width=&#8220;1\/3&#8243;][vc_empty_space height=&#8220;9px&#8220;][vc_single_image image=&#8220;21611&#8243; img_size=&#8220;&#8220;][\/vc_column][vc_column width=&#8220;2\/3&#8243;][vc_column_text]<strong>Entdecken Sie unseren Web-Shop mit \u00fcber 4.000 Verpackungsl\u00f6sungen<\/strong><\/p>\n<ul>\n<li>umfangreiches Lagersortiment \u2013 auch in kleinen Mengen<\/li>\n<li>gro\u00dfe Auswahl an nachhaltigen und ressourcenschonenden Verpackungen<\/li>\n<li>schnelle Lieferung in 24\/48h<\/li>\n<li>gratis Muster \u2013 gepr\u00fcfte Qualit\u00e4t &amp; innovative Materialien<\/li>\n<li>fachkundige Beratung \u2013 \u00fcber 40 Jahre Erfahrung<\/li>\n<\/ul>\n<p>[\/vc_column_text][vc_empty_space]<style type=\"text\/css\" data-type=\"the7_shortcodes-inline-css\">#default-btn-f2338a477b5838ff460af3dde2233369.ico-right-side > i {\n  margin-right: 0px;\n  margin-left: 8px;\n}\n#default-btn-f2338a477b5838ff460af3dde2233369 > i {\n  margin-right: 8px;\n}<\/style><a href=\"https:\/\/www.medewo.com\/de\/\" class=\"default-btn-shortcode dt-btn dt-btn-m link-hover-off btn-inline-left \" target=\"_blank\" id=\"default-btn-f2338a477b5838ff460af3dde2233369\" title=\"zum MEDEWO Web-Shop\" rel=\"noopener\"><span>Jetzt MEDEWO Web-Shop entdecken<\/span><\/a>[vc_empty_space][\/vc_column][\/vc_row][vc_row][vc_column][vc_empty_space height=&#8220;30px&#8220;][\/vc_column][\/vc_row][vc_row][vc_column el_class=&#8220;infobox-image&#8220;]<div class=\"ult-content-box-container \" >\t\t<div class=\"ult-content-box\" style=\"box-shadow: px px px px none;border-style:solid;border-radius:0px;border-color:#ffffff;padding:0px;margin:0px;-webkit-transition: all 700ms ease;-moz-transition: all 700ms ease;-ms-transition: all 700ms ease;-o-transition: all 700ms ease;transition: all 700ms ease;\"  data-hover_box_shadow=\"none\"   data-responsive_margins=\"margin:0px;\"   data-normal_margins=\"margin:0px;\"   data-border_color=\"#ffffff\" >[vc_cta h2=&#8220;&#8220; shape=&#8220;square&#8220; css=&#8220;&#8220; el_class=&#8220;infobox-text&#8220;]<strong>Sie w\u00fcnschen sich eine fachkundige Beratung oder individuelle Designs?<\/strong><\/p>\n<p>Seit \u00fcber 40 Jahren beraten wir Industrie, Handel, Gewerbe und Selbstst\u00e4ndige und viele andere Branchen rund um das Thema Transportverpackungen.<\/p>\n<p>Gerne beraten unsere Fachspezialisten Sie bei der Wahl der geeigneten Verpackung.<\/p>\n<p>Oder Sie nutzen Ihre Verpackungen, Klebeb\u00e4nder und Beutel als Markenbotschafter durch Designs und Individualisierungen ganz nach Ihrem Geschmack.[\/vc_cta]\t\t<\/div><\/div>[vc_empty_space height=&#8220;45px&#8220;][\/vc_column][\/vc_row][vc_row][vc_column width=&#8220;1\/2&#8243;]<style type=\"text\/css\" data-type=\"the7_shortcodes-inline-css\">#default-btn-6c3e1089321a63a1e9a5743f070fea17.ico-right-side > i {\n  margin-right: 0px;\n  margin-left: 8px;\n}\n#default-btn-6c3e1089321a63a1e9a5743f070fea17 > i {\n  margin-right: 8px;\n}<\/style><a href=\"https:\/\/www.medewo.com\/blog\/de\/kontakt\/\" class=\"default-btn-shortcode dt-btn dt-btn-m link-hover-off btn-inline-left \" target=\"_blank\" id=\"default-btn-6c3e1089321a63a1e9a5743f070fea17\" rel=\"noopener\"><span>Jetzt Beratung anfordern<\/span><\/a>[\/vc_column][vc_column width=&#8220;1\/2&#8243;]<style type=\"text\/css\" data-type=\"the7_shortcodes-inline-css\">#default-btn-8973c925a4634ae99d56ac0ab9d9122e.ico-right-side > i {\n  margin-right: 0px;\n  margin-left: 8px;\n}\n#default-btn-8973c925a4634ae99d56ac0ab9d9122e > i {\n  margin-right: 8px;\n}<\/style><a href=\"https:\/\/www.medewo.com\/de\/individuelle-verpackungen\/\" class=\"default-btn-shortcode dt-btn dt-btn-m link-hover-off btn-inline-left \" target=\"_blank\" id=\"default-btn-8973c925a4634ae99d56ac0ab9d9122e\" rel=\"noopener\"><span>Zur Individualisierung<\/span><\/a>[\/vc_column][\/vc_row][vc_row][vc_column][vc_empty_space height=&#8220;45px&#8220;][\/vc_column][\/vc_row][vc_row][vc_column width=&#8220;2\/5&#8243;][vc_empty_space height=&#8220;100px&#8220;][vc_single_image image=&#8220;35903&#8243; img_size=&#8220;full&#8220; css=&#8220;&#8220;][\/vc_column][vc_column width=&#8220;3\/5&#8243;][vc_custom_heading text=&#8220;Mehr Effizienz im Lager: Was Sie \u00fcber Lagerung &amp; Kommissionierung wissen m\u00fcssen&#8220; use_theme_fonts=&#8220;yes&#8220; css=&#8220;&#8220;][vc_column_text css=&#8220;&#8220;]Lagerung und Kommissionierung sind das Herzst\u00fcck der Logistik. Damit Effizienz und Geschwindigkeit in einem Unternehmen gew\u00e4hrleistet werden, ben\u00f6tigen Unternehmen passende Methoden und Produkte. Wichtig ist dabei, den Allgemeinen Prozess der Kommissionierung als auch einzelne Methoden zu verstehen, um die passendste Arbeitsweise f\u00fcr das eigene Lager zu finden. Nicht nur Arbeitsabl\u00e4ufe sind hierbei von Relevanz, sondern auch Produkte, die die Wirksamkeit der Logistik steigern.<\/p>\n<p>Welche passenden Produkte Sie in unserem Sortiment finden k\u00f6nnen und welche Methoden Ihnen zur Verf\u00fcgung stehen erfahren Sie in unseren Blogbeitrag dazu.<\/p>\n<p>[\/vc_column_text][vc_empty_space height=&#8220;12px&#8220;]<style type=\"text\/css\" data-type=\"the7_shortcodes-inline-css\">#default-btn-334578e0e6c21943370897f2b3981599.ico-right-side > i {\n  margin-right: 0px;\n  margin-left: 8px;\n}\n#default-btn-334578e0e6c21943370897f2b3981599 > i {\n  margin-right: 8px;\n}<\/style><a href=\"https:\/\/www.medewo.com\/blog\/de\/loesungen\/lagereffizienz\/\" class=\"default-btn-shortcode dt-btn dt-btn-m link-hover-off btn-inline-left \" target=\"_blank\" id=\"default-btn-334578e0e6c21943370897f2b3981599\" title=\"Zu allen Neuheiten\" rel=\"noopener\"><span>Zum Blog-Artikel<\/span><\/a>[vc_empty_space height=&#8220;35px&#8220;][\/vc_column][\/vc_row][vc_row][vc_column][vc_empty_space][\/vc_column][\/vc_row][vc_row][vc_column][vc_custom_heading text=&#8220;Hier finden Sie ausgew\u00e4hlte Neuheiten aus diesem Spezialkatalog&#8220; use_theme_fonts=&#8220;yes&#8220;][vc_empty_space height=&#8220;12px&#8220;][vc_column_text css=&#8220;&#8220;]SHORTCODE in REST Request entfernt[\/vc_column_text][vc_empty_space]<style type=\"text\/css\" data-type=\"the7_shortcodes-inline-css\">#default-btn-f2338a477b5838ff460af3dde2233369.ico-right-side > i {\n  margin-right: 0px;\n  margin-left: 8px;\n}\n#default-btn-f2338a477b5838ff460af3dde2233369 > i {\n  margin-right: 8px;\n}<\/style><a href=\"https:\/\/www.medewo.com\/de\/\" class=\"default-btn-shortcode dt-btn dt-btn-m link-hover-off btn-inline-left \" target=\"_blank\" id=\"default-btn-f2338a477b5838ff460af3dde2233369\" title=\"zum MEDEWO Web-Shop\" rel=\"noopener\"><span>Web-Shop entdecken<\/span><\/a>[\/vc_column][\/vc_row]<\/p>\n<\/div>","protected":false},"excerpt":{"rendered":"<p>[vc_row][vc_column][vc_custom_heading text=&#8220;Schachteln und Versandverpackungen f\u00fcr jeden Anlass!&#8220; use_theme_fonts=&#8220;yes&#8220; css=&#8220;&#8220;][\/vc_column][\/vc_row][vc_row][vc_column][vc_empty_space height=&#8220;16px&#8220;][vc_column_text css=&#8220;&#8220;]Ob Kartons, Klebeb\u00e4nder oder Etiketten &#8211; bei uns finden Sie Verpackungsvarianten jeder Art. Von nachhaltigen L\u00f6sungen bis hin zu sch\u00fctzenden Verpackungen. All diese Aspekte haben die h\u00f6chste Priorit\u00e4t, wenn es darauf ankommt, Ihre Kunden nicht nur mit dem Inhalt des Pakets zu \u00fcberraschen, sondern auch&hellip;<\/p>\n","protected":false},"author":72,"featured_media":36281,"comment_status":"open","ping_status":"closed","sticky":false,"template":"","format":"standard","meta":{"pgc_sgb_lightbox_settings":"","footnotes":""},"categories":[4629],"tags":[],"m2-product-id":[],"class_list":["post-36234","post","type-post","status-publish","format-standard","has-post-thumbnail","hentry","category-kataloge","category-4629","description-off"],"yoast_head":"<!-- This site is optimized with the Yoast SEO plugin v27.1.1 - https:\/\/yoast.com\/product\/yoast-seo-wordpress\/ -->\n<title>Spezialkatalog 2025 \u2013 Schachteln, Versandverpackungen, Kennzeichnen und Kleben - MEDEWO Verpackungen<\/title>\n<meta name=\"robots\" content=\"index, follow, max-snippet:-1, max-image-preview:large, max-video-preview:-1\" \/>\n<link rel=\"canonical\" href=\"https:\/\/www.medewo.com\/blog\/de\/kataloge\/spezialkatalog-versand-2025\/\" \/>\n<meta property=\"og:locale\" content=\"de_DE\" \/>\n<meta property=\"og:type\" content=\"article\" \/>\n<meta property=\"og:title\" content=\"Spezialkatalog 2025 \u2013 Schachteln, Versandverpackungen, Kennzeichnen und Kleben - MEDEWO Verpackungen\" \/>\n<meta property=\"og:description\" content=\"[vc_row][vc_column][vc_custom_heading text=&#8220;Schachteln und Versandverpackungen f\u00fcr jeden Anlass!&#8220; use_theme_fonts=&#8220;yes&#8220; css=&#8220;&#8220;][\/vc_column][\/vc_row][vc_row][vc_column][vc_empty_space height=&#8220;16px&#8220;][vc_column_text css=&#8220;&#8220;]Ob Kartons, Klebeb\u00e4nder oder Etiketten &#8211; bei uns finden Sie Verpackungsvarianten jeder Art. Von nachhaltigen L\u00f6sungen bis hin zu sch\u00fctzenden Verpackungen. All diese Aspekte haben die h\u00f6chste Priorit\u00e4t, wenn es darauf ankommt, Ihre Kunden nicht nur mit dem Inhalt des Pakets zu \u00fcberraschen, sondern auch&hellip;\" \/>\n<meta property=\"og:url\" content=\"https:\/\/www.medewo.com\/blog\/de\/kataloge\/spezialkatalog-versand-2025\/\" \/>\n<meta property=\"og:site_name\" content=\"MEDEWO Verpackungen\" \/>\n<meta property=\"article:published_time\" content=\"2025-09-05T09:47:04+00:00\" \/>\n<meta property=\"og:image\" content=\"https:\/\/www.medewo.com\/blog\/wp-content\/uploads\/2025\/09\/Vorlage-Blog-Hauptbild_Kopie.jpg\" \/>\n\t<meta property=\"og:image:width\" content=\"840\" \/>\n\t<meta property=\"og:image:height\" content=\"559\" \/>\n\t<meta property=\"og:image:type\" content=\"image\/jpeg\" \/>\n<meta name=\"author\" content=\"Asia Filisone\" \/>\n<meta name=\"twitter:card\" content=\"summary_large_image\" \/>\n<meta name=\"twitter:label1\" content=\"Verfasst von\" \/>\n\t<meta name=\"twitter:data1\" content=\"Asia Filisone\" \/>\n\t<meta name=\"twitter:label2\" content=\"Gesch\u00e4tzte Lesezeit\" \/>\n\t<meta name=\"twitter:data2\" content=\"3\u00a0Minuten\" \/>\n<script type=\"application\/ld+json\" class=\"yoast-schema-graph\">{\"@context\":\"https:\/\/schema.org\",\"@graph\":[{\"@type\":\"Article\",\"@id\":\"https:\/\/www.medewo.com\/blog\/de\/kataloge\/spezialkatalog-versand-2025\/#article\",\"isPartOf\":{\"@id\":\"https:\/\/www.medewo.com\/blog\/de\/kataloge\/spezialkatalog-versand-2025\/\"},\"author\":{\"name\":\"Asia Filisone\",\"@id\":\"https:\/\/www.medewo.com\/blog\/de\/#\/schema\/person\/7f08c3a53edb34f04a1684684cc5a9e5\"},\"headline\":\"Spezialkatalog 2025 \u2013 Schachteln, Versandverpackungen, Kennzeichnen und Kleben\",\"datePublished\":\"2025-09-05T09:47:04+00:00\",\"mainEntityOfPage\":{\"@id\":\"https:\/\/www.medewo.com\/blog\/de\/kataloge\/spezialkatalog-versand-2025\/\"},\"wordCount\":815,\"commentCount\":0,\"publisher\":{\"@id\":\"https:\/\/www.medewo.com\/blog\/de\/#organization\"},\"image\":{\"@id\":\"https:\/\/www.medewo.com\/blog\/de\/kataloge\/spezialkatalog-versand-2025\/#primaryimage\"},\"thumbnailUrl\":\"https:\/\/www.medewo.com\/blog\/wp-content\/uploads\/2025\/09\/Vorlage-Blog-Hauptbild_Kopie.jpg\",\"articleSection\":[\"Kataloge\"],\"inLanguage\":\"de\",\"potentialAction\":[{\"@type\":\"CommentAction\",\"name\":\"Comment\",\"target\":[\"https:\/\/www.medewo.com\/blog\/de\/kataloge\/spezialkatalog-versand-2025\/#respond\"]}]},{\"@type\":\"WebPage\",\"@id\":\"https:\/\/www.medewo.com\/blog\/de\/kataloge\/spezialkatalog-versand-2025\/\",\"url\":\"https:\/\/www.medewo.com\/blog\/de\/kataloge\/spezialkatalog-versand-2025\/\",\"name\":\"Spezialkatalog 2025 \u2013 Schachteln, Versandverpackungen, Kennzeichnen und Kleben - MEDEWO Verpackungen\",\"isPartOf\":{\"@id\":\"https:\/\/www.medewo.com\/blog\/de\/#website\"},\"primaryImageOfPage\":{\"@id\":\"https:\/\/www.medewo.com\/blog\/de\/kataloge\/spezialkatalog-versand-2025\/#primaryimage\"},\"image\":{\"@id\":\"https:\/\/www.medewo.com\/blog\/de\/kataloge\/spezialkatalog-versand-2025\/#primaryimage\"},\"thumbnailUrl\":\"https:\/\/www.medewo.com\/blog\/wp-content\/uploads\/2025\/09\/Vorlage-Blog-Hauptbild_Kopie.jpg\",\"datePublished\":\"2025-09-05T09:47:04+00:00\",\"breadcrumb\":{\"@id\":\"https:\/\/www.medewo.com\/blog\/de\/kataloge\/spezialkatalog-versand-2025\/#breadcrumb\"},\"inLanguage\":\"de\",\"potentialAction\":[{\"@type\":\"ReadAction\",\"target\":[\"https:\/\/www.medewo.com\/blog\/de\/kataloge\/spezialkatalog-versand-2025\/\"]}]},{\"@type\":\"ImageObject\",\"inLanguage\":\"de\",\"@id\":\"https:\/\/www.medewo.com\/blog\/de\/kataloge\/spezialkatalog-versand-2025\/#primaryimage\",\"url\":\"https:\/\/www.medewo.com\/blog\/wp-content\/uploads\/2025\/09\/Vorlage-Blog-Hauptbild_Kopie.jpg\",\"contentUrl\":\"https:\/\/www.medewo.com\/blog\/wp-content\/uploads\/2025\/09\/Vorlage-Blog-Hauptbild_Kopie.jpg\",\"width\":840,\"height\":559},{\"@type\":\"BreadcrumbList\",\"@id\":\"https:\/\/www.medewo.com\/blog\/de\/kataloge\/spezialkatalog-versand-2025\/#breadcrumb\",\"itemListElement\":[{\"@type\":\"ListItem\",\"position\":1,\"name\":\"Startseite\",\"item\":\"https:\/\/www.medewo.com\/blog\/de\/\"},{\"@type\":\"ListItem\",\"position\":2,\"name\":\"Spezialkatalog 2025 \u2013 Schachteln, Versandverpackungen, Kennzeichnen und Kleben\"}]},{\"@type\":\"WebSite\",\"@id\":\"https:\/\/www.medewo.com\/blog\/de\/#website\",\"url\":\"https:\/\/www.medewo.com\/blog\/de\/\",\"name\":\"MEDEWO Verpackungen\",\"description\":\"News\",\"publisher\":{\"@id\":\"https:\/\/www.medewo.com\/blog\/de\/#organization\"},\"potentialAction\":[{\"@type\":\"SearchAction\",\"target\":{\"@type\":\"EntryPoint\",\"urlTemplate\":\"https:\/\/www.medewo.com\/blog\/de\/?s={search_term_string}\"},\"query-input\":{\"@type\":\"PropertyValueSpecification\",\"valueRequired\":true,\"valueName\":\"search_term_string\"}}],\"inLanguage\":\"de\"},{\"@type\":\"Organization\",\"@id\":\"https:\/\/www.medewo.com\/blog\/de\/#organization\",\"name\":\"MEDEWO\",\"url\":\"https:\/\/www.medewo.com\/blog\/de\/\",\"logo\":{\"@type\":\"ImageObject\",\"inLanguage\":\"de\",\"@id\":\"https:\/\/www.medewo.com\/blog\/de\/#\/schema\/logo\/image\/\",\"url\":\"https:\/\/www.medewo.com\/blog\/wp-content\/uploads\/2022\/03\/medewo-logo-claim-quer-2.png\",\"contentUrl\":\"https:\/\/www.medewo.com\/blog\/wp-content\/uploads\/2022\/03\/medewo-logo-claim-quer-2.png\",\"width\":350,\"height\":63,\"caption\":\"MEDEWO\"},\"image\":{\"@id\":\"https:\/\/www.medewo.com\/blog\/de\/#\/schema\/logo\/image\/\"}},{\"@type\":\"Person\",\"@id\":\"https:\/\/www.medewo.com\/blog\/de\/#\/schema\/person\/7f08c3a53edb34f04a1684684cc5a9e5\",\"name\":\"Asia Filisone\",\"image\":{\"@type\":\"ImageObject\",\"inLanguage\":\"de\",\"@id\":\"https:\/\/www.medewo.com\/blog\/de\/#\/schema\/person\/image\/\",\"url\":\"https:\/\/secure.gravatar.com\/avatar\/020f8415b64fded4bfbe608bb42b3213f4c7a196dc17e80b6d3b258799294c06?s=96&d=blank&r=g\",\"contentUrl\":\"https:\/\/secure.gravatar.com\/avatar\/020f8415b64fded4bfbe608bb42b3213f4c7a196dc17e80b6d3b258799294c06?s=96&d=blank&r=g\",\"caption\":\"Asia Filisone\"}}]}<\/script>\n<!-- \/ Yoast SEO plugin. -->","yoast_head_json":{"title":"Spezialkatalog 2025 \u2013 Schachteln, Versandverpackungen, Kennzeichnen und Kleben - MEDEWO Verpackungen","robots":{"index":"index","follow":"follow","max-snippet":"max-snippet:-1","max-image-preview":"max-image-preview:large","max-video-preview":"max-video-preview:-1"},"canonical":"https:\/\/www.medewo.com\/blog\/de\/kataloge\/spezialkatalog-versand-2025\/","og_locale":"de_DE","og_type":"article","og_title":"Spezialkatalog 2025 \u2013 Schachteln, Versandverpackungen, Kennzeichnen und Kleben - MEDEWO Verpackungen","og_description":"[vc_row][vc_column][vc_custom_heading text=&#8220;Schachteln und Versandverpackungen f\u00fcr jeden Anlass!&#8220; use_theme_fonts=&#8220;yes&#8220; css=&#8220;&#8220;][\/vc_column][\/vc_row][vc_row][vc_column][vc_empty_space height=&#8220;16px&#8220;][vc_column_text css=&#8220;&#8220;]Ob Kartons, Klebeb\u00e4nder oder Etiketten &#8211; bei uns finden Sie Verpackungsvarianten jeder Art. Von nachhaltigen L\u00f6sungen bis hin zu sch\u00fctzenden Verpackungen. All diese Aspekte haben die h\u00f6chste Priorit\u00e4t, wenn es darauf ankommt, Ihre Kunden nicht nur mit dem Inhalt des Pakets zu \u00fcberraschen, sondern auch&hellip;","og_url":"https:\/\/www.medewo.com\/blog\/de\/kataloge\/spezialkatalog-versand-2025\/","og_site_name":"MEDEWO Verpackungen","article_published_time":"2025-09-05T09:47:04+00:00","og_image":[{"width":840,"height":559,"url":"https:\/\/www.medewo.com\/blog\/wp-content\/uploads\/2025\/09\/Vorlage-Blog-Hauptbild_Kopie.jpg","type":"image\/jpeg"}],"author":"Asia Filisone","twitter_card":"summary_large_image","twitter_misc":{"Verfasst von":"Asia Filisone","Gesch\u00e4tzte Lesezeit":"3\u00a0Minuten"},"schema":{"@context":"https:\/\/schema.org","@graph":[{"@type":"Article","@id":"https:\/\/www.medewo.com\/blog\/de\/kataloge\/spezialkatalog-versand-2025\/#article","isPartOf":{"@id":"https:\/\/www.medewo.com\/blog\/de\/kataloge\/spezialkatalog-versand-2025\/"},"author":{"name":"Asia Filisone","@id":"https:\/\/www.medewo.com\/blog\/de\/#\/schema\/person\/7f08c3a53edb34f04a1684684cc5a9e5"},"headline":"Spezialkatalog 2025 \u2013 Schachteln, Versandverpackungen, Kennzeichnen und Kleben","datePublished":"2025-09-05T09:47:04+00:00","mainEntityOfPage":{"@id":"https:\/\/www.medewo.com\/blog\/de\/kataloge\/spezialkatalog-versand-2025\/"},"wordCount":815,"commentCount":0,"publisher":{"@id":"https:\/\/www.medewo.com\/blog\/de\/#organization"},"image":{"@id":"https:\/\/www.medewo.com\/blog\/de\/kataloge\/spezialkatalog-versand-2025\/#primaryimage"},"thumbnailUrl":"https:\/\/www.medewo.com\/blog\/wp-content\/uploads\/2025\/09\/Vorlage-Blog-Hauptbild_Kopie.jpg","articleSection":["Kataloge"],"inLanguage":"de","potentialAction":[{"@type":"CommentAction","name":"Comment","target":["https:\/\/www.medewo.com\/blog\/de\/kataloge\/spezialkatalog-versand-2025\/#respond"]}]},{"@type":"WebPage","@id":"https:\/\/www.medewo.com\/blog\/de\/kataloge\/spezialkatalog-versand-2025\/","url":"https:\/\/www.medewo.com\/blog\/de\/kataloge\/spezialkatalog-versand-2025\/","name":"Spezialkatalog 2025 \u2013 Schachteln, Versandverpackungen, Kennzeichnen und Kleben - MEDEWO Verpackungen","isPartOf":{"@id":"https:\/\/www.medewo.com\/blog\/de\/#website"},"primaryImageOfPage":{"@id":"https:\/\/www.medewo.com\/blog\/de\/kataloge\/spezialkatalog-versand-2025\/#primaryimage"},"image":{"@id":"https:\/\/www.medewo.com\/blog\/de\/kataloge\/spezialkatalog-versand-2025\/#primaryimage"},"thumbnailUrl":"https:\/\/www.medewo.com\/blog\/wp-content\/uploads\/2025\/09\/Vorlage-Blog-Hauptbild_Kopie.jpg","datePublished":"2025-09-05T09:47:04+00:00","breadcrumb":{"@id":"https:\/\/www.medewo.com\/blog\/de\/kataloge\/spezialkatalog-versand-2025\/#breadcrumb"},"inLanguage":"de","potentialAction":[{"@type":"ReadAction","target":["https:\/\/www.medewo.com\/blog\/de\/kataloge\/spezialkatalog-versand-2025\/"]}]},{"@type":"ImageObject","inLanguage":"de","@id":"https:\/\/www.medewo.com\/blog\/de\/kataloge\/spezialkatalog-versand-2025\/#primaryimage","url":"https:\/\/www.medewo.com\/blog\/wp-content\/uploads\/2025\/09\/Vorlage-Blog-Hauptbild_Kopie.jpg","contentUrl":"https:\/\/www.medewo.com\/blog\/wp-content\/uploads\/2025\/09\/Vorlage-Blog-Hauptbild_Kopie.jpg","width":840,"height":559},{"@type":"BreadcrumbList","@id":"https:\/\/www.medewo.com\/blog\/de\/kataloge\/spezialkatalog-versand-2025\/#breadcrumb","itemListElement":[{"@type":"ListItem","position":1,"name":"Startseite","item":"https:\/\/www.medewo.com\/blog\/de\/"},{"@type":"ListItem","position":2,"name":"Spezialkatalog 2025 \u2013 Schachteln, Versandverpackungen, Kennzeichnen und Kleben"}]},{"@type":"WebSite","@id":"https:\/\/www.medewo.com\/blog\/de\/#website","url":"https:\/\/www.medewo.com\/blog\/de\/","name":"MEDEWO Verpackungen","description":"News","publisher":{"@id":"https:\/\/www.medewo.com\/blog\/de\/#organization"},"potentialAction":[{"@type":"SearchAction","target":{"@type":"EntryPoint","urlTemplate":"https:\/\/www.medewo.com\/blog\/de\/?s={search_term_string}"},"query-input":{"@type":"PropertyValueSpecification","valueRequired":true,"valueName":"search_term_string"}}],"inLanguage":"de"},{"@type":"Organization","@id":"https:\/\/www.medewo.com\/blog\/de\/#organization","name":"MEDEWO","url":"https:\/\/www.medewo.com\/blog\/de\/","logo":{"@type":"ImageObject","inLanguage":"de","@id":"https:\/\/www.medewo.com\/blog\/de\/#\/schema\/logo\/image\/","url":"https:\/\/www.medewo.com\/blog\/wp-content\/uploads\/2022\/03\/medewo-logo-claim-quer-2.png","contentUrl":"https:\/\/www.medewo.com\/blog\/wp-content\/uploads\/2022\/03\/medewo-logo-claim-quer-2.png","width":350,"height":63,"caption":"MEDEWO"},"image":{"@id":"https:\/\/www.medewo.com\/blog\/de\/#\/schema\/logo\/image\/"}},{"@type":"Person","@id":"https:\/\/www.medewo.com\/blog\/de\/#\/schema\/person\/7f08c3a53edb34f04a1684684cc5a9e5","name":"Asia Filisone","image":{"@type":"ImageObject","inLanguage":"de","@id":"https:\/\/www.medewo.com\/blog\/de\/#\/schema\/person\/image\/","url":"https:\/\/secure.gravatar.com\/avatar\/020f8415b64fded4bfbe608bb42b3213f4c7a196dc17e80b6d3b258799294c06?s=96&d=blank&r=g","contentUrl":"https:\/\/secure.gravatar.com\/avatar\/020f8415b64fded4bfbe608bb42b3213f4c7a196dc17e80b6d3b258799294c06?s=96&d=blank&r=g","caption":"Asia Filisone"}}]}},"magento_index":false,"_links":{"self":[{"href":"https:\/\/www.medewo.com\/blog\/de\/wp-json\/wp\/v2\/posts\/36234","targetHints":{"allow":["GET"]}}],"collection":[{"href":"https:\/\/www.medewo.com\/blog\/de\/wp-json\/wp\/v2\/posts"}],"about":[{"href":"https:\/\/www.medewo.com\/blog\/de\/wp-json\/wp\/v2\/types\/post"}],"author":[{"embeddable":true,"href":"https:\/\/www.medewo.com\/blog\/de\/wp-json\/wp\/v2\/users\/72"}],"replies":[{"embeddable":true,"href":"https:\/\/www.medewo.com\/blog\/de\/wp-json\/wp\/v2\/comments?post=36234"}],"version-history":[{"count":14,"href":"https:\/\/www.medewo.com\/blog\/de\/wp-json\/wp\/v2\/posts\/36234\/revisions"}],"predecessor-version":[{"id":36258,"href":"https:\/\/www.medewo.com\/blog\/de\/wp-json\/wp\/v2\/posts\/36234\/revisions\/36258"}],"wp:featuredmedia":[{"embeddable":true,"href":"https:\/\/www.medewo.com\/blog\/de\/wp-json\/wp\/v2\/media\/36281"}],"wp:attachment":[{"href":"https:\/\/www.medewo.com\/blog\/de\/wp-json\/wp\/v2\/media?parent=36234"}],"wp:term":[{"taxonomy":"category","embeddable":true,"href":"https:\/\/www.medewo.com\/blog\/de\/wp-json\/wp\/v2\/categories?post=36234"},{"taxonomy":"post_tag","embeddable":true,"href":"https:\/\/www.medewo.com\/blog\/de\/wp-json\/wp\/v2\/tags?post=36234"},{"taxonomy":"m2-product-id","embeddable":true,"href":"https:\/\/www.medewo.com\/blog\/de\/wp-json\/wp\/v2\/m2-product-id?post=36234"}],"curies":[{"name":"wp","href":"https:\/\/api.w.org\/{rel}","templated":true}]}}