{"id":16260,"date":"2018-09-12T00:00:00","date_gmt":"2018-09-11T22:00:00","guid":{"rendered":"https:\/\/www.medewo.com\/blog\/unkategorisiert\/35-jahre-medewo-verpackungsprofi-feiert-geburtstag\/"},"modified":"2024-07-23T11:39:27","modified_gmt":"2024-07-23T09:39:27","slug":"35-jahre-medewo-verpackungsprofi-feiert-geburtstag","status":"publish","type":"post","link":"https:\/\/www.medewo.com\/blog\/de\/unternehmensnews\/35-jahre-medewo-verpackungsprofi-feiert-geburtstag\/","title":{"rendered":"35 Jahre MEDEWO \u2013 Verpackungsprofi feiert Geburtstag"},"content":{"rendered":"<p><strong>Vom \u00abZweimann-Betrieb\u00bb zum internationalen Unternehmen \u2013 in diesem Jahr feiert MEDEWO ihr 35-j\u00e4hriges Bestehen. Grund genug, auf vergangene und heutige Erfolge anzusto\u00dfen! Bei einem gro\u00dfen Fest mit seinen Mitarbeitenden hat der Verpackungsspezialist nun sein Firmenjubil\u00e4um am Bodensee gefeiert.<\/strong><\/p>\n<p>Z\u00e4hlen heute tausende Produkte zum Sortiment der MEDEWO-Gruppe, beginnt die Firmengeschichte erst einmal nur mit einer Art von Verpackung: Druckverschlussbeuteln. 1981 beschlie\u00dft der Schweizer Karl Meier rund 300.000 davon f\u00fcr den Wiederverkauf zu bestellen. Mit der tatkr\u00e4ftigen Unterst\u00fctzung seiner Frau Antonia verkauft er diese in der Schweiz in kleinen Einheiten weiter, wobei das Wohnhaus des Ehepaars in Wohlen (AG) als B\u00fcrogeb\u00e4ude und die Garage als Lager dient.<\/p>\n<h2>Vom Nebenberufler zum Verpackungsprofi<\/h2>\n<p>Zwei Jahre sp\u00e4ter schl\u00e4gt die Geburtsstunde der MEDEWO. 1983 gr\u00fcndet Meier die Einzelfirma \u2013 f\u00fcr deren Namen er den Ausdruck \u00ab<strong>Me<\/strong>ier <strong>de<\/strong> <strong>Wo<\/strong>hlen\u00bb (\u00fcbersetzt: \u00abMeier aus Wohlen\u00bb) abk\u00fcrzt \u2013 und wagt die Selbstst\u00e4ndigkeit. \u00abIch war von Anfang an von meiner Idee \u00fcberzeugt, aber einen solchen Erfolg h\u00e4tte ich mir nie vorstellen k\u00f6nnen\u00bb, erinnert sich der heute 80-J\u00e4hrige, der nat\u00fcrlich Ehrengast auf der Feier war.<\/p>\n<div style=\"width: 360px; margin-bottom: 20x; margin-top: 15px; padding-right: 15px; float: left;\"><em>Firmengr\u00fcnder Karl Meier mit seiner Nichte Rita und deren Ehemann Sigmund Schett, die die Geschicke der MEDEWO-Gruppe seit Jahren leiten<\/em><img decoding=\"async\" class=\"alignleft wp-image-4446 size-full\" title=\"Firmengr\u00fcnder Karl Meier mit Familie Schett\" src=\"https:\/\/www.medewo.com\/blog\/wp-content\/uploads\/medewo-jubilaeum-schetts-meier.png\" alt=\"Firmengr\u00fcnder Karl Meier mit Familie Schett\" width=\"345\" height=\"230\" \/><\/div>\n<p>Mehr als 5\u2019000 Produkte f\u00fcr das manuelle Verpacken bietet MEDEWO 35 Jahre sp\u00e4ter als Firmengruppe unter den Marken MEDEWO (f\u00fcr Transportverpackungen) und RAUSCH (f\u00fcr Lebensmittelverpackungen). Zu dem Familienunternehmen z\u00e4hlen neben dem Standort in Meisterschwanden, wo sich der Firmensitz seit 1986 befindet, zwei weitere in \u00d6sterreich (Wallern) und Deutschland (Augsburg). Die Zukunft und die stetige Weiterentwicklung seiner Firma hatte Meier schlie\u00dflich stets im Blick \u2013 so auch seine Nachfolge. \u00abDa wir selbst kinderlos blieben, habe ich mich schon fr\u00fch umgeschaut und bin bei meiner Nichte Rita und ihrem Ehemann Sigmund Schett f\u00fcndig geworden\u00bb. Von 1996 an arbeiten die beiden im Unternehmen mit, bis sich 2004 Karl Meier aus dem operativen Gesch\u00e4ft zur\u00fcckzieht und die F\u00fchrung an Sigmund Schett \u00fcbergibt.<\/p>\n<p>Gerade da die MEDEWO stets ein familiengef\u00fchrtes Unternehmen war, war es Sigmund Schett auch ein Anliegen, diesen Geburtstag mit den Mitarbeitenden der gesamten MEDEWO-Gruppe zu feiern: \u00abOhne unsere Mitarbeitenden w\u00e4re der Erfolg der vergangenen Jahre nicht m\u00f6glich gewesen. Unser neuer Slogan, den wir just im Jubil\u00e4umsjahr eingef\u00fchrt haben, lautet \u2039Damit Verpackung verbindet\u203a. Das wollen wir nicht nur mit unseren Kunden, sondern auch im gemeinsamen Miteinander leben\u00bb.<\/p>\n<h2>Ein abwechslungsreich verpacktes Geburtstagsprogramm<\/h2>\n<p>Besonders passend gew\u00e4hlt war daher der Ort der Feier am Bodensee, wo die drei \u00abMEDEWO-L\u00e4nder\u00bb aufeinandertreffen. Der erste Programmpunkt des Jubil\u00e4umsfests war ein sogenanntes Action-Painting. Jeder der Verpackungsprofis erhielt daf\u00fcr eine Leinwand, die er farbig bespr\u00fchen und mit der Hilfe von Schablonen gestalten konnte. Noch ahnten die Spray-K\u00fcnstler nicht, was die einzelnen Bilder, die sie malten, als gro\u00dfes Ganzes sp\u00e4ter ergeben w\u00fcrden.<\/p>\n<p><img decoding=\"async\" class=\"aligncenter wp-image-4450 size-full\" title=\"Action-Painting beim MEDEWO-Firmenjubil\u00e4um\" src=\"https:\/\/www.medewo.com\/blog\/wp-content\/uploads\/medewo-jubilaeum-action-painting.png\" alt=\"Action-Painting beim MEDEWO-Firmenjubil\u00e4um\" width=\"690\" height=\"230\" \/><\/p>\n<p>F\u00fcr eine kreative Schaffenspause ging es weiter nach Lindau. Hier hie\u00df es \u00abLeinen los\u00bb, denn die Kolleginnen und Kollegen brachen zu einer Schifffahrt \u00fcber den Bodensee auf, die sie nach Friedrichshafen bringen w\u00fcrde. An Board gab es zun\u00e4chst eine kleine St\u00e4rkung, ehe das \u00abSpeed-Dating\u00bb begann. Auf der Suche nach vier Gemeinsamkeiten \u2013 abgesehen vom gleichen Arbeitgeber \u2013 lernten sich die Kollegen noch einmal besser kennen. F\u00fcr Unterhaltung sorgte zudem ein Magier, der mit seinen Kartentricks die Passagiere faszinierte.<\/p>\n<p><img decoding=\"async\" class=\"aligncenter wp-image-4451 size-full\" title=\"Abendprogramm beim MEDEWO-Jubil\u00e4um\" src=\"https:\/\/www.medewo.com\/blog\/wp-content\/uploads\/medewo-jubilaeum-feier.png\" alt=\"Abendprogramm beim MEDEWO-Jubil\u00e4um\" width=\"690\" height=\"230\" \/><\/p>\n<p>Als feierlichen Abschluss trafen sich die Verpackungsprofis abends zum Diner im Hotel in Dornbirn. Auf der Dachterrasse stimmten sich die Kolleginnen und Kollegen bei einem Aperitif und begleitet von der Band Lacustic auf die abendliche Feier ein. Aber auch im Rahmen des anschlie\u00dfenden Abendessens war f\u00fcr ein unterhaltsames Programm gesorgt: von einer kurzweiligen Rede des Firmengr\u00fcnders Karl Meier \u00fcber eine Gesangseinlage bis zu einem Vortrag der Extrembergsteigerin Evelyne Binsack. F\u00fcr einen wahrlich packenden Moment sorgte die Enth\u00fcllung des geschaffenen Gem\u00e4ldes: Die einzelnen Leinw\u00e4nde zeigen gemeinsam die Logos der beiden Marken der Firmengruppe, MEDEWO und RAUSCH \u2013 und das in dreifacher Ausf\u00fchrung, f\u00fcr jeden Standort eines. Eine bleibende Erinnerung an ein abwechslungsreiches Geburtstags-Wochenende!<\/p>\n","protected":false},"excerpt":{"rendered":"<p>Vom \u00abZweimann-Betrieb\u00bb zum internationalen Unternehmen \u2013 in diesem Jahr feiert MEDEWO ihr 35-j\u00e4hriges Bestehen.<\/p>\n","protected":false},"author":1,"featured_media":4444,"comment_status":"open","ping_status":"open","sticky":false,"template":"","format":"standard","meta":{"pgc_sgb_lightbox_settings":"","footnotes":""},"categories":[7],"tags":[],"m2-product-id":[],"class_list":["post-16260","post","type-post","status-publish","format-standard","has-post-thumbnail","hentry","category-unternehmensnews","category-7","description-off"],"yoast_head":"<!-- This site is optimized with the Yoast SEO plugin v26.8 - https:\/\/yoast.com\/product\/yoast-seo-wordpress\/ -->\n<title>MEDEWO feiert 35-j\u00e4hriges Firmenjubil\u00e4um<\/title>\n<meta name=\"description\" content=\"Bei einem gro\u00dfen Fest mit seinen Mitarbeitenden hat der Verpackungsspezialist MEDEWO sein 35-j\u00e4hriges Firmenjubil\u00e4um gefeiert.\" \/>\n<meta name=\"robots\" content=\"index, follow, max-snippet:-1, max-image-preview:large, max-video-preview:-1\" \/>\n<link rel=\"canonical\" href=\"https:\/\/www.medewo.com\/blog\/de\/unternehmensnews\/35-jahre-medewo-verpackungsprofi-feiert-geburtstag\/\" \/>\n<meta property=\"og:locale\" content=\"de_DE\" \/>\n<meta property=\"og:type\" content=\"article\" \/>\n<meta property=\"og:title\" content=\"MEDEWO feiert 35-j\u00e4hriges Firmenjubil\u00e4um\" \/>\n<meta property=\"og:description\" content=\"Bei einem gro\u00dfen Fest mit seinen Mitarbeitenden hat der Verpackungsspezialist MEDEWO sein 35-j\u00e4hriges Firmenjubil\u00e4um gefeiert.\" \/>\n<meta property=\"og:url\" content=\"https:\/\/www.medewo.com\/blog\/de\/unternehmensnews\/35-jahre-medewo-verpackungsprofi-feiert-geburtstag\/\" \/>\n<meta property=\"og:site_name\" content=\"MEDEWO Verpackungen\" \/>\n<meta property=\"article:published_time\" content=\"2018-09-11T22:00:00+00:00\" \/>\n<meta property=\"article:modified_time\" content=\"2024-07-23T09:39:27+00:00\" \/>\n<meta property=\"og:image\" content=\"https:\/\/www.medewo.com\/blog\/wp-content\/uploads\/2018\/09\/hb-medewo-jubilaeum.png\" \/>\n\t<meta property=\"og:image:width\" content=\"690\" \/>\n\t<meta property=\"og:image:height\" content=\"460\" \/>\n\t<meta property=\"og:image:type\" content=\"image\/png\" \/>\n<meta name=\"author\" content=\"admin\" \/>\n<meta name=\"twitter:card\" content=\"summary_large_image\" \/>\n<meta name=\"twitter:label1\" content=\"Verfasst von\" \/>\n\t<meta name=\"twitter:data1\" content=\"admin\" \/>\n\t<meta name=\"twitter:label2\" content=\"Gesch\u00e4tzte Lesezeit\" \/>\n\t<meta name=\"twitter:data2\" content=\"5\u00a0Minuten\" \/>\n<script type=\"application\/ld+json\" class=\"yoast-schema-graph\">{\"@context\":\"https:\/\/schema.org\",\"@graph\":[{\"@type\":\"Article\",\"@id\":\"https:\/\/www.medewo.com\/blog\/de\/unternehmensnews\/35-jahre-medewo-verpackungsprofi-feiert-geburtstag\/#article\",\"isPartOf\":{\"@id\":\"https:\/\/www.medewo.com\/blog\/de\/unternehmensnews\/35-jahre-medewo-verpackungsprofi-feiert-geburtstag\/\"},\"author\":{\"name\":\"admin\",\"@id\":\"https:\/\/www.medewo.com\/blog\/de\/#\/schema\/person\/84e17ff7dbd20461267b403e9de6651a\"},\"headline\":\"35 Jahre MEDEWO \u2013 Verpackungsprofi feiert Geburtstag\",\"datePublished\":\"2018-09-11T22:00:00+00:00\",\"dateModified\":\"2024-07-23T09:39:27+00:00\",\"mainEntityOfPage\":{\"@id\":\"https:\/\/www.medewo.com\/blog\/de\/unternehmensnews\/35-jahre-medewo-verpackungsprofi-feiert-geburtstag\/\"},\"wordCount\":684,\"commentCount\":0,\"publisher\":{\"@id\":\"https:\/\/www.medewo.com\/blog\/de\/#organization\"},\"image\":{\"@id\":\"https:\/\/www.medewo.com\/blog\/de\/unternehmensnews\/35-jahre-medewo-verpackungsprofi-feiert-geburtstag\/#primaryimage\"},\"thumbnailUrl\":\"https:\/\/www.medewo.com\/blog\/wp-content\/uploads\/2018\/09\/hb-medewo-jubilaeum.png\",\"articleSection\":[\"Unternehmensnews\"],\"inLanguage\":\"de\",\"potentialAction\":[{\"@type\":\"CommentAction\",\"name\":\"Comment\",\"target\":[\"https:\/\/www.medewo.com\/blog\/de\/unternehmensnews\/35-jahre-medewo-verpackungsprofi-feiert-geburtstag\/#respond\"]}]},{\"@type\":\"WebPage\",\"@id\":\"https:\/\/www.medewo.com\/blog\/de\/unternehmensnews\/35-jahre-medewo-verpackungsprofi-feiert-geburtstag\/\",\"url\":\"https:\/\/www.medewo.com\/blog\/de\/unternehmensnews\/35-jahre-medewo-verpackungsprofi-feiert-geburtstag\/\",\"name\":\"MEDEWO feiert 35-j\u00e4hriges Firmenjubil\u00e4um\",\"isPartOf\":{\"@id\":\"https:\/\/www.medewo.com\/blog\/de\/#website\"},\"primaryImageOfPage\":{\"@id\":\"https:\/\/www.medewo.com\/blog\/de\/unternehmensnews\/35-jahre-medewo-verpackungsprofi-feiert-geburtstag\/#primaryimage\"},\"image\":{\"@id\":\"https:\/\/www.medewo.com\/blog\/de\/unternehmensnews\/35-jahre-medewo-verpackungsprofi-feiert-geburtstag\/#primaryimage\"},\"thumbnailUrl\":\"https:\/\/www.medewo.com\/blog\/wp-content\/uploads\/2018\/09\/hb-medewo-jubilaeum.png\",\"datePublished\":\"2018-09-11T22:00:00+00:00\",\"dateModified\":\"2024-07-23T09:39:27+00:00\",\"description\":\"Bei einem gro\u00dfen Fest mit seinen Mitarbeitenden hat der Verpackungsspezialist MEDEWO sein 35-j\u00e4hriges Firmenjubil\u00e4um gefeiert.\",\"breadcrumb\":{\"@id\":\"https:\/\/www.medewo.com\/blog\/de\/unternehmensnews\/35-jahre-medewo-verpackungsprofi-feiert-geburtstag\/#breadcrumb\"},\"inLanguage\":\"de\",\"potentialAction\":[{\"@type\":\"ReadAction\",\"target\":[\"https:\/\/www.medewo.com\/blog\/de\/unternehmensnews\/35-jahre-medewo-verpackungsprofi-feiert-geburtstag\/\"]}]},{\"@type\":\"ImageObject\",\"inLanguage\":\"de\",\"@id\":\"https:\/\/www.medewo.com\/blog\/de\/unternehmensnews\/35-jahre-medewo-verpackungsprofi-feiert-geburtstag\/#primaryimage\",\"url\":\"https:\/\/www.medewo.com\/blog\/wp-content\/uploads\/2018\/09\/hb-medewo-jubilaeum.png\",\"contentUrl\":\"https:\/\/www.medewo.com\/blog\/wp-content\/uploads\/2018\/09\/hb-medewo-jubilaeum.png\",\"width\":690,\"height\":460,\"caption\":\"MEDEWO feiert 35-j\u00e4hriges Firmenjubil\u00e4um\"},{\"@type\":\"BreadcrumbList\",\"@id\":\"https:\/\/www.medewo.com\/blog\/de\/unternehmensnews\/35-jahre-medewo-verpackungsprofi-feiert-geburtstag\/#breadcrumb\",\"itemListElement\":[{\"@type\":\"ListItem\",\"position\":1,\"name\":\"Startseite\",\"item\":\"https:\/\/www.medewo.com\/blog\/de\/\"},{\"@type\":\"ListItem\",\"position\":2,\"name\":\"35 Jahre MEDEWO \u2013 Verpackungsprofi feiert Geburtstag\"}]},{\"@type\":\"WebSite\",\"@id\":\"https:\/\/www.medewo.com\/blog\/de\/#website\",\"url\":\"https:\/\/www.medewo.com\/blog\/de\/\",\"name\":\"MEDEWO Verpackungen\",\"description\":\"News\",\"publisher\":{\"@id\":\"https:\/\/www.medewo.com\/blog\/de\/#organization\"},\"potentialAction\":[{\"@type\":\"SearchAction\",\"target\":{\"@type\":\"EntryPoint\",\"urlTemplate\":\"https:\/\/www.medewo.com\/blog\/de\/?s={search_term_string}\"},\"query-input\":{\"@type\":\"PropertyValueSpecification\",\"valueRequired\":true,\"valueName\":\"search_term_string\"}}],\"inLanguage\":\"de\"},{\"@type\":\"Organization\",\"@id\":\"https:\/\/www.medewo.com\/blog\/de\/#organization\",\"name\":\"MEDEWO\",\"url\":\"https:\/\/www.medewo.com\/blog\/de\/\",\"logo\":{\"@type\":\"ImageObject\",\"inLanguage\":\"de\",\"@id\":\"https:\/\/www.medewo.com\/blog\/de\/#\/schema\/logo\/image\/\",\"url\":\"https:\/\/www.medewo.com\/blog\/wp-content\/uploads\/2022\/03\/medewo-logo-claim-quer-2.png\",\"contentUrl\":\"https:\/\/www.medewo.com\/blog\/wp-content\/uploads\/2022\/03\/medewo-logo-claim-quer-2.png\",\"width\":350,\"height\":63,\"caption\":\"MEDEWO\"},\"image\":{\"@id\":\"https:\/\/www.medewo.com\/blog\/de\/#\/schema\/logo\/image\/\"}},{\"@type\":\"Person\",\"@id\":\"https:\/\/www.medewo.com\/blog\/de\/#\/schema\/person\/84e17ff7dbd20461267b403e9de6651a\",\"name\":\"admin\",\"image\":{\"@type\":\"ImageObject\",\"inLanguage\":\"de\",\"@id\":\"https:\/\/www.medewo.com\/blog\/de\/#\/schema\/person\/image\/\",\"url\":\"https:\/\/secure.gravatar.com\/avatar\/db2d5032d48e0c5ea69810e41539f6f14a63a77bccab5e2b2c7ed6f1712f7e3f?s=96&d=blank&r=g\",\"contentUrl\":\"https:\/\/secure.gravatar.com\/avatar\/db2d5032d48e0c5ea69810e41539f6f14a63a77bccab5e2b2c7ed6f1712f7e3f?s=96&d=blank&r=g\",\"caption\":\"admin\"}}]}<\/script>\n<!-- \/ Yoast SEO plugin. -->","yoast_head_json":{"title":"MEDEWO feiert 35-j\u00e4hriges Firmenjubil\u00e4um","description":"Bei einem gro\u00dfen Fest mit seinen Mitarbeitenden hat der Verpackungsspezialist MEDEWO sein 35-j\u00e4hriges Firmenjubil\u00e4um gefeiert.","robots":{"index":"index","follow":"follow","max-snippet":"max-snippet:-1","max-image-preview":"max-image-preview:large","max-video-preview":"max-video-preview:-1"},"canonical":"https:\/\/www.medewo.com\/blog\/de\/unternehmensnews\/35-jahre-medewo-verpackungsprofi-feiert-geburtstag\/","og_locale":"de_DE","og_type":"article","og_title":"MEDEWO feiert 35-j\u00e4hriges Firmenjubil\u00e4um","og_description":"Bei einem gro\u00dfen Fest mit seinen Mitarbeitenden hat der Verpackungsspezialist MEDEWO sein 35-j\u00e4hriges Firmenjubil\u00e4um gefeiert.","og_url":"https:\/\/www.medewo.com\/blog\/de\/unternehmensnews\/35-jahre-medewo-verpackungsprofi-feiert-geburtstag\/","og_site_name":"MEDEWO Verpackungen","article_published_time":"2018-09-11T22:00:00+00:00","article_modified_time":"2024-07-23T09:39:27+00:00","og_image":[{"width":690,"height":460,"url":"https:\/\/www.medewo.com\/blog\/wp-content\/uploads\/2018\/09\/hb-medewo-jubilaeum.png","type":"image\/png"}],"author":"admin","twitter_card":"summary_large_image","twitter_misc":{"Verfasst von":"admin","Gesch\u00e4tzte Lesezeit":"5\u00a0Minuten"},"schema":{"@context":"https:\/\/schema.org","@graph":[{"@type":"Article","@id":"https:\/\/www.medewo.com\/blog\/de\/unternehmensnews\/35-jahre-medewo-verpackungsprofi-feiert-geburtstag\/#article","isPartOf":{"@id":"https:\/\/www.medewo.com\/blog\/de\/unternehmensnews\/35-jahre-medewo-verpackungsprofi-feiert-geburtstag\/"},"author":{"name":"admin","@id":"https:\/\/www.medewo.com\/blog\/de\/#\/schema\/person\/84e17ff7dbd20461267b403e9de6651a"},"headline":"35 Jahre MEDEWO \u2013 Verpackungsprofi feiert Geburtstag","datePublished":"2018-09-11T22:00:00+00:00","dateModified":"2024-07-23T09:39:27+00:00","mainEntityOfPage":{"@id":"https:\/\/www.medewo.com\/blog\/de\/unternehmensnews\/35-jahre-medewo-verpackungsprofi-feiert-geburtstag\/"},"wordCount":684,"commentCount":0,"publisher":{"@id":"https:\/\/www.medewo.com\/blog\/de\/#organization"},"image":{"@id":"https:\/\/www.medewo.com\/blog\/de\/unternehmensnews\/35-jahre-medewo-verpackungsprofi-feiert-geburtstag\/#primaryimage"},"thumbnailUrl":"https:\/\/www.medewo.com\/blog\/wp-content\/uploads\/2018\/09\/hb-medewo-jubilaeum.png","articleSection":["Unternehmensnews"],"inLanguage":"de","potentialAction":[{"@type":"CommentAction","name":"Comment","target":["https:\/\/www.medewo.com\/blog\/de\/unternehmensnews\/35-jahre-medewo-verpackungsprofi-feiert-geburtstag\/#respond"]}]},{"@type":"WebPage","@id":"https:\/\/www.medewo.com\/blog\/de\/unternehmensnews\/35-jahre-medewo-verpackungsprofi-feiert-geburtstag\/","url":"https:\/\/www.medewo.com\/blog\/de\/unternehmensnews\/35-jahre-medewo-verpackungsprofi-feiert-geburtstag\/","name":"MEDEWO feiert 35-j\u00e4hriges Firmenjubil\u00e4um","isPartOf":{"@id":"https:\/\/www.medewo.com\/blog\/de\/#website"},"primaryImageOfPage":{"@id":"https:\/\/www.medewo.com\/blog\/de\/unternehmensnews\/35-jahre-medewo-verpackungsprofi-feiert-geburtstag\/#primaryimage"},"image":{"@id":"https:\/\/www.medewo.com\/blog\/de\/unternehmensnews\/35-jahre-medewo-verpackungsprofi-feiert-geburtstag\/#primaryimage"},"thumbnailUrl":"https:\/\/www.medewo.com\/blog\/wp-content\/uploads\/2018\/09\/hb-medewo-jubilaeum.png","datePublished":"2018-09-11T22:00:00+00:00","dateModified":"2024-07-23T09:39:27+00:00","description":"Bei einem gro\u00dfen Fest mit seinen Mitarbeitenden hat der Verpackungsspezialist MEDEWO sein 35-j\u00e4hriges Firmenjubil\u00e4um gefeiert.","breadcrumb":{"@id":"https:\/\/www.medewo.com\/blog\/de\/unternehmensnews\/35-jahre-medewo-verpackungsprofi-feiert-geburtstag\/#breadcrumb"},"inLanguage":"de","potentialAction":[{"@type":"ReadAction","target":["https:\/\/www.medewo.com\/blog\/de\/unternehmensnews\/35-jahre-medewo-verpackungsprofi-feiert-geburtstag\/"]}]},{"@type":"ImageObject","inLanguage":"de","@id":"https:\/\/www.medewo.com\/blog\/de\/unternehmensnews\/35-jahre-medewo-verpackungsprofi-feiert-geburtstag\/#primaryimage","url":"https:\/\/www.medewo.com\/blog\/wp-content\/uploads\/2018\/09\/hb-medewo-jubilaeum.png","contentUrl":"https:\/\/www.medewo.com\/blog\/wp-content\/uploads\/2018\/09\/hb-medewo-jubilaeum.png","width":690,"height":460,"caption":"MEDEWO feiert 35-j\u00e4hriges Firmenjubil\u00e4um"},{"@type":"BreadcrumbList","@id":"https:\/\/www.medewo.com\/blog\/de\/unternehmensnews\/35-jahre-medewo-verpackungsprofi-feiert-geburtstag\/#breadcrumb","itemListElement":[{"@type":"ListItem","position":1,"name":"Startseite","item":"https:\/\/www.medewo.com\/blog\/de\/"},{"@type":"ListItem","position":2,"name":"35 Jahre MEDEWO \u2013 Verpackungsprofi feiert Geburtstag"}]},{"@type":"WebSite","@id":"https:\/\/www.medewo.com\/blog\/de\/#website","url":"https:\/\/www.medewo.com\/blog\/de\/","name":"MEDEWO Verpackungen","description":"News","publisher":{"@id":"https:\/\/www.medewo.com\/blog\/de\/#organization"},"potentialAction":[{"@type":"SearchAction","target":{"@type":"EntryPoint","urlTemplate":"https:\/\/www.medewo.com\/blog\/de\/?s={search_term_string}"},"query-input":{"@type":"PropertyValueSpecification","valueRequired":true,"valueName":"search_term_string"}}],"inLanguage":"de"},{"@type":"Organization","@id":"https:\/\/www.medewo.com\/blog\/de\/#organization","name":"MEDEWO","url":"https:\/\/www.medewo.com\/blog\/de\/","logo":{"@type":"ImageObject","inLanguage":"de","@id":"https:\/\/www.medewo.com\/blog\/de\/#\/schema\/logo\/image\/","url":"https:\/\/www.medewo.com\/blog\/wp-content\/uploads\/2022\/03\/medewo-logo-claim-quer-2.png","contentUrl":"https:\/\/www.medewo.com\/blog\/wp-content\/uploads\/2022\/03\/medewo-logo-claim-quer-2.png","width":350,"height":63,"caption":"MEDEWO"},"image":{"@id":"https:\/\/www.medewo.com\/blog\/de\/#\/schema\/logo\/image\/"}},{"@type":"Person","@id":"https:\/\/www.medewo.com\/blog\/de\/#\/schema\/person\/84e17ff7dbd20461267b403e9de6651a","name":"admin","image":{"@type":"ImageObject","inLanguage":"de","@id":"https:\/\/www.medewo.com\/blog\/de\/#\/schema\/person\/image\/","url":"https:\/\/secure.gravatar.com\/avatar\/db2d5032d48e0c5ea69810e41539f6f14a63a77bccab5e2b2c7ed6f1712f7e3f?s=96&d=blank&r=g","contentUrl":"https:\/\/secure.gravatar.com\/avatar\/db2d5032d48e0c5ea69810e41539f6f14a63a77bccab5e2b2c7ed6f1712f7e3f?s=96&d=blank&r=g","caption":"admin"}}]}},"magento_index":false,"_links":{"self":[{"href":"https:\/\/www.medewo.com\/blog\/de\/wp-json\/wp\/v2\/posts\/16260","targetHints":{"allow":["GET"]}}],"collection":[{"href":"https:\/\/www.medewo.com\/blog\/de\/wp-json\/wp\/v2\/posts"}],"about":[{"href":"https:\/\/www.medewo.com\/blog\/de\/wp-json\/wp\/v2\/types\/post"}],"author":[{"embeddable":true,"href":"https:\/\/www.medewo.com\/blog\/de\/wp-json\/wp\/v2\/users\/1"}],"replies":[{"embeddable":true,"href":"https:\/\/www.medewo.com\/blog\/de\/wp-json\/wp\/v2\/comments?post=16260"}],"version-history":[{"count":3,"href":"https:\/\/www.medewo.com\/blog\/de\/wp-json\/wp\/v2\/posts\/16260\/revisions"}],"predecessor-version":[{"id":33488,"href":"https:\/\/www.medewo.com\/blog\/de\/wp-json\/wp\/v2\/posts\/16260\/revisions\/33488"}],"wp:featuredmedia":[{"embeddable":true,"href":"https:\/\/www.medewo.com\/blog\/de\/wp-json\/wp\/v2\/media\/4444"}],"wp:attachment":[{"href":"https:\/\/www.medewo.com\/blog\/de\/wp-json\/wp\/v2\/media?parent=16260"}],"wp:term":[{"taxonomy":"category","embeddable":true,"href":"https:\/\/www.medewo.com\/blog\/de\/wp-json\/wp\/v2\/categories?post=16260"},{"taxonomy":"post_tag","embeddable":true,"href":"https:\/\/www.medewo.com\/blog\/de\/wp-json\/wp\/v2\/tags?post=16260"},{"taxonomy":"m2-product-id","embeddable":true,"href":"https:\/\/www.medewo.com\/blog\/de\/wp-json\/wp\/v2\/m2-product-id?post=16260"}],"curies":[{"name":"wp","href":"https:\/\/api.w.org\/{rel}","templated":true}]}}