{"id":16244,"date":"2017-12-19T00:00:00","date_gmt":"2017-12-18T23:00:00","guid":{"rendered":"https:\/\/www.medewo.com\/blog\/unkategorisiert\/effizient-verpacken-am-packtisch\/"},"modified":"2024-07-04T12:48:11","modified_gmt":"2024-07-04T10:48:11","slug":"effizient-verpacken-am-packtisch","status":"publish","type":"post","link":"https:\/\/www.medewo.com\/blog\/de\/produkte\/effizient-verpacken-am-packtisch\/","title":{"rendered":"Effizient verpacken \u2013 am Packtisch"},"content":{"rendered":"\r\n<p><strong>Der Jahreswechsel steht bevor und damit auch die Frage nach den guten Vors\u00e4tzen f\u00fcr das neue Jahr. Die k\u00f6nnen sich nicht nur im Privatleben, sondern auch beruflich lohnen \u2013 etwa, wenn Sie Ihre Verpackungsprozesse optimieren. Wir zeigen Ihnen, wie Sie dies mit Packtischen erreichen.<\/strong><\/p>\r\n\r\n\r\n\r\n<p>Im Versand und Lager z\u00e4hlt vor allem eines: die Schnelligkeit. Wer seine Produkte effizient verpackt, spart Zeit und beliefert seine Kunden z\u00fcgig. Entscheidend ist daf\u00fcr ein Arbeitsplatz, der auf den Packprozess abgestimmt ist. Ausgestattet mit allen ben\u00f6tigten Materialien und Helfern sowie \u00fcbersichtlich und gut angeordnet geht das Verpacken leichter von der Hand.<\/p>\r\n\r\n\r\n            <style>\n                .message_box_wrapper {\n                    display: block;\n                    width: 100%;\n                    width: calc( 100% - 32px );\n                    margin-bottom: 30px;\n                    margin-top: 15px;\n                    padding: 15px;\n                    float: left;\n                    background: #f9f9f9;\n                    border: 1px solid #dddddd;\n                }\n                .message_box_wrapper .message_box_icon {\n                    margin-bottom: 0;\n                }\n                .message_box_wrapper .message_box_caption {\n                    margin-left: 70px;\n                }\n                .message_box_wrapper .message_box_caption .message_box_button {\n                    background: #278dd1;\n                    border-color: #278dd1;\n                    display: inline-block;\n                    padding: 6px 20px;\n                    line-height: 1.42857143;\n                    color: #fff;\n                    font-size: 17px;\n                    font-weight: normal;\n                    text-decoration: none;\n                }\n            <\/style>\n\n            <div class=\"message_box_wrapper\">\n                <p>\n                    <img decoding=\"async\" class=\"alignleft wp-image-4005 message_box_icon\" title=\"MEDEWO-Tipp\" src=\"https:\/\/www.medewo.com\/blog\/wp-content\/themes\/dt-the7-child\/img\/icons\/Tipp.svg\" alt=\"MEDEWO-Tipp\" width=\"50\" height=\"50\">\n                <\/p>\n                Bei MEDEWO erhalten Sie <a title=\"Zur Produkt\u00fcbersicht Packtische\" href=\"https:\/\/www.medewo.com\/de-de\/alle-produkte\/lagerausstattung-und-entsorgung\/packplatz\/pack-arbeitstische.html\">Packtische<\/a> sowohl als Komplettl\u00f6sung \u2013 f\u00fcr beispielsweise Einsteiger \u2013 als auch als hochwertiges Baukastensystem, bei dem Sie unterschiedliche Komponenten individuell nach Ihren Bed\u00fcrfnissen zusammenstellen. Letzteren erhalten Sie entweder bereits komplett aufgebaut oder aber vormontiert und wieder zerlegt zur einfachen Selbstmontage bei Ihnen vor Ort, die auch \u2013 wenn m\u00f6glich \u2013 Spezialisten von MEDEWO \u00fcbernehmen. Unsere Experten beraten Sie gerne zu der idealen L\u00f6sung f\u00fcr Ihre Prozesse.                <p class=\"message_box_caption\">\n                                            <a class=\"message_box_button\" title=\"Jetzt kontaktieren\" href=\"https:\/\/www.medewo.com\/de-de\/contacts\/\" target=\"_self\">Jetzt kontaktieren<\/a>\n                                    <\/p>\n            <\/div>\n        \n\r\n\r\n\r\n<p>Packtische sind dabei mehr als ein klassischer Arbeitstisch. Extras wie Ablagen, Abrollvorrichtungen oder ein Schneidger\u00e4t sorgen f\u00fcr einen durchdachten Arbeitsablauf und Effizienz. Allein beim Tisch gilt es auf Details zu achten.<\/p>\r\n\r\n\r\n\r\n<ul class=\"wp-block-list\">\r\n<li>Verf\u00fcgt er \u00fcber h\u00f6henverstellbare F\u00fc\u00dfe, damit Sie und Ihr Team ergonomischer arbeiten k\u00f6nnen?<\/li>\r\n<li>Ist er aus einem stabilen Material?<\/li>\r\n<li>Welche Tragkraft bietet er?<\/li>\r\n<li>Wie ist die Tischplatte gefertigt: Ist sie robust, schmutzabweisend und unempfindlich gegen\u00fcber bestimmten Stoffen, die bei Ihnen zum Einsatz kommen?<\/li>\r\n<\/ul>\r\n\r\n\r\n\r\n<p>Was die Packtische zudem auszeichnet, ist das Zubeh\u00f6r, mit denen Sie diese am Auf- und Unterbau noch ausstatten \u2013 und zu einem sp\u00e4teren Zeitpunkt auch nachr\u00fcsten \u2013 k\u00f6nnen. Bedenken Sie dabei, welche Materialien Sie verwenden und welche Arbeiten Sie am Tisch verrichten. Wir haben am Beispiel unseres Packtisches mit Baukastensystem die wichtigsten Erg\u00e4nzungen f\u00fcr Sie zusammengestellt:<\/p>\r\n\r\n\r\n\r\n<h2 class=\"wp-block-heading\">Effizient verpacken<\/h2>\r\n\r\n\r\n\r\n<p>Der Name sagt es bereits: Am Packtisch wird verpackt. Wichtig ist daher, dass alle ben\u00f6tigten Verpackungsmaterialien dort zu finden und leicht zu verarbeiten sind. Hilfreich sind daher folgende Komponenten an Ihrer Packstation:<\/p>\r\n\r\n\r\n\r\n<div class=\"wp-block-image\">\r\n<figure class=\"aligncenter is-resized\"><img decoding=\"async\" class=\"wp-image-3547\" src=\"https:\/\/www.medewo.com\/blog\/wp-content\/uploads\/packtisch-effizienz.png\" alt=\"Effizient am Packtisch verpacken\" width=\"600\" height=\"400\" \/><\/figure>\r\n<\/div>\r\n\r\n\r\n\r\n<div class=\"wp-block-columns is-layout-flex wp-container-core-columns-is-layout-9d6595d7 wp-block-columns-is-layout-flex\">\r\n<div class=\"wp-block-column is-layout-flow wp-block-column-is-layout-flow\">\r\n<div class=\"wp-block-image\">\r\n<figure class=\"aligncenter size-large\"><img decoding=\"async\" width=\"400\" height=\"266\" class=\"wp-image-3506\" src=\"https:\/\/www.medewo.com\/blog\/wp-content\/uploads\/2017\/12\/packtisch-kartontablar.png\" alt=\"Kartontablar am Packtisch\" srcset=\"https:\/\/www.medewo.com\/blog\/wp-content\/uploads\/2017\/12\/packtisch-kartontablar.png 400w, https:\/\/www.medewo.com\/blog\/wp-content\/uploads\/2017\/12\/packtisch-kartontablar-300x200.png 300w\" sizes=\"(max-width: 400px) 100vw, 400px\" \/><\/figure>\r\n<\/div>\r\n\r\n\r\n\r\n<p><em>Kartontablar mit B\u00fcgel<\/em><br \/>Ein Packtisch ohne Faltkartons oder Versandtaschen? Undenkbar. Auf dem oberen Tablar sortieren Sie die verschiedenen Gr\u00f6\u00dfen dank B\u00fcgeln aus Metall \u00fcbersichtlich und haben Sie immer schnell griffbereit.<\/p>\r\n<\/div>\r\n\r\n\r\n\r\n<div class=\"wp-block-column is-layout-flow wp-block-column-is-layout-flow\">\r\n<div class=\"wp-block-image\">\r\n<figure class=\"aligncenter size-large\"><img decoding=\"async\" width=\"400\" height=\"266\" class=\"wp-image-3504\" src=\"https:\/\/www.medewo.com\/blog\/wp-content\/uploads\/2017\/12\/packtisch-abfuellen.png\" alt=\"Abf\u00fclleinrichtung am Packtisch\" srcset=\"https:\/\/www.medewo.com\/blog\/wp-content\/uploads\/2017\/12\/packtisch-abfuellen.png 400w, https:\/\/www.medewo.com\/blog\/wp-content\/uploads\/2017\/12\/packtisch-abfuellen-300x200.png 300w\" sizes=\"(max-width: 400px) 100vw, 400px\" \/><\/figure>\r\n<\/div>\r\n\r\n\r\n\r\n<p><em>Abf\u00fclleinrichtung mit Schwenkarm<\/em><br \/>Damit Ihr Produkt sicher den Empf\u00e4nger erreicht, ist die richtige Hohlraumf\u00fcllung entscheidend. Mit einer Abf\u00fclleinrichtung dosieren Sie F\u00fcllmaterial wie Verpackungschips einfach und rasch. Dank des Schwenkarms sind Sie zudem flexibel in der Handhabung. Anbringen k\u00f6nnen Sie ihn sowohl links wie rechts.<\/p>\r\n<\/div>\r\n<\/div>\r\n\r\n\r\n\r\n<div class=\"wp-block-columns is-layout-flex wp-container-core-columns-is-layout-9d6595d7 wp-block-columns-is-layout-flex\">\r\n<div class=\"wp-block-column is-layout-flow wp-block-column-is-layout-flow\">\r\n<div class=\"wp-block-image\">\r\n<figure class=\"aligncenter size-large\"><img decoding=\"async\" width=\"400\" height=\"266\" class=\"wp-image-3505\" src=\"https:\/\/www.medewo.com\/blog\/wp-content\/uploads\/2017\/12\/packtisch-abroller.png\" alt=\"Abroller am Packtisch\" srcset=\"https:\/\/www.medewo.com\/blog\/wp-content\/uploads\/2017\/12\/packtisch-abroller.png 400w, https:\/\/www.medewo.com\/blog\/wp-content\/uploads\/2017\/12\/packtisch-abroller-300x200.png 300w\" sizes=\"(max-width: 400px) 100vw, 400px\" \/><\/figure>\r\n<\/div>\r\n\r\n\r\n\r\n<p><em>Abrollvorrichtungen<\/em><br \/>Sie f\u00fcllen Ihre Pakete mit Packpapier oder sch\u00fctzen Ihre Ware mit Luftpolster- oder Schaumfolie? Statten Sie Ihren Tisch \u2013 ob ober- oder unterhalb der Platte \u2013 mit entsprechendem Wellensatz aus. So l\u00e4sst sich das Material bequem abrollen und z\u00fcgig verarbeiten. Alternativ bringen Sie am Aufbau ein Lochblech an und befestigen dort Ihren Abroller f\u00fcr Ladenrollen.<\/p>\r\n<\/div>\r\n\r\n\r\n\r\n<div class=\"wp-block-column is-layout-flow wp-block-column-is-layout-flow\">\r\n<div class=\"wp-block-image\">\r\n<figure class=\"aligncenter size-large\"><img decoding=\"async\" width=\"400\" height=\"266\" class=\"wp-image-3507\" src=\"https:\/\/www.medewo.com\/blog\/wp-content\/uploads\/2017\/12\/packtisch-schneidgeraet.png\" alt=\"Schneidger\u00e4t am Packtisch\" srcset=\"https:\/\/www.medewo.com\/blog\/wp-content\/uploads\/2017\/12\/packtisch-schneidgeraet.png 400w, https:\/\/www.medewo.com\/blog\/wp-content\/uploads\/2017\/12\/packtisch-schneidgeraet-300x200.png 300w\" sizes=\"(max-width: 400px) 100vw, 400px\" \/><\/figure>\r\n<\/div>\r\n\r\n\r\n\r\n<p><em>Schneidger\u00e4t<\/em><br \/>Das Schneidger\u00e4t erg\u00e4nzt Ihre Abrollvorrichtung und sorgt f\u00fcr pr\u00e4zises Abtrennen des Materials von der Rolle \u2013 egal ob Luftpolster-, Schaumfolie oder Packpapier.<\/p>\r\n<\/div>\r\n<\/div>\r\n\r\n\r\n\r\n<h2 class=\"wp-block-heading\">F\u00fcr Ordnung sorgen<\/h2>\r\n\r\n\r\n\r\n<p>Wer seine Arbeitsabl\u00e4ufe optimieren m\u00f6chte, sollte darauf achten, dass am Packtisch alles griffbereit liegt und niemand lange suchen muss. Dabei helfen Ihnen folgende Details:<\/p>\r\n\r\n\r\n\r\n<div class=\"wp-block-image\">\r\n<figure class=\"aligncenter\"><img decoding=\"async\" width=\"600\" height=\"400\" class=\"wp-image-3546\" src=\"https:\/\/www.medewo.com\/blog\/wp-content\/uploads\/Ordnung-Tisch.png\" alt=\"Ordentlich verstauen am Packtisch\" \/><\/figure>\r\n<\/div>\r\n\r\n\r\n\r\n<div class=\"wp-block-columns is-layout-flex wp-container-core-columns-is-layout-9d6595d7 wp-block-columns-is-layout-flex\">\r\n<div class=\"wp-block-column is-layout-flow wp-block-column-is-layout-flow\">\r\n<div class=\"wp-block-image\">\r\n<figure class=\"aligncenter size-large\"><img decoding=\"async\" width=\"400\" height=\"266\" class=\"wp-image-3518\" src=\"https:\/\/www.medewo.com\/blog\/wp-content\/uploads\/2017\/12\/packtisch-materialtablar.png\" alt=\"Materialablage f\u00fcr Packtisch\" srcset=\"https:\/\/www.medewo.com\/blog\/wp-content\/uploads\/2017\/12\/packtisch-materialtablar.png 400w, https:\/\/www.medewo.com\/blog\/wp-content\/uploads\/2017\/12\/packtisch-materialtablar-300x200.png 300w\" sizes=\"(max-width: 400px) 100vw, 400px\" \/><\/figure>\r\n<\/div>\r\n\r\n\r\n\r\n<p><em>Materialtablar<\/em><br \/>Das Materialtablar ist der richtige Ort f\u00fcr Kleinmaterial wie Klebeb\u00e4nder oder Versandtaschen. Auch Ihre Werkzeuge und Ger\u00e4te wie Abroller oder Etikettendrucker sind hier gut aufgehoben.<\/p>\r\n<\/div>\r\n\r\n\r\n\r\n<div class=\"wp-block-column is-layout-flow wp-block-column-is-layout-flow\">\r\n<div class=\"wp-block-image\">\r\n<figure class=\"aligncenter size-large\"><img decoding=\"async\" width=\"400\" height=\"266\" class=\"wp-image-3517\" src=\"https:\/\/www.medewo.com\/blog\/wp-content\/uploads\/2017\/12\/packtisch-ablagetablar.png\" alt=\"Ablageboden am Packtisch\" srcset=\"https:\/\/www.medewo.com\/blog\/wp-content\/uploads\/2017\/12\/packtisch-ablagetablar.png 400w, https:\/\/www.medewo.com\/blog\/wp-content\/uploads\/2017\/12\/packtisch-ablagetablar-300x200.png 300w\" sizes=\"(max-width: 400px) 100vw, 400px\" \/><\/figure>\r\n<\/div>\r\n\r\n\r\n\r\n<p><em>Ablagetablar<\/em><br \/>Mit einem zus\u00e4tzlichen Boden unterhalb Ihrer Tischplatte schaffen Sie weiteren Stauraum an der Packstation. Ideal f\u00fcr zus\u00e4tzliches Verpackungsmaterial oder gr\u00f6\u00dferes Werkzeug.<\/p>\r\n<\/div>\r\n<\/div>\r\n\r\n\r\n\r\n<div class=\"wp-block-columns is-layout-flex wp-container-core-columns-is-layout-9d6595d7 wp-block-columns-is-layout-flex\">\r\n<div class=\"wp-block-column is-layout-flow wp-block-column-is-layout-flow\">\r\n<div class=\"wp-block-image\">\r\n<figure class=\"aligncenter size-large\"><img decoding=\"async\" width=\"400\" height=\"266\" class=\"wp-image-3519\" src=\"https:\/\/www.medewo.com\/blog\/wp-content\/uploads\/2017\/12\/packtisch-schublade.png\" alt=\"Schubladen f\u00fcr Packtisch\" srcset=\"https:\/\/www.medewo.com\/blog\/wp-content\/uploads\/2017\/12\/packtisch-schublade.png 400w, https:\/\/www.medewo.com\/blog\/wp-content\/uploads\/2017\/12\/packtisch-schublade-300x200.png 300w\" sizes=\"(max-width: 400px) 100vw, 400px\" \/><\/figure>\r\n<\/div>\r\n\r\n\r\n\r\n<p><em>Schubladenblock<\/em><br \/>In den beiden Schubladen sind Stifte, Kleinmaterialien etc. gut verstaut. Da der Block abschlie\u00dfbar ist, k\u00f6nnen hier auch wertvollere Gegenst\u00e4nde gelagert sein. Montieren k\u00f6nnen Sie ihn sowohl links als auch rechts.<\/p>\r\n<\/div>\r\n\r\n\r\n\r\n<div class=\"wp-block-column is-layout-flow wp-block-column-is-layout-flow\">\u00a0<\/div>\r\n<\/div>\r\n\r\n\r\n\r\n<h2 class=\"wp-block-heading\">Digital am Packtisch arbeiten<\/h2>\r\n\r\n\r\n\r\n<p>Unsere Welt wird immer digitaler. Diese Entwicklung macht auch in der Logistik keinen Halt. Ihr technisches Zubeh\u00f6r findet am Packtisch mit folgenden Extras seinen Platz:<\/p>\r\n\r\n\r\n\r\n<div class=\"wp-block-image\">\r\n<figure class=\"aligncenter\"><img decoding=\"async\" width=\"600\" height=\"400\" class=\"wp-image-3545\" src=\"https:\/\/www.medewo.com\/blog\/wp-content\/uploads\/EDV-Tisch.png\" alt=\"Packtisch mit EDV-Ausstattung\" \/><\/figure>\r\n<\/div>\r\n\r\n\r\n\r\n<div class=\"wp-block-columns is-layout-flex wp-container-core-columns-is-layout-9d6595d7 wp-block-columns-is-layout-flex\">\r\n<div class=\"wp-block-column is-layout-flow wp-block-column-is-layout-flow\">\r\n<div class=\"wp-block-image\">\r\n<figure class=\"aligncenter size-large\"><img decoding=\"async\" width=\"400\" height=\"266\" class=\"wp-image-3522\" src=\"https:\/\/www.medewo.com\/blog\/wp-content\/uploads\/2017\/12\/packtisch-pc-aufhaengung.png\" alt=\"PC am Packtisch anbringen\" srcset=\"https:\/\/www.medewo.com\/blog\/wp-content\/uploads\/2017\/12\/packtisch-pc-aufhaengung.png 400w, https:\/\/www.medewo.com\/blog\/wp-content\/uploads\/2017\/12\/packtisch-pc-aufhaengung-300x200.png 300w\" sizes=\"(max-width: 400px) 100vw, 400px\" \/><\/figure>\r\n<\/div>\r\n\r\n\r\n\r\n<p><em>PC-Aufh\u00e4ngung<\/em><br \/>Die stabile und verstellbare Aufh\u00e4ngung aus Metall bringen Sie unterhalb der Platte \u2013 an der rechten oder linken Seite \u2013 an. So ist Ihr PC sicher am Tisch montiert.<\/p>\r\n<\/div>\r\n\r\n\r\n\r\n<div class=\"wp-block-column is-layout-flow wp-block-column-is-layout-flow\">\r\n<div class=\"wp-block-image\">\r\n<figure class=\"aligncenter size-large\"><img decoding=\"async\" width=\"400\" height=\"266\" class=\"wp-image-3521\" src=\"https:\/\/www.medewo.com\/blog\/wp-content\/uploads\/2017\/12\/packtisch-monitor.png\" alt=\"Monitor am Packtisch\" srcset=\"https:\/\/www.medewo.com\/blog\/wp-content\/uploads\/2017\/12\/packtisch-monitor.png 400w, https:\/\/www.medewo.com\/blog\/wp-content\/uploads\/2017\/12\/packtisch-monitor-300x200.png 300w\" sizes=\"(max-width: 400px) 100vw, 400px\" \/><\/figure>\r\n<\/div>\r\n\r\n\r\n\r\n<p><em>Monitor- und Tastaturhalterung<\/em><br \/>Monitor, Tastatur und Maus platzieren Sie auf der schwenkbaren Aufh\u00e4ngung. Damit ist die Dateneingabe bequem in Augenh\u00f6he m\u00f6glich. Zudem bleibt Ihr Tisch zum Verpacken frei.<\/p>\r\n<\/div>\r\n<\/div>\r\n\r\n\r\n\r\n<div class=\"wp-block-columns is-layout-flex wp-container-core-columns-is-layout-9d6595d7 wp-block-columns-is-layout-flex\">\r\n<div class=\"wp-block-column is-layout-flow wp-block-column-is-layout-flow\">\r\n<div class=\"wp-block-image\">\r\n<figure class=\"aligncenter size-large\"><img decoding=\"async\" width=\"400\" height=\"266\" class=\"wp-image-3520\" src=\"https:\/\/www.medewo.com\/blog\/wp-content\/uploads\/2017\/12\/packtisch-formular.png\" alt=\"Formular am Packtisch\" srcset=\"https:\/\/www.medewo.com\/blog\/wp-content\/uploads\/2017\/12\/packtisch-formular.png 400w, https:\/\/www.medewo.com\/blog\/wp-content\/uploads\/2017\/12\/packtisch-formular-300x200.png 300w\" sizes=\"(max-width: 400px) 100vw, 400px\" \/><\/figure>\r\n<\/div>\r\n\r\n\r\n\r\n<p><em>Formularhalter<\/em><br \/>Am Montageprofil, das Sie f\u00fcr die Monitor- und Tastaturaufh\u00e4ngung ben\u00f6tigen, l\u00e4sst sich auch ein Formularhalter gut anbringen, auf den Sie wichtige Dokumente legen k\u00f6nnen.<\/p>\r\n<\/div>\r\n\r\n\r\n\r\n<div class=\"wp-block-column is-layout-flow wp-block-column-is-layout-flow\">\u00a0<\/div>\r\n<\/div>\r\n\r\n\r\n\r\n<p><em>Weitere Details zu unseren Packtischen erfahren Sie in unserem Web-Shop:<\/em><\/p>\r\n\r\n\r\n\r\n<div class=\"wp-block-columns is-layout-flex wp-container-core-columns-is-layout-9d6595d7 wp-block-columns-is-layout-flex\">\r\n<div class=\"wp-block-column is-layout-flow wp-block-column-is-layout-flow\">\r\n<div class=\"wp-block-image\">\r\n<figure class=\"aligncenter size-large\"><img decoding=\"async\" width=\"400\" height=\"266\" class=\"wp-image-3530\" src=\"https:\/\/www.medewo.com\/blog\/wp-content\/uploads\/2017\/12\/packtisch-baukasten.png\" alt=\"Packtisch mit individueller Ausstattung\" srcset=\"https:\/\/www.medewo.com\/blog\/wp-content\/uploads\/2017\/12\/packtisch-baukasten.png 400w, https:\/\/www.medewo.com\/blog\/wp-content\/uploads\/2017\/12\/packtisch-baukasten-300x200.png 300w\" sizes=\"(max-width: 400px) 100vw, 400px\" \/><\/figure>\r\n<\/div>\r\n\r\n\r\n\r\n<p><a href=\"https:\/\/www.medewo.com\/de-de\/packtisch-sets-pro.html\">Packtisch als Set oder Baukastensystem<\/a> \u2013 besonders hochwertig &amp; individuell auf Ihre Bed\u00fcrfnisse abgestimmt.<\/p>\r\n<\/div>\r\n\r\n\r\n\r\n<div class=\"wp-block-column is-layout-flow wp-block-column-is-layout-flow\">\r\n<div class=\"wp-block-image\">\r\n<figure class=\"aligncenter size-large\"><img decoding=\"async\" width=\"400\" height=\"266\" class=\"wp-image-3529\" src=\"https:\/\/www.medewo.com\/blog\/wp-content\/uploads\/2017\/12\/packitisch-eco.png\" alt=\"Packtisch als Komplettl\u00f6sung\" srcset=\"https:\/\/www.medewo.com\/blog\/wp-content\/uploads\/2017\/12\/packitisch-eco.png 400w, https:\/\/www.medewo.com\/blog\/wp-content\/uploads\/2017\/12\/packitisch-eco-300x200.png 300w\" sizes=\"(max-width: 400px) 100vw, 400px\" \/><\/figure>\r\n<\/div>\r\n\r\n\r\n\r\n<p><a href=\"https:\/\/www.medewo.com\/de-de\/packtisch-eco.html\">Packtisch ECO<\/a> \u2013 die Komplettl\u00f6sung mit attraktivem Preis-Leistungs-Verh\u00e4ltnis<\/p>\r\n<\/div>\r\n<\/div>\r\n\r\n\r\n\r\n<p><em>Gerne beraten Sie unsere Fachspezialisten zu all Ihren Fragen.<\/em><\/p>\r\n\r\n\r\n\r\n<div class=\"wp-block-button\"><a class=\"wp-block-button__link\" title=\"Jetzt MEDEWO kontaktieren\" href=\"https:\/\/www.medewo.com\/de-de\/contacts\/\">Zum Kontakt<\/a><\/div>\r\n","protected":false},"excerpt":{"rendered":"<p>Im Versand und Lager z\u00e4hlt vor allem eines: die Schnelligkeit. Wir zeigen Ihnen, wie Sie mit Packtischen Ihre Verpackungsprozesse optimieren.<\/p>\n","protected":false},"author":1,"featured_media":17631,"comment_status":"open","ping_status":"open","sticky":false,"template":"","format":"standard","meta":{"pgc_sgb_lightbox_settings":"","footnotes":""},"categories":[22],"tags":[],"m2-product-id":[5180,5181,5182,5183,5184,5185,5186,5187,5188,5189,5203],"class_list":["post-16244","post","type-post","status-publish","format-standard","has-post-thumbnail","hentry","category-produkte","category-22","description-off"],"yoast_head":"<!-- This site is optimized with the Yoast SEO plugin v27.1.1 - https:\/\/yoast.com\/product\/yoast-seo-wordpress\/ -->\n<title>Effizient verpacken \u2013 am Packtisch<\/title>\n<meta name=\"description\" content=\"Im Versand und Lager z\u00e4hlt vor allem Schnelligkeit. Entscheidend ist daf\u00fcr der Arbeitsplatz. Mit Packtischen haben Sie alle ben\u00f6tigten Materialien und Helfer schnell zur Hand.\" \/>\n<meta name=\"robots\" content=\"index, follow, max-snippet:-1, max-image-preview:large, max-video-preview:-1\" \/>\n<link rel=\"canonical\" href=\"https:\/\/www.medewo.com\/blog\/de\/produkte\/effizient-verpacken-am-packtisch\/\" \/>\n<meta property=\"og:locale\" content=\"de_DE\" \/>\n<meta property=\"og:type\" content=\"article\" \/>\n<meta property=\"og:title\" content=\"Effizient verpacken \u2013 am Packtisch\" \/>\n<meta property=\"og:description\" content=\"Im Versand und Lager z\u00e4hlt vor allem Schnelligkeit. Entscheidend ist daf\u00fcr der Arbeitsplatz. Mit Packtischen haben Sie alle ben\u00f6tigten Materialien und Helfer schnell zur Hand.\" \/>\n<meta property=\"og:url\" content=\"https:\/\/www.medewo.com\/blog\/de\/produkte\/effizient-verpacken-am-packtisch\/\" \/>\n<meta property=\"og:site_name\" content=\"MEDEWO Verpackungen\" \/>\n<meta property=\"article:published_time\" content=\"2017-12-18T23:00:00+00:00\" \/>\n<meta property=\"article:modified_time\" content=\"2024-07-04T10:48:11+00:00\" \/>\n<meta property=\"og:image\" content=\"https:\/\/www.medewo.com\/blog\/wp-content\/uploads\/2017\/12\/hb_packtische.jpg\" \/>\n\t<meta property=\"og:image:width\" content=\"775\" \/>\n\t<meta property=\"og:image:height\" content=\"519\" \/>\n\t<meta property=\"og:image:type\" content=\"image\/jpeg\" \/>\n<meta name=\"author\" content=\"admin\" \/>\n<meta name=\"twitter:card\" content=\"summary_large_image\" \/>\n<meta name=\"twitter:label1\" content=\"Verfasst von\" \/>\n\t<meta name=\"twitter:data1\" content=\"admin\" \/>\n\t<meta name=\"twitter:label2\" content=\"Gesch\u00e4tzte Lesezeit\" \/>\n\t<meta name=\"twitter:data2\" content=\"8\u00a0Minuten\" \/>\n<script type=\"application\/ld+json\" class=\"yoast-schema-graph\">{\"@context\":\"https:\/\/schema.org\",\"@graph\":[{\"@type\":\"Article\",\"@id\":\"https:\/\/www.medewo.com\/blog\/de\/produkte\/effizient-verpacken-am-packtisch\/#article\",\"isPartOf\":{\"@id\":\"https:\/\/www.medewo.com\/blog\/de\/produkte\/effizient-verpacken-am-packtisch\/\"},\"author\":{\"name\":\"admin\",\"@id\":\"https:\/\/www.medewo.com\/blog\/de\/#\/schema\/person\/84e17ff7dbd20461267b403e9de6651a\"},\"headline\":\"Effizient verpacken \u2013 am Packtisch\",\"datePublished\":\"2017-12-18T23:00:00+00:00\",\"dateModified\":\"2024-07-04T10:48:11+00:00\",\"mainEntityOfPage\":{\"@id\":\"https:\/\/www.medewo.com\/blog\/de\/produkte\/effizient-verpacken-am-packtisch\/\"},\"wordCount\":827,\"commentCount\":0,\"publisher\":{\"@id\":\"https:\/\/www.medewo.com\/blog\/de\/#organization\"},\"image\":{\"@id\":\"https:\/\/www.medewo.com\/blog\/de\/produkte\/effizient-verpacken-am-packtisch\/#primaryimage\"},\"thumbnailUrl\":\"https:\/\/www.medewo.com\/blog\/wp-content\/uploads\/2017\/12\/hb_packtische.jpg\",\"articleSection\":[\"Produkte\"],\"inLanguage\":\"de\",\"potentialAction\":[{\"@type\":\"CommentAction\",\"name\":\"Comment\",\"target\":[\"https:\/\/www.medewo.com\/blog\/de\/produkte\/effizient-verpacken-am-packtisch\/#respond\"]}]},{\"@type\":\"WebPage\",\"@id\":\"https:\/\/www.medewo.com\/blog\/de\/produkte\/effizient-verpacken-am-packtisch\/\",\"url\":\"https:\/\/www.medewo.com\/blog\/de\/produkte\/effizient-verpacken-am-packtisch\/\",\"name\":\"Effizient verpacken \u2013 am Packtisch\",\"isPartOf\":{\"@id\":\"https:\/\/www.medewo.com\/blog\/de\/#website\"},\"primaryImageOfPage\":{\"@id\":\"https:\/\/www.medewo.com\/blog\/de\/produkte\/effizient-verpacken-am-packtisch\/#primaryimage\"},\"image\":{\"@id\":\"https:\/\/www.medewo.com\/blog\/de\/produkte\/effizient-verpacken-am-packtisch\/#primaryimage\"},\"thumbnailUrl\":\"https:\/\/www.medewo.com\/blog\/wp-content\/uploads\/2017\/12\/hb_packtische.jpg\",\"datePublished\":\"2017-12-18T23:00:00+00:00\",\"dateModified\":\"2024-07-04T10:48:11+00:00\",\"description\":\"Im Versand und Lager z\u00e4hlt vor allem Schnelligkeit. Entscheidend ist daf\u00fcr der Arbeitsplatz. Mit Packtischen haben Sie alle ben\u00f6tigten Materialien und Helfer schnell zur Hand.\",\"breadcrumb\":{\"@id\":\"https:\/\/www.medewo.com\/blog\/de\/produkte\/effizient-verpacken-am-packtisch\/#breadcrumb\"},\"inLanguage\":\"de\",\"potentialAction\":[{\"@type\":\"ReadAction\",\"target\":[\"https:\/\/www.medewo.com\/blog\/de\/produkte\/effizient-verpacken-am-packtisch\/\"]}]},{\"@type\":\"ImageObject\",\"inLanguage\":\"de\",\"@id\":\"https:\/\/www.medewo.com\/blog\/de\/produkte\/effizient-verpacken-am-packtisch\/#primaryimage\",\"url\":\"https:\/\/www.medewo.com\/blog\/wp-content\/uploads\/2017\/12\/hb_packtische.jpg\",\"contentUrl\":\"https:\/\/www.medewo.com\/blog\/wp-content\/uploads\/2017\/12\/hb_packtische.jpg\",\"width\":775,\"height\":519,\"caption\":\"Effizient am Packtisch arbeiten\"},{\"@type\":\"BreadcrumbList\",\"@id\":\"https:\/\/www.medewo.com\/blog\/de\/produkte\/effizient-verpacken-am-packtisch\/#breadcrumb\",\"itemListElement\":[{\"@type\":\"ListItem\",\"position\":1,\"name\":\"Startseite\",\"item\":\"https:\/\/www.medewo.com\/blog\/de\/\"},{\"@type\":\"ListItem\",\"position\":2,\"name\":\"Effizient verpacken \u2013 am Packtisch\"}]},{\"@type\":\"WebSite\",\"@id\":\"https:\/\/www.medewo.com\/blog\/de\/#website\",\"url\":\"https:\/\/www.medewo.com\/blog\/de\/\",\"name\":\"MEDEWO Verpackungen\",\"description\":\"News\",\"publisher\":{\"@id\":\"https:\/\/www.medewo.com\/blog\/de\/#organization\"},\"potentialAction\":[{\"@type\":\"SearchAction\",\"target\":{\"@type\":\"EntryPoint\",\"urlTemplate\":\"https:\/\/www.medewo.com\/blog\/de\/?s={search_term_string}\"},\"query-input\":{\"@type\":\"PropertyValueSpecification\",\"valueRequired\":true,\"valueName\":\"search_term_string\"}}],\"inLanguage\":\"de\"},{\"@type\":\"Organization\",\"@id\":\"https:\/\/www.medewo.com\/blog\/de\/#organization\",\"name\":\"MEDEWO\",\"url\":\"https:\/\/www.medewo.com\/blog\/de\/\",\"logo\":{\"@type\":\"ImageObject\",\"inLanguage\":\"de\",\"@id\":\"https:\/\/www.medewo.com\/blog\/de\/#\/schema\/logo\/image\/\",\"url\":\"https:\/\/www.medewo.com\/blog\/wp-content\/uploads\/2022\/03\/medewo-logo-claim-quer-2.png\",\"contentUrl\":\"https:\/\/www.medewo.com\/blog\/wp-content\/uploads\/2022\/03\/medewo-logo-claim-quer-2.png\",\"width\":350,\"height\":63,\"caption\":\"MEDEWO\"},\"image\":{\"@id\":\"https:\/\/www.medewo.com\/blog\/de\/#\/schema\/logo\/image\/\"}},{\"@type\":\"Person\",\"@id\":\"https:\/\/www.medewo.com\/blog\/de\/#\/schema\/person\/84e17ff7dbd20461267b403e9de6651a\",\"name\":\"admin\",\"image\":{\"@type\":\"ImageObject\",\"inLanguage\":\"de\",\"@id\":\"https:\/\/www.medewo.com\/blog\/de\/#\/schema\/person\/image\/\",\"url\":\"https:\/\/secure.gravatar.com\/avatar\/db2d5032d48e0c5ea69810e41539f6f14a63a77bccab5e2b2c7ed6f1712f7e3f?s=96&d=blank&r=g\",\"contentUrl\":\"https:\/\/secure.gravatar.com\/avatar\/db2d5032d48e0c5ea69810e41539f6f14a63a77bccab5e2b2c7ed6f1712f7e3f?s=96&d=blank&r=g\",\"caption\":\"admin\"}}]}<\/script>\n<!-- \/ Yoast SEO plugin. -->","yoast_head_json":{"title":"Effizient verpacken \u2013 am Packtisch","description":"Im Versand und Lager z\u00e4hlt vor allem Schnelligkeit. Entscheidend ist daf\u00fcr der Arbeitsplatz. Mit Packtischen haben Sie alle ben\u00f6tigten Materialien und Helfer schnell zur Hand.","robots":{"index":"index","follow":"follow","max-snippet":"max-snippet:-1","max-image-preview":"max-image-preview:large","max-video-preview":"max-video-preview:-1"},"canonical":"https:\/\/www.medewo.com\/blog\/de\/produkte\/effizient-verpacken-am-packtisch\/","og_locale":"de_DE","og_type":"article","og_title":"Effizient verpacken \u2013 am Packtisch","og_description":"Im Versand und Lager z\u00e4hlt vor allem Schnelligkeit. Entscheidend ist daf\u00fcr der Arbeitsplatz. Mit Packtischen haben Sie alle ben\u00f6tigten Materialien und Helfer schnell zur Hand.","og_url":"https:\/\/www.medewo.com\/blog\/de\/produkte\/effizient-verpacken-am-packtisch\/","og_site_name":"MEDEWO Verpackungen","article_published_time":"2017-12-18T23:00:00+00:00","article_modified_time":"2024-07-04T10:48:11+00:00","og_image":[{"width":775,"height":519,"url":"https:\/\/www.medewo.com\/blog\/wp-content\/uploads\/2017\/12\/hb_packtische.jpg","type":"image\/jpeg"}],"author":"admin","twitter_card":"summary_large_image","twitter_misc":{"Verfasst von":"admin","Gesch\u00e4tzte Lesezeit":"8\u00a0Minuten"},"schema":{"@context":"https:\/\/schema.org","@graph":[{"@type":"Article","@id":"https:\/\/www.medewo.com\/blog\/de\/produkte\/effizient-verpacken-am-packtisch\/#article","isPartOf":{"@id":"https:\/\/www.medewo.com\/blog\/de\/produkte\/effizient-verpacken-am-packtisch\/"},"author":{"name":"admin","@id":"https:\/\/www.medewo.com\/blog\/de\/#\/schema\/person\/84e17ff7dbd20461267b403e9de6651a"},"headline":"Effizient verpacken \u2013 am Packtisch","datePublished":"2017-12-18T23:00:00+00:00","dateModified":"2024-07-04T10:48:11+00:00","mainEntityOfPage":{"@id":"https:\/\/www.medewo.com\/blog\/de\/produkte\/effizient-verpacken-am-packtisch\/"},"wordCount":827,"commentCount":0,"publisher":{"@id":"https:\/\/www.medewo.com\/blog\/de\/#organization"},"image":{"@id":"https:\/\/www.medewo.com\/blog\/de\/produkte\/effizient-verpacken-am-packtisch\/#primaryimage"},"thumbnailUrl":"https:\/\/www.medewo.com\/blog\/wp-content\/uploads\/2017\/12\/hb_packtische.jpg","articleSection":["Produkte"],"inLanguage":"de","potentialAction":[{"@type":"CommentAction","name":"Comment","target":["https:\/\/www.medewo.com\/blog\/de\/produkte\/effizient-verpacken-am-packtisch\/#respond"]}]},{"@type":"WebPage","@id":"https:\/\/www.medewo.com\/blog\/de\/produkte\/effizient-verpacken-am-packtisch\/","url":"https:\/\/www.medewo.com\/blog\/de\/produkte\/effizient-verpacken-am-packtisch\/","name":"Effizient verpacken \u2013 am Packtisch","isPartOf":{"@id":"https:\/\/www.medewo.com\/blog\/de\/#website"},"primaryImageOfPage":{"@id":"https:\/\/www.medewo.com\/blog\/de\/produkte\/effizient-verpacken-am-packtisch\/#primaryimage"},"image":{"@id":"https:\/\/www.medewo.com\/blog\/de\/produkte\/effizient-verpacken-am-packtisch\/#primaryimage"},"thumbnailUrl":"https:\/\/www.medewo.com\/blog\/wp-content\/uploads\/2017\/12\/hb_packtische.jpg","datePublished":"2017-12-18T23:00:00+00:00","dateModified":"2024-07-04T10:48:11+00:00","description":"Im Versand und Lager z\u00e4hlt vor allem Schnelligkeit. Entscheidend ist daf\u00fcr der Arbeitsplatz. Mit Packtischen haben Sie alle ben\u00f6tigten Materialien und Helfer schnell zur Hand.","breadcrumb":{"@id":"https:\/\/www.medewo.com\/blog\/de\/produkte\/effizient-verpacken-am-packtisch\/#breadcrumb"},"inLanguage":"de","potentialAction":[{"@type":"ReadAction","target":["https:\/\/www.medewo.com\/blog\/de\/produkte\/effizient-verpacken-am-packtisch\/"]}]},{"@type":"ImageObject","inLanguage":"de","@id":"https:\/\/www.medewo.com\/blog\/de\/produkte\/effizient-verpacken-am-packtisch\/#primaryimage","url":"https:\/\/www.medewo.com\/blog\/wp-content\/uploads\/2017\/12\/hb_packtische.jpg","contentUrl":"https:\/\/www.medewo.com\/blog\/wp-content\/uploads\/2017\/12\/hb_packtische.jpg","width":775,"height":519,"caption":"Effizient am Packtisch arbeiten"},{"@type":"BreadcrumbList","@id":"https:\/\/www.medewo.com\/blog\/de\/produkte\/effizient-verpacken-am-packtisch\/#breadcrumb","itemListElement":[{"@type":"ListItem","position":1,"name":"Startseite","item":"https:\/\/www.medewo.com\/blog\/de\/"},{"@type":"ListItem","position":2,"name":"Effizient verpacken \u2013 am Packtisch"}]},{"@type":"WebSite","@id":"https:\/\/www.medewo.com\/blog\/de\/#website","url":"https:\/\/www.medewo.com\/blog\/de\/","name":"MEDEWO Verpackungen","description":"News","publisher":{"@id":"https:\/\/www.medewo.com\/blog\/de\/#organization"},"potentialAction":[{"@type":"SearchAction","target":{"@type":"EntryPoint","urlTemplate":"https:\/\/www.medewo.com\/blog\/de\/?s={search_term_string}"},"query-input":{"@type":"PropertyValueSpecification","valueRequired":true,"valueName":"search_term_string"}}],"inLanguage":"de"},{"@type":"Organization","@id":"https:\/\/www.medewo.com\/blog\/de\/#organization","name":"MEDEWO","url":"https:\/\/www.medewo.com\/blog\/de\/","logo":{"@type":"ImageObject","inLanguage":"de","@id":"https:\/\/www.medewo.com\/blog\/de\/#\/schema\/logo\/image\/","url":"https:\/\/www.medewo.com\/blog\/wp-content\/uploads\/2022\/03\/medewo-logo-claim-quer-2.png","contentUrl":"https:\/\/www.medewo.com\/blog\/wp-content\/uploads\/2022\/03\/medewo-logo-claim-quer-2.png","width":350,"height":63,"caption":"MEDEWO"},"image":{"@id":"https:\/\/www.medewo.com\/blog\/de\/#\/schema\/logo\/image\/"}},{"@type":"Person","@id":"https:\/\/www.medewo.com\/blog\/de\/#\/schema\/person\/84e17ff7dbd20461267b403e9de6651a","name":"admin","image":{"@type":"ImageObject","inLanguage":"de","@id":"https:\/\/www.medewo.com\/blog\/de\/#\/schema\/person\/image\/","url":"https:\/\/secure.gravatar.com\/avatar\/db2d5032d48e0c5ea69810e41539f6f14a63a77bccab5e2b2c7ed6f1712f7e3f?s=96&d=blank&r=g","contentUrl":"https:\/\/secure.gravatar.com\/avatar\/db2d5032d48e0c5ea69810e41539f6f14a63a77bccab5e2b2c7ed6f1712f7e3f?s=96&d=blank&r=g","caption":"admin"}}]}},"magento_index":true,"_links":{"self":[{"href":"https:\/\/www.medewo.com\/blog\/de\/wp-json\/wp\/v2\/posts\/16244","targetHints":{"allow":["GET"]}}],"collection":[{"href":"https:\/\/www.medewo.com\/blog\/de\/wp-json\/wp\/v2\/posts"}],"about":[{"href":"https:\/\/www.medewo.com\/blog\/de\/wp-json\/wp\/v2\/types\/post"}],"author":[{"embeddable":true,"href":"https:\/\/www.medewo.com\/blog\/de\/wp-json\/wp\/v2\/users\/1"}],"replies":[{"embeddable":true,"href":"https:\/\/www.medewo.com\/blog\/de\/wp-json\/wp\/v2\/comments?post=16244"}],"version-history":[{"count":5,"href":"https:\/\/www.medewo.com\/blog\/de\/wp-json\/wp\/v2\/posts\/16244\/revisions"}],"predecessor-version":[{"id":33135,"href":"https:\/\/www.medewo.com\/blog\/de\/wp-json\/wp\/v2\/posts\/16244\/revisions\/33135"}],"wp:featuredmedia":[{"embeddable":true,"href":"https:\/\/www.medewo.com\/blog\/de\/wp-json\/wp\/v2\/media\/17631"}],"wp:attachment":[{"href":"https:\/\/www.medewo.com\/blog\/de\/wp-json\/wp\/v2\/media?parent=16244"}],"wp:term":[{"taxonomy":"category","embeddable":true,"href":"https:\/\/www.medewo.com\/blog\/de\/wp-json\/wp\/v2\/categories?post=16244"},{"taxonomy":"post_tag","embeddable":true,"href":"https:\/\/www.medewo.com\/blog\/de\/wp-json\/wp\/v2\/tags?post=16244"},{"taxonomy":"m2-product-id","embeddable":true,"href":"https:\/\/www.medewo.com\/blog\/de\/wp-json\/wp\/v2\/m2-product-id?post=16244"}],"curies":[{"name":"wp","href":"https:\/\/api.w.org\/{rel}","templated":true}]}}