{"id":16214,"date":"2016-12-19T00:00:00","date_gmt":"2016-12-18T23:00:00","guid":{"rendered":"https:\/\/www.medewo.com\/blog\/unkategorisiert\/solidaritaet-weihnachtlich-verpackt\/"},"modified":"2024-07-23T08:32:03","modified_gmt":"2024-07-23T06:32:03","slug":"solidaritaet-weihnachtlich-verpackt","status":"publish","type":"post","link":"https:\/\/www.medewo.com\/blog\/de\/unternehmensnews\/solidaritaet-weihnachtlich-verpackt\/","title":{"rendered":"Solidarit\u00e4t weihnachtlich verpackt"},"content":{"rendered":"<p><strong>Neben Pl\u00e4tzchen essen und Gl\u00fchwein trinken ist Weihnachten traditionell die Zeit, um anderen eine Freude zu machen. Bei MEDEWO m\u00f6chten wir zum Ende des Jahres denjenigen helfen, die es nicht so gut haben \u2013 und haben daher drei Aktionen unterst\u00fctzt.<\/strong><\/p>\n<h2>Hilfe vom Truck<\/h2>\n<p>Ab dem 26. Dezember sind sie wieder unterwegs: die Johanniter-Weihnachtstrucker. Seit 1997 bringen sie P\u00e4ckchen mit Hilfsg\u00fctern in arme Regionen Osteuropas. Lebensmittel und Hygieneartikeln unterst\u00fctzen bed\u00fcrftige Familien, einige Zeit besser \u00fcber die Runden zu kommen. \u00dcber 40 LKW werden sich am 2. Weihnachtsfeiertag nach Rum\u00e4nien, Bosnien und Albanien aufmachen. Mit an Bord sind rund 50.000 Pakete \u2013 darunter auch die Kartons von MEDEWO.<\/p>\n<p>Am deutschen Standort in Augsburg haben die Mitarbeiter Zucker, Speise\u00f6l, Handcreme, Zahnpasta &amp; Co. gesammelt und verpackt. Zum zweiten Mal unterst\u00fctzt das Team die Aktion der Johanniter. Verantwortlich f\u00fcr die Spenden war in diesem Jahr Dominik Burger, Auszubildender zum Kaufmann im Gro\u00df- und Au\u00dfenhandel: \u00abJeder freut sich an Weihnachten \u00fcber Geschenke. Deshalb m\u00f6chten wir den Menschen \u2013 und insbesondere den Kindern \u2013 in \u00e4rmeren Regionen eine Freude machen und ihnen eine kleine Auszeit von ihrem harten Alltag erm\u00f6glichen. Ich hoffe, dass die Menschen dadurch Hoffnung sch\u00f6pfen.\u00bb<\/p>\n<h2>Freude im Karton<\/h2>\n<p>\u00abWeihnachten im Schuhkarton\u00bb hei\u00dft die Aktion des Vereins \u00abGeschenke der Hoffnung e.V.\u00bb, die in diesem Jahr ihr 20-j\u00e4hriges Jubil\u00e4um feiert. Ob eine M\u00fctze und ein Schal, ein Kuscheltier oder eine Zahnb\u00fcrste: Eine bunte Mischung aus Geschenken wird f\u00fcr bed\u00fcrftige Kinder in einem Schuhkarton gesammelt. Anschlie\u00dfend verteilt die Organisation die Spenden an Kinder in osteurop\u00e4ischen L\u00e4ndern.<\/p>\n<p>Wie auch in den vergangenen Jahren haben die MEDEWO-Mitarbeiter am \u00f6sterreichischen Standort in Wallern flei\u00dfig die Schuhkartons gepackt. Organisiert hat die Aktion bei MEDEWO Karl Deopito, Teamleiter Verkauf. Da der Verein sein Kunde ist, kennt er die Menschen, die das Projekt in \u00d6sterreich leiten, pers\u00f6nlich und unterst\u00fctzt sie gerne: \u00abEs macht mir Spa\u00df, f\u00fcr Kinder einzukaufen und die Schachtel zu bef\u00fcllen \u2013 vor allem weil ich wei\u00df, dass die Unterst\u00fctzung sie tats\u00e4chlich erreicht. Von \u00d6sterreich aus f\u00e4hrt der LKW direkt nach Rum\u00e4nien, wo die Schuhkartons in Schulen, Kinderg\u00e4rten und Kirchen an die Kinder verteilt werden. Eine Hilfe also, die ankommt!\u00bb<\/p>\n<h2>Unterst\u00fctzung f\u00fcr das Christkind<\/h2>\n<p>Seit \u00fcber 20 Jahren sucht die \u00f6sterreichische Caritas zu Weihnachten Verst\u00e4rkung f\u00fcr das Christkind. Die Helfer unterst\u00fctzen es bei der \u00abChristkindlbriefaktion\u00bb dabei, die W\u00fcnsche von Kindern, Jugendlichen und Erwachsenen zu erf\u00fcllen, die in Einrichtungen der Caritas betreut werden. In diesem Jahr wurden \u00fcber 6.000 Briefe an das Christkind geschrieben. 16 W\u00fcnsche davon haben Mitarbeiter von MEDEWO in \u00d6sterreich Wirklichkeit werden lassen.<\/p>\n<p><img decoding=\"async\" class=\"alignleft wp-image-2440 size-medium\" title=\"MEDEWO unterst\u00fctzt die Christkindlbriefaktion der Caritas\" src=\"https:\/\/www.medewo.com\/blog\/wp-content\/uploads\/MEDEWO-Christkindlbriefaktion-375x250.png\" alt=\"MEDEWO unterst\u00fctzt die Christkindlbriefaktion der Caritas\" width=\"375\" height=\"250\" \/>Auf den Vorschlag einer Mitarbeiterin hin konnten sich die Kollegen zum \u00abChristkindl-Dienst\u00bb melden. Anschlie\u00dfend ging es ans Beschenken: Auf den Wunschzetteln standen Geschenke wie ein Rucksack, warme Winterschuhe oder ein Stofftier. Organisatorin Sonja Brandst\u00e4tter, Eink\u00e4uferin bei MEDEWO, zeigt sich sehr zufrieden mit der Aktion: \u00abIch fand es sch\u00f6n, mit welcher Liebe zum Detail die Kollegen die Geschenke ausgesucht haben. Manche haben sich noch das ein oder andere \u2039Extra\u203a, das nicht auf dem Wunschzettel stand, als Weihnachts\u00fcberraschung \u00fcberlegt und somit wirklich \u2039Christkind\u203a gespielt.\u00bb<\/p>\n<p><em>In diesem Sinne w\u00fcnscht MEDEWO allen Lesern und Kunden frohe und besinnliche Weihnachten!<\/em><\/p>\n","protected":false},"excerpt":{"rendered":"<p>Bei MEDEWO m\u00f6chten wir zum Ende des Jahres denjenigen helfen, die es nicht so gut haben \u2013 und haben daher drei Aktionen unterst\u00fctzt.<\/p>\n","protected":false},"author":1,"featured_media":2439,"comment_status":"open","ping_status":"open","sticky":false,"template":"","format":"standard","meta":{"pgc_sgb_lightbox_settings":"","footnotes":""},"categories":[7],"tags":[3298,3299,3300,3301,3144,3302,3303],"m2-product-id":[],"class_list":["post-16214","post","type-post","status-publish","format-standard","has-post-thumbnail","hentry","category-unternehmensnews","tag-caritas","tag-christkindlbriefaktion","tag-johanniter","tag-spendenaktion","tag-weihnachten","tag-weihnachten-im-schuhkarton","tag-weihnachtstrucker","category-7","description-off"],"yoast_head":"<!-- This site is optimized with the Yoast SEO plugin v27.1.1 - https:\/\/yoast.com\/product\/yoast-seo-wordpress\/ -->\n<title>Solidarit\u00e4t weihnachtlich verpackt<\/title>\n<meta name=\"description\" content=\"Die Mitarbeiter des Verpackungsspezialisten MEDEWO haben zu Weihnachten mehrere Spendenaktionen unterst\u00fctzt.\" \/>\n<meta name=\"robots\" content=\"index, follow, max-snippet:-1, max-image-preview:large, max-video-preview:-1\" \/>\n<link rel=\"canonical\" href=\"https:\/\/www.medewo.com\/blog\/de\/unternehmensnews\/solidaritaet-weihnachtlich-verpackt\/\" \/>\n<meta property=\"og:locale\" content=\"de_DE\" \/>\n<meta property=\"og:type\" content=\"article\" \/>\n<meta property=\"og:title\" content=\"Solidarit\u00e4t weihnachtlich verpackt\" \/>\n<meta property=\"og:description\" content=\"Die Mitarbeiter des Verpackungsspezialisten MEDEWO haben zu Weihnachten mehrere Spendenaktionen unterst\u00fctzt.\" \/>\n<meta property=\"og:url\" content=\"https:\/\/www.medewo.com\/blog\/de\/unternehmensnews\/solidaritaet-weihnachtlich-verpackt\/\" \/>\n<meta property=\"og:site_name\" content=\"MEDEWO Verpackungen\" \/>\n<meta property=\"article:published_time\" content=\"2016-12-18T23:00:00+00:00\" \/>\n<meta property=\"article:modified_time\" content=\"2024-07-23T06:32:03+00:00\" \/>\n<meta property=\"og:image\" content=\"https:\/\/www.medewo.com\/blog\/wp-content\/uploads\/2016\/12\/MEDEWO-Weihnachtsaktionen.png\" \/>\n\t<meta property=\"og:image:width\" content=\"690\" \/>\n\t<meta property=\"og:image:height\" content=\"460\" \/>\n\t<meta property=\"og:image:type\" content=\"image\/png\" \/>\n<meta name=\"author\" content=\"admin\" \/>\n<meta name=\"twitter:card\" content=\"summary_large_image\" \/>\n<meta name=\"twitter:label1\" content=\"Verfasst von\" \/>\n\t<meta name=\"twitter:data1\" content=\"admin\" \/>\n\t<meta name=\"twitter:label2\" content=\"Gesch\u00e4tzte Lesezeit\" \/>\n\t<meta name=\"twitter:data2\" content=\"4\u00a0Minuten\" \/>\n<script type=\"application\/ld+json\" class=\"yoast-schema-graph\">{\"@context\":\"https:\/\/schema.org\",\"@graph\":[{\"@type\":\"Article\",\"@id\":\"https:\/\/www.medewo.com\/blog\/de\/unternehmensnews\/solidaritaet-weihnachtlich-verpackt\/#article\",\"isPartOf\":{\"@id\":\"https:\/\/www.medewo.com\/blog\/de\/unternehmensnews\/solidaritaet-weihnachtlich-verpackt\/\"},\"author\":{\"name\":\"admin\",\"@id\":\"https:\/\/www.medewo.com\/blog\/de\/#\/schema\/person\/84e17ff7dbd20461267b403e9de6651a\"},\"headline\":\"Solidarit\u00e4t weihnachtlich verpackt\",\"datePublished\":\"2016-12-18T23:00:00+00:00\",\"dateModified\":\"2024-07-23T06:32:03+00:00\",\"mainEntityOfPage\":{\"@id\":\"https:\/\/www.medewo.com\/blog\/de\/unternehmensnews\/solidaritaet-weihnachtlich-verpackt\/\"},\"wordCount\":553,\"commentCount\":0,\"publisher\":{\"@id\":\"https:\/\/www.medewo.com\/blog\/de\/#organization\"},\"image\":{\"@id\":\"https:\/\/www.medewo.com\/blog\/de\/unternehmensnews\/solidaritaet-weihnachtlich-verpackt\/#primaryimage\"},\"thumbnailUrl\":\"https:\/\/www.medewo.com\/blog\/wp-content\/uploads\/2016\/12\/MEDEWO-Weihnachtsaktionen.png\",\"keywords\":[\"Caritas\",\"Christkindlbriefaktion\",\"Johanniter\",\"Spendenaktion\",\"Weihnachten\",\"Weihnachten im Schuhkarton\",\"Weihnachtstrucker\"],\"articleSection\":[\"Unternehmensnews\"],\"inLanguage\":\"de\",\"potentialAction\":[{\"@type\":\"CommentAction\",\"name\":\"Comment\",\"target\":[\"https:\/\/www.medewo.com\/blog\/de\/unternehmensnews\/solidaritaet-weihnachtlich-verpackt\/#respond\"]}]},{\"@type\":\"WebPage\",\"@id\":\"https:\/\/www.medewo.com\/blog\/de\/unternehmensnews\/solidaritaet-weihnachtlich-verpackt\/\",\"url\":\"https:\/\/www.medewo.com\/blog\/de\/unternehmensnews\/solidaritaet-weihnachtlich-verpackt\/\",\"name\":\"Solidarit\u00e4t weihnachtlich verpackt\",\"isPartOf\":{\"@id\":\"https:\/\/www.medewo.com\/blog\/de\/#website\"},\"primaryImageOfPage\":{\"@id\":\"https:\/\/www.medewo.com\/blog\/de\/unternehmensnews\/solidaritaet-weihnachtlich-verpackt\/#primaryimage\"},\"image\":{\"@id\":\"https:\/\/www.medewo.com\/blog\/de\/unternehmensnews\/solidaritaet-weihnachtlich-verpackt\/#primaryimage\"},\"thumbnailUrl\":\"https:\/\/www.medewo.com\/blog\/wp-content\/uploads\/2016\/12\/MEDEWO-Weihnachtsaktionen.png\",\"datePublished\":\"2016-12-18T23:00:00+00:00\",\"dateModified\":\"2024-07-23T06:32:03+00:00\",\"description\":\"Die Mitarbeiter des Verpackungsspezialisten MEDEWO haben zu Weihnachten mehrere Spendenaktionen unterst\u00fctzt.\",\"breadcrumb\":{\"@id\":\"https:\/\/www.medewo.com\/blog\/de\/unternehmensnews\/solidaritaet-weihnachtlich-verpackt\/#breadcrumb\"},\"inLanguage\":\"de\",\"potentialAction\":[{\"@type\":\"ReadAction\",\"target\":[\"https:\/\/www.medewo.com\/blog\/de\/unternehmensnews\/solidaritaet-weihnachtlich-verpackt\/\"]}]},{\"@type\":\"ImageObject\",\"inLanguage\":\"de\",\"@id\":\"https:\/\/www.medewo.com\/blog\/de\/unternehmensnews\/solidaritaet-weihnachtlich-verpackt\/#primaryimage\",\"url\":\"https:\/\/www.medewo.com\/blog\/wp-content\/uploads\/2016\/12\/MEDEWO-Weihnachtsaktionen.png\",\"contentUrl\":\"https:\/\/www.medewo.com\/blog\/wp-content\/uploads\/2016\/12\/MEDEWO-Weihnachtsaktionen.png\",\"width\":690,\"height\":460,\"caption\":\"Zu Weihnachten unterst\u00fctzt MEDEWO unterschiedliche Spendenaktionen\"},{\"@type\":\"BreadcrumbList\",\"@id\":\"https:\/\/www.medewo.com\/blog\/de\/unternehmensnews\/solidaritaet-weihnachtlich-verpackt\/#breadcrumb\",\"itemListElement\":[{\"@type\":\"ListItem\",\"position\":1,\"name\":\"Startseite\",\"item\":\"https:\/\/www.medewo.com\/blog\/de\/\"},{\"@type\":\"ListItem\",\"position\":2,\"name\":\"Solidarit\u00e4t weihnachtlich verpackt\"}]},{\"@type\":\"WebSite\",\"@id\":\"https:\/\/www.medewo.com\/blog\/de\/#website\",\"url\":\"https:\/\/www.medewo.com\/blog\/de\/\",\"name\":\"MEDEWO Verpackungen\",\"description\":\"News\",\"publisher\":{\"@id\":\"https:\/\/www.medewo.com\/blog\/de\/#organization\"},\"potentialAction\":[{\"@type\":\"SearchAction\",\"target\":{\"@type\":\"EntryPoint\",\"urlTemplate\":\"https:\/\/www.medewo.com\/blog\/de\/?s={search_term_string}\"},\"query-input\":{\"@type\":\"PropertyValueSpecification\",\"valueRequired\":true,\"valueName\":\"search_term_string\"}}],\"inLanguage\":\"de\"},{\"@type\":\"Organization\",\"@id\":\"https:\/\/www.medewo.com\/blog\/de\/#organization\",\"name\":\"MEDEWO\",\"url\":\"https:\/\/www.medewo.com\/blog\/de\/\",\"logo\":{\"@type\":\"ImageObject\",\"inLanguage\":\"de\",\"@id\":\"https:\/\/www.medewo.com\/blog\/de\/#\/schema\/logo\/image\/\",\"url\":\"https:\/\/www.medewo.com\/blog\/wp-content\/uploads\/2022\/03\/medewo-logo-claim-quer-2.png\",\"contentUrl\":\"https:\/\/www.medewo.com\/blog\/wp-content\/uploads\/2022\/03\/medewo-logo-claim-quer-2.png\",\"width\":350,\"height\":63,\"caption\":\"MEDEWO\"},\"image\":{\"@id\":\"https:\/\/www.medewo.com\/blog\/de\/#\/schema\/logo\/image\/\"}},{\"@type\":\"Person\",\"@id\":\"https:\/\/www.medewo.com\/blog\/de\/#\/schema\/person\/84e17ff7dbd20461267b403e9de6651a\",\"name\":\"admin\",\"image\":{\"@type\":\"ImageObject\",\"inLanguage\":\"de\",\"@id\":\"https:\/\/www.medewo.com\/blog\/de\/#\/schema\/person\/image\/\",\"url\":\"https:\/\/secure.gravatar.com\/avatar\/db2d5032d48e0c5ea69810e41539f6f14a63a77bccab5e2b2c7ed6f1712f7e3f?s=96&d=blank&r=g\",\"contentUrl\":\"https:\/\/secure.gravatar.com\/avatar\/db2d5032d48e0c5ea69810e41539f6f14a63a77bccab5e2b2c7ed6f1712f7e3f?s=96&d=blank&r=g\",\"caption\":\"admin\"}}]}<\/script>\n<!-- \/ Yoast SEO plugin. -->","yoast_head_json":{"title":"Solidarit\u00e4t weihnachtlich verpackt","description":"Die Mitarbeiter des Verpackungsspezialisten MEDEWO haben zu Weihnachten mehrere Spendenaktionen unterst\u00fctzt.","robots":{"index":"index","follow":"follow","max-snippet":"max-snippet:-1","max-image-preview":"max-image-preview:large","max-video-preview":"max-video-preview:-1"},"canonical":"https:\/\/www.medewo.com\/blog\/de\/unternehmensnews\/solidaritaet-weihnachtlich-verpackt\/","og_locale":"de_DE","og_type":"article","og_title":"Solidarit\u00e4t weihnachtlich verpackt","og_description":"Die Mitarbeiter des Verpackungsspezialisten MEDEWO haben zu Weihnachten mehrere Spendenaktionen unterst\u00fctzt.","og_url":"https:\/\/www.medewo.com\/blog\/de\/unternehmensnews\/solidaritaet-weihnachtlich-verpackt\/","og_site_name":"MEDEWO Verpackungen","article_published_time":"2016-12-18T23:00:00+00:00","article_modified_time":"2024-07-23T06:32:03+00:00","og_image":[{"width":690,"height":460,"url":"https:\/\/www.medewo.com\/blog\/wp-content\/uploads\/2016\/12\/MEDEWO-Weihnachtsaktionen.png","type":"image\/png"}],"author":"admin","twitter_card":"summary_large_image","twitter_misc":{"Verfasst von":"admin","Gesch\u00e4tzte Lesezeit":"4\u00a0Minuten"},"schema":{"@context":"https:\/\/schema.org","@graph":[{"@type":"Article","@id":"https:\/\/www.medewo.com\/blog\/de\/unternehmensnews\/solidaritaet-weihnachtlich-verpackt\/#article","isPartOf":{"@id":"https:\/\/www.medewo.com\/blog\/de\/unternehmensnews\/solidaritaet-weihnachtlich-verpackt\/"},"author":{"name":"admin","@id":"https:\/\/www.medewo.com\/blog\/de\/#\/schema\/person\/84e17ff7dbd20461267b403e9de6651a"},"headline":"Solidarit\u00e4t weihnachtlich verpackt","datePublished":"2016-12-18T23:00:00+00:00","dateModified":"2024-07-23T06:32:03+00:00","mainEntityOfPage":{"@id":"https:\/\/www.medewo.com\/blog\/de\/unternehmensnews\/solidaritaet-weihnachtlich-verpackt\/"},"wordCount":553,"commentCount":0,"publisher":{"@id":"https:\/\/www.medewo.com\/blog\/de\/#organization"},"image":{"@id":"https:\/\/www.medewo.com\/blog\/de\/unternehmensnews\/solidaritaet-weihnachtlich-verpackt\/#primaryimage"},"thumbnailUrl":"https:\/\/www.medewo.com\/blog\/wp-content\/uploads\/2016\/12\/MEDEWO-Weihnachtsaktionen.png","keywords":["Caritas","Christkindlbriefaktion","Johanniter","Spendenaktion","Weihnachten","Weihnachten im Schuhkarton","Weihnachtstrucker"],"articleSection":["Unternehmensnews"],"inLanguage":"de","potentialAction":[{"@type":"CommentAction","name":"Comment","target":["https:\/\/www.medewo.com\/blog\/de\/unternehmensnews\/solidaritaet-weihnachtlich-verpackt\/#respond"]}]},{"@type":"WebPage","@id":"https:\/\/www.medewo.com\/blog\/de\/unternehmensnews\/solidaritaet-weihnachtlich-verpackt\/","url":"https:\/\/www.medewo.com\/blog\/de\/unternehmensnews\/solidaritaet-weihnachtlich-verpackt\/","name":"Solidarit\u00e4t weihnachtlich verpackt","isPartOf":{"@id":"https:\/\/www.medewo.com\/blog\/de\/#website"},"primaryImageOfPage":{"@id":"https:\/\/www.medewo.com\/blog\/de\/unternehmensnews\/solidaritaet-weihnachtlich-verpackt\/#primaryimage"},"image":{"@id":"https:\/\/www.medewo.com\/blog\/de\/unternehmensnews\/solidaritaet-weihnachtlich-verpackt\/#primaryimage"},"thumbnailUrl":"https:\/\/www.medewo.com\/blog\/wp-content\/uploads\/2016\/12\/MEDEWO-Weihnachtsaktionen.png","datePublished":"2016-12-18T23:00:00+00:00","dateModified":"2024-07-23T06:32:03+00:00","description":"Die Mitarbeiter des Verpackungsspezialisten MEDEWO haben zu Weihnachten mehrere Spendenaktionen unterst\u00fctzt.","breadcrumb":{"@id":"https:\/\/www.medewo.com\/blog\/de\/unternehmensnews\/solidaritaet-weihnachtlich-verpackt\/#breadcrumb"},"inLanguage":"de","potentialAction":[{"@type":"ReadAction","target":["https:\/\/www.medewo.com\/blog\/de\/unternehmensnews\/solidaritaet-weihnachtlich-verpackt\/"]}]},{"@type":"ImageObject","inLanguage":"de","@id":"https:\/\/www.medewo.com\/blog\/de\/unternehmensnews\/solidaritaet-weihnachtlich-verpackt\/#primaryimage","url":"https:\/\/www.medewo.com\/blog\/wp-content\/uploads\/2016\/12\/MEDEWO-Weihnachtsaktionen.png","contentUrl":"https:\/\/www.medewo.com\/blog\/wp-content\/uploads\/2016\/12\/MEDEWO-Weihnachtsaktionen.png","width":690,"height":460,"caption":"Zu Weihnachten unterst\u00fctzt MEDEWO unterschiedliche Spendenaktionen"},{"@type":"BreadcrumbList","@id":"https:\/\/www.medewo.com\/blog\/de\/unternehmensnews\/solidaritaet-weihnachtlich-verpackt\/#breadcrumb","itemListElement":[{"@type":"ListItem","position":1,"name":"Startseite","item":"https:\/\/www.medewo.com\/blog\/de\/"},{"@type":"ListItem","position":2,"name":"Solidarit\u00e4t weihnachtlich verpackt"}]},{"@type":"WebSite","@id":"https:\/\/www.medewo.com\/blog\/de\/#website","url":"https:\/\/www.medewo.com\/blog\/de\/","name":"MEDEWO Verpackungen","description":"News","publisher":{"@id":"https:\/\/www.medewo.com\/blog\/de\/#organization"},"potentialAction":[{"@type":"SearchAction","target":{"@type":"EntryPoint","urlTemplate":"https:\/\/www.medewo.com\/blog\/de\/?s={search_term_string}"},"query-input":{"@type":"PropertyValueSpecification","valueRequired":true,"valueName":"search_term_string"}}],"inLanguage":"de"},{"@type":"Organization","@id":"https:\/\/www.medewo.com\/blog\/de\/#organization","name":"MEDEWO","url":"https:\/\/www.medewo.com\/blog\/de\/","logo":{"@type":"ImageObject","inLanguage":"de","@id":"https:\/\/www.medewo.com\/blog\/de\/#\/schema\/logo\/image\/","url":"https:\/\/www.medewo.com\/blog\/wp-content\/uploads\/2022\/03\/medewo-logo-claim-quer-2.png","contentUrl":"https:\/\/www.medewo.com\/blog\/wp-content\/uploads\/2022\/03\/medewo-logo-claim-quer-2.png","width":350,"height":63,"caption":"MEDEWO"},"image":{"@id":"https:\/\/www.medewo.com\/blog\/de\/#\/schema\/logo\/image\/"}},{"@type":"Person","@id":"https:\/\/www.medewo.com\/blog\/de\/#\/schema\/person\/84e17ff7dbd20461267b403e9de6651a","name":"admin","image":{"@type":"ImageObject","inLanguage":"de","@id":"https:\/\/www.medewo.com\/blog\/de\/#\/schema\/person\/image\/","url":"https:\/\/secure.gravatar.com\/avatar\/db2d5032d48e0c5ea69810e41539f6f14a63a77bccab5e2b2c7ed6f1712f7e3f?s=96&d=blank&r=g","contentUrl":"https:\/\/secure.gravatar.com\/avatar\/db2d5032d48e0c5ea69810e41539f6f14a63a77bccab5e2b2c7ed6f1712f7e3f?s=96&d=blank&r=g","caption":"admin"}}]}},"magento_index":false,"_links":{"self":[{"href":"https:\/\/www.medewo.com\/blog\/de\/wp-json\/wp\/v2\/posts\/16214","targetHints":{"allow":["GET"]}}],"collection":[{"href":"https:\/\/www.medewo.com\/blog\/de\/wp-json\/wp\/v2\/posts"}],"about":[{"href":"https:\/\/www.medewo.com\/blog\/de\/wp-json\/wp\/v2\/types\/post"}],"author":[{"embeddable":true,"href":"https:\/\/www.medewo.com\/blog\/de\/wp-json\/wp\/v2\/users\/1"}],"replies":[{"embeddable":true,"href":"https:\/\/www.medewo.com\/blog\/de\/wp-json\/wp\/v2\/comments?post=16214"}],"version-history":[{"count":2,"href":"https:\/\/www.medewo.com\/blog\/de\/wp-json\/wp\/v2\/posts\/16214\/revisions"}],"predecessor-version":[{"id":33407,"href":"https:\/\/www.medewo.com\/blog\/de\/wp-json\/wp\/v2\/posts\/16214\/revisions\/33407"}],"wp:featuredmedia":[{"embeddable":true,"href":"https:\/\/www.medewo.com\/blog\/de\/wp-json\/wp\/v2\/media\/2439"}],"wp:attachment":[{"href":"https:\/\/www.medewo.com\/blog\/de\/wp-json\/wp\/v2\/media?parent=16214"}],"wp:term":[{"taxonomy":"category","embeddable":true,"href":"https:\/\/www.medewo.com\/blog\/de\/wp-json\/wp\/v2\/categories?post=16214"},{"taxonomy":"post_tag","embeddable":true,"href":"https:\/\/www.medewo.com\/blog\/de\/wp-json\/wp\/v2\/tags?post=16214"},{"taxonomy":"m2-product-id","embeddable":true,"href":"https:\/\/www.medewo.com\/blog\/de\/wp-json\/wp\/v2\/m2-product-id?post=16214"}],"curies":[{"name":"wp","href":"https:\/\/api.w.org\/{rel}","templated":true}]}}