{"id":16213,"date":"2016-12-12T00:00:00","date_gmt":"2016-12-11T23:00:00","guid":{"rendered":"https:\/\/www.medewo.com\/blog\/unkategorisiert\/der-umwelt-zuliebe-medewo-ist-ein-jahr-pefc-fsc-zertifiziert\/"},"modified":"2025-02-25T09:50:07","modified_gmt":"2025-02-25T08:50:07","slug":"medewo-ein-jahr-pefc-fsc-zertifiziert","status":"publish","type":"post","link":"https:\/\/www.medewo.com\/blog\/de\/unternehmensnews\/medewo-ein-jahr-pefc-fsc-zertifiziert\/","title":{"rendered":"Der Umwelt zuliebe: MEDEWO ist ein Jahr PEFC-\/FSC-zertifiziert"},"content":{"rendered":"<div class=\"wpb-content-wrapper\"><p>[vc_row][vc_column][vc_column_text css=&#8220;&#8220;]<strong>Die beiden Labels PEFC\u00a0und FSC<sup>\u00ae<\/sup> stehen f\u00fcr nachhaltige Waldbewirtschaftung und eine ressourcenschonende Nutzung des Holzes. Seit einem Jahr tr\u00e4gt MEDEWO nun schon diese Zertifizierung. Sigmund Schett, Gesch\u00e4ftsf\u00fchrer der MEDEWO-Gruppe, blickt im Interview auf die vergangenen zw\u00f6lf Monate zur\u00fcck.<\/strong><\/p>\n<p><span style=\"color: #2c8ccc;\">Was waren die Gr\u00fcnde, dass sich MEDEWO PEFC- bzw. FSC-zertifizieren lie\u00df?<\/span><br \/>\n<em>Sigmund Schett:<\/em> Als Familienunternehmen wollen wir unseren Beitrag dazu leisten, dass Ressourcen und Umwelt geschont werden. Vor allem f\u00fcr kommende Generationen m\u00f6chten wir nachhaltig agieren und sind uns unserer Verantwortung ihnen gegen\u00fcber bewusst. In unserem Alltag spielen Verpackungen eine zentrale Rolle. Uns ist es wichtig, dass deren Rohstoffe aus vorbildlichen Betrieben stammen. Um bei Kartonagen und Papier eine nachhaltige Waldwirtschaft zu f\u00f6rdern, haben wir uns zertifizieren lassen.<\/p>\n<p>So festigen wir diesen Grundsatz innerhalb unseres Unternehmens. Zugleich garantieren wir auch unseren Kunden, dass sie mit unseren Produkten ihren Teil zum Umweltschutz beitragen. Unternehmen, die auf der Suche nach ressourcenschonenden Verpackungen sind, m\u00f6chten wir unterst\u00fctzen und ihnen die passenden Produkte bieten. Das war vor unserer Zertifizierung so nicht m\u00f6glich, da nicht-zertifizierte Unternehmen diese Artikel nicht liefern d\u00fcrfen. Nun sind wir der erste Vollsortimenter, der diesen Service bietet.<\/p>\n<p><span style=\"color: #2c8ccc;\">Was bedeutet unsere Zertifizierung konkret f\u00fcr unsere Kunden?<\/span><br \/>\nMEDEWO ist nach der CoC-Methode zertifiziert. Das bedeutet, dass wir den Produktkettennachweis, also die Chain of Custody, l\u00fcckenlos erf\u00fcllen. Sowohl die Forst- als auch die Verarbeitungsbetriebe, mit denen wir zusammenarbeiten, tragen das PEFC- bzw. FSC-Label. Wir haben uns f\u00fcr beide Zertifizierungen entschieden, um in der Produktion mit m\u00f6glichst vielen anderen Betrieben kooperieren zu k\u00f6nnen. Kunden k\u00f6nnen sich daher sicher sein, dass sie ein Produkt erwerben, das aus nachhaltiger Forstwirtschaft stammt. Dank unserer Zertifizierung tragen wir eigene Zertifizierungsnummern (PEFC\/15-31-0096, FSC<sup>\u00ae<\/sup> C128043), die wir auf all unseren Papieren wie etwa Rechnung oder Lieferschein sowie teilweise auf den Produkten selbst ausweisen.<\/p>\n<div id=\"attachment_2413\" style=\"width: 510px\" class=\"wp-caption alignleft\"><img decoding=\"async\" aria-describedby=\"caption-attachment-2413\" class=\"wp-image-2413\" title=\"Versandtasche von MEDEWO mit FSC-Label\" src=\"https:\/\/www.medewo.com\/blog\/wp-content\/uploads\/Versandtasche-MEDEWO-FSC-375x250.png\" alt=\"Dank ihrer Zertifizierung darf MEDEWO ihre Produkte mit dem PEFC- oder FSC-Label kennzeichnen\" width=\"500\" height=\"333\" \/><p id=\"caption-attachment-2413\" class=\"wp-caption-text\"><em>Dank ihrer Zertifizierung darf MEDEWO ihre Produkte mit dem PEFC- oder FSC-Label kennzeichnen<\/em><\/p><\/div>\n<p>So garantieren wir unseren Kunden auch schriftlich, dass sie einen entsprechenden Artikel erwerben. Bewusst haben wir uns gegen eine blo\u00dfe Werbelizenz entschieden. Mit ihr h\u00e4tten wir lediglich in der Werbung Artikel mit den Labels kennzeichnen d\u00fcrfen. Wir m\u00f6chten aber unseren Kunden die Sicherheit geben, dass wir die Nachhaltigkeit auch l\u00fcckenlos nachweisen k\u00f6nnen und uns dazu verpflichtet haben. Gerade bei einem solchen Thema kommt es schlie\u00dflich darauf an, dass sich die Abnehmer auf die Kennzeichnung verlassen k\u00f6nnen.<\/p>\n<p><span style=\"color: #2c8ccc;\">Was spricht aus Kundensicht daf\u00fcr, ein zertifiziertes Produkt zu kaufen?<\/span><br \/>\nZentral ist hier nat\u00fcrlich der Aspekt des Umweltschutzes. Der Rohstoff stammt aus einem Forstbetrieb, der in kontrollierter, sozialvertr\u00e4glicher und ressourcenschonender Weise arbeitet. Auch die Weiterverarbeitung unterliegt strengen Richtlinien. Dank unserer Zertifizierung k\u00f6nnen sich Kunden darauf verlassen, dass der Artikel immer aus solchen Betrieben stammt \u2013 und sie erhalten diese Best\u00e4tigung mit jedem Beleg auch schriftlich.<\/p>\n<p>So tragen MEDEWO-Kunden dazu bei, unseren Kindern und Kindeskindern eine intakte Umwelt zu hinterlassen. Zugleich st\u00e4rken die Firmen \u2013 wie wir das auch tun \u2013 den Nachhaltigkeitsgedanken im Unternehmen und unterstreichen die nachhaltige Gesch\u00e4ftsphilosophie. Durch die Labels auf den Verpackungen werden auch die Endverbraucher auf die ressourcenschonende Produktion aufmerksam. So werten wir die Produkte unserer Kunden zus\u00e4tzlich auf.<\/p>\n<p><span style=\"color: #2c8ccc;\">Wie m\u00fcssen sich unsere Leser eine solche Zertifizierung vorstellen? Was steckt alles dahinter?<\/span><br \/>\nOb man die Zertifizierung erh\u00e4lt, wird bei einem sogenannten Audit \u00fcberpr\u00fcft. Darauf haben wir uns intensiv vorbereit. Im Februar 2015 haben wir uns dazu entschlossen, dass wir zertifiziert werden wollen. Schon in der letzten Woche im Oktober fand das Audit statt. Innerhalb dieser Monate mussten wir die entsprechenden Strukturen schaffen, um den Produktkettennachweis erf\u00fcllen zu k\u00f6nnen. Das war sehr ehrgeizig. Schlie\u00dflich geh\u00f6ren zur MEDEWO-Gruppe drei Standorte in drei L\u00e4ndern und wir haben daher ein Multisite-Zertifikat ben\u00f6tigt.<\/p>\n<p>Ohne das Engagement aller Mitarbeiterinnen und Mitarbeiter w\u00e4re das nicht m\u00f6glich gewesen. Ich bin sehr dankbar daf\u00fcr und es erf\u00fcllt mich mit Stolz, dass das ganze Team diesen Grundsatz unseres Unternehmens auch so lebt und unterst\u00fctzt.<\/p>\n<div id=\"attachment_2420\" style=\"width: 510px\" class=\"wp-caption alignright\"><img decoding=\"async\" aria-describedby=\"caption-attachment-2420\" class=\"wp-image-2420\" title=\"Sigmund Schett, Gesch\u00e4ftsf\u00fchrer der MEDEWO-Gruppe\" src=\"https:\/\/www.medewo.com\/blog\/wp-content\/uploads\/Sigmund-Schett-Gesch\u00e4ftsf\u00fchrer-MEDEWO-Gruppe-1-375x250.png\" alt=\"Sigmund Schett, Gesch\u00e4ftsf\u00fchrer der MEDEWO-Gruppe\" width=\"500\" height=\"333\" \/><p id=\"caption-attachment-2420\" class=\"wp-caption-text\"><em>Gesch\u00e4ftsf\u00fchrer Sigmund Schett: \u00abAls Familienunternehmen wollen wir unseren Beitrag dazu leisten, dass Ressourcen und Umwelt f\u00fcr kommende Generationen erhalten werden\u00bb<\/em><\/p><\/div>\n<p><span style=\"color: #2c8ccc;\">Dass die Richtlinien der Labels eingehalten werden, wird auch weiterhin \u00fcberpr\u00fcft, richtig?<\/span><br \/>\nDas stimmt! Unsere Zertifizierung gilt f\u00fcr f\u00fcnf Jahre. Jedes Jahr findet wieder ein Audit statt. Abwechselnd werden zwei Standorte \u00fcberpr\u00fcft, wobei unsere Zentrale am Schweizer Standort Meisterschwanden immer auditiert wird. Die Niederlassungen Wallern in \u00d6sterreich und Augsburg in Deutschland wechseln sich ab. Unser erstes \u00dcberwachungsaudit war erst vor kurzem in Meisterschwanden und Wallern. Die Auditoren haben unsere Prozesse kontrolliert und die Mitarbeiter befragt. Es gab keinerlei Beanstandungen, was uns nat\u00fcrlich sehr freut. Es ist eine tolle Best\u00e4tigung, dass wir gewissenhaft arbeiten und alle Richtlinien einhalten.<\/p>\n<p><span style=\"color: #2c8ccc;\">Kannst du f\u00fcr unsere Leser zum Abschluss ein pers\u00f6nliches Fazit ziehen: Wie hast du das vergangene Jahr erlebt?<\/span><br \/>\nIch bin sehr froh, dass wir uns zertifizieren lie\u00dfen. In den letzten zw\u00f6lf Monaten konnten wir unser Sortiment auf \u00fcber 500 Lager-Artikel ausbauen, die das PEFC- oder FSC-Label tragen. Zudem liefern wir nat\u00fcrlich ebenso <a title=\"Individuelle Verpackungen von MEDEWO\" href=\"https:\/\/www.medewo.com\/de\/verpackungsentwicklung\" target=\"_blank\" rel=\"noopener\">individuelle Anfertigungen<\/a> unter dem PEFC- oder FSC-Zertifikat. Gemeinsam mit unseren Kunden tragen wir so einen Teil dazu bei, dass Ressourcen und Umwelt geschont werden und wir unseren Planeten sch\u00fctzen. Da wir sowohl das PEFC- als auch das FSC-Label haben, bieten wir ein breites Sortiment an entsprechenden Artikeln und k\u00f6nnen daf\u00fcr unseren Kunden die Zertifizierung auf Papieren und Produkten garantieren.<\/p>\n<p>Das Thema Nachhaltigkeit wird unsere Branche auch in Zukunft sehr besch\u00e4ftigen und die Nachfrage nach entsprechenden Verpackungen steigen. Wir wollen unser Sortiment daher in diesem Bereich immer weiter ausbauen. Ich bin \u00fcberzeugt, dass wir mit dem Entscheid, die Vorreiterrolle in unserem Marktsegment zu \u00fcbernehmen, einen richtungsweisenden Schritt gegangen sind.<\/p>\n<p><span style=\"color: #2c8ccc;\">Vielen Dank f\u00fcr das Gespr\u00e4ch, Sigmund!<\/span><\/p>\n<p><em>Sie interessieren sich f\u00fcr das Thema Umweltschutz und ressourcenschonende Verpackungen? Lesen Sie weitere Informationen zur <a title=\"Nachhaltigkeit bei MEDEWO\" href=\"https:\/\/www.medewo.com\/de\/nachhaltigkeit\" target=\"_blank\" rel=\"noopener\">Nachhaltigkeit bei MEDEWO<\/a>.<\/em>[\/vc_column_text][\/vc_column][\/vc_row]<\/p>\n<\/div>","protected":false},"excerpt":{"rendered":"<p>Die beiden Labels PEFC\u00a0und FSC\u00ae stehen f\u00fcr nachhaltige Waldbewirtschaftung und eine ressourcenschonende Nutzung des Holzes. Seit einem Jahr tr\u00e4gt MEDEWO nun schon diese Zertifizierung.<\/p>\n","protected":false},"author":1,"featured_media":2409,"comment_status":"open","ping_status":"open","sticky":false,"template":"","format":"standard","meta":{"pgc_sgb_lightbox_settings":"","footnotes":""},"categories":[7],"tags":[3261,3262,3264,3280,3297],"m2-product-id":[],"class_list":["post-16213","post","type-post","status-publish","format-standard","has-post-thumbnail","hentry","category-unternehmensnews","tag-fsc","tag-nachhaltigkeit","tag-pefc","tag-umweltschutz","tag-zertifizierung","category-7","description-off"],"yoast_head":"<!-- This site is optimized with the Yoast SEO plugin v27.1.1 - https:\/\/yoast.com\/product\/yoast-seo-wordpress\/ -->\n<title>Verpackungsspezialist MEDEWO: 1 Jahr PEFC-\/FSC-Zertifizierung<\/title>\n<meta name=\"description\" content=\"Seit 2015 ist MEDEWO PEFC-\/FSC-zertifiziert. Gesch\u00e4ftsf\u00fchrer der Firmengruppe, Sigmund Schett, \u00fcber die Vorteile f\u00fcr Kunden und Nachhaltigkeit bei MEDEWO.\" \/>\n<meta name=\"robots\" content=\"index, follow, max-snippet:-1, max-image-preview:large, max-video-preview:-1\" \/>\n<link rel=\"canonical\" href=\"https:\/\/www.medewo.com\/blog\/de\/unternehmensnews\/medewo-ein-jahr-pefc-fsc-zertifiziert\/\" \/>\n<meta property=\"og:locale\" content=\"de_DE\" \/>\n<meta property=\"og:type\" content=\"article\" \/>\n<meta property=\"og:title\" content=\"Verpackungsspezialist MEDEWO: 1 Jahr PEFC-\/FSC-Zertifizierung\" \/>\n<meta property=\"og:description\" content=\"Seit 2015 ist MEDEWO PEFC-\/FSC-zertifiziert. Gesch\u00e4ftsf\u00fchrer der Firmengruppe, Sigmund Schett, \u00fcber die Vorteile f\u00fcr Kunden und Nachhaltigkeit bei MEDEWO.\" \/>\n<meta property=\"og:url\" content=\"https:\/\/www.medewo.com\/blog\/de\/unternehmensnews\/medewo-ein-jahr-pefc-fsc-zertifiziert\/\" \/>\n<meta property=\"og:site_name\" content=\"MEDEWO Verpackungen\" \/>\n<meta property=\"article:published_time\" content=\"2016-12-11T23:00:00+00:00\" \/>\n<meta property=\"article:modified_time\" content=\"2025-02-25T08:50:07+00:00\" \/>\n<meta property=\"og:image\" content=\"https:\/\/www.medewo.com\/blog\/wp-content\/uploads\/2016\/12\/Nachhaltigkeit-bei-MEDEWO.png\" \/>\n\t<meta property=\"og:image:width\" content=\"690\" \/>\n\t<meta property=\"og:image:height\" content=\"460\" \/>\n\t<meta property=\"og:image:type\" content=\"image\/png\" \/>\n<meta name=\"author\" content=\"admin\" \/>\n<meta name=\"twitter:card\" content=\"summary_large_image\" \/>\n<meta name=\"twitter:label1\" content=\"Verfasst von\" \/>\n\t<meta name=\"twitter:data1\" content=\"admin\" \/>\n\t<meta name=\"twitter:label2\" content=\"Gesch\u00e4tzte Lesezeit\" \/>\n\t<meta name=\"twitter:data2\" content=\"6\u00a0Minuten\" \/>\n<script type=\"application\/ld+json\" class=\"yoast-schema-graph\">{\"@context\":\"https:\/\/schema.org\",\"@graph\":[{\"@type\":\"Article\",\"@id\":\"https:\/\/www.medewo.com\/blog\/de\/unternehmensnews\/medewo-ein-jahr-pefc-fsc-zertifiziert\/#article\",\"isPartOf\":{\"@id\":\"https:\/\/www.medewo.com\/blog\/de\/unternehmensnews\/medewo-ein-jahr-pefc-fsc-zertifiziert\/\"},\"author\":{\"name\":\"admin\",\"@id\":\"https:\/\/www.medewo.com\/blog\/de\/#\/schema\/person\/84e17ff7dbd20461267b403e9de6651a\"},\"headline\":\"Der Umwelt zuliebe: MEDEWO ist ein Jahr PEFC-\/FSC-zertifiziert\",\"datePublished\":\"2016-12-11T23:00:00+00:00\",\"dateModified\":\"2025-02-25T08:50:07+00:00\",\"mainEntityOfPage\":{\"@id\":\"https:\/\/www.medewo.com\/blog\/de\/unternehmensnews\/medewo-ein-jahr-pefc-fsc-zertifiziert\/\"},\"wordCount\":1037,\"commentCount\":0,\"publisher\":{\"@id\":\"https:\/\/www.medewo.com\/blog\/de\/#organization\"},\"image\":{\"@id\":\"https:\/\/www.medewo.com\/blog\/de\/unternehmensnews\/medewo-ein-jahr-pefc-fsc-zertifiziert\/#primaryimage\"},\"thumbnailUrl\":\"https:\/\/www.medewo.com\/blog\/wp-content\/uploads\/2016\/12\/Nachhaltigkeit-bei-MEDEWO.png\",\"keywords\":[\"FSC\",\"Nachhaltigkeit\",\"PEFC\",\"Umweltschutz\",\"Zertifizierung\"],\"articleSection\":[\"Unternehmensnews\"],\"inLanguage\":\"de\",\"potentialAction\":[{\"@type\":\"CommentAction\",\"name\":\"Comment\",\"target\":[\"https:\/\/www.medewo.com\/blog\/de\/unternehmensnews\/medewo-ein-jahr-pefc-fsc-zertifiziert\/#respond\"]}]},{\"@type\":\"WebPage\",\"@id\":\"https:\/\/www.medewo.com\/blog\/de\/unternehmensnews\/medewo-ein-jahr-pefc-fsc-zertifiziert\/\",\"url\":\"https:\/\/www.medewo.com\/blog\/de\/unternehmensnews\/medewo-ein-jahr-pefc-fsc-zertifiziert\/\",\"name\":\"Verpackungsspezialist MEDEWO: 1 Jahr PEFC-\/FSC-Zertifizierung\",\"isPartOf\":{\"@id\":\"https:\/\/www.medewo.com\/blog\/de\/#website\"},\"primaryImageOfPage\":{\"@id\":\"https:\/\/www.medewo.com\/blog\/de\/unternehmensnews\/medewo-ein-jahr-pefc-fsc-zertifiziert\/#primaryimage\"},\"image\":{\"@id\":\"https:\/\/www.medewo.com\/blog\/de\/unternehmensnews\/medewo-ein-jahr-pefc-fsc-zertifiziert\/#primaryimage\"},\"thumbnailUrl\":\"https:\/\/www.medewo.com\/blog\/wp-content\/uploads\/2016\/12\/Nachhaltigkeit-bei-MEDEWO.png\",\"datePublished\":\"2016-12-11T23:00:00+00:00\",\"dateModified\":\"2025-02-25T08:50:07+00:00\",\"description\":\"Seit 2015 ist MEDEWO PEFC-\/FSC-zertifiziert. Gesch\u00e4ftsf\u00fchrer der Firmengruppe, Sigmund Schett, \u00fcber die Vorteile f\u00fcr Kunden und Nachhaltigkeit bei MEDEWO.\",\"breadcrumb\":{\"@id\":\"https:\/\/www.medewo.com\/blog\/de\/unternehmensnews\/medewo-ein-jahr-pefc-fsc-zertifiziert\/#breadcrumb\"},\"inLanguage\":\"de\",\"potentialAction\":[{\"@type\":\"ReadAction\",\"target\":[\"https:\/\/www.medewo.com\/blog\/de\/unternehmensnews\/medewo-ein-jahr-pefc-fsc-zertifiziert\/\"]}]},{\"@type\":\"ImageObject\",\"inLanguage\":\"de\",\"@id\":\"https:\/\/www.medewo.com\/blog\/de\/unternehmensnews\/medewo-ein-jahr-pefc-fsc-zertifiziert\/#primaryimage\",\"url\":\"https:\/\/www.medewo.com\/blog\/wp-content\/uploads\/2016\/12\/Nachhaltigkeit-bei-MEDEWO.png\",\"contentUrl\":\"https:\/\/www.medewo.com\/blog\/wp-content\/uploads\/2016\/12\/Nachhaltigkeit-bei-MEDEWO.png\",\"width\":690,\"height\":460,\"caption\":\"Seit 2015 ist MEDEWO PEFC- und FSC-zertifiziert\"},{\"@type\":\"BreadcrumbList\",\"@id\":\"https:\/\/www.medewo.com\/blog\/de\/unternehmensnews\/medewo-ein-jahr-pefc-fsc-zertifiziert\/#breadcrumb\",\"itemListElement\":[{\"@type\":\"ListItem\",\"position\":1,\"name\":\"Startseite\",\"item\":\"https:\/\/www.medewo.com\/blog\/de\/\"},{\"@type\":\"ListItem\",\"position\":2,\"name\":\"Der Umwelt zuliebe: MEDEWO ist ein Jahr PEFC-\/FSC-zertifiziert\"}]},{\"@type\":\"WebSite\",\"@id\":\"https:\/\/www.medewo.com\/blog\/de\/#website\",\"url\":\"https:\/\/www.medewo.com\/blog\/de\/\",\"name\":\"MEDEWO Verpackungen\",\"description\":\"News\",\"publisher\":{\"@id\":\"https:\/\/www.medewo.com\/blog\/de\/#organization\"},\"potentialAction\":[{\"@type\":\"SearchAction\",\"target\":{\"@type\":\"EntryPoint\",\"urlTemplate\":\"https:\/\/www.medewo.com\/blog\/de\/?s={search_term_string}\"},\"query-input\":{\"@type\":\"PropertyValueSpecification\",\"valueRequired\":true,\"valueName\":\"search_term_string\"}}],\"inLanguage\":\"de\"},{\"@type\":\"Organization\",\"@id\":\"https:\/\/www.medewo.com\/blog\/de\/#organization\",\"name\":\"MEDEWO\",\"url\":\"https:\/\/www.medewo.com\/blog\/de\/\",\"logo\":{\"@type\":\"ImageObject\",\"inLanguage\":\"de\",\"@id\":\"https:\/\/www.medewo.com\/blog\/de\/#\/schema\/logo\/image\/\",\"url\":\"https:\/\/www.medewo.com\/blog\/wp-content\/uploads\/2022\/03\/medewo-logo-claim-quer-2.png\",\"contentUrl\":\"https:\/\/www.medewo.com\/blog\/wp-content\/uploads\/2022\/03\/medewo-logo-claim-quer-2.png\",\"width\":350,\"height\":63,\"caption\":\"MEDEWO\"},\"image\":{\"@id\":\"https:\/\/www.medewo.com\/blog\/de\/#\/schema\/logo\/image\/\"}},{\"@type\":\"Person\",\"@id\":\"https:\/\/www.medewo.com\/blog\/de\/#\/schema\/person\/84e17ff7dbd20461267b403e9de6651a\",\"name\":\"admin\",\"image\":{\"@type\":\"ImageObject\",\"inLanguage\":\"de\",\"@id\":\"https:\/\/www.medewo.com\/blog\/de\/#\/schema\/person\/image\/\",\"url\":\"https:\/\/secure.gravatar.com\/avatar\/db2d5032d48e0c5ea69810e41539f6f14a63a77bccab5e2b2c7ed6f1712f7e3f?s=96&d=blank&r=g\",\"contentUrl\":\"https:\/\/secure.gravatar.com\/avatar\/db2d5032d48e0c5ea69810e41539f6f14a63a77bccab5e2b2c7ed6f1712f7e3f?s=96&d=blank&r=g\",\"caption\":\"admin\"}}]}<\/script>\n<!-- \/ Yoast SEO plugin. -->","yoast_head_json":{"title":"Verpackungsspezialist MEDEWO: 1 Jahr PEFC-\/FSC-Zertifizierung","description":"Seit 2015 ist MEDEWO PEFC-\/FSC-zertifiziert. Gesch\u00e4ftsf\u00fchrer der Firmengruppe, Sigmund Schett, \u00fcber die Vorteile f\u00fcr Kunden und Nachhaltigkeit bei MEDEWO.","robots":{"index":"index","follow":"follow","max-snippet":"max-snippet:-1","max-image-preview":"max-image-preview:large","max-video-preview":"max-video-preview:-1"},"canonical":"https:\/\/www.medewo.com\/blog\/de\/unternehmensnews\/medewo-ein-jahr-pefc-fsc-zertifiziert\/","og_locale":"de_DE","og_type":"article","og_title":"Verpackungsspezialist MEDEWO: 1 Jahr PEFC-\/FSC-Zertifizierung","og_description":"Seit 2015 ist MEDEWO PEFC-\/FSC-zertifiziert. Gesch\u00e4ftsf\u00fchrer der Firmengruppe, Sigmund Schett, \u00fcber die Vorteile f\u00fcr Kunden und Nachhaltigkeit bei MEDEWO.","og_url":"https:\/\/www.medewo.com\/blog\/de\/unternehmensnews\/medewo-ein-jahr-pefc-fsc-zertifiziert\/","og_site_name":"MEDEWO Verpackungen","article_published_time":"2016-12-11T23:00:00+00:00","article_modified_time":"2025-02-25T08:50:07+00:00","og_image":[{"width":690,"height":460,"url":"https:\/\/www.medewo.com\/blog\/wp-content\/uploads\/2016\/12\/Nachhaltigkeit-bei-MEDEWO.png","type":"image\/png"}],"author":"admin","twitter_card":"summary_large_image","twitter_misc":{"Verfasst von":"admin","Gesch\u00e4tzte Lesezeit":"6\u00a0Minuten"},"schema":{"@context":"https:\/\/schema.org","@graph":[{"@type":"Article","@id":"https:\/\/www.medewo.com\/blog\/de\/unternehmensnews\/medewo-ein-jahr-pefc-fsc-zertifiziert\/#article","isPartOf":{"@id":"https:\/\/www.medewo.com\/blog\/de\/unternehmensnews\/medewo-ein-jahr-pefc-fsc-zertifiziert\/"},"author":{"name":"admin","@id":"https:\/\/www.medewo.com\/blog\/de\/#\/schema\/person\/84e17ff7dbd20461267b403e9de6651a"},"headline":"Der Umwelt zuliebe: MEDEWO ist ein Jahr PEFC-\/FSC-zertifiziert","datePublished":"2016-12-11T23:00:00+00:00","dateModified":"2025-02-25T08:50:07+00:00","mainEntityOfPage":{"@id":"https:\/\/www.medewo.com\/blog\/de\/unternehmensnews\/medewo-ein-jahr-pefc-fsc-zertifiziert\/"},"wordCount":1037,"commentCount":0,"publisher":{"@id":"https:\/\/www.medewo.com\/blog\/de\/#organization"},"image":{"@id":"https:\/\/www.medewo.com\/blog\/de\/unternehmensnews\/medewo-ein-jahr-pefc-fsc-zertifiziert\/#primaryimage"},"thumbnailUrl":"https:\/\/www.medewo.com\/blog\/wp-content\/uploads\/2016\/12\/Nachhaltigkeit-bei-MEDEWO.png","keywords":["FSC","Nachhaltigkeit","PEFC","Umweltschutz","Zertifizierung"],"articleSection":["Unternehmensnews"],"inLanguage":"de","potentialAction":[{"@type":"CommentAction","name":"Comment","target":["https:\/\/www.medewo.com\/blog\/de\/unternehmensnews\/medewo-ein-jahr-pefc-fsc-zertifiziert\/#respond"]}]},{"@type":"WebPage","@id":"https:\/\/www.medewo.com\/blog\/de\/unternehmensnews\/medewo-ein-jahr-pefc-fsc-zertifiziert\/","url":"https:\/\/www.medewo.com\/blog\/de\/unternehmensnews\/medewo-ein-jahr-pefc-fsc-zertifiziert\/","name":"Verpackungsspezialist MEDEWO: 1 Jahr PEFC-\/FSC-Zertifizierung","isPartOf":{"@id":"https:\/\/www.medewo.com\/blog\/de\/#website"},"primaryImageOfPage":{"@id":"https:\/\/www.medewo.com\/blog\/de\/unternehmensnews\/medewo-ein-jahr-pefc-fsc-zertifiziert\/#primaryimage"},"image":{"@id":"https:\/\/www.medewo.com\/blog\/de\/unternehmensnews\/medewo-ein-jahr-pefc-fsc-zertifiziert\/#primaryimage"},"thumbnailUrl":"https:\/\/www.medewo.com\/blog\/wp-content\/uploads\/2016\/12\/Nachhaltigkeit-bei-MEDEWO.png","datePublished":"2016-12-11T23:00:00+00:00","dateModified":"2025-02-25T08:50:07+00:00","description":"Seit 2015 ist MEDEWO PEFC-\/FSC-zertifiziert. Gesch\u00e4ftsf\u00fchrer der Firmengruppe, Sigmund Schett, \u00fcber die Vorteile f\u00fcr Kunden und Nachhaltigkeit bei MEDEWO.","breadcrumb":{"@id":"https:\/\/www.medewo.com\/blog\/de\/unternehmensnews\/medewo-ein-jahr-pefc-fsc-zertifiziert\/#breadcrumb"},"inLanguage":"de","potentialAction":[{"@type":"ReadAction","target":["https:\/\/www.medewo.com\/blog\/de\/unternehmensnews\/medewo-ein-jahr-pefc-fsc-zertifiziert\/"]}]},{"@type":"ImageObject","inLanguage":"de","@id":"https:\/\/www.medewo.com\/blog\/de\/unternehmensnews\/medewo-ein-jahr-pefc-fsc-zertifiziert\/#primaryimage","url":"https:\/\/www.medewo.com\/blog\/wp-content\/uploads\/2016\/12\/Nachhaltigkeit-bei-MEDEWO.png","contentUrl":"https:\/\/www.medewo.com\/blog\/wp-content\/uploads\/2016\/12\/Nachhaltigkeit-bei-MEDEWO.png","width":690,"height":460,"caption":"Seit 2015 ist MEDEWO PEFC- und FSC-zertifiziert"},{"@type":"BreadcrumbList","@id":"https:\/\/www.medewo.com\/blog\/de\/unternehmensnews\/medewo-ein-jahr-pefc-fsc-zertifiziert\/#breadcrumb","itemListElement":[{"@type":"ListItem","position":1,"name":"Startseite","item":"https:\/\/www.medewo.com\/blog\/de\/"},{"@type":"ListItem","position":2,"name":"Der Umwelt zuliebe: MEDEWO ist ein Jahr PEFC-\/FSC-zertifiziert"}]},{"@type":"WebSite","@id":"https:\/\/www.medewo.com\/blog\/de\/#website","url":"https:\/\/www.medewo.com\/blog\/de\/","name":"MEDEWO Verpackungen","description":"News","publisher":{"@id":"https:\/\/www.medewo.com\/blog\/de\/#organization"},"potentialAction":[{"@type":"SearchAction","target":{"@type":"EntryPoint","urlTemplate":"https:\/\/www.medewo.com\/blog\/de\/?s={search_term_string}"},"query-input":{"@type":"PropertyValueSpecification","valueRequired":true,"valueName":"search_term_string"}}],"inLanguage":"de"},{"@type":"Organization","@id":"https:\/\/www.medewo.com\/blog\/de\/#organization","name":"MEDEWO","url":"https:\/\/www.medewo.com\/blog\/de\/","logo":{"@type":"ImageObject","inLanguage":"de","@id":"https:\/\/www.medewo.com\/blog\/de\/#\/schema\/logo\/image\/","url":"https:\/\/www.medewo.com\/blog\/wp-content\/uploads\/2022\/03\/medewo-logo-claim-quer-2.png","contentUrl":"https:\/\/www.medewo.com\/blog\/wp-content\/uploads\/2022\/03\/medewo-logo-claim-quer-2.png","width":350,"height":63,"caption":"MEDEWO"},"image":{"@id":"https:\/\/www.medewo.com\/blog\/de\/#\/schema\/logo\/image\/"}},{"@type":"Person","@id":"https:\/\/www.medewo.com\/blog\/de\/#\/schema\/person\/84e17ff7dbd20461267b403e9de6651a","name":"admin","image":{"@type":"ImageObject","inLanguage":"de","@id":"https:\/\/www.medewo.com\/blog\/de\/#\/schema\/person\/image\/","url":"https:\/\/secure.gravatar.com\/avatar\/db2d5032d48e0c5ea69810e41539f6f14a63a77bccab5e2b2c7ed6f1712f7e3f?s=96&d=blank&r=g","contentUrl":"https:\/\/secure.gravatar.com\/avatar\/db2d5032d48e0c5ea69810e41539f6f14a63a77bccab5e2b2c7ed6f1712f7e3f?s=96&d=blank&r=g","caption":"admin"}}]}},"magento_index":false,"_links":{"self":[{"href":"https:\/\/www.medewo.com\/blog\/de\/wp-json\/wp\/v2\/posts\/16213","targetHints":{"allow":["GET"]}}],"collection":[{"href":"https:\/\/www.medewo.com\/blog\/de\/wp-json\/wp\/v2\/posts"}],"about":[{"href":"https:\/\/www.medewo.com\/blog\/de\/wp-json\/wp\/v2\/types\/post"}],"author":[{"embeddable":true,"href":"https:\/\/www.medewo.com\/blog\/de\/wp-json\/wp\/v2\/users\/1"}],"replies":[{"embeddable":true,"href":"https:\/\/www.medewo.com\/blog\/de\/wp-json\/wp\/v2\/comments?post=16213"}],"version-history":[{"count":5,"href":"https:\/\/www.medewo.com\/blog\/de\/wp-json\/wp\/v2\/posts\/16213\/revisions"}],"predecessor-version":[{"id":34700,"href":"https:\/\/www.medewo.com\/blog\/de\/wp-json\/wp\/v2\/posts\/16213\/revisions\/34700"}],"wp:featuredmedia":[{"embeddable":true,"href":"https:\/\/www.medewo.com\/blog\/de\/wp-json\/wp\/v2\/media\/2409"}],"wp:attachment":[{"href":"https:\/\/www.medewo.com\/blog\/de\/wp-json\/wp\/v2\/media?parent=16213"}],"wp:term":[{"taxonomy":"category","embeddable":true,"href":"https:\/\/www.medewo.com\/blog\/de\/wp-json\/wp\/v2\/categories?post=16213"},{"taxonomy":"post_tag","embeddable":true,"href":"https:\/\/www.medewo.com\/blog\/de\/wp-json\/wp\/v2\/tags?post=16213"},{"taxonomy":"m2-product-id","embeddable":true,"href":"https:\/\/www.medewo.com\/blog\/de\/wp-json\/wp\/v2\/m2-product-id?post=16213"}],"curies":[{"name":"wp","href":"https:\/\/api.w.org\/{rel}","templated":true}]}}