{"id":16166,"date":"2014-05-06T00:00:00","date_gmt":"2014-05-05T22:00:00","guid":{"rendered":"https:\/\/www.medewo.com\/blog\/unkategorisiert\/so-individuell-wie-sie-schachteln-nach-mass\/"},"modified":"2024-07-22T10:30:29","modified_gmt":"2024-07-22T08:30:29","slug":"so-individuell-wie-sie-schachteln-nach-mass","status":"publish","type":"post","link":"https:\/\/www.medewo.com\/blog\/de\/loesungen\/so-individuell-wie-sie-schachteln-nach-mass\/","title":{"rendered":"So individuell wie Sie \u2013 Schachteln nach Ma\u00df."},"content":{"rendered":"<p class=\"lead\">Bieten Sie Ihren Kunden etwas ganz Besonderes und verpacken Sie Ihr Produkt in eine individuell bedruckte Ma\u00dfschachtel, die genau auf Sie zugeschnitten ist.<!--more--><\/p>\n<p>Verpackungen sind l\u00e4ngst nicht mehr nur ein Mittel zum Zweck. Sie sind eine gute M\u00f6glichkeit, das eigene Unternehmen zu pr\u00e4sentieren und den Kunden durch gute Verarbeitung und individuelle Aufmachung positiv aufzufallen. Viele gro\u00dfe Unternehmen haben diese Chance erkannt, und so gibt es heute bei Produktverpackungen, aber auch bei Versandverpackungen immer \u00f6fter kreative L\u00f6sungen zu sehen, die eindeutig als Verpackung einer bestimmten Marke bzw. eines Unternehmens wiederzuerkennen sind. So k\u00f6nnen Sie aus der Masse herausstechen und bleiben Ihren Kunden nachhaltig in Erinnerung \u2013 <a href=\"https:\/\/www.medewo.com\/de-de\/kartons-bedrucken.html\" target=\"_blank\" rel=\"noopener noreferrer\">MEDEWO unterst\u00fctzt Sie dabei<\/a>.<\/p>\n<h2>Passen Sie die Verpackung Ihren Bed\u00fcrfnissen an und nicht umgekehrt.<\/h2>\n<p>Eine ma\u00dfgeschneiderte Verpackung macht nicht nur bei Kunden einen besseren Eindruck, sondern gibt Ihnen auch die M\u00f6glichkeit, Ihre Produkte bestm\u00f6glich zu sch\u00fctzen. Durch die genaue Passform der Verpackung werden Besch\u00e4digungen und Reklamationen vermieden. Dar\u00fcber hinaus brauchen Sie auch weniger F\u00fcllmaterial oder Polstermaterial zu verwenden. Dadurch wird das Verpacken Ihrer Produkte noch einfacher, schneller und damit auch wirtschaftlicher. Ma\u00dfgeschneiderte Schachteln mit Blitzboden etwa sind in Sekunden einsatzbereit und k\u00f6nnen sogar ohne Klebeband verschlossen werden \u2013 auch mehrmaliges \u00d6ffnen und Verschlie\u00dfen ist dank der hohen Qualit\u00e4t dieser Schachteln und dem cleveren Design \u00fcberhaupt kein Problem.<\/p>\n<h2>Mit individuell bedruckten Schachteln maximale Werbewirkung erzielen.<\/h2>\n<p>Bei der Gestaltung Ihrer Verpackung bzw. Ihres Versandkartons sind Ihrer Fantasie keine Grenzen gesetzt. Von der Bedruckung mit Ihrem Logo bis zum vollfl\u00e4chigen Druck nach Ihrem Design ist jede Gestaltungsvariante umsetzbar. Ihr individuell bedruckter Karton bzw. Ihre Versandverpackung wird so zu einer mobilen Werbefl\u00e4che mit gro\u00dfer Reichweite. Auch das Anbringen von Hinweistexten, Slogans oder Grafiken ist so spielend einfach. Sparen Sie sich etwa eine beigelegte Brosch\u00fcre und drucken Sie eventuelle Hinweise zu Ihrem Produkt einfach direkt auf die Verpackung!<\/p>\n<h2>Rufen Sie uns einfach an \u2013 wir erledigen den Rest.<\/h2>\n<p>Auch Speziall\u00f6sungen mit ma\u00dfgeschneiderten Schachteleins\u00e4tzen realisieren wir gerne f\u00fcr Sie. Sehen Sie sich doch schon einmal die verschiedenen <a href=\"https:\/\/www.medewo.com\/de-de\/alle-produkte\/kartons-schachteln-behaelter.html\" target=\"_blank\" rel=\"noopener noreferrer\">Schachteln in unserem Online-Shop<\/a> an, vielleicht sehen Sie da schon eine Schachtelvariante, die Ihnen besonders gef\u00e4llt. Sie interessieren sich f\u00fcr unsere bedruckten Ma\u00dfschachteln? Dann rufen Sie uns einfach an, unser Team beantwortet alle Ihre Fragen und hilft Ihnen gerne weiter!<\/p>\n<p><a title=\"Kontakt\" href=\"https:\/\/www.medewo.com\/blog\/de\/kontakt\/\" target=\"_blank\" rel=\"noopener noreferrer\">&gt; Jetzt Kontakt aufnehmen<\/a><\/p>\n","protected":false},"excerpt":{"rendered":"<p>Bieten Sie Ihren Kunden etwas ganz Besonderes und verpacken Sie Ihr Produkt in eine individuell bedruckte Ma\u00dfschachtel, die genau auf Sie zugeschnitten ist.<\/p>\n","protected":false},"author":1,"featured_media":682,"comment_status":"open","ping_status":"open","sticky":false,"template":"","format":"standard","meta":{"pgc_sgb_lightbox_settings":"","footnotes":""},"categories":[2,22],"tags":[3062,3145,3091,3146],"m2-product-id":[],"class_list":["post-16166","post","type-post","status-publish","format-standard","has-post-thumbnail","hentry","category-loesungen","category-produkte","tag-individuelle-bedruckung","tag-massgeschneiderte-verpackung","tag-schachteln","tag-spezialloesungen","category-2","category-22","description-off"],"yoast_head":"<!-- This site is optimized with the Yoast SEO plugin v27.1.1 - https:\/\/yoast.com\/product\/yoast-seo-wordpress\/ -->\n<title>Schachteln nach Ma\u00df \u2013 die Verpackung mit dem gro\u00dfen Werbeplus!<\/title>\n<meta name=\"description\" content=\"Die individuell gefertigten und bedruckten Verpackungen und Versandverpackungen von MEDEWO entsprechen genau Ihren Vorgaben und machen jede Menge Eindruck\" \/>\n<meta name=\"robots\" content=\"index, follow, max-snippet:-1, max-image-preview:large, max-video-preview:-1\" \/>\n<link rel=\"canonical\" href=\"https:\/\/www.medewo.com\/blog\/de\/loesungen\/so-individuell-wie-sie-schachteln-nach-mass\/\" \/>\n<meta property=\"og:locale\" content=\"de_DE\" \/>\n<meta property=\"og:type\" content=\"article\" \/>\n<meta property=\"og:title\" content=\"Schachteln nach Ma\u00df \u2013 die Verpackung mit dem gro\u00dfen Werbeplus!\" \/>\n<meta property=\"og:description\" content=\"Die individuell gefertigten und bedruckten Verpackungen und Versandverpackungen von MEDEWO entsprechen genau Ihren Vorgaben und machen jede Menge Eindruck\" \/>\n<meta property=\"og:url\" content=\"https:\/\/www.medewo.com\/blog\/de\/loesungen\/so-individuell-wie-sie-schachteln-nach-mass\/\" \/>\n<meta property=\"og:site_name\" content=\"MEDEWO Verpackungen\" \/>\n<meta property=\"article:published_time\" content=\"2014-05-05T22:00:00+00:00\" \/>\n<meta property=\"article:modified_time\" content=\"2024-07-22T08:30:29+00:00\" \/>\n<meta property=\"og:image\" content=\"https:\/\/www.medewo.com\/blog\/wp-content\/uploads\/2014\/10\/Service_Schachteln_nach_Mass_02.jpg\" \/>\n\t<meta property=\"og:image:width\" content=\"690\" \/>\n\t<meta property=\"og:image:height\" content=\"463\" \/>\n\t<meta property=\"og:image:type\" content=\"image\/jpeg\" \/>\n<meta name=\"author\" content=\"admin\" \/>\n<meta name=\"twitter:card\" content=\"summary_large_image\" \/>\n<meta name=\"twitter:label1\" content=\"Verfasst von\" \/>\n\t<meta name=\"twitter:data1\" content=\"admin\" \/>\n\t<meta name=\"twitter:label2\" content=\"Gesch\u00e4tzte Lesezeit\" \/>\n\t<meta name=\"twitter:data2\" content=\"3\u00a0Minuten\" \/>\n<script type=\"application\/ld+json\" class=\"yoast-schema-graph\">{\"@context\":\"https:\/\/schema.org\",\"@graph\":[{\"@type\":\"Article\",\"@id\":\"https:\/\/www.medewo.com\/blog\/de\/loesungen\/so-individuell-wie-sie-schachteln-nach-mass\/#article\",\"isPartOf\":{\"@id\":\"https:\/\/www.medewo.com\/blog\/de\/loesungen\/so-individuell-wie-sie-schachteln-nach-mass\/\"},\"author\":{\"name\":\"admin\",\"@id\":\"https:\/\/www.medewo.com\/blog\/de\/#\/schema\/person\/84e17ff7dbd20461267b403e9de6651a\"},\"headline\":\"So individuell wie Sie \u2013 Schachteln nach Ma\u00df.\",\"datePublished\":\"2014-05-05T22:00:00+00:00\",\"dateModified\":\"2024-07-22T08:30:29+00:00\",\"mainEntityOfPage\":{\"@id\":\"https:\/\/www.medewo.com\/blog\/de\/loesungen\/so-individuell-wie-sie-schachteln-nach-mass\/\"},\"wordCount\":405,\"commentCount\":0,\"publisher\":{\"@id\":\"https:\/\/www.medewo.com\/blog\/de\/#organization\"},\"image\":{\"@id\":\"https:\/\/www.medewo.com\/blog\/de\/loesungen\/so-individuell-wie-sie-schachteln-nach-mass\/#primaryimage\"},\"thumbnailUrl\":\"https:\/\/www.medewo.com\/blog\/wp-content\/uploads\/2014\/10\/Service_Schachteln_nach_Mass_02.jpg\",\"keywords\":[\"individuelle Bedruckung\",\"ma\u00dfgeschneiderte Verpackung\",\"Schachteln\",\"Speziall\u00f6sungen\"],\"articleSection\":[\"L\u00f6sungen\",\"Produkte\"],\"inLanguage\":\"de\",\"potentialAction\":[{\"@type\":\"CommentAction\",\"name\":\"Comment\",\"target\":[\"https:\/\/www.medewo.com\/blog\/de\/loesungen\/so-individuell-wie-sie-schachteln-nach-mass\/#respond\"]}]},{\"@type\":\"WebPage\",\"@id\":\"https:\/\/www.medewo.com\/blog\/de\/loesungen\/so-individuell-wie-sie-schachteln-nach-mass\/\",\"url\":\"https:\/\/www.medewo.com\/blog\/de\/loesungen\/so-individuell-wie-sie-schachteln-nach-mass\/\",\"name\":\"Schachteln nach Ma\u00df \u2013 die Verpackung mit dem gro\u00dfen Werbeplus!\",\"isPartOf\":{\"@id\":\"https:\/\/www.medewo.com\/blog\/de\/#website\"},\"primaryImageOfPage\":{\"@id\":\"https:\/\/www.medewo.com\/blog\/de\/loesungen\/so-individuell-wie-sie-schachteln-nach-mass\/#primaryimage\"},\"image\":{\"@id\":\"https:\/\/www.medewo.com\/blog\/de\/loesungen\/so-individuell-wie-sie-schachteln-nach-mass\/#primaryimage\"},\"thumbnailUrl\":\"https:\/\/www.medewo.com\/blog\/wp-content\/uploads\/2014\/10\/Service_Schachteln_nach_Mass_02.jpg\",\"datePublished\":\"2014-05-05T22:00:00+00:00\",\"dateModified\":\"2024-07-22T08:30:29+00:00\",\"description\":\"Die individuell gefertigten und bedruckten Verpackungen und Versandverpackungen von MEDEWO entsprechen genau Ihren Vorgaben und machen jede Menge Eindruck\",\"breadcrumb\":{\"@id\":\"https:\/\/www.medewo.com\/blog\/de\/loesungen\/so-individuell-wie-sie-schachteln-nach-mass\/#breadcrumb\"},\"inLanguage\":\"de\",\"potentialAction\":[{\"@type\":\"ReadAction\",\"target\":[\"https:\/\/www.medewo.com\/blog\/de\/loesungen\/so-individuell-wie-sie-schachteln-nach-mass\/\"]}]},{\"@type\":\"ImageObject\",\"inLanguage\":\"de\",\"@id\":\"https:\/\/www.medewo.com\/blog\/de\/loesungen\/so-individuell-wie-sie-schachteln-nach-mass\/#primaryimage\",\"url\":\"https:\/\/www.medewo.com\/blog\/wp-content\/uploads\/2014\/10\/Service_Schachteln_nach_Mass_02.jpg\",\"contentUrl\":\"https:\/\/www.medewo.com\/blog\/wp-content\/uploads\/2014\/10\/Service_Schachteln_nach_Mass_02.jpg\",\"width\":690,\"height\":463,\"caption\":\"Service Schachteln nach Mass und mit individueller Bedruckung\"},{\"@type\":\"BreadcrumbList\",\"@id\":\"https:\/\/www.medewo.com\/blog\/de\/loesungen\/so-individuell-wie-sie-schachteln-nach-mass\/#breadcrumb\",\"itemListElement\":[{\"@type\":\"ListItem\",\"position\":1,\"name\":\"Startseite\",\"item\":\"https:\/\/www.medewo.com\/blog\/de\/\"},{\"@type\":\"ListItem\",\"position\":2,\"name\":\"So individuell wie Sie \u2013 Schachteln nach Ma\u00df.\"}]},{\"@type\":\"WebSite\",\"@id\":\"https:\/\/www.medewo.com\/blog\/de\/#website\",\"url\":\"https:\/\/www.medewo.com\/blog\/de\/\",\"name\":\"MEDEWO Verpackungen\",\"description\":\"News\",\"publisher\":{\"@id\":\"https:\/\/www.medewo.com\/blog\/de\/#organization\"},\"potentialAction\":[{\"@type\":\"SearchAction\",\"target\":{\"@type\":\"EntryPoint\",\"urlTemplate\":\"https:\/\/www.medewo.com\/blog\/de\/?s={search_term_string}\"},\"query-input\":{\"@type\":\"PropertyValueSpecification\",\"valueRequired\":true,\"valueName\":\"search_term_string\"}}],\"inLanguage\":\"de\"},{\"@type\":\"Organization\",\"@id\":\"https:\/\/www.medewo.com\/blog\/de\/#organization\",\"name\":\"MEDEWO\",\"url\":\"https:\/\/www.medewo.com\/blog\/de\/\",\"logo\":{\"@type\":\"ImageObject\",\"inLanguage\":\"de\",\"@id\":\"https:\/\/www.medewo.com\/blog\/de\/#\/schema\/logo\/image\/\",\"url\":\"https:\/\/www.medewo.com\/blog\/wp-content\/uploads\/2022\/03\/medewo-logo-claim-quer-2.png\",\"contentUrl\":\"https:\/\/www.medewo.com\/blog\/wp-content\/uploads\/2022\/03\/medewo-logo-claim-quer-2.png\",\"width\":350,\"height\":63,\"caption\":\"MEDEWO\"},\"image\":{\"@id\":\"https:\/\/www.medewo.com\/blog\/de\/#\/schema\/logo\/image\/\"}},{\"@type\":\"Person\",\"@id\":\"https:\/\/www.medewo.com\/blog\/de\/#\/schema\/person\/84e17ff7dbd20461267b403e9de6651a\",\"name\":\"admin\",\"image\":{\"@type\":\"ImageObject\",\"inLanguage\":\"de\",\"@id\":\"https:\/\/www.medewo.com\/blog\/de\/#\/schema\/person\/image\/\",\"url\":\"https:\/\/secure.gravatar.com\/avatar\/db2d5032d48e0c5ea69810e41539f6f14a63a77bccab5e2b2c7ed6f1712f7e3f?s=96&d=blank&r=g\",\"contentUrl\":\"https:\/\/secure.gravatar.com\/avatar\/db2d5032d48e0c5ea69810e41539f6f14a63a77bccab5e2b2c7ed6f1712f7e3f?s=96&d=blank&r=g\",\"caption\":\"admin\"}}]}<\/script>\n<!-- \/ Yoast SEO plugin. -->","yoast_head_json":{"title":"Schachteln nach Ma\u00df \u2013 die Verpackung mit dem gro\u00dfen Werbeplus!","description":"Die individuell gefertigten und bedruckten Verpackungen und Versandverpackungen von MEDEWO entsprechen genau Ihren Vorgaben und machen jede Menge Eindruck","robots":{"index":"index","follow":"follow","max-snippet":"max-snippet:-1","max-image-preview":"max-image-preview:large","max-video-preview":"max-video-preview:-1"},"canonical":"https:\/\/www.medewo.com\/blog\/de\/loesungen\/so-individuell-wie-sie-schachteln-nach-mass\/","og_locale":"de_DE","og_type":"article","og_title":"Schachteln nach Ma\u00df \u2013 die Verpackung mit dem gro\u00dfen Werbeplus!","og_description":"Die individuell gefertigten und bedruckten Verpackungen und Versandverpackungen von MEDEWO entsprechen genau Ihren Vorgaben und machen jede Menge Eindruck","og_url":"https:\/\/www.medewo.com\/blog\/de\/loesungen\/so-individuell-wie-sie-schachteln-nach-mass\/","og_site_name":"MEDEWO Verpackungen","article_published_time":"2014-05-05T22:00:00+00:00","article_modified_time":"2024-07-22T08:30:29+00:00","og_image":[{"width":690,"height":463,"url":"https:\/\/www.medewo.com\/blog\/wp-content\/uploads\/2014\/10\/Service_Schachteln_nach_Mass_02.jpg","type":"image\/jpeg"}],"author":"admin","twitter_card":"summary_large_image","twitter_misc":{"Verfasst von":"admin","Gesch\u00e4tzte Lesezeit":"3\u00a0Minuten"},"schema":{"@context":"https:\/\/schema.org","@graph":[{"@type":"Article","@id":"https:\/\/www.medewo.com\/blog\/de\/loesungen\/so-individuell-wie-sie-schachteln-nach-mass\/#article","isPartOf":{"@id":"https:\/\/www.medewo.com\/blog\/de\/loesungen\/so-individuell-wie-sie-schachteln-nach-mass\/"},"author":{"name":"admin","@id":"https:\/\/www.medewo.com\/blog\/de\/#\/schema\/person\/84e17ff7dbd20461267b403e9de6651a"},"headline":"So individuell wie Sie \u2013 Schachteln nach Ma\u00df.","datePublished":"2014-05-05T22:00:00+00:00","dateModified":"2024-07-22T08:30:29+00:00","mainEntityOfPage":{"@id":"https:\/\/www.medewo.com\/blog\/de\/loesungen\/so-individuell-wie-sie-schachteln-nach-mass\/"},"wordCount":405,"commentCount":0,"publisher":{"@id":"https:\/\/www.medewo.com\/blog\/de\/#organization"},"image":{"@id":"https:\/\/www.medewo.com\/blog\/de\/loesungen\/so-individuell-wie-sie-schachteln-nach-mass\/#primaryimage"},"thumbnailUrl":"https:\/\/www.medewo.com\/blog\/wp-content\/uploads\/2014\/10\/Service_Schachteln_nach_Mass_02.jpg","keywords":["individuelle Bedruckung","ma\u00dfgeschneiderte Verpackung","Schachteln","Speziall\u00f6sungen"],"articleSection":["L\u00f6sungen","Produkte"],"inLanguage":"de","potentialAction":[{"@type":"CommentAction","name":"Comment","target":["https:\/\/www.medewo.com\/blog\/de\/loesungen\/so-individuell-wie-sie-schachteln-nach-mass\/#respond"]}]},{"@type":"WebPage","@id":"https:\/\/www.medewo.com\/blog\/de\/loesungen\/so-individuell-wie-sie-schachteln-nach-mass\/","url":"https:\/\/www.medewo.com\/blog\/de\/loesungen\/so-individuell-wie-sie-schachteln-nach-mass\/","name":"Schachteln nach Ma\u00df \u2013 die Verpackung mit dem gro\u00dfen Werbeplus!","isPartOf":{"@id":"https:\/\/www.medewo.com\/blog\/de\/#website"},"primaryImageOfPage":{"@id":"https:\/\/www.medewo.com\/blog\/de\/loesungen\/so-individuell-wie-sie-schachteln-nach-mass\/#primaryimage"},"image":{"@id":"https:\/\/www.medewo.com\/blog\/de\/loesungen\/so-individuell-wie-sie-schachteln-nach-mass\/#primaryimage"},"thumbnailUrl":"https:\/\/www.medewo.com\/blog\/wp-content\/uploads\/2014\/10\/Service_Schachteln_nach_Mass_02.jpg","datePublished":"2014-05-05T22:00:00+00:00","dateModified":"2024-07-22T08:30:29+00:00","description":"Die individuell gefertigten und bedruckten Verpackungen und Versandverpackungen von MEDEWO entsprechen genau Ihren Vorgaben und machen jede Menge Eindruck","breadcrumb":{"@id":"https:\/\/www.medewo.com\/blog\/de\/loesungen\/so-individuell-wie-sie-schachteln-nach-mass\/#breadcrumb"},"inLanguage":"de","potentialAction":[{"@type":"ReadAction","target":["https:\/\/www.medewo.com\/blog\/de\/loesungen\/so-individuell-wie-sie-schachteln-nach-mass\/"]}]},{"@type":"ImageObject","inLanguage":"de","@id":"https:\/\/www.medewo.com\/blog\/de\/loesungen\/so-individuell-wie-sie-schachteln-nach-mass\/#primaryimage","url":"https:\/\/www.medewo.com\/blog\/wp-content\/uploads\/2014\/10\/Service_Schachteln_nach_Mass_02.jpg","contentUrl":"https:\/\/www.medewo.com\/blog\/wp-content\/uploads\/2014\/10\/Service_Schachteln_nach_Mass_02.jpg","width":690,"height":463,"caption":"Service Schachteln nach Mass und mit individueller Bedruckung"},{"@type":"BreadcrumbList","@id":"https:\/\/www.medewo.com\/blog\/de\/loesungen\/so-individuell-wie-sie-schachteln-nach-mass\/#breadcrumb","itemListElement":[{"@type":"ListItem","position":1,"name":"Startseite","item":"https:\/\/www.medewo.com\/blog\/de\/"},{"@type":"ListItem","position":2,"name":"So individuell wie Sie \u2013 Schachteln nach Ma\u00df."}]},{"@type":"WebSite","@id":"https:\/\/www.medewo.com\/blog\/de\/#website","url":"https:\/\/www.medewo.com\/blog\/de\/","name":"MEDEWO Verpackungen","description":"News","publisher":{"@id":"https:\/\/www.medewo.com\/blog\/de\/#organization"},"potentialAction":[{"@type":"SearchAction","target":{"@type":"EntryPoint","urlTemplate":"https:\/\/www.medewo.com\/blog\/de\/?s={search_term_string}"},"query-input":{"@type":"PropertyValueSpecification","valueRequired":true,"valueName":"search_term_string"}}],"inLanguage":"de"},{"@type":"Organization","@id":"https:\/\/www.medewo.com\/blog\/de\/#organization","name":"MEDEWO","url":"https:\/\/www.medewo.com\/blog\/de\/","logo":{"@type":"ImageObject","inLanguage":"de","@id":"https:\/\/www.medewo.com\/blog\/de\/#\/schema\/logo\/image\/","url":"https:\/\/www.medewo.com\/blog\/wp-content\/uploads\/2022\/03\/medewo-logo-claim-quer-2.png","contentUrl":"https:\/\/www.medewo.com\/blog\/wp-content\/uploads\/2022\/03\/medewo-logo-claim-quer-2.png","width":350,"height":63,"caption":"MEDEWO"},"image":{"@id":"https:\/\/www.medewo.com\/blog\/de\/#\/schema\/logo\/image\/"}},{"@type":"Person","@id":"https:\/\/www.medewo.com\/blog\/de\/#\/schema\/person\/84e17ff7dbd20461267b403e9de6651a","name":"admin","image":{"@type":"ImageObject","inLanguage":"de","@id":"https:\/\/www.medewo.com\/blog\/de\/#\/schema\/person\/image\/","url":"https:\/\/secure.gravatar.com\/avatar\/db2d5032d48e0c5ea69810e41539f6f14a63a77bccab5e2b2c7ed6f1712f7e3f?s=96&d=blank&r=g","contentUrl":"https:\/\/secure.gravatar.com\/avatar\/db2d5032d48e0c5ea69810e41539f6f14a63a77bccab5e2b2c7ed6f1712f7e3f?s=96&d=blank&r=g","caption":"admin"}}]}},"magento_index":false,"_links":{"self":[{"href":"https:\/\/www.medewo.com\/blog\/de\/wp-json\/wp\/v2\/posts\/16166","targetHints":{"allow":["GET"]}}],"collection":[{"href":"https:\/\/www.medewo.com\/blog\/de\/wp-json\/wp\/v2\/posts"}],"about":[{"href":"https:\/\/www.medewo.com\/blog\/de\/wp-json\/wp\/v2\/types\/post"}],"author":[{"embeddable":true,"href":"https:\/\/www.medewo.com\/blog\/de\/wp-json\/wp\/v2\/users\/1"}],"replies":[{"embeddable":true,"href":"https:\/\/www.medewo.com\/blog\/de\/wp-json\/wp\/v2\/comments?post=16166"}],"version-history":[{"count":4,"href":"https:\/\/www.medewo.com\/blog\/de\/wp-json\/wp\/v2\/posts\/16166\/revisions"}],"predecessor-version":[{"id":33316,"href":"https:\/\/www.medewo.com\/blog\/de\/wp-json\/wp\/v2\/posts\/16166\/revisions\/33316"}],"wp:featuredmedia":[{"embeddable":true,"href":"https:\/\/www.medewo.com\/blog\/de\/wp-json\/wp\/v2\/media\/682"}],"wp:attachment":[{"href":"https:\/\/www.medewo.com\/blog\/de\/wp-json\/wp\/v2\/media?parent=16166"}],"wp:term":[{"taxonomy":"category","embeddable":true,"href":"https:\/\/www.medewo.com\/blog\/de\/wp-json\/wp\/v2\/categories?post=16166"},{"taxonomy":"post_tag","embeddable":true,"href":"https:\/\/www.medewo.com\/blog\/de\/wp-json\/wp\/v2\/tags?post=16166"},{"taxonomy":"m2-product-id","embeddable":true,"href":"https:\/\/www.medewo.com\/blog\/de\/wp-json\/wp\/v2\/m2-product-id?post=16166"}],"curies":[{"name":"wp","href":"https:\/\/api.w.org\/{rel}","templated":true}]}}