{"id":16164,"date":"2013-11-04T00:00:00","date_gmt":"2013-11-03T23:00:00","guid":{"rendered":"https:\/\/www.medewo.com\/blog\/unkategorisiert\/gut-verpackte-30-jahre\/"},"modified":"2024-07-22T10:03:10","modified_gmt":"2024-07-22T08:03:10","slug":"gut-verpackte-30-jahre","status":"publish","type":"post","link":"https:\/\/www.medewo.com\/blog\/de\/unternehmensnews\/gut-verpackte-30-jahre\/","title":{"rendered":"Gut verpackte 30 Jahre."},"content":{"rendered":"<p class=\"lead\">MEDEWO feierte ihr 30-j\u00e4hriges Jubil\u00e4um \u2013 ein guter Grund, sich \u00fcber das Erreichte zu freuen und einen kleinen Blick auf die Vergangenheit zu werfen.<!--more--><\/p>\n<p>MEDEWO ist im Juni 2013 30 Jahre alt geworden \u2013 die vergangenen 3 Jahrzehnte waren f\u00fcr uns eine aufregende Zeit, in der sich MEDEWO von einem kleinen Familienbetrieb zu einem international agierenden Unternehmen entwickelt hat. Die Verpackungsmittel, die wir heute anbieten, finden in den verschiedensten Branchen Verwendung: ob es in der Gastronomie, dem Lebensmittelhandel, dem Transportwesen oder der Industrie ist \u2013 unsere Verpackungen garantieren Tag f\u00fcr Tag, dass wertvolle Inhalte gut gesch\u00fctzt bleiben. Auf die hohe Qualit\u00e4t unserer Produkte sind wir heute besonders stolz. F\u00fcr unsere Kunden bedeutet sie ein St\u00fcck Sicherheit.<\/p>\n<h2>Eine Erfolgsgeschichte \u2013 am Anfang war der Plastikbeutel.<\/h2>\n<p>Der Beginn der Firmengeschichte liegt im schweizerischen Wohlen, im Kanton Aargau. Karl Meier und seine Frau Antonia gr\u00fcndeten hier ihren Betrieb. Ihr erster Artikel und zugleich ein wahrer Verkaufsschlager war ein einfacher Plastikbeutel. Schon damals waren ihre Abnehmer Kunden aus den verschiedensten Branchen. Das Privathaus wurde kurzum zur neuen Firmenzentrale umfunktioniert, die Garage war das erste Lager. Das Ehepaar war mit seinen Produkten nicht nur \u00e4u\u00dferst erfolgreich, sondern erwarb sich durch Zuverl\u00e4ssigkeit und Kompromisslosigkeit in Sachen Qualit\u00e4t schon bald den Respekt seiner Kunden. In den folgenden Jahren wuchs MEDEWO kontinuierlich und ist heute ein internationales Unternehmen mit mehr als 130 Mitarbeitern und Niederlassungen in drei L\u00e4ndern.<\/p>\n\n<h2>Vieles hat sich ge\u00e4ndert, das Wichtigste bleibt gleich \u2013 MEDEWO ist ein Partner, auf den man sich verlassen kann.<\/h2>\n<p>W\u00e4hrend es zu Beginn der Firmengeschichte nur ein Produkt gab, umfasst unser gesamtes Sortiment heute mehr als 4.500 Lagerartikel von der klassischen <a href=\"https:\/\/www.medewo.com\/de-de\/faltkarton-1-wellig-braun.html\" target=\"_blank\" rel=\"noopener noreferrer\">braunen Faltschachtel<\/a>, der <a href=\"https:\/\/www.medewo.com\/de-de\/alle-produkte\/fuellen-polstern-schuetzen\/oberflaechenschutz\/luftpolsterfolie.html\" target=\"_blank\" rel=\"noopener noreferrer\">Luftpolsterfolie<\/a> und <a href=\"https:\/\/www.medewo.com\/de-de\/alle-produkte\/lebensmittelverpackungen\/einweggeschirr-zubehoer.html\" target=\"_blank\" rel=\"noopener noreferrer\">Einweggeschirr<\/a> \u00fcber <a href=\"https:\/\/www.medewo.com\/de-de\/alle-produkte\/lagerausstattung-und-entsorgung\/packplatz\/pack-arbeitstische.html\" target=\"_blank\" rel=\"noopener noreferrer\">Packtische<\/a> bis hin zum <a href=\"https:\/\/www.medewo.com\/de-de\/alle-produkte\/arbeitsschutz-hygiene-produkte\/hygiene-produkte\/papierhandtuecher-papierspender.html\" target=\"_blank\" rel=\"noopener noreferrer\">Papierhandtuch<\/a>.\u00a0 Den <a href=\"https:\/\/www.medewo.com\/de-de\/alle-produkte\/beutel-saecke-verschluesse.html\" target=\"_blank\" rel=\"noopener noreferrer\">Plastikbeutel<\/a> gibt es, in verschiedensten Ausf\u00fchrungen, nat\u00fcrlich auch heute noch. Aber nicht nur die Gr\u00f6\u00dfe unseres Angebots hat sich erweitert. W\u00e4hrend der letzten 30 Jahre haben wir intensiv daran gearbeitet, die Qualit\u00e4t unserer Produkte immer weiter zu verbessern. Unser modernes Qualit\u00e4tsmanagementsystem setzt neue Ma\u00dfst\u00e4be und wurde erst k\u00fcrzlich nach <a title=\"Ausgezeichnete Qualit\u00e4t mit Pr\u00fcfsiegel: gem\u00e4\u00df DIN EN ISO 9001:2008.\" href=\"https:\/\/www.medewo.com\/blog\/de\/allgemein\/ausgezeichnete-qualitaet-mit-pruefsiegel-gemaess-din-en-iso-90012008\/\" target=\"_blank\" rel=\"noopener noreferrer\">DIN EN ISO 9001:2008 zertifiziert<\/a>.<\/p>\n<h2>Porzellan statt Einwegteller.<\/h2>\n<p>Im Juni 2013 haben wir mit unseren Mitarbeitern im Neubau unseres Tochterunternehmens RAUSCH-Packaging das runde Jubil\u00e4um gemeinsam gefeiert. Die Lagerhalle haben wir zu diesem Zweck zum Ballsaal umfunktioniert. Statt des von uns hergestellten Einweggeschirrs kam diesmal nat\u00fcrlich nur das feine Porzellan zum Einsatz. Neben dem Galadinner waren auch eine Einlage der Augsburger Puppenkiste sowie eine (nicht ganz ernst gemeinte) Verpackungsmodenschau Highlights des Abends. Wir bedanken uns bei unseren Mitarbeitern und Kunden f\u00fcr 30 fantastische Jahre \u2013 es werden bestimmt noch viele weitere folgen!<\/p>\n<p><a title=\"Kontakt\" href=\"https:\/\/www.medewo.com\/blog\/de\/kontakt\/\" target=\"_blank\" rel=\"noopener noreferrer\">&gt; Jetzt Kontakt aufnehmen<\/a><\/p>\n","protected":false},"excerpt":{"rendered":"<p>MEDEWO feierte ihr 30-j\u00e4hriges Jubil\u00e4um \u2013 ein guter Grund, sich \u00fcber das Erreichte zu freuen und einen kleinen Blick auf die Vergangenheit zu werfen.<\/p>\n","protected":false},"author":1,"featured_media":1032,"comment_status":"open","ping_status":"open","sticky":false,"template":"","format":"standard","meta":{"pgc_sgb_lightbox_settings":"","footnotes":""},"categories":[434,7],"tags":[3134,3135,3136,3130,3137],"m2-product-id":[],"class_list":["post-16164","post","type-post","status-publish","format-standard","has-post-thumbnail","hentry","category-allgemein","category-unternehmensnews","tag-30-jahre-medewo","tag-din-en-iso-90012008","tag-jubilaeum","tag-qualitaet","tag-verpackungen","category-434","category-7","description-off"],"yoast_head":"<!-- This site is optimized with the Yoast SEO plugin v26.8 - https:\/\/yoast.com\/product\/yoast-seo-wordpress\/ -->\n<title>30 Jahre MEDEWO \u2013 ein guter Grund zu feiern<\/title>\n<meta name=\"description\" content=\"MEDEWO steht seit mehr als 30 Jahren f\u00fcr erstklassige Beratung im Bereich Verpackungen, die in vielen Branchen von der Industrie \u00fcber den Lebensmittelhandel bis zum Transportwesen gesch\u00e4tzt werden\" \/>\n<meta name=\"robots\" content=\"index, follow, max-snippet:-1, max-image-preview:large, max-video-preview:-1\" \/>\n<link rel=\"canonical\" href=\"https:\/\/www.medewo.com\/blog\/de\/unternehmensnews\/gut-verpackte-30-jahre\/\" \/>\n<meta property=\"og:locale\" content=\"de_DE\" \/>\n<meta property=\"og:type\" content=\"article\" \/>\n<meta property=\"og:title\" content=\"30 Jahre MEDEWO \u2013 ein guter Grund zu feiern\" \/>\n<meta property=\"og:description\" content=\"MEDEWO steht seit mehr als 30 Jahren f\u00fcr erstklassige Beratung im Bereich Verpackungen, die in vielen Branchen von der Industrie \u00fcber den Lebensmittelhandel bis zum Transportwesen gesch\u00e4tzt werden\" \/>\n<meta property=\"og:url\" content=\"https:\/\/www.medewo.com\/blog\/de\/unternehmensnews\/gut-verpackte-30-jahre\/\" \/>\n<meta property=\"og:site_name\" content=\"MEDEWO Verpackungen\" \/>\n<meta property=\"article:published_time\" content=\"2013-11-03T23:00:00+00:00\" \/>\n<meta property=\"article:modified_time\" content=\"2024-07-22T08:03:10+00:00\" \/>\n<meta property=\"og:image\" content=\"https:\/\/www.medewo.com\/blog\/wp-content\/uploads\/2014\/12\/MedewoRausch_01.06.jpg\" \/>\n\t<meta property=\"og:image:width\" content=\"1024\" \/>\n\t<meta property=\"og:image:height\" content=\"683\" \/>\n\t<meta property=\"og:image:type\" content=\"image\/jpeg\" \/>\n<meta name=\"author\" content=\"admin\" \/>\n<meta name=\"twitter:card\" content=\"summary_large_image\" \/>\n<meta name=\"twitter:label1\" content=\"Verfasst von\" \/>\n\t<meta name=\"twitter:data1\" content=\"admin\" \/>\n\t<meta name=\"twitter:label2\" content=\"Gesch\u00e4tzte Lesezeit\" \/>\n\t<meta name=\"twitter:data2\" content=\"3\u00a0Minuten\" \/>\n<script type=\"application\/ld+json\" class=\"yoast-schema-graph\">{\"@context\":\"https:\/\/schema.org\",\"@graph\":[{\"@type\":\"Article\",\"@id\":\"https:\/\/www.medewo.com\/blog\/de\/unternehmensnews\/gut-verpackte-30-jahre\/#article\",\"isPartOf\":{\"@id\":\"https:\/\/www.medewo.com\/blog\/de\/unternehmensnews\/gut-verpackte-30-jahre\/\"},\"author\":{\"name\":\"admin\",\"@id\":\"https:\/\/www.medewo.com\/blog\/de\/#\/schema\/person\/84e17ff7dbd20461267b403e9de6651a\"},\"headline\":\"Gut verpackte 30 Jahre.\",\"datePublished\":\"2013-11-03T23:00:00+00:00\",\"dateModified\":\"2024-07-22T08:03:10+00:00\",\"mainEntityOfPage\":{\"@id\":\"https:\/\/www.medewo.com\/blog\/de\/unternehmensnews\/gut-verpackte-30-jahre\/\"},\"wordCount\":568,\"commentCount\":0,\"publisher\":{\"@id\":\"https:\/\/www.medewo.com\/blog\/de\/#organization\"},\"image\":{\"@id\":\"https:\/\/www.medewo.com\/blog\/de\/unternehmensnews\/gut-verpackte-30-jahre\/#primaryimage\"},\"thumbnailUrl\":\"https:\/\/www.medewo.com\/blog\/wp-content\/uploads\/2014\/12\/MedewoRausch_01.06.jpg\",\"keywords\":[\"30 Jahre Medewo\",\"DIN EN ISO 9001:2008\",\"Jubil\u00e4um\",\"Qualit\u00e4t\",\"Verpackungen\"],\"articleSection\":{\"1\":\"Unternehmensnews\"},\"inLanguage\":\"de\",\"potentialAction\":[{\"@type\":\"CommentAction\",\"name\":\"Comment\",\"target\":[\"https:\/\/www.medewo.com\/blog\/de\/unternehmensnews\/gut-verpackte-30-jahre\/#respond\"]}]},{\"@type\":\"WebPage\",\"@id\":\"https:\/\/www.medewo.com\/blog\/de\/unternehmensnews\/gut-verpackte-30-jahre\/\",\"url\":\"https:\/\/www.medewo.com\/blog\/de\/unternehmensnews\/gut-verpackte-30-jahre\/\",\"name\":\"30 Jahre MEDEWO \u2013 ein guter Grund zu feiern\",\"isPartOf\":{\"@id\":\"https:\/\/www.medewo.com\/blog\/de\/#website\"},\"primaryImageOfPage\":{\"@id\":\"https:\/\/www.medewo.com\/blog\/de\/unternehmensnews\/gut-verpackte-30-jahre\/#primaryimage\"},\"image\":{\"@id\":\"https:\/\/www.medewo.com\/blog\/de\/unternehmensnews\/gut-verpackte-30-jahre\/#primaryimage\"},\"thumbnailUrl\":\"https:\/\/www.medewo.com\/blog\/wp-content\/uploads\/2014\/12\/MedewoRausch_01.06.jpg\",\"datePublished\":\"2013-11-03T23:00:00+00:00\",\"dateModified\":\"2024-07-22T08:03:10+00:00\",\"description\":\"MEDEWO steht seit mehr als 30 Jahren f\u00fcr erstklassige Beratung im Bereich Verpackungen, die in vielen Branchen von der Industrie \u00fcber den Lebensmittelhandel bis zum Transportwesen gesch\u00e4tzt werden\",\"breadcrumb\":{\"@id\":\"https:\/\/www.medewo.com\/blog\/de\/unternehmensnews\/gut-verpackte-30-jahre\/#breadcrumb\"},\"inLanguage\":\"de\",\"potentialAction\":[{\"@type\":\"ReadAction\",\"target\":[\"https:\/\/www.medewo.com\/blog\/de\/unternehmensnews\/gut-verpackte-30-jahre\/\"]}]},{\"@type\":\"ImageObject\",\"inLanguage\":\"de\",\"@id\":\"https:\/\/www.medewo.com\/blog\/de\/unternehmensnews\/gut-verpackte-30-jahre\/#primaryimage\",\"url\":\"https:\/\/www.medewo.com\/blog\/wp-content\/uploads\/2014\/12\/MedewoRausch_01.06.jpg\",\"contentUrl\":\"https:\/\/www.medewo.com\/blog\/wp-content\/uploads\/2014\/12\/MedewoRausch_01.06.jpg\",\"width\":1024,\"height\":683,\"caption\":\"MEDEWO-Gruppe - Gesch\u00e4ftsf\u00fchrer MEDEWO und RAUSCH\"},{\"@type\":\"BreadcrumbList\",\"@id\":\"https:\/\/www.medewo.com\/blog\/de\/unternehmensnews\/gut-verpackte-30-jahre\/#breadcrumb\",\"itemListElement\":[{\"@type\":\"ListItem\",\"position\":1,\"name\":\"Startseite\",\"item\":\"https:\/\/www.medewo.com\/blog\/de\/\"},{\"@type\":\"ListItem\",\"position\":2,\"name\":\"Gut verpackte 30 Jahre.\"}]},{\"@type\":\"WebSite\",\"@id\":\"https:\/\/www.medewo.com\/blog\/de\/#website\",\"url\":\"https:\/\/www.medewo.com\/blog\/de\/\",\"name\":\"MEDEWO Verpackungen\",\"description\":\"News\",\"publisher\":{\"@id\":\"https:\/\/www.medewo.com\/blog\/de\/#organization\"},\"potentialAction\":[{\"@type\":\"SearchAction\",\"target\":{\"@type\":\"EntryPoint\",\"urlTemplate\":\"https:\/\/www.medewo.com\/blog\/de\/?s={search_term_string}\"},\"query-input\":{\"@type\":\"PropertyValueSpecification\",\"valueRequired\":true,\"valueName\":\"search_term_string\"}}],\"inLanguage\":\"de\"},{\"@type\":\"Organization\",\"@id\":\"https:\/\/www.medewo.com\/blog\/de\/#organization\",\"name\":\"MEDEWO\",\"url\":\"https:\/\/www.medewo.com\/blog\/de\/\",\"logo\":{\"@type\":\"ImageObject\",\"inLanguage\":\"de\",\"@id\":\"https:\/\/www.medewo.com\/blog\/de\/#\/schema\/logo\/image\/\",\"url\":\"https:\/\/www.medewo.com\/blog\/wp-content\/uploads\/2022\/03\/medewo-logo-claim-quer-2.png\",\"contentUrl\":\"https:\/\/www.medewo.com\/blog\/wp-content\/uploads\/2022\/03\/medewo-logo-claim-quer-2.png\",\"width\":350,\"height\":63,\"caption\":\"MEDEWO\"},\"image\":{\"@id\":\"https:\/\/www.medewo.com\/blog\/de\/#\/schema\/logo\/image\/\"}},{\"@type\":\"Person\",\"@id\":\"https:\/\/www.medewo.com\/blog\/de\/#\/schema\/person\/84e17ff7dbd20461267b403e9de6651a\",\"name\":\"admin\",\"image\":{\"@type\":\"ImageObject\",\"inLanguage\":\"de\",\"@id\":\"https:\/\/www.medewo.com\/blog\/de\/#\/schema\/person\/image\/\",\"url\":\"https:\/\/secure.gravatar.com\/avatar\/db2d5032d48e0c5ea69810e41539f6f14a63a77bccab5e2b2c7ed6f1712f7e3f?s=96&d=blank&r=g\",\"contentUrl\":\"https:\/\/secure.gravatar.com\/avatar\/db2d5032d48e0c5ea69810e41539f6f14a63a77bccab5e2b2c7ed6f1712f7e3f?s=96&d=blank&r=g\",\"caption\":\"admin\"}}]}<\/script>\n<!-- \/ Yoast SEO plugin. -->","yoast_head_json":{"title":"30 Jahre MEDEWO \u2013 ein guter Grund zu feiern","description":"MEDEWO steht seit mehr als 30 Jahren f\u00fcr erstklassige Beratung im Bereich Verpackungen, die in vielen Branchen von der Industrie \u00fcber den Lebensmittelhandel bis zum Transportwesen gesch\u00e4tzt werden","robots":{"index":"index","follow":"follow","max-snippet":"max-snippet:-1","max-image-preview":"max-image-preview:large","max-video-preview":"max-video-preview:-1"},"canonical":"https:\/\/www.medewo.com\/blog\/de\/unternehmensnews\/gut-verpackte-30-jahre\/","og_locale":"de_DE","og_type":"article","og_title":"30 Jahre MEDEWO \u2013 ein guter Grund zu feiern","og_description":"MEDEWO steht seit mehr als 30 Jahren f\u00fcr erstklassige Beratung im Bereich Verpackungen, die in vielen Branchen von der Industrie \u00fcber den Lebensmittelhandel bis zum Transportwesen gesch\u00e4tzt werden","og_url":"https:\/\/www.medewo.com\/blog\/de\/unternehmensnews\/gut-verpackte-30-jahre\/","og_site_name":"MEDEWO Verpackungen","article_published_time":"2013-11-03T23:00:00+00:00","article_modified_time":"2024-07-22T08:03:10+00:00","og_image":[{"width":1024,"height":683,"url":"https:\/\/www.medewo.com\/blog\/wp-content\/uploads\/2014\/12\/MedewoRausch_01.06.jpg","type":"image\/jpeg"}],"author":"admin","twitter_card":"summary_large_image","twitter_misc":{"Verfasst von":"admin","Gesch\u00e4tzte Lesezeit":"3\u00a0Minuten"},"schema":{"@context":"https:\/\/schema.org","@graph":[{"@type":"Article","@id":"https:\/\/www.medewo.com\/blog\/de\/unternehmensnews\/gut-verpackte-30-jahre\/#article","isPartOf":{"@id":"https:\/\/www.medewo.com\/blog\/de\/unternehmensnews\/gut-verpackte-30-jahre\/"},"author":{"name":"admin","@id":"https:\/\/www.medewo.com\/blog\/de\/#\/schema\/person\/84e17ff7dbd20461267b403e9de6651a"},"headline":"Gut verpackte 30 Jahre.","datePublished":"2013-11-03T23:00:00+00:00","dateModified":"2024-07-22T08:03:10+00:00","mainEntityOfPage":{"@id":"https:\/\/www.medewo.com\/blog\/de\/unternehmensnews\/gut-verpackte-30-jahre\/"},"wordCount":568,"commentCount":0,"publisher":{"@id":"https:\/\/www.medewo.com\/blog\/de\/#organization"},"image":{"@id":"https:\/\/www.medewo.com\/blog\/de\/unternehmensnews\/gut-verpackte-30-jahre\/#primaryimage"},"thumbnailUrl":"https:\/\/www.medewo.com\/blog\/wp-content\/uploads\/2014\/12\/MedewoRausch_01.06.jpg","keywords":["30 Jahre Medewo","DIN EN ISO 9001:2008","Jubil\u00e4um","Qualit\u00e4t","Verpackungen"],"articleSection":{"1":"Unternehmensnews"},"inLanguage":"de","potentialAction":[{"@type":"CommentAction","name":"Comment","target":["https:\/\/www.medewo.com\/blog\/de\/unternehmensnews\/gut-verpackte-30-jahre\/#respond"]}]},{"@type":"WebPage","@id":"https:\/\/www.medewo.com\/blog\/de\/unternehmensnews\/gut-verpackte-30-jahre\/","url":"https:\/\/www.medewo.com\/blog\/de\/unternehmensnews\/gut-verpackte-30-jahre\/","name":"30 Jahre MEDEWO \u2013 ein guter Grund zu feiern","isPartOf":{"@id":"https:\/\/www.medewo.com\/blog\/de\/#website"},"primaryImageOfPage":{"@id":"https:\/\/www.medewo.com\/blog\/de\/unternehmensnews\/gut-verpackte-30-jahre\/#primaryimage"},"image":{"@id":"https:\/\/www.medewo.com\/blog\/de\/unternehmensnews\/gut-verpackte-30-jahre\/#primaryimage"},"thumbnailUrl":"https:\/\/www.medewo.com\/blog\/wp-content\/uploads\/2014\/12\/MedewoRausch_01.06.jpg","datePublished":"2013-11-03T23:00:00+00:00","dateModified":"2024-07-22T08:03:10+00:00","description":"MEDEWO steht seit mehr als 30 Jahren f\u00fcr erstklassige Beratung im Bereich Verpackungen, die in vielen Branchen von der Industrie \u00fcber den Lebensmittelhandel bis zum Transportwesen gesch\u00e4tzt werden","breadcrumb":{"@id":"https:\/\/www.medewo.com\/blog\/de\/unternehmensnews\/gut-verpackte-30-jahre\/#breadcrumb"},"inLanguage":"de","potentialAction":[{"@type":"ReadAction","target":["https:\/\/www.medewo.com\/blog\/de\/unternehmensnews\/gut-verpackte-30-jahre\/"]}]},{"@type":"ImageObject","inLanguage":"de","@id":"https:\/\/www.medewo.com\/blog\/de\/unternehmensnews\/gut-verpackte-30-jahre\/#primaryimage","url":"https:\/\/www.medewo.com\/blog\/wp-content\/uploads\/2014\/12\/MedewoRausch_01.06.jpg","contentUrl":"https:\/\/www.medewo.com\/blog\/wp-content\/uploads\/2014\/12\/MedewoRausch_01.06.jpg","width":1024,"height":683,"caption":"MEDEWO-Gruppe - Gesch\u00e4ftsf\u00fchrer MEDEWO und RAUSCH"},{"@type":"BreadcrumbList","@id":"https:\/\/www.medewo.com\/blog\/de\/unternehmensnews\/gut-verpackte-30-jahre\/#breadcrumb","itemListElement":[{"@type":"ListItem","position":1,"name":"Startseite","item":"https:\/\/www.medewo.com\/blog\/de\/"},{"@type":"ListItem","position":2,"name":"Gut verpackte 30 Jahre."}]},{"@type":"WebSite","@id":"https:\/\/www.medewo.com\/blog\/de\/#website","url":"https:\/\/www.medewo.com\/blog\/de\/","name":"MEDEWO Verpackungen","description":"News","publisher":{"@id":"https:\/\/www.medewo.com\/blog\/de\/#organization"},"potentialAction":[{"@type":"SearchAction","target":{"@type":"EntryPoint","urlTemplate":"https:\/\/www.medewo.com\/blog\/de\/?s={search_term_string}"},"query-input":{"@type":"PropertyValueSpecification","valueRequired":true,"valueName":"search_term_string"}}],"inLanguage":"de"},{"@type":"Organization","@id":"https:\/\/www.medewo.com\/blog\/de\/#organization","name":"MEDEWO","url":"https:\/\/www.medewo.com\/blog\/de\/","logo":{"@type":"ImageObject","inLanguage":"de","@id":"https:\/\/www.medewo.com\/blog\/de\/#\/schema\/logo\/image\/","url":"https:\/\/www.medewo.com\/blog\/wp-content\/uploads\/2022\/03\/medewo-logo-claim-quer-2.png","contentUrl":"https:\/\/www.medewo.com\/blog\/wp-content\/uploads\/2022\/03\/medewo-logo-claim-quer-2.png","width":350,"height":63,"caption":"MEDEWO"},"image":{"@id":"https:\/\/www.medewo.com\/blog\/de\/#\/schema\/logo\/image\/"}},{"@type":"Person","@id":"https:\/\/www.medewo.com\/blog\/de\/#\/schema\/person\/84e17ff7dbd20461267b403e9de6651a","name":"admin","image":{"@type":"ImageObject","inLanguage":"de","@id":"https:\/\/www.medewo.com\/blog\/de\/#\/schema\/person\/image\/","url":"https:\/\/secure.gravatar.com\/avatar\/db2d5032d48e0c5ea69810e41539f6f14a63a77bccab5e2b2c7ed6f1712f7e3f?s=96&d=blank&r=g","contentUrl":"https:\/\/secure.gravatar.com\/avatar\/db2d5032d48e0c5ea69810e41539f6f14a63a77bccab5e2b2c7ed6f1712f7e3f?s=96&d=blank&r=g","caption":"admin"}}]}},"magento_index":false,"_links":{"self":[{"href":"https:\/\/www.medewo.com\/blog\/de\/wp-json\/wp\/v2\/posts\/16164","targetHints":{"allow":["GET"]}}],"collection":[{"href":"https:\/\/www.medewo.com\/blog\/de\/wp-json\/wp\/v2\/posts"}],"about":[{"href":"https:\/\/www.medewo.com\/blog\/de\/wp-json\/wp\/v2\/types\/post"}],"author":[{"embeddable":true,"href":"https:\/\/www.medewo.com\/blog\/de\/wp-json\/wp\/v2\/users\/1"}],"replies":[{"embeddable":true,"href":"https:\/\/www.medewo.com\/blog\/de\/wp-json\/wp\/v2\/comments?post=16164"}],"version-history":[{"count":3,"href":"https:\/\/www.medewo.com\/blog\/de\/wp-json\/wp\/v2\/posts\/16164\/revisions"}],"predecessor-version":[{"id":33304,"href":"https:\/\/www.medewo.com\/blog\/de\/wp-json\/wp\/v2\/posts\/16164\/revisions\/33304"}],"wp:featuredmedia":[{"embeddable":true,"href":"https:\/\/www.medewo.com\/blog\/de\/wp-json\/wp\/v2\/media\/1032"}],"wp:attachment":[{"href":"https:\/\/www.medewo.com\/blog\/de\/wp-json\/wp\/v2\/media?parent=16164"}],"wp:term":[{"taxonomy":"category","embeddable":true,"href":"https:\/\/www.medewo.com\/blog\/de\/wp-json\/wp\/v2\/categories?post=16164"},{"taxonomy":"post_tag","embeddable":true,"href":"https:\/\/www.medewo.com\/blog\/de\/wp-json\/wp\/v2\/tags?post=16164"},{"taxonomy":"m2-product-id","embeddable":true,"href":"https:\/\/www.medewo.com\/blog\/de\/wp-json\/wp\/v2\/m2-product-id?post=16164"}],"curies":[{"name":"wp","href":"https:\/\/api.w.org\/{rel}","templated":true}]}}