{"id":16159,"date":"2021-02-22T00:00:00","date_gmt":"2021-02-21T23:00:00","guid":{"rendered":"https:\/\/www.medewo.com\/blog\/unkategorisiert\/da-ist-sogar-der-osterhase-beeindruckt\/"},"modified":"2024-02-13T10:01:40","modified_gmt":"2024-02-13T09:01:40","slug":"da-ist-sogar-der-osterhase-beeindruckt","status":"publish","type":"post","link":"https:\/\/www.medewo.com\/blog\/de\/produkte\/da-ist-sogar-der-osterhase-beeindruckt\/","title":{"rendered":"Geschenke f\u00fcr Ostern kreativ verpacken \u2013 unsere Tipps"},"content":{"rendered":"\r\n<p class=\"lead\"><strong>Ostern ist eine gro\u00dfartige Gelegenheit, um Kunden oder Mitarbeitenden ein kleines Dankesch\u00f6n zukommen zu lassen. Doch welche Geschenkverpackungen passen zum Osterfest und verbreiten Fr\u00fchlingsstimmung? Wir zeigen Ihnen, mit welchen L\u00f6sungen Ihr Geschenk in Erinnerung bleiben wird<\/strong>.<\/p>\r\n\r\n\r\n\r\n<p>Nicht nur Kinder freuen sich \u00fcber den Besuch des Osterhasen, auch bei Ihren Kunden oder Mitarbeitenden punkten Sie mit einem Pr\u00e4sent zum \u00f6sterlichen Fest \u2013 ob es eine Kleinigkeit ist oder als Paket geliefert kommt:<\/p>\r\n\r\n\r\n\r\n<ul class=\"wp-block-list\">\r\n<li><a title=\"Kleinigkeiten verpacken\" href=\"#kleinigkeiten\">Kleine Aufmerksamkeiten vers\u00fc\u00dfen das Leben<\/a><\/li>\r\n\r\n\r\n\r\n<li><a title=\"Osternester gestalten\" href=\"#osternester\">Osternester fr\u00fchlingshaft gestalten<\/a><\/li>\r\n\r\n\r\n\r\n<li><a title=\"Geschenke versenden\" href=\"#geschenkversand\">Wenn das Ostergeschenk per Post kommt<\/a><\/li>\r\n<\/ul>\r\n\r\n\r\n\r\n<div class=\"wp-block-spacer\" style=\"height: 20px;\" aria-hidden=\"true\">\u00a0<\/div>\r\n\r\n\r\n\r\n<h2 class=\"wp-block-heading\"><a id=\"kleinigkeiten\"><\/a>Kleine Aufmerksamkeiten vers\u00fc\u00dfen das Leben<\/h2>\r\n\r\n\r\n\r\n<p>Vom klassischen Osterhasen und Ostereiern aus Schokolade \u00fcber eine gute Flasche Wein bis zur fruchtigen Marmelade f\u00fcr den Osterbrunch: Bei der Wahl Ihres Geschenks k\u00f6nnen Sie Ihrer Kreativit\u00e4t freien Lauf lassen.<\/p>\r\n\r\n\r\n<div class=\"wp-block-image\">\r\n<figure class=\"alignright size-large is-resized\"><img decoding=\"async\" class=\"wp-image-18992\" src=\"https:\/\/www.medewo.com\/blog\/wp-content\/uploads\/2015\/02\/ostern-beutel.jpg\" alt=\"Schokohase im transparenten Beutel\" width=\"388\" height=\"260\" srcset=\"https:\/\/www.medewo.com\/blog\/wp-content\/uploads\/2015\/02\/ostern-beutel.jpg 775w, https:\/\/www.medewo.com\/blog\/wp-content\/uploads\/2015\/02\/ostern-beutel-300x201.jpg 300w, https:\/\/www.medewo.com\/blog\/wp-content\/uploads\/2015\/02\/ostern-beutel-768x514.jpg 768w\" sizes=\"(max-width: 388px) 100vw, 388px\" \/><\/figure>\r\n<\/div>\r\n\r\n\r\n<p>So gro\u00df die Auswahl an Pr\u00e4senten, so vielf\u00e4ltig sind auch Ihre Verpackungsm\u00f6glichkeiten. Ganz klassisch k\u00f6nnen Sie Ihre Aufmerksamkeit \u00abeint\u00fcten\u00bb &#8211; und zwar in <strong><a title=\"Zu den Block- und Kreuzbodenbeuteln\" href=\"https:\/\/www.medewo.com\/de\/lagersortiment\/beutel\/bodenbeutel\/\" target=\"_blank\" rel=\"noreferrer noopener\">transparenten Beuteln<\/a><\/strong>. W\u00e4hlen Sie eine Variante aus OPP, kommt der Inhalt dank brillantklarer Folie bestens zur Geltung. Sie m\u00f6chten das Aroma Ihrer Leckerei bewahren? Dann greifen Sie zu einem Beutel aus OPP<strong>A<\/strong>, der dank zus\u00e4tzlicher Acryllackierung einen h\u00f6heren Aromaschutz bietet.<\/p>\r\n\r\n\r\n\r\n<p>Schnell und <a title=\"Zu den Geschenkb\u00e4ndern und dem Dekomaterial\" href=\"https:\/\/www.medewo.com\/de\/lagersortiment\/geschenkverpackungen-und-tragetaschen\/geschenkbaender-schleifen-verschluesse\/\" target=\"_blank\" rel=\"noreferrer noopener\"><strong>dekorativ verschlossen<\/strong><\/a> sind die T\u00fcten mit einem <strong>Schleifenclip<\/strong> \u2013 wobei Sie die Wahl zwischen einer farbenfrohen Schleife aus Taftband oder einer nat\u00fcrlich anmutenden Variante in Bast-Optik haben. Alternativ dazu nehmen Sie ein <strong>Geschenkband<\/strong> aus Satin oder Naturbast in Fr\u00fchlingsfarben wie Gr\u00fcn, Gelb, Orange oder Rosa zur Hand.<\/p>\r\n\r\n\r\n<div class=\"wp-block-image\">\r\n<figure class=\"alignleft size-large is-resized\"><img decoding=\"async\" class=\"wp-image-18998\" src=\"https:\/\/www.medewo.com\/blog\/wp-content\/uploads\/2015\/02\/ostern-glaeserkarton.jpg\" alt=\"Gl\u00e4serkarton zur Geschenk\u00fcbergabe\" width=\"388\" height=\"260\" srcset=\"https:\/\/www.medewo.com\/blog\/wp-content\/uploads\/2015\/02\/ostern-glaeserkarton.jpg 775w, https:\/\/www.medewo.com\/blog\/wp-content\/uploads\/2015\/02\/ostern-glaeserkarton-300x201.jpg 300w, https:\/\/www.medewo.com\/blog\/wp-content\/uploads\/2015\/02\/ostern-glaeserkarton-768x514.jpg 768w\" sizes=\"(max-width: 388px) 100vw, 388px\" \/><\/figure>\r\n<\/div>\r\n\r\n\r\n<p>Wenn Sie den Osterbrunch in Form von Marmelade, Gew\u00fcrzen oder Tee bereichern m\u00f6chten, bietet sich ein <strong><a title=\"Zum Gl\u00e4serkarton\" href=\"https:\/\/www.medewo.com\/de\/glaeserkarton-braun\" target=\"_blank\" rel=\"noreferrer noopener\">Gl\u00e4serkarton<\/a><\/strong> an. Er ist mit zwei oder drei ausgestanzten Sichtfenstern versehen und pr\u00e4sentiert Ihre K\u00f6stlichkeiten auf diese Weise besonders attraktiv. Dank praktischem Griff kann er zudem einfach \u00fcbergeben werden.<\/p>\r\n\r\n\r\n\r\n<p>Wer lieber einen edlen Tropfen \u00fcberreichen will, f\u00fcr den ist meist ein <strong><a title=\"Zu den Flaschenverpackungen\" href=\"https:\/\/www.medewo.com\/de\/lagersortiment\/geschenkverpackungen-und-tragetaschen\/geschenkschachteln-boxen\/flaschenverpackungen\/\" target=\"_blank\" rel=\"noreferrer noopener\">Flaschenkarton<\/a><\/strong> die erste Wahl. Jedoch sind diese oft in eher gedeckten, dunkleren Farbt\u00f6nen gehalten, was wenig an Ostern und den Fr\u00fchlingsbeginn erinnert. Achten Sie unter diesem Aspekt auf das Design Ihrer Schachtel und entscheiden Sie sich f\u00fcr ein frisches und farbenfrohes Motiv \u2013 wie etwa den Flaschenkarton EVENT von MEDEWO. Oder aber Sie verwenden ein Flaschenwickelpapier, ein geschmeidiges Seidenpapier, um Ihre Flasche dekorativ zu verpacken. Es ist in verschiedenen Farben und Motiven erh\u00e4ltlich, so dass hier sicherlich ein fr\u00fchlingshaftes Design f\u00fcr Sie dabei ist.<\/p>\r\n\r\n\r\n<div class=\"wp-block-image\">\r\n<figure class=\"alignright size-large is-resized\"><img decoding=\"async\" class=\"wp-image-19004\" src=\"https:\/\/www.medewo.com\/blog\/wp-content\/uploads\/2015\/02\/ostern-pralinenverpackung.jpg\" alt=\"Pralinenverpackung als Geschenkverpackung\" width=\"388\" height=\"260\" srcset=\"https:\/\/www.medewo.com\/blog\/wp-content\/uploads\/2015\/02\/ostern-pralinenverpackung.jpg 775w, https:\/\/www.medewo.com\/blog\/wp-content\/uploads\/2015\/02\/ostern-pralinenverpackung-300x201.jpg 300w, https:\/\/www.medewo.com\/blog\/wp-content\/uploads\/2015\/02\/ostern-pralinenverpackung-768x514.jpg 768w\" sizes=\"(max-width: 388px) 100vw, 388px\" \/><\/figure>\r\n<\/div>\r\n\r\n\r\n<p>Eine Verpackung \u2013 zwei M\u00f6glichkeiten: Das bietet Ihnen eine individuell kombinierbare <strong><a title=\"Zur individuell kombinierbaren Pralinenverpackung\" href=\"https:\/\/www.medewo.com\/de\/pralinenverpackung-individuell-kombinierbar\" target=\"_blank\" rel=\"noreferrer noopener\">Pralinenverpackung<\/a><\/strong>. Denn zum einen k\u00f6nnen Sie darin ganz dem Namen nach feine Chocolatierskunst verpacken. Zum andern kann die Schachtel auch als Geschenkverpackung dienen. Ohne Blister und Papierkissen finden darin kleine Gaben wie etwa Kosmetika ihren Platz. Der Clou: Dank bunter Einlage und farblich passender Banderole kreieren Sie im Handumdrehen eine frische und farbenpr\u00e4chtige Osterverpackung.<\/p>\r\n\r\n\r\n\r\n<p>Sie sind auf der Suche nach einer eher ungew\u00f6hnlichen Geschenkverpackung? Wie w\u00e4re es mit einem <strong><a title=\"Zum Clear Cup aus rPET\" href=\"https:\/\/www.medewo.com\/de\/clear-cup-aus-rpet-mit-eichstrich\" target=\"_blank\" rel=\"noreferrer noopener\">Clear Cup<\/a><\/strong>! Der transparente Becher gibt den Blick frei auf seinen Inhalt und ist dank verschiedener Deckel oder auch Einlagen besonders variabel, was die Bef\u00fcllung betrifft. Von S\u00fc\u00dfigkeiten \u00fcber Teebeutel mit Kandis-Zucker bis zu Badekugeln mit Schwamm sind eine Vielzahl an Aufmerksamkeiten auf diese Weise innovativ und als Hingucker verpackt.<\/p>\r\n\r\n\r\n\r\n<div class=\"wp-block-spacer\" style=\"height: 20px;\" aria-hidden=\"true\">\u00a0<\/div>\r\n\r\n\r\n\r\n<h2 class=\"wp-block-heading\"><a id=\"osternester\"><\/a>Osternester fr\u00fchlingshaft gestalten<\/h2>\r\n\r\n\r\n\r\n<p>Ein <strong><a title=\"Zu den Geschenkschachteln und K\u00f6rben\" href=\"https:\/\/www.medewo.com\/de-de\/alle-produkte\/geschenkverpackungen-tragetaschen\/geschenkverpackungen\/geschenkschachteln-boxen-koerbe.html\" target=\"_blank\" rel=\"noreferrer noopener\">Geschenkkorb<\/a><\/strong> ist eine bew\u00e4hrte M\u00f6glichkeit, um mehrere Pr\u00e4sente zu \u00fcbergeben \u2013 und so auch eine gute Wahl, wenn Sie ein Osternest schenken m\u00f6chten. Zum Fest der Auferstehung und des Fr\u00fchlingserwachens passen gr\u00fcne oder in einem nat\u00fcrlichen Braunton gehaltene K\u00f6rbe. Auch ein \u00abNest\u00bb in Holzoptik kreiert ein stimmiges Gesamtbild. Diese finden Sie nicht nur bei klassischen Geschenkk\u00f6rben \u2013 auch niedrigere <strong>Pr\u00e4senttabletts<\/strong> sind in dem nat\u00fcrlichen Design erh\u00e4ltlich.<\/p>\r\n\r\n\r\n<div class=\"wp-block-image\">\r\n<figure class=\"alignleft size-large is-resized\"><img decoding=\"async\" class=\"wp-image-19007\" src=\"https:\/\/www.medewo.com\/blog\/wp-content\/uploads\/2015\/02\/ostern-stulpschachtel.jpg\" alt=\"St\u00fclpdeckelkarton als Geschenkverpackung\" width=\"388\" height=\"260\" srcset=\"https:\/\/www.medewo.com\/blog\/wp-content\/uploads\/2015\/02\/ostern-stulpschachtel.jpg 775w, https:\/\/www.medewo.com\/blog\/wp-content\/uploads\/2015\/02\/ostern-stulpschachtel-300x201.jpg 300w, https:\/\/www.medewo.com\/blog\/wp-content\/uploads\/2015\/02\/ostern-stulpschachtel-768x514.jpg 768w\" sizes=\"(max-width: 388px) 100vw, 388px\" \/><\/figure>\r\n<\/div>\r\n\r\n\r\n<p>Eine weitere M\u00f6glichkeit zum Arrangieren Ihrer Oster\u00fcberraschung ist ein <strong><a title=\"Zu den St\u00fclpdeckelkartons\" href=\"https:\/\/www.medewo.com\/de\/lagersortiment\/kartons-schachteln\/stuelpdeckelkartons\/\" target=\"_blank\" rel=\"noreferrer noopener\">St\u00fclpdeckelkarton<\/a><\/strong>. Er hat den Vorteil, dass Sie ihn, wenn gew\u00fcnscht, mit einem Klarsichtdeckel einfach verschlie\u00dfen k\u00f6nnen, der Inhalt aber weiterhin gut sichtbar bleibt. Sie m\u00f6chten \u2013 ganz wie der Osterhase \u2013 Ihr Pr\u00e4sent noch etwas \u00abverstecken\u00bb und die Neugier steigern? Dann ist eine <a title=\"Zur Geschenkbox\" href=\"https:\/\/www.medewo.com\/de\/geschenkbox\" target=\"_blank\" rel=\"noreferrer noopener\"><strong>Geschenkbox<\/strong> <\/a>mit angeh\u00e4ngtem Deckel die richtige Wahl.<\/p>\r\n\r\n\r\n\r\n<p>F\u00fcr welches Osternest Sie sich auch entscheiden: Es will nicht nur mit S\u00fc\u00dfem oder kleinen Aufmerksamkeiten ausgeschm\u00fcckt sein. Mit <strong><a title=\"Zum dekorativen F\u00fcllmaterial\" href=\"https:\/\/www.medewo.com\/de\/lagersortiment\/geschenkverpackungen-und-tragetaschen\/dekoratives-fuellmaterial\/\" target=\"_blank\" rel=\"noreferrer noopener\">F\u00fcllmaterial<\/a><\/strong> schlie\u00dfen Sie zum einen Hohlraum, der zwischen den einzelnen Geschenken entstehen kann, und werten Ihr Nest durch die zus\u00e4tzliche Deko noch auf. W\u00e4hlen Sie die farbenfrohen Papierstreifen SizzlePak<sup>\u00ae<\/sup> oder nat\u00fcrliche Holzwolle, wirkt dies nicht nur fr\u00fchlingshaft, sondern polstert sogar noch Ihre Pr\u00e4sente.<\/p>\r\n\r\n\r\n\r\n<p>Sie haben keinen Hohlraum in Ihrem Osternest? Dann l\u00e4sst sich buntes <strong>Seidenpapier<\/strong> f\u00fcr dekorative Zwecke nutzen. W\u00e4hlen Sie einfach eine passende Fr\u00fchlingsfarbe und kleiden Sie Ihr Osternest als zus\u00e4tzlichen Hingucker damit aus.<\/p>\r\n\r\n\r\n\r\n<div class=\"wp-block-spacer\" style=\"height: 20px;\" aria-hidden=\"true\">\u00a0<\/div>\r\n\r\n\r\n\r\n<h2 class=\"wp-block-heading\"><a id=\"geschenkversand\"><\/a>Wenn das Ostergeschenk per Post kommt<\/h2>\r\n\r\n\r\n\r\n<p>Gerade bei Kundengeschenken stellt sich die Frage, wie diese am besten ihre Empf\u00e4nger erreichen, wenn Sie Ihre Oster\u00fcberraschung nicht pers\u00f6nlich \u00fcbergeben.<\/p>\r\n\r\n\r\n\r\n<p>Eine gute M\u00f6glichkeit ist es, eine <strong><a title=\"Zu den wei\u00dfen Versandkartons\" href=\"https:\/\/www.medewo.com\/de\/lagersortiment\/kartons-schachteln\/weisse-kartons\/\" target=\"_blank\" rel=\"noreferrer noopener\">wei\u00dfe Kartonage<\/a><\/strong> zur Hand zu nehmen. Sie ist nicht nur stabil und f\u00fcr den Transport geeignet, sondern wirkt durch die helle Farbe edel und besonders hochwertig. Das unterstreicht den Geschenk-Gedanken und den ein oder anderen mag sie vielleicht sogar an eine Eierschale erinnern. Achten Sie dabei darauf, eine m\u00f6glichst passgenaue Schachtel zu verwenden, um Hohlraum im Inneren zu vermeiden. F\u00fcr die bereits erw\u00e4hnte Pralinenverpackung erhalten Sie zum Beispiel in unserem Sortiment eine ma\u00dfgeschneiderte Versandverpackung.<\/p>\r\n\r\n\r\n<div class=\"wp-block-image\">\r\n<figure class=\"alignright size-large is-resized\"><img decoding=\"async\" class=\"wp-image-19001\" src=\"https:\/\/www.medewo.com\/blog\/wp-content\/uploads\/2015\/02\/ostern-graspapierschachtel.jpg\" alt=\"Schachtel aus Graspapier\" width=\"388\" height=\"260\" srcset=\"https:\/\/www.medewo.com\/blog\/wp-content\/uploads\/2015\/02\/ostern-graspapierschachtel.jpg 775w, https:\/\/www.medewo.com\/blog\/wp-content\/uploads\/2015\/02\/ostern-graspapierschachtel-300x201.jpg 300w, https:\/\/www.medewo.com\/blog\/wp-content\/uploads\/2015\/02\/ostern-graspapierschachtel-768x514.jpg 768w\" sizes=\"(max-width: 388px) 100vw, 388px\" \/><\/figure>\r\n<\/div>\r\n\r\n\r\n<p>Statt eines wei\u00dfen Kartons eignet sich ebenfalls eine <strong><a title=\"Zur Schachtel aus Graspapier\" href=\"https:\/\/www.medewo.com\/de\/gras-pac-stuelpdeckelkarton\" target=\"_blank\" rel=\"noreferrer noopener\">Schachtel aus Graspapier<\/a><\/strong>. Sie wirkt mit ihrer gr\u00fcnlich-br\u00e4unlichen Farbe und den Einschl\u00fcssen, was alles nat\u00fcrlichen Ursprungs ist und ohne weitere Inhaltsstoffe oder Druckfarbe entsteht, besonders naturnah. Nicht zuletzt durch den leichten Grasgeruch passt sie optimal zum Osterfest.<\/p>\r\n\r\n\r\n\r\n<p>Zu guter Letzt sollten Sie bei temperaturempfindlichen Waren wie Schokolade noch \u00fcberlegen, diese in einem <strong><a title=\"Zu den Thermobeuteln\" href=\"https:\/\/www.medewo.com\/de\/lagersortiment\/beutel\/spezialbeutel\/thermobeutel\/\" target=\"_blank\" rel=\"noreferrer noopener\">Thermobeutel<\/a><\/strong> unterzuverpacken. Dabei haben Sie die Wahl zwischen Varianten aus Kunststoff mit und ohne zus\u00e4tzlicher Luftpolsterfolie sowie einer nat\u00fcrlichen Variante aus Zellstoff.<\/p>\r\n\r\n\r\n\r\n<p>So kommt Ihr Geschenk so professionell an \u2013 wie vom Osterhasen pers\u00f6nlich!<\/p>\r\n\r\n\r\n\r\n<div class=\"wp-block-spacer\" style=\"height: 30px;\" aria-hidden=\"true\">\u00a0<\/div>\r\n\r\n\r\n\r\n<h3 class=\"wp-block-heading\">Die besten Verpackungen f\u00fcr Ihr Ostergeschenk<\/h3>\r\n\r\n\r\n\r\nSHORTCODE in REST Request entfernt\r\n","protected":false},"excerpt":{"rendered":"<p>Ostern ist eine gro\u00dfartige Gelegenheit, um Kunden oder Mitarbeitenden ein Geschenk zu \u00fcberreichen \u2013 mit diesen Verpackungen gelingt es!<\/p>\n","protected":false},"author":1,"featured_media":18995,"comment_status":"open","ping_status":"open","sticky":false,"template":"","format":"standard","meta":{"pgc_sgb_lightbox_settings":"","footnotes":""},"categories":[2,22],"tags":[5320],"m2-product-id":[],"class_list":["post-16159","post","type-post","status-publish","format-standard","has-post-thumbnail","hentry","category-loesungen","category-produkte","tag-geschenke-verpacken","category-2","category-22","description-off"],"yoast_head":"<!-- This site is optimized with the Yoast SEO plugin v27.1.1 - https:\/\/yoast.com\/product\/yoast-seo-wordpress\/ -->\n<title>Geschenke f\u00fcr Ostern kreativ verpacken \u2013 unsere Tipps<\/title>\n<meta name=\"description\" content=\"Ostern ist eine gro\u00dfartige Gelegenheit, um Kunden oder Mitarbeitenden ein kleines Dankesch\u00f6n zu schenken \u2013 mit diesen Verpackungen gelingt&#039;s.\" \/>\n<meta name=\"robots\" content=\"index, follow, max-snippet:-1, max-image-preview:large, max-video-preview:-1\" \/>\n<link rel=\"canonical\" href=\"https:\/\/www.medewo.com\/blog\/de\/produkte\/da-ist-sogar-der-osterhase-beeindruckt\/\" \/>\n<meta property=\"og:locale\" content=\"de_DE\" \/>\n<meta property=\"og:type\" content=\"article\" \/>\n<meta property=\"og:title\" content=\"Geschenke f\u00fcr Ostern kreativ verpacken \u2013 unsere Tipps\" \/>\n<meta property=\"og:description\" content=\"Ostern ist eine gro\u00dfartige Gelegenheit, um Kunden oder Mitarbeitenden ein kleines Dankesch\u00f6n zu schenken \u2013 mit diesen Verpackungen gelingt&#039;s.\" \/>\n<meta property=\"og:url\" content=\"https:\/\/www.medewo.com\/blog\/de\/produkte\/da-ist-sogar-der-osterhase-beeindruckt\/\" \/>\n<meta property=\"og:site_name\" content=\"MEDEWO Verpackungen\" \/>\n<meta property=\"article:published_time\" content=\"2021-02-21T23:00:00+00:00\" \/>\n<meta property=\"article:modified_time\" content=\"2024-02-13T09:01:40+00:00\" \/>\n<meta property=\"og:image\" content=\"https:\/\/www.medewo.com\/blog\/wp-content\/uploads\/2015\/02\/ostern-geschenkkorb.jpg\" \/>\n\t<meta property=\"og:image:width\" content=\"775\" \/>\n\t<meta property=\"og:image:height\" content=\"519\" \/>\n\t<meta property=\"og:image:type\" content=\"image\/jpeg\" \/>\n<meta name=\"author\" content=\"admin\" \/>\n<meta name=\"twitter:card\" content=\"summary_large_image\" \/>\n<meta name=\"twitter:label1\" content=\"Verfasst von\" \/>\n\t<meta name=\"twitter:data1\" content=\"admin\" \/>\n\t<meta name=\"twitter:label2\" content=\"Gesch\u00e4tzte Lesezeit\" \/>\n\t<meta name=\"twitter:data2\" content=\"7\u00a0Minuten\" \/>\n<script type=\"application\/ld+json\" class=\"yoast-schema-graph\">{\"@context\":\"https:\/\/schema.org\",\"@graph\":[{\"@type\":\"Article\",\"@id\":\"https:\/\/www.medewo.com\/blog\/de\/produkte\/da-ist-sogar-der-osterhase-beeindruckt\/#article\",\"isPartOf\":{\"@id\":\"https:\/\/www.medewo.com\/blog\/de\/produkte\/da-ist-sogar-der-osterhase-beeindruckt\/\"},\"author\":{\"name\":\"admin\",\"@id\":\"https:\/\/www.medewo.com\/blog\/de\/#\/schema\/person\/84e17ff7dbd20461267b403e9de6651a\"},\"headline\":\"Geschenke f\u00fcr Ostern kreativ verpacken \u2013 unsere Tipps\",\"datePublished\":\"2021-02-21T23:00:00+00:00\",\"dateModified\":\"2024-02-13T09:01:40+00:00\",\"mainEntityOfPage\":{\"@id\":\"https:\/\/www.medewo.com\/blog\/de\/produkte\/da-ist-sogar-der-osterhase-beeindruckt\/\"},\"wordCount\":1100,\"commentCount\":0,\"publisher\":{\"@id\":\"https:\/\/www.medewo.com\/blog\/de\/#organization\"},\"image\":{\"@id\":\"https:\/\/www.medewo.com\/blog\/de\/produkte\/da-ist-sogar-der-osterhase-beeindruckt\/#primaryimage\"},\"thumbnailUrl\":\"https:\/\/www.medewo.com\/blog\/wp-content\/uploads\/2015\/02\/ostern-geschenkkorb.jpg\",\"keywords\":[\"Geschenke verpacken\"],\"articleSection\":[\"L\u00f6sungen\",\"Produkte\"],\"inLanguage\":\"de\",\"potentialAction\":[{\"@type\":\"CommentAction\",\"name\":\"Comment\",\"target\":[\"https:\/\/www.medewo.com\/blog\/de\/produkte\/da-ist-sogar-der-osterhase-beeindruckt\/#respond\"]}]},{\"@type\":\"WebPage\",\"@id\":\"https:\/\/www.medewo.com\/blog\/de\/produkte\/da-ist-sogar-der-osterhase-beeindruckt\/\",\"url\":\"https:\/\/www.medewo.com\/blog\/de\/produkte\/da-ist-sogar-der-osterhase-beeindruckt\/\",\"name\":\"Geschenke f\u00fcr Ostern kreativ verpacken \u2013 unsere Tipps\",\"isPartOf\":{\"@id\":\"https:\/\/www.medewo.com\/blog\/de\/#website\"},\"primaryImageOfPage\":{\"@id\":\"https:\/\/www.medewo.com\/blog\/de\/produkte\/da-ist-sogar-der-osterhase-beeindruckt\/#primaryimage\"},\"image\":{\"@id\":\"https:\/\/www.medewo.com\/blog\/de\/produkte\/da-ist-sogar-der-osterhase-beeindruckt\/#primaryimage\"},\"thumbnailUrl\":\"https:\/\/www.medewo.com\/blog\/wp-content\/uploads\/2015\/02\/ostern-geschenkkorb.jpg\",\"datePublished\":\"2021-02-21T23:00:00+00:00\",\"dateModified\":\"2024-02-13T09:01:40+00:00\",\"description\":\"Ostern ist eine gro\u00dfartige Gelegenheit, um Kunden oder Mitarbeitenden ein kleines Dankesch\u00f6n zu schenken \u2013 mit diesen Verpackungen gelingt's.\",\"breadcrumb\":{\"@id\":\"https:\/\/www.medewo.com\/blog\/de\/produkte\/da-ist-sogar-der-osterhase-beeindruckt\/#breadcrumb\"},\"inLanguage\":\"de\",\"potentialAction\":[{\"@type\":\"ReadAction\",\"target\":[\"https:\/\/www.medewo.com\/blog\/de\/produkte\/da-ist-sogar-der-osterhase-beeindruckt\/\"]}]},{\"@type\":\"ImageObject\",\"inLanguage\":\"de\",\"@id\":\"https:\/\/www.medewo.com\/blog\/de\/produkte\/da-ist-sogar-der-osterhase-beeindruckt\/#primaryimage\",\"url\":\"https:\/\/www.medewo.com\/blog\/wp-content\/uploads\/2015\/02\/ostern-geschenkkorb.jpg\",\"contentUrl\":\"https:\/\/www.medewo.com\/blog\/wp-content\/uploads\/2015\/02\/ostern-geschenkkorb.jpg\",\"width\":775,\"height\":519,\"caption\":\"Geschenke zu Ostern verpacken\"},{\"@type\":\"BreadcrumbList\",\"@id\":\"https:\/\/www.medewo.com\/blog\/de\/produkte\/da-ist-sogar-der-osterhase-beeindruckt\/#breadcrumb\",\"itemListElement\":[{\"@type\":\"ListItem\",\"position\":1,\"name\":\"Startseite\",\"item\":\"https:\/\/www.medewo.com\/blog\/de\/\"},{\"@type\":\"ListItem\",\"position\":2,\"name\":\"Geschenke f\u00fcr Ostern kreativ verpacken \u2013 unsere Tipps\"}]},{\"@type\":\"WebSite\",\"@id\":\"https:\/\/www.medewo.com\/blog\/de\/#website\",\"url\":\"https:\/\/www.medewo.com\/blog\/de\/\",\"name\":\"MEDEWO Verpackungen\",\"description\":\"News\",\"publisher\":{\"@id\":\"https:\/\/www.medewo.com\/blog\/de\/#organization\"},\"potentialAction\":[{\"@type\":\"SearchAction\",\"target\":{\"@type\":\"EntryPoint\",\"urlTemplate\":\"https:\/\/www.medewo.com\/blog\/de\/?s={search_term_string}\"},\"query-input\":{\"@type\":\"PropertyValueSpecification\",\"valueRequired\":true,\"valueName\":\"search_term_string\"}}],\"inLanguage\":\"de\"},{\"@type\":\"Organization\",\"@id\":\"https:\/\/www.medewo.com\/blog\/de\/#organization\",\"name\":\"MEDEWO\",\"url\":\"https:\/\/www.medewo.com\/blog\/de\/\",\"logo\":{\"@type\":\"ImageObject\",\"inLanguage\":\"de\",\"@id\":\"https:\/\/www.medewo.com\/blog\/de\/#\/schema\/logo\/image\/\",\"url\":\"https:\/\/www.medewo.com\/blog\/wp-content\/uploads\/2022\/03\/medewo-logo-claim-quer-2.png\",\"contentUrl\":\"https:\/\/www.medewo.com\/blog\/wp-content\/uploads\/2022\/03\/medewo-logo-claim-quer-2.png\",\"width\":350,\"height\":63,\"caption\":\"MEDEWO\"},\"image\":{\"@id\":\"https:\/\/www.medewo.com\/blog\/de\/#\/schema\/logo\/image\/\"}},{\"@type\":\"Person\",\"@id\":\"https:\/\/www.medewo.com\/blog\/de\/#\/schema\/person\/84e17ff7dbd20461267b403e9de6651a\",\"name\":\"admin\",\"image\":{\"@type\":\"ImageObject\",\"inLanguage\":\"de\",\"@id\":\"https:\/\/www.medewo.com\/blog\/de\/#\/schema\/person\/image\/\",\"url\":\"https:\/\/secure.gravatar.com\/avatar\/db2d5032d48e0c5ea69810e41539f6f14a63a77bccab5e2b2c7ed6f1712f7e3f?s=96&d=blank&r=g\",\"contentUrl\":\"https:\/\/secure.gravatar.com\/avatar\/db2d5032d48e0c5ea69810e41539f6f14a63a77bccab5e2b2c7ed6f1712f7e3f?s=96&d=blank&r=g\",\"caption\":\"admin\"}}]}<\/script>\n<!-- \/ Yoast SEO plugin. -->","yoast_head_json":{"title":"Geschenke f\u00fcr Ostern kreativ verpacken \u2013 unsere Tipps","description":"Ostern ist eine gro\u00dfartige Gelegenheit, um Kunden oder Mitarbeitenden ein kleines Dankesch\u00f6n zu schenken \u2013 mit diesen Verpackungen gelingt's.","robots":{"index":"index","follow":"follow","max-snippet":"max-snippet:-1","max-image-preview":"max-image-preview:large","max-video-preview":"max-video-preview:-1"},"canonical":"https:\/\/www.medewo.com\/blog\/de\/produkte\/da-ist-sogar-der-osterhase-beeindruckt\/","og_locale":"de_DE","og_type":"article","og_title":"Geschenke f\u00fcr Ostern kreativ verpacken \u2013 unsere Tipps","og_description":"Ostern ist eine gro\u00dfartige Gelegenheit, um Kunden oder Mitarbeitenden ein kleines Dankesch\u00f6n zu schenken \u2013 mit diesen Verpackungen gelingt's.","og_url":"https:\/\/www.medewo.com\/blog\/de\/produkte\/da-ist-sogar-der-osterhase-beeindruckt\/","og_site_name":"MEDEWO Verpackungen","article_published_time":"2021-02-21T23:00:00+00:00","article_modified_time":"2024-02-13T09:01:40+00:00","og_image":[{"width":775,"height":519,"url":"https:\/\/www.medewo.com\/blog\/wp-content\/uploads\/2015\/02\/ostern-geschenkkorb.jpg","type":"image\/jpeg"}],"author":"admin","twitter_card":"summary_large_image","twitter_misc":{"Verfasst von":"admin","Gesch\u00e4tzte Lesezeit":"7\u00a0Minuten"},"schema":{"@context":"https:\/\/schema.org","@graph":[{"@type":"Article","@id":"https:\/\/www.medewo.com\/blog\/de\/produkte\/da-ist-sogar-der-osterhase-beeindruckt\/#article","isPartOf":{"@id":"https:\/\/www.medewo.com\/blog\/de\/produkte\/da-ist-sogar-der-osterhase-beeindruckt\/"},"author":{"name":"admin","@id":"https:\/\/www.medewo.com\/blog\/de\/#\/schema\/person\/84e17ff7dbd20461267b403e9de6651a"},"headline":"Geschenke f\u00fcr Ostern kreativ verpacken \u2013 unsere Tipps","datePublished":"2021-02-21T23:00:00+00:00","dateModified":"2024-02-13T09:01:40+00:00","mainEntityOfPage":{"@id":"https:\/\/www.medewo.com\/blog\/de\/produkte\/da-ist-sogar-der-osterhase-beeindruckt\/"},"wordCount":1100,"commentCount":0,"publisher":{"@id":"https:\/\/www.medewo.com\/blog\/de\/#organization"},"image":{"@id":"https:\/\/www.medewo.com\/blog\/de\/produkte\/da-ist-sogar-der-osterhase-beeindruckt\/#primaryimage"},"thumbnailUrl":"https:\/\/www.medewo.com\/blog\/wp-content\/uploads\/2015\/02\/ostern-geschenkkorb.jpg","keywords":["Geschenke verpacken"],"articleSection":["L\u00f6sungen","Produkte"],"inLanguage":"de","potentialAction":[{"@type":"CommentAction","name":"Comment","target":["https:\/\/www.medewo.com\/blog\/de\/produkte\/da-ist-sogar-der-osterhase-beeindruckt\/#respond"]}]},{"@type":"WebPage","@id":"https:\/\/www.medewo.com\/blog\/de\/produkte\/da-ist-sogar-der-osterhase-beeindruckt\/","url":"https:\/\/www.medewo.com\/blog\/de\/produkte\/da-ist-sogar-der-osterhase-beeindruckt\/","name":"Geschenke f\u00fcr Ostern kreativ verpacken \u2013 unsere Tipps","isPartOf":{"@id":"https:\/\/www.medewo.com\/blog\/de\/#website"},"primaryImageOfPage":{"@id":"https:\/\/www.medewo.com\/blog\/de\/produkte\/da-ist-sogar-der-osterhase-beeindruckt\/#primaryimage"},"image":{"@id":"https:\/\/www.medewo.com\/blog\/de\/produkte\/da-ist-sogar-der-osterhase-beeindruckt\/#primaryimage"},"thumbnailUrl":"https:\/\/www.medewo.com\/blog\/wp-content\/uploads\/2015\/02\/ostern-geschenkkorb.jpg","datePublished":"2021-02-21T23:00:00+00:00","dateModified":"2024-02-13T09:01:40+00:00","description":"Ostern ist eine gro\u00dfartige Gelegenheit, um Kunden oder Mitarbeitenden ein kleines Dankesch\u00f6n zu schenken \u2013 mit diesen Verpackungen gelingt's.","breadcrumb":{"@id":"https:\/\/www.medewo.com\/blog\/de\/produkte\/da-ist-sogar-der-osterhase-beeindruckt\/#breadcrumb"},"inLanguage":"de","potentialAction":[{"@type":"ReadAction","target":["https:\/\/www.medewo.com\/blog\/de\/produkte\/da-ist-sogar-der-osterhase-beeindruckt\/"]}]},{"@type":"ImageObject","inLanguage":"de","@id":"https:\/\/www.medewo.com\/blog\/de\/produkte\/da-ist-sogar-der-osterhase-beeindruckt\/#primaryimage","url":"https:\/\/www.medewo.com\/blog\/wp-content\/uploads\/2015\/02\/ostern-geschenkkorb.jpg","contentUrl":"https:\/\/www.medewo.com\/blog\/wp-content\/uploads\/2015\/02\/ostern-geschenkkorb.jpg","width":775,"height":519,"caption":"Geschenke zu Ostern verpacken"},{"@type":"BreadcrumbList","@id":"https:\/\/www.medewo.com\/blog\/de\/produkte\/da-ist-sogar-der-osterhase-beeindruckt\/#breadcrumb","itemListElement":[{"@type":"ListItem","position":1,"name":"Startseite","item":"https:\/\/www.medewo.com\/blog\/de\/"},{"@type":"ListItem","position":2,"name":"Geschenke f\u00fcr Ostern kreativ verpacken \u2013 unsere Tipps"}]},{"@type":"WebSite","@id":"https:\/\/www.medewo.com\/blog\/de\/#website","url":"https:\/\/www.medewo.com\/blog\/de\/","name":"MEDEWO Verpackungen","description":"News","publisher":{"@id":"https:\/\/www.medewo.com\/blog\/de\/#organization"},"potentialAction":[{"@type":"SearchAction","target":{"@type":"EntryPoint","urlTemplate":"https:\/\/www.medewo.com\/blog\/de\/?s={search_term_string}"},"query-input":{"@type":"PropertyValueSpecification","valueRequired":true,"valueName":"search_term_string"}}],"inLanguage":"de"},{"@type":"Organization","@id":"https:\/\/www.medewo.com\/blog\/de\/#organization","name":"MEDEWO","url":"https:\/\/www.medewo.com\/blog\/de\/","logo":{"@type":"ImageObject","inLanguage":"de","@id":"https:\/\/www.medewo.com\/blog\/de\/#\/schema\/logo\/image\/","url":"https:\/\/www.medewo.com\/blog\/wp-content\/uploads\/2022\/03\/medewo-logo-claim-quer-2.png","contentUrl":"https:\/\/www.medewo.com\/blog\/wp-content\/uploads\/2022\/03\/medewo-logo-claim-quer-2.png","width":350,"height":63,"caption":"MEDEWO"},"image":{"@id":"https:\/\/www.medewo.com\/blog\/de\/#\/schema\/logo\/image\/"}},{"@type":"Person","@id":"https:\/\/www.medewo.com\/blog\/de\/#\/schema\/person\/84e17ff7dbd20461267b403e9de6651a","name":"admin","image":{"@type":"ImageObject","inLanguage":"de","@id":"https:\/\/www.medewo.com\/blog\/de\/#\/schema\/person\/image\/","url":"https:\/\/secure.gravatar.com\/avatar\/db2d5032d48e0c5ea69810e41539f6f14a63a77bccab5e2b2c7ed6f1712f7e3f?s=96&d=blank&r=g","contentUrl":"https:\/\/secure.gravatar.com\/avatar\/db2d5032d48e0c5ea69810e41539f6f14a63a77bccab5e2b2c7ed6f1712f7e3f?s=96&d=blank&r=g","caption":"admin"}}]}},"magento_index":false,"_links":{"self":[{"href":"https:\/\/www.medewo.com\/blog\/de\/wp-json\/wp\/v2\/posts\/16159","targetHints":{"allow":["GET"]}}],"collection":[{"href":"https:\/\/www.medewo.com\/blog\/de\/wp-json\/wp\/v2\/posts"}],"about":[{"href":"https:\/\/www.medewo.com\/blog\/de\/wp-json\/wp\/v2\/types\/post"}],"author":[{"embeddable":true,"href":"https:\/\/www.medewo.com\/blog\/de\/wp-json\/wp\/v2\/users\/1"}],"replies":[{"embeddable":true,"href":"https:\/\/www.medewo.com\/blog\/de\/wp-json\/wp\/v2\/comments?post=16159"}],"version-history":[{"count":14,"href":"https:\/\/www.medewo.com\/blog\/de\/wp-json\/wp\/v2\/posts\/16159\/revisions"}],"predecessor-version":[{"id":31055,"href":"https:\/\/www.medewo.com\/blog\/de\/wp-json\/wp\/v2\/posts\/16159\/revisions\/31055"}],"wp:featuredmedia":[{"embeddable":true,"href":"https:\/\/www.medewo.com\/blog\/de\/wp-json\/wp\/v2\/media\/18995"}],"wp:attachment":[{"href":"https:\/\/www.medewo.com\/blog\/de\/wp-json\/wp\/v2\/media?parent=16159"}],"wp:term":[{"taxonomy":"category","embeddable":true,"href":"https:\/\/www.medewo.com\/blog\/de\/wp-json\/wp\/v2\/categories?post=16159"},{"taxonomy":"post_tag","embeddable":true,"href":"https:\/\/www.medewo.com\/blog\/de\/wp-json\/wp\/v2\/tags?post=16159"},{"taxonomy":"m2-product-id","embeddable":true,"href":"https:\/\/www.medewo.com\/blog\/de\/wp-json\/wp\/v2\/m2-product-id?post=16159"}],"curies":[{"name":"wp","href":"https:\/\/api.w.org\/{rel}","templated":true}]}}