{"id":16157,"date":"2021-01-12T00:00:00","date_gmt":"2021-01-11T23:00:00","guid":{"rendered":"https:\/\/www.medewo.com\/blog\/unkategorisiert\/der-fefco-code-verpackungen-einfach-erklaert\/"},"modified":"2025-06-23T12:49:13","modified_gmt":"2025-06-23T10:49:13","slug":"der-fefco-code-verpackungen-einfach-erklaert","status":"publish","type":"post","link":"https:\/\/www.medewo.com\/blog\/de\/loesungen\/der-fefco-code-verpackungen-einfach-erklaert\/","title":{"rendered":"Der FEFCO-Code \u2013 Wissenswertes rund um den \u00abVerpackungs-Code\u00bb"},"content":{"rendered":"<div class=\"wpb-content-wrapper\"><p>[vc_row][vc_column][vc_column_text]<\/p>\n<p class=\"lead\"><strong>Sich \u00fcber Kartonagen einfach, schnell und ohne Missverst\u00e4ndnisse verst\u00e4ndigen? Der FEFCO-Code macht\u2019s m\u00f6glich. Anhand einer speziellen Codierung, die international im Einsatz ist, sind verschiedenste Arten von Verpackungsmitteln klar definiert, was die Kommunikation dar\u00fcber sehr erleichtert. Doch wie ist diese \u00abSprache\u00bb entstanden und was steht genau im FEFCO-Katalog?<\/strong><\/p>\n<p>[\/vc_column_text][vc_empty_space][vc_separator][vc_empty_space][vc_column_text]<\/p>\n<h3 class=\"wp-block-heading\"><strong>Wissenswertes rund um den \u00abVerpackungs-Code\u00bb<\/strong><\/h3>\n<ul>\n<li><a href=\"https:\/\/www.medewo.com\/blog\/de\/loesungen\/der-fefco-code-verpackungen-einfach-erklaert\/#erklaerung\">Was ist ein FEFCO-Code?<\/a><\/li>\n<li><a href=\"https:\/\/www.medewo.com\/blog\/de\/loesungen\/der-fefco-code-verpackungen-einfach-erklaert\/#geschichte\">Wie ist der FEFCO-Katalog entstanden?<\/a><\/li>\n<li><a href=\"https:\/\/www.medewo.com\/blog\/de\/loesungen\/der-fefco-code-verpackungen-einfach-erklaert\/#codes\">Was bedeuten die FEFCO-Codes?<\/a><\/li>\n<li><a href=\"https:\/\/www.medewo.com\/blog\/de\/loesungen\/der-fefco-code-verpackungen-einfach-erklaert\/#vorteile\">Welche Vorteile bietet Ihnen der FEFCO-Code?<\/a><\/li>\n<\/ul>\n<p>[\/vc_column_text][vc_empty_space][vc_separator][vc_empty_space][vc_column_text]<\/p>\n<h2 id=\"erklaerung\" class=\"wp-block-heading\">Was ist ein FEFCO-Code?<\/h2>\n<p>[\/vc_column_text][vc_empty_space height=&#8220;20px&#8220;][\/vc_column][\/vc_row][vc_row][vc_column width=&#8220;1\/2&#8243;][vc_single_image image=&#8220;18680&#8243; img_size=&#8220;full&#8220;][\/vc_column][vc_column width=&#8220;1\/2&#8243;][vc_column_text]<\/p>\n<p>Wer schon einmal eine Versandverpackung aus Well- oder Vollpappe aufgefaltet oder zusammengesteckt hat, hat vielleicht festgestellt, mit wie viel Finesse diese aufgebaut ist. Da gibt es Ausstanzungen, Perforationen, gerillte Bereiche f\u00fcr Faltungen, Laschenklebungen und vieles mehr. Dass bei der Fertigung der Kartonagen alles so hergestellt wird wie gew\u00fcnscht, daf\u00fcr sorgt der FEFCO-Code.<\/p>\n<p>Dabei ist zum einen standardisiert, mit welchen vier Ziffern welche Art von Konstruktion beschreiben wird<\/p>\n<p>[\/vc_column_text][\/vc_column][\/vc_row][vc_row][vc_column][vc_column_text](siehe unten) und zum anderen mit welchen Symbolen bei Zeichnungen z. B. eine Rilllinie, Aufrei\u00dfperforation, Drahtheftung oder Handgriff\u00f6ffnungen dargestellt wird. Und das immer \u00abmit dem Ziel umst\u00e4ndliche Definitionen von Wellpappeschachtel- und Verpackungskonstruktionen durch einfache, international g\u00fcltige Symbole zu ersetzen, die unabh\u00e4ngig von sprachlichen und anderen Schwierigkeiten allgemein verst\u00e4ndlich sind\u00bb, wie es im entsprechenden FEFCO-Katalog hei\u00dft. Einzig die Gr\u00f6\u00dfe der jeweiligen Kartonagen wird dabei nicht ber\u00fccksichtigt.[\/vc_column_text][vc_empty_space][vc_column_text]            <style>\n                .message_box_wrapper {\n                    display: block;\n                    width: 100%;\n                    width: calc( 100% - 32px );\n                    margin-bottom: 30px;\n                    margin-top: 15px;\n                    padding: 15px;\n                    float: left;\n                    background: #f9f9f9;\n                    border: 1px solid #dddddd;\n                }\n                .message_box_wrapper .message_box_icon {\n                    margin-bottom: 0;\n                }\n                .message_box_wrapper .message_box_caption {\n                    margin-left: 70px;\n                }\n                .message_box_wrapper .message_box_caption .message_box_button {\n                    background: #278dd1;\n                    border-color: #278dd1;\n                    display: inline-block;\n                    padding: 6px 20px;\n                    line-height: 1.42857143;\n                    color: #fff;\n                    font-size: 17px;\n                    font-weight: normal;\n                    text-decoration: none;\n                }\n            <\/style>\n\n            <div class=\"message_box_wrapper\">\n                <p>\n                    <img decoding=\"async\" class=\"alignleft wp-image-4005 message_box_icon\" title=\"MEDEWO-Tipp\" src=\"https:\/\/www.medewo.com\/blog\/wp-content\/themes\/dt-the7-child\/img\/icons\/Hinweis.svg\" alt=\"MEDEWO-Tipp\" width=\"50\" height=\"50\">\n                <\/p>\n                Neben dem FEFCO-Code gibt es auch den ECMA-Code, der auf \u00e4hnliche Weise die Bauarten klar beschreibt. ER behandelt dabei nur Faltschachteln und wird auch bei Verpackungen aus Karton eingesetzt.                 <p class=\"message_box_caption\">\n                                    <\/p>\n            <\/div>\n        [\/vc_column_text][vc_empty_space][vc_column_text]<\/p>\n<h2 id=\"geschichte\" class=\"wp-block-heading\">Wie ist der FEFCO-Katalog entstanden?<\/h2>\n<p>[\/vc_column_text][vc_empty_space height=&#8220;20px&#8220;][\/vc_column][\/vc_row][vc_row][vc_column width=&#8220;1\/2&#8243;][vc_column_text]Um die Kommunikation \u00fcber Verpackungen zwischen Anwender, H\u00e4ndler oder Hersteller zu vereinfachen und vereinheitlichen, war die Schaffung eines internationalen Codes von entscheidender Bedeutung. Bereits in den 60er-Jahren entwickelte daher die Europ\u00e4ische Vereinigung der Wellpappehersteller (Federation of Corrugated Board Manufacturers) den ersten Entwurf. So ist die Organisation auch Namensgeber f\u00fcr den Code, hie\u00df sie damals doch\u00a0<strong>F<\/strong>\u00e9d\u00e9ration\u00a0<strong>E<\/strong>urop\u00e9enne des\u00a0<strong>F<\/strong>abricants de\u00a0<strong>C<\/strong>arton\u00a0<strong>O<\/strong>ndule\u00e9, also abgek\u00fcrzt FEFCO.[\/vc_column_text][\/vc_column][vc_column width=&#8220;1\/2&#8243;][vc_single_image image=&#8220;18677&#8243; img_size=&#8220;full&#8220; alignment=&#8220;right&#8220;][\/vc_column][\/vc_row][vc_row][vc_column][vc_empty_space height=&#8220;12px&#8220;][vc_column_text]<\/p>\n<p>Da die standardisierte Beschreibung der Konstruktionen von der Europ\u00e4ischen Organisation f\u00fcr Vollpappe (kurz ESBO,\u00a0<strong>E<\/strong>uropean\u00a0<strong>S<\/strong>olid\u00a0<strong>B<\/strong>oard\u00a0<strong>O<\/strong>rganization) \u00fcbernommen wurde und sie bei der Weiterentwicklung beteiligt war, spricht man mittlerweile ebenfalls vom FEFCO-ESBO-Code.<\/p>\n<p>Inzwischen ist dieser auch \u00fcber die europ\u00e4ischen Grenzen hinaus im Einsatz, denn der Weltverband f\u00fcr die Wellpappenbranche (kurz ICCA, International Corrugated Case Association) hat den Code ebenfalls anerkannt und nutzt ihn, wobei weiterhin nur die FEFCO und ESBO die Ausf\u00fchrungen ver\u00e4ndern bzw. erg\u00e4nzen d\u00fcrfen.<\/p>\n<p>[\/vc_column_text][vc_empty_space height=&#8220;18px&#8220;][vc_column_text]            <style>\n                .message_box_wrapper {\n                    display: block;\n                    width: 100%;\n                    width: calc( 100% - 32px );\n                    margin-bottom: 30px;\n                    margin-top: 15px;\n                    padding: 15px;\n                    float: left;\n                    background: #f9f9f9;\n                    border: 1px solid #dddddd;\n                }\n                .message_box_wrapper .message_box_icon {\n                    margin-bottom: 0;\n                }\n                .message_box_wrapper .message_box_caption {\n                    margin-left: 70px;\n                }\n                .message_box_wrapper .message_box_caption .message_box_button {\n                    background: #278dd1;\n                    border-color: #278dd1;\n                    display: inline-block;\n                    padding: 6px 20px;\n                    line-height: 1.42857143;\n                    color: #fff;\n                    font-size: 17px;\n                    font-weight: normal;\n                    text-decoration: none;\n                }\n            <\/style>\n\n            <div class=\"message_box_wrapper\">\n                <p>\n                    <img decoding=\"async\" class=\"alignleft wp-image-4005 message_box_icon\" title=\"MEDEWO-Tipp\" src=\"https:\/\/www.medewo.com\/blog\/wp-content\/themes\/dt-the7-child\/img\/icons\/Tipp.svg\" alt=\"MEDEWO-Tipp\" width=\"50\" height=\"50\">\n                <\/p>\n                Den vollst\u00e4ndigen FEFCO-Katalog finden Sie auf der Seite der Europ\u00e4ische Vereinigung der Wellpappehersteller:                 <p class=\"message_box_caption\">\n                                            <a class=\"message_box_button\" title=\"Jetzt FEFCO-Katalog herunterladen\" href=\"https:\/\/www.fefco.org\/sites\/default\/files\/documents\/FEFCO_Codes_of_Designs.pdf\" target=\"_self\">Jetzt FEFCO-Katalog herunterladen<\/a>\n                                    <\/p>\n            <\/div>\n        [\/vc_column_text][vc_empty_space][vc_column_text]<\/p>\n<h2 id=\"codes\" class=\"wp-block-heading\">Was bedeuten die FEFCO-Codes?<\/h2>\n<p>Der FEFCO-Katalog sieht eine klare Kategorisierung f\u00fcr verschiedene Bauformen von Verpackungen vor und gibt diese in vierstelligen Kennziffern vor. Die ersten beiden geben dabei den Grundtyp der Ausf\u00fchrung an, von denen es neun verschiedene gibt:<\/p>\n<ul>\n<li><strong>01 = Rollen und B\u00f6gen<\/strong> Rollenwellpappe oder Bogenzuschnitte<\/li>\n<li><strong>02 = Faltschachteln (Faltkisten)<\/strong> Flach gelieferter Zuschnitt, der mit Hilfe von Deckel- und Bodenklappen verschlossen wird<\/li>\n<li><strong>03 = Deckelschachteln<\/strong> Stulpschachteln aus zwei oder mehreren separaten Teilen, wobei klassischerweise ein Oberteil, der Deckel, \u00fcber das Unterteil, den Boden, gest\u00fclpt wird<\/li>\n<li><strong>04 = Falth\u00fcllen und Trays<\/strong> Zuschnitt, an dem Seitenw\u00e4nde oder Deckel bereits am Boden befestigt (\u00abangelenkt\u00bb) sind \u2013 kann \u00fcber Handgriffe, Display etc. verf\u00fcgen<\/li>\n<li><strong>05 = Schiebeschachteln<\/strong> Auch G\u00fcrtelschachteln genannt, Ringeins\u00e4tze und Manschetten werden ineinandergeschoben<\/li>\n<li><strong>06 = Formfeste Schachteln<\/strong> Dreiteilige Verpackung, bei der zwei Seitenteile noch am Mittelteil (=Boden &amp; Deckel) z. B. mit Drahtheftung befestigt wird<\/li>\n<li><strong>07 = Fertig geklebte Schachteln<\/strong> Einteilige Schachtel, die schnell aufgerichtet ist<\/li>\n<li><strong>09 = Inneneinrichtungen<\/strong> In der Verpackung bereits integrierte oder getrennte Elemente wie Stege, Gefache oder Polster<\/li>\n<\/ul>\n<p>W\u00e4hrend die ersten beiden Ziffern, wie erw\u00e4hnt, den Grundtyp angeben, spezifizieren zwei zus\u00e4tzliche Nummern die Variationen davon. Hier einige Beispiele zur \u00dcbersicht:[\/vc_column_text][vc_empty_space height=&#8220;18px&#8220;][vc_column_text]<strong>01 Rollen und B\u00f6gen<\/strong>[\/vc_column_text][vc_empty_space height=&#8220;20px&#8220;][\/vc_column][\/vc_row][vc_row][vc_column width=&#8220;1\/2&#8243;][vc_single_image image=&#8220;18644&#8243; img_size=&#8220;full&#8220;][vc_empty_space height=&#8220;24px&#8220;][vc_single_image image=&#8220;18647&#8243; img_size=&#8220;full&#8220;][\/vc_column][vc_column width=&#8220;1\/2&#8243;][vc_empty_space height=&#8220;50px&#8220;][vc_column_text]<a href=\"https:\/\/www.medewo.com\/de\/glossar\/fefco-0100\/\"><em>FEFCO 0100<\/em><\/a> Rollenwellpappe mit offener Welle \u2013 zum Einwickeln oder als Zwischenlage[\/vc_column_text][vc_empty_space height=&#8220;230px&#8220;][vc_column_text]<em>FEFCO 0110<\/em> Wellpappe als Bogenware \u2013 ideal zum Zwischen- oder Auflegen[\/vc_column_text][\/vc_column][\/vc_row][vc_row][vc_column][vc_column_text]<strong>02 Faltschachteln<\/strong>[\/vc_column_text][vc_empty_space height=&#8220;20px&#8220;][\/vc_column][\/vc_row][vc_row][vc_column width=&#8220;1\/2&#8243;][vc_single_image image=&#8220;18650&#8243; img_size=&#8220;full&#8220;][vc_empty_space height=&#8220;20px&#8220;][vc_single_image image=&#8220;18653&#8243; img_size=&#8220;full&#8220;][\/vc_column][vc_column width=&#8220;1\/2&#8243;][vc_empty_space height=&#8220;65px&#8220;][vc_column_text]<a href=\"https:\/\/www.medewo.com\/de\/glossar\/fefco-0201\/\"><em>FEFCO 0201<\/em><\/a> der Klassiker unter den Kartonagen: die Faltschachtel mit zusammensto\u00dfenden Klappen[\/vc_column_text][vc_empty_space height=&#8220;16px&#8220;]<style type=\"text\/css\" data-type=\"the7_shortcodes-inline-css\">#default-btn-78df6bbdafb9665c3208dbb8f9f6db1a.ico-right-side > i {\n  margin-right: 0px;\n  margin-left: 8px;\n}\n#default-btn-78df6bbdafb9665c3208dbb8f9f6db1a > i {\n  margin-right: 8px;\n}<\/style><a href=\"https:\/\/www.medewo.com\/de\/lagersortiment\/kartons-schachteln\/faltkartons\/\" class=\"default-btn-shortcode dt-btn dt-btn-m link-hover-off btn-inline-left \" id=\"default-btn-78df6bbdafb9665c3208dbb8f9f6db1a\"><span>Zu allen Faltkartons FEFCO 0201<\/span><\/a>[vc_empty_space height=&#8220;180px&#8220;][vc_column_text]<a href=\"https:\/\/www.medewo.com\/de\/glossar\/fefco-0203\/\"><em>FEFCO 020<\/em>3<\/a> dank \u00fcberlappender Klappen besonders stabil f\u00fcr schwere Produkte[\/vc_column_text][\/vc_column][\/vc_row][vc_row][vc_column][vc_empty_space height=&#8220;20px&#8220;][vc_column_text]<strong>03 Deckelschachteln<\/strong>[\/vc_column_text][vc_empty_space height=&#8220;20px&#8220;][\/vc_column][\/vc_row][vc_row][vc_column width=&#8220;1\/2&#8243;][vc_single_image image=&#8220;18656&#8243; img_size=&#8220;full&#8220;][\/vc_column][vc_column width=&#8220;1\/2&#8243;][vc_empty_space height=&#8220;20px&#8220;][vc_empty_space height=&#8220;20px&#8220;][vc_column_text]<em>FEFCO 0304<\/em> dank Diagonal-Rillungen in den L\u00e4ngsseiten fix aufgerichtet \u2013 kein Verkleben n\u00f6tig[\/vc_column_text][\/vc_column][\/vc_row][vc_row][vc_column][vc_empty_space height=&#8220;20px&#8220;][vc_column_text]<strong>04 Falth\u00fcllen und Trays<\/strong>[\/vc_column_text][vc_empty_space height=&#8220;20px&#8220;][\/vc_column][\/vc_row][vc_row][vc_column width=&#8220;1\/2&#8243;][vc_single_image image=&#8220;18659&#8243; img_size=&#8220;full&#8220;][vc_single_image image=&#8220;18662&#8243; img_size=&#8220;full&#8220;][vc_single_image image=&#8220;30875&#8243; img_size=&#8220;full&#8220;][\/vc_column][vc_column width=&#8220;1\/2&#8243;][vc_empty_space height=&#8220;60px&#8220;][vc_column_text]<em>FEFCO 0421<\/em> Stanzverpackung, die mit Verbindungs- und Einstecklasche aufgebaut wird \u2013 kein zus\u00e4tzlicher Verschluss n\u00f6tig[\/vc_column_text][vc_empty_space height=&#8220;100px&#8220;][vc_empty_space height=&#8220;100px&#8220;][vc_column_text]<em>FEFCO 0422<\/em> oben offene Faltsteige, die dank Laschen gesichert ist[\/vc_column_text][vc_empty_space height=&#8220;180px&#8220;][vc_column_text]<a href=\"https:\/\/www.medewo.com\/de\/glossar\/fefco-0427\/\"><em>FEFCO 0427<\/em><\/a> Klappschachtel mit praktischen Einstecklaschen sowie Steckverschluss[\/vc_column_text][\/vc_column][\/vc_row][vc_row][vc_column][vc_empty_space height=&#8220;20px&#8220;][vc_column_text]<strong>05 Schiebeschachteln<\/strong>[\/vc_column_text][vc_empty_space height=&#8220;20px&#8220;][\/vc_column][\/vc_row][vc_row][vc_column width=&#8220;1\/2&#8243;][vc_single_image image=&#8220;18665&#8243; img_size=&#8220;full&#8220;][\/vc_column][vc_column width=&#8220;1\/2&#8243;][vc_empty_space height=&#8220;20px&#8220;][vc_empty_space height=&#8220;20px&#8220;][vc_column_text]<em>FEFCO 0509 <\/em>aus zwei Teilen bestehende Schiebeschachtel, wobei der Ringeinsatz bequem in die Manschette eingeschoben wird[\/vc_column_text][\/vc_column][\/vc_row][vc_row][vc_column][vc_empty_space height=&#8220;20px&#8220;][vc_column_text]<strong>07 Fertig geklebte Schachteln<\/strong>[\/vc_column_text][vc_empty_space height=&#8220;20px&#8220;][\/vc_column][\/vc_row][vc_row][vc_column width=&#8220;1\/2&#8243;][vc_single_image image=&#8220;32951&#8243; img_size=&#8220;full&#8220; css=&#8220;&#8220;][vc_empty_space height=&#8220;20px&#8220;][vc_single_image image=&#8220;18671&#8243; img_size=&#8220;full&#8220;][\/vc_column][vc_column width=&#8220;1\/2&#8243;][vc_empty_space height=&#8220;60px&#8220;][vc_column_text]<em>FEFCO 0701 <\/em>dank voll\u00fcberlappendem Automatikboden mit einem Griff aufgebaut und stabil[\/vc_column_text][vc_empty_space height=&#8220;100px&#8220;][vc_empty_space height=&#8220;150px&#8220;][vc_column_text]<em>FEFCO 0703 <\/em>mit Automatikboden und \u00fcberlappenden Deckelklappen idealer Versandkarton[\/vc_column_text][\/vc_column][\/vc_row][vc_row][vc_column][vc_empty_space height=&#8220;20px&#8220;][vc_column_text]<strong>09 Inneneinrichtungen<\/strong>[\/vc_column_text][vc_empty_space height=&#8220;20px&#8220;][\/vc_column][\/vc_row][vc_row][vc_column width=&#8220;1\/2&#8243;][vc_single_image image=&#8220;18674&#8243; img_size=&#8220;full&#8220;][\/vc_column][vc_column width=&#8220;1\/2&#8243;][vc_empty_space height=&#8220;60px&#8220;][vc_column_text]<em>FEFCO 0920 <\/em>einfach aufgerichtete Einlage, die Flaschen innerhalb eines Versandkartons trennt und fixiert[\/vc_column_text][\/vc_column][\/vc_row][vc_row][vc_column][vc_empty_space height=&#8220;20px&#8220;][vc_column_text]Werden die Standardformen weiter abgewandelt, kann der vierstellige Typencode noch mit einem Bindestrich um weitere Ziffern erg\u00e4nzt werden.<\/p>\n<p>&nbsp;<\/p>\n<h2 id=\"vorteile\" class=\"wp-block-heading\">Welche Vorteile bietet Ihnen der FEFCO-Code?<\/h2>\n<p>Gerade wenn Sie ein individuelles Verpackungsprojekt umsetzen m\u00f6chten, ist es wichtig, dass die Verpackung ganz genau nach Ihren W\u00fcnschen gefertigt wird \u2013 ob eine\u00a0<a title=\"Mehr zu Stanzverpackungen erfahren\" href=\"https:\/\/www.medewo.com\/de\/stanzverpackungen-nach-mass\">Stanzverpackung<\/a>\u00a0oder ein\u00a0<a title=\"Mehr zu individuellen Kartons erfahren\" href=\"https:\/\/www.medewo.com\/de\/schachteln-bedrucken\">bedruckter Karton<\/a>\u00a0mit Ihrem Logo. So garantiert Ihnen auch hier der FEFCO-Code, dass alle von derselben Sache sprechen und Sie am Ende die L\u00f6sung erhalten, die Sie bestellt haben.[\/vc_column_text][vc_empty_space height=&#8220;20px&#8220;][vc_empty_space height=&#8220;20px&#8220;][vc_empty_space height=&#8220;20px&#8220;][vc_column_text]<em>Sie haben noch Fragen rund um Faltkartons oder m\u00f6chten sich von der Vielfalt von Kartonagen selbst \u00fcberzeugen? Kontaktieren Sie die MEDEWO-Spezialisten oder entdecken Sie unser gro\u00dfes Sortiment an Kartons &amp; Schachteln in unserem Web-Shop:<\/em>[\/vc_column_text][vc_empty_space height=&#8220;20px&#8220;][\/vc_column][\/vc_row][vc_row][vc_column width=&#8220;1\/2&#8243;]<style type=\"text\/css\" data-type=\"the7_shortcodes-inline-css\">#default-btn-b6f40a3c26d6f304a7ad3d8fcf6a20a5.ico-right-side > i {\n  margin-right: 0px;\n  margin-left: 8px;\n}\n#default-btn-b6f40a3c26d6f304a7ad3d8fcf6a20a5 > i {\n  margin-right: 8px;\n}<\/style><a href=\"https:\/\/www.medewo.com\/de\/contact\" class=\"default-btn-shortcode dt-btn dt-btn-l link-hover-off btn-inline-left \" id=\"default-btn-b6f40a3c26d6f304a7ad3d8fcf6a20a5\" title=\"Kontakt MEDEWO\"><span>Jetzt MEDEWO kontaktieren<\/span><\/a>[\/vc_column][vc_column width=&#8220;1\/2&#8243;]<style type=\"text\/css\" data-type=\"the7_shortcodes-inline-css\">#default-btn-a9f7f399b87fa2cfbfff285c341c3bb6.ico-right-side > i {\n  margin-right: 0px;\n  margin-left: 8px;\n}\n#default-btn-a9f7f399b87fa2cfbfff285c341c3bb6 > i {\n  margin-right: 8px;\n}<\/style><a href=\"https:\/\/www.medewo.com\/de\/lagersortiment\/kartons-schachteln\/\" class=\"default-btn-shortcode dt-btn dt-btn-m link-hover-off btn-inline-left \" id=\"default-btn-a9f7f399b87fa2cfbfff285c341c3bb6\" title=\"Zum Sortiment Kartons, Schachteln & Beh\u00e4lter\"><span>Zum Sortiment Kartons, Schachteln &amp; Beh\u00e4lter<\/span><\/a>[\/vc_column][\/vc_row]<\/p>\n<\/div>","protected":false},"excerpt":{"rendered":"<p>Sich \u00fcber Kartonagen einfach, schnell und ohne Missverst\u00e4ndnisse verst\u00e4ndigen? Der FEFCO-Code macht\u2019s m\u00f6glich. Doch wof\u00fcr stehen die Ziffern?<\/p>\n","protected":false},"author":1,"featured_media":18684,"comment_status":"open","ping_status":"open","sticky":false,"template":"","format":"standard","meta":{"pgc_sgb_lightbox_settings":"","footnotes":""},"categories":[2],"tags":[],"m2-product-id":[],"class_list":["post-16157","post","type-post","status-publish","format-standard","has-post-thumbnail","hentry","category-loesungen","category-2","description-off"],"yoast_head":"<!-- This site is optimized with the Yoast SEO plugin v26.8 - https:\/\/yoast.com\/product\/yoast-seo-wordpress\/ -->\n<title>Der FEFCO-Code \u2013 Wissenswertes rund um den \u00abVerpackungs-Code\u00bb<\/title>\n<meta name=\"description\" content=\"Sich \u00fcber Kartonagen einfach, schnell und ohne Missverst\u00e4ndnisse verst\u00e4ndigen? Der FEFCO-Code macht\u2019s m\u00f6glich. Erfahren Sie wie!\" \/>\n<meta name=\"robots\" content=\"index, follow, max-snippet:-1, max-image-preview:large, max-video-preview:-1\" \/>\n<link rel=\"canonical\" href=\"https:\/\/www.medewo.com\/blog\/de\/loesungen\/der-fefco-code-verpackungen-einfach-erklaert\/\" \/>\n<meta property=\"og:locale\" content=\"de_DE\" \/>\n<meta property=\"og:type\" content=\"article\" \/>\n<meta property=\"og:title\" content=\"Der FEFCO-Code \u2013 Wissenswertes rund um den \u00abVerpackungs-Code\u00bb\" \/>\n<meta property=\"og:description\" content=\"Sich \u00fcber Kartonagen einfach, schnell und ohne Missverst\u00e4ndnisse verst\u00e4ndigen? Der FEFCO-Code macht\u2019s m\u00f6glich. Erfahren Sie wie!\" \/>\n<meta property=\"og:url\" content=\"https:\/\/www.medewo.com\/blog\/de\/loesungen\/der-fefco-code-verpackungen-einfach-erklaert\/\" \/>\n<meta property=\"og:site_name\" content=\"MEDEWO Verpackungen\" \/>\n<meta property=\"article:published_time\" content=\"2021-01-11T23:00:00+00:00\" \/>\n<meta property=\"article:modified_time\" content=\"2025-06-23T10:49:13+00:00\" \/>\n<meta property=\"og:image\" content=\"https:\/\/www.medewo.com\/blog\/wp-content\/uploads\/2014\/09\/Hauptbild-FEFCO-Blog.jpg\" \/>\n\t<meta property=\"og:image:width\" content=\"775\" \/>\n\t<meta property=\"og:image:height\" content=\"519\" \/>\n\t<meta property=\"og:image:type\" content=\"image\/jpeg\" \/>\n<meta name=\"author\" content=\"admin\" \/>\n<meta name=\"twitter:card\" content=\"summary_large_image\" \/>\n<meta name=\"twitter:label1\" content=\"Verfasst von\" \/>\n\t<meta name=\"twitter:data1\" content=\"admin\" \/>\n\t<meta name=\"twitter:label2\" content=\"Gesch\u00e4tzte Lesezeit\" \/>\n\t<meta name=\"twitter:data2\" content=\"6\u00a0Minuten\" \/>\n<script type=\"application\/ld+json\" class=\"yoast-schema-graph\">{\"@context\":\"https:\/\/schema.org\",\"@graph\":[{\"@type\":\"Article\",\"@id\":\"https:\/\/www.medewo.com\/blog\/de\/loesungen\/der-fefco-code-verpackungen-einfach-erklaert\/#article\",\"isPartOf\":{\"@id\":\"https:\/\/www.medewo.com\/blog\/de\/loesungen\/der-fefco-code-verpackungen-einfach-erklaert\/\"},\"author\":{\"name\":\"admin\",\"@id\":\"https:\/\/www.medewo.com\/blog\/de\/#\/schema\/person\/84e17ff7dbd20461267b403e9de6651a\"},\"headline\":\"Der FEFCO-Code \u2013 Wissenswertes rund um den \u00abVerpackungs-Code\u00bb\",\"datePublished\":\"2021-01-11T23:00:00+00:00\",\"dateModified\":\"2025-06-23T10:49:13+00:00\",\"mainEntityOfPage\":{\"@id\":\"https:\/\/www.medewo.com\/blog\/de\/loesungen\/der-fefco-code-verpackungen-einfach-erklaert\/\"},\"wordCount\":1765,\"commentCount\":0,\"publisher\":{\"@id\":\"https:\/\/www.medewo.com\/blog\/de\/#organization\"},\"image\":{\"@id\":\"https:\/\/www.medewo.com\/blog\/de\/loesungen\/der-fefco-code-verpackungen-einfach-erklaert\/#primaryimage\"},\"thumbnailUrl\":\"https:\/\/www.medewo.com\/blog\/wp-content\/uploads\/2014\/09\/Hauptbild-FEFCO-Blog.jpg\",\"articleSection\":[\"L\u00f6sungen\"],\"inLanguage\":\"de\",\"potentialAction\":[{\"@type\":\"CommentAction\",\"name\":\"Comment\",\"target\":[\"https:\/\/www.medewo.com\/blog\/de\/loesungen\/der-fefco-code-verpackungen-einfach-erklaert\/#respond\"]}]},{\"@type\":\"WebPage\",\"@id\":\"https:\/\/www.medewo.com\/blog\/de\/loesungen\/der-fefco-code-verpackungen-einfach-erklaert\/\",\"url\":\"https:\/\/www.medewo.com\/blog\/de\/loesungen\/der-fefco-code-verpackungen-einfach-erklaert\/\",\"name\":\"Der FEFCO-Code \u2013 Wissenswertes rund um den \u00abVerpackungs-Code\u00bb\",\"isPartOf\":{\"@id\":\"https:\/\/www.medewo.com\/blog\/de\/#website\"},\"primaryImageOfPage\":{\"@id\":\"https:\/\/www.medewo.com\/blog\/de\/loesungen\/der-fefco-code-verpackungen-einfach-erklaert\/#primaryimage\"},\"image\":{\"@id\":\"https:\/\/www.medewo.com\/blog\/de\/loesungen\/der-fefco-code-verpackungen-einfach-erklaert\/#primaryimage\"},\"thumbnailUrl\":\"https:\/\/www.medewo.com\/blog\/wp-content\/uploads\/2014\/09\/Hauptbild-FEFCO-Blog.jpg\",\"datePublished\":\"2021-01-11T23:00:00+00:00\",\"dateModified\":\"2025-06-23T10:49:13+00:00\",\"description\":\"Sich \u00fcber Kartonagen einfach, schnell und ohne Missverst\u00e4ndnisse verst\u00e4ndigen? Der FEFCO-Code macht\u2019s m\u00f6glich. Erfahren Sie wie!\",\"breadcrumb\":{\"@id\":\"https:\/\/www.medewo.com\/blog\/de\/loesungen\/der-fefco-code-verpackungen-einfach-erklaert\/#breadcrumb\"},\"inLanguage\":\"de\",\"potentialAction\":[{\"@type\":\"ReadAction\",\"target\":[\"https:\/\/www.medewo.com\/blog\/de\/loesungen\/der-fefco-code-verpackungen-einfach-erklaert\/\"]}]},{\"@type\":\"ImageObject\",\"inLanguage\":\"de\",\"@id\":\"https:\/\/www.medewo.com\/blog\/de\/loesungen\/der-fefco-code-verpackungen-einfach-erklaert\/#primaryimage\",\"url\":\"https:\/\/www.medewo.com\/blog\/wp-content\/uploads\/2014\/09\/Hauptbild-FEFCO-Blog.jpg\",\"contentUrl\":\"https:\/\/www.medewo.com\/blog\/wp-content\/uploads\/2014\/09\/Hauptbild-FEFCO-Blog.jpg\",\"width\":775,\"height\":519,\"caption\":\"Wissenswertes zum FEFCO-Code\"},{\"@type\":\"BreadcrumbList\",\"@id\":\"https:\/\/www.medewo.com\/blog\/de\/loesungen\/der-fefco-code-verpackungen-einfach-erklaert\/#breadcrumb\",\"itemListElement\":[{\"@type\":\"ListItem\",\"position\":1,\"name\":\"Startseite\",\"item\":\"https:\/\/www.medewo.com\/blog\/de\/\"},{\"@type\":\"ListItem\",\"position\":2,\"name\":\"Der FEFCO-Code \u2013 Wissenswertes rund um den \u00abVerpackungs-Code\u00bb\"}]},{\"@type\":\"WebSite\",\"@id\":\"https:\/\/www.medewo.com\/blog\/de\/#website\",\"url\":\"https:\/\/www.medewo.com\/blog\/de\/\",\"name\":\"MEDEWO Verpackungen\",\"description\":\"News\",\"publisher\":{\"@id\":\"https:\/\/www.medewo.com\/blog\/de\/#organization\"},\"potentialAction\":[{\"@type\":\"SearchAction\",\"target\":{\"@type\":\"EntryPoint\",\"urlTemplate\":\"https:\/\/www.medewo.com\/blog\/de\/?s={search_term_string}\"},\"query-input\":{\"@type\":\"PropertyValueSpecification\",\"valueRequired\":true,\"valueName\":\"search_term_string\"}}],\"inLanguage\":\"de\"},{\"@type\":\"Organization\",\"@id\":\"https:\/\/www.medewo.com\/blog\/de\/#organization\",\"name\":\"MEDEWO\",\"url\":\"https:\/\/www.medewo.com\/blog\/de\/\",\"logo\":{\"@type\":\"ImageObject\",\"inLanguage\":\"de\",\"@id\":\"https:\/\/www.medewo.com\/blog\/de\/#\/schema\/logo\/image\/\",\"url\":\"https:\/\/www.medewo.com\/blog\/wp-content\/uploads\/2022\/03\/medewo-logo-claim-quer-2.png\",\"contentUrl\":\"https:\/\/www.medewo.com\/blog\/wp-content\/uploads\/2022\/03\/medewo-logo-claim-quer-2.png\",\"width\":350,\"height\":63,\"caption\":\"MEDEWO\"},\"image\":{\"@id\":\"https:\/\/www.medewo.com\/blog\/de\/#\/schema\/logo\/image\/\"}},{\"@type\":\"Person\",\"@id\":\"https:\/\/www.medewo.com\/blog\/de\/#\/schema\/person\/84e17ff7dbd20461267b403e9de6651a\",\"name\":\"admin\",\"image\":{\"@type\":\"ImageObject\",\"inLanguage\":\"de\",\"@id\":\"https:\/\/www.medewo.com\/blog\/de\/#\/schema\/person\/image\/\",\"url\":\"https:\/\/secure.gravatar.com\/avatar\/db2d5032d48e0c5ea69810e41539f6f14a63a77bccab5e2b2c7ed6f1712f7e3f?s=96&d=blank&r=g\",\"contentUrl\":\"https:\/\/secure.gravatar.com\/avatar\/db2d5032d48e0c5ea69810e41539f6f14a63a77bccab5e2b2c7ed6f1712f7e3f?s=96&d=blank&r=g\",\"caption\":\"admin\"}}]}<\/script>\n<!-- \/ Yoast SEO plugin. -->","yoast_head_json":{"title":"Der FEFCO-Code \u2013 Wissenswertes rund um den \u00abVerpackungs-Code\u00bb","description":"Sich \u00fcber Kartonagen einfach, schnell und ohne Missverst\u00e4ndnisse verst\u00e4ndigen? Der FEFCO-Code macht\u2019s m\u00f6glich. Erfahren Sie wie!","robots":{"index":"index","follow":"follow","max-snippet":"max-snippet:-1","max-image-preview":"max-image-preview:large","max-video-preview":"max-video-preview:-1"},"canonical":"https:\/\/www.medewo.com\/blog\/de\/loesungen\/der-fefco-code-verpackungen-einfach-erklaert\/","og_locale":"de_DE","og_type":"article","og_title":"Der FEFCO-Code \u2013 Wissenswertes rund um den \u00abVerpackungs-Code\u00bb","og_description":"Sich \u00fcber Kartonagen einfach, schnell und ohne Missverst\u00e4ndnisse verst\u00e4ndigen? Der FEFCO-Code macht\u2019s m\u00f6glich. Erfahren Sie wie!","og_url":"https:\/\/www.medewo.com\/blog\/de\/loesungen\/der-fefco-code-verpackungen-einfach-erklaert\/","og_site_name":"MEDEWO Verpackungen","article_published_time":"2021-01-11T23:00:00+00:00","article_modified_time":"2025-06-23T10:49:13+00:00","og_image":[{"width":775,"height":519,"url":"https:\/\/www.medewo.com\/blog\/wp-content\/uploads\/2014\/09\/Hauptbild-FEFCO-Blog.jpg","type":"image\/jpeg"}],"author":"admin","twitter_card":"summary_large_image","twitter_misc":{"Verfasst von":"admin","Gesch\u00e4tzte Lesezeit":"6\u00a0Minuten"},"schema":{"@context":"https:\/\/schema.org","@graph":[{"@type":"Article","@id":"https:\/\/www.medewo.com\/blog\/de\/loesungen\/der-fefco-code-verpackungen-einfach-erklaert\/#article","isPartOf":{"@id":"https:\/\/www.medewo.com\/blog\/de\/loesungen\/der-fefco-code-verpackungen-einfach-erklaert\/"},"author":{"name":"admin","@id":"https:\/\/www.medewo.com\/blog\/de\/#\/schema\/person\/84e17ff7dbd20461267b403e9de6651a"},"headline":"Der FEFCO-Code \u2013 Wissenswertes rund um den \u00abVerpackungs-Code\u00bb","datePublished":"2021-01-11T23:00:00+00:00","dateModified":"2025-06-23T10:49:13+00:00","mainEntityOfPage":{"@id":"https:\/\/www.medewo.com\/blog\/de\/loesungen\/der-fefco-code-verpackungen-einfach-erklaert\/"},"wordCount":1765,"commentCount":0,"publisher":{"@id":"https:\/\/www.medewo.com\/blog\/de\/#organization"},"image":{"@id":"https:\/\/www.medewo.com\/blog\/de\/loesungen\/der-fefco-code-verpackungen-einfach-erklaert\/#primaryimage"},"thumbnailUrl":"https:\/\/www.medewo.com\/blog\/wp-content\/uploads\/2014\/09\/Hauptbild-FEFCO-Blog.jpg","articleSection":["L\u00f6sungen"],"inLanguage":"de","potentialAction":[{"@type":"CommentAction","name":"Comment","target":["https:\/\/www.medewo.com\/blog\/de\/loesungen\/der-fefco-code-verpackungen-einfach-erklaert\/#respond"]}]},{"@type":"WebPage","@id":"https:\/\/www.medewo.com\/blog\/de\/loesungen\/der-fefco-code-verpackungen-einfach-erklaert\/","url":"https:\/\/www.medewo.com\/blog\/de\/loesungen\/der-fefco-code-verpackungen-einfach-erklaert\/","name":"Der FEFCO-Code \u2013 Wissenswertes rund um den \u00abVerpackungs-Code\u00bb","isPartOf":{"@id":"https:\/\/www.medewo.com\/blog\/de\/#website"},"primaryImageOfPage":{"@id":"https:\/\/www.medewo.com\/blog\/de\/loesungen\/der-fefco-code-verpackungen-einfach-erklaert\/#primaryimage"},"image":{"@id":"https:\/\/www.medewo.com\/blog\/de\/loesungen\/der-fefco-code-verpackungen-einfach-erklaert\/#primaryimage"},"thumbnailUrl":"https:\/\/www.medewo.com\/blog\/wp-content\/uploads\/2014\/09\/Hauptbild-FEFCO-Blog.jpg","datePublished":"2021-01-11T23:00:00+00:00","dateModified":"2025-06-23T10:49:13+00:00","description":"Sich \u00fcber Kartonagen einfach, schnell und ohne Missverst\u00e4ndnisse verst\u00e4ndigen? Der FEFCO-Code macht\u2019s m\u00f6glich. Erfahren Sie wie!","breadcrumb":{"@id":"https:\/\/www.medewo.com\/blog\/de\/loesungen\/der-fefco-code-verpackungen-einfach-erklaert\/#breadcrumb"},"inLanguage":"de","potentialAction":[{"@type":"ReadAction","target":["https:\/\/www.medewo.com\/blog\/de\/loesungen\/der-fefco-code-verpackungen-einfach-erklaert\/"]}]},{"@type":"ImageObject","inLanguage":"de","@id":"https:\/\/www.medewo.com\/blog\/de\/loesungen\/der-fefco-code-verpackungen-einfach-erklaert\/#primaryimage","url":"https:\/\/www.medewo.com\/blog\/wp-content\/uploads\/2014\/09\/Hauptbild-FEFCO-Blog.jpg","contentUrl":"https:\/\/www.medewo.com\/blog\/wp-content\/uploads\/2014\/09\/Hauptbild-FEFCO-Blog.jpg","width":775,"height":519,"caption":"Wissenswertes zum FEFCO-Code"},{"@type":"BreadcrumbList","@id":"https:\/\/www.medewo.com\/blog\/de\/loesungen\/der-fefco-code-verpackungen-einfach-erklaert\/#breadcrumb","itemListElement":[{"@type":"ListItem","position":1,"name":"Startseite","item":"https:\/\/www.medewo.com\/blog\/de\/"},{"@type":"ListItem","position":2,"name":"Der FEFCO-Code \u2013 Wissenswertes rund um den \u00abVerpackungs-Code\u00bb"}]},{"@type":"WebSite","@id":"https:\/\/www.medewo.com\/blog\/de\/#website","url":"https:\/\/www.medewo.com\/blog\/de\/","name":"MEDEWO Verpackungen","description":"News","publisher":{"@id":"https:\/\/www.medewo.com\/blog\/de\/#organization"},"potentialAction":[{"@type":"SearchAction","target":{"@type":"EntryPoint","urlTemplate":"https:\/\/www.medewo.com\/blog\/de\/?s={search_term_string}"},"query-input":{"@type":"PropertyValueSpecification","valueRequired":true,"valueName":"search_term_string"}}],"inLanguage":"de"},{"@type":"Organization","@id":"https:\/\/www.medewo.com\/blog\/de\/#organization","name":"MEDEWO","url":"https:\/\/www.medewo.com\/blog\/de\/","logo":{"@type":"ImageObject","inLanguage":"de","@id":"https:\/\/www.medewo.com\/blog\/de\/#\/schema\/logo\/image\/","url":"https:\/\/www.medewo.com\/blog\/wp-content\/uploads\/2022\/03\/medewo-logo-claim-quer-2.png","contentUrl":"https:\/\/www.medewo.com\/blog\/wp-content\/uploads\/2022\/03\/medewo-logo-claim-quer-2.png","width":350,"height":63,"caption":"MEDEWO"},"image":{"@id":"https:\/\/www.medewo.com\/blog\/de\/#\/schema\/logo\/image\/"}},{"@type":"Person","@id":"https:\/\/www.medewo.com\/blog\/de\/#\/schema\/person\/84e17ff7dbd20461267b403e9de6651a","name":"admin","image":{"@type":"ImageObject","inLanguage":"de","@id":"https:\/\/www.medewo.com\/blog\/de\/#\/schema\/person\/image\/","url":"https:\/\/secure.gravatar.com\/avatar\/db2d5032d48e0c5ea69810e41539f6f14a63a77bccab5e2b2c7ed6f1712f7e3f?s=96&d=blank&r=g","contentUrl":"https:\/\/secure.gravatar.com\/avatar\/db2d5032d48e0c5ea69810e41539f6f14a63a77bccab5e2b2c7ed6f1712f7e3f?s=96&d=blank&r=g","caption":"admin"}}]}},"magento_index":false,"_links":{"self":[{"href":"https:\/\/www.medewo.com\/blog\/de\/wp-json\/wp\/v2\/posts\/16157","targetHints":{"allow":["GET"]}}],"collection":[{"href":"https:\/\/www.medewo.com\/blog\/de\/wp-json\/wp\/v2\/posts"}],"about":[{"href":"https:\/\/www.medewo.com\/blog\/de\/wp-json\/wp\/v2\/types\/post"}],"author":[{"embeddable":true,"href":"https:\/\/www.medewo.com\/blog\/de\/wp-json\/wp\/v2\/users\/1"}],"replies":[{"embeddable":true,"href":"https:\/\/www.medewo.com\/blog\/de\/wp-json\/wp\/v2\/comments?post=16157"}],"version-history":[{"count":29,"href":"https:\/\/www.medewo.com\/blog\/de\/wp-json\/wp\/v2\/posts\/16157\/revisions"}],"predecessor-version":[{"id":32955,"href":"https:\/\/www.medewo.com\/blog\/de\/wp-json\/wp\/v2\/posts\/16157\/revisions\/32955"}],"wp:featuredmedia":[{"embeddable":true,"href":"https:\/\/www.medewo.com\/blog\/de\/wp-json\/wp\/v2\/media\/18684"}],"wp:attachment":[{"href":"https:\/\/www.medewo.com\/blog\/de\/wp-json\/wp\/v2\/media?parent=16157"}],"wp:term":[{"taxonomy":"category","embeddable":true,"href":"https:\/\/www.medewo.com\/blog\/de\/wp-json\/wp\/v2\/categories?post=16157"},{"taxonomy":"post_tag","embeddable":true,"href":"https:\/\/www.medewo.com\/blog\/de\/wp-json\/wp\/v2\/tags?post=16157"},{"taxonomy":"m2-product-id","embeddable":true,"href":"https:\/\/www.medewo.com\/blog\/de\/wp-json\/wp\/v2\/m2-product-id?post=16157"}],"curies":[{"name":"wp","href":"https:\/\/api.w.org\/{rel}","templated":true}]}}