{"id":34744,"date":"2025-02-07T12:41:41","date_gmt":"2025-02-07T11:41:41","guid":{"rendered":"https:\/\/www.medewo.com\/blog\/?p=34744"},"modified":"2025-06-16T09:18:54","modified_gmt":"2025-06-16T07:18:54","slug":"tendances-de-lemballage-en-2025","status":"publish","type":"post","link":"https:\/\/www.medewo.com\/blog\/ch-fr\/solutions\/tendances-de-lemballage-en-2025\/","title":{"rendered":"Tendances de l&#8217;emballage en 2025"},"content":{"rendered":"<div class=\"wpb-content-wrapper\"><p>[vc_row][vc_column][vc_empty_space height=&#8221;15px&#8221;][\/vc_column][\/vc_row][vc_row][vc_column][vc_column_text css=&#8221;&#8221;]Pour la nouvelle ann\u00e9e 2025, nos sp\u00e9cialistes de MEDEWO se sont transform\u00e9s en diseurs de bonne aventure, ont concentr\u00e9 toute leur attention sur leur boule de cristal pour \u00abpr\u00e9dire\u00bb les tendances en mati\u00e8re d&#8217;emballage. Quels sont les d\u00e9veloppements et innovations qui nous attendent?<\/p>\n<p>Vous trouverez ici quatre pr\u00e9dictions sur ce que pourrait r\u00e9server la nouvelle ann\u00e9e \u00e0 notre monde de l&#8217;emballage.[\/vc_column_text][\/vc_column][\/vc_row][vc_row][vc_column][vc_empty_space][\/vc_column][\/vc_row][vc_row][vc_column][vc_single_image image=&#8221;34456&#8243; img_size=&#8221;full&#8221; css=&#8221;&#8221;][\/vc_column][\/vc_row][vc_row][vc_column][vc_empty_space height=&#8221;5px&#8221;][\/vc_column][\/vc_row][vc_row][vc_column][\/vc_column][\/vc_row][vc_row][vc_column][vc_empty_space height=&#8221;15px&#8221;][\/vc_column][\/vc_row][vc_row][vc_column][vc_column_text css=&#8221;&#8221;][\/vc_column_text][vc_column_text css=&#8221;&#8221;]<\/p>\n<h3><strong>Emballages r\u00e9utilisables<\/strong><\/h3>\n<h5><em>Alexander Rabiser, chef de produit<\/em><\/h5>\n<p>Je suis d&#8217;avis que <a href=\"https:\/\/www.medewo.com\/ch-fr\/shop-a-themes\/durable-et-preservant-les-ressources\/emballages-de-transport-reutilisables\/\">les emballages r\u00e9utilisables<\/a> ne sont plus une niche, mais un \u00e9l\u00e9ment fixe et pertinent du march\u00e9 de l&#8217;emballage. Le domaine de la restauration a d\u00e9j\u00e0 bien \u00e9volu\u00e9. \u00c0 pr\u00e9sent l&#8217;accent se d\u00e9place de plus en plus vers les questions de stockage et de transport.<\/p>\n<p>Derri\u00e8re le terme \u00abemballages r\u00e9utilisables\u00bb se cache un concept tr\u00e8s simple: \u00abReuse\u00bb, l&#8217;un des mots magiques de l&#8217;\u00e9conomie circulaire. Le terme anglais \u00abReuse\u00bb se r\u00e9f\u00e8re \u00e0 l&#8217;utilisation de produits r\u00e9utilisables, notamment des cartons, des palettes ou des bo\u00eetes isothermes.<\/p>\n<p>Chez MEDEWO, nous attachons une importance particuli\u00e8re au fait de m\u00e9nager les ressources dans la fabrication de nos produits, afin que vous puissiez \u00e9galement en profiter dans votre entreprise. Que l&#8217;on pense notamment \u00e0 notre <a href=\"https:\/\/www.medewo.com\/ch-fr\/mehrweg-eurobehaelter-stapelbar-aus-kunststoff\" target=\"_blank\" rel=\"noopener\">bac gerbable de norme europ\u00e9enne<\/a>. Nos bo\u00eetes isothermes, telles que la bo\u00eete <a href=\"https:\/\/www.medewo.com\/ch-fr\/thermo-box-mecatherm-aus-epp\" target=\"_blank\" rel=\"noopener\">MECATHERM<\/a>, sont \u00e9galement parfaites pour une r\u00e9utilisation ult\u00e9rieure: il suffit de les laver et elles sont pr\u00eates \u00e0 servir une nouvelle fois. Si c&#8217;est plut\u00f4t le transport mondial qui vous int\u00e9resse, nos <a href=\"https:\/\/www.medewo.com\/ch-fr\/epal-europalette-neu\" target=\"_blank\" rel=\"noopener\">EPAL euro palettes<\/a> r\u00e9utilisables vous conviendront parfaitement.<\/p>\n<p>Elles permettent de r\u00e9duire \u00e0 la fois les ressources et les \u00e9missions de CO2.[\/vc_column_text][\/vc_column][\/vc_row][vc_row][vc_column][vc_empty_space height=&#8221;60px&#8221;][\/vc_column][\/vc_row][vc_row][vc_column][vc_single_image image=&#8221;34464&#8243; img_size=&#8221;full&#8221; css=&#8221;&#8221;][\/vc_column][\/vc_row][vc_row][vc_column][vc_empty_space height=&#8221;5px&#8221;][\/vc_column][\/vc_row][vc_row][vc_column][vc_column_text css=&#8221;&#8221;][\/vc_column_text][\/vc_column][\/vc_row][vc_row][vc_column][vc_empty_space height=&#8221;15px&#8221;][\/vc_column][\/vc_row][vc_row][vc_column][vc_column_text css=&#8221;&#8221;]<\/p>\n<h3><strong>Les mati\u00e8res premi\u00e8res renouvelables<\/strong><\/h3>\n<h5><em>Marco Stimpfl, chef de produit<\/em><\/h5>\n<p>Quand j&#8217;entends \u00abemballage du futur\u00bb, c&#8217;est surtout l&#8217;id\u00e9e des mati\u00e8res premi\u00e8res renouvelables qui me vient \u00e0 l&#8217;esprit. On l&#8217;\u00e9voque depuis un certain temps dans la discussion sur les solutions d&#8217;emballage durables, car ces mat\u00e9riaux ont d\u00e9j\u00e0 trouv\u00e9 de nombreuses applications dans notre secteur. L&#8217;utilisation de mati\u00e8res premi\u00e8res renouvelables offre non seulement des avantages \u00e9cologiques, mais aussi des opportunit\u00e9s \u00e9conomiques et sociales.<\/p>\n<p>Un cas d&#8217;\u00e9cole dans ce domaine, c&#8217;est le bois. <a href=\"https:\/\/www.medewo.com\/ch-fr\/shop-a-themes\/durable-et-preservant-les-ressources\/emballage-d-expedition-durables\/\" target=\"_blank\" rel=\"noopener\">Notre assortiment comporte de nombreux produits \u00e0 base de bois<\/a>: qu&#8217;il soit transform\u00e9 en papier ou en carton, il constitue l&#8217;un des principaux mat\u00e9riaux biosourc\u00e9s. Les produits d\u00e9riv\u00e9s du bois convainquent par leur excellente capacit\u00e9 de recyclage et l&#8217;efficacit\u00e9 bien \u00e9tablie de leur \u00e9conomie circulaire. L&#8217;utilisation du bois comme mat\u00e9riau d&#8217;emballage contribue ainsi de mani\u00e8re significative \u00e0 la r\u00e9duction de l&#8217;empreinte \u00e9cologique.<\/p>\n<p>Les emballages \u00e0 base de champignons repr\u00e9sentent \u00e9galement une tendance prometteuse. En utilisant leur structure racinaire, appel\u00e9e myc\u00e9lium, on peut obtenir de pr\u00e9cieuses mati\u00e8res premi\u00e8res pour fabriquer diff\u00e9rents emballages. Les propri\u00e9t\u00e9s l\u00e9g\u00e8rement \u00e9lastiques de ces emballages offrent une excellente protection pour l&#8217;exp\u00e9dition et le stockage de vos produits. Les champignons sont cultiv\u00e9s sp\u00e9cialement pour cet usage et poussent en quelques jours. On notera que le myc\u00e9lium utilis\u00e9 dans l&#8217;industrie de l&#8217;emballage n&#8217;est pas forc\u00e9ment propre \u00e0 la consommation humaine ou animale.<\/p>\n<p>Dans le domaine de la pr\u00e9servation des produits, par exemple en r\u00e9ponse \u00e0 des exigences \u00e9lev\u00e9es de protection contre les vapeurs nocives ou lorsqu&#8217;une propri\u00e9t\u00e9 isolante est requise, la mousse \u00e0 base de fibres de bois repr\u00e9sente une solution particuli\u00e8rement ad\u00e9quate. Ce mat\u00e9riau se compose principalement d&#8217;une mousse de cellulose issue de produits en papier recycl\u00e9. Il offre ainsi une alternative extr\u00eamement int\u00e9ressante et durable aux produits classiques en mousse ou en film plastique. De plus, cet emballage en cellulose est recyclable et peut facilement s&#8217;int\u00e9grer dans les processus de r\u00e9cup\u00e9ration du papier et du carton. L&#8217;exemple de la mousse de bois montre que la durabilit\u00e9 et l&#8217;efficacit\u00e9 \u00e9conomique sont tout \u00e0 fait compatibles.<\/p>\n<p>Ces tendances montrent que 2025 sera \u00e9galement sous le signe de la durabilit\u00e9 et de l&#8217;innovation dans le secteur des emballages de demain. On continuera de privil\u00e9gier des solutions innovantes et durables, \u00e0 la fois \u00e9cologiques et socialement acceptables. En utilisant des mati\u00e8res premi\u00e8res renouvelables et en encourageant l&#8217;\u00e9conomie circulaire pour le papier comme pour le plastique, nous apportons une contribution importante \u00e0 la protection de notre environnement et \u00e0 la garantie d&#8217;un avenir durable.[\/vc_column_text][\/vc_column][\/vc_row][vc_row][vc_column][vc_empty_space height=&#8221;60px&#8221;][\/vc_column][\/vc_row][vc_row][vc_column][vc_single_image image=&#8221;34476&#8243; img_size=&#8221;full&#8221; css=&#8221;&#8221;][\/vc_column][\/vc_row][vc_row][vc_column][vc_empty_space height=&#8221;5px&#8221;][\/vc_column][\/vc_row][vc_row][vc_column][vc_column_text css=&#8221;&#8221;][\/vc_column_text][\/vc_column][\/vc_row][vc_row][vc_column][vc_empty_space height=&#8221;15px&#8221;][\/vc_column][\/vc_row][vc_row][vc_column][vc_column_text css=&#8221;&#8221;]<\/p>\n<h3><strong>L&#8217;avenir prend vie<\/strong><\/h3>\n<h5><em>Roger Werndli, responsable du d\u00e9veloppement de l&#8217;assortiment<\/em><\/h5>\n<p>En 2025, je pr\u00e9vois que l&#8217;utilisation de codes QR (Quick Response) interactifs continuera d&#8217;augmenter. Nous utilisons d\u00e9j\u00e0 cette m\u00e9thode simple et s\u00fbre au sein du groupe MEDEWO, par exemple pour fournir \u00e0 nos clients des informations compl\u00e8tes sur la durabilit\u00e9 et le cycle de vie du carton ondul\u00e9. En scannant un code QR imprim\u00e9 \u00e0 l&#8217;ext\u00e9rieur de nos cartons, les utilisateurs et les destinataires de ces produits d&#8217;emballage acc\u00e8dent en quelques secondes au une page d&#8217;information sur Internet.<\/p>\n<p>D&#8217;autres technologies innovantes telles que l&#8217;<strong>\u00ab<\/strong>Augmented reality (r\u00e9alit\u00e9 augment\u00e9e)\u00bb (AR) sont \u00e9galement en plein essor. L&#8217;AR permet d&#8217;int\u00e9grer en temps r\u00e9el des \u00e9l\u00e9ments g\u00e9n\u00e9r\u00e9s par ordinateur tels que des mod\u00e8les 3D, du texte, des graphiques ou du contenu audio dans les environnements r\u00e9els d&#8217;un utilisateur. Par exemple, dans notre domaine, les clients ont la possibilit\u00e9 de num\u00e9riser un graphique sur un carton, permettant ainsi \u00e0 l&#8217;emballage de <strong>\u00ab<\/strong>prendre vie\u00bb dans une repr\u00e9sentation en trois dimensions. Cette fusion de mat\u00e9riel num\u00e9rique et analogique permet de cr\u00e9er un monde interactif au service de l&#8217;innovation.[\/vc_column_text][\/vc_column][\/vc_row][vc_row][vc_column][vc_empty_space height=&#8221;20px&#8221;][\/vc_column][\/vc_row][vc_row][vc_column][vc_column_text css=&#8221;&#8221;]            <style>\n                .message_box_wrapper {\n                    display: block;\n                    width: 100%;\n                    width: calc( 100% - 32px );\n                    margin-bottom: 30px;\n                    margin-top: 15px;\n                    padding: 15px;\n                    float: left;\n                    background: #f9f9f9;\n                    border: 1px solid #dddddd;\n                }\n                .message_box_wrapper .message_box_icon {\n                    margin-bottom: 0;\n                }\n                .message_box_wrapper .message_box_caption {\n                    margin-left: 70px;\n                }\n                .message_box_wrapper .message_box_caption .message_box_button {\n                    background: #278dd1;\n                    border-color: #278dd1;\n                    display: inline-block;\n                    padding: 6px 20px;\n                    line-height: 1.42857143;\n                    color: #fff;\n                    font-size: 17px;\n                    font-weight: normal;\n                    text-decoration: none;\n                }\n            <\/style>\n\n            <div class=\"message_box_wrapper\">\n                <p>\n                    <img decoding=\"async\" class=\"alignleft wp-image-4005 message_box_icon\" title=\"MEDEWO-Tipp\" src=\"https:\/\/www.medewo.com\/blog\/wp-content\/themes\/dt-the7-child\/img\/icons\/Tipp.svg\" alt=\"MEDEWO-Tipp\" width=\"50\" height=\"50\">\n                <\/p>\n                 Vous souhaitez faire imprimer un motif personnalis\u00e9 sur vos produits? Chez MEDEWO, nous nous ferons un plaisir de vous y aider! Jetez un coup d&#8217;\u0153il<a href=\"https:\/\/www.medewo.com\/ch-fr\/emballages-individuels\/impression-personnalisee-des-emballages\/\" target=\"_blank\" rel=\"noopener\"> ici<\/a>.                 <p class=\"message_box_caption\">\n                                    <\/p>\n            <\/div>\n        [\/vc_column_text][\/vc_column][\/vc_row][vc_row][vc_column][vc_empty_space height=&#8221;60px&#8221;][\/vc_column][\/vc_row][vc_row][vc_column][vc_single_image image=&#8221;34460&#8243; img_size=&#8221;full&#8221; css=&#8221;&#8221;][\/vc_column][\/vc_row][vc_row][vc_column][vc_empty_space height=&#8221;5px&#8221;][\/vc_column][\/vc_row][vc_row][vc_column][vc_column_text css=&#8221;&#8221;][\/vc_column_text][\/vc_column][\/vc_row][vc_row][vc_column][vc_empty_space height=&#8221;15px&#8221;][\/vc_column][\/vc_row][vc_row][vc_column][vc_column_text css=&#8221;&#8221;]<\/p>\n<h3>La facilit\u00e9 d&#8217;utilisation avant tout<\/h3>\n<h5><em>Andreas Meyenberg, chef de produit<\/em><\/h5>\n<p>L&#8217;ann\u00e9e 2025 est plac\u00e9e sous le signe de l&#8217;efficacit\u00e9, de la fonctionnalit\u00e9 et de la commodit\u00e9 maximale. Les emballages doivent non seulement optimiser le processus d&#8217;emballage, mais aussi offrir une r\u00e9elle valeur ajout\u00e9e aux consommateurs.<\/p>\n<p>Les entreprises misent de plus en plus sur des solutions intelligentes qui permettent d&#8217;\u00e9conomiser du temps et de l&#8217;argent, par exemple avec un <a href=\"https:\/\/www.medewo.com\/ch-fr\/assortiment-en-stock\/pochettes-d-expedition\/pochettes-matelassees\/\" target=\"_blank\" rel=\"noopener\">mat\u00e9riau de rembourrage int\u00e9gr\u00e9<\/a>, des <a href=\"https:\/\/www.medewo.com\/ch-fr\/assortiment-en-stock\/caisses-cartons-boites\/boite-d-expedition\/boites-et-caisses-a-hauteur-variable\/\" target=\"_blank\" rel=\"noopener\">emballages universels ou des produits aux dimensions variables<\/a> qui r\u00e9duisent efficacement les espaces vides. Ces tendances permettent \u00e0 la fois d&#8217;augmenter la productivit\u00e9 et de minimiser la consommation de mat\u00e9riaux et les volumes \u00e0 transporter.<\/p>\n<p>Pour les consommateurs, le confort d&#8217;utilisation est \u00e9galement de plus en plus important. Les emballages qui s&#8217;ouvrent et se referment sans effort, notamment les <a href=\"https:\/\/www.medewo.com\/ch-fr\/shop-a-themes\/emballages-pour-le-e-commerce\/emballages-d-expedition-optimises-pour-les-retours\/\" target=\"_blank\" rel=\"noopener\">bo\u00eetes et pochettes d&#8217;exp\u00e9dition avec aide \u00e0 la d\u00e9chirure<\/a> ou les <a href=\"https:\/\/www.medewo.com\/ch-fr\/assortiment-en-stock\/caisses-cartons-boites\/caisses-carton-a-rabat\/\" target=\"_blank\" rel=\"noopener\">bo\u00eetes pliantes avec languettes d&#8217;insertion<\/a>, permettent une utilisation plus agr\u00e9able.<\/p>\n<p>Dans le contexte d&#8217;un commerce \u00e9lectronique florissant, l&#8217;emballage \u00e9conome en ressources devient une priorit\u00e9. Les entreprises qui misent sur des solutions d&#8217;emballage durables et fonctionnelles sont bien pr\u00e9par\u00e9es pour l&#8217;avenir.[\/vc_column_text][\/vc_column][\/vc_row][vc_row][vc_column][vc_empty_space][\/vc_column][\/vc_row][vc_row][vc_column][vc_column_text css=&#8221;&#8221;]Vous trouverez de nombreuses autres nouveaut\u00e9s dans notre webshop.[\/vc_column_text][vc_empty_space height=&#8221;10px&#8221;]<style type=\"text\/css\" data-type=\"the7_shortcodes-inline-css\">#default-btn-eb3fe19ca1b7818c88d287d0c2b7b32e.ico-right-side > i {\n  margin-right: 0px;\n  margin-left: 8px;\n}\n#default-btn-eb3fe19ca1b7818c88d287d0c2b7b32e > i {\n  margin-right: 8px;\n}<\/style><a href=\"https:\/\/www.medewo.com\/ch-fr\/actions-et-nouveautes\/nouveautes\/\" class=\"default-btn-shortcode dt-btn dt-btn-m link-hover-off btn-inline-left \" target=\"_blank\" id=\"default-btn-eb3fe19ca1b7818c88d287d0c2b7b32e\" rel=\"noopener\"><span>Vers les nouveaut\u00e9s<\/span><\/a>[\/vc_column][\/vc_row][vc_row][vc_column][vc_empty_space height=&#8221;25px&#8221;][\/vc_column][\/vc_row][vc_row][vc_column][vc_column_text css=&#8221;&#8221;]Vous avez d&#8217;autres souhaits ou suggestions? Nos sp\u00e9cialistes de MEDEWO se feront un plaisir de vous conseiller:[\/vc_column_text][vc_empty_space height=&#8221;10px&#8221;]<style type=\"text\/css\" data-type=\"the7_shortcodes-inline-css\">#default-btn-f11b13474a0f15e26b4eac420c06f409.ico-right-side > i {\n  margin-right: 0px;\n  margin-left: 8px;\n}\n#default-btn-f11b13474a0f15e26b4eac420c06f409 > i {\n  margin-right: 8px;\n}<\/style><a href=\"https:\/\/www.medewo.com\/ch-fr\/contact\" class=\"default-btn-shortcode dt-btn dt-btn-m link-hover-off btn-inline-left \" target=\"_blank\" id=\"default-btn-f11b13474a0f15e26b4eac420c06f409\" rel=\"noopener\"><span>Contacter MEDEWO maintenant<\/span><\/a>[\/vc_column][\/vc_row][vc_row][vc_column][\/vc_column][\/vc_row][vc_column width=&#8221;1\/2&#8243;][\/vc_column]<\/p>\n<\/div>","protected":false},"excerpt":{"rendered":"<p>[vc_row][vc_column][vc_empty_space height=&#8221;15px&#8221;][\/vc_column][\/vc_row][vc_row][vc_column][vc_column_text css=&#8221;&#8221;]Pour la nouvelle ann\u00e9e 2025, nos sp\u00e9cialistes de MEDEWO se sont transform\u00e9s en diseurs de bonne aventure, ont concentr\u00e9 toute leur attention sur leur boule de cristal pour \u00abpr\u00e9dire\u00bb les tendances en mati\u00e8re d&#8217;emballage. Quels sont les d\u00e9veloppements et innovations qui nous attendent? Vous trouverez ici quatre pr\u00e9dictions sur ce que pourrait r\u00e9server&hellip;<\/p>\n","protected":false},"author":72,"featured_media":34471,"comment_status":"open","ping_status":"closed","sticky":false,"template":"","format":"standard","meta":{"pgc_sgb_lightbox_settings":"","footnotes":""},"categories":[5228],"tags":[],"m2-product-id":[],"class_list":["post-34744","post","type-post","status-publish","format-standard","has-post-thumbnail","hentry","category-solutions","category-5228","description-off"],"yoast_head":"<!-- This site is optimized with the Yoast SEO plugin v27.1.1 - https:\/\/yoast.com\/product\/yoast-seo-wordpress\/ -->\n<title>Tendances de l&#039;emballage en 2025 - MEDEWO Verpackungen<\/title>\n<meta name=\"description\" content=\"Quelles tendances nous attendent pour 2025 Nos sp\u00e9cialistes de MEDEWO se sont essay\u00e9s pour vous au r\u00f4le de diseurs de bonne aventure et vous confient ici quelques unes de leurs pr\u00e9dictions.\" \/>\n<meta name=\"robots\" content=\"index, follow, max-snippet:-1, max-image-preview:large, max-video-preview:-1\" \/>\n<link rel=\"canonical\" href=\"https:\/\/www.medewo.com\/blog\/ch-fr\/solutions\/tendances-de-lemballage-en-2025\/\" \/>\n<meta property=\"og:locale\" content=\"fr_FR\" \/>\n<meta property=\"og:type\" content=\"article\" \/>\n<meta property=\"og:title\" content=\"Tendances de l&#039;emballage en 2025 - MEDEWO Verpackungen\" \/>\n<meta property=\"og:description\" content=\"Quelles tendances nous attendent pour 2025 Nos sp\u00e9cialistes de MEDEWO se sont essay\u00e9s pour vous au r\u00f4le de diseurs de bonne aventure et vous confient ici quelques unes de leurs pr\u00e9dictions.\" \/>\n<meta property=\"og:url\" content=\"https:\/\/www.medewo.com\/blog\/ch-fr\/solutions\/tendances-de-lemballage-en-2025\/\" \/>\n<meta property=\"og:site_name\" content=\"MEDEWO Verpackungen\" \/>\n<meta property=\"article:published_time\" content=\"2025-02-07T11:41:41+00:00\" \/>\n<meta property=\"article:modified_time\" content=\"2025-06-16T07:18:54+00:00\" \/>\n<meta property=\"og:image\" content=\"https:\/\/www.medewo.com\/blog\/wp-content\/uploads\/2025\/02\/NEU_Hauptbild-MEDEWO-Blog.jpg\" \/>\n\t<meta property=\"og:image:width\" content=\"775\" \/>\n\t<meta property=\"og:image:height\" content=\"519\" \/>\n\t<meta property=\"og:image:type\" content=\"image\/jpeg\" \/>\n<meta name=\"author\" content=\"Asia Filisone\" \/>\n<meta name=\"twitter:card\" content=\"summary_large_image\" \/>\n<meta name=\"twitter:label1\" content=\"Written by\" \/>\n\t<meta name=\"twitter:data1\" content=\"Asia Filisone\" \/>\n\t<meta name=\"twitter:label2\" content=\"Est. reading time\" \/>\n\t<meta name=\"twitter:data2\" content=\"7 minutes\" \/>\n<script type=\"application\/ld+json\" class=\"yoast-schema-graph\">{\"@context\":\"https:\/\/schema.org\",\"@graph\":[{\"@type\":\"Article\",\"@id\":\"https:\/\/www.medewo.com\/blog\/ch-fr\/solutions\/tendances-de-lemballage-en-2025\/#article\",\"isPartOf\":{\"@id\":\"https:\/\/www.medewo.com\/blog\/ch-fr\/solutions\/tendances-de-lemballage-en-2025\/\"},\"author\":{\"name\":\"Asia Filisone\",\"@id\":\"https:\/\/www.medewo.com\/blog\/ch-fr\/#\/schema\/person\/7f08c3a53edb34f04a1684684cc5a9e5\"},\"headline\":\"Tendances de l&#8217;emballage en 2025\",\"datePublished\":\"2025-02-07T11:41:41+00:00\",\"dateModified\":\"2025-06-16T07:18:54+00:00\",\"mainEntityOfPage\":{\"@id\":\"https:\/\/www.medewo.com\/blog\/ch-fr\/solutions\/tendances-de-lemballage-en-2025\/\"},\"wordCount\":1776,\"commentCount\":0,\"publisher\":{\"@id\":\"https:\/\/www.medewo.com\/blog\/ch-fr\/#organization\"},\"image\":{\"@id\":\"https:\/\/www.medewo.com\/blog\/ch-fr\/solutions\/tendances-de-lemballage-en-2025\/#primaryimage\"},\"thumbnailUrl\":\"https:\/\/www.medewo.com\/blog\/wp-content\/uploads\/2025\/02\/NEU_Hauptbild-MEDEWO-Blog.jpg\",\"articleSection\":[\"Solutions\"],\"inLanguage\":\"fr-CH\",\"potentialAction\":[{\"@type\":\"CommentAction\",\"name\":\"Comment\",\"target\":[\"https:\/\/www.medewo.com\/blog\/ch-fr\/solutions\/tendances-de-lemballage-en-2025\/#respond\"]}]},{\"@type\":\"WebPage\",\"@id\":\"https:\/\/www.medewo.com\/blog\/ch-fr\/solutions\/tendances-de-lemballage-en-2025\/\",\"url\":\"https:\/\/www.medewo.com\/blog\/ch-fr\/solutions\/tendances-de-lemballage-en-2025\/\",\"name\":\"Tendances de l'emballage en 2025 - MEDEWO Verpackungen\",\"isPartOf\":{\"@id\":\"https:\/\/www.medewo.com\/blog\/ch-fr\/#website\"},\"primaryImageOfPage\":{\"@id\":\"https:\/\/www.medewo.com\/blog\/ch-fr\/solutions\/tendances-de-lemballage-en-2025\/#primaryimage\"},\"image\":{\"@id\":\"https:\/\/www.medewo.com\/blog\/ch-fr\/solutions\/tendances-de-lemballage-en-2025\/#primaryimage\"},\"thumbnailUrl\":\"https:\/\/www.medewo.com\/blog\/wp-content\/uploads\/2025\/02\/NEU_Hauptbild-MEDEWO-Blog.jpg\",\"datePublished\":\"2025-02-07T11:41:41+00:00\",\"dateModified\":\"2025-06-16T07:18:54+00:00\",\"description\":\"Quelles tendances nous attendent pour 2025 Nos sp\u00e9cialistes de MEDEWO se sont essay\u00e9s pour vous au r\u00f4le de diseurs de bonne aventure et vous confient ici quelques unes de leurs pr\u00e9dictions.\",\"breadcrumb\":{\"@id\":\"https:\/\/www.medewo.com\/blog\/ch-fr\/solutions\/tendances-de-lemballage-en-2025\/#breadcrumb\"},\"inLanguage\":\"fr-CH\",\"potentialAction\":[{\"@type\":\"ReadAction\",\"target\":[\"https:\/\/www.medewo.com\/blog\/ch-fr\/solutions\/tendances-de-lemballage-en-2025\/\"]}]},{\"@type\":\"ImageObject\",\"inLanguage\":\"fr-CH\",\"@id\":\"https:\/\/www.medewo.com\/blog\/ch-fr\/solutions\/tendances-de-lemballage-en-2025\/#primaryimage\",\"url\":\"https:\/\/www.medewo.com\/blog\/wp-content\/uploads\/2025\/02\/NEU_Hauptbild-MEDEWO-Blog.jpg\",\"contentUrl\":\"https:\/\/www.medewo.com\/blog\/wp-content\/uploads\/2025\/02\/NEU_Hauptbild-MEDEWO-Blog.jpg\",\"width\":775,\"height\":519,\"caption\":\"HB-Verpackungstrends\"},{\"@type\":\"BreadcrumbList\",\"@id\":\"https:\/\/www.medewo.com\/blog\/ch-fr\/solutions\/tendances-de-lemballage-en-2025\/#breadcrumb\",\"itemListElement\":[{\"@type\":\"ListItem\",\"position\":1,\"name\":\"Startseite\",\"item\":\"https:\/\/www.medewo.com\/blog\/ch-fr\/\"},{\"@type\":\"ListItem\",\"position\":2,\"name\":\"Tendances de l&#8217;emballage en 2025\"}]},{\"@type\":\"WebSite\",\"@id\":\"https:\/\/www.medewo.com\/blog\/ch-fr\/#website\",\"url\":\"https:\/\/www.medewo.com\/blog\/ch-fr\/\",\"name\":\"MEDEWO Verpackungen\",\"description\":\"News\",\"publisher\":{\"@id\":\"https:\/\/www.medewo.com\/blog\/ch-fr\/#organization\"},\"potentialAction\":[{\"@type\":\"SearchAction\",\"target\":{\"@type\":\"EntryPoint\",\"urlTemplate\":\"https:\/\/www.medewo.com\/blog\/ch-fr\/?s={search_term_string}\"},\"query-input\":{\"@type\":\"PropertyValueSpecification\",\"valueRequired\":true,\"valueName\":\"search_term_string\"}}],\"inLanguage\":\"fr-CH\"},{\"@type\":\"Organization\",\"@id\":\"https:\/\/www.medewo.com\/blog\/ch-fr\/#organization\",\"name\":\"MEDEWO\",\"url\":\"https:\/\/www.medewo.com\/blog\/ch-fr\/\",\"logo\":{\"@type\":\"ImageObject\",\"inLanguage\":\"fr-CH\",\"@id\":\"https:\/\/www.medewo.com\/blog\/ch-fr\/#\/schema\/logo\/image\/\",\"url\":\"https:\/\/www.medewo.com\/blog\/wp-content\/uploads\/2023\/05\/medewo-logo-claim-2018-quer-RGB-FR.svg\",\"contentUrl\":\"https:\/\/www.medewo.com\/blog\/wp-content\/uploads\/2023\/05\/medewo-logo-claim-2018-quer-RGB-FR.svg\",\"width\":350,\"height\":63,\"caption\":\"MEDEWO\"},\"image\":{\"@id\":\"https:\/\/www.medewo.com\/blog\/ch-fr\/#\/schema\/logo\/image\/\"}},{\"@type\":\"Person\",\"@id\":\"https:\/\/www.medewo.com\/blog\/ch-fr\/#\/schema\/person\/7f08c3a53edb34f04a1684684cc5a9e5\",\"name\":\"Asia Filisone\",\"image\":{\"@type\":\"ImageObject\",\"inLanguage\":\"fr-CH\",\"@id\":\"https:\/\/www.medewo.com\/blog\/ch-fr\/#\/schema\/person\/image\/\",\"url\":\"https:\/\/secure.gravatar.com\/avatar\/020f8415b64fded4bfbe608bb42b3213f4c7a196dc17e80b6d3b258799294c06?s=96&d=blank&r=g\",\"contentUrl\":\"https:\/\/secure.gravatar.com\/avatar\/020f8415b64fded4bfbe608bb42b3213f4c7a196dc17e80b6d3b258799294c06?s=96&d=blank&r=g\",\"caption\":\"Asia Filisone\"}}]}<\/script>\n<!-- \/ Yoast SEO plugin. -->","yoast_head_json":{"title":"Tendances de l'emballage en 2025 - MEDEWO Verpackungen","description":"Quelles tendances nous attendent pour 2025 Nos sp\u00e9cialistes de MEDEWO se sont essay\u00e9s pour vous au r\u00f4le de diseurs de bonne aventure et vous confient ici quelques unes de leurs pr\u00e9dictions.","robots":{"index":"index","follow":"follow","max-snippet":"max-snippet:-1","max-image-preview":"max-image-preview:large","max-video-preview":"max-video-preview:-1"},"canonical":"https:\/\/www.medewo.com\/blog\/ch-fr\/solutions\/tendances-de-lemballage-en-2025\/","og_locale":"fr_FR","og_type":"article","og_title":"Tendances de l'emballage en 2025 - MEDEWO Verpackungen","og_description":"Quelles tendances nous attendent pour 2025 Nos sp\u00e9cialistes de MEDEWO se sont essay\u00e9s pour vous au r\u00f4le de diseurs de bonne aventure et vous confient ici quelques unes de leurs pr\u00e9dictions.","og_url":"https:\/\/www.medewo.com\/blog\/ch-fr\/solutions\/tendances-de-lemballage-en-2025\/","og_site_name":"MEDEWO Verpackungen","article_published_time":"2025-02-07T11:41:41+00:00","article_modified_time":"2025-06-16T07:18:54+00:00","og_image":[{"width":775,"height":519,"url":"https:\/\/www.medewo.com\/blog\/wp-content\/uploads\/2025\/02\/NEU_Hauptbild-MEDEWO-Blog.jpg","type":"image\/jpeg"}],"author":"Asia Filisone","twitter_card":"summary_large_image","twitter_misc":{"Written by":"Asia Filisone","Est. reading time":"7 minutes"},"schema":{"@context":"https:\/\/schema.org","@graph":[{"@type":"Article","@id":"https:\/\/www.medewo.com\/blog\/ch-fr\/solutions\/tendances-de-lemballage-en-2025\/#article","isPartOf":{"@id":"https:\/\/www.medewo.com\/blog\/ch-fr\/solutions\/tendances-de-lemballage-en-2025\/"},"author":{"name":"Asia Filisone","@id":"https:\/\/www.medewo.com\/blog\/ch-fr\/#\/schema\/person\/7f08c3a53edb34f04a1684684cc5a9e5"},"headline":"Tendances de l&#8217;emballage en 2025","datePublished":"2025-02-07T11:41:41+00:00","dateModified":"2025-06-16T07:18:54+00:00","mainEntityOfPage":{"@id":"https:\/\/www.medewo.com\/blog\/ch-fr\/solutions\/tendances-de-lemballage-en-2025\/"},"wordCount":1776,"commentCount":0,"publisher":{"@id":"https:\/\/www.medewo.com\/blog\/ch-fr\/#organization"},"image":{"@id":"https:\/\/www.medewo.com\/blog\/ch-fr\/solutions\/tendances-de-lemballage-en-2025\/#primaryimage"},"thumbnailUrl":"https:\/\/www.medewo.com\/blog\/wp-content\/uploads\/2025\/02\/NEU_Hauptbild-MEDEWO-Blog.jpg","articleSection":["Solutions"],"inLanguage":"fr-CH","potentialAction":[{"@type":"CommentAction","name":"Comment","target":["https:\/\/www.medewo.com\/blog\/ch-fr\/solutions\/tendances-de-lemballage-en-2025\/#respond"]}]},{"@type":"WebPage","@id":"https:\/\/www.medewo.com\/blog\/ch-fr\/solutions\/tendances-de-lemballage-en-2025\/","url":"https:\/\/www.medewo.com\/blog\/ch-fr\/solutions\/tendances-de-lemballage-en-2025\/","name":"Tendances de l'emballage en 2025 - MEDEWO Verpackungen","isPartOf":{"@id":"https:\/\/www.medewo.com\/blog\/ch-fr\/#website"},"primaryImageOfPage":{"@id":"https:\/\/www.medewo.com\/blog\/ch-fr\/solutions\/tendances-de-lemballage-en-2025\/#primaryimage"},"image":{"@id":"https:\/\/www.medewo.com\/blog\/ch-fr\/solutions\/tendances-de-lemballage-en-2025\/#primaryimage"},"thumbnailUrl":"https:\/\/www.medewo.com\/blog\/wp-content\/uploads\/2025\/02\/NEU_Hauptbild-MEDEWO-Blog.jpg","datePublished":"2025-02-07T11:41:41+00:00","dateModified":"2025-06-16T07:18:54+00:00","description":"Quelles tendances nous attendent pour 2025 Nos sp\u00e9cialistes de MEDEWO se sont essay\u00e9s pour vous au r\u00f4le de diseurs de bonne aventure et vous confient ici quelques unes de leurs pr\u00e9dictions.","breadcrumb":{"@id":"https:\/\/www.medewo.com\/blog\/ch-fr\/solutions\/tendances-de-lemballage-en-2025\/#breadcrumb"},"inLanguage":"fr-CH","potentialAction":[{"@type":"ReadAction","target":["https:\/\/www.medewo.com\/blog\/ch-fr\/solutions\/tendances-de-lemballage-en-2025\/"]}]},{"@type":"ImageObject","inLanguage":"fr-CH","@id":"https:\/\/www.medewo.com\/blog\/ch-fr\/solutions\/tendances-de-lemballage-en-2025\/#primaryimage","url":"https:\/\/www.medewo.com\/blog\/wp-content\/uploads\/2025\/02\/NEU_Hauptbild-MEDEWO-Blog.jpg","contentUrl":"https:\/\/www.medewo.com\/blog\/wp-content\/uploads\/2025\/02\/NEU_Hauptbild-MEDEWO-Blog.jpg","width":775,"height":519,"caption":"HB-Verpackungstrends"},{"@type":"BreadcrumbList","@id":"https:\/\/www.medewo.com\/blog\/ch-fr\/solutions\/tendances-de-lemballage-en-2025\/#breadcrumb","itemListElement":[{"@type":"ListItem","position":1,"name":"Startseite","item":"https:\/\/www.medewo.com\/blog\/ch-fr\/"},{"@type":"ListItem","position":2,"name":"Tendances de l&#8217;emballage en 2025"}]},{"@type":"WebSite","@id":"https:\/\/www.medewo.com\/blog\/ch-fr\/#website","url":"https:\/\/www.medewo.com\/blog\/ch-fr\/","name":"MEDEWO Verpackungen","description":"News","publisher":{"@id":"https:\/\/www.medewo.com\/blog\/ch-fr\/#organization"},"potentialAction":[{"@type":"SearchAction","target":{"@type":"EntryPoint","urlTemplate":"https:\/\/www.medewo.com\/blog\/ch-fr\/?s={search_term_string}"},"query-input":{"@type":"PropertyValueSpecification","valueRequired":true,"valueName":"search_term_string"}}],"inLanguage":"fr-CH"},{"@type":"Organization","@id":"https:\/\/www.medewo.com\/blog\/ch-fr\/#organization","name":"MEDEWO","url":"https:\/\/www.medewo.com\/blog\/ch-fr\/","logo":{"@type":"ImageObject","inLanguage":"fr-CH","@id":"https:\/\/www.medewo.com\/blog\/ch-fr\/#\/schema\/logo\/image\/","url":"https:\/\/www.medewo.com\/blog\/wp-content\/uploads\/2023\/05\/medewo-logo-claim-2018-quer-RGB-FR.svg","contentUrl":"https:\/\/www.medewo.com\/blog\/wp-content\/uploads\/2023\/05\/medewo-logo-claim-2018-quer-RGB-FR.svg","width":350,"height":63,"caption":"MEDEWO"},"image":{"@id":"https:\/\/www.medewo.com\/blog\/ch-fr\/#\/schema\/logo\/image\/"}},{"@type":"Person","@id":"https:\/\/www.medewo.com\/blog\/ch-fr\/#\/schema\/person\/7f08c3a53edb34f04a1684684cc5a9e5","name":"Asia Filisone","image":{"@type":"ImageObject","inLanguage":"fr-CH","@id":"https:\/\/www.medewo.com\/blog\/ch-fr\/#\/schema\/person\/image\/","url":"https:\/\/secure.gravatar.com\/avatar\/020f8415b64fded4bfbe608bb42b3213f4c7a196dc17e80b6d3b258799294c06?s=96&d=blank&r=g","contentUrl":"https:\/\/secure.gravatar.com\/avatar\/020f8415b64fded4bfbe608bb42b3213f4c7a196dc17e80b6d3b258799294c06?s=96&d=blank&r=g","caption":"Asia Filisone"}}]}},"magento_index":true,"_links":{"self":[{"href":"https:\/\/www.medewo.com\/blog\/ch-fr\/wp-json\/wp\/v2\/posts\/34744","targetHints":{"allow":["GET"]}}],"collection":[{"href":"https:\/\/www.medewo.com\/blog\/ch-fr\/wp-json\/wp\/v2\/posts"}],"about":[{"href":"https:\/\/www.medewo.com\/blog\/ch-fr\/wp-json\/wp\/v2\/types\/post"}],"author":[{"embeddable":true,"href":"https:\/\/www.medewo.com\/blog\/ch-fr\/wp-json\/wp\/v2\/users\/72"}],"replies":[{"embeddable":true,"href":"https:\/\/www.medewo.com\/blog\/ch-fr\/wp-json\/wp\/v2\/comments?post=34744"}],"version-history":[{"count":12,"href":"https:\/\/www.medewo.com\/blog\/ch-fr\/wp-json\/wp\/v2\/posts\/34744\/revisions"}],"predecessor-version":[{"id":35552,"href":"https:\/\/www.medewo.com\/blog\/ch-fr\/wp-json\/wp\/v2\/posts\/34744\/revisions\/35552"}],"wp:featuredmedia":[{"embeddable":true,"href":"https:\/\/www.medewo.com\/blog\/ch-fr\/wp-json\/wp\/v2\/media\/34471"}],"wp:attachment":[{"href":"https:\/\/www.medewo.com\/blog\/ch-fr\/wp-json\/wp\/v2\/media?parent=34744"}],"wp:term":[{"taxonomy":"category","embeddable":true,"href":"https:\/\/www.medewo.com\/blog\/ch-fr\/wp-json\/wp\/v2\/categories?post=34744"},{"taxonomy":"post_tag","embeddable":true,"href":"https:\/\/www.medewo.com\/blog\/ch-fr\/wp-json\/wp\/v2\/tags?post=34744"},{"taxonomy":"m2-product-id","embeddable":true,"href":"https:\/\/www.medewo.com\/blog\/ch-fr\/wp-json\/wp\/v2\/m2-product-id?post=34744"}],"curies":[{"name":"wp","href":"https:\/\/api.w.org\/{rel}","templated":true}]}}