{"id":32536,"date":"2024-05-14T10:03:50","date_gmt":"2024-05-14T08:03:50","guid":{"rendered":"https:\/\/www.medewo.com\/blog\/?p=32536"},"modified":"2024-05-14T10:03:51","modified_gmt":"2024-05-14T08:03:51","slug":"penurie-de-main-doeuvre-qualifiee-dans-la-logistique-lemployer-branding-comme-solution-efficace","status":"publish","type":"post","link":"https:\/\/www.medewo.com\/blog\/ch-fr\/actualites-de-l-entreprise\/penurie-de-main-doeuvre-qualifiee-dans-la-logistique-lemployer-branding-comme-solution-efficace\/","title":{"rendered":"P\u00e9nurie de main-d&#8217;\u0153uvre qualifi\u00e9e dans la logistique: l&#8217;Employer Branding comme solution efficace"},"content":{"rendered":"<div class=\"wpb-content-wrapper\"><p>[vc_row][vc_column][vc_column_text css=&#8221;&#8221;]<strong>La p\u00e9nurie de main-d&#8217; \u0153uvre qualifi\u00e9e sur le march\u00e9 du travail suisse se fait de plus en plus sentir, y compris dans le domaine \u00e9conomique de la logistique. Il faut donc trouver de nouvelles solutions! Dans cette interview, notre chef d&#8217;\u00e9quipe Logistique CH explique ce que nous faisons chez MEDEWO en tant qu&#8217;entreprise de taille moyenne pour lutter contre la p\u00e9nurie de main-d&#8217; \u0153uvre qualifi\u00e9e, comment nous soutenons nos employ\u00e9s dans leur formation et ce que nous faisons pour nos apprentis.<\/strong>[\/vc_column_text][vc_empty_space height=&#8221;18px&#8221;][vc_column_text]Dans de nombreux domaines, les entreprises ont actuellement des postes vacants \u00e0 repourvoir. Les futurs retrait\u00e9s des ann\u00e9es \u00abbaby-boomer\u00bb sont l&#8217;un des groupes d&#8217;\u00e2ge les plus nombreux. En comparaison, les mill\u00e9simes des 17 \u00e0 20 ans d&#8217;aujourd&#8217;hui sont environ 60% moins nombreux. Et cette p\u00e9nurie se poursuivra au-del\u00e0 des prochaines ann\u00e9es. Mais la main-d&#8217; \u0153uvre qualifi\u00e9e se rar\u00e9fie \u00e9galement sur le march\u00e9 mondial du travail.<\/p>\n<p>Les entreprises investiront davantage dans la formation de leurs propres employ\u00e9s. Il s&#8217;agit notamment de reconversion, de nouvelles offres de formation, mais aussi de simplification pour les personnes en reconversion et les personnes handicap\u00e9es. De plus, les professions de ce secteur doivent \u00e9galement devenir plus attrayantes pour les femmes.[\/vc_column_text][vc_empty_space height=&#8221;15px&#8221;][\/vc_column][\/vc_row][vc_row][vc_column width=&#8221;2\/5&#8243;][vc_single_image image=&#8221;32333&#8243; img_size=&#8221;full&#8221;][\/vc_column][vc_column width=&#8221;3\/5&#8243;][vc_column_text css=&#8221;&#8221;]Andreas Scherer, chef d&#8217;\u00e9quipe logistique sur notre site suisse, a \u00e9t\u00e9 convi\u00e9 \u00e0 participer au salon Logistics &amp; Automation en tant qu&#8217;intervenant \u00e0 une table ronde sur le th\u00e8me \u00abNouveau champ professionnel logistique: Mesures contre la p\u00e9nurie de main-d&#8217; \u0153uvre qualifi\u00e9e\u00bb. Dans cette interview, notre chef d&#8217;\u00e9quipe logistique CH explique ce que nous faisons chez MEDEWO en tant qu&#8217;entreprise de taille moyenne pour lutter contre la p\u00e9nurie de main-d&#8217;\u0153uvre qualifi\u00e9e, comment nous soutenons nos employ\u00e9s dans leur formation et ce que nous faisons pour nos apprentis.[\/vc_column_text][\/vc_column][\/vc_row][vc_row][vc_column][vc_column_text css=&#8221;&#8221;]<em>Andreas Scherer, chef d&#8217;\u00e9quipe Logistique CH<\/em><\/p>\n<p><strong>Comment se fait-il que tu aies \u00e9t\u00e9 invit\u00e9 \u00e0 ce salon en tant qu&#8217;intervenant \u00e0 ce podium?<\/strong><\/p>\n<p>J&#8217;ai fait formation de base de logisticien AFP, obtenu le dipl\u00f4me de collaborateur logistique, ainsi que tous les autres cours de formation continue \u00e0 l&#8217;ASFL SVBL (abr\u00e9viation de l&#8217;Association Suisse pour la Formation Professionnelle en Logistique). Apr\u00e8s ma formation en tant que collaborateur dipl\u00f4m\u00e9 en logistique, une vid\u00e9o YouTube a \u00e9t\u00e9 tourn\u00e9e sur le sujet. Pour cette raison, j&#8217;ai eu l&#8217;occasion de participer en tant qu&#8217;invit\u00e9 \u00e0 la table ronde sur le th\u00e8me \u00abNouveau champ professionnel de la logistique: Mesures contre la p\u00e9nurie de main-d&#8217; \u0153uvre qualifi\u00e9e\u00bb au salon Logistics &amp; Automation.<\/p>\n<p><strong>Quels probl\u00e8mes surviennent en raison de p\u00e9nuries de main-d&#8217;\u0153uvre qualifi\u00e9e?<\/strong><\/p>\n<p>Il y a beaucoup de travail sur le march\u00e9 du travail de la logistique, mais peu de sp\u00e9cialistes sp\u00e9cialement form\u00e9s en comparaison. Il y a un manque de postes qui ne peuvent pas \u00eatre repourvus, tels que chef de quart. Les processus de la cha\u00eene d&#8217;approvisionnement ne peuvent donc pas \u00eatre optimis\u00e9s \u00e0 long terme et ne peuvent pas \u00eatre con\u00e7us de mani\u00e8re plus efficace. De plus, il n&#8217;y a pas de place pour de nouvelles id\u00e9es sur la fa\u00e7on de mieux organiser ou de refaire les processus existants.<\/p>\n<p><strong>Dans quels domaines de la cha\u00eene d&#8217;approvisionnement manque-t-il de personnel qualifi\u00e9?<\/strong><\/p>\n<p>En tant que chef d&#8217;\u00e9quipe responsable du travail en roulement ou \u00e0 des postes sp\u00e9cialis\u00e9s tels que l&#8217;assurance qualit\u00e9 ou la r\u00e9ception des marchandises.<\/p>\n<p><strong>Que faisons-nous chez MEDEWO pour rem\u00e9dier \u00e0 la p\u00e9nurie de main-d&#8217;\u0153uvre qualifi\u00e9e?<\/strong>[\/vc_column_text][vc_empty_space height=&#8221;20px&#8221;][\/vc_column][\/vc_row][vc_row][vc_column width=&#8221;1\/2&#8243;][vc_column_text]Notre personnel est soutenu dans sa formation continue en logistique et les travaux sur des projets sont facilit\u00e9s. En outre, il existe au travail une marge de man\u0153uvre relativement importante au sein de l&#8217;activit\u00e9. Je suis toujours ouvert \u00e0 la nouveaut\u00e9. Les contributions ou les nouvelles id\u00e9es des employ\u00e9s sont toujours examin\u00e9es et, le cas \u00e9ch\u00e9ant, mises en \u0153uvre de mani\u00e8re judicieuse. Un exemple est l&#8217;introduction de tapis anti-stress dans notre station d&#8217;emballage interne DHL, qui provient d&#8217;une id\u00e9e de l&#8217;un de nos employ\u00e9s.[\/vc_column_text][\/vc_column][vc_column width=&#8221;1\/2&#8243;][vc_single_image image=&#8221;32329&#8243; img_size=&#8221;full&#8221; alignment=&#8221;right&#8221;][\/vc_column][\/vc_row][vc_row][vc_column][vc_column_text css=&#8221;&#8221;]En tant qu&#8217;entreprise, nous investissons \u00e9galement beaucoup dans la formation des apprentis et voulons renforcer notre marque employeur. Dans la mesure du possible, nous formons un apprenti pour chaque ann\u00e9e d&#8217;apprentissage, que nous soutenons g\u00e9n\u00e9reusement. Il y a de la place pour apprendre et de nombreuses images pratiques sont \u00e0 vos c\u00f4t\u00e9s. En outre, l&#8217;encouragement des femmes dans la branche est \u00e9galement souhait\u00e9e, car elles peuvent g\u00e9n\u00e9ralement apporter leurs points forts en travaillant dans le respect des d\u00e9tails \/avec pr\u00e9cision. Nous soutenons \u00e9galement une association locale qui emploie des personnes en situation de handicap en leur transmettant des travaux tels que l&#8217;\u00e9tiquetage ou le reconditionnement.<\/p>\n<p><strong>Quel est le lien avec un Employer Branding?<\/strong><\/p>\n<p>Une marque employeur forte, qui est activement v\u00e9cue, contribue efficacement \u00e0 nous pr\u00e9senter dans l&#8217;\u00e9conomie comme une entreprise de taille moyenne et \u00e0 faire savoir aux demandeurs d&#8217;emploi et aux candidats que nous avons une marque employeur attrayante. Cela peut rem\u00e9dier \u00e0 la p\u00e9nurie de main-d&#8217;\u0153uvre qualifi\u00e9e. Un recrutement r\u00e9ussi, de bonnes conditions de travail et des avantages y contribuent \u00e9galement positivement.<\/p>\n<p><strong>Quel est l&#8217;avenir du secteur?<\/strong><\/p>\n<p>Je vois l&#8217;avenir de l&#8217;industrie de mani\u00e8re positive. La num\u00e9risation dans certains domaines et l&#8217;\u00e9volution d\u00e9mographique vont augmenter, mais les professionnels qualifi\u00e9s seront toujours en demande. En outre, j&#8217;ai r\u00e9cemment lu une \u00e9tude sur le fait que les apprentissages en logistique occupent la 7e place parmi les professions les plus populaires pour les jeunes qui quittent l&#8217;\u00e9cole.<\/p>\n<p><strong>Dans quelle mesure l&#8217;intelligence artificielle peut-elle rem\u00e9dier \u00e0 la p\u00e9nurie de main-d&#8217;\u0153uvre qualifi\u00e9e?<\/strong>[\/vc_column_text][vc_empty_space height=&#8221;20px&#8221;][\/vc_column][\/vc_row][vc_row][vc_column width=&#8221;1\/2&#8243;][vc_single_image image=&#8221;32339&#8243; img_size=&#8221;full&#8221; alignment=&#8221;right&#8221;][vc_empty_space height=&#8221;20px&#8221;][\/vc_column][vc_column width=&#8221;1\/2&#8243;][vc_empty_space height=&#8221;10px&#8221;][vc_column_text css=&#8221;&#8221;]Les produits de r\u00e9alit\u00e9 virtuelle seront indispensables dans de plus en plus d&#8217;entreprises de taille moyenne et dans d&#8217;autres secteurs. Avec des lunettes VR, des processus tels que la pr\u00e9paration des commandes peuvent \u00eatre rendue plus efficace et les trajets de travail, le transport interne, ainsi que les processus logistiques complexes peuvent \u00eatre optimis\u00e9s dans les moindres d\u00e9tails. Cela peut apporter un v\u00e9ritable renversement de tendance et contrecarrer la p\u00e9nurie de main-d&#8217;\u0153uvre qualifi\u00e9e.[\/vc_column_text][\/vc_column][\/vc_row][vc_row][vc_column][vc_empty_space height=&#8221;30px&#8221;][vc_empty_space height=&#8221;20px&#8221;][\/vc_column][\/vc_row]<\/p>\n<\/div>","protected":false},"excerpt":{"rendered":"<p>La p\u00e9nurie de main-d&#8217; \u0153uvre qualifi\u00e9e sur le march\u00e9 du travail suisse se fait de plus en plus sentir, y compris dans le domaine \u00e9conomique de la logistique. Il faut donc trouver de nouvelles solutions! Dans cette interview, notre chef d&#8217;\u00e9quipe Logistique CH explique ce que nous faisons chez MEDEWO en tant qu&#8217;entreprise de taille moyenne pour lutter contre la p\u00e9nurie de main-d&#8217; \u0153uvre qualifi\u00e9e, comment nous soutenons nos employ\u00e9s dans leur formation et ce que nous faisons pour nos apprentis.<\/p>\n","protected":false},"author":69,"featured_media":32325,"comment_status":"open","ping_status":"closed","sticky":false,"template":"","format":"standard","meta":{"pgc_sgb_lightbox_settings":"","footnotes":""},"categories":[5229],"tags":[],"m2-product-id":[],"class_list":["post-32536","post","type-post","status-publish","format-standard","has-post-thumbnail","hentry","category-actualites-de-l-entreprise","category-5229","description-off"],"yoast_head":"<!-- This site is optimized with the Yoast SEO plugin v27.1.1 - https:\/\/yoast.com\/product\/yoast-seo-wordpress\/ -->\n<title>P\u00e9nurie de main-d&#039;\u0153uvre qualifi\u00e9e dans la logistique: l&#039;Employer Branding comme solution efficace - MEDEWO Verpackungen<\/title>\n<meta name=\"robots\" content=\"index, follow, max-snippet:-1, max-image-preview:large, max-video-preview:-1\" \/>\n<link rel=\"canonical\" href=\"https:\/\/www.medewo.com\/blog\/ch-fr\/actualites-de-l-entreprise\/penurie-de-main-doeuvre-qualifiee-dans-la-logistique-lemployer-branding-comme-solution-efficace\/\" \/>\n<meta property=\"og:locale\" content=\"fr_FR\" \/>\n<meta property=\"og:type\" content=\"article\" \/>\n<meta property=\"og:title\" content=\"P\u00e9nurie de main-d&#039;\u0153uvre qualifi\u00e9e dans la logistique: l&#039;Employer Branding comme solution efficace - MEDEWO Verpackungen\" \/>\n<meta property=\"og:description\" content=\"La p\u00e9nurie de main-d&#039; \u0153uvre qualifi\u00e9e sur le march\u00e9 du travail suisse se fait de plus en plus sentir, y compris dans le domaine \u00e9conomique de la logistique. Il faut donc trouver de nouvelles solutions! Dans cette interview, notre chef d&#039;\u00e9quipe Logistique CH explique ce que nous faisons chez MEDEWO en tant qu&#039;entreprise de taille moyenne pour lutter contre la p\u00e9nurie de main-d&#039; \u0153uvre qualifi\u00e9e, comment nous soutenons nos employ\u00e9s dans leur formation et ce que nous faisons pour nos apprentis.\" \/>\n<meta property=\"og:url\" content=\"https:\/\/www.medewo.com\/blog\/ch-fr\/actualites-de-l-entreprise\/penurie-de-main-doeuvre-qualifiee-dans-la-logistique-lemployer-branding-comme-solution-efficace\/\" \/>\n<meta property=\"og:site_name\" content=\"MEDEWO Verpackungen\" \/>\n<meta property=\"article:published_time\" content=\"2024-05-14T08:03:50+00:00\" \/>\n<meta property=\"article:modified_time\" content=\"2024-05-14T08:03:51+00:00\" \/>\n<meta property=\"og:image\" content=\"https:\/\/www.medewo.com\/blog\/wp-content\/uploads\/2023\/11\/Hauptbild-im-Lager.jpg\" \/>\n\t<meta property=\"og:image:width\" content=\"775\" \/>\n\t<meta property=\"og:image:height\" content=\"519\" \/>\n\t<meta property=\"og:image:type\" content=\"image\/jpeg\" \/>\n<meta name=\"author\" content=\"Ines Reiter\" \/>\n<meta name=\"twitter:card\" content=\"summary_large_image\" \/>\n<meta name=\"twitter:label1\" content=\"Written by\" \/>\n\t<meta name=\"twitter:data1\" content=\"Ines Reiter\" \/>\n\t<meta name=\"twitter:label2\" content=\"Est. reading time\" \/>\n\t<meta name=\"twitter:data2\" content=\"6 minutes\" \/>\n<script type=\"application\/ld+json\" class=\"yoast-schema-graph\">{\"@context\":\"https:\/\/schema.org\",\"@graph\":[{\"@type\":\"Article\",\"@id\":\"https:\/\/www.medewo.com\/blog\/ch-fr\/actualites-de-l-entreprise\/penurie-de-main-doeuvre-qualifiee-dans-la-logistique-lemployer-branding-comme-solution-efficace\/#article\",\"isPartOf\":{\"@id\":\"https:\/\/www.medewo.com\/blog\/ch-fr\/actualites-de-l-entreprise\/penurie-de-main-doeuvre-qualifiee-dans-la-logistique-lemployer-branding-comme-solution-efficace\/\"},\"author\":{\"name\":\"Ines Reiter\",\"@id\":\"https:\/\/www.medewo.com\/blog\/ch-fr\/#\/schema\/person\/0d58526ee4672784bcb9c64b5c6cde9f\"},\"headline\":\"P\u00e9nurie de main-d&#8217;\u0153uvre qualifi\u00e9e dans la logistique: l&#8217;Employer Branding comme solution efficace\",\"datePublished\":\"2024-05-14T08:03:50+00:00\",\"dateModified\":\"2024-05-14T08:03:51+00:00\",\"mainEntityOfPage\":{\"@id\":\"https:\/\/www.medewo.com\/blog\/ch-fr\/actualites-de-l-entreprise\/penurie-de-main-doeuvre-qualifiee-dans-la-logistique-lemployer-branding-comme-solution-efficace\/\"},\"wordCount\":1269,\"commentCount\":0,\"publisher\":{\"@id\":\"https:\/\/www.medewo.com\/blog\/ch-fr\/#organization\"},\"image\":{\"@id\":\"https:\/\/www.medewo.com\/blog\/ch-fr\/actualites-de-l-entreprise\/penurie-de-main-doeuvre-qualifiee-dans-la-logistique-lemployer-branding-comme-solution-efficace\/#primaryimage\"},\"thumbnailUrl\":\"https:\/\/www.medewo.com\/blog\/wp-content\/uploads\/2023\/11\/Hauptbild-im-Lager.jpg\",\"articleSection\":[\"Actualit\u00e9s de l'entreprise\"],\"inLanguage\":\"fr-CH\",\"potentialAction\":[{\"@type\":\"CommentAction\",\"name\":\"Comment\",\"target\":[\"https:\/\/www.medewo.com\/blog\/ch-fr\/actualites-de-l-entreprise\/penurie-de-main-doeuvre-qualifiee-dans-la-logistique-lemployer-branding-comme-solution-efficace\/#respond\"]}]},{\"@type\":\"WebPage\",\"@id\":\"https:\/\/www.medewo.com\/blog\/ch-fr\/actualites-de-l-entreprise\/penurie-de-main-doeuvre-qualifiee-dans-la-logistique-lemployer-branding-comme-solution-efficace\/\",\"url\":\"https:\/\/www.medewo.com\/blog\/ch-fr\/actualites-de-l-entreprise\/penurie-de-main-doeuvre-qualifiee-dans-la-logistique-lemployer-branding-comme-solution-efficace\/\",\"name\":\"P\u00e9nurie de main-d'\u0153uvre qualifi\u00e9e dans la logistique: l'Employer Branding comme solution efficace - MEDEWO Verpackungen\",\"isPartOf\":{\"@id\":\"https:\/\/www.medewo.com\/blog\/ch-fr\/#website\"},\"primaryImageOfPage\":{\"@id\":\"https:\/\/www.medewo.com\/blog\/ch-fr\/actualites-de-l-entreprise\/penurie-de-main-doeuvre-qualifiee-dans-la-logistique-lemployer-branding-comme-solution-efficace\/#primaryimage\"},\"image\":{\"@id\":\"https:\/\/www.medewo.com\/blog\/ch-fr\/actualites-de-l-entreprise\/penurie-de-main-doeuvre-qualifiee-dans-la-logistique-lemployer-branding-comme-solution-efficace\/#primaryimage\"},\"thumbnailUrl\":\"https:\/\/www.medewo.com\/blog\/wp-content\/uploads\/2023\/11\/Hauptbild-im-Lager.jpg\",\"datePublished\":\"2024-05-14T08:03:50+00:00\",\"dateModified\":\"2024-05-14T08:03:51+00:00\",\"breadcrumb\":{\"@id\":\"https:\/\/www.medewo.com\/blog\/ch-fr\/actualites-de-l-entreprise\/penurie-de-main-doeuvre-qualifiee-dans-la-logistique-lemployer-branding-comme-solution-efficace\/#breadcrumb\"},\"inLanguage\":\"fr-CH\",\"potentialAction\":[{\"@type\":\"ReadAction\",\"target\":[\"https:\/\/www.medewo.com\/blog\/ch-fr\/actualites-de-l-entreprise\/penurie-de-main-doeuvre-qualifiee-dans-la-logistique-lemployer-branding-comme-solution-efficace\/\"]}]},{\"@type\":\"ImageObject\",\"inLanguage\":\"fr-CH\",\"@id\":\"https:\/\/www.medewo.com\/blog\/ch-fr\/actualites-de-l-entreprise\/penurie-de-main-doeuvre-qualifiee-dans-la-logistique-lemployer-branding-comme-solution-efficace\/#primaryimage\",\"url\":\"https:\/\/www.medewo.com\/blog\/wp-content\/uploads\/2023\/11\/Hauptbild-im-Lager.jpg\",\"contentUrl\":\"https:\/\/www.medewo.com\/blog\/wp-content\/uploads\/2023\/11\/Hauptbild-im-Lager.jpg\",\"width\":775,\"height\":519,\"caption\":\"Hubwagen, Mitarbeiter im Lager\"},{\"@type\":\"BreadcrumbList\",\"@id\":\"https:\/\/www.medewo.com\/blog\/ch-fr\/actualites-de-l-entreprise\/penurie-de-main-doeuvre-qualifiee-dans-la-logistique-lemployer-branding-comme-solution-efficace\/#breadcrumb\",\"itemListElement\":[{\"@type\":\"ListItem\",\"position\":1,\"name\":\"Startseite\",\"item\":\"https:\/\/www.medewo.com\/blog\/ch-fr\/\"},{\"@type\":\"ListItem\",\"position\":2,\"name\":\"P\u00e9nurie de main-d&#8217;\u0153uvre qualifi\u00e9e dans la logistique: l&#8217;Employer Branding comme solution efficace\"}]},{\"@type\":\"WebSite\",\"@id\":\"https:\/\/www.medewo.com\/blog\/ch-fr\/#website\",\"url\":\"https:\/\/www.medewo.com\/blog\/ch-fr\/\",\"name\":\"MEDEWO Verpackungen\",\"description\":\"News\",\"publisher\":{\"@id\":\"https:\/\/www.medewo.com\/blog\/ch-fr\/#organization\"},\"potentialAction\":[{\"@type\":\"SearchAction\",\"target\":{\"@type\":\"EntryPoint\",\"urlTemplate\":\"https:\/\/www.medewo.com\/blog\/ch-fr\/?s={search_term_string}\"},\"query-input\":{\"@type\":\"PropertyValueSpecification\",\"valueRequired\":true,\"valueName\":\"search_term_string\"}}],\"inLanguage\":\"fr-CH\"},{\"@type\":\"Organization\",\"@id\":\"https:\/\/www.medewo.com\/blog\/ch-fr\/#organization\",\"name\":\"MEDEWO\",\"url\":\"https:\/\/www.medewo.com\/blog\/ch-fr\/\",\"logo\":{\"@type\":\"ImageObject\",\"inLanguage\":\"fr-CH\",\"@id\":\"https:\/\/www.medewo.com\/blog\/ch-fr\/#\/schema\/logo\/image\/\",\"url\":\"https:\/\/www.medewo.com\/blog\/wp-content\/uploads\/2023\/05\/medewo-logo-claim-2018-quer-RGB-FR.svg\",\"contentUrl\":\"https:\/\/www.medewo.com\/blog\/wp-content\/uploads\/2023\/05\/medewo-logo-claim-2018-quer-RGB-FR.svg\",\"width\":350,\"height\":63,\"caption\":\"MEDEWO\"},\"image\":{\"@id\":\"https:\/\/www.medewo.com\/blog\/ch-fr\/#\/schema\/logo\/image\/\"}},{\"@type\":\"Person\",\"@id\":\"https:\/\/www.medewo.com\/blog\/ch-fr\/#\/schema\/person\/0d58526ee4672784bcb9c64b5c6cde9f\",\"name\":\"Ines Reiter\",\"image\":{\"@type\":\"ImageObject\",\"inLanguage\":\"fr-CH\",\"@id\":\"https:\/\/www.medewo.com\/blog\/ch-fr\/#\/schema\/person\/image\/\",\"url\":\"https:\/\/secure.gravatar.com\/avatar\/a8743d0b7ce132e278d4e42aabcda333b09583545b3f541a9421bb42fd971259?s=96&d=blank&r=g\",\"contentUrl\":\"https:\/\/secure.gravatar.com\/avatar\/a8743d0b7ce132e278d4e42aabcda333b09583545b3f541a9421bb42fd971259?s=96&d=blank&r=g\",\"caption\":\"Ines Reiter\"}}]}<\/script>\n<!-- \/ Yoast SEO plugin. -->","yoast_head_json":{"title":"P\u00e9nurie de main-d'\u0153uvre qualifi\u00e9e dans la logistique: l'Employer Branding comme solution efficace - MEDEWO Verpackungen","robots":{"index":"index","follow":"follow","max-snippet":"max-snippet:-1","max-image-preview":"max-image-preview:large","max-video-preview":"max-video-preview:-1"},"canonical":"https:\/\/www.medewo.com\/blog\/ch-fr\/actualites-de-l-entreprise\/penurie-de-main-doeuvre-qualifiee-dans-la-logistique-lemployer-branding-comme-solution-efficace\/","og_locale":"fr_FR","og_type":"article","og_title":"P\u00e9nurie de main-d'\u0153uvre qualifi\u00e9e dans la logistique: l'Employer Branding comme solution efficace - MEDEWO Verpackungen","og_description":"La p\u00e9nurie de main-d' \u0153uvre qualifi\u00e9e sur le march\u00e9 du travail suisse se fait de plus en plus sentir, y compris dans le domaine \u00e9conomique de la logistique. Il faut donc trouver de nouvelles solutions! Dans cette interview, notre chef d'\u00e9quipe Logistique CH explique ce que nous faisons chez MEDEWO en tant qu'entreprise de taille moyenne pour lutter contre la p\u00e9nurie de main-d' \u0153uvre qualifi\u00e9e, comment nous soutenons nos employ\u00e9s dans leur formation et ce que nous faisons pour nos apprentis.","og_url":"https:\/\/www.medewo.com\/blog\/ch-fr\/actualites-de-l-entreprise\/penurie-de-main-doeuvre-qualifiee-dans-la-logistique-lemployer-branding-comme-solution-efficace\/","og_site_name":"MEDEWO Verpackungen","article_published_time":"2024-05-14T08:03:50+00:00","article_modified_time":"2024-05-14T08:03:51+00:00","og_image":[{"width":775,"height":519,"url":"https:\/\/www.medewo.com\/blog\/wp-content\/uploads\/2023\/11\/Hauptbild-im-Lager.jpg","type":"image\/jpeg"}],"author":"Ines Reiter","twitter_card":"summary_large_image","twitter_misc":{"Written by":"Ines Reiter","Est. reading time":"6 minutes"},"schema":{"@context":"https:\/\/schema.org","@graph":[{"@type":"Article","@id":"https:\/\/www.medewo.com\/blog\/ch-fr\/actualites-de-l-entreprise\/penurie-de-main-doeuvre-qualifiee-dans-la-logistique-lemployer-branding-comme-solution-efficace\/#article","isPartOf":{"@id":"https:\/\/www.medewo.com\/blog\/ch-fr\/actualites-de-l-entreprise\/penurie-de-main-doeuvre-qualifiee-dans-la-logistique-lemployer-branding-comme-solution-efficace\/"},"author":{"name":"Ines Reiter","@id":"https:\/\/www.medewo.com\/blog\/ch-fr\/#\/schema\/person\/0d58526ee4672784bcb9c64b5c6cde9f"},"headline":"P\u00e9nurie de main-d&#8217;\u0153uvre qualifi\u00e9e dans la logistique: l&#8217;Employer Branding comme solution efficace","datePublished":"2024-05-14T08:03:50+00:00","dateModified":"2024-05-14T08:03:51+00:00","mainEntityOfPage":{"@id":"https:\/\/www.medewo.com\/blog\/ch-fr\/actualites-de-l-entreprise\/penurie-de-main-doeuvre-qualifiee-dans-la-logistique-lemployer-branding-comme-solution-efficace\/"},"wordCount":1269,"commentCount":0,"publisher":{"@id":"https:\/\/www.medewo.com\/blog\/ch-fr\/#organization"},"image":{"@id":"https:\/\/www.medewo.com\/blog\/ch-fr\/actualites-de-l-entreprise\/penurie-de-main-doeuvre-qualifiee-dans-la-logistique-lemployer-branding-comme-solution-efficace\/#primaryimage"},"thumbnailUrl":"https:\/\/www.medewo.com\/blog\/wp-content\/uploads\/2023\/11\/Hauptbild-im-Lager.jpg","articleSection":["Actualit\u00e9s de l'entreprise"],"inLanguage":"fr-CH","potentialAction":[{"@type":"CommentAction","name":"Comment","target":["https:\/\/www.medewo.com\/blog\/ch-fr\/actualites-de-l-entreprise\/penurie-de-main-doeuvre-qualifiee-dans-la-logistique-lemployer-branding-comme-solution-efficace\/#respond"]}]},{"@type":"WebPage","@id":"https:\/\/www.medewo.com\/blog\/ch-fr\/actualites-de-l-entreprise\/penurie-de-main-doeuvre-qualifiee-dans-la-logistique-lemployer-branding-comme-solution-efficace\/","url":"https:\/\/www.medewo.com\/blog\/ch-fr\/actualites-de-l-entreprise\/penurie-de-main-doeuvre-qualifiee-dans-la-logistique-lemployer-branding-comme-solution-efficace\/","name":"P\u00e9nurie de main-d'\u0153uvre qualifi\u00e9e dans la logistique: l'Employer Branding comme solution efficace - MEDEWO Verpackungen","isPartOf":{"@id":"https:\/\/www.medewo.com\/blog\/ch-fr\/#website"},"primaryImageOfPage":{"@id":"https:\/\/www.medewo.com\/blog\/ch-fr\/actualites-de-l-entreprise\/penurie-de-main-doeuvre-qualifiee-dans-la-logistique-lemployer-branding-comme-solution-efficace\/#primaryimage"},"image":{"@id":"https:\/\/www.medewo.com\/blog\/ch-fr\/actualites-de-l-entreprise\/penurie-de-main-doeuvre-qualifiee-dans-la-logistique-lemployer-branding-comme-solution-efficace\/#primaryimage"},"thumbnailUrl":"https:\/\/www.medewo.com\/blog\/wp-content\/uploads\/2023\/11\/Hauptbild-im-Lager.jpg","datePublished":"2024-05-14T08:03:50+00:00","dateModified":"2024-05-14T08:03:51+00:00","breadcrumb":{"@id":"https:\/\/www.medewo.com\/blog\/ch-fr\/actualites-de-l-entreprise\/penurie-de-main-doeuvre-qualifiee-dans-la-logistique-lemployer-branding-comme-solution-efficace\/#breadcrumb"},"inLanguage":"fr-CH","potentialAction":[{"@type":"ReadAction","target":["https:\/\/www.medewo.com\/blog\/ch-fr\/actualites-de-l-entreprise\/penurie-de-main-doeuvre-qualifiee-dans-la-logistique-lemployer-branding-comme-solution-efficace\/"]}]},{"@type":"ImageObject","inLanguage":"fr-CH","@id":"https:\/\/www.medewo.com\/blog\/ch-fr\/actualites-de-l-entreprise\/penurie-de-main-doeuvre-qualifiee-dans-la-logistique-lemployer-branding-comme-solution-efficace\/#primaryimage","url":"https:\/\/www.medewo.com\/blog\/wp-content\/uploads\/2023\/11\/Hauptbild-im-Lager.jpg","contentUrl":"https:\/\/www.medewo.com\/blog\/wp-content\/uploads\/2023\/11\/Hauptbild-im-Lager.jpg","width":775,"height":519,"caption":"Hubwagen, Mitarbeiter im Lager"},{"@type":"BreadcrumbList","@id":"https:\/\/www.medewo.com\/blog\/ch-fr\/actualites-de-l-entreprise\/penurie-de-main-doeuvre-qualifiee-dans-la-logistique-lemployer-branding-comme-solution-efficace\/#breadcrumb","itemListElement":[{"@type":"ListItem","position":1,"name":"Startseite","item":"https:\/\/www.medewo.com\/blog\/ch-fr\/"},{"@type":"ListItem","position":2,"name":"P\u00e9nurie de main-d&#8217;\u0153uvre qualifi\u00e9e dans la logistique: l&#8217;Employer Branding comme solution efficace"}]},{"@type":"WebSite","@id":"https:\/\/www.medewo.com\/blog\/ch-fr\/#website","url":"https:\/\/www.medewo.com\/blog\/ch-fr\/","name":"MEDEWO Verpackungen","description":"News","publisher":{"@id":"https:\/\/www.medewo.com\/blog\/ch-fr\/#organization"},"potentialAction":[{"@type":"SearchAction","target":{"@type":"EntryPoint","urlTemplate":"https:\/\/www.medewo.com\/blog\/ch-fr\/?s={search_term_string}"},"query-input":{"@type":"PropertyValueSpecification","valueRequired":true,"valueName":"search_term_string"}}],"inLanguage":"fr-CH"},{"@type":"Organization","@id":"https:\/\/www.medewo.com\/blog\/ch-fr\/#organization","name":"MEDEWO","url":"https:\/\/www.medewo.com\/blog\/ch-fr\/","logo":{"@type":"ImageObject","inLanguage":"fr-CH","@id":"https:\/\/www.medewo.com\/blog\/ch-fr\/#\/schema\/logo\/image\/","url":"https:\/\/www.medewo.com\/blog\/wp-content\/uploads\/2023\/05\/medewo-logo-claim-2018-quer-RGB-FR.svg","contentUrl":"https:\/\/www.medewo.com\/blog\/wp-content\/uploads\/2023\/05\/medewo-logo-claim-2018-quer-RGB-FR.svg","width":350,"height":63,"caption":"MEDEWO"},"image":{"@id":"https:\/\/www.medewo.com\/blog\/ch-fr\/#\/schema\/logo\/image\/"}},{"@type":"Person","@id":"https:\/\/www.medewo.com\/blog\/ch-fr\/#\/schema\/person\/0d58526ee4672784bcb9c64b5c6cde9f","name":"Ines Reiter","image":{"@type":"ImageObject","inLanguage":"fr-CH","@id":"https:\/\/www.medewo.com\/blog\/ch-fr\/#\/schema\/person\/image\/","url":"https:\/\/secure.gravatar.com\/avatar\/a8743d0b7ce132e278d4e42aabcda333b09583545b3f541a9421bb42fd971259?s=96&d=blank&r=g","contentUrl":"https:\/\/secure.gravatar.com\/avatar\/a8743d0b7ce132e278d4e42aabcda333b09583545b3f541a9421bb42fd971259?s=96&d=blank&r=g","caption":"Ines Reiter"}}]}},"magento_index":false,"_links":{"self":[{"href":"https:\/\/www.medewo.com\/blog\/ch-fr\/wp-json\/wp\/v2\/posts\/32536","targetHints":{"allow":["GET"]}}],"collection":[{"href":"https:\/\/www.medewo.com\/blog\/ch-fr\/wp-json\/wp\/v2\/posts"}],"about":[{"href":"https:\/\/www.medewo.com\/blog\/ch-fr\/wp-json\/wp\/v2\/types\/post"}],"author":[{"embeddable":true,"href":"https:\/\/www.medewo.com\/blog\/ch-fr\/wp-json\/wp\/v2\/users\/69"}],"replies":[{"embeddable":true,"href":"https:\/\/www.medewo.com\/blog\/ch-fr\/wp-json\/wp\/v2\/comments?post=32536"}],"version-history":[{"count":13,"href":"https:\/\/www.medewo.com\/blog\/ch-fr\/wp-json\/wp\/v2\/posts\/32536\/revisions"}],"predecessor-version":[{"id":32552,"href":"https:\/\/www.medewo.com\/blog\/ch-fr\/wp-json\/wp\/v2\/posts\/32536\/revisions\/32552"}],"wp:featuredmedia":[{"embeddable":true,"href":"https:\/\/www.medewo.com\/blog\/ch-fr\/wp-json\/wp\/v2\/media\/32325"}],"wp:attachment":[{"href":"https:\/\/www.medewo.com\/blog\/ch-fr\/wp-json\/wp\/v2\/media?parent=32536"}],"wp:term":[{"taxonomy":"category","embeddable":true,"href":"https:\/\/www.medewo.com\/blog\/ch-fr\/wp-json\/wp\/v2\/categories?post=32536"},{"taxonomy":"post_tag","embeddable":true,"href":"https:\/\/www.medewo.com\/blog\/ch-fr\/wp-json\/wp\/v2\/tags?post=32536"},{"taxonomy":"m2-product-id","embeddable":true,"href":"https:\/\/www.medewo.com\/blog\/ch-fr\/wp-json\/wp\/v2\/m2-product-id?post=32536"}],"curies":[{"name":"wp","href":"https:\/\/api.w.org\/{rel}","templated":true}]}}