{"id":31149,"date":"2024-05-13T12:42:18","date_gmt":"2024-05-13T10:42:18","guid":{"rendered":"https:\/\/www.medewo.com\/blog\/?p=31149"},"modified":"2024-06-17T12:04:34","modified_gmt":"2024-06-17T10:04:34","slug":"le-code-fefco-ce-quil-faut-savoir-sur-le-code-emballage","status":"publish","type":"post","link":"https:\/\/www.medewo.com\/blog\/ch-fr\/solutions\/le-code-fefco-ce-quil-faut-savoir-sur-le-code-emballage\/","title":{"rendered":"Le code FEFCO: Ce qu&#8217;il faut savoir sur le \u00abcode emballage\u00bb"},"content":{"rendered":"<div class=\"wpb-content-wrapper\"><p>[vc_row][vc_column][vc_column_text]<\/p>\n<p class=\"lead\"><strong>Communiquer facilement, rapidement et sans malentendu sur les cartons d&#8217;emballage? Le code FEFCO le permet. Gr\u00e2ce \u00e0 un codage sp\u00e9cial utilis\u00e9 \u00e0 l&#8217;\u00e9chelle internationale, diff\u00e9rents types d&#8217;emballages sont clairement d\u00e9finis, ce qui facilite grandement la communication \u00e0 leur sujet. Mais comment ce \u00ablangage\u00bb est-il apparu et que contient exactement le catalogue FEFCO?<\/strong><\/p>\n<p>[\/vc_column_text][vc_empty_space][vc_separator][vc_empty_space][vc_column_text]<\/p>\n<h3 class=\"wp-block-heading\"><strong>Ce qu&#8217;il faut savoir sur le \u00abcode d&#8217;emballage\u00bb<\/strong><\/h3>\n<ul>\n<li><a href=\"https:\/\/www.medewo.com\/blog\/ch-fr\/?p=31149#erklaerung\">Qu&#8217;est-ce qu&#8217;un code FEFCO?<\/a><\/li>\n<li><a href=\"https:\/\/www.medewo.com\/blog\/ch-fr\/?p=31149#geschichte\">Comment est n\u00e9 le catalogue FEFCO?<\/a><\/li>\n<li><a href=\"https:\/\/www.medewo.com\/blog\/ch-fr\/?p=31149#codes\">Que signifient les codes FEFCO?<\/a><\/li>\n<li><a href=\"https:\/\/www.medewo.com\/blog\/ch-fr\/?p=31149#vorteile\">Quels sont les avantages du code FEFCO?<\/a><\/li>\n<\/ul>\n<p>[\/vc_column_text][vc_empty_space][vc_separator][vc_empty_space][vc_column_text]<\/p>\n<h2 id=\"erklaerung\" class=\"wp-block-heading\">Qu&#8217;est-ce qu&#8217;un code FEFCO?<\/h2>\n<p>[\/vc_column_text][vc_empty_space height=&#8221;20px&#8221;][\/vc_column][\/vc_row][vc_row][vc_column width=&#8221;1\/2&#8243;][vc_single_image image=&#8221;29580&#8243; img_size=&#8221;full&#8221;][\/vc_column][vc_column width=&#8221;1\/2&#8243;][vc_column_text]Quiconque a d\u00e9j\u00e0 d\u00e9pli\u00e9 ou assembl\u00e9 un emballage d&#8217;exp\u00e9dition en carton ondul\u00e9 ou plein a peut-\u00eatre remarqu\u00e9 avec quelle subtilit\u00e9 il est con\u00e7u. Il y a des d\u00e9coupes, des perforations, des zones rainur\u00e9es pour les plis, le collage des languettes, et bien plus encore. Le code FEFCO garantit que tout est fabriqu\u00e9 comme souhait\u00e9 lors de la fabrication des cartons.<\/p>\n<p>D&#8217;une part, il est standardis\u00e9 avec quels quatre chiffres d\u00e9crivent quel type de construction[\/vc_column_text][\/vc_column][\/vc_row][vc_row][vc_column][vc_column_text](voir ci-dessous) et d&#8217;autre part avec quels symboles dans les dessins par ex. pour une ligne de rainage, une perforation d\u00e9chirable, un agrafage par fil m\u00e9tallique ou des ouvertures de poign\u00e9e. Et toujours \u00abdans le but de remplacer les d\u00e9finitions encombrantes des structures de bo\u00eetes en carton ondul\u00e9 et d&#8217;emballages par des symboles simples et valables au niveau international, compr\u00e9hensibles par tous, quelles que soient les difficult\u00e9s linguistiques et autres\u00bb, comme le dit le catalogue FEFCO. Seule la taille des cartons respectifs n&#8217;est pas prise en compte.[\/vc_column_text][vc_empty_space][vc_column_text]            <style>\n                .message_box_wrapper {\n                    display: block;\n                    width: 100%;\n                    width: calc( 100% - 32px );\n                    margin-bottom: 30px;\n                    margin-top: 15px;\n                    padding: 15px;\n                    float: left;\n                    background: #f9f9f9;\n                    border: 1px solid #dddddd;\n                }\n                .message_box_wrapper .message_box_icon {\n                    margin-bottom: 0;\n                }\n                .message_box_wrapper .message_box_caption {\n                    margin-left: 70px;\n                }\n                .message_box_wrapper .message_box_caption .message_box_button {\n                    background: #278dd1;\n                    border-color: #278dd1;\n                    display: inline-block;\n                    padding: 6px 20px;\n                    line-height: 1.42857143;\n                    color: #fff;\n                    font-size: 17px;\n                    font-weight: normal;\n                    text-decoration: none;\n                }\n            <\/style>\n\n            <div class=\"message_box_wrapper\">\n                <p>\n                    <img decoding=\"async\" class=\"alignleft wp-image-4005 message_box_icon\" title=\"MEDEWO-Tipp\" src=\"https:\/\/www.medewo.com\/blog\/wp-content\/themes\/dt-the7-child\/img\/icons\/Hinweis.svg\" alt=\"MEDEWO-Tipp\" width=\"50\" height=\"50\">\n                <\/p>\n                Outre le code FEFCO, il existe \u00e9galement le code ECMA, qui d\u00e9crit clairement les types de construction de mani\u00e8re similaire. Il ne traite que les bo\u00eetes pliantes et est \u00e9galement utilis\u00e9 pour les emballages en carton.                 <p class=\"message_box_caption\">\n                                    <\/p>\n            <\/div>\n        [\/vc_column_text][vc_empty_space][vc_column_text]<\/p>\n<h2 id=\"geschichte\" class=\"wp-block-heading\">Comment est n\u00e9 le catalogue FEFCO?<\/h2>\n<p>[\/vc_column_text][vc_empty_space height=&#8221;20px&#8221;][\/vc_column][\/vc_row][vc_row][vc_column width=&#8221;1\/2&#8243;][vc_column_text]Afin de simplifier et d&#8217;uniformiser la communication sur les emballages entre l&#8217;utilisateur, le distributeur ou le fabricant, la cr\u00e9ation d&#8217;un code international a \u00e9t\u00e9 essentielle. C&#8217;est pourquoi la F\u00e9d\u00e9ration europ\u00e9enne des fabricants de carton ondul\u00e9 (Federation of Corrugated Board Manufacturers) a d\u00e9velopp\u00e9 le premier projet d\u00e8s les ann\u00e9es 60. Ainsi, l&#8217;organisation a \u00e9galement donn\u00e9 son nom au code, car elle s&#8217;appelait \u00e0 l&#8217;\u00e9poque <strong>F<\/strong>\u00e9d\u00e9ration <strong>E<\/strong>urop\u00e9enne des <strong>F<\/strong>abricants de <strong>C<\/strong>arton <strong>O<\/strong>ndul\u00e9, en abr\u00e9g\u00e9 FEFCO.[\/vc_column_text][\/vc_column][vc_column width=&#8221;1\/2&#8243;][vc_single_image image=&#8221;29581&#8243; img_size=&#8221;full&#8221; alignment=&#8221;right&#8221;][\/vc_column][\/vc_row][vc_row][vc_column][vc_empty_space height=&#8221;12px&#8221;][vc_column_text]\u00c9tant donn\u00e9 que la description standardis\u00e9e des constructions a \u00e9t\u00e9 reprise par l&#8217;European Solid Board Organization (ESBO <strong>E<\/strong>uropean <strong>S<\/strong>olid <strong>B<\/strong>oard <strong>O<\/strong>rganization) et que celle-ci a \u00e9t\u00e9 impliqu\u00e9e dans le d\u00e9veloppement ult\u00e9rieur, on parle maintenant \u00e9galement de code FEFCO-ESBO.<\/p>\n<p>Entre-temps, ce code est \u00e9galement utilis\u00e9 au-del\u00e0 des fronti\u00e8res europ\u00e9ennes, car l&#8217;association mondiale de l&#8217;industrie du carton ondul\u00e9 (ICCA, International Corrugated Case Association) a \u00e9galement reconnu le code et l&#8217;utilise, et seules la FEFCO et l&#8217;ESBO sont habilit\u00e9es \u00e0 le modifier ou le compl\u00e9ter.[\/vc_column_text][vc_empty_space height=&#8221;18px&#8221;][vc_column_text]            <style>\n                .message_box_wrapper {\n                    display: block;\n                    width: 100%;\n                    width: calc( 100% - 32px );\n                    margin-bottom: 30px;\n                    margin-top: 15px;\n                    padding: 15px;\n                    float: left;\n                    background: #f9f9f9;\n                    border: 1px solid #dddddd;\n                }\n                .message_box_wrapper .message_box_icon {\n                    margin-bottom: 0;\n                }\n                .message_box_wrapper .message_box_caption {\n                    margin-left: 70px;\n                }\n                .message_box_wrapper .message_box_caption .message_box_button {\n                    background: #278dd1;\n                    border-color: #278dd1;\n                    display: inline-block;\n                    padding: 6px 20px;\n                    line-height: 1.42857143;\n                    color: #fff;\n                    font-size: 17px;\n                    font-weight: normal;\n                    text-decoration: none;\n                }\n            <\/style>\n\n            <div class=\"message_box_wrapper\">\n                <p>\n                    <img decoding=\"async\" class=\"alignleft wp-image-4005 message_box_icon\" title=\"MEDEWO-Tipp\" src=\"https:\/\/www.medewo.com\/blog\/wp-content\/themes\/dt-the7-child\/img\/icons\/Tipp.svg\" alt=\"MEDEWO-Tipp\" width=\"50\" height=\"50\">\n                <\/p>\n                Vous trouverez le catalogue complet FEFCO sur le site de l&#8217;Association europ\u00e9enne des fabricants de carton ondul\u00e9:                 <p class=\"message_box_caption\">\n                                            <a class=\"message_box_button\" title=\"T\u00e9l\u00e9charger ici le code FEFCO\" href=\"https:\/\/www.fefco.org\/sites\/default\/files\/documents\/FEFCO_Codes_of_Designs.pdf\" target=\"_self\">T\u00e9l\u00e9charger ici le code FEFCO<\/a>\n                                    <\/p>\n            <\/div>\n        [\/vc_column_text][vc_empty_space][vc_column_text]<\/p>\n<h2 id=\"codes\" class=\"wp-block-heading\">Que signifient les codes FEFCO?<\/h2>\n<p>Le catalogue FEFCO pr\u00e9voit une cat\u00e9gorisation claire pour diff\u00e9rents types d&#8217;emballages et les sp\u00e9cifie sous forme de chiffres \u00e0 quatre chiffres. Les deux premiers indiquent le type de base de l&#8217;ex\u00e9cution, dont neuf sont diff\u00e9rents:<\/p>\n<ul>\n<li><strong>01 = rouleaux et feuilles<\/strong> de carton ondul\u00e9 en rouleau ou d\u00e9coupes de feuilles<\/li>\n<li><strong>02 = Bo\u00eetes pliantes (caisses pliantes)<\/strong> D\u00e9coupe livr\u00e9e \u00e0 plat, ferm\u00e9e \u00e0 l&#8217;aide de volets de couvercle et de fond<\/li>\n<li><strong>03 = Bo\u00eetes cloches<\/strong> compos\u00e9es de deux ou plusieurs parties s\u00e9par\u00e9es, dans lesquelles une partie sup\u00e9rieure, le couvercle, est classiquement pos\u00e9e sur la partie inf\u00e9rieure, le fond<\/li>\n<li><strong>04 =Pochettes et plateaux pliables<\/strong> D\u00e9coupe sur laquelle les parois lat\u00e9rales ou le couvercle sont d\u00e9j\u00e0 fix\u00e9s au sol (\u00abarticul\u00e9s\u00bb); peut avoir des poign\u00e9es, un \u00e9cran, etc.<\/li>\n<li><strong>05 = Bo\u00eetes \u00e0 glissi\u00e8re<\/strong> \u00c9galement appel\u00e9es bo\u00eetes de ceinture, les inserts annulaires et les manchettes sont embo\u00eet\u00e9s les uns dans les autres<\/li>\n<li><strong>06 = Bo\u00eetes ind\u00e9formables<\/strong> Emballage en trois parties, dans lequel deux parties lat\u00e9rales se trouvent encore sur la partie centrale (=fond et couvercle) par ex. fix\u00e9s avec une agrafe m\u00e9tallique<\/li>\n<li><strong>07 = Bo\u00eetes coll\u00e9es pr\u00eates<\/strong> Bo\u00eete monobloc qui se monte rapidement<\/li>\n<li><strong>09 = Am\u00e9nagements int\u00e9rieurs<\/strong> \u00c9l\u00e9ments d\u00e9j\u00e0 int\u00e9gr\u00e9s ou s\u00e9par\u00e9s dans l&#8217;emballage, tels que barrettes, compartiments ou rembourrages<\/li>\n<\/ul>\n<p>Alors que les deux premiers chiffres indiquent le type de base comme mentionn\u00e9, deux chiffres suppl\u00e9mentaires sp\u00e9cifient ses variations. Voici quelques exemples pour vous donner un aper\u00e7u:[\/vc_column_text][vc_empty_space height=&#8221;18px&#8221;][vc_column_text]<strong>01 = rouleaux et feuilles<\/strong>[\/vc_column_text][vc_empty_space height=&#8221;20px&#8221;][\/vc_column][\/vc_row][vc_row][vc_column width=&#8221;1\/2&#8243;][vc_single_image image=&#8221;29582&#8243; img_size=&#8221;full&#8221;][vc_empty_space height=&#8221;24px&#8221;][vc_single_image image=&#8221;29583&#8243; img_size=&#8221;full&#8221;][\/vc_column][vc_column width=&#8221;1\/2&#8243;][vc_empty_space height=&#8221;50px&#8221;][vc_column_text]<em>FEFCO 0100 carton ondul\u00e9<\/em> en rouleau avec rouleau ouvert, pour l&#8217;emballage ou comme couche interm\u00e9diaire[\/vc_column_text][vc_empty_space height=&#8221;230px&#8221;][vc_column_text]<em>FEFCO 0110<\/em> Carton ondul\u00e9 en tant que produit en feuille, id\u00e9al pour une pose interm\u00e9diaire ou une d\u00e9pose[\/vc_column_text][\/vc_column][\/vc_row][vc_row][vc_column][vc_column_text]<strong>02 Bo\u00eetes pliantes<\/strong>[\/vc_column_text][vc_empty_space height=&#8221;20px&#8221;][\/vc_column][\/vc_row][vc_row][vc_column width=&#8221;1\/2&#8243;][vc_single_image image=&#8221;29584&#8243; img_size=&#8221;full&#8221;][vc_empty_space height=&#8221;20px&#8221;][vc_single_image image=&#8221;29585&#8243; img_size=&#8221;full&#8221;][\/vc_column][vc_column width=&#8221;1\/2&#8243;][vc_empty_space height=&#8221;65px&#8221;][vc_column_text]<em>FEFCO 0201 <\/em>Le classique parmi les cartons: la bo\u00eete pliante avec des rabats qui se rejoignent[\/vc_column_text][vc_empty_space height=&#8221;16px&#8221;]<style type=\"text\/css\" data-type=\"the7_shortcodes-inline-css\">#default-btn-553731e50eb4616bbf4d0e214f748447.ico-right-side > i {\n  margin-right: 0px;\n  margin-left: 8px;\n}\n#default-btn-553731e50eb4616bbf4d0e214f748447 > i {\n  margin-right: 8px;\n}<\/style><a href=\"https:\/\/www.medewo.com\/ch-fr\/assortiment-en-stock\/caisses-cartons-boites\/boites-pliantes\/\" class=\"default-btn-shortcode dt-btn dt-btn-m link-hover-off btn-inline-left \" id=\"default-btn-553731e50eb4616bbf4d0e214f748447\"><span>Vers toutes les bo\u00eetes pliantes<\/span><\/a>[vc_empty_space height=&#8221;180px&#8221;][vc_column_text]<em>FEFCO 0203<\/em> particuli\u00e8rement stable pour les produits lourds gr\u00e2ce aux volets qui se chevauchent[\/vc_column_text][\/vc_column][\/vc_row][vc_row][vc_column][vc_empty_space height=&#8221;20px&#8221;][vc_column_text]<strong>03 = Bo\u00eetes \u00e0 couvercles<\/strong>[\/vc_column_text][vc_empty_space height=&#8221;20px&#8221;][\/vc_column][\/vc_row][vc_row][vc_column width=&#8221;1\/2&#8243;][vc_single_image image=&#8221;29586&#8243; img_size=&#8221;full&#8221;][\/vc_column][vc_column width=&#8221;1\/2&#8243;][vc_empty_space height=&#8221;20px&#8221;][vc_empty_space height=&#8221;20px&#8221;][vc_column_text]<em>FEFCO 0304<\/em> gr\u00e2ce aux rainures diagonales dans les c\u00f4t\u00e9s longitudinaux: pas de collage n\u00e9cessaire[\/vc_column_text][\/vc_column][\/vc_row][vc_row][vc_column][vc_empty_space height=&#8221;20px&#8221;][vc_column_text]<strong>04 = Pochettes et plateaux pliants<\/strong>[\/vc_column_text][vc_empty_space height=&#8221;20px&#8221;][\/vc_column][\/vc_row][vc_row][vc_column width=&#8221;1\/2&#8243;][vc_single_image image=&#8221;29587&#8243; img_size=&#8221;full&#8221;][vc_single_image image=&#8221;29588&#8243; img_size=&#8221;full&#8221;][vc_single_image image=&#8221;30878&#8243; img_size=&#8221;full&#8221;][\/vc_column][vc_column width=&#8221;1\/2&#8243;][vc_empty_space height=&#8221;60px&#8221;][vc_column_text]<em>FEFCO 0421<\/em> Emballage d\u00e9coup\u00e9 qui est construit avec une languette de connexion et d&#8217;insertion: pas de fermeture suppl\u00e9mentaire n\u00e9cessaire[\/vc_column_text][vc_empty_space height=&#8221;100px&#8221;][vc_empty_space height=&#8221;100px&#8221;][vc_column_text]<em>FEFCO 0422 <\/em>passerelles pliantes ouvertes en haut, s\u00e9curis\u00e9es gr\u00e2ce \u00e0 des languettes[\/vc_column_text][vc_empty_space height=&#8221;180px&#8221;][vc_column_text]<em>FEFCO 0427<\/em> Bo\u00eete pliante avec languettes pratiques et fermeture \u00e0 embo\u00eetement[\/vc_column_text][\/vc_column][\/vc_row][vc_row][vc_column][vc_empty_space height=&#8221;20px&#8221;][vc_column_text]<strong>05 = Bo\u00eetes coulissantes<\/strong>[\/vc_column_text][vc_empty_space height=&#8221;20px&#8221;][\/vc_column][\/vc_row][vc_row][vc_column width=&#8221;1\/2&#8243;][vc_single_image image=&#8221;29589&#8243; img_size=&#8221;full&#8221;][\/vc_column][vc_column width=&#8221;1\/2&#8243;][vc_empty_space height=&#8221;20px&#8221;][vc_empty_space height=&#8221;20px&#8221;][vc_column_text]<em>FEFCO 0509 <\/em>Bo\u00eete coulissante en deux parties, l&#8217;insert annulaire \u00e9tant facilement ins\u00e9r\u00e9 dans le brassard[\/vc_column_text][\/vc_column][\/vc_row][vc_row][vc_column][vc_empty_space height=&#8221;20px&#8221;][vc_column_text]<strong>07 = Bo\u00eetes pr\u00e9-coll\u00e9es<\/strong>[\/vc_column_text][vc_empty_space height=&#8221;20px&#8221;][\/vc_column][\/vc_row][vc_row][vc_column width=&#8221;1\/2&#8243;][vc_single_image image=&#8221;32954&#8243; img_size=&#8221;full&#8221; css=&#8221;&#8221;][vc_empty_space height=&#8221;20px&#8221;][vc_single_image image=&#8221;29591&#8243; img_size=&#8221;full&#8221;][\/vc_column][vc_column width=&#8221;1\/2&#8243;][vc_empty_space height=&#8221;60px&#8221;][vc_column_text]<em>FEFCO 07011 <\/em>gr\u00e2ce au plancher automatique \u00e0 chevauchement complet avec une poign\u00e9e mont\u00e9e et stable[\/vc_column_text][vc_empty_space height=&#8221;100px&#8221;][vc_empty_space height=&#8221;150px&#8221;][vc_column_text]<em>FEFCO 0703 <\/em>avec fond automatique et rabats de couvercle superpos\u00e9s bo\u00eete d&#8217;exp\u00e9dition id\u00e9ale[\/vc_column_text][\/vc_column][\/vc_row][vc_row][vc_column][vc_empty_space height=&#8221;20px&#8221;][vc_column_text]<strong>09 = Am\u00e9nagements int\u00e9rieurs<\/strong>[\/vc_column_text][vc_empty_space height=&#8221;20px&#8221;][\/vc_column][\/vc_row][vc_row][vc_column width=&#8221;1\/2&#8243;][vc_single_image image=&#8221;29592&#8243; img_size=&#8221;full&#8221;][\/vc_column][vc_column width=&#8221;1\/2&#8243;][vc_empty_space height=&#8221;60px&#8221;][vc_column_text]<em>FEFCO 0920 <\/em>incrustation simplement redress\u00e9e qui s\u00e9pare et fixe les bouteilles \u00e0 l&#8217;int\u00e9rieur d&#8217;une bo\u00eete d&#8217;exp\u00e9dition[\/vc_column_text][\/vc_column][\/vc_row][vc_row][vc_column][vc_empty_space height=&#8221;20px&#8221;][vc_column_text]Si les formes standard sont encore modifi\u00e9es, le code de type \u00e0 quatre chiffres peut \u00eatre compl\u00e9t\u00e9 par un trait d&#8217;union avec d&#8217;autres chiffres.<\/p>\n<p>&nbsp;<\/p>\n<h2 id=\"vorteile\" class=\"wp-block-heading\">Quels sont les avantages du code FEFCO?<\/h2>\n<p>Surtout si vous voulez mettre en \u0153uvre un projet d&#8217;emballage individuel, il est important que l&#8217;emballage soit fabriqu\u00e9 exactement selon vos souhaits, qu&#8217;il s&#8217;agisse d&#8217;un emballage <a title=\"En savoir plus sur les emballages d\u00e9coup\u00e9s\" href=\"https:\/\/www.medewo.com\/ch-fr\/stanzverpackungen-nach-mass\">d\u00e9coup\u00e9<\/a> ou d&#8217;une <a title=\"En savoir plus sur les bo\u00eetes individuelles\" href=\"https:\/\/www.medewo.com\/ch-fr\/schachteln-bedrucken\">bo\u00eete imprim\u00e9e<\/a> avec votre logo. Le code FEFCO vous garantit ainsi que tout le monde parle de la m\u00eame chose et qu&#8217;\u00e0 la fin, vous obtiendrez la solution que vous avez command\u00e9e.[\/vc_column_text][vc_empty_space height=&#8221;20px&#8221;][vc_empty_space height=&#8221;20px&#8221;][vc_empty_space height=&#8221;20px&#8221;][vc_column_text]<em>Vous avez encore des questions sur les bo\u00eetes pliantes ou vous souhaitez vous convaincre vous-m\u00eame de la diversit\u00e9 des bo\u00eetes en carton? Contactez les sp\u00e9cialistes MEDEWO ou d\u00e9couvrez notre large gamme de cartons et de bo\u00eetes dans notre boutique en ligne:<\/em>[\/vc_column_text][vc_empty_space height=&#8221;20px&#8221;][\/vc_column][\/vc_row][vc_row][vc_column width=&#8221;1\/2&#8243;]<style type=\"text\/css\" data-type=\"the7_shortcodes-inline-css\">#default-btn-6777e77474b6fea891b666162fef971c.ico-right-side > i {\n  margin-right: 0px;\n  margin-left: 8px;\n}\n#default-btn-6777e77474b6fea891b666162fef971c > i {\n  margin-right: 8px;\n}<\/style><a href=\"https:\/\/www.medewo.com\/ch-fr\/contact\" class=\"default-btn-shortcode dt-btn dt-btn-l link-hover-off btn-inline-left \" id=\"default-btn-6777e77474b6fea891b666162fef971c\" title=\"Kontakt MEDEWO\"><span>Contacter MEDEWO maintenant<\/span><\/a>[\/vc_column][vc_column width=&#8221;1\/2&#8243;]<style type=\"text\/css\" data-type=\"the7_shortcodes-inline-css\">#default-btn-49dcd00bf7e045b23cd77caf1ae33ccf.ico-right-side > i {\n  margin-right: 0px;\n  margin-left: 8px;\n}\n#default-btn-49dcd00bf7e045b23cd77caf1ae33ccf > i {\n  margin-right: 8px;\n}<\/style><a href=\"https:\/\/www.medewo.com\/ch-fr\/assortiment-en-stock\/caisses-cartons-boites\/\" class=\"default-btn-shortcode dt-btn dt-btn-m link-hover-off btn-inline-left \" id=\"default-btn-49dcd00bf7e045b23cd77caf1ae33ccf\" title=\"Zum Sortiment Kartons, Schachteln & Beh\u00e4lter\"><span>Vers la gamme de cartons, bo\u00eetes et r\u00e9cipients<\/span><\/a>[\/vc_column][\/vc_row]<\/p>\n<\/div>","protected":false},"excerpt":{"rendered":"<p>Communiquer facilement, rapidement et sans malentendu sur les cartons d&#8217;emballage? Le code FEFCO le permet. Mais que signifient ces chiffres?<\/p>\n","protected":false},"author":1,"featured_media":31151,"comment_status":"open","ping_status":"open","sticky":false,"template":"","format":"standard","meta":{"pgc_sgb_lightbox_settings":"","footnotes":""},"categories":[5228],"tags":[],"m2-product-id":[],"class_list":["post-31149","post","type-post","status-publish","format-standard","has-post-thumbnail","hentry","category-solutions","category-5228","description-off"],"yoast_head":"<!-- This site is optimized with the Yoast SEO plugin v27.1.1 - https:\/\/yoast.com\/product\/yoast-seo-wordpress\/ -->\n<title>Le code FEFCO: Ce qu&#039;il faut savoir sur le \u00abcode emballage\u00bb<\/title>\n<meta name=\"description\" content=\"Communiquer facilement, rapidement et sans malentendu sur les cartons d&#039;emballage? Le code FEFCO le permet. Mais que signifient ces chiffres?\" \/>\n<meta name=\"robots\" content=\"index, follow, max-snippet:-1, max-image-preview:large, max-video-preview:-1\" \/>\n<link rel=\"canonical\" href=\"https:\/\/www.medewo.com\/blog\/ch-fr\/solutions\/le-code-fefco-ce-quil-faut-savoir-sur-le-code-emballage\/\" \/>\n<meta property=\"og:locale\" content=\"fr_FR\" \/>\n<meta property=\"og:type\" content=\"article\" \/>\n<meta property=\"og:title\" content=\"Le code FEFCO: Ce qu&#039;il faut savoir sur le \u00abcode emballage\u00bb\" \/>\n<meta property=\"og:description\" content=\"Communiquer facilement, rapidement et sans malentendu sur les cartons d&#039;emballage? Le code FEFCO le permet. Mais que signifient ces chiffres?\" \/>\n<meta property=\"og:url\" content=\"https:\/\/www.medewo.com\/blog\/ch-fr\/solutions\/le-code-fefco-ce-quil-faut-savoir-sur-le-code-emballage\/\" \/>\n<meta property=\"og:site_name\" content=\"MEDEWO Verpackungen\" \/>\n<meta property=\"article:published_time\" content=\"2024-05-13T10:42:18+00:00\" \/>\n<meta property=\"article:modified_time\" content=\"2024-06-17T10:04:34+00:00\" \/>\n<meta property=\"og:image\" content=\"https:\/\/www.medewo.com\/blog\/wp-content\/uploads\/2014\/09\/Hauptbild-FEFCO-Blog.jpg\" \/>\n\t<meta property=\"og:image:width\" content=\"775\" \/>\n\t<meta property=\"og:image:height\" content=\"519\" \/>\n\t<meta property=\"og:image:type\" content=\"image\/jpeg\" \/>\n<meta name=\"author\" content=\"admin\" \/>\n<meta name=\"twitter:card\" content=\"summary_large_image\" \/>\n<meta name=\"twitter:label1\" content=\"Written by\" \/>\n\t<meta name=\"twitter:data1\" content=\"admin\" \/>\n\t<meta name=\"twitter:label2\" content=\"Est. reading time\" \/>\n\t<meta name=\"twitter:data2\" content=\"7 minutes\" \/>\n<script type=\"application\/ld+json\" class=\"yoast-schema-graph\">{\"@context\":\"https:\/\/schema.org\",\"@graph\":[{\"@type\":\"Article\",\"@id\":\"https:\/\/www.medewo.com\/blog\/ch-fr\/solutions\/le-code-fefco-ce-quil-faut-savoir-sur-le-code-emballage\/#article\",\"isPartOf\":{\"@id\":\"https:\/\/www.medewo.com\/blog\/ch-fr\/solutions\/le-code-fefco-ce-quil-faut-savoir-sur-le-code-emballage\/\"},\"author\":{\"name\":\"admin\",\"@id\":\"https:\/\/www.medewo.com\/blog\/ch-fr\/#\/schema\/person\/84e17ff7dbd20461267b403e9de6651a\"},\"headline\":\"Le code FEFCO: Ce qu&#8217;il faut savoir sur le \u00abcode emballage\u00bb\",\"datePublished\":\"2024-05-13T10:42:18+00:00\",\"dateModified\":\"2024-06-17T10:04:34+00:00\",\"mainEntityOfPage\":{\"@id\":\"https:\/\/www.medewo.com\/blog\/ch-fr\/solutions\/le-code-fefco-ce-quil-faut-savoir-sur-le-code-emballage\/\"},\"wordCount\":2069,\"commentCount\":1,\"publisher\":{\"@id\":\"https:\/\/www.medewo.com\/blog\/ch-fr\/#organization\"},\"image\":{\"@id\":\"https:\/\/www.medewo.com\/blog\/ch-fr\/solutions\/le-code-fefco-ce-quil-faut-savoir-sur-le-code-emballage\/#primaryimage\"},\"thumbnailUrl\":\"https:\/\/www.medewo.com\/blog\/wp-content\/uploads\/2014\/09\/Hauptbild-FEFCO-Blog.jpg\",\"articleSection\":[\"Solutions\"],\"inLanguage\":\"fr-CH\",\"potentialAction\":[{\"@type\":\"CommentAction\",\"name\":\"Comment\",\"target\":[\"https:\/\/www.medewo.com\/blog\/ch-fr\/solutions\/le-code-fefco-ce-quil-faut-savoir-sur-le-code-emballage\/#respond\"]}]},{\"@type\":\"WebPage\",\"@id\":\"https:\/\/www.medewo.com\/blog\/ch-fr\/solutions\/le-code-fefco-ce-quil-faut-savoir-sur-le-code-emballage\/\",\"url\":\"https:\/\/www.medewo.com\/blog\/ch-fr\/solutions\/le-code-fefco-ce-quil-faut-savoir-sur-le-code-emballage\/\",\"name\":\"Le code FEFCO: Ce qu'il faut savoir sur le \u00abcode emballage\u00bb\",\"isPartOf\":{\"@id\":\"https:\/\/www.medewo.com\/blog\/ch-fr\/#website\"},\"primaryImageOfPage\":{\"@id\":\"https:\/\/www.medewo.com\/blog\/ch-fr\/solutions\/le-code-fefco-ce-quil-faut-savoir-sur-le-code-emballage\/#primaryimage\"},\"image\":{\"@id\":\"https:\/\/www.medewo.com\/blog\/ch-fr\/solutions\/le-code-fefco-ce-quil-faut-savoir-sur-le-code-emballage\/#primaryimage\"},\"thumbnailUrl\":\"https:\/\/www.medewo.com\/blog\/wp-content\/uploads\/2014\/09\/Hauptbild-FEFCO-Blog.jpg\",\"datePublished\":\"2024-05-13T10:42:18+00:00\",\"dateModified\":\"2024-06-17T10:04:34+00:00\",\"description\":\"Communiquer facilement, rapidement et sans malentendu sur les cartons d'emballage? Le code FEFCO le permet. Mais que signifient ces chiffres?\",\"breadcrumb\":{\"@id\":\"https:\/\/www.medewo.com\/blog\/ch-fr\/solutions\/le-code-fefco-ce-quil-faut-savoir-sur-le-code-emballage\/#breadcrumb\"},\"inLanguage\":\"fr-CH\",\"potentialAction\":[{\"@type\":\"ReadAction\",\"target\":[\"https:\/\/www.medewo.com\/blog\/ch-fr\/solutions\/le-code-fefco-ce-quil-faut-savoir-sur-le-code-emballage\/\"]}]},{\"@type\":\"ImageObject\",\"inLanguage\":\"fr-CH\",\"@id\":\"https:\/\/www.medewo.com\/blog\/ch-fr\/solutions\/le-code-fefco-ce-quil-faut-savoir-sur-le-code-emballage\/#primaryimage\",\"url\":\"https:\/\/www.medewo.com\/blog\/wp-content\/uploads\/2014\/09\/Hauptbild-FEFCO-Blog.jpg\",\"contentUrl\":\"https:\/\/www.medewo.com\/blog\/wp-content\/uploads\/2014\/09\/Hauptbild-FEFCO-Blog.jpg\",\"width\":775,\"height\":519},{\"@type\":\"BreadcrumbList\",\"@id\":\"https:\/\/www.medewo.com\/blog\/ch-fr\/solutions\/le-code-fefco-ce-quil-faut-savoir-sur-le-code-emballage\/#breadcrumb\",\"itemListElement\":[{\"@type\":\"ListItem\",\"position\":1,\"name\":\"Startseite\",\"item\":\"https:\/\/www.medewo.com\/blog\/ch-fr\/\"},{\"@type\":\"ListItem\",\"position\":2,\"name\":\"Le code FEFCO: Ce qu&#8217;il faut savoir sur le \u00abcode emballage\u00bb\"}]},{\"@type\":\"WebSite\",\"@id\":\"https:\/\/www.medewo.com\/blog\/ch-fr\/#website\",\"url\":\"https:\/\/www.medewo.com\/blog\/ch-fr\/\",\"name\":\"MEDEWO Verpackungen\",\"description\":\"News\",\"publisher\":{\"@id\":\"https:\/\/www.medewo.com\/blog\/ch-fr\/#organization\"},\"potentialAction\":[{\"@type\":\"SearchAction\",\"target\":{\"@type\":\"EntryPoint\",\"urlTemplate\":\"https:\/\/www.medewo.com\/blog\/ch-fr\/?s={search_term_string}\"},\"query-input\":{\"@type\":\"PropertyValueSpecification\",\"valueRequired\":true,\"valueName\":\"search_term_string\"}}],\"inLanguage\":\"fr-CH\"},{\"@type\":\"Organization\",\"@id\":\"https:\/\/www.medewo.com\/blog\/ch-fr\/#organization\",\"name\":\"MEDEWO\",\"url\":\"https:\/\/www.medewo.com\/blog\/ch-fr\/\",\"logo\":{\"@type\":\"ImageObject\",\"inLanguage\":\"fr-CH\",\"@id\":\"https:\/\/www.medewo.com\/blog\/ch-fr\/#\/schema\/logo\/image\/\",\"url\":\"https:\/\/www.medewo.com\/blog\/wp-content\/uploads\/2023\/05\/medewo-logo-claim-2018-quer-RGB-FR.svg\",\"contentUrl\":\"https:\/\/www.medewo.com\/blog\/wp-content\/uploads\/2023\/05\/medewo-logo-claim-2018-quer-RGB-FR.svg\",\"width\":350,\"height\":63,\"caption\":\"MEDEWO\"},\"image\":{\"@id\":\"https:\/\/www.medewo.com\/blog\/ch-fr\/#\/schema\/logo\/image\/\"}},{\"@type\":\"Person\",\"@id\":\"https:\/\/www.medewo.com\/blog\/ch-fr\/#\/schema\/person\/84e17ff7dbd20461267b403e9de6651a\",\"name\":\"admin\",\"image\":{\"@type\":\"ImageObject\",\"inLanguage\":\"fr-CH\",\"@id\":\"https:\/\/www.medewo.com\/blog\/ch-fr\/#\/schema\/person\/image\/\",\"url\":\"https:\/\/secure.gravatar.com\/avatar\/db2d5032d48e0c5ea69810e41539f6f14a63a77bccab5e2b2c7ed6f1712f7e3f?s=96&d=blank&r=g\",\"contentUrl\":\"https:\/\/secure.gravatar.com\/avatar\/db2d5032d48e0c5ea69810e41539f6f14a63a77bccab5e2b2c7ed6f1712f7e3f?s=96&d=blank&r=g\",\"caption\":\"admin\"}}]}<\/script>\n<!-- \/ Yoast SEO plugin. -->","yoast_head_json":{"title":"Le code FEFCO: Ce qu'il faut savoir sur le \u00abcode emballage\u00bb","description":"Communiquer facilement, rapidement et sans malentendu sur les cartons d'emballage? Le code FEFCO le permet. Mais que signifient ces chiffres?","robots":{"index":"index","follow":"follow","max-snippet":"max-snippet:-1","max-image-preview":"max-image-preview:large","max-video-preview":"max-video-preview:-1"},"canonical":"https:\/\/www.medewo.com\/blog\/ch-fr\/solutions\/le-code-fefco-ce-quil-faut-savoir-sur-le-code-emballage\/","og_locale":"fr_FR","og_type":"article","og_title":"Le code FEFCO: Ce qu'il faut savoir sur le \u00abcode emballage\u00bb","og_description":"Communiquer facilement, rapidement et sans malentendu sur les cartons d'emballage? Le code FEFCO le permet. Mais que signifient ces chiffres?","og_url":"https:\/\/www.medewo.com\/blog\/ch-fr\/solutions\/le-code-fefco-ce-quil-faut-savoir-sur-le-code-emballage\/","og_site_name":"MEDEWO Verpackungen","article_published_time":"2024-05-13T10:42:18+00:00","article_modified_time":"2024-06-17T10:04:34+00:00","og_image":[{"width":775,"height":519,"url":"https:\/\/www.medewo.com\/blog\/wp-content\/uploads\/2014\/09\/Hauptbild-FEFCO-Blog.jpg","type":"image\/jpeg"}],"author":"admin","twitter_card":"summary_large_image","twitter_misc":{"Written by":"admin","Est. reading time":"7 minutes"},"schema":{"@context":"https:\/\/schema.org","@graph":[{"@type":"Article","@id":"https:\/\/www.medewo.com\/blog\/ch-fr\/solutions\/le-code-fefco-ce-quil-faut-savoir-sur-le-code-emballage\/#article","isPartOf":{"@id":"https:\/\/www.medewo.com\/blog\/ch-fr\/solutions\/le-code-fefco-ce-quil-faut-savoir-sur-le-code-emballage\/"},"author":{"name":"admin","@id":"https:\/\/www.medewo.com\/blog\/ch-fr\/#\/schema\/person\/84e17ff7dbd20461267b403e9de6651a"},"headline":"Le code FEFCO: Ce qu&#8217;il faut savoir sur le \u00abcode emballage\u00bb","datePublished":"2024-05-13T10:42:18+00:00","dateModified":"2024-06-17T10:04:34+00:00","mainEntityOfPage":{"@id":"https:\/\/www.medewo.com\/blog\/ch-fr\/solutions\/le-code-fefco-ce-quil-faut-savoir-sur-le-code-emballage\/"},"wordCount":2069,"commentCount":1,"publisher":{"@id":"https:\/\/www.medewo.com\/blog\/ch-fr\/#organization"},"image":{"@id":"https:\/\/www.medewo.com\/blog\/ch-fr\/solutions\/le-code-fefco-ce-quil-faut-savoir-sur-le-code-emballage\/#primaryimage"},"thumbnailUrl":"https:\/\/www.medewo.com\/blog\/wp-content\/uploads\/2014\/09\/Hauptbild-FEFCO-Blog.jpg","articleSection":["Solutions"],"inLanguage":"fr-CH","potentialAction":[{"@type":"CommentAction","name":"Comment","target":["https:\/\/www.medewo.com\/blog\/ch-fr\/solutions\/le-code-fefco-ce-quil-faut-savoir-sur-le-code-emballage\/#respond"]}]},{"@type":"WebPage","@id":"https:\/\/www.medewo.com\/blog\/ch-fr\/solutions\/le-code-fefco-ce-quil-faut-savoir-sur-le-code-emballage\/","url":"https:\/\/www.medewo.com\/blog\/ch-fr\/solutions\/le-code-fefco-ce-quil-faut-savoir-sur-le-code-emballage\/","name":"Le code FEFCO: Ce qu'il faut savoir sur le \u00abcode emballage\u00bb","isPartOf":{"@id":"https:\/\/www.medewo.com\/blog\/ch-fr\/#website"},"primaryImageOfPage":{"@id":"https:\/\/www.medewo.com\/blog\/ch-fr\/solutions\/le-code-fefco-ce-quil-faut-savoir-sur-le-code-emballage\/#primaryimage"},"image":{"@id":"https:\/\/www.medewo.com\/blog\/ch-fr\/solutions\/le-code-fefco-ce-quil-faut-savoir-sur-le-code-emballage\/#primaryimage"},"thumbnailUrl":"https:\/\/www.medewo.com\/blog\/wp-content\/uploads\/2014\/09\/Hauptbild-FEFCO-Blog.jpg","datePublished":"2024-05-13T10:42:18+00:00","dateModified":"2024-06-17T10:04:34+00:00","description":"Communiquer facilement, rapidement et sans malentendu sur les cartons d'emballage? Le code FEFCO le permet. Mais que signifient ces chiffres?","breadcrumb":{"@id":"https:\/\/www.medewo.com\/blog\/ch-fr\/solutions\/le-code-fefco-ce-quil-faut-savoir-sur-le-code-emballage\/#breadcrumb"},"inLanguage":"fr-CH","potentialAction":[{"@type":"ReadAction","target":["https:\/\/www.medewo.com\/blog\/ch-fr\/solutions\/le-code-fefco-ce-quil-faut-savoir-sur-le-code-emballage\/"]}]},{"@type":"ImageObject","inLanguage":"fr-CH","@id":"https:\/\/www.medewo.com\/blog\/ch-fr\/solutions\/le-code-fefco-ce-quil-faut-savoir-sur-le-code-emballage\/#primaryimage","url":"https:\/\/www.medewo.com\/blog\/wp-content\/uploads\/2014\/09\/Hauptbild-FEFCO-Blog.jpg","contentUrl":"https:\/\/www.medewo.com\/blog\/wp-content\/uploads\/2014\/09\/Hauptbild-FEFCO-Blog.jpg","width":775,"height":519},{"@type":"BreadcrumbList","@id":"https:\/\/www.medewo.com\/blog\/ch-fr\/solutions\/le-code-fefco-ce-quil-faut-savoir-sur-le-code-emballage\/#breadcrumb","itemListElement":[{"@type":"ListItem","position":1,"name":"Startseite","item":"https:\/\/www.medewo.com\/blog\/ch-fr\/"},{"@type":"ListItem","position":2,"name":"Le code FEFCO: Ce qu&#8217;il faut savoir sur le \u00abcode emballage\u00bb"}]},{"@type":"WebSite","@id":"https:\/\/www.medewo.com\/blog\/ch-fr\/#website","url":"https:\/\/www.medewo.com\/blog\/ch-fr\/","name":"MEDEWO Verpackungen","description":"News","publisher":{"@id":"https:\/\/www.medewo.com\/blog\/ch-fr\/#organization"},"potentialAction":[{"@type":"SearchAction","target":{"@type":"EntryPoint","urlTemplate":"https:\/\/www.medewo.com\/blog\/ch-fr\/?s={search_term_string}"},"query-input":{"@type":"PropertyValueSpecification","valueRequired":true,"valueName":"search_term_string"}}],"inLanguage":"fr-CH"},{"@type":"Organization","@id":"https:\/\/www.medewo.com\/blog\/ch-fr\/#organization","name":"MEDEWO","url":"https:\/\/www.medewo.com\/blog\/ch-fr\/","logo":{"@type":"ImageObject","inLanguage":"fr-CH","@id":"https:\/\/www.medewo.com\/blog\/ch-fr\/#\/schema\/logo\/image\/","url":"https:\/\/www.medewo.com\/blog\/wp-content\/uploads\/2023\/05\/medewo-logo-claim-2018-quer-RGB-FR.svg","contentUrl":"https:\/\/www.medewo.com\/blog\/wp-content\/uploads\/2023\/05\/medewo-logo-claim-2018-quer-RGB-FR.svg","width":350,"height":63,"caption":"MEDEWO"},"image":{"@id":"https:\/\/www.medewo.com\/blog\/ch-fr\/#\/schema\/logo\/image\/"}},{"@type":"Person","@id":"https:\/\/www.medewo.com\/blog\/ch-fr\/#\/schema\/person\/84e17ff7dbd20461267b403e9de6651a","name":"admin","image":{"@type":"ImageObject","inLanguage":"fr-CH","@id":"https:\/\/www.medewo.com\/blog\/ch-fr\/#\/schema\/person\/image\/","url":"https:\/\/secure.gravatar.com\/avatar\/db2d5032d48e0c5ea69810e41539f6f14a63a77bccab5e2b2c7ed6f1712f7e3f?s=96&d=blank&r=g","contentUrl":"https:\/\/secure.gravatar.com\/avatar\/db2d5032d48e0c5ea69810e41539f6f14a63a77bccab5e2b2c7ed6f1712f7e3f?s=96&d=blank&r=g","caption":"admin"}}]}},"magento_index":false,"_links":{"self":[{"href":"https:\/\/www.medewo.com\/blog\/ch-fr\/wp-json\/wp\/v2\/posts\/31149","targetHints":{"allow":["GET"]}}],"collection":[{"href":"https:\/\/www.medewo.com\/blog\/ch-fr\/wp-json\/wp\/v2\/posts"}],"about":[{"href":"https:\/\/www.medewo.com\/blog\/ch-fr\/wp-json\/wp\/v2\/types\/post"}],"author":[{"embeddable":true,"href":"https:\/\/www.medewo.com\/blog\/ch-fr\/wp-json\/wp\/v2\/users\/1"}],"replies":[{"embeddable":true,"href":"https:\/\/www.medewo.com\/blog\/ch-fr\/wp-json\/wp\/v2\/comments?post=31149"}],"version-history":[{"count":18,"href":"https:\/\/www.medewo.com\/blog\/ch-fr\/wp-json\/wp\/v2\/posts\/31149\/revisions"}],"predecessor-version":[{"id":32966,"href":"https:\/\/www.medewo.com\/blog\/ch-fr\/wp-json\/wp\/v2\/posts\/31149\/revisions\/32966"}],"wp:featuredmedia":[{"embeddable":true,"href":"https:\/\/www.medewo.com\/blog\/ch-fr\/wp-json\/wp\/v2\/media\/31151"}],"wp:attachment":[{"href":"https:\/\/www.medewo.com\/blog\/ch-fr\/wp-json\/wp\/v2\/media?parent=31149"}],"wp:term":[{"taxonomy":"category","embeddable":true,"href":"https:\/\/www.medewo.com\/blog\/ch-fr\/wp-json\/wp\/v2\/categories?post=31149"},{"taxonomy":"post_tag","embeddable":true,"href":"https:\/\/www.medewo.com\/blog\/ch-fr\/wp-json\/wp\/v2\/tags?post=31149"},{"taxonomy":"m2-product-id","embeddable":true,"href":"https:\/\/www.medewo.com\/blog\/ch-fr\/wp-json\/wp\/v2\/m2-product-id?post=31149"}],"curies":[{"name":"wp","href":"https:\/\/api.w.org\/{rel}","templated":true}]}}