{"id":25853,"date":"2023-05-23T11:43:23","date_gmt":"2023-05-23T09:43:23","guid":{"rendered":"https:\/\/www.medewo.com\/blog\/unkategorisiert\/comment-emballer-parfaitement-votre-palette\/"},"modified":"2023-06-30T15:30:51","modified_gmt":"2023-06-30T13:30:51","slug":"emballage-parfait-palette","status":"publish","type":"post","link":"https:\/\/www.medewo.com\/blog\/ch-fr\/solutions\/emballage-parfait-palette\/","title":{"rendered":"Comment emballer parfaitement votre palette"},"content":{"rendered":"<div class=\"wpb-content-wrapper\"><p>[vc_row][vc_column]<section class=\"shortcode-teaser img-full\"><div class=\"shortcode-teaser-content text-big\"><p><strong>Une logistique efficace? Impensable sans palettes. Gr\u00e2ce aux supports de charges, il est possible de regrouper diff\u00e9rentes marchandises, de les charger, transporter et stocker ensemble. Les tailles norm\u00e9es permettent aussi une utilisation optimale de la place disponible et de simplifier la manutention. Avec une palette parfaitement emball\u00e9e, vous exploitez au mieux ce potentiel. Nous vous montrons ce qui est important!<\/strong><\/p>\n<\/div><\/section>[vc_empty_space height=&#8221;40px&#8221;][\/vc_column][\/vc_row][vc_row][vc_column][vc_column_text]<\/p>\n<h2>\u2713 Palette<strong>: <\/strong>mat\u00e9riau adapt\u00e9 \u00e0 l\u2019utilisation<\/h2>\n<p>[\/vc_column_text][vc_empty_space][\/vc_column][\/vc_row][vc_row][vc_column width=&#8221;1\/4&#8243;][vc_single_image image=&#8221;24832&#8243; img_size=&#8221;full&#8221;][\/vc_column][vc_column width=&#8221;3\/4&#8243;][vc_column_text]Les palettes existent en diff\u00e9rents mat\u00e9riaux dont les caract\u00e9ristiques et avantages diff\u00e8rent. Si vous utilisez la palette comme pr\u00e9sentoir, les exigences des supports de charges sont diff\u00e9rentes de celles de l&#8217;exportation de marchandises.<\/p>\n<p>La charge statique ou dynamique possible de la palette est \u00e9galement un facteur d\u00e9cisif. D\u00e9couvrez les diff\u00e9rentes palettes et informez-vous sur les diff\u00e9rents mat\u00e9riaux, leurs propri\u00e9t\u00e9s et leurs avantages \u00e0 l&#8217;aide de notre comparatif de produits.[\/vc_column_text][\/vc_column][\/vc_row][vc_row][vc_column][vc_empty_space][vc_column_text]<\/p>\n<div class=\"wp-block-button\"><a class=\"wp-block-button__link\" title=\"Zum Paletten-Ratgeber\" href=\"https:\/\/www.medewo.com\/ch-fr\/assortiment-en-stock\/stretcher-cercler-palettiser\/palettiser\/palettes-perdue\/#anker-pv\" target=\"_blank\" rel=\"noreferrer noopener\">Vers la comparaison des produits \u00abPalettes \u00e0 usage unique\u00bb<\/a><\/div>\n<p>[\/vc_column_text][vc_empty_space height=&#8221;40px&#8221;][\/vc_column][\/vc_row][vc_row][vc_column][vc_column_text]<\/p>\n<h2>\u2713 Taille: Utilisation optimale de la place<\/h2>\n<p>[\/vc_column_text][vc_empty_space][\/vc_column][\/vc_row][vc_row][vc_column width=&#8221;1\/4&#8243;][vc_single_image image=&#8221;24845&#8243; img_size=&#8221;full&#8221;][\/vc_column][vc_column width=&#8221;3\/4&#8243;][vc_column_text]Pour le meilleur placement de la marchandise sur la palette, demandez-vous de quelles dimensions vous avez besoin. Les dimensions d&#8217;une palette EURO font r\u00e9f\u00e9rence, les autres tailles \u00e9tant \u00e9galement indiqu\u00e9es par rapport \u00e0 celles-ci (par exemple \u00abdemi-palette\u00bb pour la moiti\u00e9 d&#8217;une palette EURO).<\/p>\n<p>Parmi les dimensions courantes, on rel\u00e8ve:[\/vc_column_text][\/vc_column][\/vc_row][vc_row][vc_column][vc_empty_space][vc_column_text]<strong>Pour les pr\u00e9sentations<\/strong><\/p>\n<ul>\n<li>600\u2006\u00d7\u2006400\u2006mm (\u00abquart de palette\u00bb)<\/li>\n<li>800\u2006\u00d7\u2006400\u2006mm (\u00abtiers de palette\u00bb)<\/li>\n<li>800\u2006\u00d7\u2006600\u2006mm (\u00abdemi-palette\u00bb)<\/li>\n<\/ul>\n<p>[\/vc_column_text][vc_empty_space height=&#8221;24px&#8221;][vc_column_text]<strong>Comme support classique de charges<\/strong><\/p>\n<ul>\n<li>1200 x 800 mm (dimensions de la palette EURO)<\/li>\n<\/ul>\n<p>[\/vc_column_text][vc_empty_space height=&#8221;24px&#8221;][vc_column_text]<strong>Dans la fabrication<\/strong><\/p>\n<ul>\n<li>1200 x 1000 mm (palette industrielle)<\/li>\n<\/ul>\n<p>[\/vc_column_text][vc_empty_space height=&#8221;24px&#8221;][vc_column_text]<strong>Pour l&#8217;exportation<\/strong><\/p>\n<ul>\n<li>1140\u2006\u00d7\u20061140\u2006mm (palette conteneur)<\/li>\n<\/ul>\n<p>[\/vc_column_text][vc_empty_space height=&#8221;40px&#8221;][\/vc_column][\/vc_row][vc_row][vc_column][vc_column_text]<\/p>\n<h2>\u2713 Palettiser: emballage professionnel en une unit\u00e9<\/h2>\n<p>[\/vc_column_text][vc_empty_space][\/vc_column][\/vc_row][vc_row][vc_column width=&#8221;1\/4&#8243;][vc_single_image image=&#8221;24844&#8243; img_size=&#8221;full&#8221;][\/vc_column][vc_column width=&#8221;3\/4&#8243;][vc_column_text]Pour empiler sur une palette, il est important de cr\u00e9er une unit\u00e9 stable et s\u00fbre. \u00c9vitez les espaces vides entre les marchandises et ne les faites pas d\u00e9passer de la palette. De plus, le poids doit \u00eatre r\u00e9parti de mani\u00e8re homog\u00e8ne sur le support.[\/vc_column_text][\/vc_column][\/vc_row][vc_row][vc_column][vc_empty_space height=&#8221;40px&#8221;][\/vc_column][\/vc_row][vc_row][vc_column][vc_column_text]<\/p>\n<h2>\u2713 Stockage temporaire: Stabiliser la charge<\/h2>\n<p>[\/vc_column_text][vc_empty_space][\/vc_column][\/vc_row][vc_row][vc_column width=&#8221;1\/4&#8243;][vc_single_image image=&#8221;24846&#8243; img_size=&#8221;full&#8221;][\/vc_column][vc_column width=&#8221;3\/4&#8243;][vc_column_text]Avec les plaques intercalaires pour palettes, vous assurez une stabilit\u00e9 accrue de votre pile de marchandises et vous pouvez les s\u00e9parer. Elles offrent en outre une protection suppl\u00e9mentaire dessus et dessous contre les salissures et les \u00e9claboussures (pour les palettes ouvertes).<\/p>\n<p>Les plaques sont disponibles en plusieurs variantes chez MEDEWO:[\/vc_column_text][\/vc_column][\/vc_row][vc_row][vc_column][vc_empty_space][vc_column_text]<strong>A base de papier<\/strong><\/p>\n<ul>\n<li>Plaque intercalaire en carton ondul\u00e9<\/li>\n<li>Plaque intercalaire en carton plein<\/li>\n<li>Panneau en carton nid d&#8217;abeille<\/li>\n<li>MECAGRIP<sup>\u00ae <\/sup>Papier antiglisse<\/li>\n<\/ul>\n<p><strong>A base de plastique<\/strong><\/p>\n<ul>\n<li>Film ondul\u00e9 en PP<\/li>\n<li>Panneau alv\u00e9ol\u00e9 en PP<\/li>\n<li>MECANET<sup>\u00ae <\/sup>FLEXIBLE Grille protectrice<\/li>\n<li>Plaque intercalaire en film mousse<\/li>\n<\/ul>\n<p>[\/vc_column_text][vc_empty_space][\/vc_column][\/vc_row][vc_row][vc_column][vc_column_text]            <style>\n                .message_box_wrapper {\n                    display: block;\n                    width: 100%;\n                    width: calc( 100% - 32px );\n                    margin-bottom: 30px;\n                    margin-top: 15px;\n                    padding: 15px;\n                    float: left;\n                    background: #f9f9f9;\n                    border: 1px solid #dddddd;\n                }\n                .message_box_wrapper .message_box_icon {\n                    margin-bottom: 0;\n                }\n                .message_box_wrapper .message_box_caption {\n                    margin-left: 70px;\n                }\n                .message_box_wrapper .message_box_caption .message_box_button {\n                    background: #278dd1;\n                    border-color: #278dd1;\n                    display: inline-block;\n                    padding: 6px 20px;\n                    line-height: 1.42857143;\n                    color: #fff;\n                    font-size: 17px;\n                    font-weight: normal;\n                    text-decoration: none;\n                }\n            <\/style>\n\n            <div class=\"message_box_wrapper\">\n                <p>\n                    <img decoding=\"async\" class=\"alignleft wp-image-4005 message_box_icon\" title=\"MEDEWO-Tipp\" src=\"https:\/\/www.medewo.com\/blog\/wp-content\/themes\/dt-the7-child\/img\/icons\/Tipp.svg\" alt=\"MEDEWO-Tipp\" width=\"50\" height=\"50\">\n                <\/p>\n                 Des intercalaires sp\u00e9ciaux vous garantissent un maintien encore meilleur pour vos articles palettis\u00e9s. Avec <a href=\"https:\/\/www.medewo.com\/ch-fr\/mecagrip-anti-rutsch-papier\">MECAGRIP<sup>\u00ae<\/sup> Papier antiglisse<\/a> avec surface antid\u00e9rapante, vous stabilisez vos marchandises m\u00eame dans des positions inclin\u00e9es extr\u00eames et \u00e9vitez efficacement les dommages aux produits dus \u00e0 la chute de marchandises. Les papiers antiglisse de MEDEWO sont \u00e9galement disponibles et utilisables pour des installations enti\u00e8rement automatis\u00e9es (robots).                 <p class=\"message_box_caption\">\n                                    <\/p>\n            <\/div>\n        [\/vc_column_text][vc_empty_space height=&#8221;40px&#8221;][\/vc_column][\/vc_row][vc_row][vc_column][vc_column_text]<\/p>\n<div class=\"wp-block-button\" style=\"text-align: left;\"><a class=\"wp-block-button__link\" title=\" Zum Sortiment \u00abPalettenzwischenlagen\u00bb\" href=\"https:\/\/www.medewo.com\/ch-fr\/assortiment-en-stock\/stretcher-cercler-palettiser\/accessoires-palettisation\/plaques-intercalaires-pour-palettes\/\" target=\"_blank\" rel=\"noreferrer noopener\">Vers l&#8217;assortiment \u00abPlaques intercalaires pour palettes\u00bb<\/a><\/div>\n<p>[\/vc_column_text][vc_empty_space height=&#8221;40px&#8221;][\/vc_column][\/vc_row][vc_row][vc_column][vc_column_text]<\/p>\n<h2>\u2713 S\u00e9curisation du chargement: Protection int\u00e9grale de la marchandise<\/h2>\n<p>[\/vc_column_text][vc_empty_space][\/vc_column][\/vc_row][vc_row][vc_column width=&#8221;1\/4&#8243;][vc_single_image image=&#8221;24863&#8243; img_size=&#8221;full&#8221;][\/vc_column][vc_column width=&#8221;3\/4&#8243;][vc_column_text]Une fois la marchandise sur palette, vous pouvez encore s\u00e9curiser et prot\u00e9ger votre chargement: par enroulement, \u00e9tirement, r\u00e9traction, avec des sangles extensibles ou des housses de protection pour palettes. En fonction du processus logistique, un indicateur d&#8217;humidit\u00e9 ou de renversement sont aussi recommand\u00e9s.<\/p>\n<p>Vous apprendrez en d\u00e9tail dans l&#8217;article de blog suivant comment s\u00e9curiser votre chargement de mani\u00e8re optimale:[\/vc_column_text][vc_empty_space height=&#8221;40px&#8221;][\/vc_column][\/vc_row][vc_row][vc_column][vc_column_text]<\/p>\n<div class=\"wp-block-button\"><a class=\"wp-block-button__link\" title=\"Zum Ratgeber Ladungssicherung\" href=\"https:\/\/www.medewo.com\/blog\/ch-fr\/solutions\/securisation-du-chargement\/\" target=\"_blank\" rel=\"noreferrer noopener\">Vers le guide \u00abS\u00e9curisation du chargement \u2013 ce qui importe\u00bb<\/a><\/div>\n<p>[\/vc_column_text][vc_empty_space height=&#8221;40px&#8221;][\/vc_column][\/vc_row][vc_row][vc_column][vc_column_text]<em>D\u00e9couvrez notre vaste assortiment pour la palettisation de vos marchandises dans notre boutique en ligne, ou demandez conseil aux professionnels de MEDEWO:<\/em>[\/vc_column_text][vc_empty_space height=&#8221;16px&#8221;][\/vc_column][\/vc_row][vc_row][vc_column width=&#8221;1\/2&#8243;][vc_column_text]<\/p>\n<div class=\"wp-block-button\" style=\"text-align: left;\"><a class=\"wp-block-button__link\" title=\" Zum Sortiment \u00abPalettieren\u00bb\" href=\"https:\/\/www.medewo.com\/ch-fr\/assortiment-en-stock\/stretcher-cercler-palettiser\/palettiser\/\" target=\"_blank\" rel=\"noreferrer noopener\">Vers l&#8217;assortiment \u00abPalettiser\u00bb<\/a><\/div>\n<p>[\/vc_column_text][\/vc_column][vc_column width=&#8221;1\/2&#8243;][vc_column_text]<\/p>\n<div class=\"wp-block-button\" style=\"text-align: left;\"><a class=\"wp-block-button__link\" title=\" Zum Sortiment \u00abStretchfolien\u00bb\" href=\"https:\/\/www.medewo.com\/ch-fr\/assortiment-en-stock\/stretcher-cercler-palettiser\/stretcher\/\" target=\"_blank\" rel=\"noreferrer noopener\">Vers l&#8217;assortiment \u00abFilms \u00e9tirables\u00bb<\/a><\/div>\n<p>[\/vc_column_text][\/vc_column][\/vc_row][vc_row][vc_column][vc_empty_space][\/vc_column][\/vc_row][vc_row][vc_column width=&#8221;1\/2&#8243;][vc_column_text]<\/p>\n<div class=\"wp-block-button\" style=\"text-align: left;\"><a class=\"wp-block-button__link\" title=\" Zum Sortiment \u00abUmreifung\u00bb\" href=\"https:\/\/www.medewo.com\/ch-fr\/assortiment-en-stock\/stretcher-cercler-palettiser\/cercler\/\" target=\"_blank\" rel=\"noreferrer noopener\">Vers l&#8217;assortiment \u00abCerclage\u00bb<\/a><\/div>\n<p>[\/vc_column_text][\/vc_column][vc_column width=&#8221;1\/2&#8243;][vc_column_text]<\/p>\n<div class=\"wp-block-button\" style=\"text-align: left;\"><a class=\"wp-block-button__link\" title=\" Zum Sortiment \u00abSchrumpfen\u00bb\" href=\"https:\/\/www.medewo.com\/ch-fr\/assortiment-en-stock\/stretcher-cercler-palettiser\/films-retractables\/\" target=\"_blank\" rel=\"noreferrer noopener\">Vers l&#8217;assortiment \u00abR\u00e9traction\u00bb<\/a><\/div>\n<p>[\/vc_column_text][\/vc_column][\/vc_row][vc_row][vc_column][vc_empty_space height=&#8221;40px&#8221;][\/vc_column][\/vc_row][vc_row][vc_column][vc_column_text]Si vous souhaitez en savoir plus, n&#8217;h\u00e9sitez pas \u00e0 <a href=\"https:\/\/www.medewo.com\/ch-fr\/contact\">nous contacter<\/a>, nous nous ferons un plaisir de vous aider.[\/vc_column_text][vc_empty_space][\/vc_column][\/vc_row]<\/p>\n<\/div>","protected":false},"excerpt":{"rendered":"<p>Une logistique efficace? Impensable sans palettes. Nous vous montrons ce qui est important!<\/p>\n","protected":false},"author":1,"featured_media":24894,"comment_status":"open","ping_status":"open","sticky":false,"template":"","format":"standard","meta":{"pgc_sgb_lightbox_settings":"","footnotes":""},"categories":[5228],"tags":[5275,5276,5277,5278,5279,5280],"m2-product-id":[4730,4773,4868,4869,4870,4871,4872,4873,4874,4875,4876,4877,4878,4879,4880,4881,4882,4883,4884,4885,4886,4887,4888,4914,4971,4972,5003,5004,5005],"class_list":["post-25853","post","type-post","status-publish","format-standard","has-post-thumbnail","hentry","category-solutions","tag-ladungssicherung-ch-fr","tag-paletten-ch-fr","tag-palettensicherung-ch-fr","tag-palettes-ch-fr","tag-securisation-des-palettes-ch-fr","tag-securisation-du-chargement-ch-fr","category-5228","description-off"],"yoast_head":"<!-- This site is optimized with the Yoast SEO plugin v26.8 - https:\/\/yoast.com\/product\/yoast-seo-wordpress\/ -->\n<title>Comment emballer parfaitement votre palette<\/title>\n<meta name=\"description\" content=\"Avec une palette parfaitement emball\u00e9e, vous exploitez au mieux le grand potentiel des supports de charge. Nous vous montrons ce qui est important!\" \/>\n<meta name=\"robots\" content=\"index, follow, max-snippet:-1, max-image-preview:large, max-video-preview:-1\" \/>\n<link rel=\"canonical\" href=\"https:\/\/www.medewo.com\/blog\/ch-fr\/solutions\/emballage-parfait-palette\/\" \/>\n<meta property=\"og:locale\" content=\"fr_FR\" \/>\n<meta property=\"og:type\" content=\"article\" \/>\n<meta property=\"og:title\" content=\"Comment emballer parfaitement votre palette\" \/>\n<meta property=\"og:description\" content=\"Avec une palette parfaitement emball\u00e9e, vous exploitez au mieux le grand potentiel des supports de charge. Nous vous montrons ce qui est important!\" \/>\n<meta property=\"og:url\" content=\"https:\/\/www.medewo.com\/blog\/ch-fr\/solutions\/emballage-parfait-palette\/\" \/>\n<meta property=\"og:site_name\" content=\"MEDEWO Verpackungen\" \/>\n<meta property=\"article:published_time\" content=\"2023-05-23T09:43:23+00:00\" \/>\n<meta property=\"article:modified_time\" content=\"2023-06-30T13:30:51+00:00\" \/>\n<meta property=\"og:image\" content=\"https:\/\/www.medewo.com\/blog\/wp-content\/uploads\/2020\/07\/M_paletten_perfekt_packen.png\" \/>\n\t<meta property=\"og:image:width\" content=\"775\" \/>\n\t<meta property=\"og:image:height\" content=\"519\" \/>\n\t<meta property=\"og:image:type\" content=\"image\/png\" \/>\n<meta name=\"author\" content=\"admin\" \/>\n<meta name=\"twitter:card\" content=\"summary_large_image\" \/>\n<meta name=\"twitter:label1\" content=\"Written by\" \/>\n\t<meta name=\"twitter:data1\" content=\"admin\" \/>\n\t<meta name=\"twitter:label2\" content=\"Est. reading time\" \/>\n\t<meta name=\"twitter:data2\" content=\"4 minutes\" \/>\n<script type=\"application\/ld+json\" class=\"yoast-schema-graph\">{\"@context\":\"https:\/\/schema.org\",\"@graph\":[{\"@type\":\"Article\",\"@id\":\"https:\/\/www.medewo.com\/blog\/ch-fr\/solutions\/emballage-parfait-palette\/#article\",\"isPartOf\":{\"@id\":\"https:\/\/www.medewo.com\/blog\/ch-fr\/solutions\/emballage-parfait-palette\/\"},\"author\":{\"name\":\"admin\",\"@id\":\"https:\/\/www.medewo.com\/blog\/ch-fr\/#\/schema\/person\/84e17ff7dbd20461267b403e9de6651a\"},\"headline\":\"Comment emballer parfaitement votre palette\",\"datePublished\":\"2023-05-23T09:43:23+00:00\",\"dateModified\":\"2023-06-30T13:30:51+00:00\",\"mainEntityOfPage\":{\"@id\":\"https:\/\/www.medewo.com\/blog\/ch-fr\/solutions\/emballage-parfait-palette\/\"},\"wordCount\":1176,\"commentCount\":0,\"publisher\":{\"@id\":\"https:\/\/www.medewo.com\/blog\/ch-fr\/#organization\"},\"image\":{\"@id\":\"https:\/\/www.medewo.com\/blog\/ch-fr\/solutions\/emballage-parfait-palette\/#primaryimage\"},\"thumbnailUrl\":\"https:\/\/www.medewo.com\/blog\/wp-content\/uploads\/2020\/07\/M_paletten_perfekt_packen.png\",\"keywords\":[\"Ladungssicherung\",\"Paletten\",\"Palettensicherung\",\"Palettes\",\"S\u00e9curisation des palettes\",\"S\u00e9curisation du chargement\"],\"articleSection\":[\"Solutions\"],\"inLanguage\":\"fr-CH\",\"potentialAction\":[{\"@type\":\"CommentAction\",\"name\":\"Comment\",\"target\":[\"https:\/\/www.medewo.com\/blog\/ch-fr\/solutions\/emballage-parfait-palette\/#respond\"]}]},{\"@type\":\"WebPage\",\"@id\":\"https:\/\/www.medewo.com\/blog\/ch-fr\/solutions\/emballage-parfait-palette\/\",\"url\":\"https:\/\/www.medewo.com\/blog\/ch-fr\/solutions\/emballage-parfait-palette\/\",\"name\":\"Comment emballer parfaitement votre palette\",\"isPartOf\":{\"@id\":\"https:\/\/www.medewo.com\/blog\/ch-fr\/#website\"},\"primaryImageOfPage\":{\"@id\":\"https:\/\/www.medewo.com\/blog\/ch-fr\/solutions\/emballage-parfait-palette\/#primaryimage\"},\"image\":{\"@id\":\"https:\/\/www.medewo.com\/blog\/ch-fr\/solutions\/emballage-parfait-palette\/#primaryimage\"},\"thumbnailUrl\":\"https:\/\/www.medewo.com\/blog\/wp-content\/uploads\/2020\/07\/M_paletten_perfekt_packen.png\",\"datePublished\":\"2023-05-23T09:43:23+00:00\",\"dateModified\":\"2023-06-30T13:30:51+00:00\",\"description\":\"Avec une palette parfaitement emball\u00e9e, vous exploitez au mieux le grand potentiel des supports de charge. Nous vous montrons ce qui est important!\",\"breadcrumb\":{\"@id\":\"https:\/\/www.medewo.com\/blog\/ch-fr\/solutions\/emballage-parfait-palette\/#breadcrumb\"},\"inLanguage\":\"fr-CH\",\"potentialAction\":[{\"@type\":\"ReadAction\",\"target\":[\"https:\/\/www.medewo.com\/blog\/ch-fr\/solutions\/emballage-parfait-palette\/\"]}]},{\"@type\":\"ImageObject\",\"inLanguage\":\"fr-CH\",\"@id\":\"https:\/\/www.medewo.com\/blog\/ch-fr\/solutions\/emballage-parfait-palette\/#primaryimage\",\"url\":\"https:\/\/www.medewo.com\/blog\/wp-content\/uploads\/2020\/07\/M_paletten_perfekt_packen.png\",\"contentUrl\":\"https:\/\/www.medewo.com\/blog\/wp-content\/uploads\/2020\/07\/M_paletten_perfekt_packen.png\",\"width\":775,\"height\":519,\"caption\":\"Emballage-parfait-palette\"},{\"@type\":\"BreadcrumbList\",\"@id\":\"https:\/\/www.medewo.com\/blog\/ch-fr\/solutions\/emballage-parfait-palette\/#breadcrumb\",\"itemListElement\":[{\"@type\":\"ListItem\",\"position\":1,\"name\":\"Startseite\",\"item\":\"https:\/\/www.medewo.com\/blog\/ch-fr\/\"},{\"@type\":\"ListItem\",\"position\":2,\"name\":\"Comment emballer parfaitement votre palette\"}]},{\"@type\":\"WebSite\",\"@id\":\"https:\/\/www.medewo.com\/blog\/ch-fr\/#website\",\"url\":\"https:\/\/www.medewo.com\/blog\/ch-fr\/\",\"name\":\"MEDEWO Verpackungen\",\"description\":\"News\",\"publisher\":{\"@id\":\"https:\/\/www.medewo.com\/blog\/ch-fr\/#organization\"},\"potentialAction\":[{\"@type\":\"SearchAction\",\"target\":{\"@type\":\"EntryPoint\",\"urlTemplate\":\"https:\/\/www.medewo.com\/blog\/ch-fr\/?s={search_term_string}\"},\"query-input\":{\"@type\":\"PropertyValueSpecification\",\"valueRequired\":true,\"valueName\":\"search_term_string\"}}],\"inLanguage\":\"fr-CH\"},{\"@type\":\"Organization\",\"@id\":\"https:\/\/www.medewo.com\/blog\/ch-fr\/#organization\",\"name\":\"MEDEWO\",\"url\":\"https:\/\/www.medewo.com\/blog\/ch-fr\/\",\"logo\":{\"@type\":\"ImageObject\",\"inLanguage\":\"fr-CH\",\"@id\":\"https:\/\/www.medewo.com\/blog\/ch-fr\/#\/schema\/logo\/image\/\",\"url\":\"https:\/\/www.medewo.com\/blog\/wp-content\/uploads\/2023\/05\/medewo-logo-claim-2018-quer-RGB-FR.svg\",\"contentUrl\":\"https:\/\/www.medewo.com\/blog\/wp-content\/uploads\/2023\/05\/medewo-logo-claim-2018-quer-RGB-FR.svg\",\"width\":350,\"height\":63,\"caption\":\"MEDEWO\"},\"image\":{\"@id\":\"https:\/\/www.medewo.com\/blog\/ch-fr\/#\/schema\/logo\/image\/\"}},{\"@type\":\"Person\",\"@id\":\"https:\/\/www.medewo.com\/blog\/ch-fr\/#\/schema\/person\/84e17ff7dbd20461267b403e9de6651a\",\"name\":\"admin\",\"image\":{\"@type\":\"ImageObject\",\"inLanguage\":\"fr-CH\",\"@id\":\"https:\/\/www.medewo.com\/blog\/ch-fr\/#\/schema\/person\/image\/\",\"url\":\"https:\/\/secure.gravatar.com\/avatar\/db2d5032d48e0c5ea69810e41539f6f14a63a77bccab5e2b2c7ed6f1712f7e3f?s=96&d=blank&r=g\",\"contentUrl\":\"https:\/\/secure.gravatar.com\/avatar\/db2d5032d48e0c5ea69810e41539f6f14a63a77bccab5e2b2c7ed6f1712f7e3f?s=96&d=blank&r=g\",\"caption\":\"admin\"}}]}<\/script>\n<!-- \/ Yoast SEO plugin. -->","yoast_head_json":{"title":"Comment emballer parfaitement votre palette","description":"Avec une palette parfaitement emball\u00e9e, vous exploitez au mieux le grand potentiel des supports de charge. Nous vous montrons ce qui est important!","robots":{"index":"index","follow":"follow","max-snippet":"max-snippet:-1","max-image-preview":"max-image-preview:large","max-video-preview":"max-video-preview:-1"},"canonical":"https:\/\/www.medewo.com\/blog\/ch-fr\/solutions\/emballage-parfait-palette\/","og_locale":"fr_FR","og_type":"article","og_title":"Comment emballer parfaitement votre palette","og_description":"Avec une palette parfaitement emball\u00e9e, vous exploitez au mieux le grand potentiel des supports de charge. Nous vous montrons ce qui est important!","og_url":"https:\/\/www.medewo.com\/blog\/ch-fr\/solutions\/emballage-parfait-palette\/","og_site_name":"MEDEWO Verpackungen","article_published_time":"2023-05-23T09:43:23+00:00","article_modified_time":"2023-06-30T13:30:51+00:00","og_image":[{"width":775,"height":519,"url":"https:\/\/www.medewo.com\/blog\/wp-content\/uploads\/2020\/07\/M_paletten_perfekt_packen.png","type":"image\/png"}],"author":"admin","twitter_card":"summary_large_image","twitter_misc":{"Written by":"admin","Est. reading time":"4 minutes"},"schema":{"@context":"https:\/\/schema.org","@graph":[{"@type":"Article","@id":"https:\/\/www.medewo.com\/blog\/ch-fr\/solutions\/emballage-parfait-palette\/#article","isPartOf":{"@id":"https:\/\/www.medewo.com\/blog\/ch-fr\/solutions\/emballage-parfait-palette\/"},"author":{"name":"admin","@id":"https:\/\/www.medewo.com\/blog\/ch-fr\/#\/schema\/person\/84e17ff7dbd20461267b403e9de6651a"},"headline":"Comment emballer parfaitement votre palette","datePublished":"2023-05-23T09:43:23+00:00","dateModified":"2023-06-30T13:30:51+00:00","mainEntityOfPage":{"@id":"https:\/\/www.medewo.com\/blog\/ch-fr\/solutions\/emballage-parfait-palette\/"},"wordCount":1176,"commentCount":0,"publisher":{"@id":"https:\/\/www.medewo.com\/blog\/ch-fr\/#organization"},"image":{"@id":"https:\/\/www.medewo.com\/blog\/ch-fr\/solutions\/emballage-parfait-palette\/#primaryimage"},"thumbnailUrl":"https:\/\/www.medewo.com\/blog\/wp-content\/uploads\/2020\/07\/M_paletten_perfekt_packen.png","keywords":["Ladungssicherung","Paletten","Palettensicherung","Palettes","S\u00e9curisation des palettes","S\u00e9curisation du chargement"],"articleSection":["Solutions"],"inLanguage":"fr-CH","potentialAction":[{"@type":"CommentAction","name":"Comment","target":["https:\/\/www.medewo.com\/blog\/ch-fr\/solutions\/emballage-parfait-palette\/#respond"]}]},{"@type":"WebPage","@id":"https:\/\/www.medewo.com\/blog\/ch-fr\/solutions\/emballage-parfait-palette\/","url":"https:\/\/www.medewo.com\/blog\/ch-fr\/solutions\/emballage-parfait-palette\/","name":"Comment emballer parfaitement votre palette","isPartOf":{"@id":"https:\/\/www.medewo.com\/blog\/ch-fr\/#website"},"primaryImageOfPage":{"@id":"https:\/\/www.medewo.com\/blog\/ch-fr\/solutions\/emballage-parfait-palette\/#primaryimage"},"image":{"@id":"https:\/\/www.medewo.com\/blog\/ch-fr\/solutions\/emballage-parfait-palette\/#primaryimage"},"thumbnailUrl":"https:\/\/www.medewo.com\/blog\/wp-content\/uploads\/2020\/07\/M_paletten_perfekt_packen.png","datePublished":"2023-05-23T09:43:23+00:00","dateModified":"2023-06-30T13:30:51+00:00","description":"Avec une palette parfaitement emball\u00e9e, vous exploitez au mieux le grand potentiel des supports de charge. Nous vous montrons ce qui est important!","breadcrumb":{"@id":"https:\/\/www.medewo.com\/blog\/ch-fr\/solutions\/emballage-parfait-palette\/#breadcrumb"},"inLanguage":"fr-CH","potentialAction":[{"@type":"ReadAction","target":["https:\/\/www.medewo.com\/blog\/ch-fr\/solutions\/emballage-parfait-palette\/"]}]},{"@type":"ImageObject","inLanguage":"fr-CH","@id":"https:\/\/www.medewo.com\/blog\/ch-fr\/solutions\/emballage-parfait-palette\/#primaryimage","url":"https:\/\/www.medewo.com\/blog\/wp-content\/uploads\/2020\/07\/M_paletten_perfekt_packen.png","contentUrl":"https:\/\/www.medewo.com\/blog\/wp-content\/uploads\/2020\/07\/M_paletten_perfekt_packen.png","width":775,"height":519,"caption":"Emballage-parfait-palette"},{"@type":"BreadcrumbList","@id":"https:\/\/www.medewo.com\/blog\/ch-fr\/solutions\/emballage-parfait-palette\/#breadcrumb","itemListElement":[{"@type":"ListItem","position":1,"name":"Startseite","item":"https:\/\/www.medewo.com\/blog\/ch-fr\/"},{"@type":"ListItem","position":2,"name":"Comment emballer parfaitement votre palette"}]},{"@type":"WebSite","@id":"https:\/\/www.medewo.com\/blog\/ch-fr\/#website","url":"https:\/\/www.medewo.com\/blog\/ch-fr\/","name":"MEDEWO Verpackungen","description":"News","publisher":{"@id":"https:\/\/www.medewo.com\/blog\/ch-fr\/#organization"},"potentialAction":[{"@type":"SearchAction","target":{"@type":"EntryPoint","urlTemplate":"https:\/\/www.medewo.com\/blog\/ch-fr\/?s={search_term_string}"},"query-input":{"@type":"PropertyValueSpecification","valueRequired":true,"valueName":"search_term_string"}}],"inLanguage":"fr-CH"},{"@type":"Organization","@id":"https:\/\/www.medewo.com\/blog\/ch-fr\/#organization","name":"MEDEWO","url":"https:\/\/www.medewo.com\/blog\/ch-fr\/","logo":{"@type":"ImageObject","inLanguage":"fr-CH","@id":"https:\/\/www.medewo.com\/blog\/ch-fr\/#\/schema\/logo\/image\/","url":"https:\/\/www.medewo.com\/blog\/wp-content\/uploads\/2023\/05\/medewo-logo-claim-2018-quer-RGB-FR.svg","contentUrl":"https:\/\/www.medewo.com\/blog\/wp-content\/uploads\/2023\/05\/medewo-logo-claim-2018-quer-RGB-FR.svg","width":350,"height":63,"caption":"MEDEWO"},"image":{"@id":"https:\/\/www.medewo.com\/blog\/ch-fr\/#\/schema\/logo\/image\/"}},{"@type":"Person","@id":"https:\/\/www.medewo.com\/blog\/ch-fr\/#\/schema\/person\/84e17ff7dbd20461267b403e9de6651a","name":"admin","image":{"@type":"ImageObject","inLanguage":"fr-CH","@id":"https:\/\/www.medewo.com\/blog\/ch-fr\/#\/schema\/person\/image\/","url":"https:\/\/secure.gravatar.com\/avatar\/db2d5032d48e0c5ea69810e41539f6f14a63a77bccab5e2b2c7ed6f1712f7e3f?s=96&d=blank&r=g","contentUrl":"https:\/\/secure.gravatar.com\/avatar\/db2d5032d48e0c5ea69810e41539f6f14a63a77bccab5e2b2c7ed6f1712f7e3f?s=96&d=blank&r=g","caption":"admin"}}]}},"magento_index":true,"_links":{"self":[{"href":"https:\/\/www.medewo.com\/blog\/ch-fr\/wp-json\/wp\/v2\/posts\/25853","targetHints":{"allow":["GET"]}}],"collection":[{"href":"https:\/\/www.medewo.com\/blog\/ch-fr\/wp-json\/wp\/v2\/posts"}],"about":[{"href":"https:\/\/www.medewo.com\/blog\/ch-fr\/wp-json\/wp\/v2\/types\/post"}],"author":[{"embeddable":true,"href":"https:\/\/www.medewo.com\/blog\/ch-fr\/wp-json\/wp\/v2\/users\/1"}],"replies":[{"embeddable":true,"href":"https:\/\/www.medewo.com\/blog\/ch-fr\/wp-json\/wp\/v2\/comments?post=25853"}],"version-history":[{"count":11,"href":"https:\/\/www.medewo.com\/blog\/ch-fr\/wp-json\/wp\/v2\/posts\/25853\/revisions"}],"predecessor-version":[{"id":26475,"href":"https:\/\/www.medewo.com\/blog\/ch-fr\/wp-json\/wp\/v2\/posts\/25853\/revisions\/26475"}],"wp:featuredmedia":[{"embeddable":true,"href":"https:\/\/www.medewo.com\/blog\/ch-fr\/wp-json\/wp\/v2\/media\/24894"}],"wp:attachment":[{"href":"https:\/\/www.medewo.com\/blog\/ch-fr\/wp-json\/wp\/v2\/media?parent=25853"}],"wp:term":[{"taxonomy":"category","embeddable":true,"href":"https:\/\/www.medewo.com\/blog\/ch-fr\/wp-json\/wp\/v2\/categories?post=25853"},{"taxonomy":"post_tag","embeddable":true,"href":"https:\/\/www.medewo.com\/blog\/ch-fr\/wp-json\/wp\/v2\/tags?post=25853"},{"taxonomy":"m2-product-id","embeddable":true,"href":"https:\/\/www.medewo.com\/blog\/ch-fr\/wp-json\/wp\/v2\/m2-product-id?post=25853"}],"curies":[{"name":"wp","href":"https:\/\/api.w.org\/{rel}","templated":true}]}}