{"id":25478,"date":"2023-06-06T14:29:14","date_gmt":"2023-06-06T12:29:14","guid":{"rendered":"https:\/\/www.medewo.com\/blog\/unkategorisiert\/comment-recycle-t-on-le-plastique\/"},"modified":"2025-11-18T15:52:37","modified_gmt":"2025-11-18T14:52:37","slug":"recyclage-plastique","status":"publish","type":"post","link":"https:\/\/www.medewo.com\/blog\/ch-fr\/solutions\/recyclage-plastique\/","title":{"rendered":"Comment recycle-t-on le plastique"},"content":{"rendered":"<div class=\"wpb-content-wrapper\"><p>[vc_row][vc_column][vc_column_text css=&#8221;&#8221;]<strong>Polyvalent, l\u00e9ger et stable: ces propri\u00e9t\u00e9s font du plastique un emballage id\u00e9al pour de nombreuses applications. Le mat\u00e9riel dispose \u00e9galement de conditions optimales pour le recyclage et peut donc maintenir le cycle de mati\u00e8re premi\u00e8re. Mais comment la r\u00e9utilisation fonctionne-t-elle et de quoi cela d\u00e9pend-il? Mais comment fonctionne le recyclage, quels mat\u00e9riaux peuvent \u00eatre trait\u00e9s et quels sont les points importants ?<\/strong>[\/vc_column_text][vc_empty_space height=&#8221;20px&#8221;][vc_column_text]<\/p>\n<h2>Pourquoi le recyclage du plastique en vaut la peine<\/h2>\n<p>Le plastique est un mat\u00e9riau qui offre de nombreux avantages : l\u00e9g\u00e8ret\u00e9, stabilit\u00e9 et protection contre l\u2019humidit\u00e9 et la salet\u00e9 \u2013 et ce souvent avec une faible quantit\u00e9 de mati\u00e8re, ce qui le rend particuli\u00e8rement efficace. Fabriqu\u00e9 \u00e0 partir de mati\u00e8res premi\u00e8res non renouvelables, il est toutefois \u00e9galement critiqu\u00e9. Il est donc d\u2019autant plus important de profiter de la bonne capacit\u00e9 de recyclage du plastique pour pr\u00e9server les ressources.<\/p>\n<p>En effet, les d\u00e9chets plastiques ne sont pas des d\u00e9chets, mais une pr\u00e9cieuse mati\u00e8re premi\u00e8re secondaire. R\u00e9utilis\u00e9, il pr\u00e9serve l&#8217;environnement gr\u00e2ce aux avantages suivants:<\/p>\n<ul>\n<li>remplace les nouveaux produits, les ressources non renouvelables sont \u00e9conomis\u00e9es<\/li>\n<li>moins de consommation d\u2019\u00e9nergie et d\u2019\u00e9missions de CO2 que lors de la fabrication de mat\u00e9riau vierge<\/li>\n<li>le mat\u00e9riel reste dans le cycle de mati\u00e8re premi\u00e8re, les d\u00e9chets de plastique ne finissent pas dans la nature<\/li>\n<li>r\u00e9utiliser plut\u00f4t qu\u2019incin\u00e9rer \u2013 r\u00e9duit l\u2019\u00e9mission de gaz \u00e0 effet de serre<\/li>\n<li>selon le plastique, produit recycl\u00e9 de tr\u00e8s bonne qualit\u00e9, qui peut \u00eatre utilis\u00e9 pour des produits de grande valeur<\/li>\n<\/ul>\n<p>Mais comment le plastique est-il recycl\u00e9? [\/vc_column_text][vc_column_text][vc_empty_space height=&#8221;20px&#8221;]<\/p>\n<h2>Le cycle de recyclage en bref<\/h2>\n<p>[\/vc_column_text][vc_empty_space height=&#8221;20px&#8221;][vc_single_image image=&#8221;25480&#8243; img_size=&#8221;full&#8221;][vc_empty_space height=&#8221;20px&#8221;]<style type=\"text\/css\" data-type=\"the7_shortcodes-inline-css\">#default-btn-d0c4ac9ca50d6f24965a9bf99e407075.ico-right-side > i {\n  margin-right: 0px;\n  margin-left: 8px;\n}\n#default-btn-d0c4ac9ca50d6f24965a9bf99e407075 > i {\n  margin-right: 8px;\n}<\/style><a href=\"https:\/\/www.medewo.com\/blog\/wp-content\/uploads\/2020\/08\/Recycling-Kreislauf-Kunststoff_DEU.pdf\" class=\"default-btn-shortcode dt-btn dt-btn-m link-hover-off btn-inline-left \" id=\"default-btn-d0c4ac9ca50d6f24965a9bf99e407075\"><span>t\u00e9l\u00e9charger le graphique<\/span><\/a>[vc_empty_space height=&#8221;20px&#8221;][vc_column_text]             <style>\n                .message_box_wrapper {\n                    display: block;\n                    width: 100%;\n                    width: calc( 100% - 32px );\n                    margin-bottom: 30px;\n                    margin-top: 15px;\n                    padding: 15px;\n                    float: left;\n                    background: #f9f9f9;\n                    border: 1px solid #dddddd;\n                }\n                .message_box_wrapper .message_box_icon {\n                    margin-bottom: 0;\n                }\n                .message_box_wrapper .message_box_caption {\n                    margin-left: 70px;\n                }\n                .message_box_wrapper .message_box_caption .message_box_button {\n                    background: #278dd1;\n                    border-color: #278dd1;\n                    display: inline-block;\n                    padding: 6px 20px;\n                    line-height: 1.42857143;\n                    color: #fff;\n                    font-size: 17px;\n                    font-weight: normal;\n                    text-decoration: none;\n                }\n            <\/style>\n\n            <div class=\"message_box_wrapper\">\n                <p>\n                    <img decoding=\"async\" class=\"alignleft wp-image-4005 message_box_icon\" title=\"MEDEWO-Tipp\" src=\"https:\/\/www.medewo.com\/blog\/wp-content\/themes\/dt-the7-child\/img\/icons\/Hinweis.svg\" alt=\"MEDEWO-Tipp\" width=\"50\" height=\"50\">\n                <\/p>\n                 <strong>Remarque<\/strong><\/p>\n<p>e cycle illustre le recyclage des mati\u00e8res plastiques, qui permet de conserver la structure chimique des substances. Mais le plastique est \u00e9galement valoris\u00e9 en tant que mati\u00e8re premi\u00e8re et qu&#8217;\u00e9nergie. Dans le premier cas, les plastiques sont transform\u00e9s en produits dits de faible poids mol\u00e9culaire, comme les huiles ou le gaz liquide. Dans le second cas, les d\u00e9chets sont incin\u00e9r\u00e9s pour produire de l&#8217;\u00e9nergie.                 <p class=\"message_box_caption\">\n                                    <\/p>\n            <\/div>\n         [\/vc_column_text][vc_empty_space height=&#8221;20px&#8221;][vc_column_inner][\/vc_column_inner][\/vc_column][\/vc_row][vc_row][vc_column][vc_empty_space][vc_separator color=&#8221;sky&#8221; border_width=&#8221;5&#8243; css=&#8221;&#8221;][vc_empty_space][\/vc_column][\/vc_row][vc_row][vc_column][vc_column_text css=&#8221;&#8221;]<\/p>\n<h2>Tous les plastiques ne se valent pas<\/h2>\n<p>Trois types de plastiques sont distingu\u00e9s en fonction de leur origine, de leur traitement et de leur impact sur l&#8217;environnement. Les sp\u00e9cialistes parlent ici de mat\u00e9riaux vierges, PCR et PIR.<\/p>\n<p>Le graphique ci-dessous vous montre les diff\u00e9rences entre ces mat\u00e9riaux et explique pourquoi l&#8217;effort de recyclage est plus ou moins important selon le mat\u00e9riau:[\/vc_column_text][vc_empty_space][vc_single_image image=&#8221;35387&#8243; img_size=&#8221;full&#8221; onclick=&#8221;custom_link&#8221; img_link_target=&#8221;_blank&#8221; css=&#8221;&#8221; link=&#8221;https:\/\/www.medewo.com\/blog\/wp-content\/uploads\/2025\/05\/PIR_PCR_Virgin_NEU.pdf&#8221;][\/vc_column][\/vc_row][vc_row][vc_column][vc_empty_space][vc_separator color=&#8221;sky&#8221; border_width=&#8221;5&#8243; css=&#8221;&#8221;][vc_empty_space][\/vc_column][\/vc_row][vc_row][vc_column][vc_column_text css=&#8221;&#8221;]<\/p>\n<h2 class=\"wp-block-heading\">Le processus de recyclage en d\u00e9tail<\/h2>\n<p><strong>Etape 1: trier<\/strong>[\/vc_column_text][\/vc_column][\/vc_row][vc_column width=&#8221;1\/3&#8243;][vc_single_image image=&#8221;25483&#8243; img_size=&#8221;full&#8221;][vc_empty_space][vc_column_text]<strong>Etape 2: empaqueter<\/strong>[\/vc_column_text][vc_empty_space][vc_single_image image=&#8221;25481&#8243;][\/vc_column][vc_column width=&#8221;2\/3&#8243;][vc_column_text] \u00c0 l\u2019aide de diff\u00e9rents proc\u00e9d\u00e9s (tamis, aimants, scanner infrarouge), les d\u00e9chets de plastique rassembl\u00e9s sont tri\u00e9s selon les diff\u00e9rents types de plastique ou autres mat\u00e9riaux comme l\u2019aluminium. Ce tri par sortes de mat\u00e9riaux est particuli\u00e8rement important pour la suite du processus, afin d\u2019obtenir un produit recycl\u00e9 de qualit\u00e9. Ce qui ne peut pas \u00eatre recycl\u00e9 sera mis de c\u00f4t\u00e9 et utilis\u00e9 comme source \u00e9nerg\u00e9tique. [\/vc_column_text][vc_empty_space][vc_empty_space][vc_empty_space][vc_column_text] Die sortierten Kunststoffe werden zu Ballen gepresst, um sie zur Weiterverarbeitung zu transportieren. Diese Sortenreinheit bewirkt, dass die verschiedenen Kunststoffarten, die sich aufgrund ihrer unterschiedlichen Polymere nicht gleich verhalten, sp\u00e4ter bestm\u00f6glich verarbeitet werden k\u00f6nnen. [\/vc_column_text][\/vc_column][vc_column width=&#8221;1\/3&#8243;][\/vc_column][vc_column width=&#8221;1\/3&#8243;][\/vc_column][vc_row][vc_column][vc_empty_space][vc_column_text]            <style>\n                .message_box_wrapper {\n                    display: block;\n                    width: 100%;\n                    width: calc( 100% - 32px );\n                    margin-bottom: 30px;\n                    margin-top: 15px;\n                    padding: 15px;\n                    float: left;\n                    background: #f9f9f9;\n                    border: 1px solid #dddddd;\n                }\n                .message_box_wrapper .message_box_icon {\n                    margin-bottom: 0;\n                }\n                .message_box_wrapper .message_box_caption {\n                    margin-left: 70px;\n                }\n                .message_box_wrapper .message_box_caption .message_box_button {\n                    background: #278dd1;\n                    border-color: #278dd1;\n                    display: inline-block;\n                    padding: 6px 20px;\n                    line-height: 1.42857143;\n                    color: #fff;\n                    font-size: 17px;\n                    font-weight: normal;\n                    text-decoration: none;\n                }\n            <\/style>\n\n            <div class=\"message_box_wrapper\">\n                <p>\n                    <img decoding=\"async\" class=\"alignleft wp-image-4005 message_box_icon\" title=\"MEDEWO-Tipp\" src=\"https:\/\/www.medewo.com\/blog\/wp-content\/themes\/dt-the7-child\/img\/icons\/Tipp.svg\" alt=\"MEDEWO-Tipp\" width=\"50\" height=\"50\">\n                <\/p>\n                <strong>Conseil<\/strong><\/p>\n<p>Si possible, choisissez un emballage qui n\u2019est fait que d\u2019un type de plastique (monomat\u00e9riel), plut\u00f4t qu\u2019un emballage compos\u00e9. Ainsi, il peut \u00eatre recycl\u00e9 par la suite.Dans nos descriptions de produit, nous indiquons quand un article est recyclable.                 <p class=\"message_box_caption\">\n                                    <\/p>\n            <\/div>\n        [\/vc_column_text][vc_empty_space][\/vc_column][\/vc_row][vc_row][vc_column width=&#8221;1\/3&#8243;][vc_column_text]<strong>Etape 3: broyer<\/strong>[\/vc_column_text][vc_empty_space height=&#8221;22px&#8221;][vc_single_image image=&#8221;25484&#8243; img_size=&#8221;full&#8221;][vc_empty_space][\/vc_column][vc_column width=&#8221;2\/3&#8243;][vc_empty_space][vc_column_text] Le mat\u00e9riel est broy\u00e9 et r\u00e9duit en flocons. [\/vc_column_text][\/vc_column][\/vc_row][vc_row][vc_column][vc_column_text]<strong>Etape 4: nettoyer et s\u00e9cher<\/strong>[\/vc_column_text][vc_empty_space height=&#8221;22px&#8221;][\/vc_column][\/vc_row][vc_row][vc_column width=&#8221;1\/3&#8243;][vc_single_image image=&#8221;25485&#8243; img_size=&#8221;full&#8221;][vc_empty_space][\/vc_column][vc_column width=&#8221;2\/3&#8243;][vc_column_text] Afin d\u2019\u00e9liminer toute salet\u00e9 ou restes d\u2019\u00e9tiquettes, les flocons sont lav\u00e9s puis s\u00e9ch\u00e9s. De plus, ils sont parfois encore tri\u00e9s par couleur afin d\u2019obtenir des granul\u00e9s monochromes. [\/vc_column_text][\/vc_column][\/vc_row][vc_row][vc_column][vc_column_text]<strong>Etape 5: granuler<\/strong>[\/vc_column_text][vc_empty_space height=&#8221;22px&#8221;][\/vc_column][\/vc_row][vc_row][vc_column width=&#8221;1\/3&#8243;][vc_single_image image=&#8221;25482&#8243; img_size=&#8221;full&#8221;][vc_empty_space][\/vc_column][vc_column width=&#8221;2\/3&#8243;][vc_column_text] Les flocons propres et secs sont transform\u00e9s en granul\u00e9s (produit recycl\u00e9). Le mat\u00e9riau informe et de taille variable est transform\u00e9 en granul\u00e9s uniformes par fusion et refroidissement \u00e0 l\u2019aide d\u2019une extrudeuse. [\/vc_column_text][\/vc_column][\/vc_row][vc_row][vc_column][vc_column_text]<strong>Etape 6: transformer<\/strong>[\/vc_column_text][vc_empty_space height=&#8221;22px&#8221;][\/vc_column][\/vc_row][vc_row][vc_column width=&#8221;1\/3&#8243;][vc_single_image image=&#8221;25486&#8243; img_size=&#8221;full&#8221;][vc_empty_space][\/vc_column][vc_column width=&#8221;2\/3&#8243;][vc_column_text] Avec ce produit recycl\u00e9, il est possible de fabriquer de nombreux nouveaux produits en plastique, pas seulement des emballages, mais aussi des meubles, r\u00e9cipients, composants de voitures ou encore textiles. [\/vc_column_text][\/vc_column][\/vc_row][vc_row][vc_column][vc_column_text]<\/p>\n<p>[\/vc_column_text][\/vc_column][\/vc_row][vc_row][vc_column][vc_column_text]            <style>\n                .message_box_wrapper {\n                    display: block;\n                    width: 100%;\n                    width: calc( 100% - 32px );\n                    margin-bottom: 30px;\n                    margin-top: 15px;\n                    padding: 15px;\n                    float: left;\n                    background: #f9f9f9;\n                    border: 1px solid #dddddd;\n                }\n                .message_box_wrapper .message_box_icon {\n                    margin-bottom: 0;\n                }\n                .message_box_wrapper .message_box_caption {\n                    margin-left: 70px;\n                }\n                .message_box_wrapper .message_box_caption .message_box_button {\n                    background: #278dd1;\n                    border-color: #278dd1;\n                    display: inline-block;\n                    padding: 6px 20px;\n                    line-height: 1.42857143;\n                    color: #fff;\n                    font-size: 17px;\n                    font-weight: normal;\n                    text-decoration: none;\n                }\n            <\/style>\n\n            <div class=\"message_box_wrapper\">\n                <p>\n                    <img decoding=\"async\" class=\"alignleft wp-image-4005 message_box_icon\" title=\"MEDEWO-Tipp\" src=\"https:\/\/www.medewo.com\/blog\/wp-content\/themes\/dt-the7-child\/img\/icons\/Tipp.svg\" alt=\"MEDEWO-Tipp\" width=\"50\" height=\"50\">\n                <\/p>\n                <strong>Conseil<\/strong><br \/>\nDans notre assortiment, vous trouverez de nombreux produits fabriqu\u00e9s \u00e0 partir de mat\u00e9riaux recycl\u00e9s, qu\u2019il s\u2019agisse de plastique ou de papier:<\/p>\n<p>                <p class=\"message_box_caption\">\n                                            <a class=\"message_box_button\" title=\"Zu Verpackungen aus recycelten Materialen\" href=\"https:\/\/www.medewo.com\/ch-fr\/themenshops\/nachhaltige-und-ressourcenschonende-verpackungen\/verpackungen-aus-recyclingmaterial\/\" target=\"_self\">Zu Verpackungen aus recycelten Materialen<\/a>\n                                    <\/p>\n            <\/div>\n        [\/vc_column_text][vc_empty_space][vc_column_text] Vous avez encore des questions sur la mani\u00e8re dont vous pouvez \u00e9conomiser d\u2019autres ressources lors de l\u2019emballage? Les sp\u00e9cialistes MEDEWO vous conseilleront volontiers: [\/vc_column_text][vc_empty_space]<style type=\"text\/css\" data-type=\"the7_shortcodes-inline-css\">#default-btn-8cd6e6c7eb44b1660275a268570b7dce.ico-right-side > i {\n  margin-right: 0px;\n  margin-left: 8px;\n}\n#default-btn-8cd6e6c7eb44b1660275a268570b7dce > i {\n  margin-right: 8px;\n}<\/style><a href=\"https:\/\/www.medewo.com\/ch-fr\/contact\" class=\"default-btn-shortcode dt-btn dt-btn-m link-hover-off btn-inline-left \" id=\"default-btn-8cd6e6c7eb44b1660275a268570b7dce\" title=\"Kontakt MEDEWO\"><span>Jetzt MEDEWO kontaktieren<\/span><\/a>[\/vc_column][\/vc_row]<\/p>\n<\/div>","protected":false},"excerpt":{"rendered":"<p>Le plastique offre des conditions optimales pour le recyclage. Mais comment fonctionne le recyclage et de quoi s&#8217;agit-il ?<\/p>\n","protected":false},"author":46,"featured_media":25479,"comment_status":"open","ping_status":"closed","sticky":false,"template":"","format":"standard","meta":{"pgc_sgb_lightbox_settings":"","footnotes":""},"categories":[5228],"tags":[5326,5237,5236,5234],"m2-product-id":[4718,4719,4749,4821,4844,4845,4846,4926,4930,4970,4975,4977,4985,5046,5047,5048,5049,5050,5051,5056,5057,5058,5059,5061,5062,5063,5064,5065,5066,5067,5071,5074,5076,5128,5215],"class_list":["post-25478","post","type-post","status-publish","format-standard","has-post-thumbnail","hentry","category-solutions","tag-nachhaltigkeit-ch-fr","tag-plastique","tag-preservation-des-ressources","tag-recyclage","category-5228","description-off"],"yoast_head":"<!-- This site is optimized with the Yoast SEO plugin v27.1.1 - https:\/\/yoast.com\/product\/yoast-seo-wordpress\/ -->\n<title>Comment recycle-t-on le plastique<\/title>\n<meta name=\"description\" content=\"Le plastique offre des conditions optimales pour le recyclage. Mais comment fonctionne le recyclage et de quoi s&#039;agit-il ?\" \/>\n<meta name=\"robots\" content=\"index, follow, max-snippet:-1, max-image-preview:large, max-video-preview:-1\" \/>\n<link rel=\"canonical\" href=\"https:\/\/www.medewo.com\/blog\/ch-fr\/solutions\/recyclage-plastique\/\" \/>\n<meta property=\"og:locale\" content=\"fr_FR\" \/>\n<meta property=\"og:type\" content=\"article\" \/>\n<meta property=\"og:title\" content=\"Comment recycle-t-on le plastique\" \/>\n<meta property=\"og:description\" content=\"Le plastique offre des conditions optimales pour le recyclage. Mais comment fonctionne le recyclage et de quoi s&#039;agit-il ?\" \/>\n<meta property=\"og:url\" content=\"https:\/\/www.medewo.com\/blog\/ch-fr\/solutions\/recyclage-plastique\/\" \/>\n<meta property=\"og:site_name\" content=\"MEDEWO Verpackungen\" \/>\n<meta property=\"article:published_time\" content=\"2023-06-06T12:29:14+00:00\" \/>\n<meta property=\"article:modified_time\" content=\"2025-11-18T14:52:37+00:00\" \/>\n<meta property=\"og:image\" content=\"https:\/\/www.medewo.com\/blog\/wp-content\/uploads\/2020\/08\/hb_recycling-kunststoff-1.jpg\" \/>\n\t<meta property=\"og:image:width\" content=\"775\" \/>\n\t<meta property=\"og:image:height\" content=\"519\" \/>\n\t<meta property=\"og:image:type\" content=\"image\/jpeg\" \/>\n<meta name=\"author\" content=\"Johanna Veh\" \/>\n<meta name=\"twitter:card\" content=\"summary_large_image\" \/>\n<meta name=\"twitter:label1\" content=\"Written by\" \/>\n\t<meta name=\"twitter:data1\" content=\"Johanna Veh\" \/>\n\t<meta name=\"twitter:label2\" content=\"Est. reading time\" \/>\n\t<meta name=\"twitter:data2\" content=\"7 minutes\" \/>\n<script type=\"application\/ld+json\" class=\"yoast-schema-graph\">{\"@context\":\"https:\/\/schema.org\",\"@graph\":[{\"@type\":\"Article\",\"@id\":\"https:\/\/www.medewo.com\/blog\/ch-fr\/solutions\/recyclage-plastique\/#article\",\"isPartOf\":{\"@id\":\"https:\/\/www.medewo.com\/blog\/ch-fr\/solutions\/recyclage-plastique\/\"},\"author\":{\"name\":\"Johanna Veh\",\"@id\":\"https:\/\/www.medewo.com\/blog\/ch-fr\/#\/schema\/person\/095ac0edc7996da8d9076f1dd7628a02\"},\"headline\":\"Comment recycle-t-on le plastique\",\"datePublished\":\"2023-06-06T12:29:14+00:00\",\"dateModified\":\"2025-11-18T14:52:37+00:00\",\"mainEntityOfPage\":{\"@id\":\"https:\/\/www.medewo.com\/blog\/ch-fr\/solutions\/recyclage-plastique\/\"},\"wordCount\":1375,\"commentCount\":0,\"publisher\":{\"@id\":\"https:\/\/www.medewo.com\/blog\/ch-fr\/#organization\"},\"image\":{\"@id\":\"https:\/\/www.medewo.com\/blog\/ch-fr\/solutions\/recyclage-plastique\/#primaryimage\"},\"thumbnailUrl\":\"https:\/\/www.medewo.com\/blog\/wp-content\/uploads\/2020\/08\/hb_recycling-kunststoff-1.jpg\",\"keywords\":[\"Nachhaltigkeit\",\"plastique\",\"Pr\u00e9servation des ressources\",\"Recyclage\"],\"articleSection\":[\"Solutions\"],\"inLanguage\":\"fr-CH\",\"potentialAction\":[{\"@type\":\"CommentAction\",\"name\":\"Comment\",\"target\":[\"https:\/\/www.medewo.com\/blog\/ch-fr\/solutions\/recyclage-plastique\/#respond\"]}]},{\"@type\":\"WebPage\",\"@id\":\"https:\/\/www.medewo.com\/blog\/ch-fr\/solutions\/recyclage-plastique\/\",\"url\":\"https:\/\/www.medewo.com\/blog\/ch-fr\/solutions\/recyclage-plastique\/\",\"name\":\"Comment recycle-t-on le plastique\",\"isPartOf\":{\"@id\":\"https:\/\/www.medewo.com\/blog\/ch-fr\/#website\"},\"primaryImageOfPage\":{\"@id\":\"https:\/\/www.medewo.com\/blog\/ch-fr\/solutions\/recyclage-plastique\/#primaryimage\"},\"image\":{\"@id\":\"https:\/\/www.medewo.com\/blog\/ch-fr\/solutions\/recyclage-plastique\/#primaryimage\"},\"thumbnailUrl\":\"https:\/\/www.medewo.com\/blog\/wp-content\/uploads\/2020\/08\/hb_recycling-kunststoff-1.jpg\",\"datePublished\":\"2023-06-06T12:29:14+00:00\",\"dateModified\":\"2025-11-18T14:52:37+00:00\",\"description\":\"Le plastique offre des conditions optimales pour le recyclage. Mais comment fonctionne le recyclage et de quoi s'agit-il ?\",\"breadcrumb\":{\"@id\":\"https:\/\/www.medewo.com\/blog\/ch-fr\/solutions\/recyclage-plastique\/#breadcrumb\"},\"inLanguage\":\"fr-CH\",\"potentialAction\":[{\"@type\":\"ReadAction\",\"target\":[\"https:\/\/www.medewo.com\/blog\/ch-fr\/solutions\/recyclage-plastique\/\"]}]},{\"@type\":\"ImageObject\",\"inLanguage\":\"fr-CH\",\"@id\":\"https:\/\/www.medewo.com\/blog\/ch-fr\/solutions\/recyclage-plastique\/#primaryimage\",\"url\":\"https:\/\/www.medewo.com\/blog\/wp-content\/uploads\/2020\/08\/hb_recycling-kunststoff-1.jpg\",\"contentUrl\":\"https:\/\/www.medewo.com\/blog\/wp-content\/uploads\/2020\/08\/hb_recycling-kunststoff-1.jpg\",\"width\":775,\"height\":519},{\"@type\":\"BreadcrumbList\",\"@id\":\"https:\/\/www.medewo.com\/blog\/ch-fr\/solutions\/recyclage-plastique\/#breadcrumb\",\"itemListElement\":[{\"@type\":\"ListItem\",\"position\":1,\"name\":\"Startseite\",\"item\":\"https:\/\/www.medewo.com\/blog\/ch-fr\/\"},{\"@type\":\"ListItem\",\"position\":2,\"name\":\"Comment recycle-t-on le plastique\"}]},{\"@type\":\"WebSite\",\"@id\":\"https:\/\/www.medewo.com\/blog\/ch-fr\/#website\",\"url\":\"https:\/\/www.medewo.com\/blog\/ch-fr\/\",\"name\":\"MEDEWO Verpackungen\",\"description\":\"News\",\"publisher\":{\"@id\":\"https:\/\/www.medewo.com\/blog\/ch-fr\/#organization\"},\"potentialAction\":[{\"@type\":\"SearchAction\",\"target\":{\"@type\":\"EntryPoint\",\"urlTemplate\":\"https:\/\/www.medewo.com\/blog\/ch-fr\/?s={search_term_string}\"},\"query-input\":{\"@type\":\"PropertyValueSpecification\",\"valueRequired\":true,\"valueName\":\"search_term_string\"}}],\"inLanguage\":\"fr-CH\"},{\"@type\":\"Organization\",\"@id\":\"https:\/\/www.medewo.com\/blog\/ch-fr\/#organization\",\"name\":\"MEDEWO\",\"url\":\"https:\/\/www.medewo.com\/blog\/ch-fr\/\",\"logo\":{\"@type\":\"ImageObject\",\"inLanguage\":\"fr-CH\",\"@id\":\"https:\/\/www.medewo.com\/blog\/ch-fr\/#\/schema\/logo\/image\/\",\"url\":\"https:\/\/www.medewo.com\/blog\/wp-content\/uploads\/2023\/05\/medewo-logo-claim-2018-quer-RGB-FR.svg\",\"contentUrl\":\"https:\/\/www.medewo.com\/blog\/wp-content\/uploads\/2023\/05\/medewo-logo-claim-2018-quer-RGB-FR.svg\",\"width\":350,\"height\":63,\"caption\":\"MEDEWO\"},\"image\":{\"@id\":\"https:\/\/www.medewo.com\/blog\/ch-fr\/#\/schema\/logo\/image\/\"}},{\"@type\":\"Person\",\"@id\":\"https:\/\/www.medewo.com\/blog\/ch-fr\/#\/schema\/person\/095ac0edc7996da8d9076f1dd7628a02\",\"name\":\"Johanna Veh\",\"image\":{\"@type\":\"ImageObject\",\"inLanguage\":\"fr-CH\",\"@id\":\"https:\/\/www.medewo.com\/blog\/ch-fr\/#\/schema\/person\/image\/\",\"url\":\"https:\/\/secure.gravatar.com\/avatar\/34b1d372f4c5c8771c920d7185ad3cdbb4c0c74723f619ae116247c1940d52ec?s=96&d=blank&r=g\",\"contentUrl\":\"https:\/\/secure.gravatar.com\/avatar\/34b1d372f4c5c8771c920d7185ad3cdbb4c0c74723f619ae116247c1940d52ec?s=96&d=blank&r=g\",\"caption\":\"Johanna Veh\"}}]}<\/script>\n<!-- \/ Yoast SEO plugin. -->","yoast_head_json":{"title":"Comment recycle-t-on le plastique","description":"Le plastique offre des conditions optimales pour le recyclage. Mais comment fonctionne le recyclage et de quoi s'agit-il ?","robots":{"index":"index","follow":"follow","max-snippet":"max-snippet:-1","max-image-preview":"max-image-preview:large","max-video-preview":"max-video-preview:-1"},"canonical":"https:\/\/www.medewo.com\/blog\/ch-fr\/solutions\/recyclage-plastique\/","og_locale":"fr_FR","og_type":"article","og_title":"Comment recycle-t-on le plastique","og_description":"Le plastique offre des conditions optimales pour le recyclage. Mais comment fonctionne le recyclage et de quoi s'agit-il ?","og_url":"https:\/\/www.medewo.com\/blog\/ch-fr\/solutions\/recyclage-plastique\/","og_site_name":"MEDEWO Verpackungen","article_published_time":"2023-06-06T12:29:14+00:00","article_modified_time":"2025-11-18T14:52:37+00:00","og_image":[{"width":775,"height":519,"url":"https:\/\/www.medewo.com\/blog\/wp-content\/uploads\/2020\/08\/hb_recycling-kunststoff-1.jpg","type":"image\/jpeg"}],"author":"Johanna Veh","twitter_card":"summary_large_image","twitter_misc":{"Written by":"Johanna Veh","Est. reading time":"7 minutes"},"schema":{"@context":"https:\/\/schema.org","@graph":[{"@type":"Article","@id":"https:\/\/www.medewo.com\/blog\/ch-fr\/solutions\/recyclage-plastique\/#article","isPartOf":{"@id":"https:\/\/www.medewo.com\/blog\/ch-fr\/solutions\/recyclage-plastique\/"},"author":{"name":"Johanna Veh","@id":"https:\/\/www.medewo.com\/blog\/ch-fr\/#\/schema\/person\/095ac0edc7996da8d9076f1dd7628a02"},"headline":"Comment recycle-t-on le plastique","datePublished":"2023-06-06T12:29:14+00:00","dateModified":"2025-11-18T14:52:37+00:00","mainEntityOfPage":{"@id":"https:\/\/www.medewo.com\/blog\/ch-fr\/solutions\/recyclage-plastique\/"},"wordCount":1375,"commentCount":0,"publisher":{"@id":"https:\/\/www.medewo.com\/blog\/ch-fr\/#organization"},"image":{"@id":"https:\/\/www.medewo.com\/blog\/ch-fr\/solutions\/recyclage-plastique\/#primaryimage"},"thumbnailUrl":"https:\/\/www.medewo.com\/blog\/wp-content\/uploads\/2020\/08\/hb_recycling-kunststoff-1.jpg","keywords":["Nachhaltigkeit","plastique","Pr\u00e9servation des ressources","Recyclage"],"articleSection":["Solutions"],"inLanguage":"fr-CH","potentialAction":[{"@type":"CommentAction","name":"Comment","target":["https:\/\/www.medewo.com\/blog\/ch-fr\/solutions\/recyclage-plastique\/#respond"]}]},{"@type":"WebPage","@id":"https:\/\/www.medewo.com\/blog\/ch-fr\/solutions\/recyclage-plastique\/","url":"https:\/\/www.medewo.com\/blog\/ch-fr\/solutions\/recyclage-plastique\/","name":"Comment recycle-t-on le plastique","isPartOf":{"@id":"https:\/\/www.medewo.com\/blog\/ch-fr\/#website"},"primaryImageOfPage":{"@id":"https:\/\/www.medewo.com\/blog\/ch-fr\/solutions\/recyclage-plastique\/#primaryimage"},"image":{"@id":"https:\/\/www.medewo.com\/blog\/ch-fr\/solutions\/recyclage-plastique\/#primaryimage"},"thumbnailUrl":"https:\/\/www.medewo.com\/blog\/wp-content\/uploads\/2020\/08\/hb_recycling-kunststoff-1.jpg","datePublished":"2023-06-06T12:29:14+00:00","dateModified":"2025-11-18T14:52:37+00:00","description":"Le plastique offre des conditions optimales pour le recyclage. Mais comment fonctionne le recyclage et de quoi s'agit-il ?","breadcrumb":{"@id":"https:\/\/www.medewo.com\/blog\/ch-fr\/solutions\/recyclage-plastique\/#breadcrumb"},"inLanguage":"fr-CH","potentialAction":[{"@type":"ReadAction","target":["https:\/\/www.medewo.com\/blog\/ch-fr\/solutions\/recyclage-plastique\/"]}]},{"@type":"ImageObject","inLanguage":"fr-CH","@id":"https:\/\/www.medewo.com\/blog\/ch-fr\/solutions\/recyclage-plastique\/#primaryimage","url":"https:\/\/www.medewo.com\/blog\/wp-content\/uploads\/2020\/08\/hb_recycling-kunststoff-1.jpg","contentUrl":"https:\/\/www.medewo.com\/blog\/wp-content\/uploads\/2020\/08\/hb_recycling-kunststoff-1.jpg","width":775,"height":519},{"@type":"BreadcrumbList","@id":"https:\/\/www.medewo.com\/blog\/ch-fr\/solutions\/recyclage-plastique\/#breadcrumb","itemListElement":[{"@type":"ListItem","position":1,"name":"Startseite","item":"https:\/\/www.medewo.com\/blog\/ch-fr\/"},{"@type":"ListItem","position":2,"name":"Comment recycle-t-on le plastique"}]},{"@type":"WebSite","@id":"https:\/\/www.medewo.com\/blog\/ch-fr\/#website","url":"https:\/\/www.medewo.com\/blog\/ch-fr\/","name":"MEDEWO Verpackungen","description":"News","publisher":{"@id":"https:\/\/www.medewo.com\/blog\/ch-fr\/#organization"},"potentialAction":[{"@type":"SearchAction","target":{"@type":"EntryPoint","urlTemplate":"https:\/\/www.medewo.com\/blog\/ch-fr\/?s={search_term_string}"},"query-input":{"@type":"PropertyValueSpecification","valueRequired":true,"valueName":"search_term_string"}}],"inLanguage":"fr-CH"},{"@type":"Organization","@id":"https:\/\/www.medewo.com\/blog\/ch-fr\/#organization","name":"MEDEWO","url":"https:\/\/www.medewo.com\/blog\/ch-fr\/","logo":{"@type":"ImageObject","inLanguage":"fr-CH","@id":"https:\/\/www.medewo.com\/blog\/ch-fr\/#\/schema\/logo\/image\/","url":"https:\/\/www.medewo.com\/blog\/wp-content\/uploads\/2023\/05\/medewo-logo-claim-2018-quer-RGB-FR.svg","contentUrl":"https:\/\/www.medewo.com\/blog\/wp-content\/uploads\/2023\/05\/medewo-logo-claim-2018-quer-RGB-FR.svg","width":350,"height":63,"caption":"MEDEWO"},"image":{"@id":"https:\/\/www.medewo.com\/blog\/ch-fr\/#\/schema\/logo\/image\/"}},{"@type":"Person","@id":"https:\/\/www.medewo.com\/blog\/ch-fr\/#\/schema\/person\/095ac0edc7996da8d9076f1dd7628a02","name":"Johanna Veh","image":{"@type":"ImageObject","inLanguage":"fr-CH","@id":"https:\/\/www.medewo.com\/blog\/ch-fr\/#\/schema\/person\/image\/","url":"https:\/\/secure.gravatar.com\/avatar\/34b1d372f4c5c8771c920d7185ad3cdbb4c0c74723f619ae116247c1940d52ec?s=96&d=blank&r=g","contentUrl":"https:\/\/secure.gravatar.com\/avatar\/34b1d372f4c5c8771c920d7185ad3cdbb4c0c74723f619ae116247c1940d52ec?s=96&d=blank&r=g","caption":"Johanna Veh"}}]}},"magento_index":true,"_links":{"self":[{"href":"https:\/\/www.medewo.com\/blog\/ch-fr\/wp-json\/wp\/v2\/posts\/25478","targetHints":{"allow":["GET"]}}],"collection":[{"href":"https:\/\/www.medewo.com\/blog\/ch-fr\/wp-json\/wp\/v2\/posts"}],"about":[{"href":"https:\/\/www.medewo.com\/blog\/ch-fr\/wp-json\/wp\/v2\/types\/post"}],"author":[{"embeddable":true,"href":"https:\/\/www.medewo.com\/blog\/ch-fr\/wp-json\/wp\/v2\/users\/46"}],"replies":[{"embeddable":true,"href":"https:\/\/www.medewo.com\/blog\/ch-fr\/wp-json\/wp\/v2\/comments?post=25478"}],"version-history":[{"count":26,"href":"https:\/\/www.medewo.com\/blog\/ch-fr\/wp-json\/wp\/v2\/posts\/25478\/revisions"}],"predecessor-version":[{"id":36811,"href":"https:\/\/www.medewo.com\/blog\/ch-fr\/wp-json\/wp\/v2\/posts\/25478\/revisions\/36811"}],"wp:featuredmedia":[{"embeddable":true,"href":"https:\/\/www.medewo.com\/blog\/ch-fr\/wp-json\/wp\/v2\/media\/25479"}],"wp:attachment":[{"href":"https:\/\/www.medewo.com\/blog\/ch-fr\/wp-json\/wp\/v2\/media?parent=25478"}],"wp:term":[{"taxonomy":"category","embeddable":true,"href":"https:\/\/www.medewo.com\/blog\/ch-fr\/wp-json\/wp\/v2\/categories?post=25478"},{"taxonomy":"post_tag","embeddable":true,"href":"https:\/\/www.medewo.com\/blog\/ch-fr\/wp-json\/wp\/v2\/tags?post=25478"},{"taxonomy":"m2-product-id","embeddable":true,"href":"https:\/\/www.medewo.com\/blog\/ch-fr\/wp-json\/wp\/v2\/m2-product-id?post=25478"}],"curies":[{"name":"wp","href":"https:\/\/api.w.org\/{rel}","templated":true}]}}