{"id":25453,"date":"2023-06-15T14:52:24","date_gmt":"2023-06-15T12:52:24","guid":{"rendered":"https:\/\/www.medewo.com\/blog\/unkategorisiert\/recyclage-du-papier-ce-qui-se-passe-avec-le-ruban-adhesif-co\/"},"modified":"2024-01-30T14:24:30","modified_gmt":"2024-01-30T13:24:30","slug":"recyclage-papier","status":"publish","type":"post","link":"https:\/\/www.medewo.com\/blog\/ch-fr\/solutions\/recyclage-papier\/","title":{"rendered":"Recyclage du papier: ce qui se passe avec le ruban adh\u00e9sif &#038; co."},"content":{"rendered":"<div class=\"wpb-content-wrapper\"><p>[vc_row][vc_column][vc_column_text]<\/p>\r\n<p><strong>Le fait que le papier, le carton et le carton ondul\u00e9 sont \u00e0 100 % recyclables est l\u2019une des raisons pour lesquelles on les consid\u00e8re comme durables. Mais dans les op\u00e9rations quotidiennes d\u2019emballage, des rubans adh\u00e9sifs, des \u00e9tiquettes et des pochettes porte-documents sont coll\u00e9es sur le carton ou les pochettes d\u2019exp\u00e9dition en papier. Que se passe-t-il avec ces mati\u00e8res lors du recyclage, quand le papier recycl\u00e9 est fabriqu\u00e9? Nous vous le montrons! <\/strong><\/p>\r\n<h2>C\u2019est ainsi que l\u2019on produit du papier recycl\u00e9:<\/h2>\r\n<p>[\/vc_column_text][vc_empty_space][vc_single_image image=&#8221;25454&#8243; img_size=&#8221;full&#8221;][vc_empty_space]<style type=\"text\/css\" data-type=\"the7_shortcodes-inline-css\">#default-btn-75bcc470fade81e52372150b60457dcf.ico-right-side > i {\n  margin-right: 0px;\n  margin-left: 8px;\n}\n#default-btn-75bcc470fade81e52372150b60457dcf > i {\n  margin-right: 8px;\n}<\/style><a href=\"https:\/\/www.medewo.com\/blog\/wp-content\/uploads\/2020\/08\/Recycling-Kreislauf-Papier_DEU-DEA.pdf\" class=\"default-btn-shortcode dt-btn dt-btn-m link-hover-off btn-inline-right \" id=\"default-btn-75bcc470fade81e52372150b60457dcf\" title=\"Grafik Papierrecycling-Kreislauf\"><span>T\u00e9l\u00e9charger le graphique<\/span><\/a>[vc_empty_space][vc_column_text]<\/p>\r\n<h2>D\u00e9tail du processus<\/h2>\r\n<p>[\/vc_column_text][vc_empty_space][\/vc_column][\/vc_row][vc_row][vc_column width=&#8221;1\/2&#8243;][vc_column_text]<\/p>\r\n<h3>Etape 1<\/h3>\r\n<p>[\/vc_column_text][vc_empty_space height=&#8221;18px&#8221;][vc_single_image image=&#8221;25455&#8243; img_size=&#8221;full&#8221;][vc_empty_space height=&#8221;18px&#8221;][vc_column_text]<\/p>\r\n<p>Les vieux papiers collect\u00e9s et tri\u00e9s au pr\u00e9alable sont d\u00e9chiquet\u00e9s et dissouts dans le pulpeur \u00e0 travers l\u2019ajout d\u2019eau et d\u2019\u00e9nergie m\u00e9canique.<\/p>\r\n<p>[\/vc_column_text][\/vc_column][vc_column width=&#8221;1\/2&#8243;][vc_column_text]<\/p>\r\n<h3>Etape 2<\/h3>\r\n<p>[\/vc_column_text][vc_empty_space height=&#8221;18px&#8221;][vc_single_image image=&#8221;25456&#8243; img_size=&#8221;full&#8221;][vc_empty_space height=&#8221;18px&#8221;][vc_column_text]<\/p>\r\n<p>Des tamis permettent de s\u00e9parer les substances \u00e9trang\u00e8res telles que les rubans adh\u00e9sifs, pochettes porte-documents ou pinces m\u00e9talliques.<\/p>\r\n<p>[\/vc_column_text][\/vc_column][\/vc_row][vc_row][vc_column][vc_empty_space][vc_column_text]<\/p>\r\n            <style>\n                .message_box_wrapper {\n                    display: block;\n                    width: 100%;\n                    width: calc( 100% - 32px );\n                    margin-bottom: 30px;\n                    margin-top: 15px;\n                    padding: 15px;\n                    float: left;\n                    background: #f9f9f9;\n                    border: 1px solid #dddddd;\n                }\n                .message_box_wrapper .message_box_icon {\n                    margin-bottom: 0;\n                }\n                .message_box_wrapper .message_box_caption {\n                    margin-left: 70px;\n                }\n                .message_box_wrapper .message_box_caption .message_box_button {\n                    background: #278dd1;\n                    border-color: #278dd1;\n                    display: inline-block;\n                    padding: 6px 20px;\n                    line-height: 1.42857143;\n                    color: #fff;\n                    font-size: 17px;\n                    font-weight: normal;\n                    text-decoration: none;\n                }\n            <\/style>\n\n            <div class=\"message_box_wrapper\">\n                <p>\n                    <img decoding=\"async\" class=\"alignleft wp-image-4005 message_box_icon\" title=\"MEDEWO-Tipp\" src=\"https:\/\/www.medewo.com\/blog\/wp-content\/themes\/dt-the7-child\/img\/icons\/Tipp.svg\" alt=\"MEDEWO-Tipp\" width=\"50\" height=\"50\">\n                <\/p>\n                <strong>Le saviez-vous?<\/strong><\/p>\r\n<p>Apr\u00e8s ce traitement, jusqu\u2019\u00e0 90 % des fibres d\u2019origine peuvent \u00eatre r\u00e9utilis\u00e9es.                <p class=\"message_box_caption\">\n                                    <\/p>\n            <\/div>\n        \r\n<p>[\/vc_column_text][vc_empty_space][\/vc_column][\/vc_row][vc_row][vc_column width=&#8221;1\/2&#8243;][vc_column_text]<\/p>\r\n<h3>Etape 3<\/h3>\r\n<p>[\/vc_column_text][vc_empty_space height=&#8221;18px&#8221;][vc_single_image image=&#8221;25457&#8243; img_size=&#8221;full&#8221;][vc_empty_space height=&#8221;18px&#8221;][vc_column_text]<\/p>\r\n<p>Lors du d\u00e9sencrage, la plus grande partie de l\u2019encre est \u00e9limin\u00e9e des fibres.<\/p>\r\n<p>[\/vc_column_text][vc_empty_space][vc_column_text]<\/p>\r\n<h3>Etape 5<\/h3>\r\n<p>[\/vc_column_text][vc_empty_space height=&#8221;18px&#8221;][vc_single_image image=&#8221;25459&#8243; img_size=&#8221;full&#8221;][vc_empty_space height=&#8221;18px&#8221;][vc_column_text]<\/p>\r\n<p>La p\u00e2te de fibres est utilis\u00e9e pour produire du papier recycl\u00e9, qui peut \u00e9galement servir \u00e0 fabriquer de nouvelles bo\u00eetes en carton.<\/p>\r\n<p>[\/vc_column_text][\/vc_column][vc_column width=&#8221;1\/2&#8243;][vc_column_text]<\/p>\r\n<h3>Etape 4<\/h3>\r\n<p>[\/vc_column_text][vc_empty_space height=&#8221;18px&#8221;][vc_single_image image=&#8221;25458&#8243; img_size=&#8221;full&#8221;][vc_empty_space height=&#8221;18px&#8221;][vc_column_text]<\/p>\r\n<p>La p\u00e2te \u00e0 papier est encore nettoy\u00e9e, broy\u00e9e et pr\u00e9par\u00e9e pour la production.<\/p>\r\n<p>[\/vc_column_text][\/vc_column][\/vc_row][vc_row][vc_column][vc_column_text]<\/p>\r\n            <style>\n                .message_box_wrapper {\n                    display: block;\n                    width: 100%;\n                    width: calc( 100% - 32px );\n                    margin-bottom: 30px;\n                    margin-top: 15px;\n                    padding: 15px;\n                    float: left;\n                    background: #f9f9f9;\n                    border: 1px solid #dddddd;\n                }\n                .message_box_wrapper .message_box_icon {\n                    margin-bottom: 0;\n                }\n                .message_box_wrapper .message_box_caption {\n                    margin-left: 70px;\n                }\n                .message_box_wrapper .message_box_caption .message_box_button {\n                    background: #278dd1;\n                    border-color: #278dd1;\n                    display: inline-block;\n                    padding: 6px 20px;\n                    line-height: 1.42857143;\n                    color: #fff;\n                    font-size: 17px;\n                    font-weight: normal;\n                    text-decoration: none;\n                }\n            <\/style>\n\n            <div class=\"message_box_wrapper\">\n                <p>\n                    <img decoding=\"async\" class=\"alignleft wp-image-4005 message_box_icon\" title=\"MEDEWO-Tipp\" src=\"https:\/\/www.medewo.com\/blog\/wp-content\/themes\/dt-the7-child\/img\/icons\/Tipp.svg\" alt=\"MEDEWO-Tipp\" width=\"50\" height=\"50\">\n                <\/p>\n                <strong>Conseil<\/strong><\/p>\r\n<p>Vous agissez le plus durablement en misant sur des solutions \u00e0 une seule mati\u00e8re. Sur vos cartons, utilisez du <a href=\"https:\/\/www.medewo.com\/ch-fr\/assortiment-en-stock\/rubans-adhesifs\/adhesifs-emballage\/rubans-adhesifs-papier\/\">ruban adh\u00e9sif en papier<\/a> tels que MECATAPE<sup>\u00ae<\/sup> et des <a href=\"https:\/\/www.medewo.com\/ch-fr\/mecouvert-paper-dokumententasche\">pochettes porte-documents en papier telles que MECOUVERT<sup>\u00ae<\/sup> PAPER<\/a> pour mettre en circulation un emballage pouvant \u00eatre \u00e9limin\u00e9 \u00e0 100 % avec les vieux papiers.                 <p class=\"message_box_caption\">\n                                    <\/p>\n            <\/div>\n        \r\n<p>[\/vc_column_text][vc_empty_space height=&#8221;24px&#8221;][vc_empty_space height=&#8221;24px&#8221;][vc_column_text]<\/p>\r\n<p>Vous avez encore des questions sur la mani\u00e8re de rendre votre emballage plus durable? Les sp\u00e9cialistes MEDEWO vous conseilleront volontiers!<\/p>\r\n<p>[\/vc_column_text][\/vc_column][\/vc_row]<\/p><\/div>","protected":false},"excerpt":{"rendered":"<p>Dans le quotidien de l&#8217;emballage, les rubans adh\u00e9sifs, les \u00e9tiquettes et les pochettes de documents sont coll\u00e9s sur des cartons ou des pochettes d&#8217;exp\u00e9dition en papier et finissent dans les vieux papiers. et ensuite?<\/p>\n","protected":false},"author":46,"featured_media":25460,"comment_status":"open","ping_status":"closed","sticky":false,"template":"","format":"standard","meta":{"pgc_sgb_lightbox_settings":"","footnotes":""},"categories":[5228],"tags":[],"m2-product-id":[4736,4738,4739,4740,4744,4745,4749,4750],"class_list":["post-25453","post","type-post","status-publish","format-standard","has-post-thumbnail","hentry","category-solutions","category-5228","description-off"],"yoast_head":"<!-- This site is optimized with the Yoast SEO plugin v27.1.1 - https:\/\/yoast.com\/product\/yoast-seo-wordpress\/ -->\n<title>Recyclage du papier: ce qui se passe avec le ruban adh\u00e9sif &amp; co.<\/title>\n<meta name=\"description\" content=\"Dans le quotidien de l&#039;emballage, les rubans adh\u00e9sifs &amp; Co. sont coll\u00e9s sur les cartons ou les pochettes d&#039;exp\u00e9dition. Qu&#039;advient-il de ces substances lors du recyclage du vieux papier?\" \/>\n<meta name=\"robots\" content=\"index, follow, max-snippet:-1, max-image-preview:large, max-video-preview:-1\" \/>\n<link rel=\"canonical\" href=\"https:\/\/www.medewo.com\/blog\/ch-fr\/solutions\/recyclage-papier\/\" \/>\n<meta property=\"og:locale\" content=\"fr_FR\" \/>\n<meta property=\"og:type\" content=\"article\" \/>\n<meta property=\"og:title\" content=\"Recyclage du papier: ce qui se passe avec le ruban adh\u00e9sif &amp; co.\" \/>\n<meta property=\"og:description\" content=\"Dans le quotidien de l&#039;emballage, les rubans adh\u00e9sifs &amp; Co. sont coll\u00e9s sur les cartons ou les pochettes d&#039;exp\u00e9dition. Qu&#039;advient-il de ces substances lors du recyclage du vieux papier?\" \/>\n<meta property=\"og:url\" content=\"https:\/\/www.medewo.com\/blog\/ch-fr\/solutions\/recyclage-papier\/\" \/>\n<meta property=\"og:site_name\" content=\"MEDEWO Verpackungen\" \/>\n<meta property=\"article:published_time\" content=\"2023-06-15T12:52:24+00:00\" \/>\n<meta property=\"article:modified_time\" content=\"2024-01-30T13:24:30+00:00\" \/>\n<meta property=\"og:image\" content=\"https:\/\/www.medewo.com\/blog\/wp-content\/uploads\/2020\/06\/hb-papierrecycling.jpg\" \/>\n\t<meta property=\"og:image:width\" content=\"775\" \/>\n\t<meta property=\"og:image:height\" content=\"519\" \/>\n\t<meta property=\"og:image:type\" content=\"image\/jpeg\" \/>\n<meta name=\"author\" content=\"Johanna Veh\" \/>\n<meta name=\"twitter:card\" content=\"summary_large_image\" \/>\n<meta name=\"twitter:label1\" content=\"Written by\" \/>\n\t<meta name=\"twitter:data1\" content=\"Johanna Veh\" \/>\n\t<meta name=\"twitter:label2\" content=\"Est. reading time\" \/>\n\t<meta name=\"twitter:data2\" content=\"4 minutes\" \/>\n<script type=\"application\/ld+json\" class=\"yoast-schema-graph\">{\"@context\":\"https:\/\/schema.org\",\"@graph\":[{\"@type\":\"Article\",\"@id\":\"https:\/\/www.medewo.com\/blog\/ch-fr\/solutions\/recyclage-papier\/#article\",\"isPartOf\":{\"@id\":\"https:\/\/www.medewo.com\/blog\/ch-fr\/solutions\/recyclage-papier\/\"},\"author\":{\"name\":\"Johanna Veh\",\"@id\":\"https:\/\/www.medewo.com\/blog\/ch-fr\/#\/schema\/person\/095ac0edc7996da8d9076f1dd7628a02\"},\"headline\":\"Recyclage du papier: ce qui se passe avec le ruban adh\u00e9sif &#038; co.\",\"datePublished\":\"2023-06-15T12:52:24+00:00\",\"dateModified\":\"2024-01-30T13:24:30+00:00\",\"mainEntityOfPage\":{\"@id\":\"https:\/\/www.medewo.com\/blog\/ch-fr\/solutions\/recyclage-papier\/\"},\"wordCount\":745,\"commentCount\":0,\"publisher\":{\"@id\":\"https:\/\/www.medewo.com\/blog\/ch-fr\/#organization\"},\"image\":{\"@id\":\"https:\/\/www.medewo.com\/blog\/ch-fr\/solutions\/recyclage-papier\/#primaryimage\"},\"thumbnailUrl\":\"https:\/\/www.medewo.com\/blog\/wp-content\/uploads\/2020\/06\/hb-papierrecycling.jpg\",\"articleSection\":[\"Solutions\"],\"inLanguage\":\"fr-CH\",\"potentialAction\":[{\"@type\":\"CommentAction\",\"name\":\"Comment\",\"target\":[\"https:\/\/www.medewo.com\/blog\/ch-fr\/solutions\/recyclage-papier\/#respond\"]}]},{\"@type\":\"WebPage\",\"@id\":\"https:\/\/www.medewo.com\/blog\/ch-fr\/solutions\/recyclage-papier\/\",\"url\":\"https:\/\/www.medewo.com\/blog\/ch-fr\/solutions\/recyclage-papier\/\",\"name\":\"Recyclage du papier: ce qui se passe avec le ruban adh\u00e9sif & co.\",\"isPartOf\":{\"@id\":\"https:\/\/www.medewo.com\/blog\/ch-fr\/#website\"},\"primaryImageOfPage\":{\"@id\":\"https:\/\/www.medewo.com\/blog\/ch-fr\/solutions\/recyclage-papier\/#primaryimage\"},\"image\":{\"@id\":\"https:\/\/www.medewo.com\/blog\/ch-fr\/solutions\/recyclage-papier\/#primaryimage\"},\"thumbnailUrl\":\"https:\/\/www.medewo.com\/blog\/wp-content\/uploads\/2020\/06\/hb-papierrecycling.jpg\",\"datePublished\":\"2023-06-15T12:52:24+00:00\",\"dateModified\":\"2024-01-30T13:24:30+00:00\",\"description\":\"Dans le quotidien de l'emballage, les rubans adh\u00e9sifs & Co. sont coll\u00e9s sur les cartons ou les pochettes d'exp\u00e9dition. Qu'advient-il de ces substances lors du recyclage du vieux papier?\",\"breadcrumb\":{\"@id\":\"https:\/\/www.medewo.com\/blog\/ch-fr\/solutions\/recyclage-papier\/#breadcrumb\"},\"inLanguage\":\"fr-CH\",\"potentialAction\":[{\"@type\":\"ReadAction\",\"target\":[\"https:\/\/www.medewo.com\/blog\/ch-fr\/solutions\/recyclage-papier\/\"]}]},{\"@type\":\"ImageObject\",\"inLanguage\":\"fr-CH\",\"@id\":\"https:\/\/www.medewo.com\/blog\/ch-fr\/solutions\/recyclage-papier\/#primaryimage\",\"url\":\"https:\/\/www.medewo.com\/blog\/wp-content\/uploads\/2020\/06\/hb-papierrecycling.jpg\",\"contentUrl\":\"https:\/\/www.medewo.com\/blog\/wp-content\/uploads\/2020\/06\/hb-papierrecycling.jpg\",\"width\":775,\"height\":519},{\"@type\":\"BreadcrumbList\",\"@id\":\"https:\/\/www.medewo.com\/blog\/ch-fr\/solutions\/recyclage-papier\/#breadcrumb\",\"itemListElement\":[{\"@type\":\"ListItem\",\"position\":1,\"name\":\"Startseite\",\"item\":\"https:\/\/www.medewo.com\/blog\/ch-fr\/\"},{\"@type\":\"ListItem\",\"position\":2,\"name\":\"Recyclage du papier: ce qui se passe avec le ruban adh\u00e9sif &#038; co.\"}]},{\"@type\":\"WebSite\",\"@id\":\"https:\/\/www.medewo.com\/blog\/ch-fr\/#website\",\"url\":\"https:\/\/www.medewo.com\/blog\/ch-fr\/\",\"name\":\"MEDEWO Verpackungen\",\"description\":\"News\",\"publisher\":{\"@id\":\"https:\/\/www.medewo.com\/blog\/ch-fr\/#organization\"},\"potentialAction\":[{\"@type\":\"SearchAction\",\"target\":{\"@type\":\"EntryPoint\",\"urlTemplate\":\"https:\/\/www.medewo.com\/blog\/ch-fr\/?s={search_term_string}\"},\"query-input\":{\"@type\":\"PropertyValueSpecification\",\"valueRequired\":true,\"valueName\":\"search_term_string\"}}],\"inLanguage\":\"fr-CH\"},{\"@type\":\"Organization\",\"@id\":\"https:\/\/www.medewo.com\/blog\/ch-fr\/#organization\",\"name\":\"MEDEWO\",\"url\":\"https:\/\/www.medewo.com\/blog\/ch-fr\/\",\"logo\":{\"@type\":\"ImageObject\",\"inLanguage\":\"fr-CH\",\"@id\":\"https:\/\/www.medewo.com\/blog\/ch-fr\/#\/schema\/logo\/image\/\",\"url\":\"https:\/\/www.medewo.com\/blog\/wp-content\/uploads\/2023\/05\/medewo-logo-claim-2018-quer-RGB-FR.svg\",\"contentUrl\":\"https:\/\/www.medewo.com\/blog\/wp-content\/uploads\/2023\/05\/medewo-logo-claim-2018-quer-RGB-FR.svg\",\"width\":350,\"height\":63,\"caption\":\"MEDEWO\"},\"image\":{\"@id\":\"https:\/\/www.medewo.com\/blog\/ch-fr\/#\/schema\/logo\/image\/\"}},{\"@type\":\"Person\",\"@id\":\"https:\/\/www.medewo.com\/blog\/ch-fr\/#\/schema\/person\/095ac0edc7996da8d9076f1dd7628a02\",\"name\":\"Johanna Veh\",\"image\":{\"@type\":\"ImageObject\",\"inLanguage\":\"fr-CH\",\"@id\":\"https:\/\/www.medewo.com\/blog\/ch-fr\/#\/schema\/person\/image\/\",\"url\":\"https:\/\/secure.gravatar.com\/avatar\/34b1d372f4c5c8771c920d7185ad3cdbb4c0c74723f619ae116247c1940d52ec?s=96&d=blank&r=g\",\"contentUrl\":\"https:\/\/secure.gravatar.com\/avatar\/34b1d372f4c5c8771c920d7185ad3cdbb4c0c74723f619ae116247c1940d52ec?s=96&d=blank&r=g\",\"caption\":\"Johanna Veh\"}}]}<\/script>\n<!-- \/ Yoast SEO plugin. -->","yoast_head_json":{"title":"Recyclage du papier: ce qui se passe avec le ruban adh\u00e9sif & co.","description":"Dans le quotidien de l'emballage, les rubans adh\u00e9sifs & Co. sont coll\u00e9s sur les cartons ou les pochettes d'exp\u00e9dition. Qu'advient-il de ces substances lors du recyclage du vieux papier?","robots":{"index":"index","follow":"follow","max-snippet":"max-snippet:-1","max-image-preview":"max-image-preview:large","max-video-preview":"max-video-preview:-1"},"canonical":"https:\/\/www.medewo.com\/blog\/ch-fr\/solutions\/recyclage-papier\/","og_locale":"fr_FR","og_type":"article","og_title":"Recyclage du papier: ce qui se passe avec le ruban adh\u00e9sif & co.","og_description":"Dans le quotidien de l'emballage, les rubans adh\u00e9sifs & Co. sont coll\u00e9s sur les cartons ou les pochettes d'exp\u00e9dition. Qu'advient-il de ces substances lors du recyclage du vieux papier?","og_url":"https:\/\/www.medewo.com\/blog\/ch-fr\/solutions\/recyclage-papier\/","og_site_name":"MEDEWO Verpackungen","article_published_time":"2023-06-15T12:52:24+00:00","article_modified_time":"2024-01-30T13:24:30+00:00","og_image":[{"width":775,"height":519,"url":"https:\/\/www.medewo.com\/blog\/wp-content\/uploads\/2020\/06\/hb-papierrecycling.jpg","type":"image\/jpeg"}],"author":"Johanna Veh","twitter_card":"summary_large_image","twitter_misc":{"Written by":"Johanna Veh","Est. reading time":"4 minutes"},"schema":{"@context":"https:\/\/schema.org","@graph":[{"@type":"Article","@id":"https:\/\/www.medewo.com\/blog\/ch-fr\/solutions\/recyclage-papier\/#article","isPartOf":{"@id":"https:\/\/www.medewo.com\/blog\/ch-fr\/solutions\/recyclage-papier\/"},"author":{"name":"Johanna Veh","@id":"https:\/\/www.medewo.com\/blog\/ch-fr\/#\/schema\/person\/095ac0edc7996da8d9076f1dd7628a02"},"headline":"Recyclage du papier: ce qui se passe avec le ruban adh\u00e9sif &#038; co.","datePublished":"2023-06-15T12:52:24+00:00","dateModified":"2024-01-30T13:24:30+00:00","mainEntityOfPage":{"@id":"https:\/\/www.medewo.com\/blog\/ch-fr\/solutions\/recyclage-papier\/"},"wordCount":745,"commentCount":0,"publisher":{"@id":"https:\/\/www.medewo.com\/blog\/ch-fr\/#organization"},"image":{"@id":"https:\/\/www.medewo.com\/blog\/ch-fr\/solutions\/recyclage-papier\/#primaryimage"},"thumbnailUrl":"https:\/\/www.medewo.com\/blog\/wp-content\/uploads\/2020\/06\/hb-papierrecycling.jpg","articleSection":["Solutions"],"inLanguage":"fr-CH","potentialAction":[{"@type":"CommentAction","name":"Comment","target":["https:\/\/www.medewo.com\/blog\/ch-fr\/solutions\/recyclage-papier\/#respond"]}]},{"@type":"WebPage","@id":"https:\/\/www.medewo.com\/blog\/ch-fr\/solutions\/recyclage-papier\/","url":"https:\/\/www.medewo.com\/blog\/ch-fr\/solutions\/recyclage-papier\/","name":"Recyclage du papier: ce qui se passe avec le ruban adh\u00e9sif & co.","isPartOf":{"@id":"https:\/\/www.medewo.com\/blog\/ch-fr\/#website"},"primaryImageOfPage":{"@id":"https:\/\/www.medewo.com\/blog\/ch-fr\/solutions\/recyclage-papier\/#primaryimage"},"image":{"@id":"https:\/\/www.medewo.com\/blog\/ch-fr\/solutions\/recyclage-papier\/#primaryimage"},"thumbnailUrl":"https:\/\/www.medewo.com\/blog\/wp-content\/uploads\/2020\/06\/hb-papierrecycling.jpg","datePublished":"2023-06-15T12:52:24+00:00","dateModified":"2024-01-30T13:24:30+00:00","description":"Dans le quotidien de l'emballage, les rubans adh\u00e9sifs & Co. sont coll\u00e9s sur les cartons ou les pochettes d'exp\u00e9dition. Qu'advient-il de ces substances lors du recyclage du vieux papier?","breadcrumb":{"@id":"https:\/\/www.medewo.com\/blog\/ch-fr\/solutions\/recyclage-papier\/#breadcrumb"},"inLanguage":"fr-CH","potentialAction":[{"@type":"ReadAction","target":["https:\/\/www.medewo.com\/blog\/ch-fr\/solutions\/recyclage-papier\/"]}]},{"@type":"ImageObject","inLanguage":"fr-CH","@id":"https:\/\/www.medewo.com\/blog\/ch-fr\/solutions\/recyclage-papier\/#primaryimage","url":"https:\/\/www.medewo.com\/blog\/wp-content\/uploads\/2020\/06\/hb-papierrecycling.jpg","contentUrl":"https:\/\/www.medewo.com\/blog\/wp-content\/uploads\/2020\/06\/hb-papierrecycling.jpg","width":775,"height":519},{"@type":"BreadcrumbList","@id":"https:\/\/www.medewo.com\/blog\/ch-fr\/solutions\/recyclage-papier\/#breadcrumb","itemListElement":[{"@type":"ListItem","position":1,"name":"Startseite","item":"https:\/\/www.medewo.com\/blog\/ch-fr\/"},{"@type":"ListItem","position":2,"name":"Recyclage du papier: ce qui se passe avec le ruban adh\u00e9sif &#038; co."}]},{"@type":"WebSite","@id":"https:\/\/www.medewo.com\/blog\/ch-fr\/#website","url":"https:\/\/www.medewo.com\/blog\/ch-fr\/","name":"MEDEWO Verpackungen","description":"News","publisher":{"@id":"https:\/\/www.medewo.com\/blog\/ch-fr\/#organization"},"potentialAction":[{"@type":"SearchAction","target":{"@type":"EntryPoint","urlTemplate":"https:\/\/www.medewo.com\/blog\/ch-fr\/?s={search_term_string}"},"query-input":{"@type":"PropertyValueSpecification","valueRequired":true,"valueName":"search_term_string"}}],"inLanguage":"fr-CH"},{"@type":"Organization","@id":"https:\/\/www.medewo.com\/blog\/ch-fr\/#organization","name":"MEDEWO","url":"https:\/\/www.medewo.com\/blog\/ch-fr\/","logo":{"@type":"ImageObject","inLanguage":"fr-CH","@id":"https:\/\/www.medewo.com\/blog\/ch-fr\/#\/schema\/logo\/image\/","url":"https:\/\/www.medewo.com\/blog\/wp-content\/uploads\/2023\/05\/medewo-logo-claim-2018-quer-RGB-FR.svg","contentUrl":"https:\/\/www.medewo.com\/blog\/wp-content\/uploads\/2023\/05\/medewo-logo-claim-2018-quer-RGB-FR.svg","width":350,"height":63,"caption":"MEDEWO"},"image":{"@id":"https:\/\/www.medewo.com\/blog\/ch-fr\/#\/schema\/logo\/image\/"}},{"@type":"Person","@id":"https:\/\/www.medewo.com\/blog\/ch-fr\/#\/schema\/person\/095ac0edc7996da8d9076f1dd7628a02","name":"Johanna Veh","image":{"@type":"ImageObject","inLanguage":"fr-CH","@id":"https:\/\/www.medewo.com\/blog\/ch-fr\/#\/schema\/person\/image\/","url":"https:\/\/secure.gravatar.com\/avatar\/34b1d372f4c5c8771c920d7185ad3cdbb4c0c74723f619ae116247c1940d52ec?s=96&d=blank&r=g","contentUrl":"https:\/\/secure.gravatar.com\/avatar\/34b1d372f4c5c8771c920d7185ad3cdbb4c0c74723f619ae116247c1940d52ec?s=96&d=blank&r=g","caption":"Johanna Veh"}}]}},"magento_index":true,"_links":{"self":[{"href":"https:\/\/www.medewo.com\/blog\/ch-fr\/wp-json\/wp\/v2\/posts\/25453","targetHints":{"allow":["GET"]}}],"collection":[{"href":"https:\/\/www.medewo.com\/blog\/ch-fr\/wp-json\/wp\/v2\/posts"}],"about":[{"href":"https:\/\/www.medewo.com\/blog\/ch-fr\/wp-json\/wp\/v2\/types\/post"}],"author":[{"embeddable":true,"href":"https:\/\/www.medewo.com\/blog\/ch-fr\/wp-json\/wp\/v2\/users\/46"}],"replies":[{"embeddable":true,"href":"https:\/\/www.medewo.com\/blog\/ch-fr\/wp-json\/wp\/v2\/comments?post=25453"}],"version-history":[{"count":23,"href":"https:\/\/www.medewo.com\/blog\/ch-fr\/wp-json\/wp\/v2\/posts\/25453\/revisions"}],"predecessor-version":[{"id":30730,"href":"https:\/\/www.medewo.com\/blog\/ch-fr\/wp-json\/wp\/v2\/posts\/25453\/revisions\/30730"}],"wp:featuredmedia":[{"embeddable":true,"href":"https:\/\/www.medewo.com\/blog\/ch-fr\/wp-json\/wp\/v2\/media\/25460"}],"wp:attachment":[{"href":"https:\/\/www.medewo.com\/blog\/ch-fr\/wp-json\/wp\/v2\/media?parent=25453"}],"wp:term":[{"taxonomy":"category","embeddable":true,"href":"https:\/\/www.medewo.com\/blog\/ch-fr\/wp-json\/wp\/v2\/categories?post=25453"},{"taxonomy":"post_tag","embeddable":true,"href":"https:\/\/www.medewo.com\/blog\/ch-fr\/wp-json\/wp\/v2\/tags?post=25453"},{"taxonomy":"m2-product-id","embeddable":true,"href":"https:\/\/www.medewo.com\/blog\/ch-fr\/wp-json\/wp\/v2\/m2-product-id?post=25453"}],"curies":[{"name":"wp","href":"https:\/\/api.w.org\/{rel}","templated":true}]}}