{"id":34767,"date":"2025-03-13T10:00:20","date_gmt":"2025-03-13T09:00:20","guid":{"rendered":"https:\/\/www.medewo.com\/blog\/?p=34767"},"modified":"2025-03-14T09:25:52","modified_gmt":"2025-03-14T08:25:52","slug":"spezialkatalog-2025-spedition-und-versand","status":"publish","type":"post","link":"https:\/\/www.medewo.com\/blog\/ch-de\/kataloge\/spezialkatalog-2025-spedition-und-versand\/","title":{"rendered":"Spezialkatalog 2025 \u2013 Spedition und Versand"},"content":{"rendered":"<div class=\"wpb-content-wrapper\"><p>[vc_row][vc_column][vc_custom_heading text=&#187;Unsere bew\u00e4hrtesten Verpackungen f\u00fcr Spedition und Versand&#187; use_theme_fonts=&#187;yes&#187; css=&#187;&#187;][\/vc_column][\/vc_row][vc_row][vc_column][vc_empty_space height=&#187;16px&#187;][vc_column_text css=&#187;&#187;]Sicher und professionell verpacken ist das A und O f\u00fcr einen stilvollen Auftritt bei Ihren Kunden. Machen Sie Ihre Speditions- und Versandprozesse noch effizienter und entdecken Sie unsere idealen Verpackungen f\u00fcr Ihren Einsatz mit innovativen Materialien, trendigen Designs und praktischen L\u00f6sungen. Lassen Sie sich inspirieren und entdecken Sie jetzt die Highlights unseres Vollsortiments mit \u00fcber 4.000 Artikeln in unserem <a href=\"https:\/\/www.medewo.com\/ch\" target=\"_blank\" rel=\"noopener\">Web-Shop<\/a>.[\/vc_column_text][vc_empty_space][\/vc_column][\/vc_row][vc_row][vc_column][vc_wp_text]<\/p>\n<div style=\"position: relative; padding-top: max(60%,326px); height: 0; width: 100%;\"><iframe style=\"position: absolute; border: none; width: 100%; height: 100%; left: 0; right: 0; top: 0; bottom: 0;\" src=\"https:\/\/e.issuu.com\/embed.html?d=spezialkatalog_2025_-_spedition_und_versand_ch_&amp;hideIssuuLogo=true&amp;u=medewo-rausch\" sandbox=\"allow-top-navigation allow-top-navigation-by-user-activation allow-downloads allow-scripts allow-same-origin allow-popups allow-modals allow-popups-to-escape-sandbox allow-forms\" allowfullscreen=\"allowfullscreen\"><\/iframe><\/div>\n<p>[\/vc_wp_text][\/vc_column][\/vc_row][vc_row][vc_column][vc_empty_space height=&#187;35 px&#187;][\/vc_column][\/vc_row][vc_row][vc_column][vc_column_text css=&#187;&#187;]Der dargestellte Katalog zum Bl\u00e4ttern zeigt unseren gedruckten Spezialkatalog \u00abVerpackt wie ein Star &#8211; f\u00fcr einen stilvollen &amp; sicheren Auftritt\u00bb (Stand M\u00e4rz 2025). <a href=\"https:\/\/www.medewo.com\/ch\/neuheiten\/\" target=\"_blank\" rel=\"noopener\">Neuheiten<\/a> sowie aktuell g\u00fcltige Preise finden Sie in unserem <a href=\"https:\/\/www.medewo.com\/ch\" target=\"_blank\" rel=\"noopener\">Web-Shop<\/a>.<br \/>\nDownload: Oben im Bl\u00e4tterkatalog finden Sie<strong> in der unteren rechten Ecke<\/strong> die Download-Funktion.[\/vc_column_text][vc_empty_space height=&#187;35px&#187;][\/vc_column][\/vc_row][vc_row][vc_column width=&#187;1\/3&#8243;][vc_empty_space height=&#187;9px&#187;][vc_single_image image=&#187;21613&#8243; img_size=&#187;&#187;][\/vc_column][vc_column width=&#187;2\/3&#8243;][vc_column_text]<strong>Entdecken Sie unseren Web-Shop mit \u00fcber 4&#8217;000 Verpackungsl\u00f6sungen<\/strong><\/p>\n<ul>\n<li>umfangreiches Lagersortiment \u2013 auch in kleinen Mengen<\/li>\n<li>grosse Auswahl an nachhaltigen und ressourcenschonenden Verpackungen<\/li>\n<li>schnelle Lieferung in 24h<\/li>\n<li>gratis Muster \u2013 gepr\u00fcfte Qualit\u00e4t &amp; innovative Materialien<\/li>\n<li>fachkundige Beratung \u2013 \u00fcber 40 Jahre Erfahrung<\/li>\n<\/ul>\n<p>[\/vc_column_text][vc_empty_space]<style type=\"text\/css\" data-type=\"the7_shortcodes-inline-css\">#default-btn-7515633c9a5f8c3cfabc2ed4979ec6c7.ico-right-side > i {\n  margin-right: 0px;\n  margin-left: 8px;\n}\n#default-btn-7515633c9a5f8c3cfabc2ed4979ec6c7 > i {\n  margin-right: 8px;\n}<\/style><a href=\"https:\/\/www.medewo.com\/ch\/\" class=\"default-btn-shortcode dt-btn dt-btn-m link-hover-off btn-inline-left \" target=\"_blank\" id=\"default-btn-7515633c9a5f8c3cfabc2ed4979ec6c7\" title=\"zum MEDEWO Web-Shop\" rel=\"noopener\"><span>Jetzt MEDEWO Web-Shop entdecken<\/span><\/a>[vc_empty_space][\/vc_column][\/vc_row][vc_row][vc_column][vc_empty_space height=&#187;30px&#187;][\/vc_column][\/vc_row][vc_row][vc_column el_class=&#187;infobox-image&#187;]<div class=\"ult-content-box-container \" >\t\t<div class=\"ult-content-box\" style=\"box-shadow: px px px px none;border-style:solid;border-radius:0px;border-color:#ffffff;padding:0px;margin:0px;-webkit-transition: all 700ms ease;-moz-transition: all 700ms ease;-ms-transition: all 700ms ease;-o-transition: all 700ms ease;transition: all 700ms ease;\"  data-hover_box_shadow=\"none\"   data-responsive_margins=\"margin:0px;\"   data-normal_margins=\"margin:0px;\"   data-border_color=\"#ffffff\" >[vc_cta h2=&#187;&#187; shape=&#187;square&#187; el_class=&#187;infobox-text&#187;]<strong>Sie w\u00fcnschen sich eine fachkundige Beratung?<\/strong><\/p>\n<p>Seit \u00fcber 40 Jahren beraten wir Industrie, Handel, Gewerbe und selbstst\u00e4ndige und viele andere Branchen rund um das Thema Transportverpackungen.<\/p>\n<p>Nutzen Sie auch ihre Verpackung als Werbetr\u00e4ger und lassen Sie diese mit Ihrem Design und Logo bedrucken. Gerne beraten unsere Fachspezialisten Sie auch bei der Wahl der geeigneten Verpackung.<\/p>\n<p><a href=\"https:\/\/www.medewo.com\/blog\/ch-de\/kontakt\/\">Jetzt Beratung anfordern<\/a>[\/vc_cta]\t\t<\/div><\/div>[vc_empty_space height=&#187;50px&#187;][\/vc_column][\/vc_row][vc_row][vc_column width=&#187;2\/5&#8243;][vc_empty_space][vc_single_image image=&#187;12038&#8243; img_size=&#187;full&#187; css=&#187;&#187;][\/vc_column][vc_column width=&#187;3\/5&#8243;][vc_custom_heading text=&#187;Das optimale Umreifungsband&#187; use_theme_fonts=&#187;yes&#187; css=&#187;&#187;][vc_column_text css=&#187;&#187;]Umreifungsb\u00e4nder bieten eine hohe Sicherheit und Stabilit\u00e4t f\u00fcr Ihre Ladung. Unter anderem verhindern diese auch das Umkippen, Verrutschen oder das unbemerkte \u00d6ffnen Ihrer Ware. Hierbei reichen die Umreifungsb\u00e4ndern von Papier bis hin zu Stahl und k\u00f6nnen je nach Material f\u00fcr leichte Palettenware bis hin zu schwereren G\u00fctern verwendet werden.<\/p>\n<p>Welche genauen Umreifungsb\u00e4nder Sie bei uns finden, wie Sie diese korrekt anwenden und welche Vorteile diese mit sich bringen, finden Sie in unserem Blog-Beitrag.[\/vc_column_text][vc_empty_space height=&#187;12px&#187;]<style type=\"text\/css\" data-type=\"the7_shortcodes-inline-css\">#default-btn-9c29efba01d52dfa95c9a071d7266793.ico-right-side > i {\n  margin-right: 0px;\n  margin-left: 8px;\n}\n#default-btn-9c29efba01d52dfa95c9a071d7266793 > i {\n  margin-right: 8px;\n}<\/style><a href=\"https:\/\/www.medewo.com\/blog\/ch-de\/produkte\/das-optimale-umreifungsband-fuer-ihre-anwendung\/\" class=\"default-btn-shortcode dt-btn dt-btn-m link-hover-off btn-inline-left \" target=\"_blank\" id=\"default-btn-9c29efba01d52dfa95c9a071d7266793\" title=\"Zu allen Neuheiten\" rel=\"noopener\"><span>Zum Blog-Artikel<\/span><\/a>[vc_empty_space height=&#187;35px&#187;][\/vc_column][\/vc_row][vc_row][vc_column][vc_empty_space][\/vc_column][\/vc_row][vc_row][vc_column][vc_custom_heading text=&#187;Hier finden Sie ausgew\u00e4hlte Neuheiten aus diesem Spezialkatalog&#187; use_theme_fonts=&#187;yes&#187;][vc_empty_space height=&#187;12px&#187;][vc_column_text css=&#187;&#187;]SHORTCODE in REST Request entfernt[\/vc_column_text][vc_empty_space]<style type=\"text\/css\" data-type=\"the7_shortcodes-inline-css\">#default-btn-7515633c9a5f8c3cfabc2ed4979ec6c7.ico-right-side > i {\n  margin-right: 0px;\n  margin-left: 8px;\n}\n#default-btn-7515633c9a5f8c3cfabc2ed4979ec6c7 > i {\n  margin-right: 8px;\n}<\/style><a href=\"https:\/\/www.medewo.com\/ch\/\" class=\"default-btn-shortcode dt-btn dt-btn-m link-hover-off btn-inline-left \" target=\"_blank\" id=\"default-btn-7515633c9a5f8c3cfabc2ed4979ec6c7\" title=\"zum MEDEWO Web-Shop\" rel=\"noopener\"><span>Web-Shop entdecken<\/span><\/a>[\/vc_column][\/vc_row]<\/p>\n<\/div>","protected":false},"excerpt":{"rendered":"<p>[vc_row][vc_column][vc_custom_heading text=&#187;Unsere bew\u00e4hrtesten Verpackungen f\u00fcr Spedition und Versand&#187; use_theme_fonts=&#187;yes&#187; css=&#187;&#187;][\/vc_column][\/vc_row][vc_row][vc_column][vc_empty_space height=&#187;16px&#187;][vc_column_text css=&#187;&#187;]Sicher und professionell verpacken ist das A und O f\u00fcr einen stilvollen Auftritt bei Ihren Kunden. Machen Sie Ihre Speditions- und Versandprozesse noch effizienter und entdecken Sie unsere idealen Verpackungen f\u00fcr Ihren Einsatz mit innovativen Materialien, trendigen Designs und praktischen L\u00f6sungen. Lassen Sie sich&hellip;<\/p>\n","protected":false},"author":72,"featured_media":34845,"comment_status":"open","ping_status":"closed","sticky":false,"template":"","format":"standard","meta":{"pgc_sgb_lightbox_settings":"","footnotes":""},"categories":[4631],"tags":[],"m2-product-id":[],"class_list":["post-34767","post","type-post","status-publish","format-standard","has-post-thumbnail","hentry","category-kataloge","category-4631","description-off"],"yoast_head":"<!-- This site is optimized with the Yoast SEO plugin v27.1.1 - https:\/\/yoast.com\/product\/yoast-seo-wordpress\/ -->\n<title>Spezialkatalog 2025 \u2013 Spedition und Versand - MEDEWO Verpackungen<\/title>\n<meta name=\"robots\" content=\"index, follow, max-snippet:-1, max-image-preview:large, max-video-preview:-1\" \/>\n<link rel=\"canonical\" href=\"https:\/\/www.medewo.com\/blog\/ch-de\/kataloge\/spezialkatalog-2025-spedition-und-versand\/\" \/>\n<meta property=\"og:locale\" content=\"de_DE\" \/>\n<meta property=\"og:type\" content=\"article\" \/>\n<meta property=\"og:title\" content=\"Spezialkatalog 2025 \u2013 Spedition und Versand - MEDEWO Verpackungen\" \/>\n<meta property=\"og:description\" content=\"[vc_row][vc_column][vc_custom_heading text=&#187;Unsere bew\u00e4hrtesten Verpackungen f\u00fcr Spedition und Versand&#187; use_theme_fonts=&#187;yes&#187; css=&#187;&#187;][\/vc_column][\/vc_row][vc_row][vc_column][vc_empty_space height=&#187;16px&#187;][vc_column_text css=&#187;&#187;]Sicher und professionell verpacken ist das A und O f\u00fcr einen stilvollen Auftritt bei Ihren Kunden. Machen Sie Ihre Speditions- und Versandprozesse noch effizienter und entdecken Sie unsere idealen Verpackungen f\u00fcr Ihren Einsatz mit innovativen Materialien, trendigen Designs und praktischen L\u00f6sungen. Lassen Sie sich&hellip;\" \/>\n<meta property=\"og:url\" content=\"https:\/\/www.medewo.com\/blog\/ch-de\/kataloge\/spezialkatalog-2025-spedition-und-versand\/\" \/>\n<meta property=\"og:site_name\" content=\"MEDEWO Verpackungen\" \/>\n<meta property=\"article:published_time\" content=\"2025-03-13T09:00:20+00:00\" \/>\n<meta property=\"article:modified_time\" content=\"2025-03-14T08:25:52+00:00\" \/>\n<meta property=\"og:image\" content=\"https:\/\/www.medewo.com\/blog\/wp-content\/uploads\/2025\/03\/TM2_Hauptbild-MEDEWO-Blog-1.jpg\" \/>\n\t<meta property=\"og:image:width\" content=\"775\" \/>\n\t<meta property=\"og:image:height\" content=\"519\" \/>\n\t<meta property=\"og:image:type\" content=\"image\/jpeg\" \/>\n<meta name=\"author\" content=\"Asia Filisone\" \/>\n<meta name=\"twitter:card\" content=\"summary_large_image\" \/>\n<meta name=\"twitter:label1\" content=\"Geschrieben von\" \/>\n\t<meta name=\"twitter:data1\" content=\"Asia Filisone\" \/>\n\t<meta name=\"twitter:label2\" content=\"Gesch\u00e4tzte Lesezeit\" \/>\n\t<meta name=\"twitter:data2\" content=\"3\u00a0Minuten\" \/>\n<script type=\"application\/ld+json\" class=\"yoast-schema-graph\">{\"@context\":\"https:\/\/schema.org\",\"@graph\":[{\"@type\":\"Article\",\"@id\":\"https:\/\/www.medewo.com\/blog\/ch-de\/kataloge\/spezialkatalog-2025-spedition-und-versand\/#article\",\"isPartOf\":{\"@id\":\"https:\/\/www.medewo.com\/blog\/ch-de\/kataloge\/spezialkatalog-2025-spedition-und-versand\/\"},\"author\":{\"name\":\"Asia Filisone\",\"@id\":\"https:\/\/www.medewo.com\/blog\/ch-de\/#\/schema\/person\/7f08c3a53edb34f04a1684684cc5a9e5\"},\"headline\":\"Spezialkatalog 2025 \u2013 Spedition und Versand\",\"datePublished\":\"2025-03-13T09:00:20+00:00\",\"dateModified\":\"2025-03-14T08:25:52+00:00\",\"mainEntityOfPage\":{\"@id\":\"https:\/\/www.medewo.com\/blog\/ch-de\/kataloge\/spezialkatalog-2025-spedition-und-versand\/\"},\"wordCount\":718,\"commentCount\":0,\"publisher\":{\"@id\":\"https:\/\/www.medewo.com\/blog\/ch-de\/#organization\"},\"image\":{\"@id\":\"https:\/\/www.medewo.com\/blog\/ch-de\/kataloge\/spezialkatalog-2025-spedition-und-versand\/#primaryimage\"},\"thumbnailUrl\":\"https:\/\/www.medewo.com\/blog\/wp-content\/uploads\/2025\/03\/TM2_Hauptbild-MEDEWO-Blog-1.jpg\",\"articleSection\":[\"Kataloge\"],\"inLanguage\":\"de-CH\",\"potentialAction\":[{\"@type\":\"CommentAction\",\"name\":\"Comment\",\"target\":[\"https:\/\/www.medewo.com\/blog\/ch-de\/kataloge\/spezialkatalog-2025-spedition-und-versand\/#respond\"]}]},{\"@type\":\"WebPage\",\"@id\":\"https:\/\/www.medewo.com\/blog\/ch-de\/kataloge\/spezialkatalog-2025-spedition-und-versand\/\",\"url\":\"https:\/\/www.medewo.com\/blog\/ch-de\/kataloge\/spezialkatalog-2025-spedition-und-versand\/\",\"name\":\"Spezialkatalog 2025 \u2013 Spedition und Versand - MEDEWO Verpackungen\",\"isPartOf\":{\"@id\":\"https:\/\/www.medewo.com\/blog\/ch-de\/#website\"},\"primaryImageOfPage\":{\"@id\":\"https:\/\/www.medewo.com\/blog\/ch-de\/kataloge\/spezialkatalog-2025-spedition-und-versand\/#primaryimage\"},\"image\":{\"@id\":\"https:\/\/www.medewo.com\/blog\/ch-de\/kataloge\/spezialkatalog-2025-spedition-und-versand\/#primaryimage\"},\"thumbnailUrl\":\"https:\/\/www.medewo.com\/blog\/wp-content\/uploads\/2025\/03\/TM2_Hauptbild-MEDEWO-Blog-1.jpg\",\"datePublished\":\"2025-03-13T09:00:20+00:00\",\"dateModified\":\"2025-03-14T08:25:52+00:00\",\"breadcrumb\":{\"@id\":\"https:\/\/www.medewo.com\/blog\/ch-de\/kataloge\/spezialkatalog-2025-spedition-und-versand\/#breadcrumb\"},\"inLanguage\":\"de-CH\",\"potentialAction\":[{\"@type\":\"ReadAction\",\"target\":[\"https:\/\/www.medewo.com\/blog\/ch-de\/kataloge\/spezialkatalog-2025-spedition-und-versand\/\"]}]},{\"@type\":\"ImageObject\",\"inLanguage\":\"de-CH\",\"@id\":\"https:\/\/www.medewo.com\/blog\/ch-de\/kataloge\/spezialkatalog-2025-spedition-und-versand\/#primaryimage\",\"url\":\"https:\/\/www.medewo.com\/blog\/wp-content\/uploads\/2025\/03\/TM2_Hauptbild-MEDEWO-Blog-1.jpg\",\"contentUrl\":\"https:\/\/www.medewo.com\/blog\/wp-content\/uploads\/2025\/03\/TM2_Hauptbild-MEDEWO-Blog-1.jpg\",\"width\":775,\"height\":519},{\"@type\":\"BreadcrumbList\",\"@id\":\"https:\/\/www.medewo.com\/blog\/ch-de\/kataloge\/spezialkatalog-2025-spedition-und-versand\/#breadcrumb\",\"itemListElement\":[{\"@type\":\"ListItem\",\"position\":1,\"name\":\"Startseite\",\"item\":\"https:\/\/www.medewo.com\/blog\/ch-de\/\"},{\"@type\":\"ListItem\",\"position\":2,\"name\":\"Spezialkatalog 2025 \u2013 Spedition und Versand\"}]},{\"@type\":\"WebSite\",\"@id\":\"https:\/\/www.medewo.com\/blog\/ch-de\/#website\",\"url\":\"https:\/\/www.medewo.com\/blog\/ch-de\/\",\"name\":\"MEDEWO Verpackungen\",\"description\":\"News\",\"publisher\":{\"@id\":\"https:\/\/www.medewo.com\/blog\/ch-de\/#organization\"},\"potentialAction\":[{\"@type\":\"SearchAction\",\"target\":{\"@type\":\"EntryPoint\",\"urlTemplate\":\"https:\/\/www.medewo.com\/blog\/ch-de\/?s={search_term_string}\"},\"query-input\":{\"@type\":\"PropertyValueSpecification\",\"valueRequired\":true,\"valueName\":\"search_term_string\"}}],\"inLanguage\":\"de-CH\"},{\"@type\":\"Organization\",\"@id\":\"https:\/\/www.medewo.com\/blog\/ch-de\/#organization\",\"name\":\"MEDEWO\",\"url\":\"https:\/\/www.medewo.com\/blog\/ch-de\/\",\"logo\":{\"@type\":\"ImageObject\",\"inLanguage\":\"de-CH\",\"@id\":\"https:\/\/www.medewo.com\/blog\/ch-de\/#\/schema\/logo\/image\/\",\"url\":\"https:\/\/www.medewo.com\/blog\/wp-content\/uploads\/2022\/03\/medewo-logo-claim-quer-2.png\",\"contentUrl\":\"https:\/\/www.medewo.com\/blog\/wp-content\/uploads\/2022\/03\/medewo-logo-claim-quer-2.png\",\"width\":350,\"height\":63,\"caption\":\"MEDEWO\"},\"image\":{\"@id\":\"https:\/\/www.medewo.com\/blog\/ch-de\/#\/schema\/logo\/image\/\"}},{\"@type\":\"Person\",\"@id\":\"https:\/\/www.medewo.com\/blog\/ch-de\/#\/schema\/person\/7f08c3a53edb34f04a1684684cc5a9e5\",\"name\":\"Asia Filisone\",\"image\":{\"@type\":\"ImageObject\",\"inLanguage\":\"de-CH\",\"@id\":\"https:\/\/www.medewo.com\/blog\/ch-de\/#\/schema\/person\/image\/\",\"url\":\"https:\/\/secure.gravatar.com\/avatar\/020f8415b64fded4bfbe608bb42b3213f4c7a196dc17e80b6d3b258799294c06?s=96&d=blank&r=g\",\"contentUrl\":\"https:\/\/secure.gravatar.com\/avatar\/020f8415b64fded4bfbe608bb42b3213f4c7a196dc17e80b6d3b258799294c06?s=96&d=blank&r=g\",\"caption\":\"Asia Filisone\"}}]}<\/script>\n<!-- \/ Yoast SEO plugin. -->","yoast_head_json":{"title":"Spezialkatalog 2025 \u2013 Spedition und Versand - MEDEWO Verpackungen","robots":{"index":"index","follow":"follow","max-snippet":"max-snippet:-1","max-image-preview":"max-image-preview:large","max-video-preview":"max-video-preview:-1"},"canonical":"https:\/\/www.medewo.com\/blog\/ch-de\/kataloge\/spezialkatalog-2025-spedition-und-versand\/","og_locale":"de_DE","og_type":"article","og_title":"Spezialkatalog 2025 \u2013 Spedition und Versand - MEDEWO Verpackungen","og_description":"[vc_row][vc_column][vc_custom_heading text=&#187;Unsere bew\u00e4hrtesten Verpackungen f\u00fcr Spedition und Versand&#187; use_theme_fonts=&#187;yes&#187; css=&#187;&#187;][\/vc_column][\/vc_row][vc_row][vc_column][vc_empty_space height=&#187;16px&#187;][vc_column_text css=&#187;&#187;]Sicher und professionell verpacken ist das A und O f\u00fcr einen stilvollen Auftritt bei Ihren Kunden. Machen Sie Ihre Speditions- und Versandprozesse noch effizienter und entdecken Sie unsere idealen Verpackungen f\u00fcr Ihren Einsatz mit innovativen Materialien, trendigen Designs und praktischen L\u00f6sungen. Lassen Sie sich&hellip;","og_url":"https:\/\/www.medewo.com\/blog\/ch-de\/kataloge\/spezialkatalog-2025-spedition-und-versand\/","og_site_name":"MEDEWO Verpackungen","article_published_time":"2025-03-13T09:00:20+00:00","article_modified_time":"2025-03-14T08:25:52+00:00","og_image":[{"width":775,"height":519,"url":"https:\/\/www.medewo.com\/blog\/wp-content\/uploads\/2025\/03\/TM2_Hauptbild-MEDEWO-Blog-1.jpg","type":"image\/jpeg"}],"author":"Asia Filisone","twitter_card":"summary_large_image","twitter_misc":{"Geschrieben von":"Asia Filisone","Gesch\u00e4tzte Lesezeit":"3\u00a0Minuten"},"schema":{"@context":"https:\/\/schema.org","@graph":[{"@type":"Article","@id":"https:\/\/www.medewo.com\/blog\/ch-de\/kataloge\/spezialkatalog-2025-spedition-und-versand\/#article","isPartOf":{"@id":"https:\/\/www.medewo.com\/blog\/ch-de\/kataloge\/spezialkatalog-2025-spedition-und-versand\/"},"author":{"name":"Asia Filisone","@id":"https:\/\/www.medewo.com\/blog\/ch-de\/#\/schema\/person\/7f08c3a53edb34f04a1684684cc5a9e5"},"headline":"Spezialkatalog 2025 \u2013 Spedition und Versand","datePublished":"2025-03-13T09:00:20+00:00","dateModified":"2025-03-14T08:25:52+00:00","mainEntityOfPage":{"@id":"https:\/\/www.medewo.com\/blog\/ch-de\/kataloge\/spezialkatalog-2025-spedition-und-versand\/"},"wordCount":718,"commentCount":0,"publisher":{"@id":"https:\/\/www.medewo.com\/blog\/ch-de\/#organization"},"image":{"@id":"https:\/\/www.medewo.com\/blog\/ch-de\/kataloge\/spezialkatalog-2025-spedition-und-versand\/#primaryimage"},"thumbnailUrl":"https:\/\/www.medewo.com\/blog\/wp-content\/uploads\/2025\/03\/TM2_Hauptbild-MEDEWO-Blog-1.jpg","articleSection":["Kataloge"],"inLanguage":"de-CH","potentialAction":[{"@type":"CommentAction","name":"Comment","target":["https:\/\/www.medewo.com\/blog\/ch-de\/kataloge\/spezialkatalog-2025-spedition-und-versand\/#respond"]}]},{"@type":"WebPage","@id":"https:\/\/www.medewo.com\/blog\/ch-de\/kataloge\/spezialkatalog-2025-spedition-und-versand\/","url":"https:\/\/www.medewo.com\/blog\/ch-de\/kataloge\/spezialkatalog-2025-spedition-und-versand\/","name":"Spezialkatalog 2025 \u2013 Spedition und Versand - MEDEWO Verpackungen","isPartOf":{"@id":"https:\/\/www.medewo.com\/blog\/ch-de\/#website"},"primaryImageOfPage":{"@id":"https:\/\/www.medewo.com\/blog\/ch-de\/kataloge\/spezialkatalog-2025-spedition-und-versand\/#primaryimage"},"image":{"@id":"https:\/\/www.medewo.com\/blog\/ch-de\/kataloge\/spezialkatalog-2025-spedition-und-versand\/#primaryimage"},"thumbnailUrl":"https:\/\/www.medewo.com\/blog\/wp-content\/uploads\/2025\/03\/TM2_Hauptbild-MEDEWO-Blog-1.jpg","datePublished":"2025-03-13T09:00:20+00:00","dateModified":"2025-03-14T08:25:52+00:00","breadcrumb":{"@id":"https:\/\/www.medewo.com\/blog\/ch-de\/kataloge\/spezialkatalog-2025-spedition-und-versand\/#breadcrumb"},"inLanguage":"de-CH","potentialAction":[{"@type":"ReadAction","target":["https:\/\/www.medewo.com\/blog\/ch-de\/kataloge\/spezialkatalog-2025-spedition-und-versand\/"]}]},{"@type":"ImageObject","inLanguage":"de-CH","@id":"https:\/\/www.medewo.com\/blog\/ch-de\/kataloge\/spezialkatalog-2025-spedition-und-versand\/#primaryimage","url":"https:\/\/www.medewo.com\/blog\/wp-content\/uploads\/2025\/03\/TM2_Hauptbild-MEDEWO-Blog-1.jpg","contentUrl":"https:\/\/www.medewo.com\/blog\/wp-content\/uploads\/2025\/03\/TM2_Hauptbild-MEDEWO-Blog-1.jpg","width":775,"height":519},{"@type":"BreadcrumbList","@id":"https:\/\/www.medewo.com\/blog\/ch-de\/kataloge\/spezialkatalog-2025-spedition-und-versand\/#breadcrumb","itemListElement":[{"@type":"ListItem","position":1,"name":"Startseite","item":"https:\/\/www.medewo.com\/blog\/ch-de\/"},{"@type":"ListItem","position":2,"name":"Spezialkatalog 2025 \u2013 Spedition und Versand"}]},{"@type":"WebSite","@id":"https:\/\/www.medewo.com\/blog\/ch-de\/#website","url":"https:\/\/www.medewo.com\/blog\/ch-de\/","name":"MEDEWO Verpackungen","description":"News","publisher":{"@id":"https:\/\/www.medewo.com\/blog\/ch-de\/#organization"},"potentialAction":[{"@type":"SearchAction","target":{"@type":"EntryPoint","urlTemplate":"https:\/\/www.medewo.com\/blog\/ch-de\/?s={search_term_string}"},"query-input":{"@type":"PropertyValueSpecification","valueRequired":true,"valueName":"search_term_string"}}],"inLanguage":"de-CH"},{"@type":"Organization","@id":"https:\/\/www.medewo.com\/blog\/ch-de\/#organization","name":"MEDEWO","url":"https:\/\/www.medewo.com\/blog\/ch-de\/","logo":{"@type":"ImageObject","inLanguage":"de-CH","@id":"https:\/\/www.medewo.com\/blog\/ch-de\/#\/schema\/logo\/image\/","url":"https:\/\/www.medewo.com\/blog\/wp-content\/uploads\/2022\/03\/medewo-logo-claim-quer-2.png","contentUrl":"https:\/\/www.medewo.com\/blog\/wp-content\/uploads\/2022\/03\/medewo-logo-claim-quer-2.png","width":350,"height":63,"caption":"MEDEWO"},"image":{"@id":"https:\/\/www.medewo.com\/blog\/ch-de\/#\/schema\/logo\/image\/"}},{"@type":"Person","@id":"https:\/\/www.medewo.com\/blog\/ch-de\/#\/schema\/person\/7f08c3a53edb34f04a1684684cc5a9e5","name":"Asia Filisone","image":{"@type":"ImageObject","inLanguage":"de-CH","@id":"https:\/\/www.medewo.com\/blog\/ch-de\/#\/schema\/person\/image\/","url":"https:\/\/secure.gravatar.com\/avatar\/020f8415b64fded4bfbe608bb42b3213f4c7a196dc17e80b6d3b258799294c06?s=96&d=blank&r=g","contentUrl":"https:\/\/secure.gravatar.com\/avatar\/020f8415b64fded4bfbe608bb42b3213f4c7a196dc17e80b6d3b258799294c06?s=96&d=blank&r=g","caption":"Asia Filisone"}}]}},"magento_index":false,"_links":{"self":[{"href":"https:\/\/www.medewo.com\/blog\/ch-de\/wp-json\/wp\/v2\/posts\/34767","targetHints":{"allow":["GET"]}}],"collection":[{"href":"https:\/\/www.medewo.com\/blog\/ch-de\/wp-json\/wp\/v2\/posts"}],"about":[{"href":"https:\/\/www.medewo.com\/blog\/ch-de\/wp-json\/wp\/v2\/types\/post"}],"author":[{"embeddable":true,"href":"https:\/\/www.medewo.com\/blog\/ch-de\/wp-json\/wp\/v2\/users\/72"}],"replies":[{"embeddable":true,"href":"https:\/\/www.medewo.com\/blog\/ch-de\/wp-json\/wp\/v2\/comments?post=34767"}],"version-history":[{"count":11,"href":"https:\/\/www.medewo.com\/blog\/ch-de\/wp-json\/wp\/v2\/posts\/34767\/revisions"}],"predecessor-version":[{"id":34834,"href":"https:\/\/www.medewo.com\/blog\/ch-de\/wp-json\/wp\/v2\/posts\/34767\/revisions\/34834"}],"wp:featuredmedia":[{"embeddable":true,"href":"https:\/\/www.medewo.com\/blog\/ch-de\/wp-json\/wp\/v2\/media\/34845"}],"wp:attachment":[{"href":"https:\/\/www.medewo.com\/blog\/ch-de\/wp-json\/wp\/v2\/media?parent=34767"}],"wp:term":[{"taxonomy":"category","embeddable":true,"href":"https:\/\/www.medewo.com\/blog\/ch-de\/wp-json\/wp\/v2\/categories?post=34767"},{"taxonomy":"post_tag","embeddable":true,"href":"https:\/\/www.medewo.com\/blog\/ch-de\/wp-json\/wp\/v2\/tags?post=34767"},{"taxonomy":"m2-product-id","embeddable":true,"href":"https:\/\/www.medewo.com\/blog\/ch-de\/wp-json\/wp\/v2\/m2-product-id?post=34767"}],"curies":[{"name":"wp","href":"https:\/\/api.w.org\/{rel}","templated":true}]}}