{"id":34420,"date":"2025-02-07T12:45:10","date_gmt":"2025-02-07T11:45:10","guid":{"rendered":"https:\/\/www.medewo.com\/blog\/?p=34420"},"modified":"2025-11-12T09:13:04","modified_gmt":"2025-11-12T08:13:04","slug":"verpackungstrends-im-jahr-2025","status":"publish","type":"post","link":"https:\/\/www.medewo.com\/blog\/ch-de\/loesungen\/verpackungstrends-im-jahr-2025\/","title":{"rendered":"Verpackungstrends im Jahr 2025"},"content":{"rendered":"<div class=\"wpb-content-wrapper\"><p>[vc_row][vc_column][vc_empty_space height=&#187;15px&#187;][\/vc_column][\/vc_row][vc_row][vc_column][vc_column_text css=&#187;&#187;]F\u00fcr das neue Jahr 2025 haben unsere MEDEWO-Spezialisten die Wahrsager-Rolle eingenommen und tief in die Kristallkugel geblickt, um m\u00f6gliche Verpackungstrends ,,vorherzusagen\u2018\u2018. Welche Entwicklungen und Innovationen werden uns wohl erwarten?<\/p>\n<p>Im Folgenden erhalten Sie einen Einblick in 4 Prognosen, wie das neue Jahr in unserer Verpackungswelt aussehen k\u00f6nnte.[\/vc_column_text][\/vc_column][\/vc_row][vc_row][vc_column][vc_empty_space][\/vc_column][\/vc_row][vc_row][vc_column][vc_single_image image=&#187;34455&#8243; img_size=&#187;full&#187; css=&#187;&#187;][\/vc_column][\/vc_row][vc_row][vc_column][vc_empty_space height=&#187;15px&#187;][\/vc_column][\/vc_row][vc_row][vc_column][vc_column_text css=&#187;&#187;]<\/p>\n<h3><strong>Mehrweg\/Wiederverwendbare Verpackungen<\/strong><\/h3>\n<p><strong><em>Alexander Rabiser, Produktmanager<\/em><\/strong><\/p>\n<p>Ich bin der Meinung, dass <a href=\"https:\/\/www.medewo.com\/ch\/themenshops\/nachhaltige-und-ressourcenschonende-verpackungen\/mehrweg-transportverpackungen\/\" target=\"_blank\" rel=\"noopener\">Mehrwegverpackungen<\/a> l\u00e4ngst keine Nische mehr sind, sondern ein fester und relevanter Bestandteil des Verpackungsmarktes. Im Gastro-Bereich hat sich schon einiges getan, jetzt verlagert sich der Fokus zunehmend in den Fachbereich der Lagerung und des Transports.<\/p>\n<p>Hinter dem Begriff Mehrweg-Verpackungen liegt ein ganz einfaches Konzept: <em>Wiederverwenden<\/em> (Englisch: <em>Reuse<\/em>), einem der Zauberw\u00f6rter der Kreislaufwirtschaft. Der Begriff \u00abReuse\u00bb beschreibt die Nutzung von beispielweise wiederverwendbaren Kartonagen, Paletten oder beispielweise auch Thermoboxen.<\/p>\n<p>Wir von MEDEWO legen besonders viel Wert darauf, unser Sortiment ressourcenschonend auszustatten, damit auch Sie in Ihrem Unternehmen davon profitieren k\u00f6nnen, wie beispielweise unserem <a href=\"https:\/\/www.medewo.com\/ch\/mehrweg-eurobehaelter-stapelbar-aus-kunststoff\" target=\"_blank\" rel=\"noopener\">Eurobeh\u00e4lter<\/a>. Auch unsere MECATHERM-Boxen, wie die <a href=\"https:\/\/www.medewo.com\/ch\/thermo-box-mecatherm-aus-epp\" target=\"_blank\" rel=\"noopener\">Thermo-Box aus EPP<\/a>, sind perfekt geeignet f\u00fcr die Wiederverwendung: Einfach auswaschen und erneut nutzen. Haben Sie eher Interesse am weltweiten Transport, so sind unsere wiederverwendbaren <a href=\"https:\/\/www.medewo.com\/ch\/epal-europalette-neu\" target=\"_blank\" rel=\"noopener\">EPAL Europaletten<\/a> die perfekte Wahl f\u00fcr Sie.<\/p>\n<p>Dadurch k\u00f6nnen Ressourcen reduziert werden und die CO2-Emissionen werden ebenfalls verringert.[\/vc_column_text][\/vc_column][\/vc_row][vc_row][vc_column][vc_empty_space height=&#187;60px&#187;][\/vc_column][\/vc_row][vc_row][vc_column][vc_single_image image=&#187;34463&#8243; img_size=&#187;full&#187; css=&#187;&#187;][\/vc_column][\/vc_row][vc_row][vc_column][vc_empty_space height=&#187;15px&#187;][\/vc_column][\/vc_row][vc_row][vc_column][vc_column_text css=&#187;&#187;]<\/p>\n<h3><strong>Nachwachsende Rohstoffe<\/strong><\/h3>\n<p><strong><em>Marco Stimpfl, Produktmanager<\/em><\/strong><\/p>\n<p>Wenn ich an die \u00abVerpackung der Zukunft\u00bb denke, kommt mir unweigerlich der Gedanke an nachwachsende Rohstoffe. Dieser Begriff ist in der Diskussion um zukunftsf\u00e4hige Verpackungsl\u00f6sungen nicht neu, da diese Materialien bereits vielf\u00e4ltige Anwendungen in der Verpackungsindustrie gefunden haben. Die Nutzung nachwachsender Rohstoffe bietet nicht nur \u00f6kologische Vorteile, sondern auch wirtschaftliche und gesellschaftliche Chancen.<\/p>\n<p>Ein herausragendes Beispiel f\u00fcr solche Materialien ist Holz. In unserem Sortiment finden Sie eine Vielzahl an <a href=\"https:\/\/www.medewo.com\/ch\/themenshops\/nachhaltige-und-ressourcenschonende-verpackungen\/nachhaltige-versandverpackungen\/\" target=\"_blank\" rel=\"noopener\">nachhaltigen Versandverpackungen<\/a>, die auf Holz basieren: Holz ist einer der f\u00fchrenden biobasierten Rohstoffe, unabh\u00e4ngig davon, ob es zu Papier oder Karton verarbeitet wird. Diese Materialien \u00fcberzeugen durch ihre hervorragende Recyclingf\u00e4higkeit und die bereits gut etablierte Kreislaufwirtschaft. Die Verwendung von Holz als Verpackungsmaterial tr\u00e4gt somit erheblich zur Reduzierung des \u00f6kologischen Fussabdrucks bei.<\/p>\n<p>Ein vielversprechender Trend sind unter anderem auch pilzbasierte Verpackungen. Durch die Nutzung von Pilzmyzel, der Wurzelstruktur von Pilzen, k\u00f6nnen wertvolle Rohstoffe f\u00fcr die Herstellung unterschiedlicher Verpackungen gewonnen werden. Die leicht elastischen Eigenschaften der Endverpackung eignen sich ideal als Produktschutz f\u00fcr den Versand und die Lagerung Ihrer Produkte. Die Pilze werden speziell gez\u00fcchtet und wachsen innerhalb weniger Tage. Das f\u00fcr die Verpackungsindustrie ben\u00f6tigte Pilzgeflecht ist dabei nicht unbedingt f\u00fcr den menschlichen oder tierischen Verzehr geeignet.<\/p>\n<p>Im Bereich des Produktschutzes, wo hohe Anforderungen an den D\u00e4mpfschutz gestellt werden oder eine Isoliereigenschaft gefragt ist, sticht insbesondere ein Schaumstoff auf Holzfaserbasis hervor. Dieses Material besteht haupts\u00e4chlich aus Zelluloseschaum, der aus recycelten Papierprodukten hergestellt wird. Das Produkt bietet eine spannende nachhaltige Alternative zu klassischen Schaum- oder Folienprodukten aus Kunststoff. Auch diese Zelluloseverpackung ist recycelbar und kann problemlos in bestehende Papier- und Kartonstr\u00f6me integriert werden. Das Beispiel des Holzschaums zeigt, dass Nachhaltigkeit und Leistungsf\u00e4higkeit Hand in Hand gehen k\u00f6nnen.<\/p>\n<p>Diese Trends zeigen, dass Nachhaltigkeit und Innovation auch im Jahr 2025 eine der treibenden Kr\u00e4fte der Verpackungsindustrie von morgen ist. Der Stellenwert innovativer und nachhaltiger L\u00f6sungen, die sowohl umweltfreundlich als auch gesellschaftlich vertr\u00e4glich sind, bleibt unver\u00e4ndert hoch. Durch die Nutzung nachwachsender Rohstoffe und die F\u00f6rderung der Kreislaufwirtschaft bei Papier aber auch Kunststoff leisten wir einen wichtigen Beitrag zum Schutz unserer Umwelt und zur Sicherstellung einer nachhaltigen Zukunft.[\/vc_column_text][\/vc_column][\/vc_row][vc_row][vc_column][vc_empty_space height=&#187;60px&#187;][\/vc_column][\/vc_row][vc_row][vc_column][vc_single_image image=&#187;34475&#8243; img_size=&#187;full&#187; css=&#187;&#187;][\/vc_column][\/vc_row][vc_row][vc_column][vc_empty_space height=&#187;15px&#187;][\/vc_column][\/vc_row][vc_row][vc_column][vc_column_text css=&#187;&#187;]<\/p>\n<h3><strong>Die Zukunft nimmt Leben an<\/strong><\/h3>\n<p><strong><em>Roger Werndli, Leitung Sortimentsentwicklung<\/em><\/strong><\/p>\n<p>Auch im Jahr 2025 rechne ich damit, dass die Nutzung von interaktiven QR-Codes (Quick Response) weiter ansteigen wird. Schon heute nutzen wir in der MEDEWO-Gruppe diese einfache und sichere Methode, um zum Beispiel unsere Kunden umfassende Informationen \u00fcber die Nachhaltigkeit und den Recyclekreislauf von Wellpappe zur Verf\u00fcgung zu stellen. \u00dcber das Scannen eines aussen aufgedruckten QR-COdes auf unseren Kartonagen gelangen die Verwender und Empf\u00e4nger dieser Verpackungsprodukte sekundenschnell aus folgende Informations-Webseite: <a href=\"https:\/\/www.medewo-gruppe.com\/nachhaltigkeit-entsorgung\/\" target=\"_blank\" rel=\"noopener\">https:\/\/www.medewo-gruppe.com\/nachhaltigkeit-entsorgung<\/a><strong><a href=\"https:\/\/www.medewo-gruppe.com\/nachhaltigkeit-entsorgung\/\">\/<\/a> .<\/strong><\/p>\n<p>Auch weitere innovative Technologien wie <strong>\u00ab<\/strong>Augmented reality\u00bb (AR) sind im Vormarsch. AR erm\u00f6glicht es, computergenerierte Elemente wie 3D-Modelle, Texte, Grafiken oder Audioinhalte in Echtzeit in die realen Umgebungen eines Nutzers einzuf\u00fcgen. Beispielsweise haben Kunden hier die Gelegenheit, eine Grafik auf einer Kartonage zu scannen, wodurch diese dann zum <strong>\u00ab<\/strong>zum Leben erwacht\u00bb und die Verpackung dadurch dreidimensional dargestellt wird. Durch dieses Zusammenf\u00fchren von digitalem und analogem Material, wird dabei eine interaktive und vor allem neue Welt erschaffen.[\/vc_column_text][\/vc_column][\/vc_row][vc_row][vc_column][vc_empty_space height=&#187;20px&#187;][\/vc_column][\/vc_row][vc_row][vc_column][vc_column_text css=&#187;&#187;]            <style>\n                .message_box_wrapper {\n                    display: block;\n                    width: 100%;\n                    width: calc( 100% - 32px );\n                    margin-bottom: 30px;\n                    margin-top: 15px;\n                    padding: 15px;\n                    float: left;\n                    background: #f9f9f9;\n                    border: 1px solid #dddddd;\n                }\n                .message_box_wrapper .message_box_icon {\n                    margin-bottom: 0;\n                }\n                .message_box_wrapper .message_box_caption {\n                    margin-left: 70px;\n                }\n                .message_box_wrapper .message_box_caption .message_box_button {\n                    background: #278dd1;\n                    border-color: #278dd1;\n                    display: inline-block;\n                    padding: 6px 20px;\n                    line-height: 1.42857143;\n                    color: #fff;\n                    font-size: 17px;\n                    font-weight: normal;\n                    text-decoration: none;\n                }\n            <\/style>\n\n            <div class=\"message_box_wrapper\">\n                <p>\n                    <img decoding=\"async\" class=\"alignleft wp-image-4005 message_box_icon\" title=\"MEDEWO-Tipp\" src=\"https:\/\/www.medewo.com\/blog\/wp-content\/themes\/dt-the7-child\/img\/icons\/Tipp.svg\" alt=\"MEDEWO-Tipp\" width=\"50\" height=\"50\">\n                <\/p>\n                 Sie m\u00f6chten Ihre Produkte<a href=\"https:\/\/www.medewo.com\/ch\/individuelle-verpackungen\/verpackungen-bedrucken\/\" target=\"_blank\" rel=\"noopener\"> individuell bedrucken <\/a>lassen? Wir von MEDEWO unterst\u00fctzen Sie gerne dabei!                 <p class=\"message_box_caption\">\n                                    <\/p>\n            <\/div>\n        [\/vc_column_text][\/vc_column][\/vc_row][vc_row][vc_column][vc_empty_space height=&#187;60px&#187;][\/vc_column][\/vc_row][vc_row][vc_column][vc_single_image image=&#187;34459&#8243; img_size=&#187;full&#187; css=&#187;&#187;][\/vc_column][\/vc_row][vc_row][vc_column][vc_empty_space height=&#187;15px&#187;][\/vc_column][\/vc_row][vc_row][vc_column][vc_column_text css=&#187;&#187;]<\/p>\n<h3>Benutzerfreundlichkeit an erster Stelle<\/h3>\n<p><strong><em>Andreas Meyenberg, Produktmanager<\/em><\/strong><\/p>\n<p>Das Jahr 2025 steht im Zeichen von Effizienz, Funktionalit\u00e4t und maximaler Convenience. Verpackungen m\u00fcssen nicht nur den Verpackungsprozess optimieren, sondern auch den Endkunden echten Mehrwert bieten.<\/p>\n<p>Unternehmen setzten verst\u00e4rkt auf smarte L\u00f6sungen, die Zeit und Kosten sparen \u2013 sei es durch <a href=\"https:\/\/www.medewo.com\/ch\/lagersortiment\/versandtaschen\/polsterumschlaege\/\" target=\"_blank\" rel=\"noopener\">integriertes Polstermaterial<\/a>, universell einsetzbare <a href=\"https:\/\/www.medewo.com\/ch\/lagersortiment\/kartons-schachteln\/versandschachteln\/hoehenvariable-kartons\/\" target=\"_blank\" rel=\"noopener\">Verpackungen oder Produkte mit variablen Abmessungen<\/a>, die Hohlr\u00e4ume gezielt reduzieren. Diese Trends steigern nicht nur die Effizienz, sondern minimieren auch Materialeinsatz und Transportvolumen.<\/p>\n<p>F\u00fcr Konsumenten gewinnt zudem die Benutzerfreundlichkeit an Bedeutung. Verpackungen, die sich m\u00fchelos \u00f6ffnen und wiederverschlie\u00dfen lassen \u2013 etwa <a href=\"https:\/\/www.medewo.com\/ch\/themenshops\/e-commerce-verpackungen\/retourenoptimierte-versandverpackungen\/\" target=\"_blank\" rel=\"noopener\">Versandboxen und Versandtaschen mit Aufrei\u00dfhilfe <\/a>oder <a href=\"https:\/\/www.medewo.com\/ch\/lagersortiment\/kartons-schachteln\/klappschachteln\/\" target=\"_blank\" rel=\"noopener\">Klappschachteln mit Einstecklaschen<\/a> \u2013 sorgen f\u00fcr ein besseres Nutzungserlebnis.<\/p>\n<p>Besondern im boomenden E-Commerce wird ressourcenschonendes Verpacken zur Priorit\u00e4t. Unternehmen, die auf nachhaltige und funktionale Verpackungsl\u00f6sungen setzten, sind f\u00fcr die Zukunft bestens aufgestellt.[\/vc_column_text][\/vc_column][\/vc_row][vc_row][vc_column][vc_empty_space][\/vc_column][\/vc_row][vc_row][vc_column][vc_column_text css=&#187;&#187;]In unserem Webshop finden Sie noch weitere zahlreiche Neuheiten.[\/vc_column_text][vc_empty_space height=&#187;10px&#187;]<style type=\"text\/css\" data-type=\"the7_shortcodes-inline-css\">#default-btn-387ad3e9453aff2b19dcd66fd4b8c0be.ico-right-side > i {\n  margin-right: 0px;\n  margin-left: 8px;\n}\n#default-btn-387ad3e9453aff2b19dcd66fd4b8c0be > i {\n  margin-right: 8px;\n}<\/style><a href=\"https:\/\/www.medewo.com\/ch\/neuheiten\/\" class=\"default-btn-shortcode dt-btn dt-btn-m link-hover-off btn-inline-left \" target=\"_blank\" id=\"default-btn-387ad3e9453aff2b19dcd66fd4b8c0be\" rel=\"noopener\"><span>Zu den Neuheiten<\/span><\/a>[\/vc_column][\/vc_row][vc_row][vc_column][vc_empty_space height=&#187;25px&#187;][\/vc_column][\/vc_row][vc_row][vc_column][vc_column_text css=&#187;&#187;]Sie haben weitere W\u00fcnsche oder Anregungen? Unsere MEDEWO-Spezialisten beraten Sie gerne:[\/vc_column_text][vc_empty_space height=&#187;10px&#187;]<style type=\"text\/css\" data-type=\"the7_shortcodes-inline-css\">#default-btn-60d9f3693ac019fb3ea9375035b63910.ico-right-side > i {\n  margin-right: 0px;\n  margin-left: 8px;\n}\n#default-btn-60d9f3693ac019fb3ea9375035b63910 > i {\n  margin-right: 8px;\n}<\/style><a href=\"https:\/\/www.medewo.com\/de\/contact\" class=\"default-btn-shortcode dt-btn dt-btn-m link-hover-off btn-inline-left \" target=\"_blank\" id=\"default-btn-60d9f3693ac019fb3ea9375035b63910\" rel=\"noopener\"><span>Jetzt MEDEWO kontaktieren<\/span><\/a>[\/vc_column][\/vc_row][vc_row][vc_column][\/vc_column][\/vc_row][vc_column width=&#187;1\/2&#8243;][\/vc_column]<\/p>\n<\/div>","protected":false},"excerpt":{"rendered":"<p>[vc_row][vc_column][vc_empty_space height=&#187;15px&#187;][\/vc_column][\/vc_row][vc_row][vc_column][vc_column_text css=&#187;&#187;]F\u00fcr das neue Jahr 2025 haben unsere MEDEWO-Spezialisten die Wahrsager-Rolle eingenommen und tief in die Kristallkugel geblickt, um m\u00f6gliche Verpackungstrends ,,vorherzusagen\u2018\u2018. Welche Entwicklungen und Innovationen werden uns wohl erwarten? Im Folgenden erhalten Sie einen Einblick in 4 Prognosen, wie das neue Jahr in unserer Verpackungswelt aussehen k\u00f6nnte.[\/vc_column_text][\/vc_column][\/vc_row][vc_row][vc_column][vc_empty_space][\/vc_column][\/vc_row][vc_row][vc_column][vc_single_image image=&#187;34455&#8243; img_size=&#187;full&#187; css=&#187;&#187;][\/vc_column][\/vc_row][vc_row][vc_column][vc_empty_space height=&#187;15px&#187;][\/vc_column][\/vc_row][vc_row][vc_column][vc_column_text css=&#187;&#187;] Mehrweg\/Wiederverwendbare&hellip;<\/p>\n","protected":false},"author":72,"featured_media":34470,"comment_status":"open","ping_status":"closed","sticky":false,"template":"","format":"standard","meta":{"pgc_sgb_lightbox_settings":"","footnotes":""},"categories":[1266],"tags":[],"m2-product-id":[],"class_list":["post-34420","post","type-post","status-publish","format-standard","has-post-thumbnail","hentry","category-loesungen","category-1266","description-off"],"yoast_head":"<!-- This site is optimized with the Yoast SEO plugin v26.8 - https:\/\/yoast.com\/product\/yoast-seo-wordpress\/ -->\n<title>Verpackungstrends im Jahr 2025 - MEDEWO Verpackungen<\/title>\n<meta name=\"description\" content=\"Welche Trends erwarten uns f\u00fcr das Jahr 2025? Unsere MEDEWO-Spezialisten haben f\u00fcr Sie die Wahrsager-Rolle angenommen und Ihre Prognosen aufgelistet.\" \/>\n<meta name=\"robots\" content=\"index, follow, max-snippet:-1, max-image-preview:large, max-video-preview:-1\" \/>\n<link rel=\"canonical\" href=\"https:\/\/www.medewo.com\/blog\/ch-de\/loesungen\/verpackungstrends-im-jahr-2025\/\" \/>\n<meta property=\"og:locale\" content=\"de_DE\" \/>\n<meta property=\"og:type\" content=\"article\" \/>\n<meta property=\"og:title\" content=\"Verpackungstrends im Jahr 2025 - MEDEWO Verpackungen\" \/>\n<meta property=\"og:description\" content=\"Welche Trends erwarten uns f\u00fcr das Jahr 2025? Unsere MEDEWO-Spezialisten haben f\u00fcr Sie die Wahrsager-Rolle angenommen und Ihre Prognosen aufgelistet.\" \/>\n<meta property=\"og:url\" content=\"https:\/\/www.medewo.com\/blog\/ch-de\/loesungen\/verpackungstrends-im-jahr-2025\/\" \/>\n<meta property=\"og:site_name\" content=\"MEDEWO Verpackungen\" \/>\n<meta property=\"article:published_time\" content=\"2025-02-07T11:45:10+00:00\" \/>\n<meta property=\"article:modified_time\" content=\"2025-11-12T08:13:04+00:00\" \/>\n<meta property=\"og:image\" content=\"https:\/\/www.medewo.com\/blog\/wp-content\/uploads\/2025\/02\/NEU_Hauptbild-MEDEWO-Blog.jpg\" \/>\n\t<meta property=\"og:image:width\" content=\"775\" \/>\n\t<meta property=\"og:image:height\" content=\"519\" \/>\n\t<meta property=\"og:image:type\" content=\"image\/jpeg\" \/>\n<meta name=\"author\" content=\"Asia Filisone\" \/>\n<meta name=\"twitter:card\" content=\"summary_large_image\" \/>\n<meta name=\"twitter:label1\" content=\"Geschrieben von\" \/>\n\t<meta name=\"twitter:data1\" content=\"Asia Filisone\" \/>\n\t<meta name=\"twitter:label2\" content=\"Gesch\u00e4tzte Lesezeit\" \/>\n\t<meta name=\"twitter:data2\" content=\"7\u00a0Minuten\" \/>\n<script type=\"application\/ld+json\" class=\"yoast-schema-graph\">{\"@context\":\"https:\/\/schema.org\",\"@graph\":[{\"@type\":\"Article\",\"@id\":\"https:\/\/www.medewo.com\/blog\/ch-de\/loesungen\/verpackungstrends-im-jahr-2025\/#article\",\"isPartOf\":{\"@id\":\"https:\/\/www.medewo.com\/blog\/ch-de\/loesungen\/verpackungstrends-im-jahr-2025\/\"},\"author\":{\"name\":\"Asia Filisone\",\"@id\":\"https:\/\/www.medewo.com\/blog\/ch-de\/#\/schema\/person\/7f08c3a53edb34f04a1684684cc5a9e5\"},\"headline\":\"Verpackungstrends im Jahr 2025\",\"datePublished\":\"2025-02-07T11:45:10+00:00\",\"dateModified\":\"2025-11-12T08:13:04+00:00\",\"mainEntityOfPage\":{\"@id\":\"https:\/\/www.medewo.com\/blog\/ch-de\/loesungen\/verpackungstrends-im-jahr-2025\/\"},\"wordCount\":1332,\"commentCount\":0,\"publisher\":{\"@id\":\"https:\/\/www.medewo.com\/blog\/ch-de\/#organization\"},\"image\":{\"@id\":\"https:\/\/www.medewo.com\/blog\/ch-de\/loesungen\/verpackungstrends-im-jahr-2025\/#primaryimage\"},\"thumbnailUrl\":\"https:\/\/www.medewo.com\/blog\/wp-content\/uploads\/2025\/02\/NEU_Hauptbild-MEDEWO-Blog.jpg\",\"articleSection\":[\"L\u00f6sungen\"],\"inLanguage\":\"de-CH\",\"potentialAction\":[{\"@type\":\"CommentAction\",\"name\":\"Comment\",\"target\":[\"https:\/\/www.medewo.com\/blog\/ch-de\/loesungen\/verpackungstrends-im-jahr-2025\/#respond\"]}]},{\"@type\":\"WebPage\",\"@id\":\"https:\/\/www.medewo.com\/blog\/ch-de\/loesungen\/verpackungstrends-im-jahr-2025\/\",\"url\":\"https:\/\/www.medewo.com\/blog\/ch-de\/loesungen\/verpackungstrends-im-jahr-2025\/\",\"name\":\"Verpackungstrends im Jahr 2025 - MEDEWO Verpackungen\",\"isPartOf\":{\"@id\":\"https:\/\/www.medewo.com\/blog\/ch-de\/#website\"},\"primaryImageOfPage\":{\"@id\":\"https:\/\/www.medewo.com\/blog\/ch-de\/loesungen\/verpackungstrends-im-jahr-2025\/#primaryimage\"},\"image\":{\"@id\":\"https:\/\/www.medewo.com\/blog\/ch-de\/loesungen\/verpackungstrends-im-jahr-2025\/#primaryimage\"},\"thumbnailUrl\":\"https:\/\/www.medewo.com\/blog\/wp-content\/uploads\/2025\/02\/NEU_Hauptbild-MEDEWO-Blog.jpg\",\"datePublished\":\"2025-02-07T11:45:10+00:00\",\"dateModified\":\"2025-11-12T08:13:04+00:00\",\"description\":\"Welche Trends erwarten uns f\u00fcr das Jahr 2025? Unsere MEDEWO-Spezialisten haben f\u00fcr Sie die Wahrsager-Rolle angenommen und Ihre Prognosen aufgelistet.\",\"breadcrumb\":{\"@id\":\"https:\/\/www.medewo.com\/blog\/ch-de\/loesungen\/verpackungstrends-im-jahr-2025\/#breadcrumb\"},\"inLanguage\":\"de-CH\",\"potentialAction\":[{\"@type\":\"ReadAction\",\"target\":[\"https:\/\/www.medewo.com\/blog\/ch-de\/loesungen\/verpackungstrends-im-jahr-2025\/\"]}]},{\"@type\":\"ImageObject\",\"inLanguage\":\"de-CH\",\"@id\":\"https:\/\/www.medewo.com\/blog\/ch-de\/loesungen\/verpackungstrends-im-jahr-2025\/#primaryimage\",\"url\":\"https:\/\/www.medewo.com\/blog\/wp-content\/uploads\/2025\/02\/NEU_Hauptbild-MEDEWO-Blog.jpg\",\"contentUrl\":\"https:\/\/www.medewo.com\/blog\/wp-content\/uploads\/2025\/02\/NEU_Hauptbild-MEDEWO-Blog.jpg\",\"width\":775,\"height\":519,\"caption\":\"HB-Verpackungstrends\"},{\"@type\":\"BreadcrumbList\",\"@id\":\"https:\/\/www.medewo.com\/blog\/ch-de\/loesungen\/verpackungstrends-im-jahr-2025\/#breadcrumb\",\"itemListElement\":[{\"@type\":\"ListItem\",\"position\":1,\"name\":\"Startseite\",\"item\":\"https:\/\/www.medewo.com\/blog\/ch-de\/\"},{\"@type\":\"ListItem\",\"position\":2,\"name\":\"Verpackungstrends im Jahr 2025\"}]},{\"@type\":\"WebSite\",\"@id\":\"https:\/\/www.medewo.com\/blog\/ch-de\/#website\",\"url\":\"https:\/\/www.medewo.com\/blog\/ch-de\/\",\"name\":\"MEDEWO Verpackungen\",\"description\":\"News\",\"publisher\":{\"@id\":\"https:\/\/www.medewo.com\/blog\/ch-de\/#organization\"},\"potentialAction\":[{\"@type\":\"SearchAction\",\"target\":{\"@type\":\"EntryPoint\",\"urlTemplate\":\"https:\/\/www.medewo.com\/blog\/ch-de\/?s={search_term_string}\"},\"query-input\":{\"@type\":\"PropertyValueSpecification\",\"valueRequired\":true,\"valueName\":\"search_term_string\"}}],\"inLanguage\":\"de-CH\"},{\"@type\":\"Organization\",\"@id\":\"https:\/\/www.medewo.com\/blog\/ch-de\/#organization\",\"name\":\"MEDEWO\",\"url\":\"https:\/\/www.medewo.com\/blog\/ch-de\/\",\"logo\":{\"@type\":\"ImageObject\",\"inLanguage\":\"de-CH\",\"@id\":\"https:\/\/www.medewo.com\/blog\/ch-de\/#\/schema\/logo\/image\/\",\"url\":\"https:\/\/www.medewo.com\/blog\/wp-content\/uploads\/2022\/03\/medewo-logo-claim-quer-2.png\",\"contentUrl\":\"https:\/\/www.medewo.com\/blog\/wp-content\/uploads\/2022\/03\/medewo-logo-claim-quer-2.png\",\"width\":350,\"height\":63,\"caption\":\"MEDEWO\"},\"image\":{\"@id\":\"https:\/\/www.medewo.com\/blog\/ch-de\/#\/schema\/logo\/image\/\"}},{\"@type\":\"Person\",\"@id\":\"https:\/\/www.medewo.com\/blog\/ch-de\/#\/schema\/person\/7f08c3a53edb34f04a1684684cc5a9e5\",\"name\":\"Asia Filisone\",\"image\":{\"@type\":\"ImageObject\",\"inLanguage\":\"de-CH\",\"@id\":\"https:\/\/www.medewo.com\/blog\/ch-de\/#\/schema\/person\/image\/\",\"url\":\"https:\/\/secure.gravatar.com\/avatar\/020f8415b64fded4bfbe608bb42b3213f4c7a196dc17e80b6d3b258799294c06?s=96&d=blank&r=g\",\"contentUrl\":\"https:\/\/secure.gravatar.com\/avatar\/020f8415b64fded4bfbe608bb42b3213f4c7a196dc17e80b6d3b258799294c06?s=96&d=blank&r=g\",\"caption\":\"Asia Filisone\"}}]}<\/script>\n<!-- \/ Yoast SEO plugin. -->","yoast_head_json":{"title":"Verpackungstrends im Jahr 2025 - MEDEWO Verpackungen","description":"Welche Trends erwarten uns f\u00fcr das Jahr 2025? Unsere MEDEWO-Spezialisten haben f\u00fcr Sie die Wahrsager-Rolle angenommen und Ihre Prognosen aufgelistet.","robots":{"index":"index","follow":"follow","max-snippet":"max-snippet:-1","max-image-preview":"max-image-preview:large","max-video-preview":"max-video-preview:-1"},"canonical":"https:\/\/www.medewo.com\/blog\/ch-de\/loesungen\/verpackungstrends-im-jahr-2025\/","og_locale":"de_DE","og_type":"article","og_title":"Verpackungstrends im Jahr 2025 - MEDEWO Verpackungen","og_description":"Welche Trends erwarten uns f\u00fcr das Jahr 2025? Unsere MEDEWO-Spezialisten haben f\u00fcr Sie die Wahrsager-Rolle angenommen und Ihre Prognosen aufgelistet.","og_url":"https:\/\/www.medewo.com\/blog\/ch-de\/loesungen\/verpackungstrends-im-jahr-2025\/","og_site_name":"MEDEWO Verpackungen","article_published_time":"2025-02-07T11:45:10+00:00","article_modified_time":"2025-11-12T08:13:04+00:00","og_image":[{"width":775,"height":519,"url":"https:\/\/www.medewo.com\/blog\/wp-content\/uploads\/2025\/02\/NEU_Hauptbild-MEDEWO-Blog.jpg","type":"image\/jpeg"}],"author":"Asia Filisone","twitter_card":"summary_large_image","twitter_misc":{"Geschrieben von":"Asia Filisone","Gesch\u00e4tzte Lesezeit":"7\u00a0Minuten"},"schema":{"@context":"https:\/\/schema.org","@graph":[{"@type":"Article","@id":"https:\/\/www.medewo.com\/blog\/ch-de\/loesungen\/verpackungstrends-im-jahr-2025\/#article","isPartOf":{"@id":"https:\/\/www.medewo.com\/blog\/ch-de\/loesungen\/verpackungstrends-im-jahr-2025\/"},"author":{"name":"Asia Filisone","@id":"https:\/\/www.medewo.com\/blog\/ch-de\/#\/schema\/person\/7f08c3a53edb34f04a1684684cc5a9e5"},"headline":"Verpackungstrends im Jahr 2025","datePublished":"2025-02-07T11:45:10+00:00","dateModified":"2025-11-12T08:13:04+00:00","mainEntityOfPage":{"@id":"https:\/\/www.medewo.com\/blog\/ch-de\/loesungen\/verpackungstrends-im-jahr-2025\/"},"wordCount":1332,"commentCount":0,"publisher":{"@id":"https:\/\/www.medewo.com\/blog\/ch-de\/#organization"},"image":{"@id":"https:\/\/www.medewo.com\/blog\/ch-de\/loesungen\/verpackungstrends-im-jahr-2025\/#primaryimage"},"thumbnailUrl":"https:\/\/www.medewo.com\/blog\/wp-content\/uploads\/2025\/02\/NEU_Hauptbild-MEDEWO-Blog.jpg","articleSection":["L\u00f6sungen"],"inLanguage":"de-CH","potentialAction":[{"@type":"CommentAction","name":"Comment","target":["https:\/\/www.medewo.com\/blog\/ch-de\/loesungen\/verpackungstrends-im-jahr-2025\/#respond"]}]},{"@type":"WebPage","@id":"https:\/\/www.medewo.com\/blog\/ch-de\/loesungen\/verpackungstrends-im-jahr-2025\/","url":"https:\/\/www.medewo.com\/blog\/ch-de\/loesungen\/verpackungstrends-im-jahr-2025\/","name":"Verpackungstrends im Jahr 2025 - MEDEWO Verpackungen","isPartOf":{"@id":"https:\/\/www.medewo.com\/blog\/ch-de\/#website"},"primaryImageOfPage":{"@id":"https:\/\/www.medewo.com\/blog\/ch-de\/loesungen\/verpackungstrends-im-jahr-2025\/#primaryimage"},"image":{"@id":"https:\/\/www.medewo.com\/blog\/ch-de\/loesungen\/verpackungstrends-im-jahr-2025\/#primaryimage"},"thumbnailUrl":"https:\/\/www.medewo.com\/blog\/wp-content\/uploads\/2025\/02\/NEU_Hauptbild-MEDEWO-Blog.jpg","datePublished":"2025-02-07T11:45:10+00:00","dateModified":"2025-11-12T08:13:04+00:00","description":"Welche Trends erwarten uns f\u00fcr das Jahr 2025? Unsere MEDEWO-Spezialisten haben f\u00fcr Sie die Wahrsager-Rolle angenommen und Ihre Prognosen aufgelistet.","breadcrumb":{"@id":"https:\/\/www.medewo.com\/blog\/ch-de\/loesungen\/verpackungstrends-im-jahr-2025\/#breadcrumb"},"inLanguage":"de-CH","potentialAction":[{"@type":"ReadAction","target":["https:\/\/www.medewo.com\/blog\/ch-de\/loesungen\/verpackungstrends-im-jahr-2025\/"]}]},{"@type":"ImageObject","inLanguage":"de-CH","@id":"https:\/\/www.medewo.com\/blog\/ch-de\/loesungen\/verpackungstrends-im-jahr-2025\/#primaryimage","url":"https:\/\/www.medewo.com\/blog\/wp-content\/uploads\/2025\/02\/NEU_Hauptbild-MEDEWO-Blog.jpg","contentUrl":"https:\/\/www.medewo.com\/blog\/wp-content\/uploads\/2025\/02\/NEU_Hauptbild-MEDEWO-Blog.jpg","width":775,"height":519,"caption":"HB-Verpackungstrends"},{"@type":"BreadcrumbList","@id":"https:\/\/www.medewo.com\/blog\/ch-de\/loesungen\/verpackungstrends-im-jahr-2025\/#breadcrumb","itemListElement":[{"@type":"ListItem","position":1,"name":"Startseite","item":"https:\/\/www.medewo.com\/blog\/ch-de\/"},{"@type":"ListItem","position":2,"name":"Verpackungstrends im Jahr 2025"}]},{"@type":"WebSite","@id":"https:\/\/www.medewo.com\/blog\/ch-de\/#website","url":"https:\/\/www.medewo.com\/blog\/ch-de\/","name":"MEDEWO Verpackungen","description":"News","publisher":{"@id":"https:\/\/www.medewo.com\/blog\/ch-de\/#organization"},"potentialAction":[{"@type":"SearchAction","target":{"@type":"EntryPoint","urlTemplate":"https:\/\/www.medewo.com\/blog\/ch-de\/?s={search_term_string}"},"query-input":{"@type":"PropertyValueSpecification","valueRequired":true,"valueName":"search_term_string"}}],"inLanguage":"de-CH"},{"@type":"Organization","@id":"https:\/\/www.medewo.com\/blog\/ch-de\/#organization","name":"MEDEWO","url":"https:\/\/www.medewo.com\/blog\/ch-de\/","logo":{"@type":"ImageObject","inLanguage":"de-CH","@id":"https:\/\/www.medewo.com\/blog\/ch-de\/#\/schema\/logo\/image\/","url":"https:\/\/www.medewo.com\/blog\/wp-content\/uploads\/2022\/03\/medewo-logo-claim-quer-2.png","contentUrl":"https:\/\/www.medewo.com\/blog\/wp-content\/uploads\/2022\/03\/medewo-logo-claim-quer-2.png","width":350,"height":63,"caption":"MEDEWO"},"image":{"@id":"https:\/\/www.medewo.com\/blog\/ch-de\/#\/schema\/logo\/image\/"}},{"@type":"Person","@id":"https:\/\/www.medewo.com\/blog\/ch-de\/#\/schema\/person\/7f08c3a53edb34f04a1684684cc5a9e5","name":"Asia Filisone","image":{"@type":"ImageObject","inLanguage":"de-CH","@id":"https:\/\/www.medewo.com\/blog\/ch-de\/#\/schema\/person\/image\/","url":"https:\/\/secure.gravatar.com\/avatar\/020f8415b64fded4bfbe608bb42b3213f4c7a196dc17e80b6d3b258799294c06?s=96&d=blank&r=g","contentUrl":"https:\/\/secure.gravatar.com\/avatar\/020f8415b64fded4bfbe608bb42b3213f4c7a196dc17e80b6d3b258799294c06?s=96&d=blank&r=g","caption":"Asia Filisone"}}]}},"magento_index":true,"_links":{"self":[{"href":"https:\/\/www.medewo.com\/blog\/ch-de\/wp-json\/wp\/v2\/posts\/34420","targetHints":{"allow":["GET"]}}],"collection":[{"href":"https:\/\/www.medewo.com\/blog\/ch-de\/wp-json\/wp\/v2\/posts"}],"about":[{"href":"https:\/\/www.medewo.com\/blog\/ch-de\/wp-json\/wp\/v2\/types\/post"}],"author":[{"embeddable":true,"href":"https:\/\/www.medewo.com\/blog\/ch-de\/wp-json\/wp\/v2\/users\/72"}],"replies":[{"embeddable":true,"href":"https:\/\/www.medewo.com\/blog\/ch-de\/wp-json\/wp\/v2\/comments?post=34420"}],"version-history":[{"count":31,"href":"https:\/\/www.medewo.com\/blog\/ch-de\/wp-json\/wp\/v2\/posts\/34420\/revisions"}],"predecessor-version":[{"id":36803,"href":"https:\/\/www.medewo.com\/blog\/ch-de\/wp-json\/wp\/v2\/posts\/34420\/revisions\/36803"}],"wp:featuredmedia":[{"embeddable":true,"href":"https:\/\/www.medewo.com\/blog\/ch-de\/wp-json\/wp\/v2\/media\/34470"}],"wp:attachment":[{"href":"https:\/\/www.medewo.com\/blog\/ch-de\/wp-json\/wp\/v2\/media?parent=34420"}],"wp:term":[{"taxonomy":"category","embeddable":true,"href":"https:\/\/www.medewo.com\/blog\/ch-de\/wp-json\/wp\/v2\/categories?post=34420"},{"taxonomy":"post_tag","embeddable":true,"href":"https:\/\/www.medewo.com\/blog\/ch-de\/wp-json\/wp\/v2\/tags?post=34420"},{"taxonomy":"m2-product-id","embeddable":true,"href":"https:\/\/www.medewo.com\/blog\/ch-de\/wp-json\/wp\/v2\/m2-product-id?post=34420"}],"curies":[{"name":"wp","href":"https:\/\/api.w.org\/{rel}","templated":true}]}}