{"id":26359,"date":"2023-06-29T06:43:23","date_gmt":"2023-06-29T04:43:23","guid":{"rendered":"https:\/\/www.medewo.com\/blog\/?p=26359"},"modified":"2025-01-17T08:21:34","modified_gmt":"2025-01-17T07:21:34","slug":"spezialkatalog-umweltfreundliche-verpackungen","status":"publish","type":"post","link":"https:\/\/www.medewo.com\/blog\/ch-de\/kataloge\/spezialkatalog-umweltfreundliche-verpackungen\/","title":{"rendered":"Spezialkatalog 2023 \u2013 Umweltfreundliche Verpackungen"},"content":{"rendered":"<div class=\"wpb-content-wrapper\"><p>[vc_row][vc_column][vc_custom_heading text=&#187;Nachhaltige und ressourcenschonende Verpackungsl\u00f6sungen&#187; use_theme_fonts=&#187;yes&#187;][\/vc_column][\/vc_row][vc_row][vc_column][vc_empty_space height=&#187;16px&#187;][vc_column_text]Verpackungen sind aus unserem Alltag nicht mehr wegzudenken. Sie m\u00f6chten Ihren Transport und die Lagerung so umweltfreundlich wie m\u00f6glich gestalten?<\/p>\n<p>In diesem Spezialkatalog finden Sie eine Auswahl an \u00f6kologischen Verpackungsl\u00f6sungen, die Ihre Waren und die Umwelt zugleich sch\u00fctzen.<\/p>\n<p>\u00dcber 1&#8217;800 umweltfreundlichen Verpackungen, die klar gekennzeichnet sind, finden Sie des weiteren in unserem <a href=\"https:\/\/www.medewo.com\/ch\/\">Web-Shop<\/a>.[\/vc_column_text][vc_empty_space][\/vc_column][\/vc_row][vc_row][vc_column][vc_wp_text]<\/p>\n<div style=\"position: relative; padding-top: max(60%,326px); height: 0; width: 100%;\"><iframe style=\"position: absolute; border: none; width: 100%; height: 100%; left: 0; right: 0; top: 0; bottom: 0;\" src=\"https:\/\/e.issuu.com\/embed.html?d=tm4_umweltfreundliche_verpackungen_des_komprimier&amp;hideIssuuLogo=true&amp;u=medewo-rausch\" sandbox=\"allow-top-navigation allow-top-navigation-by-user-activation allow-downloads allow-scripts allow-same-origin allow-popups allow-modals allow-popups-to-escape-sandbox allow-forms\" allowfullscreen=\"allowfullscreen\"><\/iframe><\/div>\n<p>[\/vc_wp_text][\/vc_column][\/vc_row][vc_row][vc_column][vc_empty_space height=&#187;35 px&#187;][\/vc_column][\/vc_row][vc_row][vc_column][vc_column_text]Der dargestellte Katalog zum Bl\u00e4ttern zeigt unseren gedruckten Spezialkatalog \u00abUmweltfreundliche Verpackungen\u00bb (Stand Juni 2023). Weitere <a href=\"https:\/\/www.medewo.com\/ch-de\/themen-shops\/medewo-neuheiten.html\" target=\"_blank\">Neuheiten<\/a> sowie aktuell g\u00fcltige Preise finden Sie in unserem <a href=\"https:\/\/www.medewo.com\/ch-de\/\" target=\"_blank\">Web-Shop<\/a>.<br \/>\nDownload: Links oben im Bl\u00e4tterkatalog finden Sie die Download-Funktion.[\/vc_column_text][vc_empty_space height=&#187;35px&#187;][\/vc_column][\/vc_row][vc_row][vc_column width=&#187;1\/3&#8243;][vc_empty_space height=&#187;9px&#187;][vc_single_image image=&#187;21613&#8243; img_size=&#187;&#187;][\/vc_column][vc_column width=&#187;2\/3&#8243;][vc_column_text]<strong>Entdecken Sie unseren Web-Shop mit \u00fcber 4&#8217;000 Verpackungsl\u00f6sungen<\/strong><\/p>\n<ul>\n<li>umfangreiches Lagersortiment \u2013 auch in kleinen Mengen<\/li>\n<li>grosse Auswahl an nachhaltigen und ressourcenschonenden Verpackungen<\/li>\n<li>schnelle Lieferung in 24\/48h<\/li>\n<li>gratis Muster \u2013 gepr\u00fcfte Qualit\u00e4t &amp; innovative Materialien<\/li>\n<li>fachkundige Beratung \u2013 \u00fcber 40 Jahre Erfahrung<\/li>\n<\/ul>\n<p>[\/vc_column_text][vc_empty_space]<style type=\"text\/css\" data-type=\"the7_shortcodes-inline-css\">#default-btn-5f2f44725f53d9311b4ff38d240c543a.ico-right-side > i {\n  margin-right: 0px;\n  margin-left: 8px;\n}\n#default-btn-5f2f44725f53d9311b4ff38d240c543a > i {\n  margin-right: 8px;\n}<\/style><a href=\"https:\/\/www.medewo.com\/ch\/\" class=\"default-btn-shortcode dt-btn dt-btn-m link-hover-off btn-inline-left \" target=\"_blank\" id=\"default-btn-5f2f44725f53d9311b4ff38d240c543a\" title=\"zum MEDEWO Web-Shop\" rel=\"noopener\"><span>Jetzt MEDEWO Web-Shop entdecken<\/span><\/a>[vc_empty_space][\/vc_column][\/vc_row][vc_row][vc_column][vc_empty_space height=&#187;30px&#187;][\/vc_column][\/vc_row][vc_row disable_element=&#187;yes&#187;][vc_column][vc_column_text]Unser engagiertes Team ist tagt\u00e4glich im Einsatz, um die Lieferbereitschaft \u00fcber das gesamte Sortiment hoch zu halten, um auf die jeweilige aktuelle Lage um Rohstoffe, Produktion und Logistik schnell reagieren zu k\u00f6nnen. Lassen Sie sich zudem von uns beraten, welche Vorteile Sie bei vorausschauender Planung in Bezug auf Verf\u00fcgbarkeit und Preis haben.[\/vc_column_text][\/vc_column][\/vc_row][vc_row][vc_column][vc_empty_space][\/vc_column][\/vc_row][vc_row][vc_column el_class=&#187;infobox-image&#187;]<div class=\"ult-content-box-container \" >\t\t<div class=\"ult-content-box\" style=\"box-shadow: px px px px none;border-style:solid;border-radius:0px;border-color:#ffffff;padding:0px;margin:0px;-webkit-transition: all 700ms ease;-moz-transition: all 700ms ease;-ms-transition: all 700ms ease;-o-transition: all 700ms ease;transition: all 700ms ease;\"  data-hover_box_shadow=\"none\"   data-responsive_margins=\"margin:0px;\"   data-normal_margins=\"margin:0px;\"   data-border_color=\"#ffffff\" >[vc_cta h2=&#187;&#187; shape=&#187;square&#187; el_class=&#187;infobox-text&#187;]<strong>Sie w\u00fcnschen sich eine fachkundige Beratung?<\/strong><\/p>\n<p>Seit \u00fcber 40 Jahren beraten wir Industrie, Handel, Gewerbe und selbstst\u00e4ndige und viele andere Branchen rund um das Thema Transportverpackungen.<\/p>\n<p>Nutzen Sie auch ihre Verpackung als Werbetr\u00e4ger und lassen Sie diese mit Ihrem Design und Logo bedrucken. Gerne beraten unsere Fachspezialisten Sie auch bei der Wahl der geeigneten Verpackung.<\/p>\n<p><a href=\"https:\/\/www.medewo.com\/blog\/ch-de\/kontakt\/\">Jetzt Beratung anfordern<\/a>[\/vc_cta]\t\t<\/div><\/div>[vc_empty_space height=&#187;50px&#187;][\/vc_column][\/vc_row][vc_row disable_element=&#187;yes&#187;][vc_column width=&#187;2\/5&#8243;][vc_single_image image=&#187;22597&#8243; img_size=&#187;full&#187;][\/vc_column][vc_column width=&#187;3\/5&#8243;][vc_custom_heading text=&#187;Diese Verpackungen liegen 2023 voll im Trend!&#187; use_theme_fonts=&#187;yes&#187;][vc_column_text]Welche neuen Entwicklungen das neue Jahr 2023 mit sich bringen k\u00f6nnte und welche Verpackungen jetzt im Trend liegen lesen Sie im aktuellen Blog \u00abF\u00fcnf Verpackungstrends f\u00fcrs neue Jahr 2023\u00bb[\/vc_column_text][vc_empty_space height=&#187;12px&#187;]<style type=\"text\/css\" data-type=\"the7_shortcodes-inline-css\">#default-btn-0a62da4b6169be204c9eda8f47434355.ico-right-side > i {\n  margin-right: 0px;\n  margin-left: 8px;\n}\n#default-btn-0a62da4b6169be204c9eda8f47434355 > i {\n  margin-right: 8px;\n}<\/style><a href=\"https:\/\/production-m2.medewo.com\/blog\/ch_de\/loesungen\/verpackungstrends2023\/\" class=\"default-btn-shortcode dt-btn dt-btn-m link-hover-off btn-inline-left \" target=\"_blank\" id=\"default-btn-0a62da4b6169be204c9eda8f47434355\" title=\"Zum Blogartikel\" rel=\"noopener\"><span>Zum Blogartikel<\/span><\/a>[vc_empty_space height=&#187;35px&#187;][\/vc_column][\/vc_row][vc_row][vc_column][vc_empty_space][\/vc_column][\/vc_row][vc_row][vc_column][vc_custom_heading text=&#187;Hier finden Sie ausgew\u00e4hlte Neuheiten aus diesem Spezialkatalog&#187; use_theme_fonts=&#187;yes&#187;][vc_empty_space height=&#187;12px&#187;][vc_column_text]SHORTCODE in REST Request entfernt[\/vc_column_text][vc_empty_space]<style type=\"text\/css\" data-type=\"the7_shortcodes-inline-css\">#default-btn-5f2f44725f53d9311b4ff38d240c543a.ico-right-side > i {\n  margin-right: 0px;\n  margin-left: 8px;\n}\n#default-btn-5f2f44725f53d9311b4ff38d240c543a > i {\n  margin-right: 8px;\n}<\/style><a href=\"https:\/\/www.medewo.com\/ch\/\" class=\"default-btn-shortcode dt-btn dt-btn-m link-hover-off btn-inline-left \" target=\"_blank\" id=\"default-btn-5f2f44725f53d9311b4ff38d240c543a\" title=\"zum MEDEWO Web-Shop\" rel=\"noopener\"><span>Web-Shop entdecken<\/span><\/a>[\/vc_column][\/vc_row]<\/p>\n<\/div>","protected":false},"excerpt":{"rendered":"<p>Verpackungen sind aus unserem Alltag nicht mehr wegzudenken. Sie m\u00f6chten Ihren Transport und die Lagerung so umweltfreundlich wie m\u00f6glich gestalten?<br \/>\nIn diesem Spezialkatalog finden Sie eine Auswahl an \u00f6kologischen Verpackungsl\u00f6sungen, die Ihre Waren und die Umwelt zugleich sch\u00fctzen.<\/p>\n","protected":false},"author":62,"featured_media":26379,"comment_status":"open","ping_status":"closed","sticky":false,"template":"","format":"standard","meta":{"pgc_sgb_lightbox_settings":"","footnotes":""},"categories":[4631],"tags":[],"m2-product-id":[],"class_list":["post-26359","post","type-post","status-publish","format-standard","has-post-thumbnail","hentry","category-kataloge","category-4631","description-off"],"yoast_head":"<!-- This site is optimized with the Yoast SEO plugin v26.8 - https:\/\/yoast.com\/product\/yoast-seo-wordpress\/ -->\n<title>Spezialkatalog 2023 \u2013 Umweltfreundliche Verpackungen - MEDEWO Verpackungen<\/title>\n<meta name=\"robots\" content=\"index, follow, max-snippet:-1, max-image-preview:large, max-video-preview:-1\" \/>\n<link rel=\"canonical\" href=\"https:\/\/www.medewo.com\/blog\/ch-de\/kataloge\/spezialkatalog-umweltfreundliche-verpackungen\/\" \/>\n<meta property=\"og:locale\" content=\"de_DE\" \/>\n<meta property=\"og:type\" content=\"article\" \/>\n<meta property=\"og:title\" content=\"Spezialkatalog 2023 \u2013 Umweltfreundliche Verpackungen - MEDEWO Verpackungen\" \/>\n<meta property=\"og:description\" content=\"Verpackungen sind aus unserem Alltag nicht mehr wegzudenken. Sie m\u00f6chten Ihren Transport und die Lagerung so umweltfreundlich wie m\u00f6glich gestalten? In diesem Spezialkatalog finden Sie eine Auswahl an \u00f6kologischen Verpackungsl\u00f6sungen, die Ihre Waren und die Umwelt zugleich sch\u00fctzen.\" \/>\n<meta property=\"og:url\" content=\"https:\/\/www.medewo.com\/blog\/ch-de\/kataloge\/spezialkatalog-umweltfreundliche-verpackungen\/\" \/>\n<meta property=\"og:site_name\" content=\"MEDEWO Verpackungen\" \/>\n<meta property=\"article:published_time\" content=\"2023-06-29T04:43:23+00:00\" \/>\n<meta property=\"article:modified_time\" content=\"2025-01-17T07:21:34+00:00\" \/>\n<meta property=\"og:image\" content=\"https:\/\/www.medewo.com\/blog\/wp-content\/uploads\/2023\/06\/brauner-und-weisser-karton-mit-klebeband-und-aufschrift-nachhaltig-2.jpg\" \/>\n\t<meta property=\"og:image:width\" content=\"775\" \/>\n\t<meta property=\"og:image:height\" content=\"519\" \/>\n\t<meta property=\"og:image:type\" content=\"image\/jpeg\" \/>\n<meta name=\"author\" content=\"c.pilz\" \/>\n<meta name=\"twitter:card\" content=\"summary_large_image\" \/>\n<meta name=\"twitter:label1\" content=\"Geschrieben von\" \/>\n\t<meta name=\"twitter:data1\" content=\"c.pilz\" \/>\n\t<meta name=\"twitter:label2\" content=\"Gesch\u00e4tzte Lesezeit\" \/>\n\t<meta name=\"twitter:data2\" content=\"3\u00a0Minuten\" \/>\n<script type=\"application\/ld+json\" class=\"yoast-schema-graph\">{\"@context\":\"https:\/\/schema.org\",\"@graph\":[{\"@type\":\"Article\",\"@id\":\"https:\/\/www.medewo.com\/blog\/ch-de\/kataloge\/spezialkatalog-umweltfreundliche-verpackungen\/#article\",\"isPartOf\":{\"@id\":\"https:\/\/www.medewo.com\/blog\/ch-de\/kataloge\/spezialkatalog-umweltfreundliche-verpackungen\/\"},\"author\":{\"name\":\"c.pilz\",\"@id\":\"https:\/\/www.medewo.com\/blog\/ch-de\/#\/schema\/person\/b18173bc0d7e5b29a35773197b37889c\"},\"headline\":\"Spezialkatalog 2023 \u2013 Umweltfreundliche Verpackungen\",\"datePublished\":\"2023-06-29T04:43:23+00:00\",\"dateModified\":\"2025-01-17T07:21:34+00:00\",\"mainEntityOfPage\":{\"@id\":\"https:\/\/www.medewo.com\/blog\/ch-de\/kataloge\/spezialkatalog-umweltfreundliche-verpackungen\/\"},\"wordCount\":730,\"commentCount\":0,\"publisher\":{\"@id\":\"https:\/\/www.medewo.com\/blog\/ch-de\/#organization\"},\"image\":{\"@id\":\"https:\/\/www.medewo.com\/blog\/ch-de\/kataloge\/spezialkatalog-umweltfreundliche-verpackungen\/#primaryimage\"},\"thumbnailUrl\":\"https:\/\/www.medewo.com\/blog\/wp-content\/uploads\/2023\/06\/brauner-und-weisser-karton-mit-klebeband-und-aufschrift-nachhaltig-2.jpg\",\"articleSection\":[\"Kataloge\"],\"inLanguage\":\"de-CH\",\"potentialAction\":[{\"@type\":\"CommentAction\",\"name\":\"Comment\",\"target\":[\"https:\/\/www.medewo.com\/blog\/ch-de\/kataloge\/spezialkatalog-umweltfreundliche-verpackungen\/#respond\"]}]},{\"@type\":\"WebPage\",\"@id\":\"https:\/\/www.medewo.com\/blog\/ch-de\/kataloge\/spezialkatalog-umweltfreundliche-verpackungen\/\",\"url\":\"https:\/\/www.medewo.com\/blog\/ch-de\/kataloge\/spezialkatalog-umweltfreundliche-verpackungen\/\",\"name\":\"Spezialkatalog 2023 \u2013 Umweltfreundliche Verpackungen - MEDEWO Verpackungen\",\"isPartOf\":{\"@id\":\"https:\/\/www.medewo.com\/blog\/ch-de\/#website\"},\"primaryImageOfPage\":{\"@id\":\"https:\/\/www.medewo.com\/blog\/ch-de\/kataloge\/spezialkatalog-umweltfreundliche-verpackungen\/#primaryimage\"},\"image\":{\"@id\":\"https:\/\/www.medewo.com\/blog\/ch-de\/kataloge\/spezialkatalog-umweltfreundliche-verpackungen\/#primaryimage\"},\"thumbnailUrl\":\"https:\/\/www.medewo.com\/blog\/wp-content\/uploads\/2023\/06\/brauner-und-weisser-karton-mit-klebeband-und-aufschrift-nachhaltig-2.jpg\",\"datePublished\":\"2023-06-29T04:43:23+00:00\",\"dateModified\":\"2025-01-17T07:21:34+00:00\",\"breadcrumb\":{\"@id\":\"https:\/\/www.medewo.com\/blog\/ch-de\/kataloge\/spezialkatalog-umweltfreundliche-verpackungen\/#breadcrumb\"},\"inLanguage\":\"de-CH\",\"potentialAction\":[{\"@type\":\"ReadAction\",\"target\":[\"https:\/\/www.medewo.com\/blog\/ch-de\/kataloge\/spezialkatalog-umweltfreundliche-verpackungen\/\"]}]},{\"@type\":\"ImageObject\",\"inLanguage\":\"de-CH\",\"@id\":\"https:\/\/www.medewo.com\/blog\/ch-de\/kataloge\/spezialkatalog-umweltfreundliche-verpackungen\/#primaryimage\",\"url\":\"https:\/\/www.medewo.com\/blog\/wp-content\/uploads\/2023\/06\/brauner-und-weisser-karton-mit-klebeband-und-aufschrift-nachhaltig-2.jpg\",\"contentUrl\":\"https:\/\/www.medewo.com\/blog\/wp-content\/uploads\/2023\/06\/brauner-und-weisser-karton-mit-klebeband-und-aufschrift-nachhaltig-2.jpg\",\"width\":775,\"height\":519,\"caption\":\"Nachhaltigkeit\"},{\"@type\":\"BreadcrumbList\",\"@id\":\"https:\/\/www.medewo.com\/blog\/ch-de\/kataloge\/spezialkatalog-umweltfreundliche-verpackungen\/#breadcrumb\",\"itemListElement\":[{\"@type\":\"ListItem\",\"position\":1,\"name\":\"Startseite\",\"item\":\"https:\/\/www.medewo.com\/blog\/ch-de\/\"},{\"@type\":\"ListItem\",\"position\":2,\"name\":\"Spezialkatalog 2023 \u2013 Umweltfreundliche Verpackungen\"}]},{\"@type\":\"WebSite\",\"@id\":\"https:\/\/www.medewo.com\/blog\/ch-de\/#website\",\"url\":\"https:\/\/www.medewo.com\/blog\/ch-de\/\",\"name\":\"MEDEWO Verpackungen\",\"description\":\"News\",\"publisher\":{\"@id\":\"https:\/\/www.medewo.com\/blog\/ch-de\/#organization\"},\"potentialAction\":[{\"@type\":\"SearchAction\",\"target\":{\"@type\":\"EntryPoint\",\"urlTemplate\":\"https:\/\/www.medewo.com\/blog\/ch-de\/?s={search_term_string}\"},\"query-input\":{\"@type\":\"PropertyValueSpecification\",\"valueRequired\":true,\"valueName\":\"search_term_string\"}}],\"inLanguage\":\"de-CH\"},{\"@type\":\"Organization\",\"@id\":\"https:\/\/www.medewo.com\/blog\/ch-de\/#organization\",\"name\":\"MEDEWO\",\"url\":\"https:\/\/www.medewo.com\/blog\/ch-de\/\",\"logo\":{\"@type\":\"ImageObject\",\"inLanguage\":\"de-CH\",\"@id\":\"https:\/\/www.medewo.com\/blog\/ch-de\/#\/schema\/logo\/image\/\",\"url\":\"https:\/\/www.medewo.com\/blog\/wp-content\/uploads\/2022\/03\/medewo-logo-claim-quer-2.png\",\"contentUrl\":\"https:\/\/www.medewo.com\/blog\/wp-content\/uploads\/2022\/03\/medewo-logo-claim-quer-2.png\",\"width\":350,\"height\":63,\"caption\":\"MEDEWO\"},\"image\":{\"@id\":\"https:\/\/www.medewo.com\/blog\/ch-de\/#\/schema\/logo\/image\/\"}},{\"@type\":\"Person\",\"@id\":\"https:\/\/www.medewo.com\/blog\/ch-de\/#\/schema\/person\/b18173bc0d7e5b29a35773197b37889c\",\"name\":\"c.pilz\",\"image\":{\"@type\":\"ImageObject\",\"inLanguage\":\"de-CH\",\"@id\":\"https:\/\/www.medewo.com\/blog\/ch-de\/#\/schema\/person\/image\/\",\"url\":\"https:\/\/secure.gravatar.com\/avatar\/16ee3397805a04954db055cea3ddaeb1f86e900496ba42365173f78ceef3343a?s=96&d=blank&r=g\",\"contentUrl\":\"https:\/\/secure.gravatar.com\/avatar\/16ee3397805a04954db055cea3ddaeb1f86e900496ba42365173f78ceef3343a?s=96&d=blank&r=g\",\"caption\":\"c.pilz\"}}]}<\/script>\n<!-- \/ Yoast SEO plugin. -->","yoast_head_json":{"title":"Spezialkatalog 2023 \u2013 Umweltfreundliche Verpackungen - MEDEWO Verpackungen","robots":{"index":"index","follow":"follow","max-snippet":"max-snippet:-1","max-image-preview":"max-image-preview:large","max-video-preview":"max-video-preview:-1"},"canonical":"https:\/\/www.medewo.com\/blog\/ch-de\/kataloge\/spezialkatalog-umweltfreundliche-verpackungen\/","og_locale":"de_DE","og_type":"article","og_title":"Spezialkatalog 2023 \u2013 Umweltfreundliche Verpackungen - MEDEWO Verpackungen","og_description":"Verpackungen sind aus unserem Alltag nicht mehr wegzudenken. Sie m\u00f6chten Ihren Transport und die Lagerung so umweltfreundlich wie m\u00f6glich gestalten? In diesem Spezialkatalog finden Sie eine Auswahl an \u00f6kologischen Verpackungsl\u00f6sungen, die Ihre Waren und die Umwelt zugleich sch\u00fctzen.","og_url":"https:\/\/www.medewo.com\/blog\/ch-de\/kataloge\/spezialkatalog-umweltfreundliche-verpackungen\/","og_site_name":"MEDEWO Verpackungen","article_published_time":"2023-06-29T04:43:23+00:00","article_modified_time":"2025-01-17T07:21:34+00:00","og_image":[{"width":775,"height":519,"url":"https:\/\/www.medewo.com\/blog\/wp-content\/uploads\/2023\/06\/brauner-und-weisser-karton-mit-klebeband-und-aufschrift-nachhaltig-2.jpg","type":"image\/jpeg"}],"author":"c.pilz","twitter_card":"summary_large_image","twitter_misc":{"Geschrieben von":"c.pilz","Gesch\u00e4tzte Lesezeit":"3\u00a0Minuten"},"schema":{"@context":"https:\/\/schema.org","@graph":[{"@type":"Article","@id":"https:\/\/www.medewo.com\/blog\/ch-de\/kataloge\/spezialkatalog-umweltfreundliche-verpackungen\/#article","isPartOf":{"@id":"https:\/\/www.medewo.com\/blog\/ch-de\/kataloge\/spezialkatalog-umweltfreundliche-verpackungen\/"},"author":{"name":"c.pilz","@id":"https:\/\/www.medewo.com\/blog\/ch-de\/#\/schema\/person\/b18173bc0d7e5b29a35773197b37889c"},"headline":"Spezialkatalog 2023 \u2013 Umweltfreundliche Verpackungen","datePublished":"2023-06-29T04:43:23+00:00","dateModified":"2025-01-17T07:21:34+00:00","mainEntityOfPage":{"@id":"https:\/\/www.medewo.com\/blog\/ch-de\/kataloge\/spezialkatalog-umweltfreundliche-verpackungen\/"},"wordCount":730,"commentCount":0,"publisher":{"@id":"https:\/\/www.medewo.com\/blog\/ch-de\/#organization"},"image":{"@id":"https:\/\/www.medewo.com\/blog\/ch-de\/kataloge\/spezialkatalog-umweltfreundliche-verpackungen\/#primaryimage"},"thumbnailUrl":"https:\/\/www.medewo.com\/blog\/wp-content\/uploads\/2023\/06\/brauner-und-weisser-karton-mit-klebeband-und-aufschrift-nachhaltig-2.jpg","articleSection":["Kataloge"],"inLanguage":"de-CH","potentialAction":[{"@type":"CommentAction","name":"Comment","target":["https:\/\/www.medewo.com\/blog\/ch-de\/kataloge\/spezialkatalog-umweltfreundliche-verpackungen\/#respond"]}]},{"@type":"WebPage","@id":"https:\/\/www.medewo.com\/blog\/ch-de\/kataloge\/spezialkatalog-umweltfreundliche-verpackungen\/","url":"https:\/\/www.medewo.com\/blog\/ch-de\/kataloge\/spezialkatalog-umweltfreundliche-verpackungen\/","name":"Spezialkatalog 2023 \u2013 Umweltfreundliche Verpackungen - MEDEWO Verpackungen","isPartOf":{"@id":"https:\/\/www.medewo.com\/blog\/ch-de\/#website"},"primaryImageOfPage":{"@id":"https:\/\/www.medewo.com\/blog\/ch-de\/kataloge\/spezialkatalog-umweltfreundliche-verpackungen\/#primaryimage"},"image":{"@id":"https:\/\/www.medewo.com\/blog\/ch-de\/kataloge\/spezialkatalog-umweltfreundliche-verpackungen\/#primaryimage"},"thumbnailUrl":"https:\/\/www.medewo.com\/blog\/wp-content\/uploads\/2023\/06\/brauner-und-weisser-karton-mit-klebeband-und-aufschrift-nachhaltig-2.jpg","datePublished":"2023-06-29T04:43:23+00:00","dateModified":"2025-01-17T07:21:34+00:00","breadcrumb":{"@id":"https:\/\/www.medewo.com\/blog\/ch-de\/kataloge\/spezialkatalog-umweltfreundliche-verpackungen\/#breadcrumb"},"inLanguage":"de-CH","potentialAction":[{"@type":"ReadAction","target":["https:\/\/www.medewo.com\/blog\/ch-de\/kataloge\/spezialkatalog-umweltfreundliche-verpackungen\/"]}]},{"@type":"ImageObject","inLanguage":"de-CH","@id":"https:\/\/www.medewo.com\/blog\/ch-de\/kataloge\/spezialkatalog-umweltfreundliche-verpackungen\/#primaryimage","url":"https:\/\/www.medewo.com\/blog\/wp-content\/uploads\/2023\/06\/brauner-und-weisser-karton-mit-klebeband-und-aufschrift-nachhaltig-2.jpg","contentUrl":"https:\/\/www.medewo.com\/blog\/wp-content\/uploads\/2023\/06\/brauner-und-weisser-karton-mit-klebeband-und-aufschrift-nachhaltig-2.jpg","width":775,"height":519,"caption":"Nachhaltigkeit"},{"@type":"BreadcrumbList","@id":"https:\/\/www.medewo.com\/blog\/ch-de\/kataloge\/spezialkatalog-umweltfreundliche-verpackungen\/#breadcrumb","itemListElement":[{"@type":"ListItem","position":1,"name":"Startseite","item":"https:\/\/www.medewo.com\/blog\/ch-de\/"},{"@type":"ListItem","position":2,"name":"Spezialkatalog 2023 \u2013 Umweltfreundliche Verpackungen"}]},{"@type":"WebSite","@id":"https:\/\/www.medewo.com\/blog\/ch-de\/#website","url":"https:\/\/www.medewo.com\/blog\/ch-de\/","name":"MEDEWO Verpackungen","description":"News","publisher":{"@id":"https:\/\/www.medewo.com\/blog\/ch-de\/#organization"},"potentialAction":[{"@type":"SearchAction","target":{"@type":"EntryPoint","urlTemplate":"https:\/\/www.medewo.com\/blog\/ch-de\/?s={search_term_string}"},"query-input":{"@type":"PropertyValueSpecification","valueRequired":true,"valueName":"search_term_string"}}],"inLanguage":"de-CH"},{"@type":"Organization","@id":"https:\/\/www.medewo.com\/blog\/ch-de\/#organization","name":"MEDEWO","url":"https:\/\/www.medewo.com\/blog\/ch-de\/","logo":{"@type":"ImageObject","inLanguage":"de-CH","@id":"https:\/\/www.medewo.com\/blog\/ch-de\/#\/schema\/logo\/image\/","url":"https:\/\/www.medewo.com\/blog\/wp-content\/uploads\/2022\/03\/medewo-logo-claim-quer-2.png","contentUrl":"https:\/\/www.medewo.com\/blog\/wp-content\/uploads\/2022\/03\/medewo-logo-claim-quer-2.png","width":350,"height":63,"caption":"MEDEWO"},"image":{"@id":"https:\/\/www.medewo.com\/blog\/ch-de\/#\/schema\/logo\/image\/"}},{"@type":"Person","@id":"https:\/\/www.medewo.com\/blog\/ch-de\/#\/schema\/person\/b18173bc0d7e5b29a35773197b37889c","name":"c.pilz","image":{"@type":"ImageObject","inLanguage":"de-CH","@id":"https:\/\/www.medewo.com\/blog\/ch-de\/#\/schema\/person\/image\/","url":"https:\/\/secure.gravatar.com\/avatar\/16ee3397805a04954db055cea3ddaeb1f86e900496ba42365173f78ceef3343a?s=96&d=blank&r=g","contentUrl":"https:\/\/secure.gravatar.com\/avatar\/16ee3397805a04954db055cea3ddaeb1f86e900496ba42365173f78ceef3343a?s=96&d=blank&r=g","caption":"c.pilz"}}]}},"magento_index":false,"_links":{"self":[{"href":"https:\/\/www.medewo.com\/blog\/ch-de\/wp-json\/wp\/v2\/posts\/26359","targetHints":{"allow":["GET"]}}],"collection":[{"href":"https:\/\/www.medewo.com\/blog\/ch-de\/wp-json\/wp\/v2\/posts"}],"about":[{"href":"https:\/\/www.medewo.com\/blog\/ch-de\/wp-json\/wp\/v2\/types\/post"}],"author":[{"embeddable":true,"href":"https:\/\/www.medewo.com\/blog\/ch-de\/wp-json\/wp\/v2\/users\/62"}],"replies":[{"embeddable":true,"href":"https:\/\/www.medewo.com\/blog\/ch-de\/wp-json\/wp\/v2\/comments?post=26359"}],"version-history":[{"count":7,"href":"https:\/\/www.medewo.com\/blog\/ch-de\/wp-json\/wp\/v2\/posts\/26359\/revisions"}],"predecessor-version":[{"id":32042,"href":"https:\/\/www.medewo.com\/blog\/ch-de\/wp-json\/wp\/v2\/posts\/26359\/revisions\/32042"}],"wp:featuredmedia":[{"embeddable":true,"href":"https:\/\/www.medewo.com\/blog\/ch-de\/wp-json\/wp\/v2\/media\/26379"}],"wp:attachment":[{"href":"https:\/\/www.medewo.com\/blog\/ch-de\/wp-json\/wp\/v2\/media?parent=26359"}],"wp:term":[{"taxonomy":"category","embeddable":true,"href":"https:\/\/www.medewo.com\/blog\/ch-de\/wp-json\/wp\/v2\/categories?post=26359"},{"taxonomy":"post_tag","embeddable":true,"href":"https:\/\/www.medewo.com\/blog\/ch-de\/wp-json\/wp\/v2\/tags?post=26359"},{"taxonomy":"m2-product-id","embeddable":true,"href":"https:\/\/www.medewo.com\/blog\/ch-de\/wp-json\/wp\/v2\/m2-product-id?post=26359"}],"curies":[{"name":"wp","href":"https:\/\/api.w.org\/{rel}","templated":true}]}}