{"id":24544,"date":"2023-03-31T14:35:14","date_gmt":"2023-03-31T12:35:14","guid":{"rendered":"https:\/\/www.medewo.com\/blog\/?p=24544"},"modified":"2024-07-23T13:02:44","modified_gmt":"2024-07-23T11:02:44","slug":"spezialkatalog-spedition-versand","status":"publish","type":"post","link":"https:\/\/www.medewo.com\/blog\/ch-de\/kataloge\/spezialkatalog-spedition-versand\/","title":{"rendered":"Spezialkatalog 2023 \u2013 Spedition &#038; Versand"},"content":{"rendered":"<div class=\"wpb-content-wrapper\"><p>[vc_row][vc_column][vc_column_text]<\/p>\n<h2>Vom Stretchen, Umreifen, Palettieren \u00fcber Oberfl\u00e4chenschutz, F\u00fcll- &amp; Polstermaterial bis zu Thermoverpackungen<\/h2>\n<p>[\/vc_column_text][\/vc_column][\/vc_row][vc_row][vc_column][vc_empty_space height=&#187;16px&#187;][vc_column_text]Geht Ihre Ware optimal gesch\u00fctzt in den Versand? Mit dem richtigen Verpackungsmaterial polstern Sie Ihre Waren sicher und schonen empfindliche Oberfl\u00e4chen sowie Kanten uvm.<\/p>\n<p>Unterschiedlichste M\u00f6glichkeiten f\u00fcr die Sicherung Ihrer Waren finden Sie in diesem Spezialkatalog.[\/vc_column_text][vc_empty_space][\/vc_column][\/vc_row][vc_row][vc_column][vc_wp_text]<\/p>\n<div style=\"position: relative; padding-top: max(60%,326px); height: 0; width: 100%;\"><iframe style=\"position: absolute; border: none; width: 100%; height: 100%; left: 0; right: 0; top: 0; bottom: 0;\" src=\"https:\/\/e.issuu.com\/embed.html?d=23m_tm2_spedition_versand_des_komprimiert&amp;hideIssuuLogo=true&amp;u=medewo-rausch\" sandbox=\"allow-top-navigation allow-top-navigation-by-user-activation allow-downloads allow-scripts allow-same-origin allow-popups allow-modals allow-popups-to-escape-sandbox allow-forms\" allowfullscreen=\"allowfullscreen\"><\/iframe><\/div>\n<p>[\/vc_wp_text][\/vc_column][\/vc_row][vc_row][vc_column][vc_empty_space height=&#187;35 px&#187;][\/vc_column][\/vc_row][vc_row][vc_column][vc_column_text]Der dargestellte Katalog zum Bl\u00e4ttern zeigt unseren gedruckten Spezialkatalog \u00abSpedition &amp; Versand\u00bb. Weitere <a href=\"https:\/\/www.medewo.com\/ch-de\/themen-shops\/medewo-neuheiten.html\" target=\"_blank\">Neuheiten<\/a> sowie aktuell g\u00fcltigen Preise* finden Sie in unserem <a href=\"https:\/\/www.medewo.com\/ch-de\/\" target=\"_blank\">Web-Shop<\/a>.<br \/>\nDownload: Links oben im Bl\u00e4tterkatalog finden Sie die Download-Funktion.<\/p>\n<p><em>* Aufgrund stark schwankender Rohstoff- und Frachtpreise kann es bei einigen Produkten zu Preisanpassungen kommen.<\/em>[\/vc_column_text][vc_empty_space height=&#187;35px&#187;][\/vc_column][\/vc_row][vc_row][vc_column width=&#187;1\/3&#8243;][vc_empty_space height=&#187;9px&#187;][vc_single_image image=&#187;21613&#8243; img_size=&#187;&#187;][\/vc_column][vc_column width=&#187;2\/3&#8243;][vc_column_text]<strong>Entdecken Sie unseren Web-Shop mit \u00fcber 4&#8217;000 Verpackungsl\u00f6sungen<\/strong><\/p>\n<ul>\n<li>umfangreiches Lagersortiment \u2013 auch in kleinen Mengen<\/li>\n<li>grosse Auswahl an nachhaltigen und ressourcenschonenden Verpackungen<\/li>\n<li>schnelle Lieferung in 24h<\/li>\n<li>gratis Muster \u2013 gepr\u00fcfte Qualit\u00e4t &amp; innovative Materialien<\/li>\n<li>fachkundige Beratung \u2013 \u00fcber 40 Jahre Erfahrung<\/li>\n<\/ul>\n<p>[\/vc_column_text][vc_empty_space]<style type=\"text\/css\" data-type=\"the7_shortcodes-inline-css\">#default-btn-5f2f44725f53d9311b4ff38d240c543a.ico-right-side > i {\n  margin-right: 0px;\n  margin-left: 8px;\n}\n#default-btn-5f2f44725f53d9311b4ff38d240c543a > i {\n  margin-right: 8px;\n}<\/style><a href=\"https:\/\/www.medewo.com\/ch\/\" class=\"default-btn-shortcode dt-btn dt-btn-m link-hover-off btn-inline-left \" target=\"_blank\" id=\"default-btn-5f2f44725f53d9311b4ff38d240c543a\" title=\"zum MEDEWO Web-Shop\" rel=\"noopener\"><span>Jetzt MEDEWO Web-Shop entdecken<\/span><\/a>[vc_empty_space][\/vc_column][\/vc_row][vc_row][vc_column][vc_empty_space height=&#187;30px&#187;][\/vc_column][\/vc_row][vc_row disable_element=&#187;yes&#187;][vc_column][vc_column_text]Unser engagiertes Team ist tagt\u00e4glich im Einsatz, um die Lieferbereitschaft \u00fcber das gesamte Sortiment hoch zu halten, um auf die jeweilige aktuelle Lage um Rohstoffe, Produktion und Logistik schnell reagieren zu k\u00f6nnen. Lassen Sie sich zudem von uns beraten, welche Vorteile Sie bei vorausschauender Planung in Bezug auf Verf\u00fcgbarkeit und Preis haben.[\/vc_column_text][\/vc_column][\/vc_row][vc_row][vc_column][vc_empty_space][\/vc_column][\/vc_row][vc_row][vc_column el_class=&#187;infobox-image&#187;]<div class=\"ult-content-box-container \" >\t\t<div class=\"ult-content-box\" style=\"box-shadow: px px px px none;border-style:solid;border-radius:0px;border-color:#ffffff;padding:0px;margin:0px;-webkit-transition: all 700ms ease;-moz-transition: all 700ms ease;-ms-transition: all 700ms ease;-o-transition: all 700ms ease;transition: all 700ms ease;\"  data-hover_box_shadow=\"none\"   data-responsive_margins=\"margin:0px;\"   data-normal_margins=\"margin:0px;\"   data-border_color=\"#ffffff\" >[vc_cta h2=&#187;&#187; shape=&#187;square&#187; el_class=&#187;infobox-text&#187;]<strong>Sie w\u00fcnschen sich eine fachkundige Beratung?<\/strong><\/p>\n<p>Seit \u00fcber 40 Jahren beraten wir Industrie, Handel, Gewerbe und selbstst\u00e4ndige und viele andere Branchen rund um das Thema Transportverpackungen.<\/p>\n<p>Nutzen Sie auch ihre Verpackung als Werbetr\u00e4ger und lassen Sie diese mit Ihrem Design und Logo bedrucken. Gerne beraten unsere Fachspezialisten Sie auch bei der Wahl der geeigneten Verpackung.<\/p>\n<p><a href=\"https:\/\/www.medewo.com\/blog\/ch-de\/kontakt\/\">Jetzt Beratung anfordern<\/a>[\/vc_cta]\t\t<\/div><\/div>[vc_empty_space height=&#187;50px&#187;][\/vc_column][\/vc_row][vc_row disable_element=&#187;yes&#187;][vc_column width=&#187;2\/5&#8243;][vc_single_image image=&#187;22597&#8243; img_size=&#187;full&#187;][\/vc_column][vc_column width=&#187;3\/5&#8243;][vc_custom_heading text=&#187;Diese Verpackungen liegen 2023 voll im Trend!&#187; use_theme_fonts=&#187;yes&#187;][vc_column_text]Welche neuen Entwicklungen das neue Jahr 2023 mit sich bringen k\u00f6nnte und welche Verpackungen jetzt im Trend liegen lesen Sie im aktuellen Blog \u00abF\u00fcnf Verpackungstrends f\u00fcrs neue Jahr 2023\u00bb[\/vc_column_text][vc_empty_space height=&#187;12px&#187;]<style type=\"text\/css\" data-type=\"the7_shortcodes-inline-css\">#default-btn-0a62da4b6169be204c9eda8f47434355.ico-right-side > i {\n  margin-right: 0px;\n  margin-left: 8px;\n}\n#default-btn-0a62da4b6169be204c9eda8f47434355 > i {\n  margin-right: 8px;\n}<\/style><a href=\"https:\/\/production-m2.medewo.com\/blog\/ch_de\/loesungen\/verpackungstrends2023\/\" class=\"default-btn-shortcode dt-btn dt-btn-m link-hover-off btn-inline-left \" target=\"_blank\" id=\"default-btn-0a62da4b6169be204c9eda8f47434355\" title=\"Zum Blogartikel\" rel=\"noopener\"><span>Zum Blogartikel<\/span><\/a>[vc_empty_space height=&#187;35px&#187;][\/vc_column][\/vc_row][vc_row][vc_column][vc_empty_space][\/vc_column][\/vc_row][vc_row][vc_column][vc_custom_heading text=&#187;Hier finden Sie ausgew\u00e4hlte Neuheiten aus diesem Spezialkatalog&#187; use_theme_fonts=&#187;yes&#187;][vc_empty_space height=&#187;12px&#187;][vc_column_text]SHORTCODE in REST Request entfernt[\/vc_column_text][vc_empty_space]<style type=\"text\/css\" data-type=\"the7_shortcodes-inline-css\">#default-btn-5f2f44725f53d9311b4ff38d240c543a.ico-right-side > i {\n  margin-right: 0px;\n  margin-left: 8px;\n}\n#default-btn-5f2f44725f53d9311b4ff38d240c543a > i {\n  margin-right: 8px;\n}<\/style><a href=\"https:\/\/www.medewo.com\/ch\/\" class=\"default-btn-shortcode dt-btn dt-btn-m link-hover-off btn-inline-left \" target=\"_blank\" id=\"default-btn-5f2f44725f53d9311b4ff38d240c543a\" title=\"zum MEDEWO Web-Shop\" rel=\"noopener\"><span>Web-Shop entdecken<\/span><\/a>[\/vc_column][\/vc_row]<\/p>\n<\/div>","protected":false},"excerpt":{"rendered":"<p>Geht Ihre Ware optimal gesch\u00fctzt in den Versand? Mit dem richtigen Verpackungsmaterial polstern Sie Ihre Waren sicher und schonen empfindliche Oberfl\u00e4chen sowie Kanten uvm.<\/p>\n","protected":false},"author":60,"featured_media":24615,"comment_status":"open","ping_status":"closed","sticky":false,"template":"","format":"standard","meta":{"pgc_sgb_lightbox_settings":"","footnotes":""},"categories":[4629,4631],"tags":[],"m2-product-id":[],"class_list":{"0":"post-24544","1":"post","2":"type-post","3":"status-publish","4":"format-standard","5":"has-post-thumbnail","6":"hentry","7":"category-kataloge","9":"category-4629","10":"category-4631","11":"description-off"},"yoast_head":"<!-- This site is optimized with the Yoast SEO plugin v27.1.1 - https:\/\/yoast.com\/product\/yoast-seo-wordpress\/ -->\n<title>Spezialkatalog 2023 \u2013 Spedition &amp; Versand - MEDEWO Verpackungen<\/title>\n<meta name=\"robots\" content=\"index, follow, max-snippet:-1, max-image-preview:large, max-video-preview:-1\" \/>\n<link rel=\"canonical\" href=\"https:\/\/www.medewo.com\/blog\/ch-de\/kataloge\/spezialkatalog-spedition-versand\/\" \/>\n<meta property=\"og:locale\" content=\"de_DE\" \/>\n<meta property=\"og:type\" content=\"article\" \/>\n<meta property=\"og:title\" content=\"Spezialkatalog 2023 \u2013 Spedition &amp; Versand - MEDEWO Verpackungen\" \/>\n<meta property=\"og:description\" content=\"Geht Ihre Ware optimal gesch\u00fctzt in den Versand? Mit dem richtigen Verpackungsmaterial polstern Sie Ihre Waren sicher und schonen empfindliche Oberfl\u00e4chen sowie Kanten uvm.\" \/>\n<meta property=\"og:url\" content=\"https:\/\/www.medewo.com\/blog\/ch-de\/kataloge\/spezialkatalog-spedition-versand\/\" \/>\n<meta property=\"og:site_name\" content=\"MEDEWO Verpackungen\" \/>\n<meta property=\"article:published_time\" content=\"2023-03-31T12:35:14+00:00\" \/>\n<meta property=\"article:modified_time\" content=\"2024-07-23T11:02:44+00:00\" \/>\n<meta property=\"og:image\" content=\"https:\/\/www.medewo.com\/blog\/wp-content\/uploads\/2023\/03\/Vorlage-Hauptbild-MEDEWO-Blog-1.jpg\" \/>\n\t<meta property=\"og:image:width\" content=\"775\" \/>\n\t<meta property=\"og:image:height\" content=\"519\" \/>\n\t<meta property=\"og:image:type\" content=\"image\/jpeg\" \/>\n<meta name=\"author\" content=\"l.schianchi\" \/>\n<meta name=\"twitter:card\" content=\"summary_large_image\" \/>\n<meta name=\"twitter:label1\" content=\"Geschrieben von\" \/>\n\t<meta name=\"twitter:data1\" content=\"l.schianchi\" \/>\n\t<meta name=\"twitter:label2\" content=\"Gesch\u00e4tzte Lesezeit\" \/>\n\t<meta name=\"twitter:data2\" content=\"3\u00a0Minuten\" \/>\n<script type=\"application\/ld+json\" class=\"yoast-schema-graph\">{\"@context\":\"https:\/\/schema.org\",\"@graph\":[{\"@type\":\"Article\",\"@id\":\"https:\/\/www.medewo.com\/blog\/ch-de\/kataloge\/spezialkatalog-spedition-versand\/#article\",\"isPartOf\":{\"@id\":\"https:\/\/www.medewo.com\/blog\/ch-de\/kataloge\/spezialkatalog-spedition-versand\/\"},\"author\":{\"name\":\"l.schianchi\",\"@id\":\"https:\/\/www.medewo.com\/blog\/ch-de\/#\/schema\/person\/da2ea418df7e9f63e8ba9aa84a847f43\"},\"headline\":\"Spezialkatalog 2023 \u2013 Spedition &#038; Versand\",\"datePublished\":\"2023-03-31T12:35:14+00:00\",\"dateModified\":\"2024-07-23T11:02:44+00:00\",\"mainEntityOfPage\":{\"@id\":\"https:\/\/www.medewo.com\/blog\/ch-de\/kataloge\/spezialkatalog-spedition-versand\/\"},\"wordCount\":734,\"commentCount\":0,\"publisher\":{\"@id\":\"https:\/\/www.medewo.com\/blog\/ch-de\/#organization\"},\"image\":{\"@id\":\"https:\/\/www.medewo.com\/blog\/ch-de\/kataloge\/spezialkatalog-spedition-versand\/#primaryimage\"},\"thumbnailUrl\":\"https:\/\/www.medewo.com\/blog\/wp-content\/uploads\/2023\/03\/Vorlage-Hauptbild-MEDEWO-Blog-1.jpg\",\"articleSection\":[\"Kataloge\",\"Kataloge\"],\"inLanguage\":\"de-CH\",\"potentialAction\":[{\"@type\":\"CommentAction\",\"name\":\"Comment\",\"target\":[\"https:\/\/www.medewo.com\/blog\/ch-de\/kataloge\/spezialkatalog-spedition-versand\/#respond\"]}]},{\"@type\":\"WebPage\",\"@id\":\"https:\/\/www.medewo.com\/blog\/ch-de\/kataloge\/spezialkatalog-spedition-versand\/\",\"url\":\"https:\/\/www.medewo.com\/blog\/ch-de\/kataloge\/spezialkatalog-spedition-versand\/\",\"name\":\"Spezialkatalog 2023 \u2013 Spedition & Versand - MEDEWO Verpackungen\",\"isPartOf\":{\"@id\":\"https:\/\/www.medewo.com\/blog\/ch-de\/#website\"},\"primaryImageOfPage\":{\"@id\":\"https:\/\/www.medewo.com\/blog\/ch-de\/kataloge\/spezialkatalog-spedition-versand\/#primaryimage\"},\"image\":{\"@id\":\"https:\/\/www.medewo.com\/blog\/ch-de\/kataloge\/spezialkatalog-spedition-versand\/#primaryimage\"},\"thumbnailUrl\":\"https:\/\/www.medewo.com\/blog\/wp-content\/uploads\/2023\/03\/Vorlage-Hauptbild-MEDEWO-Blog-1.jpg\",\"datePublished\":\"2023-03-31T12:35:14+00:00\",\"dateModified\":\"2024-07-23T11:02:44+00:00\",\"breadcrumb\":{\"@id\":\"https:\/\/www.medewo.com\/blog\/ch-de\/kataloge\/spezialkatalog-spedition-versand\/#breadcrumb\"},\"inLanguage\":\"de-CH\",\"potentialAction\":[{\"@type\":\"ReadAction\",\"target\":[\"https:\/\/www.medewo.com\/blog\/ch-de\/kataloge\/spezialkatalog-spedition-versand\/\"]}]},{\"@type\":\"ImageObject\",\"inLanguage\":\"de-CH\",\"@id\":\"https:\/\/www.medewo.com\/blog\/ch-de\/kataloge\/spezialkatalog-spedition-versand\/#primaryimage\",\"url\":\"https:\/\/www.medewo.com\/blog\/wp-content\/uploads\/2023\/03\/Vorlage-Hauptbild-MEDEWO-Blog-1.jpg\",\"contentUrl\":\"https:\/\/www.medewo.com\/blog\/wp-content\/uploads\/2023\/03\/Vorlage-Hauptbild-MEDEWO-Blog-1.jpg\",\"width\":775,\"height\":519,\"caption\":\"Hauptbild_Spezialkatalog_2023_Spedition_Versand\"},{\"@type\":\"BreadcrumbList\",\"@id\":\"https:\/\/www.medewo.com\/blog\/ch-de\/kataloge\/spezialkatalog-spedition-versand\/#breadcrumb\",\"itemListElement\":[{\"@type\":\"ListItem\",\"position\":1,\"name\":\"Startseite\",\"item\":\"https:\/\/www.medewo.com\/blog\/ch-de\/\"},{\"@type\":\"ListItem\",\"position\":2,\"name\":\"Spezialkatalog 2023 \u2013 Spedition &#038; Versand\"}]},{\"@type\":\"WebSite\",\"@id\":\"https:\/\/www.medewo.com\/blog\/ch-de\/#website\",\"url\":\"https:\/\/www.medewo.com\/blog\/ch-de\/\",\"name\":\"MEDEWO Verpackungen\",\"description\":\"News\",\"publisher\":{\"@id\":\"https:\/\/www.medewo.com\/blog\/ch-de\/#organization\"},\"potentialAction\":[{\"@type\":\"SearchAction\",\"target\":{\"@type\":\"EntryPoint\",\"urlTemplate\":\"https:\/\/www.medewo.com\/blog\/ch-de\/?s={search_term_string}\"},\"query-input\":{\"@type\":\"PropertyValueSpecification\",\"valueRequired\":true,\"valueName\":\"search_term_string\"}}],\"inLanguage\":\"de-CH\"},{\"@type\":\"Organization\",\"@id\":\"https:\/\/www.medewo.com\/blog\/ch-de\/#organization\",\"name\":\"MEDEWO\",\"url\":\"https:\/\/www.medewo.com\/blog\/ch-de\/\",\"logo\":{\"@type\":\"ImageObject\",\"inLanguage\":\"de-CH\",\"@id\":\"https:\/\/www.medewo.com\/blog\/ch-de\/#\/schema\/logo\/image\/\",\"url\":\"https:\/\/www.medewo.com\/blog\/wp-content\/uploads\/2022\/03\/medewo-logo-claim-quer-2.png\",\"contentUrl\":\"https:\/\/www.medewo.com\/blog\/wp-content\/uploads\/2022\/03\/medewo-logo-claim-quer-2.png\",\"width\":350,\"height\":63,\"caption\":\"MEDEWO\"},\"image\":{\"@id\":\"https:\/\/www.medewo.com\/blog\/ch-de\/#\/schema\/logo\/image\/\"}},{\"@type\":\"Person\",\"@id\":\"https:\/\/www.medewo.com\/blog\/ch-de\/#\/schema\/person\/da2ea418df7e9f63e8ba9aa84a847f43\",\"name\":\"l.schianchi\",\"image\":{\"@type\":\"ImageObject\",\"inLanguage\":\"de-CH\",\"@id\":\"https:\/\/www.medewo.com\/blog\/ch-de\/#\/schema\/person\/image\/\",\"url\":\"https:\/\/secure.gravatar.com\/avatar\/58dcdbc022b8816eb589b73985a24ee7eb3e22891a0bac691a8d615cfd873bda?s=96&d=blank&r=g\",\"contentUrl\":\"https:\/\/secure.gravatar.com\/avatar\/58dcdbc022b8816eb589b73985a24ee7eb3e22891a0bac691a8d615cfd873bda?s=96&d=blank&r=g\",\"caption\":\"l.schianchi\"}}]}<\/script>\n<!-- \/ Yoast SEO plugin. -->","yoast_head_json":{"title":"Spezialkatalog 2023 \u2013 Spedition & Versand - MEDEWO Verpackungen","robots":{"index":"index","follow":"follow","max-snippet":"max-snippet:-1","max-image-preview":"max-image-preview:large","max-video-preview":"max-video-preview:-1"},"canonical":"https:\/\/www.medewo.com\/blog\/ch-de\/kataloge\/spezialkatalog-spedition-versand\/","og_locale":"de_DE","og_type":"article","og_title":"Spezialkatalog 2023 \u2013 Spedition & Versand - MEDEWO Verpackungen","og_description":"Geht Ihre Ware optimal gesch\u00fctzt in den Versand? Mit dem richtigen Verpackungsmaterial polstern Sie Ihre Waren sicher und schonen empfindliche Oberfl\u00e4chen sowie Kanten uvm.","og_url":"https:\/\/www.medewo.com\/blog\/ch-de\/kataloge\/spezialkatalog-spedition-versand\/","og_site_name":"MEDEWO Verpackungen","article_published_time":"2023-03-31T12:35:14+00:00","article_modified_time":"2024-07-23T11:02:44+00:00","og_image":[{"width":775,"height":519,"url":"https:\/\/www.medewo.com\/blog\/wp-content\/uploads\/2023\/03\/Vorlage-Hauptbild-MEDEWO-Blog-1.jpg","type":"image\/jpeg"}],"author":"l.schianchi","twitter_card":"summary_large_image","twitter_misc":{"Geschrieben von":"l.schianchi","Gesch\u00e4tzte Lesezeit":"3\u00a0Minuten"},"schema":{"@context":"https:\/\/schema.org","@graph":[{"@type":"Article","@id":"https:\/\/www.medewo.com\/blog\/ch-de\/kataloge\/spezialkatalog-spedition-versand\/#article","isPartOf":{"@id":"https:\/\/www.medewo.com\/blog\/ch-de\/kataloge\/spezialkatalog-spedition-versand\/"},"author":{"name":"l.schianchi","@id":"https:\/\/www.medewo.com\/blog\/ch-de\/#\/schema\/person\/da2ea418df7e9f63e8ba9aa84a847f43"},"headline":"Spezialkatalog 2023 \u2013 Spedition &#038; Versand","datePublished":"2023-03-31T12:35:14+00:00","dateModified":"2024-07-23T11:02:44+00:00","mainEntityOfPage":{"@id":"https:\/\/www.medewo.com\/blog\/ch-de\/kataloge\/spezialkatalog-spedition-versand\/"},"wordCount":734,"commentCount":0,"publisher":{"@id":"https:\/\/www.medewo.com\/blog\/ch-de\/#organization"},"image":{"@id":"https:\/\/www.medewo.com\/blog\/ch-de\/kataloge\/spezialkatalog-spedition-versand\/#primaryimage"},"thumbnailUrl":"https:\/\/www.medewo.com\/blog\/wp-content\/uploads\/2023\/03\/Vorlage-Hauptbild-MEDEWO-Blog-1.jpg","articleSection":["Kataloge","Kataloge"],"inLanguage":"de-CH","potentialAction":[{"@type":"CommentAction","name":"Comment","target":["https:\/\/www.medewo.com\/blog\/ch-de\/kataloge\/spezialkatalog-spedition-versand\/#respond"]}]},{"@type":"WebPage","@id":"https:\/\/www.medewo.com\/blog\/ch-de\/kataloge\/spezialkatalog-spedition-versand\/","url":"https:\/\/www.medewo.com\/blog\/ch-de\/kataloge\/spezialkatalog-spedition-versand\/","name":"Spezialkatalog 2023 \u2013 Spedition & Versand - MEDEWO Verpackungen","isPartOf":{"@id":"https:\/\/www.medewo.com\/blog\/ch-de\/#website"},"primaryImageOfPage":{"@id":"https:\/\/www.medewo.com\/blog\/ch-de\/kataloge\/spezialkatalog-spedition-versand\/#primaryimage"},"image":{"@id":"https:\/\/www.medewo.com\/blog\/ch-de\/kataloge\/spezialkatalog-spedition-versand\/#primaryimage"},"thumbnailUrl":"https:\/\/www.medewo.com\/blog\/wp-content\/uploads\/2023\/03\/Vorlage-Hauptbild-MEDEWO-Blog-1.jpg","datePublished":"2023-03-31T12:35:14+00:00","dateModified":"2024-07-23T11:02:44+00:00","breadcrumb":{"@id":"https:\/\/www.medewo.com\/blog\/ch-de\/kataloge\/spezialkatalog-spedition-versand\/#breadcrumb"},"inLanguage":"de-CH","potentialAction":[{"@type":"ReadAction","target":["https:\/\/www.medewo.com\/blog\/ch-de\/kataloge\/spezialkatalog-spedition-versand\/"]}]},{"@type":"ImageObject","inLanguage":"de-CH","@id":"https:\/\/www.medewo.com\/blog\/ch-de\/kataloge\/spezialkatalog-spedition-versand\/#primaryimage","url":"https:\/\/www.medewo.com\/blog\/wp-content\/uploads\/2023\/03\/Vorlage-Hauptbild-MEDEWO-Blog-1.jpg","contentUrl":"https:\/\/www.medewo.com\/blog\/wp-content\/uploads\/2023\/03\/Vorlage-Hauptbild-MEDEWO-Blog-1.jpg","width":775,"height":519,"caption":"Hauptbild_Spezialkatalog_2023_Spedition_Versand"},{"@type":"BreadcrumbList","@id":"https:\/\/www.medewo.com\/blog\/ch-de\/kataloge\/spezialkatalog-spedition-versand\/#breadcrumb","itemListElement":[{"@type":"ListItem","position":1,"name":"Startseite","item":"https:\/\/www.medewo.com\/blog\/ch-de\/"},{"@type":"ListItem","position":2,"name":"Spezialkatalog 2023 \u2013 Spedition &#038; Versand"}]},{"@type":"WebSite","@id":"https:\/\/www.medewo.com\/blog\/ch-de\/#website","url":"https:\/\/www.medewo.com\/blog\/ch-de\/","name":"MEDEWO Verpackungen","description":"News","publisher":{"@id":"https:\/\/www.medewo.com\/blog\/ch-de\/#organization"},"potentialAction":[{"@type":"SearchAction","target":{"@type":"EntryPoint","urlTemplate":"https:\/\/www.medewo.com\/blog\/ch-de\/?s={search_term_string}"},"query-input":{"@type":"PropertyValueSpecification","valueRequired":true,"valueName":"search_term_string"}}],"inLanguage":"de-CH"},{"@type":"Organization","@id":"https:\/\/www.medewo.com\/blog\/ch-de\/#organization","name":"MEDEWO","url":"https:\/\/www.medewo.com\/blog\/ch-de\/","logo":{"@type":"ImageObject","inLanguage":"de-CH","@id":"https:\/\/www.medewo.com\/blog\/ch-de\/#\/schema\/logo\/image\/","url":"https:\/\/www.medewo.com\/blog\/wp-content\/uploads\/2022\/03\/medewo-logo-claim-quer-2.png","contentUrl":"https:\/\/www.medewo.com\/blog\/wp-content\/uploads\/2022\/03\/medewo-logo-claim-quer-2.png","width":350,"height":63,"caption":"MEDEWO"},"image":{"@id":"https:\/\/www.medewo.com\/blog\/ch-de\/#\/schema\/logo\/image\/"}},{"@type":"Person","@id":"https:\/\/www.medewo.com\/blog\/ch-de\/#\/schema\/person\/da2ea418df7e9f63e8ba9aa84a847f43","name":"l.schianchi","image":{"@type":"ImageObject","inLanguage":"de-CH","@id":"https:\/\/www.medewo.com\/blog\/ch-de\/#\/schema\/person\/image\/","url":"https:\/\/secure.gravatar.com\/avatar\/58dcdbc022b8816eb589b73985a24ee7eb3e22891a0bac691a8d615cfd873bda?s=96&d=blank&r=g","contentUrl":"https:\/\/secure.gravatar.com\/avatar\/58dcdbc022b8816eb589b73985a24ee7eb3e22891a0bac691a8d615cfd873bda?s=96&d=blank&r=g","caption":"l.schianchi"}}]}},"magento_index":false,"_links":{"self":[{"href":"https:\/\/www.medewo.com\/blog\/ch-de\/wp-json\/wp\/v2\/posts\/24544","targetHints":{"allow":["GET"]}}],"collection":[{"href":"https:\/\/www.medewo.com\/blog\/ch-de\/wp-json\/wp\/v2\/posts"}],"about":[{"href":"https:\/\/www.medewo.com\/blog\/ch-de\/wp-json\/wp\/v2\/types\/post"}],"author":[{"embeddable":true,"href":"https:\/\/www.medewo.com\/blog\/ch-de\/wp-json\/wp\/v2\/users\/60"}],"replies":[{"embeddable":true,"href":"https:\/\/www.medewo.com\/blog\/ch-de\/wp-json\/wp\/v2\/comments?post=24544"}],"version-history":[{"count":10,"href":"https:\/\/www.medewo.com\/blog\/ch-de\/wp-json\/wp\/v2\/posts\/24544\/revisions"}],"predecessor-version":[{"id":33529,"href":"https:\/\/www.medewo.com\/blog\/ch-de\/wp-json\/wp\/v2\/posts\/24544\/revisions\/33529"}],"wp:featuredmedia":[{"embeddable":true,"href":"https:\/\/www.medewo.com\/blog\/ch-de\/wp-json\/wp\/v2\/media\/24615"}],"wp:attachment":[{"href":"https:\/\/www.medewo.com\/blog\/ch-de\/wp-json\/wp\/v2\/media?parent=24544"}],"wp:term":[{"taxonomy":"category","embeddable":true,"href":"https:\/\/www.medewo.com\/blog\/ch-de\/wp-json\/wp\/v2\/categories?post=24544"},{"taxonomy":"post_tag","embeddable":true,"href":"https:\/\/www.medewo.com\/blog\/ch-de\/wp-json\/wp\/v2\/tags?post=24544"},{"taxonomy":"m2-product-id","embeddable":true,"href":"https:\/\/www.medewo.com\/blog\/ch-de\/wp-json\/wp\/v2\/m2-product-id?post=24544"}],"curies":[{"name":"wp","href":"https:\/\/api.w.org\/{rel}","templated":true}]}}