{"id":23761,"date":"2023-02-09T13:52:43","date_gmt":"2023-02-09T12:52:43","guid":{"rendered":"https:\/\/www.medewo.com\/blog\/uncategorized-ch-de\/weniger-versandkosten-fuer-paeckchen-und-pakete-ein-wegweiser-durch-das-porto-labyrinth\/"},"modified":"2025-02-25T09:56:52","modified_gmt":"2025-02-25T08:56:52","slug":"porto-optimierung-so-gestalten-sie-ihre-kosten-bestmoeglich","status":"publish","type":"post","link":"https:\/\/www.medewo.com\/blog\/ch-de\/loesungen\/porto-optimierung-so-gestalten-sie-ihre-kosten-bestmoeglich\/","title":{"rendered":"Porto-Optimierung: So gestalten Sie Ihre Kosten bestm\u00f6glich"},"content":{"rendered":"<div class=\"wpb-content-wrapper\"><p>[vc_section][vc_row][vc_column][vc_empty_space height=&#187;25px&#187;][vc_column_text]<strong>Sie haben einen neuen Online-Shop und die Portokosten sind zu hoch? Sie betreiben einen Hofladen oder eine Versandapotheke und fragen sich, wie Ihre Produkte sicher beim Kunden ankommen? Oder sind Sie unzufrieden mit Ihrem Dienstleister und wollen Ihre Logistik auch mit Blick auf den CO<sub>2<\/sub>-Ausstoss optimieren? Wir zeigen Ihnen, was es im Bereich Pakete, P\u00e4ckchen &amp; Co. f\u00fcr Formate und Sonderformate gibt, wo Sie g\u00fcnstig wegkommen und was die Dienstleister anbieten.<\/strong>[\/vc_column_text][vc_empty_space height=&#187;30px&#187;][\/vc_column][\/vc_row][vc_row][vc_column][vc_column_text]Nachdem wir Ihnen in unserem \u00ab<a href=\"https:\/\/www.medewo.com\/blog\/ch-de\/loesungen\/retourenmanagement-optimieren-kosten-sparen\/\">Ratgeber: Wie Sie Ihr Retourenmanagement optimieren und Kosten sparen<\/a>\u00bb Tipps gegeben haben, wie Sie Ihre Kosten bei R\u00fccksendungen senken k\u00f6nnen, erfahren Sie hier, wie Sie Ihre Versandkosten reduzieren und bei welchem Versanddienstleister Sie welche Artikel in der Schweiz am g\u00fcnstigsten verschicken k\u00f6nnen.[\/vc_column_text][\/vc_column][\/vc_row][vc_row][vc_column][vc_empty_space height=&#187;30px&#187;]<div id=\"ultimate-heading-481869b73bdeb2f01\" class=\"uvc-heading ult-adjust-bottom-margin ultimate-heading-481869b73bdeb2f01 uvc-9826  uvc-heading-default-font-sizes\" data-hspacer=\"no_spacer\"  data-halign=\"center\" style=\"text-align:center\"><div class=\"uvc-heading-spacer no_spacer\" style=\"top\"><\/div><div class=\"uvc-sub-heading ult-responsive\"  data-ultimate-target='.uvc-heading.ultimate-heading-481869b73bdeb2f01 .uvc-sub-heading '  data-responsive-json-new='{\"font-size\":\"\",\"line-height\":\"\"}'  style=\"font-weight:normal;\"><\/p>\n<h2 style=\"text-align: left;\">Wissenswertes rund um Pakete, P\u00e4ckchen &amp; Co.<\/h2>\n<p><\/div><\/div>[vc_empty_space height=&#187;30px&#187;][vc_single_image image=&#187;22954&#8243; img_size=&#187;902&#215;420&#8243;][vc_empty_space height=&#187;50px&#187;][\/vc_column][\/vc_row][vc_row][vc_column][vc_empty_space height=&#187;30px&#187;][vc_column_text]<\/p>\n<ul>\n<li><a href=\"#welcher-dienstleister\">Welche Versanddienstleister gibt es in der Schweiz?<\/a><\/li>\n<\/ul>\n<p>[\/vc_column_text][vc_column_text]<\/p>\n<ul>\n<li><a href=\"#standardformate\">Welche Standard-Formate gibt es?<\/a><\/li>\n<\/ul>\n<p>[\/vc_column_text][vc_column_text]<\/p>\n<ul>\n<li><a href=\"#was-kann-wer\">Was bietet welcher Dienstleister?<\/a><\/li>\n<\/ul>\n<p>[\/vc_column_text][vc_column_text el_id=&#187;#wo-geht-was&#187;]<\/p>\n<ul>\n<li><a href=\"#wo-was-guenstig\">Jeans, Sneakers oder Smartphone versenden: Wo geht was am g\u00fcnstigsten?<\/a><\/li>\n<\/ul>\n<p>[\/vc_column_text][vc_column_text]<\/p>\n<ul>\n<li><a href=\"#zusatzleistungenoesterreich\">Darf&#8217;s no e chli meh sii? Zusatzangebote der Schweizerischen Post!<\/a><\/li>\n<\/ul>\n<p>[\/vc_column_text][vc_column_text]<\/p>\n<ul>\n<li><a href=\"#lebensmittelversand\">Regionale Produkte direkt vom Hof auf den Teller \u2013 worauf kommt es an?<\/a><\/li>\n<\/ul>\n<p>[\/vc_column_text][vc_column_text]<\/p>\n<ul>\n<li><a href=\"#Sperrgut\">Was ist bei grossen, schweren Paketen und Sperrgut zu beachten?<\/a><\/li>\n<\/ul>\n<p>[\/vc_column_text][vc_column_text]<\/p>\n<ul>\n<li><a href=\"#klimaneutraler-Versand\">Wie geht klimaneutraler Paket- und P\u00e4ckchenversand?<\/a><\/li>\n<\/ul>\n<p>[\/vc_column_text][vc_empty_space height=&#187;30px&#187;][\/vc_column][\/vc_row][vc_row el_id=&#187;welcher-dienstleister&#187;][vc_column]<div id=\"ultimate-heading-165069b73bdeb2f43\" class=\"uvc-heading ult-adjust-bottom-margin ultimate-heading-165069b73bdeb2f43 uvc-7121  uvc-heading-default-font-sizes\" data-hspacer=\"no_spacer\"  data-halign=\"center\" style=\"text-align:center\"><div class=\"uvc-heading-spacer no_spacer\" style=\"top\"><\/div><div class=\"uvc-sub-heading ult-responsive\"  data-ultimate-target='.uvc-heading.ultimate-heading-165069b73bdeb2f43 .uvc-sub-heading '  data-responsive-json-new='{\"font-size\":\"\",\"line-height\":\"\"}'  style=\"font-weight:normal;\"><\/p>\n<h2 style=\"text-align: left;\">Welche Versanddienstleister gibt es in der Schweiz?<\/h2>\n<p><\/div><\/div>[vc_empty_space height=&#187;30px&#187;][\/vc_column][\/vc_row][vc_row][vc_column][vc_column_text]Im Mai 2022 waren 57 Postanbieter mit einem Jahresumsatz \u00fcber 500\u00a0000\u00a0Franken in der Schweiz gemeldet. Zu den gr\u00f6ssten und bekanntesten Versanddienstleistern z\u00e4hlen &#8211; neben der Schweizerischen Post &#8211; die Paketdienste DPD, UPS, DHL Express und GLS. GLS kooperiert in der Schweiz mit der Post. Die Schweizerische Post ist eine Aktiengesellschaft und liegt im Eigentum des Bundes. Das Unternehmen deckt die Grundversorgung f\u00fcr Brief- und Paketsendungen ab.[\/vc_column_text][vc_empty_space height=&#187;30px&#187;][vc_column_text]            <style>\n                .message_box_wrapper {\n                    display: block;\n                    width: 100%;\n                    width: calc( 100% - 32px );\n                    margin-bottom: 30px;\n                    margin-top: 15px;\n                    padding: 15px;\n                    float: left;\n                    background: #f9f9f9;\n                    border: 1px solid #dddddd;\n                }\n                .message_box_wrapper .message_box_icon {\n                    margin-bottom: 0;\n                }\n                .message_box_wrapper .message_box_caption {\n                    margin-left: 70px;\n                }\n                .message_box_wrapper .message_box_caption .message_box_button {\n                    background: #278dd1;\n                    border-color: #278dd1;\n                    display: inline-block;\n                    padding: 6px 20px;\n                    line-height: 1.42857143;\n                    color: #fff;\n                    font-size: 17px;\n                    font-weight: normal;\n                    text-decoration: none;\n                }\n            <\/style>\n\n            <div class=\"message_box_wrapper\">\n                <p>\n                    <img decoding=\"async\" class=\"alignleft wp-image-4005 message_box_icon\" title=\"MEDEWO-Tipp\" src=\"https:\/\/www.medewo.com\/blog\/wp-content\/themes\/dt-the7-child\/img\/icons\/Tipp.svg\" alt=\"MEDEWO-Tipp\" width=\"50\" height=\"50\">\n                <\/p>\n                Online-Frankierungen sind meist g\u00fcnstiger als die Filialpreise. Die Versandmarken k\u00f6nnen Sie bequem im Browser erstellen und im B\u00fcro oder in der Filiale ausdrucken (lassen). Bezahlt wird online, beispielsweise \u00fcber PayPal.                <p class=\"message_box_caption\">\n                                    <\/p>\n            <\/div>\n        [\/vc_column_text][vc_empty_space height=&#187;30px&#187;][vc_row_inner][vc_column_inner el_id=&#187;standardformate&#187;]<div id=\"ultimate-heading-863369b73bdeb2f9a\" class=\"uvc-heading ult-adjust-bottom-margin ultimate-heading-863369b73bdeb2f9a uvc-5966  uvc-heading-default-font-sizes\" data-hspacer=\"no_spacer\"  data-halign=\"center\" style=\"text-align:center\"><div class=\"uvc-heading-spacer no_spacer\" style=\"top\"><\/div><div class=\"uvc-sub-heading ult-responsive\"  data-ultimate-target='.uvc-heading.ultimate-heading-863369b73bdeb2f9a .uvc-sub-heading '  data-responsive-json-new='{\"font-size\":\"\",\"line-height\":\"\"}'  style=\"font-weight:normal;\"><\/p>\n<h2 style=\"text-align: left;\">Welche Standard-Formate gibt es?<\/h2>\n<p><\/div><\/div>[vc_empty_space height=&#187;30px&#187;][vc_column_text]Bei Briefen bis 50 g, die im Inland verschickt werden, verf\u00fcgt die Schweizerische Post als staatliches Unternehmen \u00fcber ein Restmonopol. Alle anderen Dienstleistungen d\u00fcrfen auch von privaten Postdienstleistern abgedeckt werden. Wenn Sie Ihren Brief als PRIO versenden, wird eine Zustellung am n\u00e4chsten Werktag (ausser Samstag) garantiert. Weniger zeitkritische Briefsendungen k\u00f6nnen als ECO mit einer Zustellung nach zwei bis drei Werktagen versandt werden. Wenn Sie ein P\u00e4ckchen oder ein Paket verschicken m\u00f6chten, haben Sie bei den unterschiedlichen Versanddienstleistern die Wahl zwischen zahlreichen Kategorien und Formaten. Auch in puncto Gewicht, internationalem Versand ins EU-Ausland, in Nicht-EU-L\u00e4nder oder der M\u00f6glichkeit zur Sendungsverfolgung gelten bei allen f\u00fcnf Versanddienstleistern unterschiedliche Regelungen.[\/vc_column_text][vc_empty_space height=&#187;15px&#187;][vc_column_text]Damit Sie trotzdem den \u00dcberblick behalten, haben wir die wichtigsten Konditionen und Preise f\u00fcr P\u00e4ckchen und Pakete der gr\u00f6ssten Anbieter unter \u00ab<a href=\"#was-kann-wer\">Was bieten welche Dienstleister<\/a>\u00bb aufgef\u00fchrt.[\/vc_column_text][vc_empty_space height=&#187;30px&#187;][vc_column_text]            <style>\n                .message_box_wrapper {\n                    display: block;\n                    width: 100%;\n                    width: calc( 100% - 32px );\n                    margin-bottom: 30px;\n                    margin-top: 15px;\n                    padding: 15px;\n                    float: left;\n                    background: #f9f9f9;\n                    border: 1px solid #dddddd;\n                }\n                .message_box_wrapper .message_box_icon {\n                    margin-bottom: 0;\n                }\n                .message_box_wrapper .message_box_caption {\n                    margin-left: 70px;\n                }\n                .message_box_wrapper .message_box_caption .message_box_button {\n                    background: #278dd1;\n                    border-color: #278dd1;\n                    display: inline-block;\n                    padding: 6px 20px;\n                    line-height: 1.42857143;\n                    color: #fff;\n                    font-size: 17px;\n                    font-weight: normal;\n                    text-decoration: none;\n                }\n            <\/style>\n\n            <div class=\"message_box_wrapper\">\n                <p>\n                    <img decoding=\"async\" class=\"alignleft wp-image-4005 message_box_icon\" title=\"MEDEWO-Tipp\" src=\"https:\/\/www.medewo.com\/blog\/wp-content\/themes\/dt-the7-child\/img\/icons\/Tipp.svg\" alt=\"MEDEWO-Tipp\" width=\"50\" height=\"50\">\n                <\/p>\n                <\/p>\n<p>Besonders eilige Pakete k\u00f6nnen Sie mit der Schweizerischen Post per Swiss-Express \u00abMond\u00bb versenden. Dieses Format ist in verschiedenen Preiskategorien f\u00fcr unterschiedliche Gewichtsklassen gestaffelt und sogar f\u00fcr Sperrgut verf\u00fcgbar. Swiss-Express ist zwar kostenintensiver, daf\u00fcr wird eine Lieferung am n\u00e4chsten Werktag und sogar samstags bis 09:00\u00a0Uhr garantiert. Sie k\u00f6nnen Ihre Sendung am Vortag bis 18:00\u00a0Uhr abgeben, am Samstag bis Schalterschluss am Vormittag.<br \/>\n                <p class=\"message_box_caption\">\n                                    <\/p>\n            <\/div>\n        [\/vc_column_text][vc_empty_space height=&#187;30px&#187;][\/vc_column_inner][\/vc_row_inner][vc_row_inner el_id=&#187;was-kann-wer&#187;][vc_column_inner]<div id=\"ultimate-heading-426469b73bdeb2fd6\" class=\"uvc-heading ult-adjust-bottom-margin ultimate-heading-426469b73bdeb2fd6 uvc-2353  uvc-heading-default-font-sizes\" data-hspacer=\"no_spacer\"  data-halign=\"center\" style=\"text-align:center\"><div class=\"uvc-heading-spacer no_spacer\" style=\"top\"><\/div><div class=\"uvc-sub-heading ult-responsive\"  data-ultimate-target='.uvc-heading.ultimate-heading-426469b73bdeb2fd6 .uvc-sub-heading '  data-responsive-json-new='{\"font-size\":\"\",\"line-height\":\"\"}'  style=\"font-weight:normal;\"><\/p>\n<h2 style=\"text-align: left;\">Was bieten welche Dienstleister?<\/h2>\n<p><\/div><\/div>[vc_empty_space height=&#187;30px&#187;][\/vc_column_inner][\/vc_row_inner][\/vc_column][\/vc_row][vc_row][vc_column width=&#187;1\/2&#8243;][vc_empty_space height=&#187;10px&#187;][vc_tta_accordion style=&#187;modern&#187; color=&#187;orange&#187; active_section=&#187;1&#8243; title=&#187;Schweizerische Post AG&#187;][vc_tta_section title=&#187;Nationale Preise&#187; tab_id=&#187;1670573590492-0018db09-ef7e&#187;][\/vc_tta_section][vc_tta_section title=&#187;Pakete&#187; tab_id=&#187;1670571572257-3f6cff91-2f41&#8243;]<div class=\"ult_pricing_table_wrap ult_info_table ult_design_2  ult-cs-yellow \">\n\t\t\t\t\t<div class=\"ult_pricing_table \" style=\" \"><div id=\"Info-table-wrap-9379\" class=\"ult_pricing_heading\" style=\"\">\n\t\t\t\t\t\t\t<h3 class=\"ult-responsive\"  data-ultimate-target='#Info-table-wrap-9379 h3'  data-responsive-json-new='{\"font-size\":\"\",\"line-height\":\"\"}'  style=\"font-weight:normal;\">Postpac Economy Standard<\/h3><h5 class=\"ult-responsive\"  data-ultimate-target='#Info-table-wrap-9379 h5'  data-responsive-json-new='{\"font-size\":\"\",\"line-height\":\"\"}'  style=\"font-weight:normal;\">Ma\u00dfe: 100 x 60 x 60 cm<\/h5><\/div><!--ult_pricing_heading--><div id=\"info_table_features_wrap-9898\"  data-ultimate-target='#info_table_features_wrap-9898.ult_price_features'  data-responsive-json-new='{\"font-size\":\"\",\"line-height\":\"\"}'  class=\"ult-responsive ult_price_features\" style=\"font-weight:normal;\">\n\t\t\t\t\t\t\t<p>bis maximal 2 kg<\/p>\n<p><em><strong>Preis: 7 CHF<\/strong><\/em> (mit Sendungsverfolgung<br \/>\n+ bis 500 CHF Haftung)<\/p>\n\n\t\t\t\t\t\t<\/div><!--ult_price_features--><div class=\"ult_clr\"><\/div>\n\t\t\t<\/div><!--pricing_table-->\n\t\t<\/div><!--pricing_table_wrap-->[vc_separator color=&#187;peacoc&#187;]<div class=\"ult_pricing_table_wrap ult_info_table ult_design_2  ult-cs-yellow \">\n\t\t\t\t\t<div class=\"ult_pricing_table \" style=\" \"><div id=\"Info-table-wrap-8245\" class=\"ult_pricing_heading\" style=\"\">\n\t\t\t\t\t\t\t<h3 class=\"ult-responsive\"  data-ultimate-target='#Info-table-wrap-8245 h3'  data-responsive-json-new='{\"font-size\":\"\",\"line-height\":\"\"}'  style=\"font-weight:normal;\">Postpac Economy Standard<\/h3><h5 class=\"ult-responsive\"  data-ultimate-target='#Info-table-wrap-8245 h5'  data-responsive-json-new='{\"font-size\":\"\",\"line-height\":\"\"}'  style=\"font-weight:normal;\">Ma\u00dfe: 100 x 60 x 60 cm<\/h5><\/div><!--ult_pricing_heading--><div id=\"info_table_features_wrap-8771\"  data-ultimate-target='#info_table_features_wrap-8771.ult_price_features'  data-responsive-json-new='{\"font-size\":\"\",\"line-height\":\"\"}'  class=\"ult-responsive ult_price_features\" style=\"font-weight:normal;\">\n\t\t\t\t\t\t\t<p>bis maximal 10 kg<\/p>\n<p><em><strong>Preis: 9.70 CHF<\/strong><\/em> (mit Sendungsverfolgung<br \/>\n+ bis 500 CHF Haftung)<\/p>\n\n\t\t\t\t\t\t<\/div><!--ult_price_features--><div class=\"ult_clr\"><\/div>\n\t\t\t<\/div><!--pricing_table-->\n\t\t<\/div><!--pricing_table_wrap-->[vc_separator color=&#187;peacoc&#187;]<div class=\"ult_pricing_table_wrap ult_info_table ult_design_2  ult-cs-yellow \">\n\t\t\t\t\t<div class=\"ult_pricing_table \" style=\" \"><div id=\"Info-table-wrap-3919\" class=\"ult_pricing_heading\" style=\"\">\n\t\t\t\t\t\t\t<h3 class=\"ult-responsive\"  data-ultimate-target='#Info-table-wrap-3919 h3'  data-responsive-json-new='{\"font-size\":\"\",\"line-height\":\"\"}'  style=\"font-weight:normal;\">Postpac Economy Standard<\/h3><h5 class=\"ult-responsive\"  data-ultimate-target='#Info-table-wrap-3919 h5'  data-responsive-json-new='{\"font-size\":\"\",\"line-height\":\"\"}'  style=\"font-weight:normal;\">Ma\u00dfe: 100 x 60 x 60 cm<\/h5><\/div><!--ult_pricing_heading--><div id=\"info_table_features_wrap-9154\"  data-ultimate-target='#info_table_features_wrap-9154.ult_price_features'  data-responsive-json-new='{\"font-size\":\"\",\"line-height\":\"\"}'  class=\"ult-responsive ult_price_features\" style=\"font-weight:normal;\">\n\t\t\t\t\t\t\t<p>bis maximal 30 kg<\/p>\n<p><em><strong>Preis: 20.50 CHF<\/strong><\/em> (mit Sendungsverfolgung<br \/>\n+ bis 500 CHF Haftung)<\/p>\n\n\t\t\t\t\t\t<\/div><!--ult_price_features--><div class=\"ult_clr\"><\/div>\n\t\t\t<\/div><!--pricing_table-->\n\t\t<\/div><!--pricing_table_wrap-->[vc_separator color=&#187;peacoc&#187;]<div class=\"ult_pricing_table_wrap ult_info_table ult_design_2  ult-cs-yellow \">\n\t\t\t\t\t<div class=\"ult_pricing_table \" style=\" \"><div id=\"Info-table-wrap-5725\" class=\"ult_pricing_heading\" style=\"\">\n\t\t\t\t\t\t\t<h3 class=\"ult-responsive\"  data-ultimate-target='#Info-table-wrap-5725 h3'  data-responsive-json-new='{\"font-size\":\"\",\"line-height\":\"\"}'  style=\"font-weight:normal;\">Postpac Economy Standard SPERRGUT<\/h3><h5 class=\"ult-responsive\"  data-ultimate-target='#Info-table-wrap-5725 h5'  data-responsive-json-new='{\"font-size\":\"\",\"line-height\":\"\"}'  style=\"font-weight:normal;\">Ma\u00dfe: 100 x 60 x 60 cm<\/h5><\/div><!--ult_pricing_heading--><div id=\"info_table_features_wrap-7887\"  data-ultimate-target='#info_table_features_wrap-7887.ult_price_features'  data-responsive-json-new='{\"font-size\":\"\",\"line-height\":\"\"}'  class=\"ult-responsive ult_price_features\" style=\"font-weight:normal;\">\n\t\t\t\t\t\t\t<p>bis maximal 30 kg<\/p>\n<p><em><strong>Preis: 29 CHF<\/strong><\/em> (mit Sendungsverfolgung<br \/>\n+ bis 500 CHF Haftung)<\/p>\n\n\t\t\t\t\t\t<\/div><!--ult_price_features--><div class=\"ult_clr\"><\/div>\n\t\t\t<\/div><!--pricing_table-->\n\t\t<\/div><!--pricing_table_wrap-->[vc_separator color=&#187;peacoc&#187;]<div class=\"ult_pricing_table_wrap ult_info_table ult_design_2  ult-cs-yellow \">\n\t\t\t\t\t<div class=\"ult_pricing_table \" style=\" \"><div id=\"Info-table-wrap-5415\" class=\"ult_pricing_heading\" style=\"\">\n\t\t\t\t\t\t\t<h3 class=\"ult-responsive\"  data-ultimate-target='#Info-table-wrap-5415 h3'  data-responsive-json-new='{\"font-size\":\"\",\"line-height\":\"\"}'  style=\"font-weight:normal;\">Postpac Priority<\/h3><h5 class=\"ult-responsive\"  data-ultimate-target='#Info-table-wrap-5415 h5'  data-responsive-json-new='{\"font-size\":\"\",\"line-height\":\"\"}'  style=\"font-weight:normal;\">Ma\u00dfe: 100 x 60 x 60 cm<\/h5><\/div><!--ult_pricing_heading--><div id=\"info_table_features_wrap-9938\"  data-ultimate-target='#info_table_features_wrap-9938.ult_price_features'  data-responsive-json-new='{\"font-size\":\"\",\"line-height\":\"\"}'  class=\"ult-responsive ult_price_features\" style=\"font-weight:normal;\">\n\t\t\t\t\t\t\t<p>bis maximal 2 kg<\/p>\n<p><em><strong>Preis: 9 CHF<\/strong><\/em> (mit Sendungsverfolgung<br \/>\n+ bis 500 CHF Haftung)<\/p>\n\n\t\t\t\t\t\t<\/div><!--ult_price_features--><div class=\"ult_clr\"><\/div>\n\t\t\t<\/div><!--pricing_table-->\n\t\t<\/div><!--pricing_table_wrap-->[vc_separator color=&#187;peacoc&#187;]<div class=\"ult_pricing_table_wrap ult_info_table ult_design_2  ult-cs-yellow \">\n\t\t\t\t\t<div class=\"ult_pricing_table \" style=\" \"><div id=\"Info-table-wrap-2224\" class=\"ult_pricing_heading\" style=\"\">\n\t\t\t\t\t\t\t<h3 class=\"ult-responsive\"  data-ultimate-target='#Info-table-wrap-2224 h3'  data-responsive-json-new='{\"font-size\":\"\",\"line-height\":\"\"}'  style=\"font-weight:normal;\">Postpac Priority<\/h3><h5 class=\"ult-responsive\"  data-ultimate-target='#Info-table-wrap-2224 h5'  data-responsive-json-new='{\"font-size\":\"\",\"line-height\":\"\"}'  style=\"font-weight:normal;\">Ma\u00dfe: 100 x 60 x 60 cm<\/h5><\/div><!--ult_pricing_heading--><div id=\"info_table_features_wrap-2557\"  data-ultimate-target='#info_table_features_wrap-2557.ult_price_features'  data-responsive-json-new='{\"font-size\":\"\",\"line-height\":\"\"}'  class=\"ult-responsive ult_price_features\" style=\"font-weight:normal;\">\n\t\t\t\t\t\t\t<p>bis maximal 10 kg<\/p>\n<p><em><strong>Preis: 10.70 CHF<\/strong><\/em> (mit Sendungsverfolgung<br \/>\n+ bis 500 CHF Haftung)<\/p>\n\n\t\t\t\t\t\t<\/div><!--ult_price_features--><div class=\"ult_clr\"><\/div>\n\t\t\t<\/div><!--pricing_table-->\n\t\t<\/div><!--pricing_table_wrap-->[vc_separator color=&#187;peacoc&#187;]<div class=\"ult_pricing_table_wrap ult_info_table ult_design_2  ult-cs-yellow \">\n\t\t\t\t\t<div class=\"ult_pricing_table \" style=\" \"><div id=\"Info-table-wrap-4417\" class=\"ult_pricing_heading\" style=\"\">\n\t\t\t\t\t\t\t<h3 class=\"ult-responsive\"  data-ultimate-target='#Info-table-wrap-4417 h3'  data-responsive-json-new='{\"font-size\":\"\",\"line-height\":\"\"}'  style=\"font-weight:normal;\">Postpac Priority<\/h3><h5 class=\"ult-responsive\"  data-ultimate-target='#Info-table-wrap-4417 h5'  data-responsive-json-new='{\"font-size\":\"\",\"line-height\":\"\"}'  style=\"font-weight:normal;\">Ma\u00dfe: 100 x 60 x 60 cm<\/h5><\/div><!--ult_pricing_heading--><div id=\"info_table_features_wrap-8224\"  data-ultimate-target='#info_table_features_wrap-8224.ult_price_features'  data-responsive-json-new='{\"font-size\":\"\",\"line-height\":\"\"}'  class=\"ult-responsive ult_price_features\" style=\"font-weight:normal;\">\n\t\t\t\t\t\t\t<p>bis maximal 30 kg<\/p>\n<p><em><strong>Preis: 23 CHF<\/strong><\/em> (mit Sendungsverfolgung<br \/>\n+ bis 500 CHF Haftung)<\/p>\n\n\t\t\t\t\t\t<\/div><!--ult_price_features--><div class=\"ult_clr\"><\/div>\n\t\t\t<\/div><!--pricing_table-->\n\t\t<\/div><!--pricing_table_wrap-->[vc_separator color=&#187;peacoc&#187;]<div class=\"ult_pricing_table_wrap ult_info_table ult_design_2  ult-cs-yellow \">\n\t\t\t\t\t<div class=\"ult_pricing_table \" style=\" \"><div id=\"Info-table-wrap-2863\" class=\"ult_pricing_heading\" style=\"\">\n\t\t\t\t\t\t\t<h3 class=\"ult-responsive\"  data-ultimate-target='#Info-table-wrap-2863 h3'  data-responsive-json-new='{\"font-size\":\"\",\"line-height\":\"\"}'  style=\"font-weight:normal;\">Postpac Priority SPERRGUT<\/h3><h5 class=\"ult-responsive\"  data-ultimate-target='#Info-table-wrap-2863 h5'  data-responsive-json-new='{\"font-size\":\"\",\"line-height\":\"\"}'  style=\"font-weight:normal;\">Ma\u00dfe: L\u00e4nge bis max. 200 cm + Gurtmass max. 400 cm<\/h5><\/div><!--ult_pricing_heading--><div id=\"info_table_features_wrap-9164\"  data-ultimate-target='#info_table_features_wrap-9164.ult_price_features'  data-responsive-json-new='{\"font-size\":\"\",\"line-height\":\"\"}'  class=\"ult-responsive ult_price_features\" style=\"font-weight:normal;\">\n\t\t\t\t\t\t\t<p>bis maximal 30 kg<\/p>\n<p><em><strong>Preis: 31 CHF<\/strong><\/em> (mit Sendungsverfolgung<br \/>\n+ bis 500 CHF Haftung)<\/p>\n\n\t\t\t\t\t\t<\/div><!--ult_price_features--><div class=\"ult_clr\"><\/div>\n\t\t\t<\/div><!--pricing_table-->\n\t\t<\/div><!--pricing_table_wrap-->[vc_separator color=&#187;peacoc&#187;][vc_separator color=&#187;peacoc&#187;][\/vc_tta_section][vc_tta_section title=&#187;Swiss-Express&#187; tab_id=&#187;1670573592640-c553c082-4371&#8243;]<div class=\"ult_pricing_table_wrap ult_info_table ult_design_2  ult-cs-yellow \">\n\t\t\t\t\t<div class=\"ult_pricing_table \" style=\" \"><div id=\"Info-table-wrap-7668\" class=\"ult_pricing_heading\" style=\"\">\n\t\t\t\t\t\t\t<h3 class=\"ult-responsive\"  data-ultimate-target='#Info-table-wrap-7668 h3'  data-responsive-json-new='{\"font-size\":\"\",\"line-height\":\"\"}'  style=\"font-weight:normal;\">Swiss Express<\/h3><h5 class=\"ult-responsive\"  data-ultimate-target='#Info-table-wrap-7668 h5'  data-responsive-json-new='{\"font-size\":\"\",\"line-height\":\"\"}'  style=\"font-weight:normal;\">Ma\u00dfe: 100 x 60 x 60 cm<\/h5><\/div><!--ult_pricing_heading--><div id=\"info_table_features_wrap-1549\"  data-ultimate-target='#info_table_features_wrap-1549.ult_price_features'  data-responsive-json-new='{\"font-size\":\"\",\"line-height\":\"\"}'  class=\"ult-responsive ult_price_features\" style=\"font-weight:normal;\">\n\t\t\t\t\t\t\t<p>bis 2 kg<br \/>\nZustellung bis 9 Uhr am n\u00e4chsten Werktag<\/p>\n<p><strong>Preis: 18 CHF<\/strong><\/p>\n\n\t\t\t\t\t\t<\/div><!--ult_price_features--><div class=\"ult_clr\"><\/div>\n\t\t\t<\/div><!--pricing_table-->\n\t\t<\/div><!--pricing_table_wrap-->[vc_separator color=&#187;peacoc&#187;]<div class=\"ult_pricing_table_wrap ult_info_table ult_design_2  ult-cs-yellow \">\n\t\t\t\t\t<div class=\"ult_pricing_table \" style=\" \"><div id=\"Info-table-wrap-3330\" class=\"ult_pricing_heading\" style=\"\">\n\t\t\t\t\t\t\t<h3 class=\"ult-responsive\"  data-ultimate-target='#Info-table-wrap-3330 h3'  data-responsive-json-new='{\"font-size\":\"\",\"line-height\":\"\"}'  style=\"font-weight:normal;\">Swiss Express<\/h3><h5 class=\"ult-responsive\"  data-ultimate-target='#Info-table-wrap-3330 h5'  data-responsive-json-new='{\"font-size\":\"\",\"line-height\":\"\"}'  style=\"font-weight:normal;\">Ma\u00dfe: 100 x 60 x 60 cm<\/h5><\/div><!--ult_pricing_heading--><div id=\"info_table_features_wrap-4204\"  data-ultimate-target='#info_table_features_wrap-4204.ult_price_features'  data-responsive-json-new='{\"font-size\":\"\",\"line-height\":\"\"}'  class=\"ult-responsive ult_price_features\" style=\"font-weight:normal;\">\n\t\t\t\t\t\t\t<p>bis 10 kg<br \/>\nZustellung bis 9 Uhr am n\u00e4chsten Werktag<\/p>\n<p><strong>Preis: 22 CHF<\/strong><\/p>\n\n\t\t\t\t\t\t<\/div><!--ult_price_features--><div class=\"ult_clr\"><\/div>\n\t\t\t<\/div><!--pricing_table-->\n\t\t<\/div><!--pricing_table_wrap-->[vc_separator color=&#187;peacoc&#187;]<div class=\"ult_pricing_table_wrap ult_info_table ult_design_2  ult-cs-yellow \">\n\t\t\t\t\t<div class=\"ult_pricing_table \" style=\" \"><div id=\"Info-table-wrap-5182\" class=\"ult_pricing_heading\" style=\"\">\n\t\t\t\t\t\t\t<h3 class=\"ult-responsive\"  data-ultimate-target='#Info-table-wrap-5182 h3'  data-responsive-json-new='{\"font-size\":\"\",\"line-height\":\"\"}'  style=\"font-weight:normal;\">Swiss Express<\/h3><h5 class=\"ult-responsive\"  data-ultimate-target='#Info-table-wrap-5182 h5'  data-responsive-json-new='{\"font-size\":\"\",\"line-height\":\"\"}'  style=\"font-weight:normal;\">Ma\u00dfe: 100 x 60 x 60 cm<\/h5><\/div><!--ult_pricing_heading--><div id=\"info_table_features_wrap-8406\"  data-ultimate-target='#info_table_features_wrap-8406.ult_price_features'  data-responsive-json-new='{\"font-size\":\"\",\"line-height\":\"\"}'  class=\"ult-responsive ult_price_features\" style=\"font-weight:normal;\">\n\t\t\t\t\t\t\t<p>bis 30 kg<br \/>\nZustellung bis 9 Uhr am n\u00e4chsten Werktag<\/p>\n<p><strong>Preis: 29 CHF<\/strong><\/p>\n\n\t\t\t\t\t\t<\/div><!--ult_price_features--><div class=\"ult_clr\"><\/div>\n\t\t\t<\/div><!--pricing_table-->\n\t\t<\/div><!--pricing_table_wrap-->[vc_separator color=&#187;peacoc&#187;]<div class=\"ult_pricing_table_wrap ult_info_table ult_design_2  ult-cs-yellow \">\n\t\t\t\t\t<div class=\"ult_pricing_table \" style=\" \"><div id=\"Info-table-wrap-9603\" class=\"ult_pricing_heading\" style=\"\">\n\t\t\t\t\t\t\t<h3 class=\"ult-responsive\"  data-ultimate-target='#Info-table-wrap-9603 h3'  data-responsive-json-new='{\"font-size\":\"\",\"line-height\":\"\"}'  style=\"font-weight:normal;\">Swiss Express SPERRGUT<\/h3><h5 class=\"ult-responsive\"  data-ultimate-target='#Info-table-wrap-9603 h5'  data-responsive-json-new='{\"font-size\":\"\",\"line-height\":\"\"}'  style=\"font-weight:normal;\">Ma\u00dfe: L\u00e4nge bis max. 200 cm (Gurtmass max. 400 cm)<\/h5><\/div><!--ult_pricing_heading--><div id=\"info_table_features_wrap-1689\"  data-ultimate-target='#info_table_features_wrap-1689.ult_price_features'  data-responsive-json-new='{\"font-size\":\"\",\"line-height\":\"\"}'  class=\"ult-responsive ult_price_features\" style=\"font-weight:normal;\">\n\t\t\t\t\t\t\t<p>bis 30 kg<br \/>\nZustellung bis 9 Uhr am n\u00e4chsten Werktag<\/p>\n<p><strong>Preis: 37 CHF<\/strong><\/p>\n\n\t\t\t\t\t\t<\/div><!--ult_price_features--><div class=\"ult_clr\"><\/div>\n\t\t\t<\/div><!--pricing_table-->\n\t\t<\/div><!--pricing_table_wrap-->[\/vc_tta_section][vc_tta_section title=&#187;Briefe&#187; tab_id=&#187;1670571572271-27384a27-2060&#8243;]<div class=\"ult_pricing_table_wrap ult_info_table ult_design_2  ult-cs-yellow \">\n\t\t\t\t\t<div class=\"ult_pricing_table \" style=\" \"><div id=\"Info-table-wrap-6817\" class=\"ult_pricing_heading\" style=\"\">\n\t\t\t\t\t\t\t<h3 class=\"ult-responsive\"  data-ultimate-target='#Info-table-wrap-6817 h3'  data-responsive-json-new='{\"font-size\":\"\",\"line-height\":\"\"}'  style=\"font-weight:normal;\">B-Post Standard<\/h3><h5 class=\"ult-responsive\"  data-ultimate-target='#Info-table-wrap-6817 h5'  data-responsive-json-new='{\"font-size\":\"\",\"line-height\":\"\"}'  style=\"font-weight:normal;\">Ma\u00dfe: 25 x 16 x 2 cm<\/h5><\/div><!--ult_pricing_heading--><div id=\"info_table_features_wrap-6647\"  data-ultimate-target='#info_table_features_wrap-6647.ult_price_features'  data-responsive-json-new='{\"font-size\":\"\",\"line-height\":\"\"}'  class=\"ult-responsive ult_price_features\" style=\"font-weight:normal;\">\n\t\t\t\t\t\t\t<p>bis max. 100 g<\/p>\n<p><em><strong>Preis: 0.90 CHF<\/strong><\/em><\/p>\n<hr \/>\n<p>bis max. 250 g<\/p>\n<p><em><strong>Preis: 1.15 CHF<\/strong><\/em><\/p>\n\n\t\t\t\t\t\t<\/div><!--ult_price_features--><div class=\"ult_clr\"><\/div>\n\t\t\t<\/div><!--pricing_table-->\n\t\t<\/div><!--pricing_table_wrap-->[vc_separator color=&#187;peacoc&#187;]<div class=\"ult_pricing_table_wrap ult_info_table ult_design_2  ult-cs-yellow \">\n\t\t\t\t\t<div class=\"ult_pricing_table \" style=\" \"><div id=\"Info-table-wrap-9113\" class=\"ult_pricing_heading\" style=\"\">\n\t\t\t\t\t\t\t<h3 class=\"ult-responsive\"  data-ultimate-target='#Info-table-wrap-9113 h3'  data-responsive-json-new='{\"font-size\":\"\",\"line-height\":\"\"}'  style=\"font-weight:normal;\">B-Post Standard<\/h3><h5 class=\"ult-responsive\"  data-ultimate-target='#Info-table-wrap-9113 h5'  data-responsive-json-new='{\"font-size\":\"\",\"line-height\":\"\"}'  style=\"font-weight:normal;\">Ma\u00dfe: 25 x 17,6 x 5 cm<\/h5><\/div><!--ult_pricing_heading--><div id=\"info_table_features_wrap-2733\"  data-ultimate-target='#info_table_features_wrap-2733.ult_price_features'  data-responsive-json-new='{\"font-size\":\"\",\"line-height\":\"\"}'  class=\"ult-responsive ult_price_features\" style=\"font-weight:normal;\">\n\t\t\t\t\t\t\t<p>bis max. 100 g<\/p>\n<p><em><strong>Preis: 2.40 CHF<\/strong><\/em><\/p>\n<hr \/>\n<p>bis max. 250 g<\/p>\n<p><strong><em>Preis: 2.65 CHF<\/em><\/strong><\/p>\n\n\t\t\t\t\t\t<\/div><!--ult_price_features--><div class=\"ult_clr\"><\/div>\n\t\t\t<\/div><!--pricing_table-->\n\t\t<\/div><!--pricing_table_wrap-->[vc_separator color=&#187;peacoc&#187;]<div class=\"ult_pricing_table_wrap ult_info_table ult_design_2  ult-cs-yellow \">\n\t\t\t\t\t<div class=\"ult_pricing_table \" style=\" \"><div id=\"Info-table-wrap-7070\" class=\"ult_pricing_heading\" style=\"\">\n\t\t\t\t\t\t\t<h3 class=\"ult-responsive\"  data-ultimate-target='#Info-table-wrap-7070 h3'  data-responsive-json-new='{\"font-size\":\"\",\"line-height\":\"\"}'  style=\"font-weight:normal;\">B-Post Standard<\/h3><h5 class=\"ult-responsive\"  data-ultimate-target='#Info-table-wrap-7070 h5'  data-responsive-json-new='{\"font-size\":\"\",\"line-height\":\"\"}'  style=\"font-weight:normal;\">Ma\u00dfe: 35,5 x 25x 2 cm<\/h5><\/div><!--ult_pricing_heading--><div id=\"info_table_features_wrap-3373\"  data-ultimate-target='#info_table_features_wrap-3373.ult_price_features'  data-responsive-json-new='{\"font-size\":\"\",\"line-height\":\"\"}'  class=\"ult-responsive ult_price_features\" style=\"font-weight:normal;\">\n\t\t\t\t\t\t\t<p>bis max. 500 g<\/p>\n<p><em><strong>Preis: 1.85 CHF<\/strong><\/em><\/p>\n<hr \/>\n<p>bis max. 1000 g<\/p>\n<p><em><strong>Preis: 3.65 CHF<\/strong><\/em><\/p>\n\n\t\t\t\t\t\t<\/div><!--ult_price_features--><div class=\"ult_clr\"><\/div>\n\t\t\t<\/div><!--pricing_table-->\n\t\t<\/div><!--pricing_table_wrap-->[vc_separator color=&#187;peacoc&#187;]<div class=\"ult_pricing_table_wrap ult_info_table ult_design_2  ult-cs-yellow \">\n\t\t\t\t\t<div class=\"ult_pricing_table \" style=\" \"><div id=\"Info-table-wrap-2854\" class=\"ult_pricing_heading\" style=\"\">\n\t\t\t\t\t\t\t<h3 class=\"ult-responsive\"  data-ultimate-target='#Info-table-wrap-2854 h3'  data-responsive-json-new='{\"font-size\":\"\",\"line-height\":\"\"}'  style=\"font-weight:normal;\">A-Post<\/h3><h5 class=\"ult-responsive\"  data-ultimate-target='#Info-table-wrap-2854 h5'  data-responsive-json-new='{\"font-size\":\"\",\"line-height\":\"\"}'  style=\"font-weight:normal;\">Ma\u00dfe: 25 x 17.6 x 2 cm<\/h5><\/div><!--ult_pricing_heading--><div id=\"info_table_features_wrap-7717\"  data-ultimate-target='#info_table_features_wrap-7717.ult_price_features'  data-responsive-json-new='{\"font-size\":\"\",\"line-height\":\"\"}'  class=\"ult-responsive ult_price_features\" style=\"font-weight:normal;\">\n\t\t\t\t\t\t\t<p>bis max. 100 g<\/p>\n<p><em><strong>Preis: 1.10 CHF<\/strong><\/em><\/p>\n<hr \/>\n<p>bis max. 250 g<\/p>\n<p><em><strong>Preis: 1.40 CHF<\/strong><\/em><\/p>\n\n\t\t\t\t\t\t<\/div><!--ult_price_features--><div class=\"ult_clr\"><\/div>\n\t\t\t<\/div><!--pricing_table-->\n\t\t<\/div><!--pricing_table_wrap-->[vc_separator color=&#187;peacoc&#187;]<div class=\"ult_pricing_table_wrap ult_info_table ult_design_2  ult-cs-yellow \">\n\t\t\t\t\t<div class=\"ult_pricing_table \" style=\" \"><div id=\"Info-table-wrap-9390\" class=\"ult_pricing_heading\" style=\"\">\n\t\t\t\t\t\t\t<h3 class=\"ult-responsive\"  data-ultimate-target='#Info-table-wrap-9390 h3'  data-responsive-json-new='{\"font-size\":\"\",\"line-height\":\"\"}'  style=\"font-weight:normal;\">A-Post<\/h3><h5 class=\"ult-responsive\"  data-ultimate-target='#Info-table-wrap-9390 h5'  data-responsive-json-new='{\"font-size\":\"\",\"line-height\":\"\"}'  style=\"font-weight:normal;\">Ma\u00dfe: 35,3 x 17,6 x 2 cm<\/h5><\/div><!--ult_pricing_heading--><div id=\"info_table_features_wrap-7071\"  data-ultimate-target='#info_table_features_wrap-7071.ult_price_features'  data-responsive-json-new='{\"font-size\":\"\",\"line-height\":\"\"}'  class=\"ult-responsive ult_price_features\" style=\"font-weight:normal;\">\n\t\t\t\t\t\t\t<p>bis max. 500 g<\/p>\n<p><em><strong>Preis: 2.10 CHF<\/strong><\/em><\/p>\n<hr \/>\n<p>bis max. 1000 g<\/p>\n<p><em><strong>Preis: 4.10 CHF<\/strong><\/em><\/p>\n\n\t\t\t\t\t\t<\/div><!--ult_price_features--><div class=\"ult_clr\"><\/div>\n\t\t\t<\/div><!--pricing_table-->\n\t\t<\/div><!--pricing_table_wrap-->[vc_separator color=&#187;peacoc&#187;]<div class=\"ult_pricing_table_wrap ult_info_table ult_design_2  ult-cs-yellow \">\n\t\t\t\t\t<div class=\"ult_pricing_table \" style=\" \"><div id=\"Info-table-wrap-5533\" class=\"ult_pricing_heading\" style=\"\">\n\t\t\t\t\t\t\t<h3 class=\"ult-responsive\"  data-ultimate-target='#Info-table-wrap-5533 h3'  data-responsive-json-new='{\"font-size\":\"\",\"line-height\":\"\"}'  style=\"font-weight:normal;\">A-Post (mit Sendungsverfolgung)<\/h3><h5 class=\"ult-responsive\"  data-ultimate-target='#Info-table-wrap-5533 h5'  data-responsive-json-new='{\"font-size\":\"\",\"line-height\":\"\"}'  style=\"font-weight:normal;\">Ma\u00dfe: 25 x 17,6 x 2 cm bei 250 g \/ 35,3 x 25 x 2 cm bei 1000 g<\/h5><\/div><!--ult_pricing_heading--><div id=\"info_table_features_wrap-8218\"  data-ultimate-target='#info_table_features_wrap-8218.ult_price_features'  data-responsive-json-new='{\"font-size\":\"\",\"line-height\":\"\"}'  class=\"ult-responsive ult_price_features\" style=\"font-weight:normal;\">\n\t\t\t\t\t\t\t<p>bis max. 250 g<\/p>\n<p><em><strong>Preis: 3.40 CHF<\/strong><\/em><\/p>\n<hr \/>\n<p>bis max. 1000 g<\/p>\n<p><em><strong>Preis: 5.20 CHF<\/strong><\/em><\/p>\n\n\t\t\t\t\t\t<\/div><!--ult_price_features--><div class=\"ult_clr\"><\/div>\n\t\t\t<\/div><!--pricing_table-->\n\t\t<\/div><!--pricing_table_wrap-->[vc_separator color=&#187;peacoc&#187;][vc_column_text]Gesch\u00e4ftskunden sparen bis zu 10 % &#8211; Spezielle Anfrage notwendig![\/vc_column_text][\/vc_tta_section][vc_tta_section title=&#187;Zusatzleistungen&#187; tab_id=&#187;1676040600864-1d498f1d-e22d&#187;]<div class=\"ult_pricing_table_wrap ult_info_table ult_design_2  ult-cs-yellow \">\n\t\t\t\t\t<div class=\"ult_pricing_table \" style=\" \"><div id=\"Info-table-wrap-3903\" class=\"ult_pricing_heading\" style=\"\">\n\t\t\t\t\t\t\t<h3 class=\"ult-responsive\"  data-ultimate-target='#Info-table-wrap-3903 h3'  data-responsive-json-new='{\"font-size\":\"\",\"line-height\":\"\"}'  style=\"font-weight:normal;\">Zusatzleistungen bei Paketen:<\/h3><\/div><!--ult_pricing_heading--><div id=\"info_table_features_wrap-9885\"  data-ultimate-target='#info_table_features_wrap-9885.ult_price_features'  data-responsive-json-new='{\"font-size\":\"\",\"line-height\":\"\"}'  class=\"ult-responsive ult_price_features\" style=\"font-weight:normal;\">\n\t\t\t\t\t\t\t<ol>\n<li><strong>Signature = 2 CHF<\/strong><\/li>\n<li><strong>Assurance = 7 CHF<\/strong><\/li>\n<li><strong>Fragile = 7.50 CHF<\/strong><\/li>\n<li><strong>Manuelle Verarbeitung = 4 CHF<\/strong><\/li>\n<li><strong>Gefahrgut &#171;LQ&#187; = 1.10 CHF<\/strong><\/li>\n<li><strong>Samstag-Zustellung = 3.80 CHF<\/strong><\/li>\n<\/ol>\n\n\t\t\t\t\t\t<\/div><!--ult_price_features--><div class=\"ult_clr\"><\/div>\n\t\t\t<\/div><!--pricing_table-->\n\t\t<\/div><!--pricing_table_wrap-->[vc_separator color=&#187;peacoc&#187;]<div class=\"ult_pricing_table_wrap ult_info_table ult_design_2  ult-cs-yellow \">\n\t\t\t\t\t<div class=\"ult_pricing_table \" style=\" \"><div id=\"Info-table-wrap-9094\" class=\"ult_pricing_heading\" style=\"\">\n\t\t\t\t\t\t\t<h3 class=\"ult-responsive\"  data-ultimate-target='#Info-table-wrap-9094 h3'  data-responsive-json-new='{\"font-size\":\"\",\"line-height\":\"\"}'  style=\"font-weight:normal;\">Zusatzleistungen bei Briefen:<\/h3><h5 class=\"ult-responsive\"  data-ultimate-target='#Info-table-wrap-9094 h5'  data-responsive-json-new='{\"font-size\":\"\",\"line-height\":\"\"}'  style=\"font-weight:normal;\">NUR f\u00fcr Gesch\u00e4ftskunden!<\/h5><\/div><!--ult_pricing_heading--><div id=\"info_table_features_wrap-4518\"  data-ultimate-target='#info_table_features_wrap-4518.ult_price_features'  data-responsive-json-new='{\"font-size\":\"\",\"line-height\":\"\"}'  class=\"ult-responsive ult_price_features\" style=\"font-weight:normal;\">\n\t\t\t\t\t\t\t<ol>\n<li><strong>Beleglose Nachnahme = 15 CHF<\/strong><\/li>\n<li><strong>Sp\u00e4teinlieferung bis 19.30 Uhr = 0.10 CHF<\/strong><\/li>\n<li><strong>Sp\u00e4teinlieferung bis 21 Uhr = 0.30 CHF<\/strong><\/li>\n<li><strong>Barcode Handling = 0.25 CHF<\/strong><\/li>\n<li><strong>PP-Stemeplung = 0.05 CHF<\/strong><\/li>\n<\/ol>\n\n\t\t\t\t\t\t<\/div><!--ult_price_features--><div class=\"ult_clr\"><\/div>\n\t\t\t<\/div><!--pricing_table-->\n\t\t<\/div><!--pricing_table_wrap-->[\/vc_tta_section][\/vc_tta_accordion][vc_column_text]Alle Details zum Versand mit der <a href=\"https:\/\/www.post.ch\/de\">Schweizerischen Post AG<\/a>.[\/vc_column_text][vc_empty_space height=&#187;10px&#187;][\/vc_column][vc_column width=&#187;1\/2&#8243;][vc_empty_space height=&#187;10px&#187;][vc_tta_accordion color=&#187;juicy-pink&#187; active_section=&#187;1&#8243; title=&#187;DPD&#187;][vc_tta_section title=&#187;Nationale Preise&#187; tab_id=&#187;1670573916579-63e336d0-d84c&#187;][\/vc_tta_section][vc_tta_section title=&#187;Pakete&#187; tab_id=&#187;1670573916448-2694b950-56d3&#8243;]<div class=\"ult_pricing_table_wrap ult_info_table ult_design_2  ult-cs-red \">\n\t\t\t\t\t<div class=\"ult_pricing_table \" style=\" \"><div id=\"Info-table-wrap-5820\" class=\"ult_pricing_heading\" style=\"\">\n\t\t\t\t\t\t\t<h3 class=\"ult-responsive\"  data-ultimate-target='#Info-table-wrap-5820 h3'  data-responsive-json-new='{\"font-size\":\"\",\"line-height\":\"\"}'  style=\"font-weight:normal;\">S<\/h3><h5 class=\"ult-responsive\"  data-ultimate-target='#Info-table-wrap-5820 h5'  data-responsive-json-new='{\"font-size\":\"\",\"line-height\":\"\"}'  style=\"font-weight:normal;\">L\u00e4ngste und k\u00fcrzeste Seite zusammen:<\/h5><\/div><!--ult_pricing_heading--><div id=\"info_table_features_wrap-5315\"  data-ultimate-target='#info_table_features_wrap-5315.ult_price_features'  data-responsive-json-new='{\"font-size\":\"\",\"line-height\":\"\"}'  class=\"ult-responsive ult_price_features\" style=\"font-weight:normal;\">\n\t\t\t\t\t\t\t<p><em>insgesamt 50 Zentimeter<\/em><\/p>\n<p>bis max. 31,5 kg<br \/>\n(Haftung bis 700 CHF + Sendungsverfolgung)<\/p>\n<p><em><strong>Preis: <\/strong><\/em><em><strong>9.50 CHF<\/strong><\/em><\/p>\n\n\t\t\t\t\t\t<\/div><!--ult_price_features--><div class=\"ult_clr\"><\/div>\n\t\t\t<\/div><!--pricing_table-->\n\t\t<\/div><!--pricing_table_wrap-->[vc_separator color=&#187;peacoc&#187;]<div class=\"ult_pricing_table_wrap ult_info_table ult_design_2  ult-cs-red \">\n\t\t\t\t\t<div class=\"ult_pricing_table \" style=\" \"><div id=\"Info-table-wrap-8052\" class=\"ult_pricing_heading\" style=\"\">\n\t\t\t\t\t\t\t<h3 class=\"ult-responsive\"  data-ultimate-target='#Info-table-wrap-8052 h3'  data-responsive-json-new='{\"font-size\":\"\",\"line-height\":\"\"}'  style=\"font-weight:normal;\">M<\/h3><h5 class=\"ult-responsive\"  data-ultimate-target='#Info-table-wrap-8052 h5'  data-responsive-json-new='{\"font-size\":\"\",\"line-height\":\"\"}'  style=\"font-weight:normal;\">L\u00e4ngste und k\u00fcrzeste Seite zusammen:<\/h5><\/div><!--ult_pricing_heading--><div id=\"info_table_features_wrap-8529\"  data-ultimate-target='#info_table_features_wrap-8529.ult_price_features'  data-responsive-json-new='{\"font-size\":\"\",\"line-height\":\"\"}'  class=\"ult-responsive ult_price_features\" style=\"font-weight:normal;\">\n\t\t\t\t\t\t\t<p><em>insgesamt 70 Zentimeter<\/em><\/p>\n<p>bis max. 31,5 kg<br \/>\n(Haftung bis 700 CHF + Sendungsverfolgung)<\/p>\n<p><em><strong>Preis: <\/strong><\/em><em><strong>12 CHF<\/strong><\/em><\/p>\n\n\t\t\t\t\t\t<\/div><!--ult_price_features--><div class=\"ult_clr\"><\/div>\n\t\t\t<\/div><!--pricing_table-->\n\t\t<\/div><!--pricing_table_wrap-->[vc_separator color=&#187;peacoc&#187;]<div class=\"ult_pricing_table_wrap ult_info_table ult_design_2  ult-cs-red \">\n\t\t\t\t\t<div class=\"ult_pricing_table \" style=\" \"><div id=\"Info-table-wrap-9928\" class=\"ult_pricing_heading\" style=\"\">\n\t\t\t\t\t\t\t<h3 class=\"ult-responsive\"  data-ultimate-target='#Info-table-wrap-9928 h3'  data-responsive-json-new='{\"font-size\":\"\",\"line-height\":\"\"}'  style=\"font-weight:normal;\">L<\/h3><h5 class=\"ult-responsive\"  data-ultimate-target='#Info-table-wrap-9928 h5'  data-responsive-json-new='{\"font-size\":\"\",\"line-height\":\"\"}'  style=\"font-weight:normal;\">L\u00e4ngste und k\u00fcrzeste Seite zusammen:<\/h5><\/div><!--ult_pricing_heading--><div id=\"info_table_features_wrap-3515\"  data-ultimate-target='#info_table_features_wrap-3515.ult_price_features'  data-responsive-json-new='{\"font-size\":\"\",\"line-height\":\"\"}'  class=\"ult-responsive ult_price_features\" style=\"font-weight:normal;\">\n\t\t\t\t\t\t\t<p><em>insgesamt 90 Zentimeter<\/em><\/p>\n<p>bis max. 31,5 kg<br \/>\n(Haftung bis 700 CHF + Sendungsverfolgung)<\/p>\n<p><b><i>Preis: 15 CHF<\/i><\/b><\/p>\n\n\t\t\t\t\t\t<\/div><!--ult_price_features--><div class=\"ult_clr\"><\/div>\n\t\t\t<\/div><!--pricing_table-->\n\t\t<\/div><!--pricing_table_wrap-->[vc_separator color=&#187;peacoc&#187;]<div class=\"ult_pricing_table_wrap ult_info_table ult_design_2  ult-cs-red \">\n\t\t\t\t\t<div class=\"ult_pricing_table \" style=\" \"><div id=\"Info-table-wrap-3841\" class=\"ult_pricing_heading\" style=\"\">\n\t\t\t\t\t\t\t<h3 class=\"ult-responsive\"  data-ultimate-target='#Info-table-wrap-3841 h3'  data-responsive-json-new='{\"font-size\":\"\",\"line-height\":\"\"}'  style=\"font-weight:normal;\">XL<\/h3><h5 class=\"ult-responsive\"  data-ultimate-target='#Info-table-wrap-3841 h5'  data-responsive-json-new='{\"font-size\":\"\",\"line-height\":\"\"}'  style=\"font-weight:normal;\">L\u00e4ngste und k\u00fcrzeste Seite zusammen:<\/h5><\/div><!--ult_pricing_heading--><div id=\"info_table_features_wrap-6717\"  data-ultimate-target='#info_table_features_wrap-6717.ult_price_features'  data-responsive-json-new='{\"font-size\":\"\",\"line-height\":\"\"}'  class=\"ult-responsive ult_price_features\" style=\"font-weight:normal;\">\n\t\t\t\t\t\t\t<p><em>insgesamt 175 Zentimeter (Gurtma\u00df 300 cm)<\/em><\/p>\n<p>bis max. 31,5 kg<br \/>\n(Haftung bis 700 CHF + Sendungsverfolgung)<\/p>\n<p><em><strong>Preis: 21 CHF<\/strong><\/em><\/p>\n\n\t\t\t\t\t\t<\/div><!--ult_price_features--><div class=\"ult_clr\"><\/div>\n\t\t\t<\/div><!--pricing_table-->\n\t\t<\/div><!--pricing_table_wrap-->[vc_separator color=&#187;peacoc&#187;][\/vc_tta_section][\/vc_tta_accordion][vc_empty_space height=&#187;10px&#187;][vc_column_text]Alle Details zum Versand mit <a href=\"https:\/\/www.dpd.com\/ch\/de\/versenden\/bis-30-pakete-im-monat-versenden\/\">DPD<\/a>.[\/vc_column_text][vc_empty_space height=&#187;10px&#187;][\/vc_column][\/vc_row][vc_row][vc_column width=&#187;1\/4&#8243;][vc_empty_space height=&#187;10px&#187;][\/vc_column][vc_column width=&#187;2\/4&#8243;][vc_empty_space height=&#187;10px&#187;][vc_tta_accordion color=&#187;mulled-wine&#187; active_section=&#187;1&#8243; title=&#187;UPS&#187;][vc_tta_section title=&#187;Nationale Preise&#187; tab_id=&#187;1676039316146-6f7237e3-3826&#8243;][\/vc_tta_section][vc_tta_section title=&#187;Pakete&#187; tab_id=&#187;1676039316276-d9fe4ddc-7877&#8243;]<div class=\"ult_pricing_table_wrap ult_info_table ult_design_2  ult-cs-custom \">\n\t\t\t\t\t<div class=\"ult_pricing_table \" style=\" \"><div id=\"Info-table-wrap-1924\" class=\"ult_pricing_heading\" style=\"background:#685345;\">\n\t\t\t\t\t\t\t<h3 class=\"ult-responsive\"  data-ultimate-target='#Info-table-wrap-1924 h3'  data-responsive-json-new='{\"font-size\":\"\",\"line-height\":\"\"}'  style=\"font-weight:normal;\">Paket Standard<\/h3><h5 class=\"ult-responsive\"  data-ultimate-target='#Info-table-wrap-1924 h5'  data-responsive-json-new='{\"font-size\":\"\",\"line-height\":\"\"}'  style=\"font-weight:normal;\">bis 5 kg<\/h5><\/div><!--ult_pricing_heading--><div id=\"info_table_features_wrap-3157\"  data-ultimate-target='#info_table_features_wrap-3157.ult_price_features'  data-responsive-json-new='{\"font-size\":\"\",\"line-height\":\"\"}'  class=\"ult-responsive ult_price_features\" style=\"font-weight:normal;\">\n\t\t\t\t\t\t\t<p><em><strong>Preis: 29.30<\/strong><\/em><em><strong>\u00a0CHF<\/strong><\/em><\/p>\n\n\t\t\t\t\t\t<\/div><!--ult_price_features--><div class=\"ult_clr\"><\/div>\n\t\t\t<\/div><!--pricing_table-->\n\t\t<\/div><!--pricing_table_wrap-->[vc_separator color=&#187;peacoc&#187;]<div class=\"ult_pricing_table_wrap ult_info_table ult_design_2  ult-cs-custom \">\n\t\t\t\t\t<div class=\"ult_pricing_table \" style=\" \"><div id=\"Info-table-wrap-7883\" class=\"ult_pricing_heading\" style=\"background:#685345;\">\n\t\t\t\t\t\t\t<h3 class=\"ult-responsive\"  data-ultimate-target='#Info-table-wrap-7883 h3'  data-responsive-json-new='{\"font-size\":\"\",\"line-height\":\"\"}'  style=\"font-weight:normal;\">Paket Standard<\/h3><h5 class=\"ult-responsive\"  data-ultimate-target='#Info-table-wrap-7883 h5'  data-responsive-json-new='{\"font-size\":\"\",\"line-height\":\"\"}'  style=\"font-weight:normal;\">bis 10 kg<\/h5><\/div><!--ult_pricing_heading--><div id=\"info_table_features_wrap-9860\"  data-ultimate-target='#info_table_features_wrap-9860.ult_price_features'  data-responsive-json-new='{\"font-size\":\"\",\"line-height\":\"\"}'  class=\"ult-responsive ult_price_features\" style=\"font-weight:normal;\">\n\t\t\t\t\t\t\t<p><em><strong>Preis: 42.35<\/strong><\/em><em><strong>\u00a0CHF<\/strong><\/em><\/p>\n\n\t\t\t\t\t\t<\/div><!--ult_price_features--><div class=\"ult_clr\"><\/div>\n\t\t\t<\/div><!--pricing_table-->\n\t\t<\/div><!--pricing_table_wrap-->[vc_separator color=&#187;peacoc&#187;]<div class=\"ult_pricing_table_wrap ult_info_table ult_design_2  ult-cs-custom \">\n\t\t\t\t\t<div class=\"ult_pricing_table \" style=\" \"><div id=\"Info-table-wrap-4423\" class=\"ult_pricing_heading\" style=\"background:#685345;\">\n\t\t\t\t\t\t\t<h3 class=\"ult-responsive\"  data-ultimate-target='#Info-table-wrap-4423 h3'  data-responsive-json-new='{\"font-size\":\"\",\"line-height\":\"\"}'  style=\"font-weight:normal;\">Paket Standard<\/h3><h5 class=\"ult-responsive\"  data-ultimate-target='#Info-table-wrap-4423 h5'  data-responsive-json-new='{\"font-size\":\"\",\"line-height\":\"\"}'  style=\"font-weight:normal;\">bis 15 kg<\/h5><\/div><!--ult_pricing_heading--><div id=\"info_table_features_wrap-9134\"  data-ultimate-target='#info_table_features_wrap-9134.ult_price_features'  data-responsive-json-new='{\"font-size\":\"\",\"line-height\":\"\"}'  class=\"ult-responsive ult_price_features\" style=\"font-weight:normal;\">\n\t\t\t\t\t\t\t<p><em><strong>Preis: 49.65 CHF<\/strong><\/em><\/p>\n\n\t\t\t\t\t\t<\/div><!--ult_price_features--><div class=\"ult_clr\"><\/div>\n\t\t\t<\/div><!--pricing_table-->\n\t\t<\/div><!--pricing_table_wrap-->[vc_separator color=&#187;peacoc&#187;]<div class=\"ult_pricing_table_wrap ult_info_table ult_design_2  ult-cs-custom \">\n\t\t\t\t\t<div class=\"ult_pricing_table \" style=\" \"><div id=\"Info-table-wrap-7538\" class=\"ult_pricing_heading\" style=\"background:#685345;\">\n\t\t\t\t\t\t\t<h3 class=\"ult-responsive\"  data-ultimate-target='#Info-table-wrap-7538 h3'  data-responsive-json-new='{\"font-size\":\"\",\"line-height\":\"\"}'  style=\"font-weight:normal;\">Paket Express<\/h3><h5 class=\"ult-responsive\"  data-ultimate-target='#Info-table-wrap-7538 h5'  data-responsive-json-new='{\"font-size\":\"\",\"line-height\":\"\"}'  style=\"font-weight:normal;\">bis 2.5 kg<\/h5><\/div><!--ult_pricing_heading--><div id=\"info_table_features_wrap-5461\"  data-ultimate-target='#info_table_features_wrap-5461.ult_price_features'  data-responsive-json-new='{\"font-size\":\"\",\"line-height\":\"\"}'  class=\"ult-responsive ult_price_features\" style=\"font-weight:normal;\">\n\t\t\t\t\t\t\t<p><em><strong>Preis: 34 CHF<\/strong><\/em><\/p>\n\n\t\t\t\t\t\t<\/div><!--ult_price_features--><div class=\"ult_clr\"><\/div>\n\t\t\t<\/div><!--pricing_table-->\n\t\t<\/div><!--pricing_table_wrap-->[vc_separator color=&#187;peacoc&#187;]<div class=\"ult_pricing_table_wrap ult_info_table ult_design_2  ult-cs-custom \">\n\t\t\t\t\t<div class=\"ult_pricing_table \" style=\" \"><div id=\"Info-table-wrap-5518\" class=\"ult_pricing_heading\" style=\"background:#685345;\">\n\t\t\t\t\t\t\t<h3 class=\"ult-responsive\"  data-ultimate-target='#Info-table-wrap-5518 h3'  data-responsive-json-new='{\"font-size\":\"\",\"line-height\":\"\"}'  style=\"font-weight:normal;\">Paket Express<\/h3><h5 class=\"ult-responsive\"  data-ultimate-target='#Info-table-wrap-5518 h5'  data-responsive-json-new='{\"font-size\":\"\",\"line-height\":\"\"}'  style=\"font-weight:normal;\">bis 5 kg<\/h5><\/div><!--ult_pricing_heading--><div id=\"info_table_features_wrap-7053\"  data-ultimate-target='#info_table_features_wrap-7053.ult_price_features'  data-responsive-json-new='{\"font-size\":\"\",\"line-height\":\"\"}'  class=\"ult-responsive ult_price_features\" style=\"font-weight:normal;\">\n\t\t\t\t\t\t\t<p><em><strong>Preis: 44.80 CHF<\/strong><\/em><\/p>\n\n\t\t\t\t\t\t<\/div><!--ult_price_features--><div class=\"ult_clr\"><\/div>\n\t\t\t<\/div><!--pricing_table-->\n\t\t<\/div><!--pricing_table_wrap-->[vc_separator color=&#187;peacoc&#187;]<div class=\"ult_pricing_table_wrap ult_info_table ult_design_2  ult-cs-custom \">\n\t\t\t\t\t<div class=\"ult_pricing_table \" style=\" \"><div id=\"Info-table-wrap-4413\" class=\"ult_pricing_heading\" style=\"background:#685345;\">\n\t\t\t\t\t\t\t<h3 class=\"ult-responsive\"  data-ultimate-target='#Info-table-wrap-4413 h3'  data-responsive-json-new='{\"font-size\":\"\",\"line-height\":\"\"}'  style=\"font-weight:normal;\">Paket Express<\/h3><h5 class=\"ult-responsive\"  data-ultimate-target='#Info-table-wrap-4413 h5'  data-responsive-json-new='{\"font-size\":\"\",\"line-height\":\"\"}'  style=\"font-weight:normal;\">bis 7.5 kg<\/h5><\/div><!--ult_pricing_heading--><div id=\"info_table_features_wrap-9779\"  data-ultimate-target='#info_table_features_wrap-9779.ult_price_features'  data-responsive-json-new='{\"font-size\":\"\",\"line-height\":\"\"}'  class=\"ult-responsive ult_price_features\" style=\"font-weight:normal;\">\n\t\t\t\t\t\t\t<p><em><strong>Preis: 55.50 CHF<\/strong><\/em><\/p>\n\n\t\t\t\t\t\t<\/div><!--ult_price_features--><div class=\"ult_clr\"><\/div>\n\t\t\t<\/div><!--pricing_table-->\n\t\t<\/div><!--pricing_table_wrap-->[vc_separator color=&#187;peacoc&#187;][\/vc_tta_section][\/vc_tta_accordion][vc_empty_space height=&#187;10px&#187;][vc_column_text]Alle Details zum Versand mit <a href=\"https:\/\/www.ups.com\/ch\/de\/Home.page\">UPS<\/a>.[\/vc_column_text][vc_empty_space height=&#187;10px&#187;][\/vc_column][vc_column width=&#187;1\/4&#8243;][vc_empty_space height=&#187;10px&#187;][\/vc_column][\/vc_row][vc_row][vc_column width=&#187;1\/2&#8243;][\/vc_column][vc_column width=&#187;1\/2&#8243;][vc_column_text]<\/p>\n<p style=\"text-align: right;\"><em>(Alle Angaben ohne Gew\u00e4hr)<\/em><\/p>\n<p>[\/vc_column_text][\/vc_column][\/vc_row][vc_row][vc_column][vc_row_inner el_id=&#187;wo-was-guenstig&#187;][vc_column_inner][vc_empty_space height=&#187;30px&#187;]<div id=\"ultimate-heading-240269b73bdeb3b7c\" class=\"uvc-heading ult-adjust-bottom-margin ultimate-heading-240269b73bdeb3b7c uvc-9623  uvc-heading-default-font-sizes\" data-hspacer=\"no_spacer\"  data-halign=\"center\" style=\"text-align:center\"><div class=\"uvc-heading-spacer no_spacer\" style=\"top\"><\/div><div class=\"uvc-sub-heading ult-responsive\"  data-ultimate-target='.uvc-heading.ultimate-heading-240269b73bdeb3b7c .uvc-sub-heading '  data-responsive-json-new='{\"font-size\":\"\",\"line-height\":\"\"}'  style=\"font-weight:normal;\"><\/p>\n<h2 style=\"text-align: left;\">Jeans, Sneakers oder Smartphones versenden: Wo geht was am g\u00fcnstigsten?<\/h2>\n<p><\/div><\/div>[vc_empty_space height=&#187;30px&#187;][vc_column_text]Um Ihnen einen \u00dcberblick zu verschaffen, haben wir die Versandkosten und Konditionen f\u00fcr h\u00e4ufig versandte Produktbeispiele verglichen \u2013 mit folgendem Ergebnis: Nicht ganz so wertvolle Waren wie B\u00fccher, Kleidung oder einen Wasserkocher verschicken Sie am preisg\u00fcnstigsten unversichert als B-Post bzw. Postpac Economy mit der Schweizerischen Post. Auch f\u00fcr wertvollere Gegenst\u00e4nde in verschiedenen Gr\u00f6ssen, beispielsweise technische Ger\u00e4te wie ein Smartphone, eine Spielekonsole oder einen Fernseher, bietet die Schweizerische Post ebenfalls den g\u00fcnstigsten Preis f\u00fcr den versicherten Versand inklusive Sendungsverfolgung. Nur grosse, unversicherte Sendungen wie ein Auto-Komplettrad bringt DPD am preiswertesten zum Empf\u00e4nger.[\/vc_column_text][vc_empty_space height=&#187;30px&#187;]<div id=\"ultimate-heading-319269b73bdeb3ba6\" class=\"uvc-heading ult-adjust-bottom-margin ultimate-heading-319269b73bdeb3ba6 uvc-3107  uvc-heading-default-font-sizes\" data-hspacer=\"no_spacer\"  data-halign=\"center\" style=\"text-align:center\"><div class=\"uvc-heading-spacer no_spacer\" style=\"top\"><\/div><div class=\"uvc-sub-heading ult-responsive\"  data-ultimate-target='.uvc-heading.ultimate-heading-319269b73bdeb3ba6 .uvc-sub-heading '  data-responsive-json-new='{\"font-size\":\"\",\"line-height\":\"\"}'  style=\"font-weight:normal;\"><\/p>\n<h4 style=\"text-align: left;\">Beispieltarife auf einen Blick (ohne Gew\u00e4hr, Stand 02\/2023)<\/h4>\n<p><\/div><\/div>[vc_empty_space height=&#187;30px&#187;][vc_column_text]\n<table id=\"tablepress-4\" class=\"tablepress tablepress-id-4\">\n<thead>\n<tr class=\"row-1\">\n\t<td class=\"column-1\"><\/td><th class=\"column-2\">Post CH<\/th><th class=\"column-3\">DPD (online Preise)<\/th><th class=\"column-4\">UPS<\/th>\n<\/tr>\n<\/thead>\n<tbody class=\"row-striping row-hover\">\n<tr class=\"row-2\">\n\t<td class=\"column-1\">Buch<br \/>\n190x120x20 mm<br \/>\n300 g<\/td><td class=\"column-2\">1.85 CHF<br \/>\nB-Post<\/td><td class=\"column-3\">9.50 CHF<br \/>\nS<\/td><td class=\"column-4\">25.60 CHF<br \/>\nStandard 1 kg<\/td>\n<\/tr>\n<tr class=\"row-3\">\n\t<td class=\"column-1\"><\/td><td class=\"column-2\"><\/td><td class=\"column-3\"><\/td><td class=\"column-4\"><\/td>\n<\/tr>\n<tr class=\"row-4\">\n\t<td class=\"column-1\">Jeans<br \/>\n350x250x30 mm<br \/>\n650 g<\/td><td class=\"column-2\">7 CHF<br \/>\nPostpac Economy<\/td><td class=\"column-3\">9.50 CHF<br \/>\nS<\/td><td class=\"column-4\">25.60 CHF <br \/>\nbis 1 kg<\/td>\n<\/tr>\n<tr class=\"row-5\">\n\t<td class=\"column-1\"><\/td><td class=\"column-2\"><\/td><td class=\"column-3\"><\/td><td class=\"column-4\"><\/td>\n<\/tr>\n<tr class=\"row-6\">\n\t<td class=\"column-1\">Sneakers<br \/>\n340x205x125 mm<br \/>\n1.000 g<br \/>\n<\/td><td class=\"column-2\">7 CHF<br \/>\nPostpac Economy<\/td><td class=\"column-3\">9.50 \u20ac<br \/>\nS<\/td><td class=\"column-4\">25.60 CHF<br \/>\nbis 1 kg<\/td>\n<\/tr>\n<tr class=\"row-7\">\n\t<td class=\"column-1\"><\/td><td class=\"column-2\"><\/td><td class=\"column-3\"><\/td><td class=\"column-4\"><\/td>\n<\/tr>\n<tr class=\"row-8\">\n\t<td class=\"column-1\">Smartphone (bis 500 CHF Haftung und Sendungsverfolgung)<br \/>\n170x95x50<br \/>\n500g<\/td><td class=\"column-2\">7 CHF<br \/>\nPostpac Economy<\/td><td class=\"column-3\">9.50 ChF<br \/>\nS<\/td><td class=\"column-4\">25.60 CHF<br \/>\nbis 1 kg<\/td>\n<\/tr>\n<tr class=\"row-9\">\n\t<td class=\"column-1\"><\/td><td class=\"column-2\"><\/td><td class=\"column-3\"><\/td><td class=\"column-4\"><\/td>\n<\/tr>\n<tr class=\"row-10\">\n\t<td class=\"column-1\">Wasserkocher<br \/>\n220x210x150<br \/>\n1.000g<\/td><td class=\"column-2\">7 CHF <br \/>\nPostpac Economy<\/td><td class=\"column-3\">9.50 CHF<br \/>\nS<\/td><td class=\"column-4\">25.60 CHF<br \/>\nbis 1 kg<\/td>\n<\/tr>\n<tr class=\"row-11\">\n\t<td class=\"column-1\"><\/td><td class=\"column-2\"><\/td><td class=\"column-3\"><\/td><td class=\"column-4\"><\/td>\n<\/tr>\n<tr class=\"row-12\">\n\t<td class=\"column-1\">Spielekonsole (bis 500 CHF Haftung und Sendungsverfolgung)<br \/>\n470x430x180 mm<br \/>\n6.000 g<\/td><td class=\"column-2\">9.70 CHF<br \/>\nPostpac Economy<\/td><td class=\"column-3\">12 CHF<br \/>\nM<\/td><td class=\"column-4\">34.75 CHF<br \/>\n6 kg<\/td>\n<\/tr>\n<tr class=\"row-13\">\n\t<td class=\"column-1\"><\/td><td class=\"column-2\"><\/td><td class=\"column-3\"><\/td><td class=\"column-4\"><\/td>\n<\/tr>\n<tr class=\"row-14\">\n\t<td class=\"column-1\">Auto-Komplettrad<br \/>\n750x750x320<br \/>\n20 kg<\/td><td class=\"column-2\">ab 29 CHF <br \/>\nab 37 CHF (Express)<\/td><td class=\"column-3\">21 CHF<br \/>\nXL<\/td><td class=\"column-4\">60.80 CHF<br \/>\n20 kg<\/td>\n<\/tr>\n<tr class=\"row-15\">\n\t<td class=\"column-1\"><\/td><td class=\"column-2\"><\/td><td class=\"column-3\"><\/td><td class=\"column-4\"><\/td>\n<\/tr>\n<tr class=\"row-16\">\n\t<td class=\"column-1\">LED-SMART-TV 48\"<br \/>\n1300x760x200 mm<br \/>\n20 kg<\/td><td class=\"column-2\">ab 29 CHF (Standard)<br \/>\nab 37 CHF (Express)<\/td><td class=\"column-3\">Sendung zu gro\u00df<\/td><td class=\"column-4\">60.80 CHF<br \/>\n20 kg<\/td>\n<\/tr>\n<tr class=\"row-17\">\n\t<td class=\"column-1\"><\/td><td class=\"column-2\"><\/td><td class=\"column-3\"><\/td><td class=\"column-4\"><\/td>\n<\/tr>\n<tr class=\"row-18\">\n\t<td class=\"column-1\"><strong>Durchschnittlicher Preis ohne Inbezugnahme LED-SMART-TV 48''<\/strong><\/td><td class=\"column-2\"><strong>9.79 CHF<\/strong><\/td><td class=\"column-3\"><strong>11.50 CHF<\/strong><\/td><td class=\"column-4\"><strong>31.94 CHF <\/strong><\/td>\n<\/tr>\n<\/tbody>\n<\/table>\n<!-- #tablepress-4 from cache -->[\/vc_column_text][vc_empty_space height=&#187;30px&#187;][\/vc_column_inner][\/vc_row_inner][vc_column_text]Ein Blick in die \u00dcbersicht zeigt: Die Schweizerische Post hat in allen Kategorien, ausser bei grossen, schweren und unversicherten Sendungen, preislich die Nase vorn. UPS ist f\u00fcr alle Versandarten zwar am teuersten, bietet seinen Kunden aber beispielsweise spezielle Express-Tarife an.[\/vc_column_text][vc_empty_space height=&#187;30px&#187;][vc_column_text css=&#187;&#187;]<\/p>\n<div class=\"wp-block-button\"><a class=\"wp-block-button__link\" href=\"https:\/\/www.medewo.com\/ch\/themenshops\/e-commerce-verpackungen\/portooptimierte-versanderpackungen\/\">Entdecken Sie alle portooptimierten Verpackungen<\/a><\/div>\n<p>[\/vc_column_text][\/vc_column][\/vc_row][\/vc_section][vc_row el_id=&#187;zusatzleistungenoesterreich&#187;][vc_column][vc_empty_space height=&#187;30px&#187;]<div id=\"ultimate-heading-980269b73bdeb4168\" class=\"uvc-heading ult-adjust-bottom-margin ultimate-heading-980269b73bdeb4168 uvc-3691  uvc-heading-default-font-sizes\" data-hspacer=\"no_spacer\"  data-halign=\"center\" style=\"text-align:center\"><div class=\"uvc-heading-spacer no_spacer\" style=\"top\"><\/div><div class=\"uvc-sub-heading ult-responsive\"  data-ultimate-target='.uvc-heading.ultimate-heading-980269b73bdeb4168 .uvc-sub-heading '  data-responsive-json-new='{\"font-size\":\"\",\"line-height\":\"\"}'  style=\"font-weight:normal;\"><\/p>\n<h2 style=\"text-align: left;\">Darf&#8217;s no e chli meh sii? Zusatzangebote der Schweizerischen Post AG<\/h2>\n<p><\/div><\/div>[vc_empty_space height=&#187;30px&#187;][vc_row_inner][vc_column_inner width=&#187;1\/2&#8243;][vc_empty_space height=&#187;5px&#187;][vc_single_image image=&#187;23755&#8243; img_size=&#187;full&#187;][\/vc_column_inner][vc_column_inner width=&#187;1\/2&#8243;][vc_column_text]Die Schweizerische Post bietet ihren Kunden zahlreiche Zusatzleistungen. Einzelne Optionen stehen allerdings nur Gesch\u00e4ftskunden zur Verf\u00fcgung. Bei der \u00abBeleglosen Nachnahme\u00bb wird die Sendung nur gegen Empfangsbest\u00e4tigung und Bezahlung des Nachnahmebetrages abgegeben. Business-Kunden k\u00f6nnen Ihre Sendungen mit \u00abSp\u00e4teinlieferung bis 19:30 Uhr\u00bb oder \u00abSp\u00e4teinlieferung bis 21:00 Uhr\u00bb auch nach den \u00fcblichen Gesch\u00e4ftszeiten ausliefern lassen.[\/vc_column_text][\/vc_column_inner][\/vc_row_inner][vc_row_inner][vc_column_inner][vc_empty_space height=&#187;20px&#187;][vc_column_text]Mit der Zusatzleistung \u00abBarcode-Handling\u00bb \u00fcbernimmt die Post das Anbringen des Barcodelabels, um ihren Gesch\u00e4ftskunden Zeit zu sparen. Massensendungen k\u00f6nnen mit der \u00ab<a href=\"https:\/\/www.post.ch\/de\/briefe-versenden\/frankieren-briefe\/frankierloesungen-briefe\/pp-frankierung\">PP-Frankierung<\/a>\u00bb besonders schnell und ohne Briefmarke frankiert werden. Auf der Website kann z. B. f\u00fcr PostPac Priority, PostPac Economy oder den A-Post-Brief \u00fcber die \u00abSendungsverfolgung\u00bb\u00a0 der Sendungsstatus verfolgt werden. Die Sendungsverfolgung ist auch f\u00fcr die Zusatzleistungen \u00abSignature\u00bb, \u00abAssurance\u00bb und \u00abEigenh\u00e4ndig\u00bb m\u00f6glich. Wenn Sie ein wertvolles Paket gegen Unterschrift zustellen m\u00f6chten, haben Sie die Wahl zwischen \u00abSignature\u00bb (Haftung bis 1 500 Franken), \u00abAssurance\u00bb (Haftung bis 5 000 Franken) oder \u00abEigenh\u00e4ndig\u00bb, wenn eine Sendung pers\u00f6nlich zugestellt werden soll. Gesch\u00e4ftskunden k\u00f6nnen gegen Aufpreis auch \u00abSamstagszustellung\u00bb w\u00e4hlen. Standardpakete mit spezieller Form oder spezieller Verpackung, die nicht maschinell sortiert werden k\u00f6nnen, sind mit \u00abManuelle Verarbeitung\u00bb zu kennzeichnen. Empfindliche oder zerbrechliche Waren k\u00f6nnen als \u00abFragile\u00bb mit einer Haftungssumme von 5 000 Franken versandt werden. Erlaubte Gefahrg\u00fcter, wie z. B. Spraydosen, Farbverd\u00fcnner oder Desinfektionsmittel, kommen mit der Option \u00abGefahrgut LQ\u00bb sicher beim Empf\u00e4nger an.[\/vc_column_text][vc_empty_space height=&#187;15px&#187;][vc_empty_space height=&#187;15px&#187;][vc_column_text css=&#187;&#187;]<\/p>\n<div class=\"wp-block-button\"><a class=\"wp-block-button__link\" href=\"https:\/\/www.medewo.com\/ch\/lagersortiment\/kartons-schachteln\/versandschachteln\/buch-und-wickelverpackungen\/\" target=\"_blank\" rel=\"noopener\">Entdecken Sie alle Buch- und Wickelverpackungen<\/a><\/div>\n<p>[\/vc_column_text][\/vc_column_inner][\/vc_row_inner][vc_row_inner][vc_column_inner][vc_column_text]            <style>\n                .message_box_wrapper {\n                    display: block;\n                    width: 100%;\n                    width: calc( 100% - 32px );\n                    margin-bottom: 30px;\n                    margin-top: 15px;\n                    padding: 15px;\n                    float: left;\n                    background: #f9f9f9;\n                    border: 1px solid #dddddd;\n                }\n                .message_box_wrapper .message_box_icon {\n                    margin-bottom: 0;\n                }\n                .message_box_wrapper .message_box_caption {\n                    margin-left: 70px;\n                }\n                .message_box_wrapper .message_box_caption .message_box_button {\n                    background: #278dd1;\n                    border-color: #278dd1;\n                    display: inline-block;\n                    padding: 6px 20px;\n                    line-height: 1.42857143;\n                    color: #fff;\n                    font-size: 17px;\n                    font-weight: normal;\n                    text-decoration: none;\n                }\n            <\/style>\n\n            <div class=\"message_box_wrapper\">\n                <p>\n                    <img decoding=\"async\" class=\"alignleft wp-image-4005 message_box_icon\" title=\"MEDEWO-Tipp\" src=\"https:\/\/www.medewo.com\/blog\/wp-content\/themes\/dt-the7-child\/img\/icons\/Tipp.svg\" alt=\"MEDEWO-Tipp\" width=\"50\" height=\"50\">\n                <\/p>\n                 Als Absender sind Sie verantwortlich und haftbar, dass gef\u00e4hrliche G\u00fcter sicher verpackt und korrekt gekennzeichnet sind. Bei allen Gefahrgutsendungen muss der Zusatzleistungsbarcode \u00abGefahrgut LQ\u00bb angebracht sein. Alle <a href=\"https:\/\/www.post.ch\/de\/pakete-versenden\/gefahrgut\/gefahrgut-inland\/gefahrgut-inland-lq\">weiteren Informationen<\/a> zum Gefahrguttransport erhalten Sie auf der Post-Website.<\/p>\n<p>                <p class=\"message_box_caption\">\n                                    <\/p>\n            <\/div>\n        [\/vc_column_text][\/vc_column_inner][\/vc_row_inner][\/vc_column][\/vc_row][vc_section][vc_row el_id=&#187;#lebensmittelversand&#187;][vc_column][vc_empty_space height=&#187;30px&#187;]<div id=\"ultimate-heading-978569b73bdeb41c4\" class=\"uvc-heading ult-adjust-bottom-margin ultimate-heading-978569b73bdeb41c4 uvc-6249  uvc-heading-default-font-sizes\" data-hspacer=\"no_spacer\"  data-halign=\"center\" style=\"text-align:center\"><div class=\"uvc-heading-spacer no_spacer\" style=\"top\"><\/div><div class=\"uvc-sub-heading ult-responsive\"  data-ultimate-target='.uvc-heading.ultimate-heading-978569b73bdeb41c4 .uvc-sub-heading '  data-responsive-json-new='{\"font-size\":\"\",\"line-height\":\"\"}'  style=\"font-weight:normal;\"><\/p>\n<h2 style=\"text-align: left;\">Regionale Produkte direkt vom Hof auf den Teller \u2013 worauf kommt es an?<\/h2>\n<p><\/div><\/div>[vc_empty_space height=&#187;30px&#187;][vc_column_text]Wenn Sie Lebensmittel aus Ihrem Hofladen direkt an Ihre Kunden versenden m\u00f6chten, ist ein sicherer, schneller und teilweise <a href=\"https:\/\/www.medewo.com\/blog\/ch-de\/loesungen\/die-richtige-thermoverpackung-finden\/\">gek\u00fchlter Versand<\/a> notwendig. Die Schweizerische Post bietet die M\u00f6glichkeit, regionale Produkte direkt vom Erzeuger preiswert und umweltschonend an den Endverbraucher zu liefern. Ein landwirtschaftlicher Betrieb hat damit die M\u00f6glichkeit, die abgepackten Produkte fr\u00fchmorgens zur n\u00e4chsten Zustellstelle zu bringen, von wo aus die Post die Produkte noch am selben Tag zum Konsumenten transportiert. Auf Wunsch k\u00f6nnen die Lebensmittel direkt am Hof abgeholt werden. Hier erhalten Sie weitere Informationen zur Zustellung vom Produzenten zum Konsumenten.<\/p>\n<p>Bei DPD erhalten Gesch\u00e4ftskunden Sonderkonditionen f\u00fcr Lebensmittel- bzw. gek\u00fchlten Versand auf Anfrage. Damit Ihre Sendung unbeschadet bleibt, gibt es w\u00e4rmed\u00e4mmende <a href=\"https:\/\/www.medewo.com\/ch\/themenshops\/thermo-isolierverpackungen\/\">Verpackungsl\u00f6sungen<\/a>, sogenannte Thermo- und Isolierverpackungen, welche die temperaturempfindlichen Produkte auf dem Transportweg sch\u00fctzen, beispielsweise Thermo-Boxen oder Thermo-Beutel. Um die k\u00fchlenden Eigenschaften dieser Versandmaterialien zus\u00e4tzlich zu verbessern, k\u00f6nnen der Sendung K\u00fchlakkus oder K\u00fchlkissen beigef\u00fcgt werden.[\/vc_column_text][\/vc_column][\/vc_row][vc_row][vc_column width=&#187;2\/3&#8243;][vc_column_text]Besonders f\u00fcr Betriebe, die Lebensmittel herstellen oder verarbeiten, aber auch im medizinischen Bereich, wenn Medikamente oder Laborproben verschickt werden m\u00f6chten, spielen w\u00e4rmed\u00e4mmende Verpackungen eine zentrale Rolle. Gl\u00e4ser und Flaschen m\u00fcssen sehr gut verpackt und mit ausreichend Polstermaterial verschickt werden, um St\u00fcrze, St\u00f6sse oder Druckeinwirkung beim Transport zu \u00fcberstehen. Verwenden Sie f\u00fcr den Versand von zerbrechlichen Artikeln einen Karton mit stabiler Aussenwand. Wichtig ist, dass Leerr\u00e4ume mit Polstermaterial ausgef\u00fcllt sind. Sicherheitshalber k\u00f6nnen Sie Ihr Paket mit einem Warnklebeband \u00ab<a href=\"https:\/\/www.medewo.com\/ch\/lagersortiment\/lager-und-betriebsbedarf\/betriebskennzeichnung-beschilderung\/\">Vorsicht Glas<\/a>!\u00bb verschliessen. F\u00fcr einen besonders sicheren Flaschenversand gibt es Flaschen-Versandkartons.[\/vc_column_text][\/vc_column][vc_column width=&#187;1\/3&#8243;][vc_empty_space height=&#187;20px&#187;][vc_single_image image=&#187;22928&#8243; img_size=&#187;200&#215;267&#8243;][\/vc_column][vc_column][vc_column_text]Mit der Dienstleistung \u00abVinoLog\u00bb transportiert die Schweizerische Post f\u00fcr Gesch\u00e4ftskunden Wein und andere Getr\u00e4nke originalverpackt zum Kunden. Die Lieferung kann entweder an bestimmten Annahmestellen aufgegeben oder auch direkt abgeholt werden. Alle weiteren Informationen zum Getr\u00e4nkeversand per Post erhalten Sie <a href=\"https:\/\/www.post.ch\/de\/pakete-versenden\/pakete-schweiz\/weinversand-mit-vinolog\">hier<\/a>.[\/vc_column_text][\/vc_column][\/vc_row][vc_row][vc_column][vc_empty_space height=&#187;20px&#187;][vc_row_inner][vc_column_inner][vc_column_text]            <style>\n                .message_box_wrapper {\n                    display: block;\n                    width: 100%;\n                    width: calc( 100% - 32px );\n                    margin-bottom: 30px;\n                    margin-top: 15px;\n                    padding: 15px;\n                    float: left;\n                    background: #f9f9f9;\n                    border: 1px solid #dddddd;\n                }\n                .message_box_wrapper .message_box_icon {\n                    margin-bottom: 0;\n                }\n                .message_box_wrapper .message_box_caption {\n                    margin-left: 70px;\n                }\n                .message_box_wrapper .message_box_caption .message_box_button {\n                    background: #278dd1;\n                    border-color: #278dd1;\n                    display: inline-block;\n                    padding: 6px 20px;\n                    line-height: 1.42857143;\n                    color: #fff;\n                    font-size: 17px;\n                    font-weight: normal;\n                    text-decoration: none;\n                }\n            <\/style>\n\n            <div class=\"message_box_wrapper\">\n                <p>\n                    <img decoding=\"async\" class=\"alignleft wp-image-4005 message_box_icon\" title=\"MEDEWO-Tipp\" src=\"https:\/\/www.medewo.com\/blog\/wp-content\/themes\/dt-the7-child\/img\/icons\/Tipp.svg\" alt=\"MEDEWO-Tipp\" width=\"50\" height=\"50\">\n                <\/p>\n                Auch beim Online-Shopping z\u00e4hlt das Einkaufserlebnis und die Verpackung spielt dabei eine wichtige Rolle. Worauf Sie achten sollten und wie Sie bei der Wahl der Verpackung bei Ihren Kunden punkten k\u00f6nnen, erfahren Sie in unserer \u00ab<a href=\"https:\/\/www.medewo.com\/blog\/ch-de\/loesungen\/checkliste-die-optimale-verpackung-im-onlinehandel\/\">Checkliste: Die optimale Verpackung im Onlinehandel<\/a>\u00bb.                <p class=\"message_box_caption\">\n                                    <\/p>\n            <\/div>\n        [\/vc_column_text][\/vc_column_inner][\/vc_row_inner][\/vc_column][\/vc_row][\/vc_section][vc_row el_id=&#187;sperrgut&#187;][vc_column][vc_empty_space height=&#187;30px&#187;]<div id=\"ultimate-heading-93669b73bdeb4202\" class=\"uvc-heading ult-adjust-bottom-margin ultimate-heading-93669b73bdeb4202 uvc-3423  uvc-heading-default-font-sizes\" data-hspacer=\"no_spacer\"  data-halign=\"center\" style=\"text-align:center\"><div class=\"uvc-heading-spacer no_spacer\" style=\"top\"><\/div><div class=\"uvc-sub-heading ult-responsive\"  data-ultimate-target='.uvc-heading.ultimate-heading-93669b73bdeb4202 .uvc-sub-heading '  data-responsive-json-new='{\"font-size\":\"\",\"line-height\":\"\"}'  style=\"font-weight:normal;\"><\/p>\n<h2 style=\"text-align: left;\">Was ist bei grossen, schweren Paketen und Sperrgut zu beachten?<\/h2>\n<p><\/div><\/div>[vc_empty_space height=&#187;30px&#187;][vc_row_inner][vc_column_inner width=&#187;1\/2&#8243;][vc_column_text]Wenn Sie grosse und\/oder schwere Pakete verschicken m\u00f6chten, gelten bei den bekannten Paket-Dienstleistern H\u00f6chstgrenzen f\u00fcr Gr\u00f6sse bzw. Umfang und Gewicht. Bei der Schweizerischen Post AG, bei UPS und DHL gilt die Masseinheit Volumen (L\u00e4nge x Breite x H\u00f6he). F\u00fcr Sperrgut ist bei der Schweizerischen Post das Gurtmass zu berechnen (2 x H\u00f6he + 2 x Breite + l\u00e4ngste Seite). Bei DPD muss die l\u00e4ngste und die k\u00fcrzeste Seite addiert werden, um den Preis zu bestimmen.[\/vc_column_text][\/vc_column_inner][vc_column_inner width=&#187;1\/2&#8243;][vc_empty_space height=&#187;10px&#187;][vc_single_image image=&#187;13685&#8243; img_size=&#187;300&#215;240&#8243; alignment=&#187;center&#187;][\/vc_column_inner][\/vc_row_inner][vc_empty_space height=&#187;20px&#187;][vc_column_text]Auch in puncto Gewicht gelten bei den Versanddienstleistern unterschiedliche H\u00f6chstgrenzen und Preise. Geben Sie auf der Website des jeweiligen Anbieters Masse und Gewicht Ihrer Sendung an, um das Porto zu berechnen. Daneben gibt es Spezial-Firmen und Speditionen, die grosse Pakete, G\u00fcter und Paletten transportieren.[\/vc_column_text][vc_empty_space height=&#187;30px&#187;][vc_column_text]            <style>\n                .message_box_wrapper {\n                    display: block;\n                    width: 100%;\n                    width: calc( 100% - 32px );\n                    margin-bottom: 30px;\n                    margin-top: 15px;\n                    padding: 15px;\n                    float: left;\n                    background: #f9f9f9;\n                    border: 1px solid #dddddd;\n                }\n                .message_box_wrapper .message_box_icon {\n                    margin-bottom: 0;\n                }\n                .message_box_wrapper .message_box_caption {\n                    margin-left: 70px;\n                }\n                .message_box_wrapper .message_box_caption .message_box_button {\n                    background: #278dd1;\n                    border-color: #278dd1;\n                    display: inline-block;\n                    padding: 6px 20px;\n                    line-height: 1.42857143;\n                    color: #fff;\n                    font-size: 17px;\n                    font-weight: normal;\n                    text-decoration: none;\n                }\n            <\/style>\n\n            <div class=\"message_box_wrapper\">\n                <p>\n                    <img decoding=\"async\" class=\"alignleft wp-image-4005 message_box_icon\" title=\"MEDEWO-Tipp\" src=\"https:\/\/www.medewo.com\/blog\/wp-content\/themes\/dt-the7-child\/img\/icons\/Tipp.svg\" alt=\"MEDEWO-Tipp\" width=\"50\" height=\"50\">\n                <\/p>\n                Vor allem bei schwerem Versandgut sollte ein Karton aus Wellkarton (z.B. 2- oder 3-wellig) den Inhalt gegen St\u00f6sse und Stapeldruck beim Transport sch\u00fctzen. Besonders stabil sind Kartons aus Frischfaser; wenn die Ware nicht empfindlich ist, gen\u00fcgen Kartons aus Recycling-Faser (mehr zu Kartons finden Sie in unserem Blog-Artikel \u00ab<a href=\"https:\/\/www.medewo.com\/blog\/ch-de\/loesungen\/alles-was-sie-ueber-kartons-wissen-muessen\/\">Alles, was Sie \u00fcber Kartons wissen m\u00fcssen<\/a>\u00bb. Es sollte die kleinstm\u00f6gliche Gr\u00f6sse gew\u00e4hlt werden, um Hohlraum im Paket zu vermeiden. Beim Wiegen ist die Verpackung mitzuwiegen.                <p class=\"message_box_caption\">\n                                    <\/p>\n            <\/div>\n        [\/vc_column_text][vc_empty_space height=&#187;40px&#187;][vc_row_inner][vc_column_inner width=&#187;1\/2&#8243;][vc_single_image image=&#187;23002&#8243; img_size=&#187;350&#215;310&#8243;][\/vc_column_inner][vc_column_inner width=&#187;1\/2&#8243;][vc_column_text]P\u00e4ckchen und Pakete sollten in einer rechteckigen, also quaderf\u00f6rmigen, formstabilen Kartonage oder Paketverpackung verschickt werden.<\/p>\n<p>Wenn sich ein Gegenstand nicht in dieser Form verpacken l\u00e4sst oder herausragende Teile aufweist, muss man ihn als Sperrgut versenden.<\/p>\n<p>Sperrgutsendungen wie z.\u00a0B. Versandrohre bringen f\u00fcr den Versanddienstleister einen hohen Mehraufwand mit sich, da sie in Verteilzentren aufgrund ihrer Form nicht maschinell, sondern nur von Hand sortiert werden k\u00f6nnen.[\/vc_column_text][\/vc_column_inner][\/vc_row_inner][vc_empty_space height=&#187;10px&#187;][vc_column_text]Das f\u00fchrt zu zus\u00e4tzlichen Sperrgutzuschl\u00e4gen bzw. Geb\u00fchren. Ausserdem kann diese Versandart zu l\u00e4ngeren Lieferzeiten f\u00fchren.[\/vc_column_text][vc_empty_space height=&#187;30px&#187;][vc_column_text]            <style>\n                .message_box_wrapper {\n                    display: block;\n                    width: 100%;\n                    width: calc( 100% - 32px );\n                    margin-bottom: 30px;\n                    margin-top: 15px;\n                    padding: 15px;\n                    float: left;\n                    background: #f9f9f9;\n                    border: 1px solid #dddddd;\n                }\n                .message_box_wrapper .message_box_icon {\n                    margin-bottom: 0;\n                }\n                .message_box_wrapper .message_box_caption {\n                    margin-left: 70px;\n                }\n                .message_box_wrapper .message_box_caption .message_box_button {\n                    background: #278dd1;\n                    border-color: #278dd1;\n                    display: inline-block;\n                    padding: 6px 20px;\n                    line-height: 1.42857143;\n                    color: #fff;\n                    font-size: 17px;\n                    font-weight: normal;\n                    text-decoration: none;\n                }\n            <\/style>\n\n            <div class=\"message_box_wrapper\">\n                <p>\n                    <img decoding=\"async\" class=\"alignleft wp-image-4005 message_box_icon\" title=\"MEDEWO-Tipp\" src=\"https:\/\/www.medewo.com\/blog\/wp-content\/themes\/dt-the7-child\/img\/icons\/Tipp.svg\" alt=\"MEDEWO-Tipp\" width=\"50\" height=\"50\">\n                <\/p>\n                Wenn Sie Sperrgut versenden m\u00f6chten, ist es gegebenenfalls wichtig, Ihr Packst\u00fcck mit <a href=\"https:\/\/www.medewo.com\/ch\/lagersortiment\/stretchen-umreifen-palettieren\/umreifung\/\">Umreifungsb\u00e4ndern<\/a> oder <a href=\"https:\/\/www.medewo.com\/ch\/lagersortiment\/stretchen-umreifen-palettieren\/stretchfolien\/handstretchfolien\/\">Stretchfolie<\/a> zu stabilisieren, damit es sich w\u00e4hrend des Transports nicht \u00f6ffnen kann. Ecken und Kanten sch\u00fctzen Sie am besten durch einen <a href=\"https:\/\/www.medewo.com\/ch\/lagersortiment\/fullen-polstern-schutzen\/schutzprofileecken-und-pads\/\">Kantenschutz<\/a>. Zuletzt muss das Versandetikett gut sichtbar an der breitesten Stelle angebracht werden. Wichtig: Es darf nicht gefaltet, geknickt oder zurechtgeschnitten werden. Wichtig: Es darf nicht gefaltet, geknickt oder zurechtgeschnitten werden. Alle Informationen zum Sperrgutversand der Schweizerischen Post erhalten Sie <a href=\"https:\/\/www.post.ch\/de\/pakete-versenden\/sperrgut\">hier<\/a>.<\/p>\n<p>                <p class=\"message_box_caption\">\n                                    <\/p>\n            <\/div>\n        [\/vc_column_text][\/vc_column][\/vc_row][vc_row][vc_column][vc_row_inner el_id=&#187;klimaneutraler-Versand&#187;][vc_column_inner][vc_empty_space height=&#187;40px&#187;][\/vc_column_inner][\/vc_row_inner]<div id=\"ultimate-heading-768169b73bdeb4250\" class=\"uvc-heading ult-adjust-bottom-margin ultimate-heading-768169b73bdeb4250 uvc-4781  uvc-heading-default-font-sizes\" data-hspacer=\"no_spacer\"  data-halign=\"center\" style=\"text-align:center\"><div class=\"uvc-heading-spacer no_spacer\" style=\"top\"><\/div><div class=\"uvc-sub-heading ult-responsive\"  data-ultimate-target='.uvc-heading.ultimate-heading-768169b73bdeb4250 .uvc-sub-heading '  data-responsive-json-new='{\"font-size\":\"\",\"line-height\":\"\"}'  style=\"font-weight:normal;\"><\/p>\n<h2 style=\"text-align: left;\">Wie geht klimaneutraler Paket- und P\u00e4ckchenversand?<\/h2>\n<p><\/div><\/div>[vc_empty_space height=&#187;30px&#187;][vc_column_text]Klimaneutraler Versand bedeutet, den CO2-Ausstoss beim Versenden und Empfangen von Paketen so gering wie m\u00f6glich zu halten. Beispielsweise werden Sendungen mit dem Fahrrad, mit Elektroautos oder anderen klimaneutralen Transportmitteln auf den Weg gebracht. Zus\u00e4tzlich wird der bereits entstandene CO2-Ausstoss von den Versandunternehmen nachtr\u00e4glich neutralisiert, indem sie in weltweite Klimaschutzprojekte investieren.[\/vc_column_text][vc_empty_space height=&#187;20px&#187;][\/vc_column][\/vc_row][vc_row][vc_column width=&#187;1\/2&#8243;][vc_empty_space height=&#187;25px&#187;][vc_column_text]Bei der Schweizerischen Post werden seit 2012 Inlandsbriefsendungen und seit 2017 Werbesendungen CO<sub>2<\/sub>-kompensiert geliefert. Seit 2021 sind alle Sendungen der Schweizerischen Post CO<sub>2<\/sub>-neutral mit dem Label \u00abpro clima\u00bb auf dem Weg. Rund die H\u00e4lfte der 14.500 Transportfahrzeuge der Post sind aktuell mit alternativen Antrieben unterwegs.[\/vc_column_text][\/vc_column][vc_column width=&#187;1\/2&#8243;][vc_empty_space height=&#187;15px&#187;][vc_single_image image=&#187;22883&#8243; img_size=&#187;large&#187;][\/vc_column][\/vc_row][vc_row][vc_column][vc_empty_space height=&#187;20px&#187;][vc_column_text]In urbanen Gebieten sollen bis 2025 die Pakete weitgehend mit E-Fahrzeugen transportiert werden. Nicht vermeidbare Emissionen kompensiert die Schweizerische Post durch Klimaschutzprojekte. Bis 2030 m\u00f6chte das Unternehmen die Klimaneutralit\u00e4t \u2013 unter anderem durch den Einsatz von E-Fahrzeugen \u2013 erreichen. Auch UPS punktet mit dem Einsatz von E\u2011Fahrzeugen mit fortschrittlichen Technologien. DPD strebt eine Reduktion der transportbedingten CO<sub>2<\/sub>-Emissionen von 30\u00a0% pro Paket bis 2025 an verglichen mit 2013. Das Unternehmen setzt auf optimierte Tourenplanung, innovative Zustelll\u00f6sungen und Fahrzeuge mit alternativen Antrieben. Zur CO<sub>2<\/sub>-Kompensation der Transportemissionen werden ausserdem Projekte f\u00fcr erneuerbare Energien und saubere Energieerzeugung gef\u00f6rdert.[\/vc_column_text][\/vc_column][\/vc_row][vc_row][vc_column][vc_empty_space height=&#187;20px&#187;][vc_column_text]            <style>\n                .message_box_wrapper {\n                    display: block;\n                    width: 100%;\n                    width: calc( 100% - 32px );\n                    margin-bottom: 30px;\n                    margin-top: 15px;\n                    padding: 15px;\n                    float: left;\n                    background: #f9f9f9;\n                    border: 1px solid #dddddd;\n                }\n                .message_box_wrapper .message_box_icon {\n                    margin-bottom: 0;\n                }\n                .message_box_wrapper .message_box_caption {\n                    margin-left: 70px;\n                }\n                .message_box_wrapper .message_box_caption .message_box_button {\n                    background: #278dd1;\n                    border-color: #278dd1;\n                    display: inline-block;\n                    padding: 6px 20px;\n                    line-height: 1.42857143;\n                    color: #fff;\n                    font-size: 17px;\n                    font-weight: normal;\n                    text-decoration: none;\n                }\n            <\/style>\n\n            <div class=\"message_box_wrapper\">\n                <p>\n                    <img decoding=\"async\" class=\"alignleft wp-image-4005 message_box_icon\" title=\"MEDEWO-Tipp\" src=\"https:\/\/www.medewo.com\/blog\/wp-content\/themes\/dt-the7-child\/img\/icons\/Tipp.svg\" alt=\"MEDEWO-Tipp\" width=\"50\" height=\"50\">\n                <\/p>\n                Verpacken Sie Sendungen so klein und leicht wie m\u00f6glich. Damit sparen Sie nicht nur Portokosten, sondern tun der Umwelt einen Gefallen: Wenn die Pakete m\u00f6glichst klein sind, k\u00f6nnen mehr Pakete in einem Lieferwagen transpostiert werden. Ein geringerer Energieverbrauch und ein reduzierter CO<sub>2<\/sub>-Ausstoss sind die Folge. Wenn Sie mehr \u00fcber <a href=\"https:\/\/www.medewo.com\/ch-de\/themen-shops\/nachhaltige-ressourcenschonende-verpackungen.html\">umweltfreundliche Verpackungen<\/a> erfahren m\u00f6chten, werfen Sie einen Blick in unseren Blog-Artikel \u00ab<a href=\"https:\/\/www.medewo.com\/blog\/ch-de\/loesungen\/gruene-verpackung-liegt-voll-im-trend\/\">5 Tipps, wie Sie nachhaltig verpacken<\/a>\u00bb.<\/p>\n<p>                <p class=\"message_box_caption\">\n                                    <\/p>\n            <\/div>\n        [\/vc_column_text][vc_empty_space][\/vc_column][\/vc_row][vc_row][vc_column][vc_column_text]<\/p>\n<h3>Wir sind f\u00fcr Sie da<\/h3>\n<p>Es wird klar: Wenn man sich detailliert informiert und die Konditionen vergleicht, l\u00e4sst sich f\u00fcr jedes Bed\u00fcrfnis der richtige Versanddienstleister mit dem besten Angebot finden. In unserem Web-Shop gibt es das dazu passende Sortiment an Versandverpackungen. Bei der Auswahl unterst\u00fctzen Sie gerne unsere Verpackungsprofis.[\/vc_column_text][vc_empty_space height=&#187;15px&#187;][\/vc_column][\/vc_row][vc_row][vc_column width=&#187;1\/2&#8243;][vc_empty_space height=&#187;15px&#187;][vc_column_text]<\/p>\n<div class=\"wp-block-button\" style=\"text-align: left;\"><a class=\"wp-block-button__link\" href=\"https:\/\/www.medewo.com\/ch-de\/contacts\/\">Kommen Sie einfach auf uns zu<\/a><\/div>\n<p>[\/vc_column_text][\/vc_column][vc_column width=&#187;1\/2&#8243;][vc_empty_space height=&#187;15px&#187;][vc_column_text]<\/p>\n<div class=\"wp-block-button\" style=\"text-align: left;\"><a class=\"wp-block-button__link\" href=\"https:\/\/www.medewo.com\/ch\/themenshops\/e-commerce-verpackungen\/\">Zu unseren E-Commerce-Verpackungen<\/a><\/div>\n<p>[\/vc_column_text][\/vc_column][\/vc_row]<\/p>\n<\/div>","protected":false},"excerpt":{"rendered":"<p>Wir zeigen Ihnen, was es im Bereich Pakete, P\u00e4ckchen &#038; Co. f\u00fcr Formate und Sonderformate gibt, wo Sie g\u00fcnstig wegkommen und was die Dienstleister anbieten.<\/p>\n","protected":false},"author":62,"featured_media":23104,"comment_status":"open","ping_status":"closed","sticky":false,"template":"","format":"standard","meta":{"pgc_sgb_lightbox_settings":"","footnotes":""},"categories":[1266],"tags":[],"m2-product-id":[],"class_list":["post-23761","post","type-post","status-publish","format-standard","has-post-thumbnail","hentry","category-loesungen","category-1266","description-off"],"yoast_head":"<!-- This site is optimized with the Yoast SEO plugin v27.1.1 - https:\/\/yoast.com\/product\/yoast-seo-wordpress\/ -->\n<title>Paket-, P\u00e4ckchen- &amp; Briefversand | Porto Ratgeber MEDEWO<\/title>\n<meta name=\"description\" content=\"Optimieren Sie Ihren Versand mit Post, DPD &amp; Co. mit unserem Porto Ratgeber. Beispieltarife: \u2713Pakete \u2713P\u00e4ckchen \u2713Sperrgut\" \/>\n<meta name=\"robots\" content=\"index, follow, max-snippet:-1, max-image-preview:large, max-video-preview:-1\" \/>\n<link rel=\"canonical\" href=\"https:\/\/www.medewo.com\/blog\/ch-de\/loesungen\/porto-optimierung-so-gestalten-sie-ihre-kosten-bestmoeglich\/\" \/>\n<meta property=\"og:locale\" content=\"de_DE\" \/>\n<meta property=\"og:type\" content=\"article\" \/>\n<meta property=\"og:title\" content=\"Paket-, P\u00e4ckchen- &amp; Briefversand | Porto Ratgeber MEDEWO\" \/>\n<meta property=\"og:description\" content=\"Optimieren Sie Ihren Versand mit Post, DPD &amp; Co. mit unserem Porto Ratgeber. Beispieltarife: \u2713Pakete \u2713P\u00e4ckchen \u2713Sperrgut\" \/>\n<meta property=\"og:url\" content=\"https:\/\/www.medewo.com\/blog\/ch-de\/loesungen\/porto-optimierung-so-gestalten-sie-ihre-kosten-bestmoeglich\/\" \/>\n<meta property=\"og:site_name\" content=\"MEDEWO Verpackungen\" \/>\n<meta property=\"article:published_time\" content=\"2023-02-09T12:52:43+00:00\" \/>\n<meta property=\"article:modified_time\" content=\"2025-02-25T08:56:52+00:00\" \/>\n<meta property=\"og:image\" content=\"https:\/\/www.medewo.com\/blog\/wp-content\/uploads\/2022\/12\/hauptbild-portooptimierung.jpg\" \/>\n\t<meta property=\"og:image:width\" content=\"775\" \/>\n\t<meta property=\"og:image:height\" content=\"519\" \/>\n\t<meta property=\"og:image:type\" content=\"image\/jpeg\" \/>\n<meta name=\"author\" content=\"c.pilz\" \/>\n<meta name=\"twitter:card\" content=\"summary_large_image\" \/>\n<meta name=\"twitter:label1\" content=\"Geschrieben von\" \/>\n\t<meta name=\"twitter:data1\" content=\"c.pilz\" \/>\n\t<meta name=\"twitter:label2\" content=\"Gesch\u00e4tzte Lesezeit\" \/>\n\t<meta name=\"twitter:data2\" content=\"18\u00a0Minuten\" \/>\n<script type=\"application\/ld+json\" class=\"yoast-schema-graph\">{\"@context\":\"https:\/\/schema.org\",\"@graph\":[{\"@type\":\"Article\",\"@id\":\"https:\/\/www.medewo.com\/blog\/ch-de\/loesungen\/porto-optimierung-so-gestalten-sie-ihre-kosten-bestmoeglich\/#article\",\"isPartOf\":{\"@id\":\"https:\/\/www.medewo.com\/blog\/ch-de\/loesungen\/porto-optimierung-so-gestalten-sie-ihre-kosten-bestmoeglich\/\"},\"author\":{\"name\":\"c.pilz\",\"@id\":\"https:\/\/www.medewo.com\/blog\/ch-de\/#\/schema\/person\/b18173bc0d7e5b29a35773197b37889c\"},\"headline\":\"Porto-Optimierung: So gestalten Sie Ihre Kosten bestm\u00f6glich\",\"datePublished\":\"2023-02-09T12:52:43+00:00\",\"dateModified\":\"2025-02-25T08:56:52+00:00\",\"mainEntityOfPage\":{\"@id\":\"https:\/\/www.medewo.com\/blog\/ch-de\/loesungen\/porto-optimierung-so-gestalten-sie-ihre-kosten-bestmoeglich\/\"},\"wordCount\":4512,\"commentCount\":0,\"publisher\":{\"@id\":\"https:\/\/www.medewo.com\/blog\/ch-de\/#organization\"},\"image\":{\"@id\":\"https:\/\/www.medewo.com\/blog\/ch-de\/loesungen\/porto-optimierung-so-gestalten-sie-ihre-kosten-bestmoeglich\/#primaryimage\"},\"thumbnailUrl\":\"https:\/\/www.medewo.com\/blog\/wp-content\/uploads\/2022\/12\/hauptbild-portooptimierung.jpg\",\"articleSection\":[\"L\u00f6sungen\"],\"inLanguage\":\"de-CH\",\"potentialAction\":[{\"@type\":\"CommentAction\",\"name\":\"Comment\",\"target\":[\"https:\/\/www.medewo.com\/blog\/ch-de\/loesungen\/porto-optimierung-so-gestalten-sie-ihre-kosten-bestmoeglich\/#respond\"]}]},{\"@type\":\"WebPage\",\"@id\":\"https:\/\/www.medewo.com\/blog\/ch-de\/loesungen\/porto-optimierung-so-gestalten-sie-ihre-kosten-bestmoeglich\/\",\"url\":\"https:\/\/www.medewo.com\/blog\/ch-de\/loesungen\/porto-optimierung-so-gestalten-sie-ihre-kosten-bestmoeglich\/\",\"name\":\"Paket-, P\u00e4ckchen- & Briefversand | Porto Ratgeber MEDEWO\",\"isPartOf\":{\"@id\":\"https:\/\/www.medewo.com\/blog\/ch-de\/#website\"},\"primaryImageOfPage\":{\"@id\":\"https:\/\/www.medewo.com\/blog\/ch-de\/loesungen\/porto-optimierung-so-gestalten-sie-ihre-kosten-bestmoeglich\/#primaryimage\"},\"image\":{\"@id\":\"https:\/\/www.medewo.com\/blog\/ch-de\/loesungen\/porto-optimierung-so-gestalten-sie-ihre-kosten-bestmoeglich\/#primaryimage\"},\"thumbnailUrl\":\"https:\/\/www.medewo.com\/blog\/wp-content\/uploads\/2022\/12\/hauptbild-portooptimierung.jpg\",\"datePublished\":\"2023-02-09T12:52:43+00:00\",\"dateModified\":\"2025-02-25T08:56:52+00:00\",\"description\":\"Optimieren Sie Ihren Versand mit Post, DPD & Co. mit unserem Porto Ratgeber. Beispieltarife: \u2713Pakete \u2713P\u00e4ckchen \u2713Sperrgut\",\"breadcrumb\":{\"@id\":\"https:\/\/www.medewo.com\/blog\/ch-de\/loesungen\/porto-optimierung-so-gestalten-sie-ihre-kosten-bestmoeglich\/#breadcrumb\"},\"inLanguage\":\"de-CH\",\"potentialAction\":[{\"@type\":\"ReadAction\",\"target\":[\"https:\/\/www.medewo.com\/blog\/ch-de\/loesungen\/porto-optimierung-so-gestalten-sie-ihre-kosten-bestmoeglich\/\"]}]},{\"@type\":\"ImageObject\",\"inLanguage\":\"de-CH\",\"@id\":\"https:\/\/www.medewo.com\/blog\/ch-de\/loesungen\/porto-optimierung-so-gestalten-sie-ihre-kosten-bestmoeglich\/#primaryimage\",\"url\":\"https:\/\/www.medewo.com\/blog\/wp-content\/uploads\/2022\/12\/hauptbild-portooptimierung.jpg\",\"contentUrl\":\"https:\/\/www.medewo.com\/blog\/wp-content\/uploads\/2022\/12\/hauptbild-portooptimierung.jpg\",\"width\":775,\"height\":519},{\"@type\":\"BreadcrumbList\",\"@id\":\"https:\/\/www.medewo.com\/blog\/ch-de\/loesungen\/porto-optimierung-so-gestalten-sie-ihre-kosten-bestmoeglich\/#breadcrumb\",\"itemListElement\":[{\"@type\":\"ListItem\",\"position\":1,\"name\":\"Startseite\",\"item\":\"https:\/\/www.medewo.com\/blog\/ch-de\/\"},{\"@type\":\"ListItem\",\"position\":2,\"name\":\"Porto-Optimierung: So gestalten Sie Ihre Kosten bestm\u00f6glich\"}]},{\"@type\":\"WebSite\",\"@id\":\"https:\/\/www.medewo.com\/blog\/ch-de\/#website\",\"url\":\"https:\/\/www.medewo.com\/blog\/ch-de\/\",\"name\":\"MEDEWO Verpackungen\",\"description\":\"News\",\"publisher\":{\"@id\":\"https:\/\/www.medewo.com\/blog\/ch-de\/#organization\"},\"potentialAction\":[{\"@type\":\"SearchAction\",\"target\":{\"@type\":\"EntryPoint\",\"urlTemplate\":\"https:\/\/www.medewo.com\/blog\/ch-de\/?s={search_term_string}\"},\"query-input\":{\"@type\":\"PropertyValueSpecification\",\"valueRequired\":true,\"valueName\":\"search_term_string\"}}],\"inLanguage\":\"de-CH\"},{\"@type\":\"Organization\",\"@id\":\"https:\/\/www.medewo.com\/blog\/ch-de\/#organization\",\"name\":\"MEDEWO\",\"url\":\"https:\/\/www.medewo.com\/blog\/ch-de\/\",\"logo\":{\"@type\":\"ImageObject\",\"inLanguage\":\"de-CH\",\"@id\":\"https:\/\/www.medewo.com\/blog\/ch-de\/#\/schema\/logo\/image\/\",\"url\":\"https:\/\/www.medewo.com\/blog\/wp-content\/uploads\/2022\/03\/medewo-logo-claim-quer-2.png\",\"contentUrl\":\"https:\/\/www.medewo.com\/blog\/wp-content\/uploads\/2022\/03\/medewo-logo-claim-quer-2.png\",\"width\":350,\"height\":63,\"caption\":\"MEDEWO\"},\"image\":{\"@id\":\"https:\/\/www.medewo.com\/blog\/ch-de\/#\/schema\/logo\/image\/\"}},{\"@type\":\"Person\",\"@id\":\"https:\/\/www.medewo.com\/blog\/ch-de\/#\/schema\/person\/b18173bc0d7e5b29a35773197b37889c\",\"name\":\"c.pilz\",\"image\":{\"@type\":\"ImageObject\",\"inLanguage\":\"de-CH\",\"@id\":\"https:\/\/www.medewo.com\/blog\/ch-de\/#\/schema\/person\/image\/\",\"url\":\"https:\/\/secure.gravatar.com\/avatar\/16ee3397805a04954db055cea3ddaeb1f86e900496ba42365173f78ceef3343a?s=96&d=blank&r=g\",\"contentUrl\":\"https:\/\/secure.gravatar.com\/avatar\/16ee3397805a04954db055cea3ddaeb1f86e900496ba42365173f78ceef3343a?s=96&d=blank&r=g\",\"caption\":\"c.pilz\"}}]}<\/script>\n<!-- \/ Yoast SEO plugin. -->","yoast_head_json":{"title":"Paket-, P\u00e4ckchen- & Briefversand | Porto Ratgeber MEDEWO","description":"Optimieren Sie Ihren Versand mit Post, DPD & Co. mit unserem Porto Ratgeber. Beispieltarife: \u2713Pakete \u2713P\u00e4ckchen \u2713Sperrgut","robots":{"index":"index","follow":"follow","max-snippet":"max-snippet:-1","max-image-preview":"max-image-preview:large","max-video-preview":"max-video-preview:-1"},"canonical":"https:\/\/www.medewo.com\/blog\/ch-de\/loesungen\/porto-optimierung-so-gestalten-sie-ihre-kosten-bestmoeglich\/","og_locale":"de_DE","og_type":"article","og_title":"Paket-, P\u00e4ckchen- & Briefversand | Porto Ratgeber MEDEWO","og_description":"Optimieren Sie Ihren Versand mit Post, DPD & Co. mit unserem Porto Ratgeber. Beispieltarife: \u2713Pakete \u2713P\u00e4ckchen \u2713Sperrgut","og_url":"https:\/\/www.medewo.com\/blog\/ch-de\/loesungen\/porto-optimierung-so-gestalten-sie-ihre-kosten-bestmoeglich\/","og_site_name":"MEDEWO Verpackungen","article_published_time":"2023-02-09T12:52:43+00:00","article_modified_time":"2025-02-25T08:56:52+00:00","og_image":[{"width":775,"height":519,"url":"https:\/\/www.medewo.com\/blog\/wp-content\/uploads\/2022\/12\/hauptbild-portooptimierung.jpg","type":"image\/jpeg"}],"author":"c.pilz","twitter_card":"summary_large_image","twitter_misc":{"Geschrieben von":"c.pilz","Gesch\u00e4tzte Lesezeit":"18\u00a0Minuten"},"schema":{"@context":"https:\/\/schema.org","@graph":[{"@type":"Article","@id":"https:\/\/www.medewo.com\/blog\/ch-de\/loesungen\/porto-optimierung-so-gestalten-sie-ihre-kosten-bestmoeglich\/#article","isPartOf":{"@id":"https:\/\/www.medewo.com\/blog\/ch-de\/loesungen\/porto-optimierung-so-gestalten-sie-ihre-kosten-bestmoeglich\/"},"author":{"name":"c.pilz","@id":"https:\/\/www.medewo.com\/blog\/ch-de\/#\/schema\/person\/b18173bc0d7e5b29a35773197b37889c"},"headline":"Porto-Optimierung: So gestalten Sie Ihre Kosten bestm\u00f6glich","datePublished":"2023-02-09T12:52:43+00:00","dateModified":"2025-02-25T08:56:52+00:00","mainEntityOfPage":{"@id":"https:\/\/www.medewo.com\/blog\/ch-de\/loesungen\/porto-optimierung-so-gestalten-sie-ihre-kosten-bestmoeglich\/"},"wordCount":4512,"commentCount":0,"publisher":{"@id":"https:\/\/www.medewo.com\/blog\/ch-de\/#organization"},"image":{"@id":"https:\/\/www.medewo.com\/blog\/ch-de\/loesungen\/porto-optimierung-so-gestalten-sie-ihre-kosten-bestmoeglich\/#primaryimage"},"thumbnailUrl":"https:\/\/www.medewo.com\/blog\/wp-content\/uploads\/2022\/12\/hauptbild-portooptimierung.jpg","articleSection":["L\u00f6sungen"],"inLanguage":"de-CH","potentialAction":[{"@type":"CommentAction","name":"Comment","target":["https:\/\/www.medewo.com\/blog\/ch-de\/loesungen\/porto-optimierung-so-gestalten-sie-ihre-kosten-bestmoeglich\/#respond"]}]},{"@type":"WebPage","@id":"https:\/\/www.medewo.com\/blog\/ch-de\/loesungen\/porto-optimierung-so-gestalten-sie-ihre-kosten-bestmoeglich\/","url":"https:\/\/www.medewo.com\/blog\/ch-de\/loesungen\/porto-optimierung-so-gestalten-sie-ihre-kosten-bestmoeglich\/","name":"Paket-, P\u00e4ckchen- & Briefversand | Porto Ratgeber MEDEWO","isPartOf":{"@id":"https:\/\/www.medewo.com\/blog\/ch-de\/#website"},"primaryImageOfPage":{"@id":"https:\/\/www.medewo.com\/blog\/ch-de\/loesungen\/porto-optimierung-so-gestalten-sie-ihre-kosten-bestmoeglich\/#primaryimage"},"image":{"@id":"https:\/\/www.medewo.com\/blog\/ch-de\/loesungen\/porto-optimierung-so-gestalten-sie-ihre-kosten-bestmoeglich\/#primaryimage"},"thumbnailUrl":"https:\/\/www.medewo.com\/blog\/wp-content\/uploads\/2022\/12\/hauptbild-portooptimierung.jpg","datePublished":"2023-02-09T12:52:43+00:00","dateModified":"2025-02-25T08:56:52+00:00","description":"Optimieren Sie Ihren Versand mit Post, DPD & Co. mit unserem Porto Ratgeber. Beispieltarife: \u2713Pakete \u2713P\u00e4ckchen \u2713Sperrgut","breadcrumb":{"@id":"https:\/\/www.medewo.com\/blog\/ch-de\/loesungen\/porto-optimierung-so-gestalten-sie-ihre-kosten-bestmoeglich\/#breadcrumb"},"inLanguage":"de-CH","potentialAction":[{"@type":"ReadAction","target":["https:\/\/www.medewo.com\/blog\/ch-de\/loesungen\/porto-optimierung-so-gestalten-sie-ihre-kosten-bestmoeglich\/"]}]},{"@type":"ImageObject","inLanguage":"de-CH","@id":"https:\/\/www.medewo.com\/blog\/ch-de\/loesungen\/porto-optimierung-so-gestalten-sie-ihre-kosten-bestmoeglich\/#primaryimage","url":"https:\/\/www.medewo.com\/blog\/wp-content\/uploads\/2022\/12\/hauptbild-portooptimierung.jpg","contentUrl":"https:\/\/www.medewo.com\/blog\/wp-content\/uploads\/2022\/12\/hauptbild-portooptimierung.jpg","width":775,"height":519},{"@type":"BreadcrumbList","@id":"https:\/\/www.medewo.com\/blog\/ch-de\/loesungen\/porto-optimierung-so-gestalten-sie-ihre-kosten-bestmoeglich\/#breadcrumb","itemListElement":[{"@type":"ListItem","position":1,"name":"Startseite","item":"https:\/\/www.medewo.com\/blog\/ch-de\/"},{"@type":"ListItem","position":2,"name":"Porto-Optimierung: So gestalten Sie Ihre Kosten bestm\u00f6glich"}]},{"@type":"WebSite","@id":"https:\/\/www.medewo.com\/blog\/ch-de\/#website","url":"https:\/\/www.medewo.com\/blog\/ch-de\/","name":"MEDEWO Verpackungen","description":"News","publisher":{"@id":"https:\/\/www.medewo.com\/blog\/ch-de\/#organization"},"potentialAction":[{"@type":"SearchAction","target":{"@type":"EntryPoint","urlTemplate":"https:\/\/www.medewo.com\/blog\/ch-de\/?s={search_term_string}"},"query-input":{"@type":"PropertyValueSpecification","valueRequired":true,"valueName":"search_term_string"}}],"inLanguage":"de-CH"},{"@type":"Organization","@id":"https:\/\/www.medewo.com\/blog\/ch-de\/#organization","name":"MEDEWO","url":"https:\/\/www.medewo.com\/blog\/ch-de\/","logo":{"@type":"ImageObject","inLanguage":"de-CH","@id":"https:\/\/www.medewo.com\/blog\/ch-de\/#\/schema\/logo\/image\/","url":"https:\/\/www.medewo.com\/blog\/wp-content\/uploads\/2022\/03\/medewo-logo-claim-quer-2.png","contentUrl":"https:\/\/www.medewo.com\/blog\/wp-content\/uploads\/2022\/03\/medewo-logo-claim-quer-2.png","width":350,"height":63,"caption":"MEDEWO"},"image":{"@id":"https:\/\/www.medewo.com\/blog\/ch-de\/#\/schema\/logo\/image\/"}},{"@type":"Person","@id":"https:\/\/www.medewo.com\/blog\/ch-de\/#\/schema\/person\/b18173bc0d7e5b29a35773197b37889c","name":"c.pilz","image":{"@type":"ImageObject","inLanguage":"de-CH","@id":"https:\/\/www.medewo.com\/blog\/ch-de\/#\/schema\/person\/image\/","url":"https:\/\/secure.gravatar.com\/avatar\/16ee3397805a04954db055cea3ddaeb1f86e900496ba42365173f78ceef3343a?s=96&d=blank&r=g","contentUrl":"https:\/\/secure.gravatar.com\/avatar\/16ee3397805a04954db055cea3ddaeb1f86e900496ba42365173f78ceef3343a?s=96&d=blank&r=g","caption":"c.pilz"}}]}},"magento_index":true,"_links":{"self":[{"href":"https:\/\/www.medewo.com\/blog\/ch-de\/wp-json\/wp\/v2\/posts\/23761","targetHints":{"allow":["GET"]}}],"collection":[{"href":"https:\/\/www.medewo.com\/blog\/ch-de\/wp-json\/wp\/v2\/posts"}],"about":[{"href":"https:\/\/www.medewo.com\/blog\/ch-de\/wp-json\/wp\/v2\/types\/post"}],"author":[{"embeddable":true,"href":"https:\/\/www.medewo.com\/blog\/ch-de\/wp-json\/wp\/v2\/users\/62"}],"replies":[{"embeddable":true,"href":"https:\/\/www.medewo.com\/blog\/ch-de\/wp-json\/wp\/v2\/comments?post=23761"}],"version-history":[{"count":55,"href":"https:\/\/www.medewo.com\/blog\/ch-de\/wp-json\/wp\/v2\/posts\/23761\/revisions"}],"predecessor-version":[{"id":34704,"href":"https:\/\/www.medewo.com\/blog\/ch-de\/wp-json\/wp\/v2\/posts\/23761\/revisions\/34704"}],"wp:featuredmedia":[{"embeddable":true,"href":"https:\/\/www.medewo.com\/blog\/ch-de\/wp-json\/wp\/v2\/media\/23104"}],"wp:attachment":[{"href":"https:\/\/www.medewo.com\/blog\/ch-de\/wp-json\/wp\/v2\/media?parent=23761"}],"wp:term":[{"taxonomy":"category","embeddable":true,"href":"https:\/\/www.medewo.com\/blog\/ch-de\/wp-json\/wp\/v2\/categories?post=23761"},{"taxonomy":"post_tag","embeddable":true,"href":"https:\/\/www.medewo.com\/blog\/ch-de\/wp-json\/wp\/v2\/tags?post=23761"},{"taxonomy":"m2-product-id","embeddable":true,"href":"https:\/\/www.medewo.com\/blog\/ch-de\/wp-json\/wp\/v2\/m2-product-id?post=23761"}],"curies":[{"name":"wp","href":"https:\/\/api.w.org\/{rel}","templated":true}]}}