{"id":17518,"date":"2020-06-24T11:07:40","date_gmt":"2020-06-24T09:07:40","guid":{"rendered":"https:\/\/www.medewo.com\/blog\/uncategorized-ch-de\/papierrecycling-das-passiert-mit-klebeband-co\/"},"modified":"2024-01-30T14:19:29","modified_gmt":"2024-01-30T13:19:29","slug":"klebeband-papierrecycling","status":"publish","type":"post","link":"https:\/\/www.medewo.com\/blog\/ch-de\/loesungen\/klebeband-papierrecycling\/","title":{"rendered":"Papierrecycling: Das passiert mit Klebeband &amp; Co."},"content":{"rendered":"<div class=\"wpb-content-wrapper\"><p>[vc_row][vc_column][vc_column_text]<\/p>\r\n<p><strong>Dass Papier, Karton und Wellpappe zu 100 % recyclingf\u00e4hig sind, ist einer der Gr\u00fcnde, wieso sie als nachhaltig gelten. Doch im Verpackungsalltag werden Klebeb\u00e4nder, Etiketten und Dokumententaschen auf Kartonagen oder Papier-Versandtaschen geklebt. Was passiert mit diesen Stoffen im Verwertungsprozess, wenn Recyclingpapier hergestellt wird? Wir zeigen es Ihnen! <\/strong><\/p>\r\n<h2>So wird Recyclingpapier hergestellt<\/h2>\r\n<p>[\/vc_column_text][vc_empty_space][vc_single_image image=&#187;17471&#8243; img_size=&#187;full&#187;][vc_empty_space]<style type=\"text\/css\" data-type=\"the7_shortcodes-inline-css\">#default-btn-75bcc470fade81e52372150b60457dcf.ico-right-side > i {\n  margin-right: 0px;\n  margin-left: 8px;\n}\n#default-btn-75bcc470fade81e52372150b60457dcf > i {\n  margin-right: 8px;\n}<\/style><a href=\"https:\/\/www.medewo.com\/blog\/wp-content\/uploads\/2020\/08\/Recycling-Kreislauf-Papier_DEU-DEA.pdf\" class=\"default-btn-shortcode dt-btn dt-btn-m link-hover-off btn-inline-right \" id=\"default-btn-75bcc470fade81e52372150b60457dcf\" title=\"Grafik Papierrecycling-Kreislauf\"><span>Grafik downloaden<\/span><\/a>[vc_empty_space][vc_column_text]<\/p>\r\n<h2>Der Prozess im Detail<\/h2>\r\n<p>[\/vc_column_text][vc_empty_space][\/vc_column][\/vc_row][vc_row][vc_column width=&#187;1\/2&#8243;][vc_column_text]<\/p>\r\n<h3>Schritt 1<\/h3>\r\n<p>[\/vc_column_text][vc_empty_space height=&#187;18px&#187;][vc_single_image image=&#187;17478&#8243; img_size=&#187;full&#187;][vc_empty_space height=&#187;18px&#187;][vc_column_text]<\/p>\r\n<p>Das gesammelte und vorab sortierte Altpapier wird zerkleinert und im Pulper durch Zugabe von Wasser und durch mechanische Energie aufgel\u00f6st.<\/p>\r\n<p>[\/vc_column_text][\/vc_column][vc_column width=&#187;1\/2&#8243;][vc_column_text]<\/p>\r\n<h3>Schritt 2<\/h3>\r\n<p>[\/vc_column_text][vc_empty_space height=&#187;18px&#187;][vc_single_image image=&#187;17481&#8243; img_size=&#187;full&#187;][vc_empty_space height=&#187;18px&#187;][vc_column_text]<\/p>\r\n<p>Mit Hilfe von Sieben werden Fremdstoffe wie Klebeb\u00e4nder, Dokumententaschen oder auch Metallklammern ausgesondert.<\/p>\r\n<p>[\/vc_column_text][\/vc_column][\/vc_row][vc_row][vc_column][vc_empty_space][vc_column_text]<\/p>\r\n            <style>\n                .message_box_wrapper {\n                    display: block;\n                    width: 100%;\n                    width: calc( 100% - 32px );\n                    margin-bottom: 30px;\n                    margin-top: 15px;\n                    padding: 15px;\n                    float: left;\n                    background: #f9f9f9;\n                    border: 1px solid #dddddd;\n                }\n                .message_box_wrapper .message_box_icon {\n                    margin-bottom: 0;\n                }\n                .message_box_wrapper .message_box_caption {\n                    margin-left: 70px;\n                }\n                .message_box_wrapper .message_box_caption .message_box_button {\n                    background: #278dd1;\n                    border-color: #278dd1;\n                    display: inline-block;\n                    padding: 6px 20px;\n                    line-height: 1.42857143;\n                    color: #fff;\n                    font-size: 17px;\n                    font-weight: normal;\n                    text-decoration: none;\n                }\n            <\/style>\n\n            <div class=\"message_box_wrapper\">\n                <p>\n                    <img decoding=\"async\" class=\"alignleft wp-image-4005 message_box_icon\" title=\"MEDEWO-Tipp\" src=\"https:\/\/www.medewo.com\/blog\/wp-content\/themes\/dt-the7-child\/img\/icons\/Tipp.svg\" alt=\"MEDEWO-Tipp\" width=\"50\" height=\"50\">\n                <\/p>\n                <strong>Schon gewusst?<\/strong><\/p>\r\n<p>Nach dieser Aufbereitung k\u00f6nnen bis zu 90 % der urspr\u00fcnglichen Fasern wiederverwendet werden.                <p class=\"message_box_caption\">\n                                    <\/p>\n            <\/div>\n        \r\n<p>[\/vc_column_text][vc_empty_space][\/vc_column][\/vc_row][vc_row][vc_column width=&#187;1\/2&#8243;][vc_column_text]<\/p>\r\n<h3>Schritt 3<\/h3>\r\n<p>[\/vc_column_text][vc_empty_space height=&#187;18px&#187;][vc_single_image image=&#187;17492&#8243; img_size=&#187;full&#187;][vc_empty_space height=&#187;18px&#187;][vc_column_text]<\/p>\r\n<p>Beim Deinking wird die Druckfarbe gr\u00f6sstenteils von den Fasern gel\u00f6st.<\/p>\r\n<p>[\/vc_column_text][vc_empty_space][vc_column_text]<\/p>\r\n<h3>Schritt 5<\/h3>\r\n<p>[\/vc_column_text][vc_empty_space height=&#187;18px&#187;][vc_single_image image=&#187;17501&#8243; img_size=&#187;full&#187;][vc_empty_space height=&#187;18px&#187;][vc_column_text]<\/p>\r\n<p>Aus dem Faserbrei wird Recyclingpapier hergestellt, aus dem auch neue Kartonagen gefertigt werden k\u00f6nnen.<\/p>\r\n<p>[\/vc_column_text][\/vc_column][vc_column width=&#187;1\/2&#8243;][vc_column_text]<\/p>\r\n<h3>Schritt 4<\/h3>\r\n<p>[\/vc_column_text][vc_empty_space height=&#187;18px&#187;][vc_single_image image=&#187;17495&#8243; img_size=&#187;full&#187;][vc_empty_space height=&#187;18px&#187;][vc_column_text]<\/p>\r\n<p>Der Papierbrei wird weiter gereinigt, gemahlen und f\u00fcr die Produktion aufbereitet.<\/p>\r\n<p>[\/vc_column_text][\/vc_column][\/vc_row][vc_row][vc_column][vc_column_text]<\/p>\r\n            <style>\n                .message_box_wrapper {\n                    display: block;\n                    width: 100%;\n                    width: calc( 100% - 32px );\n                    margin-bottom: 30px;\n                    margin-top: 15px;\n                    padding: 15px;\n                    float: left;\n                    background: #f9f9f9;\n                    border: 1px solid #dddddd;\n                }\n                .message_box_wrapper .message_box_icon {\n                    margin-bottom: 0;\n                }\n                .message_box_wrapper .message_box_caption {\n                    margin-left: 70px;\n                }\n                .message_box_wrapper .message_box_caption .message_box_button {\n                    background: #278dd1;\n                    border-color: #278dd1;\n                    display: inline-block;\n                    padding: 6px 20px;\n                    line-height: 1.42857143;\n                    color: #fff;\n                    font-size: 17px;\n                    font-weight: normal;\n                    text-decoration: none;\n                }\n            <\/style>\n\n            <div class=\"message_box_wrapper\">\n                <p>\n                    <img decoding=\"async\" class=\"alignleft wp-image-4005 message_box_icon\" title=\"MEDEWO-Tipp\" src=\"https:\/\/www.medewo.com\/blog\/wp-content\/themes\/dt-the7-child\/img\/icons\/Tipp.svg\" alt=\"MEDEWO-Tipp\" width=\"50\" height=\"50\">\n                <\/p>\n                <strong>Tipp<\/strong><\/p>\r\n<p>Am nachhaltigsten handeln Sie, wenn Sie auf Einstoff-L\u00f6sungen setzen. Verwenden Sie auf Ihren Kartonagen <a title=\"Zum Papier-Klebeband\" href=\"https:\/\/www.medewo.com\/ch\/lagersortiment\/klebebaender\/packbaender\/papierklebebaender\/\" target=\"_blank\" rel=\"noopener noreferrer\">Papier-Klebeband<\/a> wie MECATAPE<sup>\u00ae<\/sup> und <a href=\"https:\/\/www.medewo.com\/ch\/mecouvert-paper-dokumententasche\">Dokumententaschen aus Papier wie MECOUVERT<sup>\u00ae<\/sup> PAPER<\/a>, bringen Sie eine Verpackung in Umlauf, die zu 100 % im Altpapier entsorgt werden kann.                 <p class=\"message_box_caption\">\n                                    <\/p>\n            <\/div>\n        \r\n<p>[\/vc_column_text][vc_empty_space height=&#187;24px&#187;][vc_empty_space height=&#187;24px&#187;][vc_column_text]<\/p>\r\n<p>Sie haben noch Fragen, wie Sie Ihre Verpackung nachhaltiger gestalten? Die MEDEWO-Spezialisten beraten Sie gerne!<\/p>\r\n<p>[\/vc_column_text][\/vc_column][\/vc_row]<\/p><\/div>","protected":false},"excerpt":{"rendered":"<p>Im Verpackungsalltag werden Klebeb\u00e4nder, Etiketten und Dokumententaschen auf Kartonagen oder Papier-Versandtaschen geklebt und landen im Altpapier. Und dann?<\/p>\n","protected":false},"author":46,"featured_media":17623,"comment_status":"open","ping_status":"closed","sticky":false,"template":"","format":"standard","meta":{"pgc_sgb_lightbox_settings":"","footnotes":""},"categories":[1266],"tags":[],"m2-product-id":[4736,4738,4739,4740,4744,4745,4749,4750],"class_list":["post-17518","post","type-post","status-publish","format-standard","has-post-thumbnail","hentry","category-loesungen","category-1266","description-off"],"yoast_head":"<!-- This site is optimized with the Yoast SEO plugin v27.1.1 - https:\/\/yoast.com\/product\/yoast-seo-wordpress\/ -->\n<title>Papierrecycling: Das passiert mit Klebeband &amp; Co.<\/title>\n<meta name=\"description\" content=\"Im Verpackungsalltag werden Klebeb\u00e4nder &amp; Co. auf Kartonagen oder Versandtaschen geklebt. Was passiert mit diesen Stoffen bei der Verwertung des Altpapiers?\" \/>\n<meta name=\"robots\" content=\"index, follow, max-snippet:-1, max-image-preview:large, max-video-preview:-1\" \/>\n<link rel=\"canonical\" href=\"https:\/\/www.medewo.com\/blog\/ch-de\/loesungen\/klebeband-papierrecycling\/\" \/>\n<meta property=\"og:locale\" content=\"de_DE\" \/>\n<meta property=\"og:type\" content=\"article\" \/>\n<meta property=\"og:title\" content=\"Papierrecycling: Das passiert mit Klebeband &amp; Co.\" \/>\n<meta property=\"og:description\" content=\"Im Verpackungsalltag werden Klebeb\u00e4nder &amp; Co. auf Kartonagen oder Versandtaschen geklebt. Was passiert mit diesen Stoffen bei der Verwertung des Altpapiers?\" \/>\n<meta property=\"og:url\" content=\"https:\/\/www.medewo.com\/blog\/ch-de\/loesungen\/klebeband-papierrecycling\/\" \/>\n<meta property=\"og:site_name\" content=\"MEDEWO Verpackungen\" \/>\n<meta property=\"article:published_time\" content=\"2020-06-24T09:07:40+00:00\" \/>\n<meta property=\"article:modified_time\" content=\"2024-01-30T13:19:29+00:00\" \/>\n<meta property=\"og:image\" content=\"https:\/\/www.medewo.com\/blog\/wp-content\/uploads\/2020\/06\/hb-papierrecycling.jpg\" \/>\n\t<meta property=\"og:image:width\" content=\"775\" \/>\n\t<meta property=\"og:image:height\" content=\"519\" \/>\n\t<meta property=\"og:image:type\" content=\"image\/jpeg\" \/>\n<meta name=\"author\" content=\"Johanna Veh\" \/>\n<meta name=\"twitter:card\" content=\"summary_large_image\" \/>\n<meta name=\"twitter:label1\" content=\"Geschrieben von\" \/>\n\t<meta name=\"twitter:data1\" content=\"Johanna Veh\" \/>\n\t<meta name=\"twitter:label2\" content=\"Gesch\u00e4tzte Lesezeit\" \/>\n\t<meta name=\"twitter:data2\" content=\"2\u00a0Minuten\" \/>\n<script type=\"application\/ld+json\" class=\"yoast-schema-graph\">{\"@context\":\"https:\/\/schema.org\",\"@graph\":[{\"@type\":\"Article\",\"@id\":\"https:\/\/www.medewo.com\/blog\/ch-de\/loesungen\/klebeband-papierrecycling\/#article\",\"isPartOf\":{\"@id\":\"https:\/\/www.medewo.com\/blog\/ch-de\/loesungen\/klebeband-papierrecycling\/\"},\"author\":{\"name\":\"Johanna Veh\",\"@id\":\"https:\/\/www.medewo.com\/blog\/ch-de\/#\/schema\/person\/095ac0edc7996da8d9076f1dd7628a02\"},\"headline\":\"Papierrecycling: Das passiert mit Klebeband &amp; Co.\",\"datePublished\":\"2020-06-24T09:07:40+00:00\",\"dateModified\":\"2024-01-30T13:19:29+00:00\",\"mainEntityOfPage\":{\"@id\":\"https:\/\/www.medewo.com\/blog\/ch-de\/loesungen\/klebeband-papierrecycling\/\"},\"wordCount\":642,\"commentCount\":0,\"publisher\":{\"@id\":\"https:\/\/www.medewo.com\/blog\/ch-de\/#organization\"},\"image\":{\"@id\":\"https:\/\/www.medewo.com\/blog\/ch-de\/loesungen\/klebeband-papierrecycling\/#primaryimage\"},\"thumbnailUrl\":\"https:\/\/www.medewo.com\/blog\/wp-content\/uploads\/2020\/06\/hb-papierrecycling.jpg\",\"articleSection\":[\"L\u00f6sungen\"],\"inLanguage\":\"de-CH\",\"potentialAction\":[{\"@type\":\"CommentAction\",\"name\":\"Comment\",\"target\":[\"https:\/\/www.medewo.com\/blog\/ch-de\/loesungen\/klebeband-papierrecycling\/#respond\"]}]},{\"@type\":\"WebPage\",\"@id\":\"https:\/\/www.medewo.com\/blog\/ch-de\/loesungen\/klebeband-papierrecycling\/\",\"url\":\"https:\/\/www.medewo.com\/blog\/ch-de\/loesungen\/klebeband-papierrecycling\/\",\"name\":\"Papierrecycling: Das passiert mit Klebeband & Co.\",\"isPartOf\":{\"@id\":\"https:\/\/www.medewo.com\/blog\/ch-de\/#website\"},\"primaryImageOfPage\":{\"@id\":\"https:\/\/www.medewo.com\/blog\/ch-de\/loesungen\/klebeband-papierrecycling\/#primaryimage\"},\"image\":{\"@id\":\"https:\/\/www.medewo.com\/blog\/ch-de\/loesungen\/klebeband-papierrecycling\/#primaryimage\"},\"thumbnailUrl\":\"https:\/\/www.medewo.com\/blog\/wp-content\/uploads\/2020\/06\/hb-papierrecycling.jpg\",\"datePublished\":\"2020-06-24T09:07:40+00:00\",\"dateModified\":\"2024-01-30T13:19:29+00:00\",\"description\":\"Im Verpackungsalltag werden Klebeb\u00e4nder & Co. auf Kartonagen oder Versandtaschen geklebt. Was passiert mit diesen Stoffen bei der Verwertung des Altpapiers?\",\"breadcrumb\":{\"@id\":\"https:\/\/www.medewo.com\/blog\/ch-de\/loesungen\/klebeband-papierrecycling\/#breadcrumb\"},\"inLanguage\":\"de-CH\",\"potentialAction\":[{\"@type\":\"ReadAction\",\"target\":[\"https:\/\/www.medewo.com\/blog\/ch-de\/loesungen\/klebeband-papierrecycling\/\"]}]},{\"@type\":\"ImageObject\",\"inLanguage\":\"de-CH\",\"@id\":\"https:\/\/www.medewo.com\/blog\/ch-de\/loesungen\/klebeband-papierrecycling\/#primaryimage\",\"url\":\"https:\/\/www.medewo.com\/blog\/wp-content\/uploads\/2020\/06\/hb-papierrecycling.jpg\",\"contentUrl\":\"https:\/\/www.medewo.com\/blog\/wp-content\/uploads\/2020\/06\/hb-papierrecycling.jpg\",\"width\":775,\"height\":519,\"caption\":\"Klebeband im Papierrecycling\"},{\"@type\":\"BreadcrumbList\",\"@id\":\"https:\/\/www.medewo.com\/blog\/ch-de\/loesungen\/klebeband-papierrecycling\/#breadcrumb\",\"itemListElement\":[{\"@type\":\"ListItem\",\"position\":1,\"name\":\"Startseite\",\"item\":\"https:\/\/www.medewo.com\/blog\/ch-de\/\"},{\"@type\":\"ListItem\",\"position\":2,\"name\":\"Papierrecycling: Das passiert mit Klebeband &amp; Co.\"}]},{\"@type\":\"WebSite\",\"@id\":\"https:\/\/www.medewo.com\/blog\/ch-de\/#website\",\"url\":\"https:\/\/www.medewo.com\/blog\/ch-de\/\",\"name\":\"MEDEWO Verpackungen\",\"description\":\"News\",\"publisher\":{\"@id\":\"https:\/\/www.medewo.com\/blog\/ch-de\/#organization\"},\"potentialAction\":[{\"@type\":\"SearchAction\",\"target\":{\"@type\":\"EntryPoint\",\"urlTemplate\":\"https:\/\/www.medewo.com\/blog\/ch-de\/?s={search_term_string}\"},\"query-input\":{\"@type\":\"PropertyValueSpecification\",\"valueRequired\":true,\"valueName\":\"search_term_string\"}}],\"inLanguage\":\"de-CH\"},{\"@type\":\"Organization\",\"@id\":\"https:\/\/www.medewo.com\/blog\/ch-de\/#organization\",\"name\":\"MEDEWO\",\"url\":\"https:\/\/www.medewo.com\/blog\/ch-de\/\",\"logo\":{\"@type\":\"ImageObject\",\"inLanguage\":\"de-CH\",\"@id\":\"https:\/\/www.medewo.com\/blog\/ch-de\/#\/schema\/logo\/image\/\",\"url\":\"https:\/\/www.medewo.com\/blog\/wp-content\/uploads\/2022\/03\/medewo-logo-claim-quer-2.png\",\"contentUrl\":\"https:\/\/www.medewo.com\/blog\/wp-content\/uploads\/2022\/03\/medewo-logo-claim-quer-2.png\",\"width\":350,\"height\":63,\"caption\":\"MEDEWO\"},\"image\":{\"@id\":\"https:\/\/www.medewo.com\/blog\/ch-de\/#\/schema\/logo\/image\/\"}},{\"@type\":\"Person\",\"@id\":\"https:\/\/www.medewo.com\/blog\/ch-de\/#\/schema\/person\/095ac0edc7996da8d9076f1dd7628a02\",\"name\":\"Johanna Veh\",\"image\":{\"@type\":\"ImageObject\",\"inLanguage\":\"de-CH\",\"@id\":\"https:\/\/www.medewo.com\/blog\/ch-de\/#\/schema\/person\/image\/\",\"url\":\"https:\/\/secure.gravatar.com\/avatar\/34b1d372f4c5c8771c920d7185ad3cdbb4c0c74723f619ae116247c1940d52ec?s=96&d=blank&r=g\",\"contentUrl\":\"https:\/\/secure.gravatar.com\/avatar\/34b1d372f4c5c8771c920d7185ad3cdbb4c0c74723f619ae116247c1940d52ec?s=96&d=blank&r=g\",\"caption\":\"Johanna Veh\"}}]}<\/script>\n<!-- \/ Yoast SEO plugin. -->","yoast_head_json":{"title":"Papierrecycling: Das passiert mit Klebeband & Co.","description":"Im Verpackungsalltag werden Klebeb\u00e4nder & Co. auf Kartonagen oder Versandtaschen geklebt. Was passiert mit diesen Stoffen bei der Verwertung des Altpapiers?","robots":{"index":"index","follow":"follow","max-snippet":"max-snippet:-1","max-image-preview":"max-image-preview:large","max-video-preview":"max-video-preview:-1"},"canonical":"https:\/\/www.medewo.com\/blog\/ch-de\/loesungen\/klebeband-papierrecycling\/","og_locale":"de_DE","og_type":"article","og_title":"Papierrecycling: Das passiert mit Klebeband & Co.","og_description":"Im Verpackungsalltag werden Klebeb\u00e4nder & Co. auf Kartonagen oder Versandtaschen geklebt. Was passiert mit diesen Stoffen bei der Verwertung des Altpapiers?","og_url":"https:\/\/www.medewo.com\/blog\/ch-de\/loesungen\/klebeband-papierrecycling\/","og_site_name":"MEDEWO Verpackungen","article_published_time":"2020-06-24T09:07:40+00:00","article_modified_time":"2024-01-30T13:19:29+00:00","og_image":[{"width":775,"height":519,"url":"https:\/\/www.medewo.com\/blog\/wp-content\/uploads\/2020\/06\/hb-papierrecycling.jpg","type":"image\/jpeg"}],"author":"Johanna Veh","twitter_card":"summary_large_image","twitter_misc":{"Geschrieben von":"Johanna Veh","Gesch\u00e4tzte Lesezeit":"2\u00a0Minuten"},"schema":{"@context":"https:\/\/schema.org","@graph":[{"@type":"Article","@id":"https:\/\/www.medewo.com\/blog\/ch-de\/loesungen\/klebeband-papierrecycling\/#article","isPartOf":{"@id":"https:\/\/www.medewo.com\/blog\/ch-de\/loesungen\/klebeband-papierrecycling\/"},"author":{"name":"Johanna Veh","@id":"https:\/\/www.medewo.com\/blog\/ch-de\/#\/schema\/person\/095ac0edc7996da8d9076f1dd7628a02"},"headline":"Papierrecycling: Das passiert mit Klebeband &amp; Co.","datePublished":"2020-06-24T09:07:40+00:00","dateModified":"2024-01-30T13:19:29+00:00","mainEntityOfPage":{"@id":"https:\/\/www.medewo.com\/blog\/ch-de\/loesungen\/klebeband-papierrecycling\/"},"wordCount":642,"commentCount":0,"publisher":{"@id":"https:\/\/www.medewo.com\/blog\/ch-de\/#organization"},"image":{"@id":"https:\/\/www.medewo.com\/blog\/ch-de\/loesungen\/klebeband-papierrecycling\/#primaryimage"},"thumbnailUrl":"https:\/\/www.medewo.com\/blog\/wp-content\/uploads\/2020\/06\/hb-papierrecycling.jpg","articleSection":["L\u00f6sungen"],"inLanguage":"de-CH","potentialAction":[{"@type":"CommentAction","name":"Comment","target":["https:\/\/www.medewo.com\/blog\/ch-de\/loesungen\/klebeband-papierrecycling\/#respond"]}]},{"@type":"WebPage","@id":"https:\/\/www.medewo.com\/blog\/ch-de\/loesungen\/klebeband-papierrecycling\/","url":"https:\/\/www.medewo.com\/blog\/ch-de\/loesungen\/klebeband-papierrecycling\/","name":"Papierrecycling: Das passiert mit Klebeband & Co.","isPartOf":{"@id":"https:\/\/www.medewo.com\/blog\/ch-de\/#website"},"primaryImageOfPage":{"@id":"https:\/\/www.medewo.com\/blog\/ch-de\/loesungen\/klebeband-papierrecycling\/#primaryimage"},"image":{"@id":"https:\/\/www.medewo.com\/blog\/ch-de\/loesungen\/klebeband-papierrecycling\/#primaryimage"},"thumbnailUrl":"https:\/\/www.medewo.com\/blog\/wp-content\/uploads\/2020\/06\/hb-papierrecycling.jpg","datePublished":"2020-06-24T09:07:40+00:00","dateModified":"2024-01-30T13:19:29+00:00","description":"Im Verpackungsalltag werden Klebeb\u00e4nder & Co. auf Kartonagen oder Versandtaschen geklebt. Was passiert mit diesen Stoffen bei der Verwertung des Altpapiers?","breadcrumb":{"@id":"https:\/\/www.medewo.com\/blog\/ch-de\/loesungen\/klebeband-papierrecycling\/#breadcrumb"},"inLanguage":"de-CH","potentialAction":[{"@type":"ReadAction","target":["https:\/\/www.medewo.com\/blog\/ch-de\/loesungen\/klebeband-papierrecycling\/"]}]},{"@type":"ImageObject","inLanguage":"de-CH","@id":"https:\/\/www.medewo.com\/blog\/ch-de\/loesungen\/klebeband-papierrecycling\/#primaryimage","url":"https:\/\/www.medewo.com\/blog\/wp-content\/uploads\/2020\/06\/hb-papierrecycling.jpg","contentUrl":"https:\/\/www.medewo.com\/blog\/wp-content\/uploads\/2020\/06\/hb-papierrecycling.jpg","width":775,"height":519,"caption":"Klebeband im Papierrecycling"},{"@type":"BreadcrumbList","@id":"https:\/\/www.medewo.com\/blog\/ch-de\/loesungen\/klebeband-papierrecycling\/#breadcrumb","itemListElement":[{"@type":"ListItem","position":1,"name":"Startseite","item":"https:\/\/www.medewo.com\/blog\/ch-de\/"},{"@type":"ListItem","position":2,"name":"Papierrecycling: Das passiert mit Klebeband &amp; Co."}]},{"@type":"WebSite","@id":"https:\/\/www.medewo.com\/blog\/ch-de\/#website","url":"https:\/\/www.medewo.com\/blog\/ch-de\/","name":"MEDEWO Verpackungen","description":"News","publisher":{"@id":"https:\/\/www.medewo.com\/blog\/ch-de\/#organization"},"potentialAction":[{"@type":"SearchAction","target":{"@type":"EntryPoint","urlTemplate":"https:\/\/www.medewo.com\/blog\/ch-de\/?s={search_term_string}"},"query-input":{"@type":"PropertyValueSpecification","valueRequired":true,"valueName":"search_term_string"}}],"inLanguage":"de-CH"},{"@type":"Organization","@id":"https:\/\/www.medewo.com\/blog\/ch-de\/#organization","name":"MEDEWO","url":"https:\/\/www.medewo.com\/blog\/ch-de\/","logo":{"@type":"ImageObject","inLanguage":"de-CH","@id":"https:\/\/www.medewo.com\/blog\/ch-de\/#\/schema\/logo\/image\/","url":"https:\/\/www.medewo.com\/blog\/wp-content\/uploads\/2022\/03\/medewo-logo-claim-quer-2.png","contentUrl":"https:\/\/www.medewo.com\/blog\/wp-content\/uploads\/2022\/03\/medewo-logo-claim-quer-2.png","width":350,"height":63,"caption":"MEDEWO"},"image":{"@id":"https:\/\/www.medewo.com\/blog\/ch-de\/#\/schema\/logo\/image\/"}},{"@type":"Person","@id":"https:\/\/www.medewo.com\/blog\/ch-de\/#\/schema\/person\/095ac0edc7996da8d9076f1dd7628a02","name":"Johanna Veh","image":{"@type":"ImageObject","inLanguage":"de-CH","@id":"https:\/\/www.medewo.com\/blog\/ch-de\/#\/schema\/person\/image\/","url":"https:\/\/secure.gravatar.com\/avatar\/34b1d372f4c5c8771c920d7185ad3cdbb4c0c74723f619ae116247c1940d52ec?s=96&d=blank&r=g","contentUrl":"https:\/\/secure.gravatar.com\/avatar\/34b1d372f4c5c8771c920d7185ad3cdbb4c0c74723f619ae116247c1940d52ec?s=96&d=blank&r=g","caption":"Johanna Veh"}}]}},"magento_index":true,"_links":{"self":[{"href":"https:\/\/www.medewo.com\/blog\/ch-de\/wp-json\/wp\/v2\/posts\/17518","targetHints":{"allow":["GET"]}}],"collection":[{"href":"https:\/\/www.medewo.com\/blog\/ch-de\/wp-json\/wp\/v2\/posts"}],"about":[{"href":"https:\/\/www.medewo.com\/blog\/ch-de\/wp-json\/wp\/v2\/types\/post"}],"author":[{"embeddable":true,"href":"https:\/\/www.medewo.com\/blog\/ch-de\/wp-json\/wp\/v2\/users\/46"}],"replies":[{"embeddable":true,"href":"https:\/\/www.medewo.com\/blog\/ch-de\/wp-json\/wp\/v2\/comments?post=17518"}],"version-history":[{"count":22,"href":"https:\/\/www.medewo.com\/blog\/ch-de\/wp-json\/wp\/v2\/posts\/17518\/revisions"}],"predecessor-version":[{"id":30727,"href":"https:\/\/www.medewo.com\/blog\/ch-de\/wp-json\/wp\/v2\/posts\/17518\/revisions\/30727"}],"wp:featuredmedia":[{"embeddable":true,"href":"https:\/\/www.medewo.com\/blog\/ch-de\/wp-json\/wp\/v2\/media\/17623"}],"wp:attachment":[{"href":"https:\/\/www.medewo.com\/blog\/ch-de\/wp-json\/wp\/v2\/media?parent=17518"}],"wp:term":[{"taxonomy":"category","embeddable":true,"href":"https:\/\/www.medewo.com\/blog\/ch-de\/wp-json\/wp\/v2\/categories?post=17518"},{"taxonomy":"post_tag","embeddable":true,"href":"https:\/\/www.medewo.com\/blog\/ch-de\/wp-json\/wp\/v2\/tags?post=17518"},{"taxonomy":"m2-product-id","embeddable":true,"href":"https:\/\/www.medewo.com\/blog\/ch-de\/wp-json\/wp\/v2\/m2-product-id?post=17518"}],"curies":[{"name":"wp","href":"https:\/\/api.w.org\/{rel}","templated":true}]}}