{"id":16543,"date":"2019-07-29T00:00:00","date_gmt":"2019-07-28T22:00:00","guid":{"rendered":"https:\/\/www.medewo.com\/blog\/uncategorized-ch-de\/aus-dem-herzen-des-online-marketings-unsere-auszubildende-berichtet\/"},"modified":"2024-07-30T10:40:35","modified_gmt":"2024-07-30T08:40:35","slug":"bericht-auszubildende-online-marketing-2","status":"publish","type":"post","link":"https:\/\/www.medewo.com\/blog\/ch-de\/unternehmensnews\/bericht-auszubildende-online-marketing-2\/","title":{"rendered":"\u00abAus dem Herzen des Online-Marketings\u00bb \u2013 unsere Auszubildende berichtet"},"content":{"rendered":"<div class=\"wpb-content-wrapper\"><p>[vc_row][vc_column][vc_column_text]<strong>In der Ausbildung ist es wichtig verschiedene Erfahrungen zu sammeln, um sp\u00e4ter ideal in das Berufsleben zu starten. Aus diesem Grund durchlaufen die MEDEWO-Lehrlinge verschiedene Abteilungen im Unternehmen \u2013 so auch Selina, die aus der Welt des Online-Marketing berichtet.<\/strong><\/p>\n<p>Als MEDEWO Auszubildende ist es m\u00f6glich Einblicke in die verschiedenen Abteilungen wie beispielsweise den Verkauf, den Einkauf, das Lager etc. zu erhalten. Ich bin Auszubildende im 2. Lehrjahr und durfte einen Monat lang in das Online-Marketing eintauchen und aktiv mitwirken. Aber von Anfang an.<\/p>\n<p>Am ersten Juli wurde ich herzlichst im Team begr\u00fcsst, mir wurde ein \u00dcberblick \u00fcber die vielf\u00e4ltigen T\u00e4tigkeiten des Online-Marketings verschafft. So ist das Online-Marketing in der MEDEWO-Gruppe f\u00fcr die beide Firmen MEDEWO und RAUSCH in allen L\u00e4ndern verantwortlich. Das Team betreut die Webshops, die Facebook- Seiten, die Newsletter etc. f\u00fcr beide Marken. Die gesammelten Eindr\u00fccke konnte ich dann durch weitere Recherchen vertiefen. Meine Schult\u00fcte mit den wichtigsten Begriffen und Schl\u00fcsselw\u00f6rtern war gepackt!<\/p>\n<h2>Hinter den Kulissen<\/h2>\n<p><img decoding=\"async\" class=\"alignright wp-image-6165\" title=\"Ausbildung im E-Commerce\" src=\"https:\/\/www.medewo.com\/blog\/wp-content\/uploads\/2019\/07\/Erkl\u00e4rungsbild-Blog-NB1.png\" alt=\"Ausbildung bei RAUSCH\" width=\"345\" height=\"230\" srcset=\"https:\/\/www.medewo.com\/blog\/wp-content\/uploads\/2019\/07\/Erkl\u00e4rungsbild-Blog-NB1.png 690w, https:\/\/www.medewo.com\/blog\/wp-content\/uploads\/2019\/07\/Erkl\u00e4rungsbild-Blog-NB1-300x200.png 300w\" sizes=\"(max-width: 345px) 100vw, 345px\" \/>Meine erste Aufgabe: Mit der Unterst\u00fctzung meiner Kollegen erstellte ich den Newsletter f\u00fcr die Marke RAUSCH. Es war \u00e4usserst interessant einmal hinter die Kulissen des Informationstools zu blicken.<\/p>\n<p>Beeindruckend war, wie die Erstellung des Newsletters ablief. Von der Planung, der Gestaltung, bis zur Umsetzung und Ver\u00f6ffentlichung verfolgte ich alles gespannt mit und konnte den Newsletter mit Anleitung sogar selbst im System anlegen. Die Fertigstellung und der Versand des Newsletters hatten mich sehr gefreut, denn ich konnte sofort das Ergebnis meiner Arbeit sehen.<\/p>\n<p>Ein weiterer wichtiger Punkt im Online-Marketing Team ist die Suchmaschinenoptimierung und Werbung, damit die Kunden uns im World Wide Web besser finden k\u00f6nnen. Trotz wenig Vorwissen bekam ich schnell einen \u00dcberblick, wie Suchmaschinen, wie beispielsweise Google, funktionieren und wir Suchergebnisanzeigen beeinflussen k\u00f6nnen und durch gute Seitenoptimierung weiter oben erscheinen.<\/p>\n<h2>Die eigene Kreativit\u00e4t ist gefragt<\/h2>\n<p><img decoding=\"async\" class=\"alignleft wp-image-6166\" title=\"Fotoshooting f\u00fcr Facebook-Seite\" src=\"https:\/\/www.medewo.com\/blog\/wp-content\/uploads\/2019\/07\/Erkl\u00e4rungsbild-Lager-NB2.png\" alt=\"Ausbildung im Lager RAUSCH\" width=\"345\" height=\"230\" srcset=\"https:\/\/www.medewo.com\/blog\/wp-content\/uploads\/2019\/07\/Erkl\u00e4rungsbild-Lager-NB2.png 690w, https:\/\/www.medewo.com\/blog\/wp-content\/uploads\/2019\/07\/Erkl\u00e4rungsbild-Lager-NB2-300x200.png 300w\" sizes=\"(max-width: 345px) 100vw, 345px\" \/>Mit der Hilfe des Markenentwicklers lernte ich Grafikprogramme n\u00e4herkennen. Ich konnte sehen, wie Katalogseiten erstellt und designt werden. Auf jeder Seite wird nichts dem Zufall \u00fcberlassen, jede Kleinigkeit wird ber\u00fccksichtigt. Als ich ein Gef\u00fchl f\u00fcr das Programm hatte, durfte ich selber ran und konnte so eine Seite entwerfen.<\/p>\n<p>Zudem durfte ich einen kurzen Abstecher in die Abteilung \u00abKommunikationsentwicklung\u00bb machen. Dort konnte ich mit der Content Managerin zusammen einen Einblick in den redaktionellen Teil der Firma werfen. Sie erkl\u00e4rte mir genau was bei welcher Formulierung zu beachten war und bot mir Einblicke in ihre vielseitigen Themenbereiche. Nach der Einweisung durfte ich bei der Aktualisierung der Blogbeitr\u00e4ge helfen und selbst etwas texten \u2013 wie hier zu lesen.<\/p>\n<h2>Eintauchen in die Welt von Social Media<\/h2>\n<p><img decoding=\"async\" class=\"alignright wp-image-6164\" title=\"Ausarbeitung Blogbeitrag\" src=\"https:\/\/www.medewo.com\/blog\/wp-content\/uploads\/2019\/07\/Beim-Arbeiten-Blog-NB3.png\" alt=\"Ausbildung im E-Commerce bei Medewo\" width=\"345\" height=\"230\" srcset=\"https:\/\/www.medewo.com\/blog\/wp-content\/uploads\/2019\/07\/Beim-Arbeiten-Blog-NB3.png 690w, https:\/\/www.medewo.com\/blog\/wp-content\/uploads\/2019\/07\/Beim-Arbeiten-Blog-NB3-300x200.png 300w\" sizes=\"(max-width: 345px) 100vw, 345px\" \/>Da unsere Unternehmen auf Facebook vertreten sind, wurde mir die Aufgabe zuteil, passende Beitr\u00e4ge auf den sozialen Medien zu erstellen und zu posten. Ich konnte w\u00e4hrend meiner Zeit im Online-Marketing mehrere Facebook-Beitr\u00e4ge erarbeiten und diese erfolgreich hochladen. Hierauf war ich besonders stolz, da ich freie Hand bei der Gestaltung und Ausarbeitung der Themen hatte.<\/p>\n<div class=\"clear\">\n<p style=\"margin: 20px 0px; text-align: left;\"><a style=\"background: #278dd1; border-color: #278dd1; border-radius: 8px; display: inline-block; padding: 6px 20px; line-height: 1.42857143; color: #fff; font-size: 17px; font-weight: normal; text-decoration: none;\" title=\"Zur Facebook-Seite von MEDEWO\" href=\"https:\/\/www.facebook.com\/MEDEWOVerpackungen\" target=\"_self\" rel=\"noopener noreferrer\">Zur Facebook-Seite von MEDEWO<\/a><\/p>\n<\/div>\n<p>Neben den vielz\u00e4hligen Einblicken wurde mir schon in der ersten Woche ein Projekt gegeben, das ich selbstst\u00e4ndig \u00fcber die gesamte Zeit im Online Marketing -Team bearbeiten durfte. Es sollte mein ganz eigenes kleines Projekt sein mit Ziel meinen Aufenthalt in der Abteilung mit dem Gelernten zu reflektieren und darzustellen. Die Planung, Umsetzung und Darstellung war mir hierbei v\u00f6llig selbst \u00fcberlassen. Ich habe mich schlussendlich f\u00fcr diesen Beitrag im Blog und der zus\u00e4tzlichen Erstellung eines Facebook Beitrags mit Bilder-Diashow entschieden.<\/p>\n<h2>Kreativ von Kopf bis Fuss \u2013 mein Fazit<\/h2>\n<p>Von Beginn an wurde ich gut im Team aufgenommen und konnte bei Fragen jederzeit auf die Personen zugehen. Durch viele verschiedene Aufgaben wurde mir ein umfassender Einblick in das Online-Marketing gew\u00e4hrt. Zusammengefasst hat es mir sehr gut gefallen.<\/p>\n<div style=\"width: 690px; margin-bottom: 25px; margin-top: 25px; padding: 10px; float: left; background: #ffffff; border: 1px solid #dddddd;\">\n<p><img decoding=\"async\" class=\"alignleft wp-image-6163\" title=\"Ausbildung bei MEDEWO\/RAUSCH\" src=\"https:\/\/www.medewo.com\/blog\/wp-content\/uploads\/2019\/07\/Azubi-Blog-NB4.png\" alt=\"Auszubildende im Lager RAUSCH\" width=\"345\" height=\"230\" srcset=\"https:\/\/www.medewo.com\/blog\/wp-content\/uploads\/2019\/07\/Azubi-Blog-NB4.png 690w, https:\/\/www.medewo.com\/blog\/wp-content\/uploads\/2019\/07\/Azubi-Blog-NB4-300x200.png 300w\" sizes=\"(max-width: 345px) 100vw, 345px\" \/>Bist auch Du ein kreativer Kopf und arbeitest gerne an verschiedensten Projekten im Team? Dich interessiert eine Ausbildung im Online-Marketing als Kauffrau\/-mann im E-Commerce?<\/p>\n<p>Dann bewirb dich jetzt bei unserer Schwester Firma RAUSCH in Augsburg!<\/p>\n<div class=\"clear\">\n<p style=\"margin: 20px 0px; text-align: left;\"><a style=\"background: #278dd1; border-color: #278dd1; border-radius: 8px; display: inline-block; padding: 6px 20px; line-height: 1.42857143; color: #fff; font-size: 17px; font-weight: normal; text-decoration: none;\" title=\"Ausbildung im E-Commerce\" href=\"https:\/\/www.medewo-gruppe.jobs\/ausbildung\/e-commerce\" target=\"_self\" rel=\"noopener noreferrer\">Zum Stellenangebot<\/a><\/p>\n<\/div>\n<\/div>\n<p>[\/vc_column_text][\/vc_column][\/vc_row]<\/p>\n<\/div>","protected":false},"excerpt":{"rendered":"<p>Die MEDEWO-Lehrlinge durchlaufen verschiedene Abteilungen im Unternehmen \u2013 so auch Selina, die aus der Welt des Online-Marketing berichtet.<\/p>\n","protected":false},"author":1,"featured_media":11145,"comment_status":"open","ping_status":"open","sticky":false,"template":"","format":"standard","meta":{"pgc_sgb_lightbox_settings":"","footnotes":""},"categories":[1,1318],"tags":[4499,5438,5430,5439,3370,4501,5440],"m2-product-id":[],"class_list":{"0":"post-16543","1":"post","2":"type-post","3":"status-publish","4":"format-standard","5":"has-post-thumbnail","6":"hentry","7":"category-unkategorisiert","8":"category-unternehmensnews","9":"tag-ausbildung","10":"tag-ausbildung-ch-fr","11":"tag-e-commerce-ch-de","12":"tag-e-commerce-ch-fr","13":"tag-karriere","15":"tag-karriere-ch-fr","16":"category-1","17":"category-1318","18":"description-off"},"yoast_head":"<!-- This site is optimized with the Yoast SEO plugin v27.1.1 - https:\/\/yoast.com\/product\/yoast-seo-wordpress\/ -->\n<title>\u00abAus dem Herzen des Online-Marketings\u00bb \u2013 unsere Auszubildende berichtet<\/title>\n<meta name=\"description\" content=\"Bei MEDEWO durchlaufen Lehrlinge verschiednene Abteilungen im Unternehmen. So auch Selina, die im MEDEWO-Blog aus der Welt des Online-Marketing berichtet.\" \/>\n<meta name=\"robots\" content=\"index, follow, max-snippet:-1, max-image-preview:large, max-video-preview:-1\" \/>\n<link rel=\"canonical\" href=\"https:\/\/www.medewo.com\/blog\/ch-de\/unternehmensnews\/bericht-auszubildende-online-marketing-2\/\" \/>\n<meta property=\"og:locale\" content=\"de_DE\" \/>\n<meta property=\"og:type\" content=\"article\" \/>\n<meta property=\"og:title\" content=\"\u00abAus dem Herzen des Online-Marketings\u00bb \u2013 unsere Auszubildende berichtet\" \/>\n<meta property=\"og:description\" content=\"Bei MEDEWO durchlaufen Lehrlinge verschiednene Abteilungen im Unternehmen. So auch Selina, die im MEDEWO-Blog aus der Welt des Online-Marketing berichtet.\" \/>\n<meta property=\"og:url\" content=\"https:\/\/www.medewo.com\/blog\/ch-de\/unternehmensnews\/bericht-auszubildende-online-marketing-2\/\" \/>\n<meta property=\"og:site_name\" content=\"MEDEWO Verpackungen\" \/>\n<meta property=\"article:published_time\" content=\"2019-07-28T22:00:00+00:00\" \/>\n<meta property=\"article:modified_time\" content=\"2024-07-30T08:40:35+00:00\" \/>\n<meta property=\"og:image\" content=\"https:\/\/www.medewo.com\/blog\/wp-content\/uploads\/2019\/07\/Arbeitsplatz-Blog-H1.png\" \/>\n\t<meta property=\"og:image:width\" content=\"690\" \/>\n\t<meta property=\"og:image:height\" content=\"460\" \/>\n\t<meta property=\"og:image:type\" content=\"image\/png\" \/>\n<meta name=\"author\" content=\"admin\" \/>\n<meta name=\"twitter:card\" content=\"summary_large_image\" \/>\n<meta name=\"twitter:label1\" content=\"Geschrieben von\" \/>\n\t<meta name=\"twitter:data1\" content=\"admin\" \/>\n\t<meta name=\"twitter:label2\" content=\"Gesch\u00e4tzte Lesezeit\" \/>\n\t<meta name=\"twitter:data2\" content=\"5\u00a0Minuten\" \/>\n<script type=\"application\/ld+json\" class=\"yoast-schema-graph\">{\"@context\":\"https:\/\/schema.org\",\"@graph\":[{\"@type\":\"Article\",\"@id\":\"https:\/\/www.medewo.com\/blog\/ch-de\/unternehmensnews\/bericht-auszubildende-online-marketing-2\/#article\",\"isPartOf\":{\"@id\":\"https:\/\/www.medewo.com\/blog\/ch-de\/unternehmensnews\/bericht-auszubildende-online-marketing-2\/\"},\"author\":{\"name\":\"admin\",\"@id\":\"https:\/\/www.medewo.com\/blog\/ch-de\/#\/schema\/person\/84e17ff7dbd20461267b403e9de6651a\"},\"headline\":\"\u00abAus dem Herzen des Online-Marketings\u00bb \u2013 unsere Auszubildende berichtet\",\"datePublished\":\"2019-07-28T22:00:00+00:00\",\"dateModified\":\"2024-07-30T08:40:35+00:00\",\"mainEntityOfPage\":{\"@id\":\"https:\/\/www.medewo.com\/blog\/ch-de\/unternehmensnews\/bericht-auszubildende-online-marketing-2\/\"},\"wordCount\":688,\"commentCount\":0,\"publisher\":{\"@id\":\"https:\/\/www.medewo.com\/blog\/ch-de\/#organization\"},\"image\":{\"@id\":\"https:\/\/www.medewo.com\/blog\/ch-de\/unternehmensnews\/bericht-auszubildende-online-marketing-2\/#primaryimage\"},\"thumbnailUrl\":\"https:\/\/www.medewo.com\/blog\/wp-content\/uploads\/2019\/07\/Arbeitsplatz-Blog-H1.png\",\"keywords\":[\"Ausbildung\",\"Ausbildung\",\"E-Commerce\",\"E-Commerce\",\"Karriere\",\"Karriere\",\"Karriere\"],\"articleSection\":[\"Unkategorisiert\",\"Unternehmensnews\"],\"inLanguage\":\"de-CH\",\"potentialAction\":[{\"@type\":\"CommentAction\",\"name\":\"Comment\",\"target\":[\"https:\/\/www.medewo.com\/blog\/ch-de\/unternehmensnews\/bericht-auszubildende-online-marketing-2\/#respond\"]}]},{\"@type\":\"WebPage\",\"@id\":\"https:\/\/www.medewo.com\/blog\/ch-de\/unternehmensnews\/bericht-auszubildende-online-marketing-2\/\",\"url\":\"https:\/\/www.medewo.com\/blog\/ch-de\/unternehmensnews\/bericht-auszubildende-online-marketing-2\/\",\"name\":\"\u00abAus dem Herzen des Online-Marketings\u00bb \u2013 unsere Auszubildende berichtet\",\"isPartOf\":{\"@id\":\"https:\/\/www.medewo.com\/blog\/ch-de\/#website\"},\"primaryImageOfPage\":{\"@id\":\"https:\/\/www.medewo.com\/blog\/ch-de\/unternehmensnews\/bericht-auszubildende-online-marketing-2\/#primaryimage\"},\"image\":{\"@id\":\"https:\/\/www.medewo.com\/blog\/ch-de\/unternehmensnews\/bericht-auszubildende-online-marketing-2\/#primaryimage\"},\"thumbnailUrl\":\"https:\/\/www.medewo.com\/blog\/wp-content\/uploads\/2019\/07\/Arbeitsplatz-Blog-H1.png\",\"datePublished\":\"2019-07-28T22:00:00+00:00\",\"dateModified\":\"2024-07-30T08:40:35+00:00\",\"description\":\"Bei MEDEWO durchlaufen Lehrlinge verschiednene Abteilungen im Unternehmen. So auch Selina, die im MEDEWO-Blog aus der Welt des Online-Marketing berichtet.\",\"breadcrumb\":{\"@id\":\"https:\/\/www.medewo.com\/blog\/ch-de\/unternehmensnews\/bericht-auszubildende-online-marketing-2\/#breadcrumb\"},\"inLanguage\":\"de-CH\",\"potentialAction\":[{\"@type\":\"ReadAction\",\"target\":[\"https:\/\/www.medewo.com\/blog\/ch-de\/unternehmensnews\/bericht-auszubildende-online-marketing-2\/\"]}]},{\"@type\":\"ImageObject\",\"inLanguage\":\"de-CH\",\"@id\":\"https:\/\/www.medewo.com\/blog\/ch-de\/unternehmensnews\/bericht-auszubildende-online-marketing-2\/#primaryimage\",\"url\":\"https:\/\/www.medewo.com\/blog\/wp-content\/uploads\/2019\/07\/Arbeitsplatz-Blog-H1.png\",\"contentUrl\":\"https:\/\/www.medewo.com\/blog\/wp-content\/uploads\/2019\/07\/Arbeitsplatz-Blog-H1.png\",\"width\":690,\"height\":460},{\"@type\":\"BreadcrumbList\",\"@id\":\"https:\/\/www.medewo.com\/blog\/ch-de\/unternehmensnews\/bericht-auszubildende-online-marketing-2\/#breadcrumb\",\"itemListElement\":[{\"@type\":\"ListItem\",\"position\":1,\"name\":\"Startseite\",\"item\":\"https:\/\/www.medewo.com\/blog\/ch-de\/\"},{\"@type\":\"ListItem\",\"position\":2,\"name\":\"\u00abAus dem Herzen des Online-Marketings\u00bb \u2013 unsere Auszubildende berichtet\"}]},{\"@type\":\"WebSite\",\"@id\":\"https:\/\/www.medewo.com\/blog\/ch-de\/#website\",\"url\":\"https:\/\/www.medewo.com\/blog\/ch-de\/\",\"name\":\"MEDEWO Verpackungen\",\"description\":\"News\",\"publisher\":{\"@id\":\"https:\/\/www.medewo.com\/blog\/ch-de\/#organization\"},\"potentialAction\":[{\"@type\":\"SearchAction\",\"target\":{\"@type\":\"EntryPoint\",\"urlTemplate\":\"https:\/\/www.medewo.com\/blog\/ch-de\/?s={search_term_string}\"},\"query-input\":{\"@type\":\"PropertyValueSpecification\",\"valueRequired\":true,\"valueName\":\"search_term_string\"}}],\"inLanguage\":\"de-CH\"},{\"@type\":\"Organization\",\"@id\":\"https:\/\/www.medewo.com\/blog\/ch-de\/#organization\",\"name\":\"MEDEWO\",\"url\":\"https:\/\/www.medewo.com\/blog\/ch-de\/\",\"logo\":{\"@type\":\"ImageObject\",\"inLanguage\":\"de-CH\",\"@id\":\"https:\/\/www.medewo.com\/blog\/ch-de\/#\/schema\/logo\/image\/\",\"url\":\"https:\/\/www.medewo.com\/blog\/wp-content\/uploads\/2022\/03\/medewo-logo-claim-quer-2.png\",\"contentUrl\":\"https:\/\/www.medewo.com\/blog\/wp-content\/uploads\/2022\/03\/medewo-logo-claim-quer-2.png\",\"width\":350,\"height\":63,\"caption\":\"MEDEWO\"},\"image\":{\"@id\":\"https:\/\/www.medewo.com\/blog\/ch-de\/#\/schema\/logo\/image\/\"}},{\"@type\":\"Person\",\"@id\":\"https:\/\/www.medewo.com\/blog\/ch-de\/#\/schema\/person\/84e17ff7dbd20461267b403e9de6651a\",\"name\":\"admin\",\"image\":{\"@type\":\"ImageObject\",\"inLanguage\":\"de-CH\",\"@id\":\"https:\/\/www.medewo.com\/blog\/ch-de\/#\/schema\/person\/image\/\",\"url\":\"https:\/\/secure.gravatar.com\/avatar\/db2d5032d48e0c5ea69810e41539f6f14a63a77bccab5e2b2c7ed6f1712f7e3f?s=96&d=blank&r=g\",\"contentUrl\":\"https:\/\/secure.gravatar.com\/avatar\/db2d5032d48e0c5ea69810e41539f6f14a63a77bccab5e2b2c7ed6f1712f7e3f?s=96&d=blank&r=g\",\"caption\":\"admin\"}}]}<\/script>\n<!-- \/ Yoast SEO plugin. -->","yoast_head_json":{"title":"\u00abAus dem Herzen des Online-Marketings\u00bb \u2013 unsere Auszubildende berichtet","description":"Bei MEDEWO durchlaufen Lehrlinge verschiednene Abteilungen im Unternehmen. So auch Selina, die im MEDEWO-Blog aus der Welt des Online-Marketing berichtet.","robots":{"index":"index","follow":"follow","max-snippet":"max-snippet:-1","max-image-preview":"max-image-preview:large","max-video-preview":"max-video-preview:-1"},"canonical":"https:\/\/www.medewo.com\/blog\/ch-de\/unternehmensnews\/bericht-auszubildende-online-marketing-2\/","og_locale":"de_DE","og_type":"article","og_title":"\u00abAus dem Herzen des Online-Marketings\u00bb \u2013 unsere Auszubildende berichtet","og_description":"Bei MEDEWO durchlaufen Lehrlinge verschiednene Abteilungen im Unternehmen. So auch Selina, die im MEDEWO-Blog aus der Welt des Online-Marketing berichtet.","og_url":"https:\/\/www.medewo.com\/blog\/ch-de\/unternehmensnews\/bericht-auszubildende-online-marketing-2\/","og_site_name":"MEDEWO Verpackungen","article_published_time":"2019-07-28T22:00:00+00:00","article_modified_time":"2024-07-30T08:40:35+00:00","og_image":[{"width":690,"height":460,"url":"https:\/\/www.medewo.com\/blog\/wp-content\/uploads\/2019\/07\/Arbeitsplatz-Blog-H1.png","type":"image\/png"}],"author":"admin","twitter_card":"summary_large_image","twitter_misc":{"Geschrieben von":"admin","Gesch\u00e4tzte Lesezeit":"5\u00a0Minuten"},"schema":{"@context":"https:\/\/schema.org","@graph":[{"@type":"Article","@id":"https:\/\/www.medewo.com\/blog\/ch-de\/unternehmensnews\/bericht-auszubildende-online-marketing-2\/#article","isPartOf":{"@id":"https:\/\/www.medewo.com\/blog\/ch-de\/unternehmensnews\/bericht-auszubildende-online-marketing-2\/"},"author":{"name":"admin","@id":"https:\/\/www.medewo.com\/blog\/ch-de\/#\/schema\/person\/84e17ff7dbd20461267b403e9de6651a"},"headline":"\u00abAus dem Herzen des Online-Marketings\u00bb \u2013 unsere Auszubildende berichtet","datePublished":"2019-07-28T22:00:00+00:00","dateModified":"2024-07-30T08:40:35+00:00","mainEntityOfPage":{"@id":"https:\/\/www.medewo.com\/blog\/ch-de\/unternehmensnews\/bericht-auszubildende-online-marketing-2\/"},"wordCount":688,"commentCount":0,"publisher":{"@id":"https:\/\/www.medewo.com\/blog\/ch-de\/#organization"},"image":{"@id":"https:\/\/www.medewo.com\/blog\/ch-de\/unternehmensnews\/bericht-auszubildende-online-marketing-2\/#primaryimage"},"thumbnailUrl":"https:\/\/www.medewo.com\/blog\/wp-content\/uploads\/2019\/07\/Arbeitsplatz-Blog-H1.png","keywords":["Ausbildung","Ausbildung","E-Commerce","E-Commerce","Karriere","Karriere","Karriere"],"articleSection":["Unkategorisiert","Unternehmensnews"],"inLanguage":"de-CH","potentialAction":[{"@type":"CommentAction","name":"Comment","target":["https:\/\/www.medewo.com\/blog\/ch-de\/unternehmensnews\/bericht-auszubildende-online-marketing-2\/#respond"]}]},{"@type":"WebPage","@id":"https:\/\/www.medewo.com\/blog\/ch-de\/unternehmensnews\/bericht-auszubildende-online-marketing-2\/","url":"https:\/\/www.medewo.com\/blog\/ch-de\/unternehmensnews\/bericht-auszubildende-online-marketing-2\/","name":"\u00abAus dem Herzen des Online-Marketings\u00bb \u2013 unsere Auszubildende berichtet","isPartOf":{"@id":"https:\/\/www.medewo.com\/blog\/ch-de\/#website"},"primaryImageOfPage":{"@id":"https:\/\/www.medewo.com\/blog\/ch-de\/unternehmensnews\/bericht-auszubildende-online-marketing-2\/#primaryimage"},"image":{"@id":"https:\/\/www.medewo.com\/blog\/ch-de\/unternehmensnews\/bericht-auszubildende-online-marketing-2\/#primaryimage"},"thumbnailUrl":"https:\/\/www.medewo.com\/blog\/wp-content\/uploads\/2019\/07\/Arbeitsplatz-Blog-H1.png","datePublished":"2019-07-28T22:00:00+00:00","dateModified":"2024-07-30T08:40:35+00:00","description":"Bei MEDEWO durchlaufen Lehrlinge verschiednene Abteilungen im Unternehmen. So auch Selina, die im MEDEWO-Blog aus der Welt des Online-Marketing berichtet.","breadcrumb":{"@id":"https:\/\/www.medewo.com\/blog\/ch-de\/unternehmensnews\/bericht-auszubildende-online-marketing-2\/#breadcrumb"},"inLanguage":"de-CH","potentialAction":[{"@type":"ReadAction","target":["https:\/\/www.medewo.com\/blog\/ch-de\/unternehmensnews\/bericht-auszubildende-online-marketing-2\/"]}]},{"@type":"ImageObject","inLanguage":"de-CH","@id":"https:\/\/www.medewo.com\/blog\/ch-de\/unternehmensnews\/bericht-auszubildende-online-marketing-2\/#primaryimage","url":"https:\/\/www.medewo.com\/blog\/wp-content\/uploads\/2019\/07\/Arbeitsplatz-Blog-H1.png","contentUrl":"https:\/\/www.medewo.com\/blog\/wp-content\/uploads\/2019\/07\/Arbeitsplatz-Blog-H1.png","width":690,"height":460},{"@type":"BreadcrumbList","@id":"https:\/\/www.medewo.com\/blog\/ch-de\/unternehmensnews\/bericht-auszubildende-online-marketing-2\/#breadcrumb","itemListElement":[{"@type":"ListItem","position":1,"name":"Startseite","item":"https:\/\/www.medewo.com\/blog\/ch-de\/"},{"@type":"ListItem","position":2,"name":"\u00abAus dem Herzen des Online-Marketings\u00bb \u2013 unsere Auszubildende berichtet"}]},{"@type":"WebSite","@id":"https:\/\/www.medewo.com\/blog\/ch-de\/#website","url":"https:\/\/www.medewo.com\/blog\/ch-de\/","name":"MEDEWO Verpackungen","description":"News","publisher":{"@id":"https:\/\/www.medewo.com\/blog\/ch-de\/#organization"},"potentialAction":[{"@type":"SearchAction","target":{"@type":"EntryPoint","urlTemplate":"https:\/\/www.medewo.com\/blog\/ch-de\/?s={search_term_string}"},"query-input":{"@type":"PropertyValueSpecification","valueRequired":true,"valueName":"search_term_string"}}],"inLanguage":"de-CH"},{"@type":"Organization","@id":"https:\/\/www.medewo.com\/blog\/ch-de\/#organization","name":"MEDEWO","url":"https:\/\/www.medewo.com\/blog\/ch-de\/","logo":{"@type":"ImageObject","inLanguage":"de-CH","@id":"https:\/\/www.medewo.com\/blog\/ch-de\/#\/schema\/logo\/image\/","url":"https:\/\/www.medewo.com\/blog\/wp-content\/uploads\/2022\/03\/medewo-logo-claim-quer-2.png","contentUrl":"https:\/\/www.medewo.com\/blog\/wp-content\/uploads\/2022\/03\/medewo-logo-claim-quer-2.png","width":350,"height":63,"caption":"MEDEWO"},"image":{"@id":"https:\/\/www.medewo.com\/blog\/ch-de\/#\/schema\/logo\/image\/"}},{"@type":"Person","@id":"https:\/\/www.medewo.com\/blog\/ch-de\/#\/schema\/person\/84e17ff7dbd20461267b403e9de6651a","name":"admin","image":{"@type":"ImageObject","inLanguage":"de-CH","@id":"https:\/\/www.medewo.com\/blog\/ch-de\/#\/schema\/person\/image\/","url":"https:\/\/secure.gravatar.com\/avatar\/db2d5032d48e0c5ea69810e41539f6f14a63a77bccab5e2b2c7ed6f1712f7e3f?s=96&d=blank&r=g","contentUrl":"https:\/\/secure.gravatar.com\/avatar\/db2d5032d48e0c5ea69810e41539f6f14a63a77bccab5e2b2c7ed6f1712f7e3f?s=96&d=blank&r=g","caption":"admin"}}]}},"magento_index":false,"_links":{"self":[{"href":"https:\/\/www.medewo.com\/blog\/ch-de\/wp-json\/wp\/v2\/posts\/16543","targetHints":{"allow":["GET"]}}],"collection":[{"href":"https:\/\/www.medewo.com\/blog\/ch-de\/wp-json\/wp\/v2\/posts"}],"about":[{"href":"https:\/\/www.medewo.com\/blog\/ch-de\/wp-json\/wp\/v2\/types\/post"}],"author":[{"embeddable":true,"href":"https:\/\/www.medewo.com\/blog\/ch-de\/wp-json\/wp\/v2\/users\/1"}],"replies":[{"embeddable":true,"href":"https:\/\/www.medewo.com\/blog\/ch-de\/wp-json\/wp\/v2\/comments?post=16543"}],"version-history":[{"count":3,"href":"https:\/\/www.medewo.com\/blog\/ch-de\/wp-json\/wp\/v2\/posts\/16543\/revisions"}],"predecessor-version":[{"id":33496,"href":"https:\/\/www.medewo.com\/blog\/ch-de\/wp-json\/wp\/v2\/posts\/16543\/revisions\/33496"}],"wp:featuredmedia":[{"embeddable":true,"href":"https:\/\/www.medewo.com\/blog\/ch-de\/wp-json\/wp\/v2\/media\/11145"}],"wp:attachment":[{"href":"https:\/\/www.medewo.com\/blog\/ch-de\/wp-json\/wp\/v2\/media?parent=16543"}],"wp:term":[{"taxonomy":"category","embeddable":true,"href":"https:\/\/www.medewo.com\/blog\/ch-de\/wp-json\/wp\/v2\/categories?post=16543"},{"taxonomy":"post_tag","embeddable":true,"href":"https:\/\/www.medewo.com\/blog\/ch-de\/wp-json\/wp\/v2\/tags?post=16543"},{"taxonomy":"m2-product-id","embeddable":true,"href":"https:\/\/www.medewo.com\/blog\/ch-de\/wp-json\/wp\/v2\/m2-product-id?post=16543"}],"curies":[{"name":"wp","href":"https:\/\/api.w.org\/{rel}","templated":true}]}}