{"id":16499,"date":"2016-06-17T00:00:00","date_gmt":"2016-06-16T22:00:00","guid":{"rendered":"https:\/\/www.medewo.com\/blog\/uncategorized-ch-de\/25-jahre-medewo-oesterreich-deutschland-und-die-schweiz-feiern-mit\/"},"modified":"2024-07-22T13:08:13","modified_gmt":"2024-07-22T11:08:13","slug":"25-jahre-medewo-oesterreich-deutschland-und-die-schweiz-feiern-mit","status":"publish","type":"post","link":"https:\/\/www.medewo.com\/blog\/ch-de\/unternehmensnews\/25-jahre-medewo-oesterreich-deutschland-und-die-schweiz-feiern-mit\/","title":{"rendered":"25 Jahre MEDEWO \u00d6sterreich \u2013 Deutschland und die Schweiz feiern mit"},"content":{"rendered":"<h2>MEDEWO \u00d6sterreich wird ein viertel Jahrhundert alt. Ein Jubil\u00e4umsfest f\u00fcr alle L\u00e4ndergesellschaften der MEDEWO-Gruppe<\/h2>\n<p>Anl\u00e4sslich des 25. Jubil\u00e4ums des \u00f6sterreichischen Standorts der MEDEWO-Gruppe lud MEDEWO \u00d6sterreich ihre Kollegen aus den L\u00e4ndergesellschaften Deutschland und der Schweiz Anfang Juni zu einem gemeinsamen Fest ein.<\/p>\n<p><!--more--><\/p>\n<p>Im Rahmen der Veranstaltung konnten sich alle bei den Firmenmarken RAUSCH und MEDEWO Besch\u00e4ftigten einmal wiedersehen bzw. kennenlernen und austauschen.<\/p>\n<p>MEDEWO \u00d6sterreich wurde urspr\u00fcnglich in Wels gegr\u00fcndet und hatte zu Beginn nur 2 Mitarbeiter. Doch das Unternehmen wuchs schnell heran und verlegte den Firmenhauptsitz bereits acht Jahre sp\u00e4ter nach Wallern an der Trattnach. Die Lagerkapazit\u00e4ten wurden stetig ausgebaut und 2007\/2008 der grosse Lager- und B\u00fcroneubau eingeweiht. Eine weitere Lagerhalle (Halle 5) wurde im Herbst 2015 fertiggestellt. Heute arbeiten am Standort 40 Mitarbeiter f\u00fcr den Verpackungsspezialisten.<\/p>\n\n<h2>Jubil\u00e4umsfest: Teamgeist und fachliches Know-How aus drei L\u00e4ndern<\/h2>\n<p>Gleich am Freitagabend konnten die Teilnehmer des Festes die Halle 5 bei einer z\u00fcnftigen Leberk\u00e4s-Jause bestaunen. Mit ihrem Schmalgang schafft sie 3.040 neue Palettenpl\u00e4tze, was die Lagerkapazit\u00e4t in Wallern auf insgesamt \u00fcber 6.000 erh\u00f6ht. Die Expansion in Wallern st\u00e4rkt den Logistikstandort innerhalb der Gruppe, was nicht nur f\u00fcr den Konzern, sondern auch f\u00fcr die Kunden Vorteile mit sich bringt: Die Lieferung von Lagerartikeln innerhalb von 24 Stunden wird auch bei stetig wachsendem Produktsortiment aufrechterhalten. Zum Beispiel f\u00fcr die zahlreichen neuen Artikel der MEDEWO-Marke RAUSCH im Bereich Lebensmittelverpackungen. Ein weiteres Plus f\u00fcr MEDEWO-Kunden, die individuelle Verpackungen bestellen: Haben diese nicht genug Stauraum, bietet die ober\u00f6sterreichische Firma auf Wunsch einen <a href=\"https:\/\/www.medewo.com\/ch-de\/cms\/service-plus\">Einlagerungsservice<\/a>\u00a0an.<\/p>\n<p>Der Samstag stand dann ganz im Zeichen des l\u00e4nder\u00fcbergreifenden Austausches. Bei sportlichen Outdoor-Aktivit\u00e4ten wurde in gemischten Gruppen der Teamgeist gef\u00f6rdert und fachliches Wissen ausgetauscht. Jeder konnte vom Anderen etwas lernen, was den Zusammenhalt auf nachhaltige Weise st\u00e4rkte. Abends fand dann eine festliche Feier zum 25. Jubil\u00e4um statt, an der alle Mitarbeiter aus den drei L\u00e4ndergesellschaften das Wochenende bei humorvollen Gastbeitr\u00e4gen und gem\u00fctlichem Beisammensein ausklingen liessen. M\u00fcde aber mit vielen sch\u00f6nen Eindr\u00fccken der perfekt organisierten Festlichkeiten fuhren die Kollegen aus Deutschland und der Schweiz am Sonntag wieder nach Hause.<\/p>\n\n<p>P\u00fcnktlich zum 25-J\u00e4hrigen Bestehen von MEDEWO \u00d6sterreich wurde die Gesch\u00e4ftsf\u00fchrerin Gabriele Handstanger ausserdem mit dem Pegasus-Spezialpreis f\u00fcr Frauen in F\u00fchrungspositionen ausgezeichnet. Mehr dazu lesen Sie in unserem <a href=\"https:\/\/www.medewo.com\/blog\/ch-de\/unternehmensnews\/goldener-pegasus-fuer-gabriele-handstanger\/\">Blogbeitrag<\/a>.<\/p>\n<p>M\u00f6chten auch Sie Teil des MEDEWO-Teams werden? Offene Stellen schreiben wir auf unserer Website unter <a href=\"https:\/\/www.medewo.com\/ch-de\/cms\/aboutUs#aboutJobs\">Jobs <\/a>aus.<\/p>\n","protected":false},"excerpt":{"rendered":"<p>MEDEWO \u00d6sterreich wird ein viertel Jahrhundert alt. Ein Jubil\u00e4umsfest f\u00fcr alle L\u00e4ndergesellschaften der MEDEWO-Gruppe<\/p>\n","protected":false},"author":1,"featured_media":11302,"comment_status":"open","ping_status":"open","sticky":false,"template":"","format":"standard","meta":{"pgc_sgb_lightbox_settings":"","footnotes":""},"categories":[1318],"tags":[],"m2-product-id":[],"class_list":["post-16499","post","type-post","status-publish","format-standard","has-post-thumbnail","hentry","category-unternehmensnews","category-1318","description-off"],"yoast_head":"<!-- This site is optimized with the Yoast SEO plugin v26.8 - https:\/\/yoast.com\/product\/yoast-seo-wordpress\/ -->\n<title>25 Jahre MEDEWO \u00d6sterreich \u2013 Deutschland und die Schweiz feiern mit - MEDEWO Verpackungen<\/title>\n<meta name=\"robots\" content=\"index, follow, max-snippet:-1, max-image-preview:large, max-video-preview:-1\" \/>\n<link rel=\"canonical\" href=\"https:\/\/www.medewo.com\/blog\/ch-de\/unternehmensnews\/25-jahre-medewo-oesterreich-deutschland-und-die-schweiz-feiern-mit\/\" \/>\n<meta property=\"og:locale\" content=\"de_DE\" \/>\n<meta property=\"og:type\" content=\"article\" \/>\n<meta property=\"og:title\" content=\"25 Jahre MEDEWO \u00d6sterreich \u2013 Deutschland und die Schweiz feiern mit - MEDEWO Verpackungen\" \/>\n<meta property=\"og:description\" content=\"MEDEWO \u00d6sterreich wird ein viertel Jahrhundert alt. Ein Jubil\u00e4umsfest f\u00fcr alle L\u00e4ndergesellschaften der MEDEWO-Gruppe\" \/>\n<meta property=\"og:url\" content=\"https:\/\/www.medewo.com\/blog\/ch-de\/unternehmensnews\/25-jahre-medewo-oesterreich-deutschland-und-die-schweiz-feiern-mit\/\" \/>\n<meta property=\"og:site_name\" content=\"MEDEWO Verpackungen\" \/>\n<meta property=\"article:published_time\" content=\"2016-06-16T22:00:00+00:00\" \/>\n<meta property=\"article:modified_time\" content=\"2024-07-22T11:08:13+00:00\" \/>\n<meta property=\"og:image\" content=\"https:\/\/www.medewo.com\/blog\/wp-content\/uploads\/2016\/06\/DSC_7834_b.jpg\" \/>\n\t<meta property=\"og:image:width\" content=\"800\" \/>\n\t<meta property=\"og:image:height\" content=\"530\" \/>\n\t<meta property=\"og:image:type\" content=\"image\/jpeg\" \/>\n<meta name=\"author\" content=\"admin\" \/>\n<meta name=\"twitter:card\" content=\"summary_large_image\" \/>\n<meta name=\"twitter:label1\" content=\"Geschrieben von\" \/>\n\t<meta name=\"twitter:data1\" content=\"admin\" \/>\n\t<meta name=\"twitter:label2\" content=\"Gesch\u00e4tzte Lesezeit\" \/>\n\t<meta name=\"twitter:data2\" content=\"3\u00a0Minuten\" \/>\n<script type=\"application\/ld+json\" class=\"yoast-schema-graph\">{\"@context\":\"https:\/\/schema.org\",\"@graph\":[{\"@type\":\"Article\",\"@id\":\"https:\/\/www.medewo.com\/blog\/ch-de\/unternehmensnews\/25-jahre-medewo-oesterreich-deutschland-und-die-schweiz-feiern-mit\/#article\",\"isPartOf\":{\"@id\":\"https:\/\/www.medewo.com\/blog\/ch-de\/unternehmensnews\/25-jahre-medewo-oesterreich-deutschland-und-die-schweiz-feiern-mit\/\"},\"author\":{\"name\":\"admin\",\"@id\":\"https:\/\/www.medewo.com\/blog\/ch-de\/#\/schema\/person\/84e17ff7dbd20461267b403e9de6651a\"},\"headline\":\"25 Jahre MEDEWO \u00d6sterreich \u2013 Deutschland und die Schweiz feiern mit\",\"datePublished\":\"2016-06-16T22:00:00+00:00\",\"dateModified\":\"2024-07-22T11:08:13+00:00\",\"mainEntityOfPage\":{\"@id\":\"https:\/\/www.medewo.com\/blog\/ch-de\/unternehmensnews\/25-jahre-medewo-oesterreich-deutschland-und-die-schweiz-feiern-mit\/\"},\"wordCount\":608,\"commentCount\":0,\"publisher\":{\"@id\":\"https:\/\/www.medewo.com\/blog\/ch-de\/#organization\"},\"image\":{\"@id\":\"https:\/\/www.medewo.com\/blog\/ch-de\/unternehmensnews\/25-jahre-medewo-oesterreich-deutschland-und-die-schweiz-feiern-mit\/#primaryimage\"},\"thumbnailUrl\":\"https:\/\/www.medewo.com\/blog\/wp-content\/uploads\/2016\/06\/DSC_7834_b.jpg\",\"articleSection\":[\"Unternehmensnews\"],\"inLanguage\":\"de-CH\",\"potentialAction\":[{\"@type\":\"CommentAction\",\"name\":\"Comment\",\"target\":[\"https:\/\/www.medewo.com\/blog\/ch-de\/unternehmensnews\/25-jahre-medewo-oesterreich-deutschland-und-die-schweiz-feiern-mit\/#respond\"]}]},{\"@type\":\"WebPage\",\"@id\":\"https:\/\/www.medewo.com\/blog\/ch-de\/unternehmensnews\/25-jahre-medewo-oesterreich-deutschland-und-die-schweiz-feiern-mit\/\",\"url\":\"https:\/\/www.medewo.com\/blog\/ch-de\/unternehmensnews\/25-jahre-medewo-oesterreich-deutschland-und-die-schweiz-feiern-mit\/\",\"name\":\"25 Jahre MEDEWO \u00d6sterreich \u2013 Deutschland und die Schweiz feiern mit - MEDEWO Verpackungen\",\"isPartOf\":{\"@id\":\"https:\/\/www.medewo.com\/blog\/ch-de\/#website\"},\"primaryImageOfPage\":{\"@id\":\"https:\/\/www.medewo.com\/blog\/ch-de\/unternehmensnews\/25-jahre-medewo-oesterreich-deutschland-und-die-schweiz-feiern-mit\/#primaryimage\"},\"image\":{\"@id\":\"https:\/\/www.medewo.com\/blog\/ch-de\/unternehmensnews\/25-jahre-medewo-oesterreich-deutschland-und-die-schweiz-feiern-mit\/#primaryimage\"},\"thumbnailUrl\":\"https:\/\/www.medewo.com\/blog\/wp-content\/uploads\/2016\/06\/DSC_7834_b.jpg\",\"datePublished\":\"2016-06-16T22:00:00+00:00\",\"dateModified\":\"2024-07-22T11:08:13+00:00\",\"breadcrumb\":{\"@id\":\"https:\/\/www.medewo.com\/blog\/ch-de\/unternehmensnews\/25-jahre-medewo-oesterreich-deutschland-und-die-schweiz-feiern-mit\/#breadcrumb\"},\"inLanguage\":\"de-CH\",\"potentialAction\":[{\"@type\":\"ReadAction\",\"target\":[\"https:\/\/www.medewo.com\/blog\/ch-de\/unternehmensnews\/25-jahre-medewo-oesterreich-deutschland-und-die-schweiz-feiern-mit\/\"]}]},{\"@type\":\"ImageObject\",\"inLanguage\":\"de-CH\",\"@id\":\"https:\/\/www.medewo.com\/blog\/ch-de\/unternehmensnews\/25-jahre-medewo-oesterreich-deutschland-und-die-schweiz-feiern-mit\/#primaryimage\",\"url\":\"https:\/\/www.medewo.com\/blog\/wp-content\/uploads\/2016\/06\/DSC_7834_b.jpg\",\"contentUrl\":\"https:\/\/www.medewo.com\/blog\/wp-content\/uploads\/2016\/06\/DSC_7834_b.jpg\",\"width\":800,\"height\":530,\"caption\":\"Die Gesch\u00e4ftsf\u00fchrer der MEDEWO-Gesellschaften lassen es sich nicht nehmen, Gabriele Handstanger (Mitte) zu gratulieren: (v.l.n r.) Bernhard H\u00fcbscher (MEDEWO AG, Schweiz), Sigmund Schett (MEDEWO Holding AG, Schweiz), Sven Tedden (MEDEWO GmbH, Deutschland), Markus Reinhardt (Rausch Verpackung GmbH, Deutschland).\"},{\"@type\":\"BreadcrumbList\",\"@id\":\"https:\/\/www.medewo.com\/blog\/ch-de\/unternehmensnews\/25-jahre-medewo-oesterreich-deutschland-und-die-schweiz-feiern-mit\/#breadcrumb\",\"itemListElement\":[{\"@type\":\"ListItem\",\"position\":1,\"name\":\"Startseite\",\"item\":\"https:\/\/www.medewo.com\/blog\/ch-de\/\"},{\"@type\":\"ListItem\",\"position\":2,\"name\":\"25 Jahre MEDEWO \u00d6sterreich \u2013 Deutschland und die Schweiz feiern mit\"}]},{\"@type\":\"WebSite\",\"@id\":\"https:\/\/www.medewo.com\/blog\/ch-de\/#website\",\"url\":\"https:\/\/www.medewo.com\/blog\/ch-de\/\",\"name\":\"MEDEWO Verpackungen\",\"description\":\"News\",\"publisher\":{\"@id\":\"https:\/\/www.medewo.com\/blog\/ch-de\/#organization\"},\"potentialAction\":[{\"@type\":\"SearchAction\",\"target\":{\"@type\":\"EntryPoint\",\"urlTemplate\":\"https:\/\/www.medewo.com\/blog\/ch-de\/?s={search_term_string}\"},\"query-input\":{\"@type\":\"PropertyValueSpecification\",\"valueRequired\":true,\"valueName\":\"search_term_string\"}}],\"inLanguage\":\"de-CH\"},{\"@type\":\"Organization\",\"@id\":\"https:\/\/www.medewo.com\/blog\/ch-de\/#organization\",\"name\":\"MEDEWO\",\"url\":\"https:\/\/www.medewo.com\/blog\/ch-de\/\",\"logo\":{\"@type\":\"ImageObject\",\"inLanguage\":\"de-CH\",\"@id\":\"https:\/\/www.medewo.com\/blog\/ch-de\/#\/schema\/logo\/image\/\",\"url\":\"https:\/\/www.medewo.com\/blog\/wp-content\/uploads\/2022\/03\/medewo-logo-claim-quer-2.png\",\"contentUrl\":\"https:\/\/www.medewo.com\/blog\/wp-content\/uploads\/2022\/03\/medewo-logo-claim-quer-2.png\",\"width\":350,\"height\":63,\"caption\":\"MEDEWO\"},\"image\":{\"@id\":\"https:\/\/www.medewo.com\/blog\/ch-de\/#\/schema\/logo\/image\/\"}},{\"@type\":\"Person\",\"@id\":\"https:\/\/www.medewo.com\/blog\/ch-de\/#\/schema\/person\/84e17ff7dbd20461267b403e9de6651a\",\"name\":\"admin\",\"image\":{\"@type\":\"ImageObject\",\"inLanguage\":\"de-CH\",\"@id\":\"https:\/\/www.medewo.com\/blog\/ch-de\/#\/schema\/person\/image\/\",\"url\":\"https:\/\/secure.gravatar.com\/avatar\/db2d5032d48e0c5ea69810e41539f6f14a63a77bccab5e2b2c7ed6f1712f7e3f?s=96&d=blank&r=g\",\"contentUrl\":\"https:\/\/secure.gravatar.com\/avatar\/db2d5032d48e0c5ea69810e41539f6f14a63a77bccab5e2b2c7ed6f1712f7e3f?s=96&d=blank&r=g\",\"caption\":\"admin\"}}]}<\/script>\n<!-- \/ Yoast SEO plugin. -->","yoast_head_json":{"title":"25 Jahre MEDEWO \u00d6sterreich \u2013 Deutschland und die Schweiz feiern mit - MEDEWO Verpackungen","robots":{"index":"index","follow":"follow","max-snippet":"max-snippet:-1","max-image-preview":"max-image-preview:large","max-video-preview":"max-video-preview:-1"},"canonical":"https:\/\/www.medewo.com\/blog\/ch-de\/unternehmensnews\/25-jahre-medewo-oesterreich-deutschland-und-die-schweiz-feiern-mit\/","og_locale":"de_DE","og_type":"article","og_title":"25 Jahre MEDEWO \u00d6sterreich \u2013 Deutschland und die Schweiz feiern mit - MEDEWO Verpackungen","og_description":"MEDEWO \u00d6sterreich wird ein viertel Jahrhundert alt. Ein Jubil\u00e4umsfest f\u00fcr alle L\u00e4ndergesellschaften der MEDEWO-Gruppe","og_url":"https:\/\/www.medewo.com\/blog\/ch-de\/unternehmensnews\/25-jahre-medewo-oesterreich-deutschland-und-die-schweiz-feiern-mit\/","og_site_name":"MEDEWO Verpackungen","article_published_time":"2016-06-16T22:00:00+00:00","article_modified_time":"2024-07-22T11:08:13+00:00","og_image":[{"width":800,"height":530,"url":"https:\/\/www.medewo.com\/blog\/wp-content\/uploads\/2016\/06\/DSC_7834_b.jpg","type":"image\/jpeg"}],"author":"admin","twitter_card":"summary_large_image","twitter_misc":{"Geschrieben von":"admin","Gesch\u00e4tzte Lesezeit":"3\u00a0Minuten"},"schema":{"@context":"https:\/\/schema.org","@graph":[{"@type":"Article","@id":"https:\/\/www.medewo.com\/blog\/ch-de\/unternehmensnews\/25-jahre-medewo-oesterreich-deutschland-und-die-schweiz-feiern-mit\/#article","isPartOf":{"@id":"https:\/\/www.medewo.com\/blog\/ch-de\/unternehmensnews\/25-jahre-medewo-oesterreich-deutschland-und-die-schweiz-feiern-mit\/"},"author":{"name":"admin","@id":"https:\/\/www.medewo.com\/blog\/ch-de\/#\/schema\/person\/84e17ff7dbd20461267b403e9de6651a"},"headline":"25 Jahre MEDEWO \u00d6sterreich \u2013 Deutschland und die Schweiz feiern mit","datePublished":"2016-06-16T22:00:00+00:00","dateModified":"2024-07-22T11:08:13+00:00","mainEntityOfPage":{"@id":"https:\/\/www.medewo.com\/blog\/ch-de\/unternehmensnews\/25-jahre-medewo-oesterreich-deutschland-und-die-schweiz-feiern-mit\/"},"wordCount":608,"commentCount":0,"publisher":{"@id":"https:\/\/www.medewo.com\/blog\/ch-de\/#organization"},"image":{"@id":"https:\/\/www.medewo.com\/blog\/ch-de\/unternehmensnews\/25-jahre-medewo-oesterreich-deutschland-und-die-schweiz-feiern-mit\/#primaryimage"},"thumbnailUrl":"https:\/\/www.medewo.com\/blog\/wp-content\/uploads\/2016\/06\/DSC_7834_b.jpg","articleSection":["Unternehmensnews"],"inLanguage":"de-CH","potentialAction":[{"@type":"CommentAction","name":"Comment","target":["https:\/\/www.medewo.com\/blog\/ch-de\/unternehmensnews\/25-jahre-medewo-oesterreich-deutschland-und-die-schweiz-feiern-mit\/#respond"]}]},{"@type":"WebPage","@id":"https:\/\/www.medewo.com\/blog\/ch-de\/unternehmensnews\/25-jahre-medewo-oesterreich-deutschland-und-die-schweiz-feiern-mit\/","url":"https:\/\/www.medewo.com\/blog\/ch-de\/unternehmensnews\/25-jahre-medewo-oesterreich-deutschland-und-die-schweiz-feiern-mit\/","name":"25 Jahre MEDEWO \u00d6sterreich \u2013 Deutschland und die Schweiz feiern mit - MEDEWO Verpackungen","isPartOf":{"@id":"https:\/\/www.medewo.com\/blog\/ch-de\/#website"},"primaryImageOfPage":{"@id":"https:\/\/www.medewo.com\/blog\/ch-de\/unternehmensnews\/25-jahre-medewo-oesterreich-deutschland-und-die-schweiz-feiern-mit\/#primaryimage"},"image":{"@id":"https:\/\/www.medewo.com\/blog\/ch-de\/unternehmensnews\/25-jahre-medewo-oesterreich-deutschland-und-die-schweiz-feiern-mit\/#primaryimage"},"thumbnailUrl":"https:\/\/www.medewo.com\/blog\/wp-content\/uploads\/2016\/06\/DSC_7834_b.jpg","datePublished":"2016-06-16T22:00:00+00:00","dateModified":"2024-07-22T11:08:13+00:00","breadcrumb":{"@id":"https:\/\/www.medewo.com\/blog\/ch-de\/unternehmensnews\/25-jahre-medewo-oesterreich-deutschland-und-die-schweiz-feiern-mit\/#breadcrumb"},"inLanguage":"de-CH","potentialAction":[{"@type":"ReadAction","target":["https:\/\/www.medewo.com\/blog\/ch-de\/unternehmensnews\/25-jahre-medewo-oesterreich-deutschland-und-die-schweiz-feiern-mit\/"]}]},{"@type":"ImageObject","inLanguage":"de-CH","@id":"https:\/\/www.medewo.com\/blog\/ch-de\/unternehmensnews\/25-jahre-medewo-oesterreich-deutschland-und-die-schweiz-feiern-mit\/#primaryimage","url":"https:\/\/www.medewo.com\/blog\/wp-content\/uploads\/2016\/06\/DSC_7834_b.jpg","contentUrl":"https:\/\/www.medewo.com\/blog\/wp-content\/uploads\/2016\/06\/DSC_7834_b.jpg","width":800,"height":530,"caption":"Die Gesch\u00e4ftsf\u00fchrer der MEDEWO-Gesellschaften lassen es sich nicht nehmen, Gabriele Handstanger (Mitte) zu gratulieren: (v.l.n r.) Bernhard H\u00fcbscher (MEDEWO AG, Schweiz), Sigmund Schett (MEDEWO Holding AG, Schweiz), Sven Tedden (MEDEWO GmbH, Deutschland), Markus Reinhardt (Rausch Verpackung GmbH, Deutschland)."},{"@type":"BreadcrumbList","@id":"https:\/\/www.medewo.com\/blog\/ch-de\/unternehmensnews\/25-jahre-medewo-oesterreich-deutschland-und-die-schweiz-feiern-mit\/#breadcrumb","itemListElement":[{"@type":"ListItem","position":1,"name":"Startseite","item":"https:\/\/www.medewo.com\/blog\/ch-de\/"},{"@type":"ListItem","position":2,"name":"25 Jahre MEDEWO \u00d6sterreich \u2013 Deutschland und die Schweiz feiern mit"}]},{"@type":"WebSite","@id":"https:\/\/www.medewo.com\/blog\/ch-de\/#website","url":"https:\/\/www.medewo.com\/blog\/ch-de\/","name":"MEDEWO Verpackungen","description":"News","publisher":{"@id":"https:\/\/www.medewo.com\/blog\/ch-de\/#organization"},"potentialAction":[{"@type":"SearchAction","target":{"@type":"EntryPoint","urlTemplate":"https:\/\/www.medewo.com\/blog\/ch-de\/?s={search_term_string}"},"query-input":{"@type":"PropertyValueSpecification","valueRequired":true,"valueName":"search_term_string"}}],"inLanguage":"de-CH"},{"@type":"Organization","@id":"https:\/\/www.medewo.com\/blog\/ch-de\/#organization","name":"MEDEWO","url":"https:\/\/www.medewo.com\/blog\/ch-de\/","logo":{"@type":"ImageObject","inLanguage":"de-CH","@id":"https:\/\/www.medewo.com\/blog\/ch-de\/#\/schema\/logo\/image\/","url":"https:\/\/www.medewo.com\/blog\/wp-content\/uploads\/2022\/03\/medewo-logo-claim-quer-2.png","contentUrl":"https:\/\/www.medewo.com\/blog\/wp-content\/uploads\/2022\/03\/medewo-logo-claim-quer-2.png","width":350,"height":63,"caption":"MEDEWO"},"image":{"@id":"https:\/\/www.medewo.com\/blog\/ch-de\/#\/schema\/logo\/image\/"}},{"@type":"Person","@id":"https:\/\/www.medewo.com\/blog\/ch-de\/#\/schema\/person\/84e17ff7dbd20461267b403e9de6651a","name":"admin","image":{"@type":"ImageObject","inLanguage":"de-CH","@id":"https:\/\/www.medewo.com\/blog\/ch-de\/#\/schema\/person\/image\/","url":"https:\/\/secure.gravatar.com\/avatar\/db2d5032d48e0c5ea69810e41539f6f14a63a77bccab5e2b2c7ed6f1712f7e3f?s=96&d=blank&r=g","contentUrl":"https:\/\/secure.gravatar.com\/avatar\/db2d5032d48e0c5ea69810e41539f6f14a63a77bccab5e2b2c7ed6f1712f7e3f?s=96&d=blank&r=g","caption":"admin"}}]}},"magento_index":false,"_links":{"self":[{"href":"https:\/\/www.medewo.com\/blog\/ch-de\/wp-json\/wp\/v2\/posts\/16499","targetHints":{"allow":["GET"]}}],"collection":[{"href":"https:\/\/www.medewo.com\/blog\/ch-de\/wp-json\/wp\/v2\/posts"}],"about":[{"href":"https:\/\/www.medewo.com\/blog\/ch-de\/wp-json\/wp\/v2\/types\/post"}],"author":[{"embeddable":true,"href":"https:\/\/www.medewo.com\/blog\/ch-de\/wp-json\/wp\/v2\/users\/1"}],"replies":[{"embeddable":true,"href":"https:\/\/www.medewo.com\/blog\/ch-de\/wp-json\/wp\/v2\/comments?post=16499"}],"version-history":[{"count":2,"href":"https:\/\/www.medewo.com\/blog\/ch-de\/wp-json\/wp\/v2\/posts\/16499\/revisions"}],"predecessor-version":[{"id":33364,"href":"https:\/\/www.medewo.com\/blog\/ch-de\/wp-json\/wp\/v2\/posts\/16499\/revisions\/33364"}],"wp:featuredmedia":[{"embeddable":true,"href":"https:\/\/www.medewo.com\/blog\/ch-de\/wp-json\/wp\/v2\/media\/11302"}],"wp:attachment":[{"href":"https:\/\/www.medewo.com\/blog\/ch-de\/wp-json\/wp\/v2\/media?parent=16499"}],"wp:term":[{"taxonomy":"category","embeddable":true,"href":"https:\/\/www.medewo.com\/blog\/ch-de\/wp-json\/wp\/v2\/categories?post=16499"},{"taxonomy":"post_tag","embeddable":true,"href":"https:\/\/www.medewo.com\/blog\/ch-de\/wp-json\/wp\/v2\/tags?post=16499"},{"taxonomy":"m2-product-id","embeddable":true,"href":"https:\/\/www.medewo.com\/blog\/ch-de\/wp-json\/wp\/v2\/m2-product-id?post=16499"}],"curies":[{"name":"wp","href":"https:\/\/api.w.org\/{rel}","templated":true}]}}