{"id":16498,"date":"2016-10-04T00:00:00","date_gmt":"2016-10-03T22:00:00","guid":{"rendered":"https:\/\/www.medewo.com\/blog\/uncategorized-ch-de\/frauenpower-bei-medewo\/"},"modified":"2024-07-23T08:25:36","modified_gmt":"2024-07-23T06:25:36","slug":"frauenpower-bei-medewo","status":"publish","type":"post","link":"https:\/\/www.medewo.com\/blog\/ch-de\/unternehmensnews\/frauenpower-bei-medewo\/","title":{"rendered":"Frauenpower bei MEDEWO"},"content":{"rendered":"<p><strong>Eine grosse Ehre f\u00fcr MEDEWO: Gabriele Handstanger, Gesch\u00e4ftsf\u00fchrerin der \u00f6sterreichischen Gesellschaft, hat im Juni 2016 den Goldenen Pegasus f\u00fcr Frauen in F\u00fchrungspositionen gewonnen. Doch sie ist nicht die einzige starke Frau, die das Geschick der Unternehmensgruppe lenkt.<\/strong><\/p>\n<p>Mehr als 300 Bewerbungen gingen f\u00fcr den gr\u00f6ssten Wirtschaftspreis Ober\u00f6sterreichs ein, der in vier Kategorien vergeben wird. Unter ihnen konnte sich Gabriele Handstanger durchsetzen und im Juni bei der glamour\u00f6sen Galanacht im Linzer Brucknerhaus den <a title=\"Goldener Pegasus f\u00fcr Gabriele Handstanger\" href=\"https:\/\/www.medewo.com\/blog\/ch-de\/unternehmensnews\/goldener-pegasus-fuer-gabriele-handstanger\/\">Goldenen Pegasus<\/a> entgegennehmen.<\/p>\n<p><img decoding=\"async\" class=\"alignleft wp-image-2221\" title=\"Gabriele Handstanger erh\u00e4lt den Goldenen Pegasus \u00a9 Cityfoto\" src=\"https:\/\/www.medewo.com\/blog\/wp-content\/uploads\/2016\/10\/Goldener-Pegasus.png\" alt=\"Gabriele Handstanger erh\u00e4lt den Goldenen Pegasus \u00a9 Cityfoto\" width=\"345\" height=\"230\" srcset=\"https:\/\/www.medewo.com\/blog\/wp-content\/uploads\/2016\/10\/Goldener-Pegasus.png 1200w, https:\/\/www.medewo.com\/blog\/wp-content\/uploads\/2016\/10\/Goldener-Pegasus-300x200.png 300w, https:\/\/www.medewo.com\/blog\/wp-content\/uploads\/2016\/10\/Goldener-Pegasus-1024x683.png 1024w, https:\/\/www.medewo.com\/blog\/wp-content\/uploads\/2016\/10\/Goldener-Pegasus-768x512.png 768w\" sizes=\"(max-width: 345px) 100vw, 345px\" \/><\/p>\n<p>Von der Teilzeitkraft zur F\u00fchrungskraft \u2013 so l\u00e4sst sich der Werdegang von Gabriele Handstanger am besten beschreiben. Anfang der 90er Jahre begann ihre Karriere bei dem Verpackungsspezialisten, 2008 \u00fcbernahm sie die Gesch\u00e4ftsf\u00fchrung in \u00d6sterreich und wurde 2015 in die Gesch\u00e4ftsleitung der Schweizer MEDEWO-Gruppe berufen. F\u00fcr die Mutter zweier T\u00f6chter steht dabei fest, dass nicht nur die Unterst\u00fctzung durch ihre Familie f\u00fcr ihren Erfolg verantwortlich ist: \u00abEs braucht ein Unternehmen, das bereit ist, Frauen lebensphasengerecht zu f\u00fchren. Das heisst, in der Phase, in der Frauen zeitliche Flexibilit\u00e4t brauchen, darauf R\u00fccksicht zu nehmen und dennoch ihr Potenzial zu erkennen, ihnen Chancen zu bieten und sie bei der Weiterentwicklung zu unterst\u00fctzen.\u00bb<\/p>\n<p>Diese Wertsch\u00e4tzung sp\u00fcren wiederum auch Gabriele Handstangers Mitarbeiter. Claudia Jungwirth, selbst in f\u00fchrender Position als Verkaufsleiterin f\u00fcr Transportverpackungen in \u00d6sterreich, ist voll des Lobes f\u00fcr sie: \u00abSie f\u00fchrt nicht nur nach Zielen, sondern auch nach Werten. Man merkt, dass eine Frau am Ruder ist, das geniessen wir sehr.\u00bb<\/p>\n<h2>Eine Verdopplung des Frauenanteils<\/h2>\n<p><img decoding=\"async\" class=\"alignright wp-image-2215\" title=\"Anteil der weiblichen F\u00fchrungskr\u00e4fte bei der MEDEWO-Gruppe\" src=\"https:\/\/www.medewo.com\/blog\/wp-content\/uploads\/2016\/10\/Statistik-MEDEWO.png\" alt=\"Beim Verpackungsspezialist MEDEWO hat sich der Anteil weiblicher F\u00fchrungskr\u00e4fte in den letzten f\u00fcnf Jahren mehr als verdoppelt\" width=\"345\" height=\"199\" srcset=\"https:\/\/www.medewo.com\/blog\/wp-content\/uploads\/2016\/10\/Statistik-MEDEWO.png 1187w, https:\/\/www.medewo.com\/blog\/wp-content\/uploads\/2016\/10\/Statistik-MEDEWO-300x173.png 300w, https:\/\/www.medewo.com\/blog\/wp-content\/uploads\/2016\/10\/Statistik-MEDEWO-1024x590.png 1024w, https:\/\/www.medewo.com\/blog\/wp-content\/uploads\/2016\/10\/Statistik-MEDEWO-768x443.png 768w\" sizes=\"(max-width: 345px) 100vw, 345px\" \/><\/p>\n<p>Dass dies bei MEDEWO auch ohne die oft diskutierte Frauenquote der Fall ist, zeigt ein Blick in die Statistik: Der Anteil weiblicher F\u00fchrungskr\u00e4fte hat sich in der Firmengruppe innerhalb der letzten f\u00fcnf Jahre von 14 auf 30 Prozent mehr als verdoppelt. Eine positive Entwicklung f\u00fcr eine technisch gepr\u00e4gte Dom\u00e4ne! Neben den drei m\u00e4nnlichen Verwaltungsr\u00e4ten hat das international t\u00e4tige Unternehmen mit Rita Schett auch eine Dame in der obersten Etage sitzen. Dies zieht sich durch alle Abteilungen. Von der Gesch\u00e4ftsf\u00fchrung, \u00fcber den Verkauf, das Personalwesen bis hin zum Marketing sind Frauen in F\u00fchrungspositionen vertreten. Einzige Ausnahme: Das m\u00e4nnlich gepr\u00e4gte Lager. Aber auch hier k\u00fcndigt sich ein kleiner Umbruch an. So hat dieses Jahr, bei der \u00f6sterreichischen Gesellschaft in Wallern, die erste Anw\u00e4rterin zur Betriebslogistikkauffrau ihre Ausbildung aufgenommen. Und wer weiss, wo ihre Karriere noch hinf\u00fchrt \u2026<\/p>\n<p>Jutta Uecker, Vertriebsleiterin von MEDEWO Deutschland, sieht den Erfolg der Verpackungsspezialistinnen aber nicht in einer speziellen F\u00f6rderung von Frauen: \u00abBei MEDEWO wird weder nach Geschlecht, noch nach Alter entschieden, sondern nach Leistung.\u00bb Einige Kunden bevorzugen die Beratung durch eine Frau, gerade wenn es nicht nur um die Funktionalit\u00e4t, sondern auch um die Optik der Verpackung geht. \u00abDas Wichtigste f\u00fcr uns ist es, dem Kunden zuzuh\u00f6ren \u2013 und das k\u00f6nnen Frauen oft besser als M\u00e4nner\u00bb, verr\u00e4t uns Jutta Uecker schmunzelnd.<\/p>\n<p>Unterst\u00fctzt werden die fachkundigen Mitarbeiter bei MEDEWO, wenn es um die Vereinbarkeit von Familie und Beruf geht. Die Schweizer L\u00e4ndergesellschaft verdoppelt beispielsweise die Kinderzulage. Eine freiwillige Leistung, die direkt dem Partner zugutekommt, der beruflich zur\u00fccksteckt und sich um das Kind k\u00fcmmert.<\/p>\n<p>Kehrt die Mitarbeiterin nach dem Mutterschutz zur\u00fcck zu MEDEWO, zeigt sich das Familienunternehmen offen f\u00fcr flexible Arbeitszeitmodelle, wie Gabriele Handstanger erkl\u00e4rt: \u00abWir haben sehr viele Frauen in Elternteilzeit, die dann zuerst mit 20 Wochenstunden beginnen oder sogar darunter und dann \u2013 je nach M\u00f6glichkeiten der Kinderbetreuung \u2013 die Arbeitszeit erh\u00f6hen. Das hat sich sehr bew\u00e4hrt.\u00bb<\/p>\n<p><img decoding=\"async\" class=\"alignleft wp-image-2229 size-medium\" title=\"Jutta Uecker, Vertriebsleiterin bei MEDEWO Deutschland\" src=\"https:\/\/www.medewo.com\/blog\/wp-content\/uploads\/2016\/10\/MEDEWO-Jutta-Uecker-200x300.png\" alt=\"Jutta Uecker ist \u00fcberzeugt: \u00abBei MEDEWO wird weder nach Geschlecht, noch nach Alter entschieden, sondern nach Leistung.\u00bb \" width=\"167\" height=\"250\" srcset=\"https:\/\/www.medewo.com\/blog\/wp-content\/uploads\/2016\/10\/MEDEWO-Jutta-Uecker-200x300.png 200w, https:\/\/www.medewo.com\/blog\/wp-content\/uploads\/2016\/10\/MEDEWO-Jutta-Uecker-683x1024.png 683w, https:\/\/www.medewo.com\/blog\/wp-content\/uploads\/2016\/10\/MEDEWO-Jutta-Uecker-768x1152.png 768w, https:\/\/www.medewo.com\/blog\/wp-content\/uploads\/2016\/10\/MEDEWO-Jutta-Uecker.png 1000w\" sizes=\"(max-width: 167px) 100vw, 167px\" \/><\/p>\n<p>Es ist aber in erster Linie die Pers\u00f6nlichkeit, die f\u00fcr die \u00abMEDEWO-Damen\u00bb einen guten Chef ausmacht. Hier k\u00f6nnen weibliche Vorgesetzte punkten, meint Jutta Uecker: \u00abFrauen streben weniger nach Macht. Sie sp\u00fcren Stimmungen besser und k\u00f6nnen Differenzen im Team leichter ansprechen.\u00bb Evelyne Faber, Leiterin der Kommunikationsentwicklung in der MEDEWO-Gruppe, sieht das \u00e4hnlich: \u00abWeibliche F\u00fchrungskr\u00e4fte setzen weniger auf eine Ellenbogenmentalit\u00e4t, sondern \u00fcberzeugen durch Teamf\u00e4higkeit und Leistung. H\u00e4ufig bewahrheitet sich auch das alte Vorurteil, dass sie multitaskingf\u00e4higer sind.\u00bb<\/p>\n<h2>Erfahrung weitergeben und gemeinsam Erfolge feiern<\/h2>\n<p>Den F\u00fchrungsstil von Evelyne Faber nachhaltig gepr\u00e4gt hat die Geburt ihres Sohnes vor zwei Jahren. \u00abAls Mutter habe ich viel dazugelernt, was Teamf\u00fchrung betrifft.\u00bb So k\u00f6nne man auch durchaus das Heranwachsen eines Kindes mit dem F\u00fchren eines Mitarbeiters vergleichen: \u00abMan begleitet sie beim Lernen, m\u00f6chte m\u00f6glichst viel Erfahrung weitergeben und ist stolz wenn sie Erfolge feiern.\u00bb Dass die Mutterschaft die 37-j\u00e4hrige zu einer noch besseren Chefin gemacht hat, best\u00e4tigt auch das Team, das immer zu ihr kommen kann. \u00abSie ist zum Beispiel viel gelassener geworden\u00bb, verr\u00e4t eine Mitarbeiterin.<\/p>\n<p>Auch im <a title=\"Das Leitbild der MEDEWO-Gruppe\" href=\"https:\/\/www.medewo.com\/ch-de\/ueber-uns\/medewo-leitbild\">Leitbild<\/a> des Unternehmens heisst es: \u00abWir erleben unsere Vorgesetzen als Vorbilder, die sich wertsch\u00e4tzend verhalten und hinter uns stehen\u00bb. Gerade wegen dieser Firmenphilosophie kann sie ihren F\u00fchrungsstil umsetzen, ist Evelyne Faber \u00fcberzeugt. W\u00e4hrend manche Studien belegen, dass sich Frauen in F\u00fchrungspositionen bisher an M\u00e4nner anpassten, sieht sie bei MEDEDWO eher das Gegenteil. \u00abFr\u00fcher pflegten Vorgesetzte oft einen patriarchalischen Stil. Heute sind bei ihnen immer mehr \u2039typisch weibliche Eigenschaften\u203a gefragt. Ich glaube, dass sich M\u00e4nner jetzt bis zu einem gewissen Grad daran anpassen m\u00fcssen. Dass meine m\u00e4nnlichen Kollegen diese Wesensz\u00fcge mitbringen ist sicher einer der Erfolgsfaktoren unserer F\u00fchrungskultur.\u00bb<\/p>\n<p>Voneinander lernen sowie sich gegenseitig unterst\u00fctzen und respektieren, egal ob Mann oder Frau, ist es schliesslich, was das gemeinsame Arbeiten bei MEDEWO auszeichnet.<\/p>\n<p style=\"text-align: right;\"><em>Bildnachweis Goldener Pegasus: \u00a9 Cityfoto<\/em><\/p>\n","protected":false},"excerpt":{"rendered":"<p>Eine gro\u00dfe Ehre f\u00fcr MEDEWO: Gabriele Handstanger, Gesch\u00e4ftsf\u00fchrerin der \u00f6sterreichischen Gesellschaft, hat im Juni 2016 den Goldenen Pegasus f\u00fcr Frauen in F\u00fchrungspositionen gewonnen. Doch sie ist nicht die einzige starke Frau, die das Geschick der Unternehmensgruppe lenkt.<\/p>\n","protected":false},"author":1,"featured_media":11296,"comment_status":"open","ping_status":"open","sticky":false,"template":"","format":"standard","meta":{"pgc_sgb_lightbox_settings":"","footnotes":""},"categories":[1318],"tags":[],"m2-product-id":[],"class_list":["post-16498","post","type-post","status-publish","format-standard","has-post-thumbnail","hentry","category-unternehmensnews","category-1318","description-off"],"yoast_head":"<!-- This site is optimized with the Yoast SEO plugin v26.8 - https:\/\/yoast.com\/product\/yoast-seo-wordpress\/ -->\n<title>Frauenpower bei MEDEWO - MEDEWO Verpackungen<\/title>\n<meta name=\"robots\" content=\"index, follow, max-snippet:-1, max-image-preview:large, max-video-preview:-1\" \/>\n<link rel=\"canonical\" href=\"https:\/\/www.medewo.com\/blog\/ch-de\/unternehmensnews\/frauenpower-bei-medewo\/\" \/>\n<meta property=\"og:locale\" content=\"de_DE\" \/>\n<meta property=\"og:type\" content=\"article\" \/>\n<meta property=\"og:title\" content=\"Frauenpower bei MEDEWO - MEDEWO Verpackungen\" \/>\n<meta property=\"og:description\" content=\"Eine gro\u00dfe Ehre f\u00fcr MEDEWO: Gabriele Handstanger, Gesch\u00e4ftsf\u00fchrerin der \u00f6sterreichischen Gesellschaft, hat im Juni 2016 den Goldenen Pegasus f\u00fcr Frauen in F\u00fchrungspositionen gewonnen. Doch sie ist nicht die einzige starke Frau, die das Geschick der Unternehmensgruppe lenkt.\" \/>\n<meta property=\"og:url\" content=\"https:\/\/www.medewo.com\/blog\/ch-de\/unternehmensnews\/frauenpower-bei-medewo\/\" \/>\n<meta property=\"og:site_name\" content=\"MEDEWO Verpackungen\" \/>\n<meta property=\"article:published_time\" content=\"2016-10-03T22:00:00+00:00\" \/>\n<meta property=\"article:modified_time\" content=\"2024-07-23T06:25:36+00:00\" \/>\n<meta property=\"og:image\" content=\"https:\/\/www.medewo.com\/blog\/wp-content\/uploads\/2016\/10\/Frauen-F\u00fchrungspositionen-Titel.png\" \/>\n\t<meta property=\"og:image:width\" content=\"1500\" \/>\n\t<meta property=\"og:image:height\" content=\"1000\" \/>\n\t<meta property=\"og:image:type\" content=\"image\/png\" \/>\n<meta name=\"author\" content=\"admin\" \/>\n<meta name=\"twitter:card\" content=\"summary_large_image\" \/>\n<meta name=\"twitter:label1\" content=\"Geschrieben von\" \/>\n\t<meta name=\"twitter:data1\" content=\"admin\" \/>\n\t<meta name=\"twitter:label2\" content=\"Gesch\u00e4tzte Lesezeit\" \/>\n\t<meta name=\"twitter:data2\" content=\"6\u00a0Minuten\" \/>\n<script type=\"application\/ld+json\" class=\"yoast-schema-graph\">{\"@context\":\"https:\/\/schema.org\",\"@graph\":[{\"@type\":\"Article\",\"@id\":\"https:\/\/www.medewo.com\/blog\/ch-de\/unternehmensnews\/frauenpower-bei-medewo\/#article\",\"isPartOf\":{\"@id\":\"https:\/\/www.medewo.com\/blog\/ch-de\/unternehmensnews\/frauenpower-bei-medewo\/\"},\"author\":{\"name\":\"admin\",\"@id\":\"https:\/\/www.medewo.com\/blog\/ch-de\/#\/schema\/person\/84e17ff7dbd20461267b403e9de6651a\"},\"headline\":\"Frauenpower bei MEDEWO\",\"datePublished\":\"2016-10-03T22:00:00+00:00\",\"dateModified\":\"2024-07-23T06:25:36+00:00\",\"mainEntityOfPage\":{\"@id\":\"https:\/\/www.medewo.com\/blog\/ch-de\/unternehmensnews\/frauenpower-bei-medewo\/\"},\"wordCount\":926,\"commentCount\":0,\"publisher\":{\"@id\":\"https:\/\/www.medewo.com\/blog\/ch-de\/#organization\"},\"image\":{\"@id\":\"https:\/\/www.medewo.com\/blog\/ch-de\/unternehmensnews\/frauenpower-bei-medewo\/#primaryimage\"},\"thumbnailUrl\":\"https:\/\/www.medewo.com\/blog\/wp-content\/uploads\/2016\/10\/Frauen-F\u00fchrungspositionen-Titel.png\",\"articleSection\":[\"Unternehmensnews\"],\"inLanguage\":\"de-CH\",\"potentialAction\":[{\"@type\":\"CommentAction\",\"name\":\"Comment\",\"target\":[\"https:\/\/www.medewo.com\/blog\/ch-de\/unternehmensnews\/frauenpower-bei-medewo\/#respond\"]}]},{\"@type\":\"WebPage\",\"@id\":\"https:\/\/www.medewo.com\/blog\/ch-de\/unternehmensnews\/frauenpower-bei-medewo\/\",\"url\":\"https:\/\/www.medewo.com\/blog\/ch-de\/unternehmensnews\/frauenpower-bei-medewo\/\",\"name\":\"Frauenpower bei MEDEWO - MEDEWO Verpackungen\",\"isPartOf\":{\"@id\":\"https:\/\/www.medewo.com\/blog\/ch-de\/#website\"},\"primaryImageOfPage\":{\"@id\":\"https:\/\/www.medewo.com\/blog\/ch-de\/unternehmensnews\/frauenpower-bei-medewo\/#primaryimage\"},\"image\":{\"@id\":\"https:\/\/www.medewo.com\/blog\/ch-de\/unternehmensnews\/frauenpower-bei-medewo\/#primaryimage\"},\"thumbnailUrl\":\"https:\/\/www.medewo.com\/blog\/wp-content\/uploads\/2016\/10\/Frauen-F\u00fchrungspositionen-Titel.png\",\"datePublished\":\"2016-10-03T22:00:00+00:00\",\"dateModified\":\"2024-07-23T06:25:36+00:00\",\"breadcrumb\":{\"@id\":\"https:\/\/www.medewo.com\/blog\/ch-de\/unternehmensnews\/frauenpower-bei-medewo\/#breadcrumb\"},\"inLanguage\":\"de-CH\",\"potentialAction\":[{\"@type\":\"ReadAction\",\"target\":[\"https:\/\/www.medewo.com\/blog\/ch-de\/unternehmensnews\/frauenpower-bei-medewo\/\"]}]},{\"@type\":\"ImageObject\",\"inLanguage\":\"de-CH\",\"@id\":\"https:\/\/www.medewo.com\/blog\/ch-de\/unternehmensnews\/frauenpower-bei-medewo\/#primaryimage\",\"url\":\"https:\/\/www.medewo.com\/blog\/wp-content\/uploads\/2016\/10\/Frauen-F\u00fchrungspositionen-Titel.png\",\"contentUrl\":\"https:\/\/www.medewo.com\/blog\/wp-content\/uploads\/2016\/10\/Frauen-F\u00fchrungspositionen-Titel.png\",\"width\":1500,\"height\":1000},{\"@type\":\"BreadcrumbList\",\"@id\":\"https:\/\/www.medewo.com\/blog\/ch-de\/unternehmensnews\/frauenpower-bei-medewo\/#breadcrumb\",\"itemListElement\":[{\"@type\":\"ListItem\",\"position\":1,\"name\":\"Startseite\",\"item\":\"https:\/\/www.medewo.com\/blog\/ch-de\/\"},{\"@type\":\"ListItem\",\"position\":2,\"name\":\"Frauenpower bei MEDEWO\"}]},{\"@type\":\"WebSite\",\"@id\":\"https:\/\/www.medewo.com\/blog\/ch-de\/#website\",\"url\":\"https:\/\/www.medewo.com\/blog\/ch-de\/\",\"name\":\"MEDEWO Verpackungen\",\"description\":\"News\",\"publisher\":{\"@id\":\"https:\/\/www.medewo.com\/blog\/ch-de\/#organization\"},\"potentialAction\":[{\"@type\":\"SearchAction\",\"target\":{\"@type\":\"EntryPoint\",\"urlTemplate\":\"https:\/\/www.medewo.com\/blog\/ch-de\/?s={search_term_string}\"},\"query-input\":{\"@type\":\"PropertyValueSpecification\",\"valueRequired\":true,\"valueName\":\"search_term_string\"}}],\"inLanguage\":\"de-CH\"},{\"@type\":\"Organization\",\"@id\":\"https:\/\/www.medewo.com\/blog\/ch-de\/#organization\",\"name\":\"MEDEWO\",\"url\":\"https:\/\/www.medewo.com\/blog\/ch-de\/\",\"logo\":{\"@type\":\"ImageObject\",\"inLanguage\":\"de-CH\",\"@id\":\"https:\/\/www.medewo.com\/blog\/ch-de\/#\/schema\/logo\/image\/\",\"url\":\"https:\/\/www.medewo.com\/blog\/wp-content\/uploads\/2022\/03\/medewo-logo-claim-quer-2.png\",\"contentUrl\":\"https:\/\/www.medewo.com\/blog\/wp-content\/uploads\/2022\/03\/medewo-logo-claim-quer-2.png\",\"width\":350,\"height\":63,\"caption\":\"MEDEWO\"},\"image\":{\"@id\":\"https:\/\/www.medewo.com\/blog\/ch-de\/#\/schema\/logo\/image\/\"}},{\"@type\":\"Person\",\"@id\":\"https:\/\/www.medewo.com\/blog\/ch-de\/#\/schema\/person\/84e17ff7dbd20461267b403e9de6651a\",\"name\":\"admin\",\"image\":{\"@type\":\"ImageObject\",\"inLanguage\":\"de-CH\",\"@id\":\"https:\/\/www.medewo.com\/blog\/ch-de\/#\/schema\/person\/image\/\",\"url\":\"https:\/\/secure.gravatar.com\/avatar\/db2d5032d48e0c5ea69810e41539f6f14a63a77bccab5e2b2c7ed6f1712f7e3f?s=96&d=blank&r=g\",\"contentUrl\":\"https:\/\/secure.gravatar.com\/avatar\/db2d5032d48e0c5ea69810e41539f6f14a63a77bccab5e2b2c7ed6f1712f7e3f?s=96&d=blank&r=g\",\"caption\":\"admin\"}}]}<\/script>\n<!-- \/ Yoast SEO plugin. -->","yoast_head_json":{"title":"Frauenpower bei MEDEWO - MEDEWO Verpackungen","robots":{"index":"index","follow":"follow","max-snippet":"max-snippet:-1","max-image-preview":"max-image-preview:large","max-video-preview":"max-video-preview:-1"},"canonical":"https:\/\/www.medewo.com\/blog\/ch-de\/unternehmensnews\/frauenpower-bei-medewo\/","og_locale":"de_DE","og_type":"article","og_title":"Frauenpower bei MEDEWO - MEDEWO Verpackungen","og_description":"Eine gro\u00dfe Ehre f\u00fcr MEDEWO: Gabriele Handstanger, Gesch\u00e4ftsf\u00fchrerin der \u00f6sterreichischen Gesellschaft, hat im Juni 2016 den Goldenen Pegasus f\u00fcr Frauen in F\u00fchrungspositionen gewonnen. Doch sie ist nicht die einzige starke Frau, die das Geschick der Unternehmensgruppe lenkt.","og_url":"https:\/\/www.medewo.com\/blog\/ch-de\/unternehmensnews\/frauenpower-bei-medewo\/","og_site_name":"MEDEWO Verpackungen","article_published_time":"2016-10-03T22:00:00+00:00","article_modified_time":"2024-07-23T06:25:36+00:00","og_image":[{"width":1500,"height":1000,"url":"https:\/\/www.medewo.com\/blog\/wp-content\/uploads\/2016\/10\/Frauen-F\u00fchrungspositionen-Titel.png","type":"image\/png"}],"author":"admin","twitter_card":"summary_large_image","twitter_misc":{"Geschrieben von":"admin","Gesch\u00e4tzte Lesezeit":"6\u00a0Minuten"},"schema":{"@context":"https:\/\/schema.org","@graph":[{"@type":"Article","@id":"https:\/\/www.medewo.com\/blog\/ch-de\/unternehmensnews\/frauenpower-bei-medewo\/#article","isPartOf":{"@id":"https:\/\/www.medewo.com\/blog\/ch-de\/unternehmensnews\/frauenpower-bei-medewo\/"},"author":{"name":"admin","@id":"https:\/\/www.medewo.com\/blog\/ch-de\/#\/schema\/person\/84e17ff7dbd20461267b403e9de6651a"},"headline":"Frauenpower bei MEDEWO","datePublished":"2016-10-03T22:00:00+00:00","dateModified":"2024-07-23T06:25:36+00:00","mainEntityOfPage":{"@id":"https:\/\/www.medewo.com\/blog\/ch-de\/unternehmensnews\/frauenpower-bei-medewo\/"},"wordCount":926,"commentCount":0,"publisher":{"@id":"https:\/\/www.medewo.com\/blog\/ch-de\/#organization"},"image":{"@id":"https:\/\/www.medewo.com\/blog\/ch-de\/unternehmensnews\/frauenpower-bei-medewo\/#primaryimage"},"thumbnailUrl":"https:\/\/www.medewo.com\/blog\/wp-content\/uploads\/2016\/10\/Frauen-F\u00fchrungspositionen-Titel.png","articleSection":["Unternehmensnews"],"inLanguage":"de-CH","potentialAction":[{"@type":"CommentAction","name":"Comment","target":["https:\/\/www.medewo.com\/blog\/ch-de\/unternehmensnews\/frauenpower-bei-medewo\/#respond"]}]},{"@type":"WebPage","@id":"https:\/\/www.medewo.com\/blog\/ch-de\/unternehmensnews\/frauenpower-bei-medewo\/","url":"https:\/\/www.medewo.com\/blog\/ch-de\/unternehmensnews\/frauenpower-bei-medewo\/","name":"Frauenpower bei MEDEWO - MEDEWO Verpackungen","isPartOf":{"@id":"https:\/\/www.medewo.com\/blog\/ch-de\/#website"},"primaryImageOfPage":{"@id":"https:\/\/www.medewo.com\/blog\/ch-de\/unternehmensnews\/frauenpower-bei-medewo\/#primaryimage"},"image":{"@id":"https:\/\/www.medewo.com\/blog\/ch-de\/unternehmensnews\/frauenpower-bei-medewo\/#primaryimage"},"thumbnailUrl":"https:\/\/www.medewo.com\/blog\/wp-content\/uploads\/2016\/10\/Frauen-F\u00fchrungspositionen-Titel.png","datePublished":"2016-10-03T22:00:00+00:00","dateModified":"2024-07-23T06:25:36+00:00","breadcrumb":{"@id":"https:\/\/www.medewo.com\/blog\/ch-de\/unternehmensnews\/frauenpower-bei-medewo\/#breadcrumb"},"inLanguage":"de-CH","potentialAction":[{"@type":"ReadAction","target":["https:\/\/www.medewo.com\/blog\/ch-de\/unternehmensnews\/frauenpower-bei-medewo\/"]}]},{"@type":"ImageObject","inLanguage":"de-CH","@id":"https:\/\/www.medewo.com\/blog\/ch-de\/unternehmensnews\/frauenpower-bei-medewo\/#primaryimage","url":"https:\/\/www.medewo.com\/blog\/wp-content\/uploads\/2016\/10\/Frauen-F\u00fchrungspositionen-Titel.png","contentUrl":"https:\/\/www.medewo.com\/blog\/wp-content\/uploads\/2016\/10\/Frauen-F\u00fchrungspositionen-Titel.png","width":1500,"height":1000},{"@type":"BreadcrumbList","@id":"https:\/\/www.medewo.com\/blog\/ch-de\/unternehmensnews\/frauenpower-bei-medewo\/#breadcrumb","itemListElement":[{"@type":"ListItem","position":1,"name":"Startseite","item":"https:\/\/www.medewo.com\/blog\/ch-de\/"},{"@type":"ListItem","position":2,"name":"Frauenpower bei MEDEWO"}]},{"@type":"WebSite","@id":"https:\/\/www.medewo.com\/blog\/ch-de\/#website","url":"https:\/\/www.medewo.com\/blog\/ch-de\/","name":"MEDEWO Verpackungen","description":"News","publisher":{"@id":"https:\/\/www.medewo.com\/blog\/ch-de\/#organization"},"potentialAction":[{"@type":"SearchAction","target":{"@type":"EntryPoint","urlTemplate":"https:\/\/www.medewo.com\/blog\/ch-de\/?s={search_term_string}"},"query-input":{"@type":"PropertyValueSpecification","valueRequired":true,"valueName":"search_term_string"}}],"inLanguage":"de-CH"},{"@type":"Organization","@id":"https:\/\/www.medewo.com\/blog\/ch-de\/#organization","name":"MEDEWO","url":"https:\/\/www.medewo.com\/blog\/ch-de\/","logo":{"@type":"ImageObject","inLanguage":"de-CH","@id":"https:\/\/www.medewo.com\/blog\/ch-de\/#\/schema\/logo\/image\/","url":"https:\/\/www.medewo.com\/blog\/wp-content\/uploads\/2022\/03\/medewo-logo-claim-quer-2.png","contentUrl":"https:\/\/www.medewo.com\/blog\/wp-content\/uploads\/2022\/03\/medewo-logo-claim-quer-2.png","width":350,"height":63,"caption":"MEDEWO"},"image":{"@id":"https:\/\/www.medewo.com\/blog\/ch-de\/#\/schema\/logo\/image\/"}},{"@type":"Person","@id":"https:\/\/www.medewo.com\/blog\/ch-de\/#\/schema\/person\/84e17ff7dbd20461267b403e9de6651a","name":"admin","image":{"@type":"ImageObject","inLanguage":"de-CH","@id":"https:\/\/www.medewo.com\/blog\/ch-de\/#\/schema\/person\/image\/","url":"https:\/\/secure.gravatar.com\/avatar\/db2d5032d48e0c5ea69810e41539f6f14a63a77bccab5e2b2c7ed6f1712f7e3f?s=96&d=blank&r=g","contentUrl":"https:\/\/secure.gravatar.com\/avatar\/db2d5032d48e0c5ea69810e41539f6f14a63a77bccab5e2b2c7ed6f1712f7e3f?s=96&d=blank&r=g","caption":"admin"}}]}},"magento_index":false,"_links":{"self":[{"href":"https:\/\/www.medewo.com\/blog\/ch-de\/wp-json\/wp\/v2\/posts\/16498","targetHints":{"allow":["GET"]}}],"collection":[{"href":"https:\/\/www.medewo.com\/blog\/ch-de\/wp-json\/wp\/v2\/posts"}],"about":[{"href":"https:\/\/www.medewo.com\/blog\/ch-de\/wp-json\/wp\/v2\/types\/post"}],"author":[{"embeddable":true,"href":"https:\/\/www.medewo.com\/blog\/ch-de\/wp-json\/wp\/v2\/users\/1"}],"replies":[{"embeddable":true,"href":"https:\/\/www.medewo.com\/blog\/ch-de\/wp-json\/wp\/v2\/comments?post=16498"}],"version-history":[{"count":6,"href":"https:\/\/www.medewo.com\/blog\/ch-de\/wp-json\/wp\/v2\/posts\/16498\/revisions"}],"predecessor-version":[{"id":33397,"href":"https:\/\/www.medewo.com\/blog\/ch-de\/wp-json\/wp\/v2\/posts\/16498\/revisions\/33397"}],"wp:featuredmedia":[{"embeddable":true,"href":"https:\/\/www.medewo.com\/blog\/ch-de\/wp-json\/wp\/v2\/media\/11296"}],"wp:attachment":[{"href":"https:\/\/www.medewo.com\/blog\/ch-de\/wp-json\/wp\/v2\/media?parent=16498"}],"wp:term":[{"taxonomy":"category","embeddable":true,"href":"https:\/\/www.medewo.com\/blog\/ch-de\/wp-json\/wp\/v2\/categories?post=16498"},{"taxonomy":"post_tag","embeddable":true,"href":"https:\/\/www.medewo.com\/blog\/ch-de\/wp-json\/wp\/v2\/tags?post=16498"},{"taxonomy":"m2-product-id","embeddable":true,"href":"https:\/\/www.medewo.com\/blog\/ch-de\/wp-json\/wp\/v2\/m2-product-id?post=16498"}],"curies":[{"name":"wp","href":"https:\/\/api.w.org\/{rel}","templated":true}]}}