{"id":16491,"date":"2017-01-02T00:00:00","date_gmt":"2017-01-01T23:00:00","guid":{"rendered":"https:\/\/www.medewo.com\/blog\/uncategorized-ch-de\/verpackungen-das-sind-die-trends-2017\/"},"modified":"2024-07-23T08:36:48","modified_gmt":"2024-07-23T06:36:48","slug":"verpackungen-das-sind-die-trends-2017","status":"publish","type":"post","link":"https:\/\/www.medewo.com\/blog\/ch-de\/loesungen\/verpackungen-das-sind-die-trends-2017\/","title":{"rendered":"Verpackungen: Das sind die Trends 2017"},"content":{"rendered":"<p><strong>2017 steht in den Startl\u00f6chern. Welche Themen werden in diesem Jahr die\u00a0 Verpackungsbranche besch\u00e4ftigen? Wir haben f\u00fcnf Experten von MEDEWO nach ihrer pers\u00f6nlichen Prognose gefragt.<\/strong><\/p>\n<h2>1) Umwelt schonen<\/h2>\n<p><em>Jutta Uecker, Vertriebsleiterin MEDEWO Deutschland<\/em><\/p>\n<p><img decoding=\"async\" class=\"alignleft wp-image-2485\" title=\"Nachhaltige Verpackungen werden immer beliebter\" src=\"https:\/\/www.medewo.com\/blog\/wp-content\/uploads\/Trends-2017-Nachhaltigkeit-375x250.png\" alt=\"Nachhaltige Verpackungen werden immer beliebter\" width=\"345\" height=\"230\" \/>Das Bewusstsein f\u00fcr Umweltschutz und Nachhaltigkeit steigt in der Verpackungsbrache und wird uns auch 2017 besch\u00e4ftigen. Es wird verst\u00e4rkt darauf geachtet, aus welchem Material die Produkte sind. Ist beispielsweise das F\u00fcllmaterial biologisch abbaubar? Ist der Karton PEFC- oder FSC<sup>\u00ae<\/sup>-zertifiziert und stammt somit das daf\u00fcr verwendete Holz aus einem nachhaltig bewirtschafteten Forstbetrieb? Kann ich die Verpackung \u2013 sei sie aus Kunststoff oder Kartonage \u2013 mehrfach verwenden?<\/p>\n<p>Zum einen tragen Unternehmen damit dazu bei, die Ressourcen unseres Planeten zu schonen. Daher hat sich auch MEDEWO 2015 dazu entschlossen, sich <a title=\"Nachhaltigkeit bei MEDEWO\" href=\"https:\/\/www.medewo.com\/ch\/fsc-pefc-zertifizierung\">PEFC- bzw. FSC-zertifizieren<\/a> zu lassen. Zum anderen werten sie ihre eigenen Produkte auf und bieten einen Mehrwert f\u00fcr ihre Kunden. Schlie\u00dflich achten auch viele Verbraucher auf Nachhaltigkeit. Seine Ware in Papier \u2013 statt Kunststoffbeuteln \u2013 zu verpacken, vermittelt dem potentiellen K\u00e4ufer auf den ersten Blick den \u00f6kologischen Charakter des Produkts. Das ist sehr gefragt!<\/p>\n<h2>2) Individuell gestalten<\/h2>\n<p><em>Peter Siegel, Verkaufsleiter Transportverpackungen MEDEWO Schweiz<\/em><\/p>\n<p><img decoding=\"async\" class=\"alignright wp-image-2487\" title=\"Eine einheitliche Verpackung st\u00e4rkt die eigene Marke\" src=\"https:\/\/www.medewo.com\/blog\/wp-content\/uploads\/Trends-2017-Individuelle-Verpackungen-375x250.png\" alt=\"Eine einheitliche Verpackung st\u00e4rkt die eigene Marke\" width=\"345\" height=\"230\" \/>Beim Verpacken setzen immer mehr Firmen auf <a title=\"Individuelle Verpackungen von MEDEWO\" href=\"https:\/\/www.medewo.com\/ch\/individuelle-verpackungen\/\">individuelle L\u00f6sungen<\/a>. Das wird auch im kommenden Jahr ein wichtiges Thema sein. Egal ob Klebeband, Beutel oder Dokumentenh\u00fcllen \u2013 bedruckt mit dem eigenen Logo erregen sie Aufmerksamkeit und die Firma bleibt beim Kunden im Ged\u00e4chtnis. Immer beliebter werden auch farbige Faltschachteln. Der Karton ist oft das erste, was der Kunde sieht. Mit einem auff\u00e4lligen Design k\u00f6nnen Unternehmen somit beim ersten Eindruck gleich \u00fcberzeugen.<\/p>\n<p>Wer sich f\u00fcr eine individuelle Verpackung entscheidet, profitiert zudem von einer optimalen Umh\u00fcllung. Die Ma\u00dfe und Formen k\u00f6nnen Firmen genau auf die Ware anpassen. So ist das Produkt sicher und ansprechend verpackt, was Ihren Qualit\u00e4tsanspruch unterstreicht und dem Kunden beim Auspacken ein positives Einkaufserlebnis verschafft.<\/p>\n<h2>3) Klar und ungewohnt designen<\/h2>\n<p><em>Thilo Simon, Strategischer Eink\u00e4ufer<\/em><\/p>\n<p><img decoding=\"async\" class=\"alignleft wp-image-2488\" title=\"Ein klares Design \u2013 so sieht die Verpackung im Jahr 2017 aus\" src=\"https:\/\/www.medewo.com\/blog\/wp-content\/uploads\/Trends-2017-Design-375x250.png\" alt=\"Ein klares Design \u2013 so sieht die Verpackung im Jahr 2017 aus\" width=\"345\" height=\"230\" \/>In meinen Augen w\u00e4chst vor allem das Bewusstsein, mit einer ansprechenden Verpackung am Point of Sale zu \u00fcberzeugen. Sie ist ein entscheidendes Marketinginstrument! Wie ich mein Produkt haptisch und visuell pr\u00e4sentiere, bewirkt einiges beim Kunden. Hier gibt es mehrere Ansatzpunkte.<\/p>\n<p>Bei uns geht der Trend zu klaren Designs. Ohne viel \u00abSchnickschnack\u00bb vermitteln sie Authentizit\u00e4t und Qualit\u00e4t. Auf der anderen Seite greifen Firmen zu ungew\u00f6hnlichen Verpackungen. So finden sich zum Beispiel Flaschen aus Holz inzwischen auf dem Markt. Mit einer au\u00dfergew\u00f6hnlichen Idee l\u00e4sst sich einiges bewirken. Die Verpackung kann dabei individuell gestaltet sein oder auch \u2013 kreativ eingesetzt \u2013 ein Standardartikel sein, den wir bei MEDEWO innerhalb von 24 Stunden liefern. In beiden F\u00e4llen kann sie zu einem echten Hingucker werden!<\/p>\n<h2>4) Komfortabel verpacken<\/h2>\n<p><em>Roger Werndli, Produktmanager Transportverpackung<\/em><\/p>\n<p>Bequem, zweckm\u00e4\u00dfig und zeitsparend \u2013 so m\u00fcssen Verpackungen 2017 sein. Das Thema Convenience ist in aller Munde. Versandkartons etwa \u2013 mit ihrer scheinbar einfachen Konstruktion \u2013 bieten zahlreiche Optimierungsm\u00f6glichkeiten. Mit einem Blitzboden sind sie rasch aufgerichtet oder mit einem Selbstklebestreifen schnell verschlossen. Eine entsprechende Rillung sorgt daf\u00fcr, dass die H\u00f6he der Schachtel individuell auf die Ware angepasst werden kann.<\/p>\n<p><img decoding=\"async\" class=\"alignleft wp-image-2489\" title=\"Verpackungen m\u00fcssen einfach zu handhaben sein\" src=\"https:\/\/www.medewo.com\/blog\/wp-content\/uploads\/Trends-2017-Convenience-450x99.png\" alt=\"Verpackungen m\u00fcssen einfach zu handhaben sein\" width=\"690\" height=\"152\" \/><\/p>\n<p>Aber nicht nur der Absender profitiert von Convenience Verpackungen. Auch beim Empf\u00e4nger k\u00f6nnen Firmen damit punkten und den Kunden an sich binden. Kann die Schachtel oder die Versandtasche dank Aufrei\u00dfhilfe schnell und sauber ge\u00f6ffnet werden, freut sich der K\u00e4ufer und bestellt gerne wieder. Ein anderes Beispiel ist unsere Folien-Versandtasche <a title=\"MAILPACK-STRONG im MEDEWO-Web-Shop\" href=\"https:\/\/www.medewo.com\/ch\/mailpack-strong-folien-versandtasche-transparent\">MAILPACK STRONG<\/a>. Der Klebestreifen \u00fcbertr\u00e4gt sich von der Klappe auf die H\u00fclle und besch\u00e4digt so nicht den Inhalt beim Herausnehmen. Es sind diese Eigenschaften, mit denen Convenience Verpackungen \u00fcberzeugen k\u00f6nnen und die sie so beliebt machen.<\/p>\n<h2>5) Prozesse optimieren<\/h2>\n<p><em>Timo Stepulak, Projektleiter Transportverpackung MEDEWO Deutschland<\/em><\/p>\n<p><img decoding=\"async\" class=\"wp-image-2491 alignright\" title=\"Mit effektiven Prozessen wird Zeit und Geld gespart\" src=\"https:\/\/www.medewo.com\/blog\/wp-content\/uploads\/Trends-2017-Prozessoptimierung2-375x250.png\" alt=\"Mit effektiven Prozessen wird Zeit und Geld gespart\" width=\"345\" height=\"230\" \/>2017 steht f\u00fcr mich im Zeichen der Prozessoptimierung. Wie k\u00f6nnen Unternehmen das manuelle Verpacken verbessern, um effizienter und kosteng\u00fcnstiger zu arbeiten? Im Versand, Lager und der Logistik sind die Prozesse oft eingespielt und werden seit Jahren so gehandhabt. Es kann sich aber lohnen, diese Abl\u00e4ufe einmal zu hinterfragen. Versenden Firma beispielsweise mehr Pakete am Tag als fr\u00fcher, lohnt sich der Umstieg von einem normalen Faltkarton zu einem Karton mit Automatikboden. Auch eine Verbesserung des Arbeitsplatzes mit einem auf die Bed\u00fcrfnisse angepassten Packtisch verbessert die Abl\u00e4ufe im Versand. Im Transportbereich erm\u00f6glicht der <a title=\"Ladungstr\u00e4ger OptiLedge im MEDEWO-Web-Shop\" href=\"https:\/\/www.medewo.com\/ch\/optiledge-ladungstraeger-recycling\">Ladungstr\u00e4ger OptiLedge<sup>\u00ae<\/sup><\/a> aus extrem starken PP Einsparungen bei Gewicht, Platz und Kosten.<\/p>\n<p>Ans\u00e4tze zur Verbesserung gibt es also viele! Mit den fachkundigen <a title=\"Kontakt zu MEDEWO aufnehmen\" href=\"https:\/\/www.medewo.com\/ch\/contact\">Beratern von MEDEWO<\/a> k\u00f6nnen unsere Kunden ihre Abl\u00e4ufe analysieren und hinterfragen. Zusammen finden wir sicher eine L\u00f6sung, damit Sie 2017 noch effizienter verpacken k\u00f6nnen.<\/p>\n","protected":false},"excerpt":{"rendered":"<p>2017 steht in den Startl\u00f6chern. Welche Themen werden in diesem Jahr die\u00a0 Verpackungsbranche besch\u00e4ftigen? Wir haben f\u00fcnf Experten von MEDEWO nach ihrer pers\u00f6nlichen Prognose gefragt.<\/p>\n","protected":false},"author":1,"featured_media":11282,"comment_status":"open","ping_status":"open","sticky":false,"template":"","format":"standard","meta":{"pgc_sgb_lightbox_settings":"","footnotes":""},"categories":[1266],"tags":[4379,4381,4307,4383,4385,4387],"m2-product-id":[],"class_list":["post-16491","post","type-post","status-publish","format-standard","has-post-thumbnail","hentry","category-loesungen","tag-convenience","tag-individuelle-verpackungen","tag-nachhaltigkeit","tag-prozessoptimierung","tag-trends","tag-verpackungsdesign","category-1266","description-off"],"yoast_head":"<!-- This site is optimized with the Yoast SEO plugin v27.1.1 - https:\/\/yoast.com\/product\/yoast-seo-wordpress\/ -->\n<title>Verpackungen: Das sind die Trends 2017<\/title>\n<meta name=\"description\" content=\"Welche Themen werden 2017 die Verpackungsbranche besch\u00e4ftigen? Wir haben f\u00fcnf Experten von MEDEWO nach ihrer pers\u00f6nlichen Prognose gefragt.\" \/>\n<meta name=\"robots\" content=\"index, follow, max-snippet:-1, max-image-preview:large, max-video-preview:-1\" \/>\n<link rel=\"canonical\" href=\"https:\/\/www.medewo.com\/blog\/ch-de\/loesungen\/verpackungen-das-sind-die-trends-2017\/\" \/>\n<meta property=\"og:locale\" content=\"de_DE\" \/>\n<meta property=\"og:type\" content=\"article\" \/>\n<meta property=\"og:title\" content=\"Verpackungen: Das sind die Trends 2017\" \/>\n<meta property=\"og:description\" content=\"Welche Themen werden 2017 die Verpackungsbranche besch\u00e4ftigen? Wir haben f\u00fcnf Experten von MEDEWO nach ihrer pers\u00f6nlichen Prognose gefragt.\" \/>\n<meta property=\"og:url\" content=\"https:\/\/www.medewo.com\/blog\/ch-de\/loesungen\/verpackungen-das-sind-die-trends-2017\/\" \/>\n<meta property=\"og:site_name\" content=\"MEDEWO Verpackungen\" \/>\n<meta property=\"article:published_time\" content=\"2017-01-01T23:00:00+00:00\" \/>\n<meta property=\"article:modified_time\" content=\"2024-07-23T06:36:48+00:00\" \/>\n<meta property=\"og:image\" content=\"https:\/\/www.medewo.com\/blog\/wp-content\/uploads\/2017\/01\/Hauptbild-Trends-2017.png\" \/>\n\t<meta property=\"og:image:width\" content=\"690\" \/>\n\t<meta property=\"og:image:height\" content=\"460\" \/>\n\t<meta property=\"og:image:type\" content=\"image\/png\" \/>\n<meta name=\"author\" content=\"admin\" \/>\n<meta name=\"twitter:card\" content=\"summary_large_image\" \/>\n<meta name=\"twitter:label1\" content=\"Geschrieben von\" \/>\n\t<meta name=\"twitter:data1\" content=\"admin\" \/>\n\t<meta name=\"twitter:label2\" content=\"Gesch\u00e4tzte Lesezeit\" \/>\n\t<meta name=\"twitter:data2\" content=\"6\u00a0Minuten\" \/>\n<script type=\"application\/ld+json\" class=\"yoast-schema-graph\">{\"@context\":\"https:\/\/schema.org\",\"@graph\":[{\"@type\":\"Article\",\"@id\":\"https:\/\/www.medewo.com\/blog\/ch-de\/loesungen\/verpackungen-das-sind-die-trends-2017\/#article\",\"isPartOf\":{\"@id\":\"https:\/\/www.medewo.com\/blog\/ch-de\/loesungen\/verpackungen-das-sind-die-trends-2017\/\"},\"author\":{\"name\":\"admin\",\"@id\":\"https:\/\/www.medewo.com\/blog\/ch-de\/#\/schema\/person\/84e17ff7dbd20461267b403e9de6651a\"},\"headline\":\"Verpackungen: Das sind die Trends 2017\",\"datePublished\":\"2017-01-01T23:00:00+00:00\",\"dateModified\":\"2024-07-23T06:36:48+00:00\",\"mainEntityOfPage\":{\"@id\":\"https:\/\/www.medewo.com\/blog\/ch-de\/loesungen\/verpackungen-das-sind-die-trends-2017\/\"},\"wordCount\":768,\"commentCount\":0,\"publisher\":{\"@id\":\"https:\/\/www.medewo.com\/blog\/ch-de\/#organization\"},\"image\":{\"@id\":\"https:\/\/www.medewo.com\/blog\/ch-de\/loesungen\/verpackungen-das-sind-die-trends-2017\/#primaryimage\"},\"thumbnailUrl\":\"https:\/\/www.medewo.com\/blog\/wp-content\/uploads\/2017\/01\/Hauptbild-Trends-2017.png\",\"keywords\":[\"Convenience\",\"Individuelle Verpackungen\",\"Nachhaltigkeit\",\"Prozessoptimierung\",\"Trends\",\"Verpackungsdesign\"],\"articleSection\":[\"L\u00f6sungen\"],\"inLanguage\":\"de-CH\",\"potentialAction\":[{\"@type\":\"CommentAction\",\"name\":\"Comment\",\"target\":[\"https:\/\/www.medewo.com\/blog\/ch-de\/loesungen\/verpackungen-das-sind-die-trends-2017\/#respond\"]}]},{\"@type\":\"WebPage\",\"@id\":\"https:\/\/www.medewo.com\/blog\/ch-de\/loesungen\/verpackungen-das-sind-die-trends-2017\/\",\"url\":\"https:\/\/www.medewo.com\/blog\/ch-de\/loesungen\/verpackungen-das-sind-die-trends-2017\/\",\"name\":\"Verpackungen: Das sind die Trends 2017\",\"isPartOf\":{\"@id\":\"https:\/\/www.medewo.com\/blog\/ch-de\/#website\"},\"primaryImageOfPage\":{\"@id\":\"https:\/\/www.medewo.com\/blog\/ch-de\/loesungen\/verpackungen-das-sind-die-trends-2017\/#primaryimage\"},\"image\":{\"@id\":\"https:\/\/www.medewo.com\/blog\/ch-de\/loesungen\/verpackungen-das-sind-die-trends-2017\/#primaryimage\"},\"thumbnailUrl\":\"https:\/\/www.medewo.com\/blog\/wp-content\/uploads\/2017\/01\/Hauptbild-Trends-2017.png\",\"datePublished\":\"2017-01-01T23:00:00+00:00\",\"dateModified\":\"2024-07-23T06:36:48+00:00\",\"description\":\"Welche Themen werden 2017 die Verpackungsbranche besch\u00e4ftigen? Wir haben f\u00fcnf Experten von MEDEWO nach ihrer pers\u00f6nlichen Prognose gefragt.\",\"breadcrumb\":{\"@id\":\"https:\/\/www.medewo.com\/blog\/ch-de\/loesungen\/verpackungen-das-sind-die-trends-2017\/#breadcrumb\"},\"inLanguage\":\"de-CH\",\"potentialAction\":[{\"@type\":\"ReadAction\",\"target\":[\"https:\/\/www.medewo.com\/blog\/ch-de\/loesungen\/verpackungen-das-sind-die-trends-2017\/\"]}]},{\"@type\":\"ImageObject\",\"inLanguage\":\"de-CH\",\"@id\":\"https:\/\/www.medewo.com\/blog\/ch-de\/loesungen\/verpackungen-das-sind-die-trends-2017\/#primaryimage\",\"url\":\"https:\/\/www.medewo.com\/blog\/wp-content\/uploads\/2017\/01\/Hauptbild-Trends-2017.png\",\"contentUrl\":\"https:\/\/www.medewo.com\/blog\/wp-content\/uploads\/2017\/01\/Hauptbild-Trends-2017.png\",\"width\":690,\"height\":460},{\"@type\":\"BreadcrumbList\",\"@id\":\"https:\/\/www.medewo.com\/blog\/ch-de\/loesungen\/verpackungen-das-sind-die-trends-2017\/#breadcrumb\",\"itemListElement\":[{\"@type\":\"ListItem\",\"position\":1,\"name\":\"Startseite\",\"item\":\"https:\/\/www.medewo.com\/blog\/ch-de\/\"},{\"@type\":\"ListItem\",\"position\":2,\"name\":\"Verpackungen: Das sind die Trends 2017\"}]},{\"@type\":\"WebSite\",\"@id\":\"https:\/\/www.medewo.com\/blog\/ch-de\/#website\",\"url\":\"https:\/\/www.medewo.com\/blog\/ch-de\/\",\"name\":\"MEDEWO Verpackungen\",\"description\":\"News\",\"publisher\":{\"@id\":\"https:\/\/www.medewo.com\/blog\/ch-de\/#organization\"},\"potentialAction\":[{\"@type\":\"SearchAction\",\"target\":{\"@type\":\"EntryPoint\",\"urlTemplate\":\"https:\/\/www.medewo.com\/blog\/ch-de\/?s={search_term_string}\"},\"query-input\":{\"@type\":\"PropertyValueSpecification\",\"valueRequired\":true,\"valueName\":\"search_term_string\"}}],\"inLanguage\":\"de-CH\"},{\"@type\":\"Organization\",\"@id\":\"https:\/\/www.medewo.com\/blog\/ch-de\/#organization\",\"name\":\"MEDEWO\",\"url\":\"https:\/\/www.medewo.com\/blog\/ch-de\/\",\"logo\":{\"@type\":\"ImageObject\",\"inLanguage\":\"de-CH\",\"@id\":\"https:\/\/www.medewo.com\/blog\/ch-de\/#\/schema\/logo\/image\/\",\"url\":\"https:\/\/www.medewo.com\/blog\/wp-content\/uploads\/2022\/03\/medewo-logo-claim-quer-2.png\",\"contentUrl\":\"https:\/\/www.medewo.com\/blog\/wp-content\/uploads\/2022\/03\/medewo-logo-claim-quer-2.png\",\"width\":350,\"height\":63,\"caption\":\"MEDEWO\"},\"image\":{\"@id\":\"https:\/\/www.medewo.com\/blog\/ch-de\/#\/schema\/logo\/image\/\"}},{\"@type\":\"Person\",\"@id\":\"https:\/\/www.medewo.com\/blog\/ch-de\/#\/schema\/person\/84e17ff7dbd20461267b403e9de6651a\",\"name\":\"admin\",\"image\":{\"@type\":\"ImageObject\",\"inLanguage\":\"de-CH\",\"@id\":\"https:\/\/www.medewo.com\/blog\/ch-de\/#\/schema\/person\/image\/\",\"url\":\"https:\/\/secure.gravatar.com\/avatar\/db2d5032d48e0c5ea69810e41539f6f14a63a77bccab5e2b2c7ed6f1712f7e3f?s=96&d=blank&r=g\",\"contentUrl\":\"https:\/\/secure.gravatar.com\/avatar\/db2d5032d48e0c5ea69810e41539f6f14a63a77bccab5e2b2c7ed6f1712f7e3f?s=96&d=blank&r=g\",\"caption\":\"admin\"}}]}<\/script>\n<!-- \/ Yoast SEO plugin. -->","yoast_head_json":{"title":"Verpackungen: Das sind die Trends 2017","description":"Welche Themen werden 2017 die Verpackungsbranche besch\u00e4ftigen? Wir haben f\u00fcnf Experten von MEDEWO nach ihrer pers\u00f6nlichen Prognose gefragt.","robots":{"index":"index","follow":"follow","max-snippet":"max-snippet:-1","max-image-preview":"max-image-preview:large","max-video-preview":"max-video-preview:-1"},"canonical":"https:\/\/www.medewo.com\/blog\/ch-de\/loesungen\/verpackungen-das-sind-die-trends-2017\/","og_locale":"de_DE","og_type":"article","og_title":"Verpackungen: Das sind die Trends 2017","og_description":"Welche Themen werden 2017 die Verpackungsbranche besch\u00e4ftigen? Wir haben f\u00fcnf Experten von MEDEWO nach ihrer pers\u00f6nlichen Prognose gefragt.","og_url":"https:\/\/www.medewo.com\/blog\/ch-de\/loesungen\/verpackungen-das-sind-die-trends-2017\/","og_site_name":"MEDEWO Verpackungen","article_published_time":"2017-01-01T23:00:00+00:00","article_modified_time":"2024-07-23T06:36:48+00:00","og_image":[{"width":690,"height":460,"url":"https:\/\/www.medewo.com\/blog\/wp-content\/uploads\/2017\/01\/Hauptbild-Trends-2017.png","type":"image\/png"}],"author":"admin","twitter_card":"summary_large_image","twitter_misc":{"Geschrieben von":"admin","Gesch\u00e4tzte Lesezeit":"6\u00a0Minuten"},"schema":{"@context":"https:\/\/schema.org","@graph":[{"@type":"Article","@id":"https:\/\/www.medewo.com\/blog\/ch-de\/loesungen\/verpackungen-das-sind-die-trends-2017\/#article","isPartOf":{"@id":"https:\/\/www.medewo.com\/blog\/ch-de\/loesungen\/verpackungen-das-sind-die-trends-2017\/"},"author":{"name":"admin","@id":"https:\/\/www.medewo.com\/blog\/ch-de\/#\/schema\/person\/84e17ff7dbd20461267b403e9de6651a"},"headline":"Verpackungen: Das sind die Trends 2017","datePublished":"2017-01-01T23:00:00+00:00","dateModified":"2024-07-23T06:36:48+00:00","mainEntityOfPage":{"@id":"https:\/\/www.medewo.com\/blog\/ch-de\/loesungen\/verpackungen-das-sind-die-trends-2017\/"},"wordCount":768,"commentCount":0,"publisher":{"@id":"https:\/\/www.medewo.com\/blog\/ch-de\/#organization"},"image":{"@id":"https:\/\/www.medewo.com\/blog\/ch-de\/loesungen\/verpackungen-das-sind-die-trends-2017\/#primaryimage"},"thumbnailUrl":"https:\/\/www.medewo.com\/blog\/wp-content\/uploads\/2017\/01\/Hauptbild-Trends-2017.png","keywords":["Convenience","Individuelle Verpackungen","Nachhaltigkeit","Prozessoptimierung","Trends","Verpackungsdesign"],"articleSection":["L\u00f6sungen"],"inLanguage":"de-CH","potentialAction":[{"@type":"CommentAction","name":"Comment","target":["https:\/\/www.medewo.com\/blog\/ch-de\/loesungen\/verpackungen-das-sind-die-trends-2017\/#respond"]}]},{"@type":"WebPage","@id":"https:\/\/www.medewo.com\/blog\/ch-de\/loesungen\/verpackungen-das-sind-die-trends-2017\/","url":"https:\/\/www.medewo.com\/blog\/ch-de\/loesungen\/verpackungen-das-sind-die-trends-2017\/","name":"Verpackungen: Das sind die Trends 2017","isPartOf":{"@id":"https:\/\/www.medewo.com\/blog\/ch-de\/#website"},"primaryImageOfPage":{"@id":"https:\/\/www.medewo.com\/blog\/ch-de\/loesungen\/verpackungen-das-sind-die-trends-2017\/#primaryimage"},"image":{"@id":"https:\/\/www.medewo.com\/blog\/ch-de\/loesungen\/verpackungen-das-sind-die-trends-2017\/#primaryimage"},"thumbnailUrl":"https:\/\/www.medewo.com\/blog\/wp-content\/uploads\/2017\/01\/Hauptbild-Trends-2017.png","datePublished":"2017-01-01T23:00:00+00:00","dateModified":"2024-07-23T06:36:48+00:00","description":"Welche Themen werden 2017 die Verpackungsbranche besch\u00e4ftigen? Wir haben f\u00fcnf Experten von MEDEWO nach ihrer pers\u00f6nlichen Prognose gefragt.","breadcrumb":{"@id":"https:\/\/www.medewo.com\/blog\/ch-de\/loesungen\/verpackungen-das-sind-die-trends-2017\/#breadcrumb"},"inLanguage":"de-CH","potentialAction":[{"@type":"ReadAction","target":["https:\/\/www.medewo.com\/blog\/ch-de\/loesungen\/verpackungen-das-sind-die-trends-2017\/"]}]},{"@type":"ImageObject","inLanguage":"de-CH","@id":"https:\/\/www.medewo.com\/blog\/ch-de\/loesungen\/verpackungen-das-sind-die-trends-2017\/#primaryimage","url":"https:\/\/www.medewo.com\/blog\/wp-content\/uploads\/2017\/01\/Hauptbild-Trends-2017.png","contentUrl":"https:\/\/www.medewo.com\/blog\/wp-content\/uploads\/2017\/01\/Hauptbild-Trends-2017.png","width":690,"height":460},{"@type":"BreadcrumbList","@id":"https:\/\/www.medewo.com\/blog\/ch-de\/loesungen\/verpackungen-das-sind-die-trends-2017\/#breadcrumb","itemListElement":[{"@type":"ListItem","position":1,"name":"Startseite","item":"https:\/\/www.medewo.com\/blog\/ch-de\/"},{"@type":"ListItem","position":2,"name":"Verpackungen: Das sind die Trends 2017"}]},{"@type":"WebSite","@id":"https:\/\/www.medewo.com\/blog\/ch-de\/#website","url":"https:\/\/www.medewo.com\/blog\/ch-de\/","name":"MEDEWO Verpackungen","description":"News","publisher":{"@id":"https:\/\/www.medewo.com\/blog\/ch-de\/#organization"},"potentialAction":[{"@type":"SearchAction","target":{"@type":"EntryPoint","urlTemplate":"https:\/\/www.medewo.com\/blog\/ch-de\/?s={search_term_string}"},"query-input":{"@type":"PropertyValueSpecification","valueRequired":true,"valueName":"search_term_string"}}],"inLanguage":"de-CH"},{"@type":"Organization","@id":"https:\/\/www.medewo.com\/blog\/ch-de\/#organization","name":"MEDEWO","url":"https:\/\/www.medewo.com\/blog\/ch-de\/","logo":{"@type":"ImageObject","inLanguage":"de-CH","@id":"https:\/\/www.medewo.com\/blog\/ch-de\/#\/schema\/logo\/image\/","url":"https:\/\/www.medewo.com\/blog\/wp-content\/uploads\/2022\/03\/medewo-logo-claim-quer-2.png","contentUrl":"https:\/\/www.medewo.com\/blog\/wp-content\/uploads\/2022\/03\/medewo-logo-claim-quer-2.png","width":350,"height":63,"caption":"MEDEWO"},"image":{"@id":"https:\/\/www.medewo.com\/blog\/ch-de\/#\/schema\/logo\/image\/"}},{"@type":"Person","@id":"https:\/\/www.medewo.com\/blog\/ch-de\/#\/schema\/person\/84e17ff7dbd20461267b403e9de6651a","name":"admin","image":{"@type":"ImageObject","inLanguage":"de-CH","@id":"https:\/\/www.medewo.com\/blog\/ch-de\/#\/schema\/person\/image\/","url":"https:\/\/secure.gravatar.com\/avatar\/db2d5032d48e0c5ea69810e41539f6f14a63a77bccab5e2b2c7ed6f1712f7e3f?s=96&d=blank&r=g","contentUrl":"https:\/\/secure.gravatar.com\/avatar\/db2d5032d48e0c5ea69810e41539f6f14a63a77bccab5e2b2c7ed6f1712f7e3f?s=96&d=blank&r=g","caption":"admin"}}]}},"magento_index":false,"_links":{"self":[{"href":"https:\/\/www.medewo.com\/blog\/ch-de\/wp-json\/wp\/v2\/posts\/16491","targetHints":{"allow":["GET"]}}],"collection":[{"href":"https:\/\/www.medewo.com\/blog\/ch-de\/wp-json\/wp\/v2\/posts"}],"about":[{"href":"https:\/\/www.medewo.com\/blog\/ch-de\/wp-json\/wp\/v2\/types\/post"}],"author":[{"embeddable":true,"href":"https:\/\/www.medewo.com\/blog\/ch-de\/wp-json\/wp\/v2\/users\/1"}],"replies":[{"embeddable":true,"href":"https:\/\/www.medewo.com\/blog\/ch-de\/wp-json\/wp\/v2\/comments?post=16491"}],"version-history":[{"count":6,"href":"https:\/\/www.medewo.com\/blog\/ch-de\/wp-json\/wp\/v2\/posts\/16491\/revisions"}],"predecessor-version":[{"id":33412,"href":"https:\/\/www.medewo.com\/blog\/ch-de\/wp-json\/wp\/v2\/posts\/16491\/revisions\/33412"}],"wp:featuredmedia":[{"embeddable":true,"href":"https:\/\/www.medewo.com\/blog\/ch-de\/wp-json\/wp\/v2\/media\/11282"}],"wp:attachment":[{"href":"https:\/\/www.medewo.com\/blog\/ch-de\/wp-json\/wp\/v2\/media?parent=16491"}],"wp:term":[{"taxonomy":"category","embeddable":true,"href":"https:\/\/www.medewo.com\/blog\/ch-de\/wp-json\/wp\/v2\/categories?post=16491"},{"taxonomy":"post_tag","embeddable":true,"href":"https:\/\/www.medewo.com\/blog\/ch-de\/wp-json\/wp\/v2\/tags?post=16491"},{"taxonomy":"m2-product-id","embeddable":true,"href":"https:\/\/www.medewo.com\/blog\/ch-de\/wp-json\/wp\/v2\/m2-product-id?post=16491"}],"curies":[{"name":"wp","href":"https:\/\/api.w.org\/{rel}","templated":true}]}}