{"id":16489,"date":"2015-02-19T00:00:00","date_gmt":"2015-02-18T23:00:00","guid":{"rendered":"https:\/\/www.medewo.com\/blog\/uncategorized-ch-de\/die-medewo-sozialtage\/"},"modified":"2024-07-22T10:53:52","modified_gmt":"2024-07-22T08:53:52","slug":"die-medewo-sozialtage","status":"publish","type":"post","link":"https:\/\/www.medewo.com\/blog\/ch-de\/unternehmensnews\/die-medewo-sozialtage\/","title":{"rendered":"Die MEDEWO Sozialtage"},"content":{"rendered":"<p><strong>Das oberste Ziel des Projekts MEDEWO Sozialtage 2014 ist, Menschen mit einer psychischen oder k\u00f6rperlichen Behinderung einen sch\u00f6nen Tag zu bereiten und ihnen die Gelegenheit f\u00fcr einen gegenseitigen Austausch mit Nicht-Behinderten zu bieten. Und nat\u00fcrlich die MEDEWO-Mitarbeiter zu sensibilisieren sowie ihnen aufzuzeigen, dass Menschen mit einer Beeintr\u00e4chtigung\u00a0 wie du und ich sind, es also keinen Grund f\u00fcr Ber\u00fchrungs\u00e4ngste gibt.<\/strong><\/p>\n<p>So wurden Anfang 2014 zehn verschiedene Stiftungen eingeladen, zusammen mit ihren Betreuten aus dem Alltag auszubrechen und mit MEDEWO-Mitarbeitern einen unvergesslichen Tag zu verbringen. Da Menschen mit Behinderung oft unter ihresgleichen sind, ist ein solcher Ausflug nat\u00fcrlich ein tolles Erlebnis. Neun Institute nahmen diese Einladung spontan an. Rund 10 Betreuten inkl. Betreuer durften jeweils zusammen mit 6 \u2013 7 Medewo-Mitarbeitern einen Tag verbringen. Ob Freizeitpark oder eine Schifffahrt, Adrian Gr\u00fcter, Verpackungsberater bei MEDEEWO, organisierte alles rund um den Ausflug. Aus Gewohntem auszubrechen ist f\u00fcr beide Seiten eine spannende Erfahrung und Bereicherung. Die \u00e4usserst positiven R\u00fcckmeldungen von den Stiftungen und den eigenen Mitarbeitern lassen dieses Projekt zu einem vollen Erfolg werden.<\/p>\n<h3>Stiftung Br\u00e4ndi, Neuheim<\/h3>\n<p><img decoding=\"async\" class=\"alignnone wp-image-5476\" title=\"MEDEWO-Sozialtag mit der Stiftung Br\u00e4ndi\" src=\"https:\/\/www.medewo.com\/blog\/wp-content\/uploads\/tb_sozialtage_stiftung-braendi.png\" alt=\"MEDEWO-Sozialtag mit der Stiftung Br\u00e4ndi\" width=\"345\" height=\"230\" \/><\/p>\n<p>Bewohner der Stiftung Br\u00e4ndi wurden von der Firma Medewo zu einem Ausflug in den Tierpark Goldau eingeladen. Doch statt \u201enur\u201c die finanziellen Mittel zu stellen, wurde der Tag gemeinsam verbracht und so zu einem tierischen Erlebnis. Schnell war klar: Wer der schr\u00e4ge Vogel ist, kommt immer auf die Perspektive an.<br \/>\n<a title=\"Mehr zum Sozialtag mit der Stiftung Br\u00e4ndi lesen\" href=\"https:\/\/www.medewo.com\/blog\/wp-content\/uploads\/medewo-sozialtage-stiftung-braendi.pdf\">&gt; mehr zum Sozialtag mit der Stiftung Br\u00e4ndi<\/a><\/p>\n<h3>Stiftung Lebenshilfe, Reinach<\/h3>\n<p><img decoding=\"async\" class=\"alignnone wp-image-5478\" title=\"MEDEWO-Sozialtage mit der Stiftung Lebenshilfe\" src=\"https:\/\/www.medewo.com\/blog\/wp-content\/uploads\/tb_sozialtage_stiftung-lebenshilfe.png\" alt=\"MEDEWO-Sozialtage mit der Stiftung Lebenshilfe\" width=\"345\" height=\"230\" \/><\/p>\n<p>Eine Gruppe der Lebenshilfe Reinach durfte mit Mitarbeitern der Firma Medewo unvergessliche Stunden verbringen. Die Idee dahinter: Menschen mit einer Behinderung, die sonst viel unter ihresgleichen sind, werden vom Verpackungsspezialisten auf einen gemeinsamen Ausflug eingeladen. Dabei wurde nicht nur der Gabelstapler gegen den Rollstuhl getauscht, sondern auch viel gelacht.<br \/>\n<a title=\"Mehr zum Sozialtag mit der Stiftung Lebenshilfe lesen\" href=\"https:\/\/www.medewo.com\/blog\/wp-content\/uploads\/medewo-sozialtage-stiftung-lebenshilfe.pdf\">&gt; mehr zum Sozialtag mit der Stiftung Lebenshilfe<\/a><\/p>\n<h3>Stiftung Pigna, Kloten<\/h3>\n<p><img decoding=\"async\" class=\"alignnone wp-image-5479\" title=\"MEDEWO-Sozialtage mit der Stiftung Pigna\" src=\"https:\/\/www.medewo.com\/blog\/wp-content\/uploads\/tb_sozialtage_stiftung-pigna.png\" alt=\"MEDEWO-Sozialtage mit der Stiftung Pigna\" width=\"345\" height=\"230\" \/><\/p>\n<p>Eine Gruppe der Stiftung Pigna durfte mit Mitarbeitern der Firma Medewo unvergessliche Stunden verbringen. Die Idee dahinter: Menschen mit einer Behinderung, die sonst viel unter ihresgleichen sind, werden vom Verpackungsspezialisten auf einen gemeinsamen Ausflug in den Zoo Z\u00fcrich eingeladen. Aus Gewohntem auszubrechen war f\u00fcr beide Seiten eine spannende Erfahrung und Bereicherung.<br \/>\n<a title=\"Mehr zum Sozialtag mit der Stiftung Pigna lesen\" href=\"https:\/\/www.medewo.com\/blog\/wp-content\/uploads\/medewo-sozialtage-stiftung-pigna.pdf\">&gt; mehr zum Sozialtag mit der Stiftung Pigna<\/a><\/p>\n<h3>Stiftung Behindertenbetrieb, Uri (SBU)<\/h3>\n<p><img decoding=\"async\" class=\"alignnone wp-image-5482\" title=\"MEDEWO-Sozialtage mit der Stiftung Behindertenbetrieb\" src=\"https:\/\/www.medewo.com\/blog\/wp-content\/uploads\/tb_sozialtage_stiftung-behindertenbetrieb.png\" alt=\"MEDEWO-Sozialtage mit der Stiftung Behindertenbetrieb\" width=\"345\" height=\"230\" \/><\/p>\n<p>Neue Blickwinkel er\u00f6ffnen und den Horizont erweitern. Das war das Ziel eines Ausflugs von Medewo-Mitarbeitern, zu dem sie eine Gruppe der Stiftung Behindertenbetriebe Uri (SBU) eingeladen haben. Doch nicht nur f\u00fcr die Angestellten des Verpackungsspezialisten war dies eine spannende Bereicherung. Auch f\u00fcr die Menschen mit Behinderung, die sonst viel unter ihresgleichen sind, wurde der Tag zu einem unvergesslichen Erlebnis.<br \/>\n<a title=\"Mehr zum Sozialtag mit der Stiftung Behindertenbetrieb lesen\" href=\"https:\/\/www.medewo.com\/blog\/wp-content\/uploads\/medewo-sozialtage-stiftung-behindertenbetrieb.pdf\">&gt; mehr zum Sozialtag mit der Stiftung Behindertenbetrieb<\/a><\/p>\n<h3>Stiftung TRANSfair, Thun<\/h3>\n<p><img decoding=\"async\" class=\"alignnone wp-image-5480\" title=\"MEDEWO-Sozialtage mit der Stiftung TRANSfair\" src=\"https:\/\/www.medewo.com\/blog\/wp-content\/uploads\/tb_sozialtage_stiftung-TRANSfair.png\" alt=\"MEDEWO-Sozialtage mit der Stiftung TRANSfair\" width=\"345\" height=\"230\" \/><\/p>\n<p>Mitarbeiter der Stiftung TRANSfair in Thun wurden zu einem Ausflug auf den Thunersee eingeladen, um zusammen mit Medewo-Mitarbeitern einen Tag zu verbringen. Die Idee f\u00fcr diesen Ausflug kam vom Verpackungsspezialist Medewo aus Meisterschwanden. Das Ziel, psychisch beeintr\u00e4chtigen Menschen ein paar sch\u00f6ne Stunden zu schenken und die eigenen Mitarbeiter in Bezug auf Behinderungen zu sensibilisieren, wurde voll und ganz erreicht.<br \/>\n<a title=\"Mehr zum Sozialtag mit der Stiftung TRANSfair lesen\" href=\"https:\/\/www.medewo.com\/blog\/wp-content\/uploads\/medewo-sozialtage-stiftung-transfair.pdf\">&gt; mehr zum Sozialtag mit der Stiftung TRANSfair<\/a><\/p>\n<h3>Stiftung altra, Schaffhausen<\/h3>\n<p><img decoding=\"async\" class=\"alignnone wp-image-5481\" title=\"MEDEWO-Sozialtage mit der Stiftung altra\" src=\"https:\/\/www.medewo.com\/blog\/wp-content\/uploads\/tb_sozialtage_stiftung-altra.png\" alt=\"MEDEWO-Sozialtage mit der Stiftung altra\" width=\"345\" height=\"230\" \/><\/p>\n<p>Menschen mit psychischen Problemen werden in unserer Gesellschaft auch heute noch oft gemieden oder bel\u00e4chelt. Nicht so bei den Mitarbeitenden der Firma Medewo, die eine Gruppe der Stiftung altra Schaffhausen zu einem gemeinsamen Ausflug an den Bodensee eingeladen haben. Beide Seiten konnten dabei ihren Horizont erweitern und einen unvergesslichen Tag verbringen.<br \/>\n<a title=\"Mehr zum Sozialtag mit der Stiftung altra lesen\" href=\"https:\/\/www.medewo.com\/blog\/wp-content\/uploads\/medewo-sozialtage-stiftung-altra.pdf\">&gt; mehr zum Sozialtag mit der Stiftung altra<\/a><\/p>\n<h3>Stiftung Wendepunkt, Oftringen<\/h3>\n<p><img decoding=\"async\" class=\"alignnone wp-image-5483\" title=\"MEDEWO-Sozialtage mit der Stiftung Wendepunkt\" src=\"https:\/\/www.medewo.com\/blog\/wp-content\/uploads\/tb_sozialtage_stiftung-wendepunkt.png\" alt=\"MEDEWO-Sozialtage mit der Stiftung Wendepunkt\" width=\"345\" height=\"230\" \/><\/p>\n<p>Neue Blickwinkel er\u00f6ffnen und den Horizont erweitern. Das war das Ziel eines Ausflugs von Medewo-Mitarbeitern, zu dem sie eine Gruppe der Stiftung Wendepunkt aus Oftringen eingeladen haben. F\u00fcr beide Seiten war der Tag, der seinen H\u00f6hepunkt beim gemeinsamen Grillieren auf dem R\u00fctli fand, eine spannende Erfahrung und Bereicherung.<br \/>\n<a title=\"Mehr zum Sozialtag mit der Stiftung Wendepunkt lesen\" href=\"https:\/\/www.medewo.com\/blog\/wp-content\/uploads\/medewo-sozialtage-stiftung-wendepunkt.pdf\">&gt; mehr zum Sozialtag mit der Stiftung Wendepunkt<\/a><\/p>\n<h3>Stiftung MBF, Stein<\/h3>\n<p><img decoding=\"async\" class=\"alignnone wp-image-5484\" title=\"MEDEWO-Sozialtage mit der Stiftung MBF\" src=\"https:\/\/www.medewo.com\/blog\/wp-content\/uploads\/tb_sozialtage_stiftung-mbf.png\" alt=\"MEDEWO-Sozialtage mit der Stiftung MBF\" width=\"345\" height=\"230\" \/><\/p>\n<p>Eine Gruppe der Stiftung MBF \u2013 ein soziales Unternehmen f\u00fcr Menschen mit Behinderung &#8211; wurde zu einem Ausflug in den Basler-Zoo eingeladen, um zusammen mit Medewo-Mitarbeitern unvergessliche Stunden zu verbringen. Die Idee des Verpackungsspezialisten aus Meisterschwanden: Menschen mit Behinderung und eigene Mitarbeiter sollen einen Tag lang fernab von Ihren Arbeitswelten auf gemeinsame Entdeckungsreise gehen.<br \/>\n<a title=\"Mehr zum Sozialtag mit der Stiftung MBF lesen\" href=\"https:\/\/www.medewo.com\/blog\/wp-content\/uploads\/medewo-sozialtage-stiftung-mbf.pdf\">&gt; mehr zum Sozialtag mit der Stiftung Solvita<\/a><\/p>\n<h3>Stiftung Solvita, Urdorf<\/h3>\n<p><img decoding=\"async\" class=\"alignnone wp-image-5485\" title=\"MEDEWO-Sozialtage mit der Stiftung MBF\" src=\"https:\/\/www.medewo.com\/blog\/wp-content\/uploads\/tb_sozialtage_stiftung-solvita.png\" alt=\"MEDEWO-Sozialtage mit der Stiftung MBF\" width=\"345\" height=\"230\" \/><\/p>\n<p>Mit einem sonnigen L\u00e4cheln begr\u00fcsst Carmen Zehnder die Mitarbeiter des Verpackungsspezialisten MEDEWO. Das Unternehmen aus dem Aargau besucht die Stiftung Solvita, um gemeinsam mit einer Gruppe von Bewohnern einen erlebnisreichen und horizonterweiterden Tag zu verbringen.<br \/>\n<a title=\"Mehr zum Sozialtag mit der Stiftung Solvita lesen\" href=\"https:\/\/www.medewo.com\/blog\/wp-content\/uploads\/medewo-sozialtage-stiftung-solvita.pdf\">&gt; mehr zum Sozialtag mit der Stiftung Solvita<\/a><\/p>\n<p><em>Mit diesem Projekt wurde MEDEWO zusammen mit 5 anderen Projekten f\u00fcr den im September 2014 verliehenen Sozialpreis der Aargauer Landeskirche nominiert.<br \/>\n<a href=\"https:\/\/www.ref-ag.ch\/informationen-medien\/news\/2014\/09\/MM_Sozialpreis_2014_verliehen.php\">Mehr Information zum Sozialpreis<\/a><\/em><\/p>\n","protected":false},"excerpt":{"rendered":"<p>Die MEDEWO Sozialtage verbrachten Mitarbeitende von MEDEWO mit verschiedenen Menschen mit k\u00f6rperlicher oder psychischer Behinderung.<\/p>\n","protected":false},"author":1,"featured_media":11349,"comment_status":"open","ping_status":"open","sticky":false,"template":"","format":"standard","meta":{"pgc_sgb_lightbox_settings":"","footnotes":""},"categories":[1318],"tags":[],"m2-product-id":[],"class_list":["post-16489","post","type-post","status-publish","format-standard","has-post-thumbnail","hentry","category-unternehmensnews","category-1318","description-off"],"yoast_head":"<!-- This site is optimized with the Yoast SEO plugin v27.1.1 - https:\/\/yoast.com\/product\/yoast-seo-wordpress\/ -->\n<title>Die MEDEWO Sozialtage<\/title>\n<meta name=\"description\" content=\"Das oberste Ziel des Projekts MEDEWO Sozialtage 2014 ist, Menschen mit einer Behinderung einen sch\u00f6nen Tag zu bereiten. Was haben die Teilnehmer alles erlebt?\" \/>\n<meta name=\"robots\" content=\"index, follow, max-snippet:-1, max-image-preview:large, max-video-preview:-1\" \/>\n<link rel=\"canonical\" href=\"https:\/\/www.medewo.com\/blog\/ch-de\/unternehmensnews\/die-medewo-sozialtage\/\" \/>\n<meta property=\"og:locale\" content=\"de_DE\" \/>\n<meta property=\"og:type\" content=\"article\" \/>\n<meta property=\"og:title\" content=\"Die MEDEWO Sozialtage\" \/>\n<meta property=\"og:description\" content=\"Das oberste Ziel des Projekts MEDEWO Sozialtage 2014 ist, Menschen mit einer Behinderung einen sch\u00f6nen Tag zu bereiten. Was haben die Teilnehmer alles erlebt?\" \/>\n<meta property=\"og:url\" content=\"https:\/\/www.medewo.com\/blog\/ch-de\/unternehmensnews\/die-medewo-sozialtage\/\" \/>\n<meta property=\"og:site_name\" content=\"MEDEWO Verpackungen\" \/>\n<meta property=\"article:published_time\" content=\"2015-02-18T23:00:00+00:00\" \/>\n<meta property=\"article:modified_time\" content=\"2024-07-22T08:53:52+00:00\" \/>\n<meta property=\"og:image\" content=\"https:\/\/www.medewo.com\/blog\/wp-content\/uploads\/2019\/03\/hb_sozialtage-2014.png\" \/>\n\t<meta property=\"og:image:width\" content=\"690\" \/>\n\t<meta property=\"og:image:height\" content=\"460\" \/>\n\t<meta property=\"og:image:type\" content=\"image\/png\" \/>\n<meta name=\"author\" content=\"admin\" \/>\n<meta name=\"twitter:card\" content=\"summary_large_image\" \/>\n<meta name=\"twitter:label1\" content=\"Geschrieben von\" \/>\n\t<meta name=\"twitter:data1\" content=\"admin\" \/>\n\t<meta name=\"twitter:label2\" content=\"Gesch\u00e4tzte Lesezeit\" \/>\n\t<meta name=\"twitter:data2\" content=\"7\u00a0Minuten\" \/>\n<script type=\"application\/ld+json\" class=\"yoast-schema-graph\">{\"@context\":\"https:\/\/schema.org\",\"@graph\":[{\"@type\":\"Article\",\"@id\":\"https:\/\/www.medewo.com\/blog\/ch-de\/unternehmensnews\/die-medewo-sozialtage\/#article\",\"isPartOf\":{\"@id\":\"https:\/\/www.medewo.com\/blog\/ch-de\/unternehmensnews\/die-medewo-sozialtage\/\"},\"author\":{\"name\":\"admin\",\"@id\":\"https:\/\/www.medewo.com\/blog\/ch-de\/#\/schema\/person\/84e17ff7dbd20461267b403e9de6651a\"},\"headline\":\"Die MEDEWO Sozialtage\",\"datePublished\":\"2015-02-18T23:00:00+00:00\",\"dateModified\":\"2024-07-22T08:53:52+00:00\",\"mainEntityOfPage\":{\"@id\":\"https:\/\/www.medewo.com\/blog\/ch-de\/unternehmensnews\/die-medewo-sozialtage\/\"},\"wordCount\":777,\"commentCount\":0,\"publisher\":{\"@id\":\"https:\/\/www.medewo.com\/blog\/ch-de\/#organization\"},\"image\":{\"@id\":\"https:\/\/www.medewo.com\/blog\/ch-de\/unternehmensnews\/die-medewo-sozialtage\/#primaryimage\"},\"thumbnailUrl\":\"https:\/\/www.medewo.com\/blog\/wp-content\/uploads\/2019\/03\/hb_sozialtage-2014.png\",\"articleSection\":[\"Unternehmensnews\"],\"inLanguage\":\"de-CH\",\"potentialAction\":[{\"@type\":\"CommentAction\",\"name\":\"Comment\",\"target\":[\"https:\/\/www.medewo.com\/blog\/ch-de\/unternehmensnews\/die-medewo-sozialtage\/#respond\"]}]},{\"@type\":\"WebPage\",\"@id\":\"https:\/\/www.medewo.com\/blog\/ch-de\/unternehmensnews\/die-medewo-sozialtage\/\",\"url\":\"https:\/\/www.medewo.com\/blog\/ch-de\/unternehmensnews\/die-medewo-sozialtage\/\",\"name\":\"Die MEDEWO Sozialtage\",\"isPartOf\":{\"@id\":\"https:\/\/www.medewo.com\/blog\/ch-de\/#website\"},\"primaryImageOfPage\":{\"@id\":\"https:\/\/www.medewo.com\/blog\/ch-de\/unternehmensnews\/die-medewo-sozialtage\/#primaryimage\"},\"image\":{\"@id\":\"https:\/\/www.medewo.com\/blog\/ch-de\/unternehmensnews\/die-medewo-sozialtage\/#primaryimage\"},\"thumbnailUrl\":\"https:\/\/www.medewo.com\/blog\/wp-content\/uploads\/2019\/03\/hb_sozialtage-2014.png\",\"datePublished\":\"2015-02-18T23:00:00+00:00\",\"dateModified\":\"2024-07-22T08:53:52+00:00\",\"description\":\"Das oberste Ziel des Projekts MEDEWO Sozialtage 2014 ist, Menschen mit einer Behinderung einen sch\u00f6nen Tag zu bereiten. Was haben die Teilnehmer alles erlebt?\",\"breadcrumb\":{\"@id\":\"https:\/\/www.medewo.com\/blog\/ch-de\/unternehmensnews\/die-medewo-sozialtage\/#breadcrumb\"},\"inLanguage\":\"de-CH\",\"potentialAction\":[{\"@type\":\"ReadAction\",\"target\":[\"https:\/\/www.medewo.com\/blog\/ch-de\/unternehmensnews\/die-medewo-sozialtage\/\"]}]},{\"@type\":\"ImageObject\",\"inLanguage\":\"de-CH\",\"@id\":\"https:\/\/www.medewo.com\/blog\/ch-de\/unternehmensnews\/die-medewo-sozialtage\/#primaryimage\",\"url\":\"https:\/\/www.medewo.com\/blog\/wp-content\/uploads\/2019\/03\/hb_sozialtage-2014.png\",\"contentUrl\":\"https:\/\/www.medewo.com\/blog\/wp-content\/uploads\/2019\/03\/hb_sozialtage-2014.png\",\"width\":690,\"height\":460},{\"@type\":\"BreadcrumbList\",\"@id\":\"https:\/\/www.medewo.com\/blog\/ch-de\/unternehmensnews\/die-medewo-sozialtage\/#breadcrumb\",\"itemListElement\":[{\"@type\":\"ListItem\",\"position\":1,\"name\":\"Startseite\",\"item\":\"https:\/\/www.medewo.com\/blog\/ch-de\/\"},{\"@type\":\"ListItem\",\"position\":2,\"name\":\"Die MEDEWO Sozialtage\"}]},{\"@type\":\"WebSite\",\"@id\":\"https:\/\/www.medewo.com\/blog\/ch-de\/#website\",\"url\":\"https:\/\/www.medewo.com\/blog\/ch-de\/\",\"name\":\"MEDEWO Verpackungen\",\"description\":\"News\",\"publisher\":{\"@id\":\"https:\/\/www.medewo.com\/blog\/ch-de\/#organization\"},\"potentialAction\":[{\"@type\":\"SearchAction\",\"target\":{\"@type\":\"EntryPoint\",\"urlTemplate\":\"https:\/\/www.medewo.com\/blog\/ch-de\/?s={search_term_string}\"},\"query-input\":{\"@type\":\"PropertyValueSpecification\",\"valueRequired\":true,\"valueName\":\"search_term_string\"}}],\"inLanguage\":\"de-CH\"},{\"@type\":\"Organization\",\"@id\":\"https:\/\/www.medewo.com\/blog\/ch-de\/#organization\",\"name\":\"MEDEWO\",\"url\":\"https:\/\/www.medewo.com\/blog\/ch-de\/\",\"logo\":{\"@type\":\"ImageObject\",\"inLanguage\":\"de-CH\",\"@id\":\"https:\/\/www.medewo.com\/blog\/ch-de\/#\/schema\/logo\/image\/\",\"url\":\"https:\/\/www.medewo.com\/blog\/wp-content\/uploads\/2022\/03\/medewo-logo-claim-quer-2.png\",\"contentUrl\":\"https:\/\/www.medewo.com\/blog\/wp-content\/uploads\/2022\/03\/medewo-logo-claim-quer-2.png\",\"width\":350,\"height\":63,\"caption\":\"MEDEWO\"},\"image\":{\"@id\":\"https:\/\/www.medewo.com\/blog\/ch-de\/#\/schema\/logo\/image\/\"}},{\"@type\":\"Person\",\"@id\":\"https:\/\/www.medewo.com\/blog\/ch-de\/#\/schema\/person\/84e17ff7dbd20461267b403e9de6651a\",\"name\":\"admin\",\"image\":{\"@type\":\"ImageObject\",\"inLanguage\":\"de-CH\",\"@id\":\"https:\/\/www.medewo.com\/blog\/ch-de\/#\/schema\/person\/image\/\",\"url\":\"https:\/\/secure.gravatar.com\/avatar\/db2d5032d48e0c5ea69810e41539f6f14a63a77bccab5e2b2c7ed6f1712f7e3f?s=96&d=blank&r=g\",\"contentUrl\":\"https:\/\/secure.gravatar.com\/avatar\/db2d5032d48e0c5ea69810e41539f6f14a63a77bccab5e2b2c7ed6f1712f7e3f?s=96&d=blank&r=g\",\"caption\":\"admin\"}}]}<\/script>\n<!-- \/ Yoast SEO plugin. -->","yoast_head_json":{"title":"Die MEDEWO Sozialtage","description":"Das oberste Ziel des Projekts MEDEWO Sozialtage 2014 ist, Menschen mit einer Behinderung einen sch\u00f6nen Tag zu bereiten. Was haben die Teilnehmer alles erlebt?","robots":{"index":"index","follow":"follow","max-snippet":"max-snippet:-1","max-image-preview":"max-image-preview:large","max-video-preview":"max-video-preview:-1"},"canonical":"https:\/\/www.medewo.com\/blog\/ch-de\/unternehmensnews\/die-medewo-sozialtage\/","og_locale":"de_DE","og_type":"article","og_title":"Die MEDEWO Sozialtage","og_description":"Das oberste Ziel des Projekts MEDEWO Sozialtage 2014 ist, Menschen mit einer Behinderung einen sch\u00f6nen Tag zu bereiten. Was haben die Teilnehmer alles erlebt?","og_url":"https:\/\/www.medewo.com\/blog\/ch-de\/unternehmensnews\/die-medewo-sozialtage\/","og_site_name":"MEDEWO Verpackungen","article_published_time":"2015-02-18T23:00:00+00:00","article_modified_time":"2024-07-22T08:53:52+00:00","og_image":[{"width":690,"height":460,"url":"https:\/\/www.medewo.com\/blog\/wp-content\/uploads\/2019\/03\/hb_sozialtage-2014.png","type":"image\/png"}],"author":"admin","twitter_card":"summary_large_image","twitter_misc":{"Geschrieben von":"admin","Gesch\u00e4tzte Lesezeit":"7\u00a0Minuten"},"schema":{"@context":"https:\/\/schema.org","@graph":[{"@type":"Article","@id":"https:\/\/www.medewo.com\/blog\/ch-de\/unternehmensnews\/die-medewo-sozialtage\/#article","isPartOf":{"@id":"https:\/\/www.medewo.com\/blog\/ch-de\/unternehmensnews\/die-medewo-sozialtage\/"},"author":{"name":"admin","@id":"https:\/\/www.medewo.com\/blog\/ch-de\/#\/schema\/person\/84e17ff7dbd20461267b403e9de6651a"},"headline":"Die MEDEWO Sozialtage","datePublished":"2015-02-18T23:00:00+00:00","dateModified":"2024-07-22T08:53:52+00:00","mainEntityOfPage":{"@id":"https:\/\/www.medewo.com\/blog\/ch-de\/unternehmensnews\/die-medewo-sozialtage\/"},"wordCount":777,"commentCount":0,"publisher":{"@id":"https:\/\/www.medewo.com\/blog\/ch-de\/#organization"},"image":{"@id":"https:\/\/www.medewo.com\/blog\/ch-de\/unternehmensnews\/die-medewo-sozialtage\/#primaryimage"},"thumbnailUrl":"https:\/\/www.medewo.com\/blog\/wp-content\/uploads\/2019\/03\/hb_sozialtage-2014.png","articleSection":["Unternehmensnews"],"inLanguage":"de-CH","potentialAction":[{"@type":"CommentAction","name":"Comment","target":["https:\/\/www.medewo.com\/blog\/ch-de\/unternehmensnews\/die-medewo-sozialtage\/#respond"]}]},{"@type":"WebPage","@id":"https:\/\/www.medewo.com\/blog\/ch-de\/unternehmensnews\/die-medewo-sozialtage\/","url":"https:\/\/www.medewo.com\/blog\/ch-de\/unternehmensnews\/die-medewo-sozialtage\/","name":"Die MEDEWO Sozialtage","isPartOf":{"@id":"https:\/\/www.medewo.com\/blog\/ch-de\/#website"},"primaryImageOfPage":{"@id":"https:\/\/www.medewo.com\/blog\/ch-de\/unternehmensnews\/die-medewo-sozialtage\/#primaryimage"},"image":{"@id":"https:\/\/www.medewo.com\/blog\/ch-de\/unternehmensnews\/die-medewo-sozialtage\/#primaryimage"},"thumbnailUrl":"https:\/\/www.medewo.com\/blog\/wp-content\/uploads\/2019\/03\/hb_sozialtage-2014.png","datePublished":"2015-02-18T23:00:00+00:00","dateModified":"2024-07-22T08:53:52+00:00","description":"Das oberste Ziel des Projekts MEDEWO Sozialtage 2014 ist, Menschen mit einer Behinderung einen sch\u00f6nen Tag zu bereiten. Was haben die Teilnehmer alles erlebt?","breadcrumb":{"@id":"https:\/\/www.medewo.com\/blog\/ch-de\/unternehmensnews\/die-medewo-sozialtage\/#breadcrumb"},"inLanguage":"de-CH","potentialAction":[{"@type":"ReadAction","target":["https:\/\/www.medewo.com\/blog\/ch-de\/unternehmensnews\/die-medewo-sozialtage\/"]}]},{"@type":"ImageObject","inLanguage":"de-CH","@id":"https:\/\/www.medewo.com\/blog\/ch-de\/unternehmensnews\/die-medewo-sozialtage\/#primaryimage","url":"https:\/\/www.medewo.com\/blog\/wp-content\/uploads\/2019\/03\/hb_sozialtage-2014.png","contentUrl":"https:\/\/www.medewo.com\/blog\/wp-content\/uploads\/2019\/03\/hb_sozialtage-2014.png","width":690,"height":460},{"@type":"BreadcrumbList","@id":"https:\/\/www.medewo.com\/blog\/ch-de\/unternehmensnews\/die-medewo-sozialtage\/#breadcrumb","itemListElement":[{"@type":"ListItem","position":1,"name":"Startseite","item":"https:\/\/www.medewo.com\/blog\/ch-de\/"},{"@type":"ListItem","position":2,"name":"Die MEDEWO Sozialtage"}]},{"@type":"WebSite","@id":"https:\/\/www.medewo.com\/blog\/ch-de\/#website","url":"https:\/\/www.medewo.com\/blog\/ch-de\/","name":"MEDEWO Verpackungen","description":"News","publisher":{"@id":"https:\/\/www.medewo.com\/blog\/ch-de\/#organization"},"potentialAction":[{"@type":"SearchAction","target":{"@type":"EntryPoint","urlTemplate":"https:\/\/www.medewo.com\/blog\/ch-de\/?s={search_term_string}"},"query-input":{"@type":"PropertyValueSpecification","valueRequired":true,"valueName":"search_term_string"}}],"inLanguage":"de-CH"},{"@type":"Organization","@id":"https:\/\/www.medewo.com\/blog\/ch-de\/#organization","name":"MEDEWO","url":"https:\/\/www.medewo.com\/blog\/ch-de\/","logo":{"@type":"ImageObject","inLanguage":"de-CH","@id":"https:\/\/www.medewo.com\/blog\/ch-de\/#\/schema\/logo\/image\/","url":"https:\/\/www.medewo.com\/blog\/wp-content\/uploads\/2022\/03\/medewo-logo-claim-quer-2.png","contentUrl":"https:\/\/www.medewo.com\/blog\/wp-content\/uploads\/2022\/03\/medewo-logo-claim-quer-2.png","width":350,"height":63,"caption":"MEDEWO"},"image":{"@id":"https:\/\/www.medewo.com\/blog\/ch-de\/#\/schema\/logo\/image\/"}},{"@type":"Person","@id":"https:\/\/www.medewo.com\/blog\/ch-de\/#\/schema\/person\/84e17ff7dbd20461267b403e9de6651a","name":"admin","image":{"@type":"ImageObject","inLanguage":"de-CH","@id":"https:\/\/www.medewo.com\/blog\/ch-de\/#\/schema\/person\/image\/","url":"https:\/\/secure.gravatar.com\/avatar\/db2d5032d48e0c5ea69810e41539f6f14a63a77bccab5e2b2c7ed6f1712f7e3f?s=96&d=blank&r=g","contentUrl":"https:\/\/secure.gravatar.com\/avatar\/db2d5032d48e0c5ea69810e41539f6f14a63a77bccab5e2b2c7ed6f1712f7e3f?s=96&d=blank&r=g","caption":"admin"}}]}},"magento_index":false,"_links":{"self":[{"href":"https:\/\/www.medewo.com\/blog\/ch-de\/wp-json\/wp\/v2\/posts\/16489","targetHints":{"allow":["GET"]}}],"collection":[{"href":"https:\/\/www.medewo.com\/blog\/ch-de\/wp-json\/wp\/v2\/posts"}],"about":[{"href":"https:\/\/www.medewo.com\/blog\/ch-de\/wp-json\/wp\/v2\/types\/post"}],"author":[{"embeddable":true,"href":"https:\/\/www.medewo.com\/blog\/ch-de\/wp-json\/wp\/v2\/users\/1"}],"replies":[{"embeddable":true,"href":"https:\/\/www.medewo.com\/blog\/ch-de\/wp-json\/wp\/v2\/comments?post=16489"}],"version-history":[{"count":3,"href":"https:\/\/www.medewo.com\/blog\/ch-de\/wp-json\/wp\/v2\/posts\/16489\/revisions"}],"predecessor-version":[{"id":33336,"href":"https:\/\/www.medewo.com\/blog\/ch-de\/wp-json\/wp\/v2\/posts\/16489\/revisions\/33336"}],"wp:featuredmedia":[{"embeddable":true,"href":"https:\/\/www.medewo.com\/blog\/ch-de\/wp-json\/wp\/v2\/media\/11349"}],"wp:attachment":[{"href":"https:\/\/www.medewo.com\/blog\/ch-de\/wp-json\/wp\/v2\/media?parent=16489"}],"wp:term":[{"taxonomy":"category","embeddable":true,"href":"https:\/\/www.medewo.com\/blog\/ch-de\/wp-json\/wp\/v2\/categories?post=16489"},{"taxonomy":"post_tag","embeddable":true,"href":"https:\/\/www.medewo.com\/blog\/ch-de\/wp-json\/wp\/v2\/tags?post=16489"},{"taxonomy":"m2-product-id","embeddable":true,"href":"https:\/\/www.medewo.com\/blog\/ch-de\/wp-json\/wp\/v2\/m2-product-id?post=16489"}],"curies":[{"name":"wp","href":"https:\/\/api.w.org\/{rel}","templated":true}]}}