{"id":16444,"date":"2023-01-24T00:00:00","date_gmt":"2023-01-23T23:00:00","guid":{"rendered":"https:\/\/www.medewo.com\/blog\/uncategorized-ch-de\/so-verpacken-sie-buecher-dvds-co\/"},"modified":"2024-01-30T14:15:58","modified_gmt":"2024-01-30T13:15:58","slug":"so-verpacken-sie-buecher-dvds-co","status":"publish","type":"post","link":"https:\/\/www.medewo.com\/blog\/ch-de\/produkte\/so-verpacken-sie-buecher-dvds-co\/","title":{"rendered":"So verpacken Sie B\u00fccher, DVDs &#038; Co."},"content":{"rendered":"<div class=\"wpb-content-wrapper\"><p>[vc_row][vc_column][vc_column_text]<strong>B\u00fccher, DVDs, Software &amp; Co. z\u00e4hlen zu den beliebtesten Produkten im E-Commerce. Doch ihr Versand stellt an die Verpackung besondere Anforderungen. Mit welchen L\u00f6sungen Sie als Onlineh\u00e4ndler am besten beraten sind? Wir haben die wichtigsten Fragen und Antworten zusammengefasst.<\/strong>[\/vc_column_text][\/vc_column][\/vc_row][vc_row][vc_column][vc_empty_space height=&#187;20px&#187;][vc_custom_heading text=&#187;Was ist bei einer Medienverpackung entscheidend?&#187; use_theme_fonts=&#187;yes&#187;][vc_column_text]Ob B\u00fccher, DVDs oder Computerspiele: Wer Medien vertreibt und auf dem Postweg zustellt, verschickt oft in einer Lieferung nur ein Produkt, aber kommt insgesamt auf eine hohe St\u00fcckzahl, die er versendet. Eine wichtige Anforderung ist daher, dass die Verpackung <strong>gut zu handhaben<\/strong> ist und im Versand <strong>Zeit spart<\/strong>.<\/p>\n<p>Auch eine <strong>flexible Verpackung<\/strong> erleichtert Ihre Arbeit. B\u00fccher haben beispielsweise oft ein \u00e4hnliches Format, sind aber unterschiedlich in der H\u00f6he. Kann ein und dieselbe Verpackung f\u00fcr unterschiedliche Werke genutzt werden, ist der Einkauf des Materials einfacher und aufgrund einer h\u00f6hen Menge auch kosteng\u00fcnstiger.<\/p>\n<p>Auf dem Transportweg ist zudem die <strong>Schutzwirkung<\/strong> der Verpackung von Bedeutung, die daf\u00fcr sorgt, dass das Produkt heil beim Empf\u00e4nger ankommt.<\/p>\n<p>            <style>\n                .message_box_wrapper {\n                    display: block;\n                    width: 100%;\n                    width: calc( 100% - 32px );\n                    margin-bottom: 30px;\n                    margin-top: 15px;\n                    padding: 15px;\n                    float: left;\n                    background: #f9f9f9;\n                    border: 1px solid #dddddd;\n                }\n                .message_box_wrapper .message_box_icon {\n                    margin-bottom: 0;\n                }\n                .message_box_wrapper .message_box_caption {\n                    margin-left: 70px;\n                }\n                .message_box_wrapper .message_box_caption .message_box_button {\n                    background: #278dd1;\n                    border-color: #278dd1;\n                    display: inline-block;\n                    padding: 6px 20px;\n                    line-height: 1.42857143;\n                    color: #fff;\n                    font-size: 17px;\n                    font-weight: normal;\n                    text-decoration: none;\n                }\n            <\/style>\n\n            <div class=\"message_box_wrapper\">\n                <p>\n                    <img decoding=\"async\" class=\"alignleft wp-image-4005 message_box_icon\" title=\"MEDEWO-Tipp\" src=\"https:\/\/www.medewo.com\/blog\/wp-content\/themes\/dt-the7-child\/img\/icons\/Tipp.svg\" alt=\"MEDEWO-Tipp\" width=\"50\" height=\"50\">\n                <\/p>\n                Um beim Versand nicht mehr Porto als n\u00f6tig zu zahlen, beachten Sie diese <a href=\"https:\/\/www.medewo.com\/blog\/ch-de\/loesungen\/porto-optimierung-so-gestalten-sie-ihre-kosten-bestmoeglich\/\">\u00dcbersicht<\/a> \u00fcber die Preise verschiedener Anbieter.                <p class=\"message_box_caption\">\n                                    <\/p>\n            <\/div>\n        [\/vc_column_text][\/vc_column][\/vc_row][vc_row][vc_column][vc_empty_space height=&#187;20px&#187;][vc_custom_heading text=&#187;Welche Verpackungen kann ich konkret nutzen?&#187; use_theme_fonts=&#187;yes&#187;][vc_column_text]Geht es in der Praxis an die Verpackung, haben Sie die Wahl zwischen unterschiedlichen Ausf\u00fchrungen:[\/vc_column_text][\/vc_column][\/vc_row][vc_row][vc_column][vc_empty_space height=&#187;20px&#187;][vc_custom_heading text=&#187;Der Allrounder: die Faltschachtel&#187; font_container=&#187;tag:h3|text_align:left&#187; use_theme_fonts=&#187;yes&#187;][vc_row_inner][vc_column_inner width=&#187;1\/2&#8243;][vc_single_image image=&#187;23333&#8243; img_size=&#187;full&#187;][vc_empty_space height=&#187;20px&#187;][vc_column_text]<\/p>\n<div class=\"wp-block-button\"><a class=\"wp-block-button__link\" href=\"https:\/\/www.medewo.com\/ch\/lagersortiment\/kartons-schachteln\/versandschachteln\/\">Zu den Versandschachteln<\/a><\/div>\n<p>[\/vc_column_text][\/vc_column_inner][vc_column_inner width=&#187;1\/2&#8243;][vc_column_text]Eine Faltschachtel ist in der Verpackungsbranche und dem E-Commerce der Klassiker. Bieten Sie nicht nur B\u00fccher oder DVDs an, sondern auch andere Produkte, kann er die beste Wahl sein, um nur eine Verpackung f\u00fcr m\u00f6glichst viele Artikel beziehen zu m\u00fcssen.<\/p>\n<p>Haben Sie flache Versandboxen im Einsatz (beispielsweise die OPTO-POST), sparen Sie sich durch das Format auch Porto.[\/vc_column_text][\/vc_column_inner][\/vc_row_inner][\/vc_column][\/vc_row][vc_row][vc_column][vc_empty_space height=&#187;15px&#187;][vc_column_text]Um Zeit zu sparen, greifen Sie am besten auf <a title=\"Zum Ratgeber Convenience-Verpackungen\" href=\"https:\/\/www.medewo.com\/blog\/ch-de\/loesungen\/die-blitzschnellen-verpackungswunder\/\">Convenience-Verpackungen<\/a> zur\u00fcck. Diese sind clever konstruiert, um Ihnen folgende Vorteile zu bieten:<\/p>\n<ul>\n<li>Schachteln wie beispielsweise die QUICK-BOX<sup>\u00ae<\/sup> sind mit einem <strong>Automatikboden<\/strong> ausgestattet und damit schnell aufgerichtet.<\/li>\n<li>Ein <strong>Steckverschluss oder ein Selbstklebestreifen<\/strong> sorgen daf\u00fcr, dass die Verpackung ebenso rasch verschlossen ist.<\/li>\n<li>Ist Ihre Schachtel dank Rillungen <strong>variabel in der H\u00f6he<\/strong> (wie die NIVEAU-BOX S), k\u00f6nnen Sie f\u00fcr Inhalte mit unterschiedlicher H\u00f6he die gleiche Verpackung nutzen. Sie sparen sich F\u00fcllmaterial und fixieren Ihr Produkt bestm\u00f6glich im Paket.<\/li>\n<li>Ein <strong>zweiter Selbstklebestreifen<\/strong> wie bei der COMFORT-BOX RETURN PLUS erleichtert auch die Retoure f\u00fcr den Empf\u00e4nger.<\/li>\n<\/ul>\n<p>[\/vc_column_text][vc_row_inner][vc_column_inner][vc_empty_space height=&#187;20px&#187;][vc_custom_heading text=&#187;F\u00fcr flache Medien: Kalenderverpackung&#187; font_container=&#187;tag:h3|text_align:left&#187; use_theme_fonts=&#187;yes&#187;][\/vc_column_inner][\/vc_row_inner][vc_row_inner][vc_column_inner width=&#187;1\/2&#8243;][vc_column_text]Speziell f\u00fcr flache Medien mit einer H\u00f6he bis zu 10 mm eignen sich Kalenderverpackungen. Sie sind besonders knickfest, da sie aus einer robusten Wellpappe gefertigt sind. So sorgen Sie daf\u00fcr, dass das Papier von z. B. d\u00fcnnen B\u00fcchern, Fotob\u00fcchern, Comicheften oder den namensgebenden Kalendern keine Eselsohren bekommt oder auch Schallplatten fachgerecht verpackt sind. Einfach aufgerichtet und sicher verschlossen dank Steckverschluss mit Arretierfunktion geht die Sendung rasch auf den Postweg.[\/vc_column_text][\/vc_column_inner][vc_column_inner width=&#187;1\/2&#8243;][vc_single_image image=&#187;23330&#8243; img_size=&#187;full&#187;][vc_empty_space height=&#187;20px&#187;][vc_column_text]<\/p>\n<div class=\"wp-block-button\"><a class=\"wp-block-button__link\" href=\"https:\/\/www.medewo.com\/ch\/lagersortiment\/kartons-schachteln\/versandschachteln\/kalenderverpackungen-und-flache-kartons\/\">Zu den Kalenderverpackungen<\/a><\/div>\n<p>[\/vc_column_text][\/vc_column_inner][\/vc_row_inner][vc_empty_space height=&#187;20px&#187;][\/vc_column][\/vc_row][vc_row][vc_column][vc_empty_space height=&#187;20px&#187;][vc_custom_heading text=&#187;Die All-in-One-L\u00f6sung: Buch- &amp; Universalverpackungen&#187; font_container=&#187;tag:h3|text_align:left&#187; use_theme_fonts=&#187;yes&#187;][vc_column_text]Wie der Name bereits sagt, sind Buch- und Universalverpackungen in ihrer Konstruktion genau auf B\u00fccher bzw. eine Vielzahl an weiteren Produkten abgestimmt und gerade f\u00fcr den E-Commerce ideal. Sie sind einfach zu bef\u00fcllen und bieten als \u00abAll-in-One-Verpackung\u00bb alles, was es f\u00fcr den Versand von Medien, aber auch Handys, Kopfh\u00f6rern, Kleinger\u00e4ten uvm. ben\u00f6tigt:[\/vc_column_text][vc_empty_space height=&#187;25px&#187;][vc_single_image image=&#187;23345&#8243; img_size=&#187;full&#187;][vc_empty_space height=&#187;25px&#187;][vc_column_text]<\/p>\n<ul>\n<li><strong>Variable F\u00fcllh\u00f6he<\/strong><br \/>\nDa sich die Schachtel dank der flexiblen Seitenklappen an das Packgut anpasst, ist kein weiteres F\u00fcllmaterial notwendig und die Ware sicher fixiert. Sie ben\u00f6tigen nur eine Art von Verpackungen f\u00fcr Medien mit \u00e4hnlichem Format aber einer unterschiedlichen H\u00f6he.<\/li>\n<li><strong>Umlaufende Stosskanten<\/strong><br \/>\nDas Produkt ist rundum an den Kanten gesch\u00fctzt.<\/li>\n<li><strong>Selbstklebeverschluss und Aufreisshilfe<\/strong><br \/>\nDavon profitieren Sie und Ihr Kunde: Sie verschlie\u00dfen in Ihrem Versand die Sendung rasch und der Empf\u00e4nger kann sie leicht wieder \u00f6ffnen.<\/li>\n<\/ul>\n<p>Was die einzelnen Ausf\u00fchrungen unterscheidet ist zum einen ihre Konstruktion.[\/vc_column_text][vc_empty_space height=&#187;15px&#187;][\/vc_column][\/vc_row][vc_row][vc_column width=&#187;1\/2&#8243;][vc_single_image image=&#187;23339&#8243; img_size=&#187;full&#187;][vc_column_text]<em>Wickelverpackung<\/em>[\/vc_column_text][vc_empty_space height=&#187;15px&#187;][vc_column_text]W\u00e4hrend Sie bei der einen Bauart beispielsweise Ihr Buch auf die Wellkarton legen, die Seitenklappen umlegen und die Verpackung nach einmaligem Wenden verschliessen,\u2026[\/vc_column_text][\/vc_column][vc_column width=&#187;1\/2&#8243;][vc_single_image image=&#187;23336&#8243; img_size=&#187;full&#187;][vc_column_text]<em>Kreuzverpackung<\/em>[\/vc_column_text][vc_empty_space height=&#187;15px&#187;][vc_column_text]\u2026 legen Sie im anderen Fall das Buch in die Mitte der Wellpappe, legen die Seitenklappen um sowie die beiden Fl\u00fcgel und k\u00f6nnen die Verpackung ohne Wenden verschliessen.[\/vc_column_text][\/vc_column][\/vc_row][vc_row][vc_column][vc_empty_space height=&#187;15px&#187;][vc_column_text]Ein anderer Unterschied ist die Qualit\u00e4t des Wellkartons. W\u00e4hrend Kraftliner zu mindestens 80 Prozent aus Prim\u00e4rfasern \u2013 also keinen recycelten Fasern \u2013 besteht, wird Testliner aus Altpapier gefertigt. Kraftliner ist damit stabiler und hochwertiger, w\u00e4hrend Testliner ganz dem Umweltschutz-Gedanken entspricht. Medienverpackungen sind zudem in Braun oder Weiss erh\u00e4ltlich.[\/vc_column_text][\/vc_column][\/vc_row][vc_row][vc_column][vc_empty_space height=&#187;20px&#187;][vc_custom_heading text=&#187;Wie verpacke ich nachhaltig?&#187; use_theme_fonts=&#187;yes&#187;][vc_column_text]Klassischerweise werden Medien in Verpackungen aus Wellpappe verschickt. Gefertigt aus einem nachwachsenden Rohstoff punkten sie bereits mit einer positiven Umweltbilanz. Dar\u00fcber hinaus garantieren <strong>Zertifizierungen wie PEFC oder FSC<sup>\u00ae<\/sup><\/strong>, dass das Material ressourcenschonend und nachhaltig gewonnen sowie weiterverarbeitet wird. Achten Sie bei der Wahl der Verpackung daher darauf, ob der Karton zertifiziert ist. Da <a title=\"Nachhaltigkeit bei MEDEWO\" href=\"https:\/\/www.medewo.com\/ch\/fsc-pefc-zertifizierung\">MEDEWO ebenfalls zertifiziert<\/a> ist, weisen wir solche Produkte nicht nur in unserem Web-Shop oder in Katalogen entsprechend aus, sondern auch auf Lieferschein und Rechnung.<\/p>\n<p>Ein weiteres Merkmal von umweltschonenden Verpackungen ist das <strong>RESY-Zeichen<\/strong>. Aufgedruckt auf einer Schachtel signalisiert es, dass die Pappe nach ihrer Entsorgung von der gleichnamigen Organisation wiederverwertet wird. Bei MEDEWO erhalten Sie ausschliesslich Schachteln, die dieses RESY-Zeichen tragen. Optimal f\u00fcr die Entsorgung sind dabei Einstoff-Verpackung wie Medien- oder Kalenderverpackung. Sie bestehen nur aus einem Material, wodurch sie der Empf\u00e4nger ohne vorheriges Trennen am St\u00fcck zum Abfall geben kann.<\/p>\n<p>Ben\u00f6tigen Sie f\u00fcr Ihre Versandverpackung noch Klebeband oder eine Dokumententasche, bieten sich L\u00f6sungen aus Papier an. Zudem k\u00f6nnen Sie <a href=\"https:\/\/www.medewo.com\/ch\/themenshops\/nachhaltige-und-ressourcenschonende-verpackungen\/umweltfreundliches-full-polstermaterial\/\">nachhaltiges F\u00fcll- und Polstermaterial<\/a> einsetzen, etwa aus Papier, Pflanzenst\u00e4rke oder recyceltem Kunststoff.[\/vc_column_text][vc_empty_space height=&#187;40px&#187;][\/vc_column][\/vc_row][vc_row][vc_column width=&#187;1\/2&#8243;][vc_column_text]<em>Unser gesamtes Sortiment an Medienverpackungen entdecken Sie in unserem Web-Shop:<\/em>[\/vc_column_text][vc_empty_space height=&#187;20px&#187;][vc_column_text]<\/p>\n<div class=\"wp-block-button\"><a class=\"wp-block-button__link\" href=\"https:\/\/www.medewo.com\/blog\/ch-de\/kontakt\/\">Jetzt MEDEWO kontaktieren<\/a><\/div>\n<p>[\/vc_column_text][\/vc_column][vc_column width=&#187;1\/2&#8243;][vc_column_text]<em>Gerne unterst\u00fctzen Sie die MEDEWO-Fachberater bei der Wahl der idealen Verpackung:<\/em>[\/vc_column_text][vc_empty_space height=&#187;20px&#187;][vc_column_text]<\/p>\n<div class=\"wp-block-button\"><a class=\"wp-block-button__link\" href=\"https:\/\/www.medewo.com\/ch\/lagersortiment\/kartons-schachteln\/versandschachteln\/buch-und-wickelverpackungen\/\">Zu den Buch- &amp; Wickelverpackungen<\/a><\/div>\n<p>[\/vc_column_text][\/vc_column][\/vc_row]<\/p>\n<\/div>","protected":false},"excerpt":{"rendered":"<p>Mit welchen L\u00f6sungen sind Medien optimal f\u00fcr den Versand verpackt? Wir haben die wichtigsten Fragen und Antworten f\u00fcr Sie.<\/p>\n","protected":false},"author":1,"featured_media":26047,"comment_status":"open","ping_status":"open","sticky":false,"template":"","format":"standard","meta":{"pgc_sgb_lightbox_settings":"","footnotes":""},"categories":[1274],"tags":[],"m2-product-id":[4684,4688,4689,4692,4694,4695,4696,4698,4699,4700,4706],"class_list":["post-16444","post","type-post","status-publish","format-standard","has-post-thumbnail","hentry","category-produkte","category-1274","description-off"],"yoast_head":"<!-- This site is optimized with the Yoast SEO plugin v27.1.1 - https:\/\/yoast.com\/product\/yoast-seo-wordpress\/ -->\n<title>So verpacken Sie B\u00fccher, DVDs &amp; Co.<\/title>\n<meta name=\"description\" content=\"B\u00fccher, DVDs oder CDs sind im Onlinehandel gefragt. Doch mit welchen L\u00f6sungen sind Medien optimal f\u00fcr den Versand verpackt?\" \/>\n<meta name=\"robots\" content=\"index, follow, max-snippet:-1, max-image-preview:large, max-video-preview:-1\" \/>\n<link rel=\"canonical\" href=\"https:\/\/www.medewo.com\/blog\/ch-de\/produkte\/so-verpacken-sie-buecher-dvds-co\/\" \/>\n<meta property=\"og:locale\" content=\"de_DE\" \/>\n<meta property=\"og:type\" content=\"article\" \/>\n<meta property=\"og:title\" content=\"So verpacken Sie B\u00fccher, DVDs &amp; Co.\" \/>\n<meta property=\"og:description\" content=\"B\u00fccher, DVDs oder CDs sind im Onlinehandel gefragt. Doch mit welchen L\u00f6sungen sind Medien optimal f\u00fcr den Versand verpackt?\" \/>\n<meta property=\"og:url\" content=\"https:\/\/www.medewo.com\/blog\/ch-de\/produkte\/so-verpacken-sie-buecher-dvds-co\/\" \/>\n<meta property=\"og:site_name\" content=\"MEDEWO Verpackungen\" \/>\n<meta property=\"article:published_time\" content=\"2023-01-23T23:00:00+00:00\" \/>\n<meta property=\"article:modified_time\" content=\"2024-01-30T13:15:58+00:00\" \/>\n<meta property=\"og:image\" content=\"https:\/\/www.medewo.com\/blog\/wp-content\/uploads\/2023\/01\/hb_buch-universalverpackung.jpg\" \/>\n\t<meta property=\"og:image:width\" content=\"775\" \/>\n\t<meta property=\"og:image:height\" content=\"519\" \/>\n\t<meta property=\"og:image:type\" content=\"image\/jpeg\" \/>\n<meta name=\"author\" content=\"admin\" \/>\n<meta name=\"twitter:card\" content=\"summary_large_image\" \/>\n<meta name=\"twitter:label1\" content=\"Geschrieben von\" \/>\n\t<meta name=\"twitter:data1\" content=\"admin\" \/>\n\t<meta name=\"twitter:label2\" content=\"Gesch\u00e4tzte Lesezeit\" \/>\n\t<meta name=\"twitter:data2\" content=\"7\u00a0Minuten\" \/>\n<script type=\"application\/ld+json\" class=\"yoast-schema-graph\">{\"@context\":\"https:\/\/schema.org\",\"@graph\":[{\"@type\":\"Article\",\"@id\":\"https:\/\/www.medewo.com\/blog\/ch-de\/produkte\/so-verpacken-sie-buecher-dvds-co\/#article\",\"isPartOf\":{\"@id\":\"https:\/\/www.medewo.com\/blog\/ch-de\/produkte\/so-verpacken-sie-buecher-dvds-co\/\"},\"author\":{\"name\":\"admin\",\"@id\":\"https:\/\/www.medewo.com\/blog\/ch-de\/#\/schema\/person\/84e17ff7dbd20461267b403e9de6651a\"},\"headline\":\"So verpacken Sie B\u00fccher, DVDs &#038; Co.\",\"datePublished\":\"2023-01-23T23:00:00+00:00\",\"dateModified\":\"2024-01-30T13:15:58+00:00\",\"mainEntityOfPage\":{\"@id\":\"https:\/\/www.medewo.com\/blog\/ch-de\/produkte\/so-verpacken-sie-buecher-dvds-co\/\"},\"wordCount\":1436,\"commentCount\":0,\"publisher\":{\"@id\":\"https:\/\/www.medewo.com\/blog\/ch-de\/#organization\"},\"image\":{\"@id\":\"https:\/\/www.medewo.com\/blog\/ch-de\/produkte\/so-verpacken-sie-buecher-dvds-co\/#primaryimage\"},\"thumbnailUrl\":\"https:\/\/www.medewo.com\/blog\/wp-content\/uploads\/2023\/01\/hb_buch-universalverpackung.jpg\",\"articleSection\":[\"Produkte\"],\"inLanguage\":\"de-CH\",\"potentialAction\":[{\"@type\":\"CommentAction\",\"name\":\"Comment\",\"target\":[\"https:\/\/www.medewo.com\/blog\/ch-de\/produkte\/so-verpacken-sie-buecher-dvds-co\/#respond\"]}]},{\"@type\":\"WebPage\",\"@id\":\"https:\/\/www.medewo.com\/blog\/ch-de\/produkte\/so-verpacken-sie-buecher-dvds-co\/\",\"url\":\"https:\/\/www.medewo.com\/blog\/ch-de\/produkte\/so-verpacken-sie-buecher-dvds-co\/\",\"name\":\"So verpacken Sie B\u00fccher, DVDs & Co.\",\"isPartOf\":{\"@id\":\"https:\/\/www.medewo.com\/blog\/ch-de\/#website\"},\"primaryImageOfPage\":{\"@id\":\"https:\/\/www.medewo.com\/blog\/ch-de\/produkte\/so-verpacken-sie-buecher-dvds-co\/#primaryimage\"},\"image\":{\"@id\":\"https:\/\/www.medewo.com\/blog\/ch-de\/produkte\/so-verpacken-sie-buecher-dvds-co\/#primaryimage\"},\"thumbnailUrl\":\"https:\/\/www.medewo.com\/blog\/wp-content\/uploads\/2023\/01\/hb_buch-universalverpackung.jpg\",\"datePublished\":\"2023-01-23T23:00:00+00:00\",\"dateModified\":\"2024-01-30T13:15:58+00:00\",\"description\":\"B\u00fccher, DVDs oder CDs sind im Onlinehandel gefragt. Doch mit welchen L\u00f6sungen sind Medien optimal f\u00fcr den Versand verpackt?\",\"breadcrumb\":{\"@id\":\"https:\/\/www.medewo.com\/blog\/ch-de\/produkte\/so-verpacken-sie-buecher-dvds-co\/#breadcrumb\"},\"inLanguage\":\"de-CH\",\"potentialAction\":[{\"@type\":\"ReadAction\",\"target\":[\"https:\/\/www.medewo.com\/blog\/ch-de\/produkte\/so-verpacken-sie-buecher-dvds-co\/\"]}]},{\"@type\":\"ImageObject\",\"inLanguage\":\"de-CH\",\"@id\":\"https:\/\/www.medewo.com\/blog\/ch-de\/produkte\/so-verpacken-sie-buecher-dvds-co\/#primaryimage\",\"url\":\"https:\/\/www.medewo.com\/blog\/wp-content\/uploads\/2023\/01\/hb_buch-universalverpackung.jpg\",\"contentUrl\":\"https:\/\/www.medewo.com\/blog\/wp-content\/uploads\/2023\/01\/hb_buch-universalverpackung.jpg\",\"width\":775,\"height\":519,\"caption\":\"Buch- und Universalverpackungen\"},{\"@type\":\"BreadcrumbList\",\"@id\":\"https:\/\/www.medewo.com\/blog\/ch-de\/produkte\/so-verpacken-sie-buecher-dvds-co\/#breadcrumb\",\"itemListElement\":[{\"@type\":\"ListItem\",\"position\":1,\"name\":\"Startseite\",\"item\":\"https:\/\/www.medewo.com\/blog\/ch-de\/\"},{\"@type\":\"ListItem\",\"position\":2,\"name\":\"So verpacken Sie B\u00fccher, DVDs &#038; Co.\"}]},{\"@type\":\"WebSite\",\"@id\":\"https:\/\/www.medewo.com\/blog\/ch-de\/#website\",\"url\":\"https:\/\/www.medewo.com\/blog\/ch-de\/\",\"name\":\"MEDEWO Verpackungen\",\"description\":\"News\",\"publisher\":{\"@id\":\"https:\/\/www.medewo.com\/blog\/ch-de\/#organization\"},\"potentialAction\":[{\"@type\":\"SearchAction\",\"target\":{\"@type\":\"EntryPoint\",\"urlTemplate\":\"https:\/\/www.medewo.com\/blog\/ch-de\/?s={search_term_string}\"},\"query-input\":{\"@type\":\"PropertyValueSpecification\",\"valueRequired\":true,\"valueName\":\"search_term_string\"}}],\"inLanguage\":\"de-CH\"},{\"@type\":\"Organization\",\"@id\":\"https:\/\/www.medewo.com\/blog\/ch-de\/#organization\",\"name\":\"MEDEWO\",\"url\":\"https:\/\/www.medewo.com\/blog\/ch-de\/\",\"logo\":{\"@type\":\"ImageObject\",\"inLanguage\":\"de-CH\",\"@id\":\"https:\/\/www.medewo.com\/blog\/ch-de\/#\/schema\/logo\/image\/\",\"url\":\"https:\/\/www.medewo.com\/blog\/wp-content\/uploads\/2022\/03\/medewo-logo-claim-quer-2.png\",\"contentUrl\":\"https:\/\/www.medewo.com\/blog\/wp-content\/uploads\/2022\/03\/medewo-logo-claim-quer-2.png\",\"width\":350,\"height\":63,\"caption\":\"MEDEWO\"},\"image\":{\"@id\":\"https:\/\/www.medewo.com\/blog\/ch-de\/#\/schema\/logo\/image\/\"}},{\"@type\":\"Person\",\"@id\":\"https:\/\/www.medewo.com\/blog\/ch-de\/#\/schema\/person\/84e17ff7dbd20461267b403e9de6651a\",\"name\":\"admin\",\"image\":{\"@type\":\"ImageObject\",\"inLanguage\":\"de-CH\",\"@id\":\"https:\/\/www.medewo.com\/blog\/ch-de\/#\/schema\/person\/image\/\",\"url\":\"https:\/\/secure.gravatar.com\/avatar\/db2d5032d48e0c5ea69810e41539f6f14a63a77bccab5e2b2c7ed6f1712f7e3f?s=96&d=blank&r=g\",\"contentUrl\":\"https:\/\/secure.gravatar.com\/avatar\/db2d5032d48e0c5ea69810e41539f6f14a63a77bccab5e2b2c7ed6f1712f7e3f?s=96&d=blank&r=g\",\"caption\":\"admin\"}}]}<\/script>\n<!-- \/ Yoast SEO plugin. -->","yoast_head_json":{"title":"So verpacken Sie B\u00fccher, DVDs & Co.","description":"B\u00fccher, DVDs oder CDs sind im Onlinehandel gefragt. Doch mit welchen L\u00f6sungen sind Medien optimal f\u00fcr den Versand verpackt?","robots":{"index":"index","follow":"follow","max-snippet":"max-snippet:-1","max-image-preview":"max-image-preview:large","max-video-preview":"max-video-preview:-1"},"canonical":"https:\/\/www.medewo.com\/blog\/ch-de\/produkte\/so-verpacken-sie-buecher-dvds-co\/","og_locale":"de_DE","og_type":"article","og_title":"So verpacken Sie B\u00fccher, DVDs & Co.","og_description":"B\u00fccher, DVDs oder CDs sind im Onlinehandel gefragt. Doch mit welchen L\u00f6sungen sind Medien optimal f\u00fcr den Versand verpackt?","og_url":"https:\/\/www.medewo.com\/blog\/ch-de\/produkte\/so-verpacken-sie-buecher-dvds-co\/","og_site_name":"MEDEWO Verpackungen","article_published_time":"2023-01-23T23:00:00+00:00","article_modified_time":"2024-01-30T13:15:58+00:00","og_image":[{"width":775,"height":519,"url":"https:\/\/www.medewo.com\/blog\/wp-content\/uploads\/2023\/01\/hb_buch-universalverpackung.jpg","type":"image\/jpeg"}],"author":"admin","twitter_card":"summary_large_image","twitter_misc":{"Geschrieben von":"admin","Gesch\u00e4tzte Lesezeit":"7\u00a0Minuten"},"schema":{"@context":"https:\/\/schema.org","@graph":[{"@type":"Article","@id":"https:\/\/www.medewo.com\/blog\/ch-de\/produkte\/so-verpacken-sie-buecher-dvds-co\/#article","isPartOf":{"@id":"https:\/\/www.medewo.com\/blog\/ch-de\/produkte\/so-verpacken-sie-buecher-dvds-co\/"},"author":{"name":"admin","@id":"https:\/\/www.medewo.com\/blog\/ch-de\/#\/schema\/person\/84e17ff7dbd20461267b403e9de6651a"},"headline":"So verpacken Sie B\u00fccher, DVDs &#038; Co.","datePublished":"2023-01-23T23:00:00+00:00","dateModified":"2024-01-30T13:15:58+00:00","mainEntityOfPage":{"@id":"https:\/\/www.medewo.com\/blog\/ch-de\/produkte\/so-verpacken-sie-buecher-dvds-co\/"},"wordCount":1436,"commentCount":0,"publisher":{"@id":"https:\/\/www.medewo.com\/blog\/ch-de\/#organization"},"image":{"@id":"https:\/\/www.medewo.com\/blog\/ch-de\/produkte\/so-verpacken-sie-buecher-dvds-co\/#primaryimage"},"thumbnailUrl":"https:\/\/www.medewo.com\/blog\/wp-content\/uploads\/2023\/01\/hb_buch-universalverpackung.jpg","articleSection":["Produkte"],"inLanguage":"de-CH","potentialAction":[{"@type":"CommentAction","name":"Comment","target":["https:\/\/www.medewo.com\/blog\/ch-de\/produkte\/so-verpacken-sie-buecher-dvds-co\/#respond"]}]},{"@type":"WebPage","@id":"https:\/\/www.medewo.com\/blog\/ch-de\/produkte\/so-verpacken-sie-buecher-dvds-co\/","url":"https:\/\/www.medewo.com\/blog\/ch-de\/produkte\/so-verpacken-sie-buecher-dvds-co\/","name":"So verpacken Sie B\u00fccher, DVDs & Co.","isPartOf":{"@id":"https:\/\/www.medewo.com\/blog\/ch-de\/#website"},"primaryImageOfPage":{"@id":"https:\/\/www.medewo.com\/blog\/ch-de\/produkte\/so-verpacken-sie-buecher-dvds-co\/#primaryimage"},"image":{"@id":"https:\/\/www.medewo.com\/blog\/ch-de\/produkte\/so-verpacken-sie-buecher-dvds-co\/#primaryimage"},"thumbnailUrl":"https:\/\/www.medewo.com\/blog\/wp-content\/uploads\/2023\/01\/hb_buch-universalverpackung.jpg","datePublished":"2023-01-23T23:00:00+00:00","dateModified":"2024-01-30T13:15:58+00:00","description":"B\u00fccher, DVDs oder CDs sind im Onlinehandel gefragt. Doch mit welchen L\u00f6sungen sind Medien optimal f\u00fcr den Versand verpackt?","breadcrumb":{"@id":"https:\/\/www.medewo.com\/blog\/ch-de\/produkte\/so-verpacken-sie-buecher-dvds-co\/#breadcrumb"},"inLanguage":"de-CH","potentialAction":[{"@type":"ReadAction","target":["https:\/\/www.medewo.com\/blog\/ch-de\/produkte\/so-verpacken-sie-buecher-dvds-co\/"]}]},{"@type":"ImageObject","inLanguage":"de-CH","@id":"https:\/\/www.medewo.com\/blog\/ch-de\/produkte\/so-verpacken-sie-buecher-dvds-co\/#primaryimage","url":"https:\/\/www.medewo.com\/blog\/wp-content\/uploads\/2023\/01\/hb_buch-universalverpackung.jpg","contentUrl":"https:\/\/www.medewo.com\/blog\/wp-content\/uploads\/2023\/01\/hb_buch-universalverpackung.jpg","width":775,"height":519,"caption":"Buch- und Universalverpackungen"},{"@type":"BreadcrumbList","@id":"https:\/\/www.medewo.com\/blog\/ch-de\/produkte\/so-verpacken-sie-buecher-dvds-co\/#breadcrumb","itemListElement":[{"@type":"ListItem","position":1,"name":"Startseite","item":"https:\/\/www.medewo.com\/blog\/ch-de\/"},{"@type":"ListItem","position":2,"name":"So verpacken Sie B\u00fccher, DVDs &#038; Co."}]},{"@type":"WebSite","@id":"https:\/\/www.medewo.com\/blog\/ch-de\/#website","url":"https:\/\/www.medewo.com\/blog\/ch-de\/","name":"MEDEWO Verpackungen","description":"News","publisher":{"@id":"https:\/\/www.medewo.com\/blog\/ch-de\/#organization"},"potentialAction":[{"@type":"SearchAction","target":{"@type":"EntryPoint","urlTemplate":"https:\/\/www.medewo.com\/blog\/ch-de\/?s={search_term_string}"},"query-input":{"@type":"PropertyValueSpecification","valueRequired":true,"valueName":"search_term_string"}}],"inLanguage":"de-CH"},{"@type":"Organization","@id":"https:\/\/www.medewo.com\/blog\/ch-de\/#organization","name":"MEDEWO","url":"https:\/\/www.medewo.com\/blog\/ch-de\/","logo":{"@type":"ImageObject","inLanguage":"de-CH","@id":"https:\/\/www.medewo.com\/blog\/ch-de\/#\/schema\/logo\/image\/","url":"https:\/\/www.medewo.com\/blog\/wp-content\/uploads\/2022\/03\/medewo-logo-claim-quer-2.png","contentUrl":"https:\/\/www.medewo.com\/blog\/wp-content\/uploads\/2022\/03\/medewo-logo-claim-quer-2.png","width":350,"height":63,"caption":"MEDEWO"},"image":{"@id":"https:\/\/www.medewo.com\/blog\/ch-de\/#\/schema\/logo\/image\/"}},{"@type":"Person","@id":"https:\/\/www.medewo.com\/blog\/ch-de\/#\/schema\/person\/84e17ff7dbd20461267b403e9de6651a","name":"admin","image":{"@type":"ImageObject","inLanguage":"de-CH","@id":"https:\/\/www.medewo.com\/blog\/ch-de\/#\/schema\/person\/image\/","url":"https:\/\/secure.gravatar.com\/avatar\/db2d5032d48e0c5ea69810e41539f6f14a63a77bccab5e2b2c7ed6f1712f7e3f?s=96&d=blank&r=g","contentUrl":"https:\/\/secure.gravatar.com\/avatar\/db2d5032d48e0c5ea69810e41539f6f14a63a77bccab5e2b2c7ed6f1712f7e3f?s=96&d=blank&r=g","caption":"admin"}}]}},"magento_index":true,"_links":{"self":[{"href":"https:\/\/www.medewo.com\/blog\/ch-de\/wp-json\/wp\/v2\/posts\/16444","targetHints":{"allow":["GET"]}}],"collection":[{"href":"https:\/\/www.medewo.com\/blog\/ch-de\/wp-json\/wp\/v2\/posts"}],"about":[{"href":"https:\/\/www.medewo.com\/blog\/ch-de\/wp-json\/wp\/v2\/types\/post"}],"author":[{"embeddable":true,"href":"https:\/\/www.medewo.com\/blog\/ch-de\/wp-json\/wp\/v2\/users\/1"}],"replies":[{"embeddable":true,"href":"https:\/\/www.medewo.com\/blog\/ch-de\/wp-json\/wp\/v2\/comments?post=16444"}],"version-history":[{"count":20,"href":"https:\/\/www.medewo.com\/blog\/ch-de\/wp-json\/wp\/v2\/posts\/16444\/revisions"}],"predecessor-version":[{"id":30725,"href":"https:\/\/www.medewo.com\/blog\/ch-de\/wp-json\/wp\/v2\/posts\/16444\/revisions\/30725"}],"wp:featuredmedia":[{"embeddable":true,"href":"https:\/\/www.medewo.com\/blog\/ch-de\/wp-json\/wp\/v2\/media\/26047"}],"wp:attachment":[{"href":"https:\/\/www.medewo.com\/blog\/ch-de\/wp-json\/wp\/v2\/media?parent=16444"}],"wp:term":[{"taxonomy":"category","embeddable":true,"href":"https:\/\/www.medewo.com\/blog\/ch-de\/wp-json\/wp\/v2\/categories?post=16444"},{"taxonomy":"post_tag","embeddable":true,"href":"https:\/\/www.medewo.com\/blog\/ch-de\/wp-json\/wp\/v2\/tags?post=16444"},{"taxonomy":"m2-product-id","embeddable":true,"href":"https:\/\/www.medewo.com\/blog\/ch-de\/wp-json\/wp\/v2\/m2-product-id?post=16444"}],"curies":[{"name":"wp","href":"https:\/\/api.w.org\/{rel}","templated":true}]}}