{"id":16440,"date":"2018-01-16T00:00:00","date_gmt":"2018-01-15T23:00:00","guid":{"rendered":"https:\/\/www.medewo.com\/blog\/uncategorized-ch-de\/5-verpackungstrends-fuer-2018\/"},"modified":"2024-07-23T10:41:58","modified_gmt":"2024-07-23T08:41:58","slug":"5-verpackungstrends-fuer-2018","status":"publish","type":"post","link":"https:\/\/www.medewo.com\/blog\/ch-de\/loesungen\/5-verpackungstrends-fuer-2018\/","title":{"rendered":"5 Verpackungstrends f\u00fcr 2018"},"content":{"rendered":"<p><strong>Das neue Jahr ist erst wenige Wochen \u00abjung\u00bb \u2013 und h\u00e4lt noch einige mehr f\u00fcr uns bereit. Welche Themen werden 2018 die Verpackungswelt besch\u00e4ftigen? F\u00fcnf Spezialisten von MEDEWO geben ihre pers\u00f6nliche Prognose ab.<\/strong><\/p>\n<h2>Einfach clever: Convenience-L\u00f6sungen<\/h2>\n<p><em>Claudia Jungwirth, Verkaufsleiterin MEDEWO \u00d6sterreich<\/em><\/p>\n<p><img decoding=\"async\" class=\"wp-image-3558 size-full aligncenter\" title=\"Verpackungstrend: Convenience\" src=\"https:\/\/www.medewo.com\/blog\/wp-content\/uploads\/verpackungstrend-convenience.png\" alt=\"Verpackungstrend: Convenience\" width=\"600\" height=\"200\" \/><\/p>\n<p>Die Trend-Produkte f\u00fcr 2018 sind in meinen Augen <a title=\"Zum Ratgeber Convenience-Verpackungen\" href=\"https:\/\/www.medewo.com\/blog\/ch-de\/loesungen\/die-blitzschnellen-verpackungswunder\/\">Convenience-Verpackungen<\/a>. Solche L\u00f6sungen sorgen beim Verpacken f\u00fcr Arbeitserleichterung und effizientere Abl\u00e4ufe. Damit sparen sich Unternehmen auch Zeit und Geld. Wir merken immer mehr, dass die Nachfrage nach diesen Produkten steigt. Durch clevere Konstruktionen bieten sie einen Mehrwert, den gew\u00f6hnliche Verpackungen nicht haben. M\u00f6glichkeiten gibt es viele: vom Automatikboden, der blitzschnell eine Schachtel aufrichtet, \u00fcber die vorgedehnte Stretchfolie, die das Abrollen erleichtert und den Materialverbrauch senkt, bis zum Druckverschlussbeutel.<\/p>\n<p>Unsere <a title=\"Zur Versandbox ECO\" href=\"https:\/\/www.medewo.com\/ch\/comfort-box-return-plus-wiederverschliessbar\">Versandbox ECO<\/a> verdeutlicht sehr gut, was Convenience-Verpackungen k\u00f6nnen. Zum einen ist das Produkt dank Automatikboden und Selbstklebeverschluss in k\u00fcrzester Zeit sicher sowie professionell verpackt. Zum anderen spart sich der Verpacker zus\u00e4tzliches Material zum Verschliessen und senkt damit seine Kosten im Einkauf. Auch der Empf\u00e4nger profitiert von der Schachtel, denn ihre Aufreisshilfe erm\u00f6glicht ein schnelles \u00d6ffnen. Zudem ist sie f\u00fcr den Zweitversand geeignet, da sie mit einem zweiten Haftklebestreifen versehen ist. So ist im Fall einer Retoure eine passende Verpackung f\u00fcr die Ware gleich zur Hand.<\/p>\n<h2>Weniger ist mehr!<\/h2>\n<p><em>Roger Werndli, Produktmanager<\/em><\/p>\n<p><img decoding=\"async\" class=\"wp-image-3555 size-full aligncenter\" title=\"Verpackungstrend: Weniger ist mehr\" src=\"https:\/\/www.medewo.com\/blog\/wp-content\/uploads\/verpackungstrend-wenigerverpackung.png\" alt=\"Verpackungstrend: Weniger ist mehr\" width=\"600\" height=\"200\" \/><\/p>\n<p>Eine Frage, die sich Unternehmen 2018 verst\u00e4rkt stellen werden, ist aus meiner Sicht: Wie viel Verpackungsmaterial ben\u00f6tige ich wirklich, um meine Produkte sicher zu verpacken? Wer das verwendete Material analysiert und in der Menge optimiert, profitiert in vielerlei Hinsicht. Zum einen agiert er nachhaltig: Je weniger Ressourcen wir verbrauchen, umso besser f\u00fcr die Umwelt. Dar\u00fcber hinaus sparen sich Unternehmen Geld, wenn sie eine <a title=\"Zum Ratgeber \u00abWeniger ist mehr!\u00bb\" href=\"https:\/\/www.medewo.com\/blog\/ch-de\/loesungen\/weniger-verpackung-ist-mehr\/\">geringere Menge an Verpackungsmaterial<\/a> einkaufen, und gewinnen Platz, da weniger Lagerfl\u00e4che ben\u00f6tigt wird.<\/p>\n<p>Ein m\u00f6glicher Ansatzpunkt ist dabei, die Verpackung besser auf die Masse des Produkts abzustimmen und damit auch die Menge an F\u00fcll- und Polstermaterial zu optimieren. Das kann entweder eine individuell angefertigte Verpackung sein oder etwa unsere Niveau-Box, die in der H\u00f6he variabel anpassbar ist. Eine kompakte Verpackung kommt auch beim Empf\u00e4nger gut an. Eine andere M\u00f6glichkeit sind so innovative L\u00f6sungen wie unserer Handstretchfolie <a title=\"Zur Stretchfolie MECASTRETCH ECO\" href=\"https:\/\/www.medewo.com\/ch\/handstretchfolie-mecastretch-eco\">MECASTRETCH<sup>\u00ae<\/sup> ECO<\/a>. Bei einer Folienst\u00e4rke von 9 my bietet sie die gleichen Haltekr\u00e4fte wie eine markt\u00fcbliche 20-my-Stretchfolie. Damit sparen Sie bis zu 50 Prozent Material. Wichtig ist dabei nat\u00fcrlich immer, die Schutzfunktion der Verpackung zu beachten. Es gilt: \u00abSo wenig wie m\u00f6glich \u2013 so viel wie n\u00f6tig\u00bb.<\/p>\n<h2>Personalisiert bedrucken<\/h2>\n<p><em>Philipp Sch\u00f6dl, Produktmanager<\/em><\/p>\n<p><img decoding=\"async\" class=\"wp-image-3563 size-full aligncenter\" title=\"Verpackungstrend: Digitaldruck\" src=\"https:\/\/www.medewo.com\/blog\/wp-content\/uploads\/verpackungstrend-digital.png\" alt=\"Verpackungstrend: Digitaldruck\" width=\"600\" height=\"200\" \/><\/p>\n<p><a title=\"Individuelle Verpackung von MEDEWO\" href=\"https:\/\/www.medewo.com\/ch\/verpackungsentwicklung\">Individuell bedruckte Verpackung<\/a>\u00a0ist 2018 gefragt. Wer aus der Masse an Anbietern und damit Sendungen, die t\u00e4glich verschickt werden, herausstechen m\u00f6chte, greift zu individualisierten Faltschachteln, Versandtaschen und Co. Bedruckt mit Ihrem Logo und in Ihren Hausfarben dienen die Verpackungen zum einen als Werbetr\u00e4ger, zum anderen k\u00f6nnen die Masse der Verpackung auf das spezielle Produkt angepasst werden. F\u00fcr einen besonders spannenden Trend im Bereich der individuellen Bedruckung halte ich den Digitaldruck. Im Moment wird vor allem der Offset- oder Flexodruck eingesetzt und der Digitaldruck steckt sozusagen noch in den Kinderschuhen. Aber gerade f\u00fcr Unternehmen, die in kleinen Auflagen Verpackung ben\u00f6tigen oder mit Personalisierungen beim Druck arbeiten m\u00f6chten, kann diese Entwicklung zuk\u00fcnftig interessant werden.<\/p>\n<p>Derzeit wird das Verfahren wenig angewandt, da durch die geringe Druckgeschwindigkeit und teure Tinte die Kosten h\u00f6her sind. Zudem liegt die Bildqualit\u00e4t noch unter der des Offsets. Aber wer weiss, wie sich die Technik weiter entwickeln wird. Zuk\u00fcnftig verspricht der Digitaldruck auch eine kosteng\u00fcnstigere Alternative zu sein, da dabei die Herstellung des Klischees entf\u00e4llt. Welches Druckverfahren schlussendlich am besten geeignet ist, h\u00e4ngt von vielen Faktoren ab \u2013 etwa Gr\u00f6sse des Druckbilds, Material, St\u00fcckzahl und gew\u00fcnschte Qualit\u00e4t. Mit unserer Erfahrung von 35 Jahren wissen wir bei MEDEWO genau, worauf es bei individueller Verpackung ankommt, und beraten unsere Kunden gerne dazu.<\/p>\n<h2>(Umwelt-)Bewusst verpacken<\/h2>\n<p><em>Markus Feilmayr, Qualit\u00e4tsmanager und PEFC-\/FSC<sup>\u00ae<\/sup>-Beauftragter<\/em><\/p>\n<p><img decoding=\"async\" class=\"aligncenter wp-image-3564 size-full\" title=\"Verpackungstrend: Nachhaltigkeit\" src=\"https:\/\/www.medewo.com\/blog\/wp-content\/uploads\/verpackungstrend-nachhaltigkeit.png\" alt=\"Verpackungstrend: Nachhaltigkeit\" width=\"600\" height=\"200\" \/><\/p>\n<p>Auch 2018 wird sich die Verpackungsbranche mit dem Thema besch\u00e4ftigen, wie wir Ressourcen und die Umwelt schonen k\u00f6nnen. Nachhaltige Produkte sind gefragt wie nie. <a title=\"Nachhaltigkeit bei MEDEWO\" href=\"https:\/\/www.medewo.com\/ch\/nachhaltigkeit\">Zertifizierung wie PEFC\u00a0und FSC<sup>\u00ae<\/sup><\/a> f\u00fcr Papier und Kartonagen sind richtungsweisend und garantieren, dass der Rohstoff verantwortlich gewonnen und verarbeitet wird. MEDEWO ist von beiden Organisationen zertifiziert, damit wir f\u00fcr unsere Kunden die entsprechenden Artikel auch auf offiziellen Papieren wie Rechnungen oder Lieferscheine dokumentieren k\u00f6nnen. Wir arbeiten best\u00e4ndig daran, unser Sortiment an zertifizierter Ware noch weiter auszubauen.<\/p>\n<p>Neben diesen Auszeichnungen geht der Trend im Bereich Ressourcenschonung klar zum Recycling. Zum einen wird Recyclingmaterial zur Herstellung der Verpackung eingesetzt \u2013 sei es beispielsweise als Testliner bei Kartonagen oder auch im Bereich Hygienepapiere. Zum anderen spielt die Frage, ob die Verpackung wiederverwertbar ist, eine grosse Rolle. Wer darauf achtet, dass das Material zu 100 Prozent recyclingf\u00e4hig ist, bewahrt Ressourcen und die Umwelt. Sogenannte Einstoff-Verpackungen sind daf\u00fcr das Paradebeispiel. Ganz dem Namen nach bestehen sie nur aus einem Material, wie etwa Medienverpackungen, die ohne F\u00fcllmaterial auskommen, oder eine Faltschachtel in Kombination mit <a title=\"Zu den Papier-Verpackungschips\" href=\"https:\/\/www.medewo.com\/ch\/papier-verpackungschips\">Papier-Verpackungschips<\/a>. Der Empf\u00e4nger kann die verschiedenen Komponenten \u2013 ohne vorherige Trennung \u2013 komplett in die Entsorgung geben und daf\u00fcr sorgen, dass das Material wiederverwertet wird.<\/p>\n<h2>Speziell verpackt f\u00fcr Versand und Handel<\/h2>\n<p><em>Urs Eugster, Packaging Manager<\/em><\/p>\n<p><img decoding=\"async\" class=\"wp-image-3560 size-full aligncenter\" title=\"Verpackungstrend: Massgefertigte Verpackung\" src=\"https:\/\/www.medewo.com\/blog\/wp-content\/uploads\/verpackungstrend-massgefertigt.png\" alt=\"Verpackungstrend: Massgefertigte Verpackung\" width=\"600\" height=\"200\" \/><\/p>\n<p>Da der Online-Handel immer weitere Bereiche erschliesst, wird eine immense Vielfalt an Produkten im Web verkauft. Daf\u00fcr sind passende Verpackungen n\u00f6tig, um die Ware zum Kunden zu bringen. Spezielle Versandverpackungen sehe ich daher als Trendthema 2018. Nur ein kleines Beispiel: Es sind mehr und mehr Anbieter f\u00fcr Oliven- und andere Spezial\u00f6le auf dem Markt, die online vertreiben. Die klassischen Kartons oder Geschenkverpackungen f\u00fcr Flaschen entsprechen hier aber in H\u00f6he und Durchmesser nicht den g\u00e4ngigen Massen. Daf\u00fcr ist es n\u00f6tig, eine massgeschneiderte Verpackung zu entwickeln. Sie garantiert schliesslich auch eine h\u00f6here Sicherheit f\u00fcr das Produkt, da der Hohlraum im Paket minimiert wird.<\/p>\n<p>Eine massgeschneiderte Versandverpackung bietet zudem den Vorteil, dass sie auch einen weiteren Nutzen \u2013 passend zur Anwendung \u2013 haben kann. Wir haben zum Beispiel schon einmal eine Versandschachtel f\u00fcr Spielzeug-K\u00fche aus Holz fertigen lassen, die an den Einzelhandel verschickt wurde. Diesen Karton mit den K\u00fchen konnte der H\u00e4ndler gleich ins Ladenregal stellen und als Shelf-ready-Verpackung einsetzen. Durch die passgenaue Anfertigung der Verpackung war schliesslich auch keine Unterverpackung des Spielzeugs n\u00f6tig. Eine n\u00fctzliche Transportverpackung und zugleich \u00abVerk\u00e4ufer\u00bb am Point of Sale!<\/p>\n","protected":false},"excerpt":{"rendered":"<p>Das neue Jahr ist erst wenige Wochen \u00abjung\u00bb \u2013 und h\u00e4lt noch einige mehr f\u00fcr uns bereit. Welche Themen werden 2018 die Verpackungswelt besch\u00e4ftigen? F\u00fcnf Spezialisten von MEDEWO geben ihre pers\u00f6nliche Prognose ab.<\/p>\n","protected":false},"author":1,"featured_media":11214,"comment_status":"open","ping_status":"open","sticky":false,"template":"","format":"standard","meta":{"pgc_sgb_lightbox_settings":"","footnotes":""},"categories":[1266],"tags":[4315,4509,4307,4357,4453,4511],"m2-product-id":[],"class_list":["post-16440","post","type-post","status-publish","format-standard","has-post-thumbnail","hentry","category-loesungen","tag-convenience-verpackungen","tag-individualisierung","tag-nachhaltigkeit","tag-onlinehandel","tag-verpackungstrends","tag-versandhandel","category-1266","description-off"],"yoast_head":"<!-- This site is optimized with the Yoast SEO plugin v27.1.1 - https:\/\/yoast.com\/product\/yoast-seo-wordpress\/ -->\n<title>5 Verpackungstrends f\u00fcr 2018<\/title>\n<meta name=\"description\" content=\"Welche Themen werden 2018 die Verpackungswelt besch\u00e4ftigen? F\u00fcnf Spezialisten von MEDEWO geben ihre pers\u00f6nliche Prognose ab.\" \/>\n<meta name=\"robots\" content=\"index, follow, max-snippet:-1, max-image-preview:large, max-video-preview:-1\" \/>\n<link rel=\"canonical\" href=\"https:\/\/www.medewo.com\/blog\/ch-de\/loesungen\/5-verpackungstrends-fuer-2018\/\" \/>\n<meta property=\"og:locale\" content=\"de_DE\" \/>\n<meta property=\"og:type\" content=\"article\" \/>\n<meta property=\"og:title\" content=\"5 Verpackungstrends f\u00fcr 2018\" \/>\n<meta property=\"og:description\" content=\"Welche Themen werden 2018 die Verpackungswelt besch\u00e4ftigen? F\u00fcnf Spezialisten von MEDEWO geben ihre pers\u00f6nliche Prognose ab.\" \/>\n<meta property=\"og:url\" content=\"https:\/\/www.medewo.com\/blog\/ch-de\/loesungen\/5-verpackungstrends-fuer-2018\/\" \/>\n<meta property=\"og:site_name\" content=\"MEDEWO Verpackungen\" \/>\n<meta property=\"article:published_time\" content=\"2018-01-15T23:00:00+00:00\" \/>\n<meta property=\"article:modified_time\" content=\"2024-07-23T08:41:58+00:00\" \/>\n<meta property=\"og:image\" content=\"https:\/\/www.medewo.com\/blog\/wp-content\/uploads\/2018\/01\/hauptbild-verpackungstrends-2018.png\" \/>\n\t<meta property=\"og:image:width\" content=\"690\" \/>\n\t<meta property=\"og:image:height\" content=\"460\" \/>\n\t<meta property=\"og:image:type\" content=\"image\/png\" \/>\n<meta name=\"author\" content=\"admin\" \/>\n<meta name=\"twitter:card\" content=\"summary_large_image\" \/>\n<meta name=\"twitter:label1\" content=\"Geschrieben von\" \/>\n\t<meta name=\"twitter:data1\" content=\"admin\" \/>\n\t<meta name=\"twitter:label2\" content=\"Gesch\u00e4tzte Lesezeit\" \/>\n\t<meta name=\"twitter:data2\" content=\"7\u00a0Minuten\" \/>\n<script type=\"application\/ld+json\" class=\"yoast-schema-graph\">{\"@context\":\"https:\/\/schema.org\",\"@graph\":[{\"@type\":\"Article\",\"@id\":\"https:\/\/www.medewo.com\/blog\/ch-de\/loesungen\/5-verpackungstrends-fuer-2018\/#article\",\"isPartOf\":{\"@id\":\"https:\/\/www.medewo.com\/blog\/ch-de\/loesungen\/5-verpackungstrends-fuer-2018\/\"},\"author\":{\"name\":\"admin\",\"@id\":\"https:\/\/www.medewo.com\/blog\/ch-de\/#\/schema\/person\/84e17ff7dbd20461267b403e9de6651a\"},\"headline\":\"5 Verpackungstrends f\u00fcr 2018\",\"datePublished\":\"2018-01-15T23:00:00+00:00\",\"dateModified\":\"2024-07-23T08:41:58+00:00\",\"mainEntityOfPage\":{\"@id\":\"https:\/\/www.medewo.com\/blog\/ch-de\/loesungen\/5-verpackungstrends-fuer-2018\/\"},\"wordCount\":1083,\"commentCount\":0,\"publisher\":{\"@id\":\"https:\/\/www.medewo.com\/blog\/ch-de\/#organization\"},\"image\":{\"@id\":\"https:\/\/www.medewo.com\/blog\/ch-de\/loesungen\/5-verpackungstrends-fuer-2018\/#primaryimage\"},\"thumbnailUrl\":\"https:\/\/www.medewo.com\/blog\/wp-content\/uploads\/2018\/01\/hauptbild-verpackungstrends-2018.png\",\"keywords\":[\"Convenience Verpackungen\",\"Individualisierung\",\"Nachhaltigkeit\",\"Onlinehandel\",\"Verpackungstrends\",\"Versandhandel\"],\"articleSection\":[\"L\u00f6sungen\"],\"inLanguage\":\"de-CH\",\"potentialAction\":[{\"@type\":\"CommentAction\",\"name\":\"Comment\",\"target\":[\"https:\/\/www.medewo.com\/blog\/ch-de\/loesungen\/5-verpackungstrends-fuer-2018\/#respond\"]}]},{\"@type\":\"WebPage\",\"@id\":\"https:\/\/www.medewo.com\/blog\/ch-de\/loesungen\/5-verpackungstrends-fuer-2018\/\",\"url\":\"https:\/\/www.medewo.com\/blog\/ch-de\/loesungen\/5-verpackungstrends-fuer-2018\/\",\"name\":\"5 Verpackungstrends f\u00fcr 2018\",\"isPartOf\":{\"@id\":\"https:\/\/www.medewo.com\/blog\/ch-de\/#website\"},\"primaryImageOfPage\":{\"@id\":\"https:\/\/www.medewo.com\/blog\/ch-de\/loesungen\/5-verpackungstrends-fuer-2018\/#primaryimage\"},\"image\":{\"@id\":\"https:\/\/www.medewo.com\/blog\/ch-de\/loesungen\/5-verpackungstrends-fuer-2018\/#primaryimage\"},\"thumbnailUrl\":\"https:\/\/www.medewo.com\/blog\/wp-content\/uploads\/2018\/01\/hauptbild-verpackungstrends-2018.png\",\"datePublished\":\"2018-01-15T23:00:00+00:00\",\"dateModified\":\"2024-07-23T08:41:58+00:00\",\"description\":\"Welche Themen werden 2018 die Verpackungswelt besch\u00e4ftigen? F\u00fcnf Spezialisten von MEDEWO geben ihre pers\u00f6nliche Prognose ab.\",\"breadcrumb\":{\"@id\":\"https:\/\/www.medewo.com\/blog\/ch-de\/loesungen\/5-verpackungstrends-fuer-2018\/#breadcrumb\"},\"inLanguage\":\"de-CH\",\"potentialAction\":[{\"@type\":\"ReadAction\",\"target\":[\"https:\/\/www.medewo.com\/blog\/ch-de\/loesungen\/5-verpackungstrends-fuer-2018\/\"]}]},{\"@type\":\"ImageObject\",\"inLanguage\":\"de-CH\",\"@id\":\"https:\/\/www.medewo.com\/blog\/ch-de\/loesungen\/5-verpackungstrends-fuer-2018\/#primaryimage\",\"url\":\"https:\/\/www.medewo.com\/blog\/wp-content\/uploads\/2018\/01\/hauptbild-verpackungstrends-2018.png\",\"contentUrl\":\"https:\/\/www.medewo.com\/blog\/wp-content\/uploads\/2018\/01\/hauptbild-verpackungstrends-2018.png\",\"width\":690,\"height\":460},{\"@type\":\"BreadcrumbList\",\"@id\":\"https:\/\/www.medewo.com\/blog\/ch-de\/loesungen\/5-verpackungstrends-fuer-2018\/#breadcrumb\",\"itemListElement\":[{\"@type\":\"ListItem\",\"position\":1,\"name\":\"Startseite\",\"item\":\"https:\/\/www.medewo.com\/blog\/ch-de\/\"},{\"@type\":\"ListItem\",\"position\":2,\"name\":\"5 Verpackungstrends f\u00fcr 2018\"}]},{\"@type\":\"WebSite\",\"@id\":\"https:\/\/www.medewo.com\/blog\/ch-de\/#website\",\"url\":\"https:\/\/www.medewo.com\/blog\/ch-de\/\",\"name\":\"MEDEWO Verpackungen\",\"description\":\"News\",\"publisher\":{\"@id\":\"https:\/\/www.medewo.com\/blog\/ch-de\/#organization\"},\"potentialAction\":[{\"@type\":\"SearchAction\",\"target\":{\"@type\":\"EntryPoint\",\"urlTemplate\":\"https:\/\/www.medewo.com\/blog\/ch-de\/?s={search_term_string}\"},\"query-input\":{\"@type\":\"PropertyValueSpecification\",\"valueRequired\":true,\"valueName\":\"search_term_string\"}}],\"inLanguage\":\"de-CH\"},{\"@type\":\"Organization\",\"@id\":\"https:\/\/www.medewo.com\/blog\/ch-de\/#organization\",\"name\":\"MEDEWO\",\"url\":\"https:\/\/www.medewo.com\/blog\/ch-de\/\",\"logo\":{\"@type\":\"ImageObject\",\"inLanguage\":\"de-CH\",\"@id\":\"https:\/\/www.medewo.com\/blog\/ch-de\/#\/schema\/logo\/image\/\",\"url\":\"https:\/\/www.medewo.com\/blog\/wp-content\/uploads\/2022\/03\/medewo-logo-claim-quer-2.png\",\"contentUrl\":\"https:\/\/www.medewo.com\/blog\/wp-content\/uploads\/2022\/03\/medewo-logo-claim-quer-2.png\",\"width\":350,\"height\":63,\"caption\":\"MEDEWO\"},\"image\":{\"@id\":\"https:\/\/www.medewo.com\/blog\/ch-de\/#\/schema\/logo\/image\/\"}},{\"@type\":\"Person\",\"@id\":\"https:\/\/www.medewo.com\/blog\/ch-de\/#\/schema\/person\/84e17ff7dbd20461267b403e9de6651a\",\"name\":\"admin\",\"image\":{\"@type\":\"ImageObject\",\"inLanguage\":\"de-CH\",\"@id\":\"https:\/\/www.medewo.com\/blog\/ch-de\/#\/schema\/person\/image\/\",\"url\":\"https:\/\/secure.gravatar.com\/avatar\/db2d5032d48e0c5ea69810e41539f6f14a63a77bccab5e2b2c7ed6f1712f7e3f?s=96&d=blank&r=g\",\"contentUrl\":\"https:\/\/secure.gravatar.com\/avatar\/db2d5032d48e0c5ea69810e41539f6f14a63a77bccab5e2b2c7ed6f1712f7e3f?s=96&d=blank&r=g\",\"caption\":\"admin\"}}]}<\/script>\n<!-- \/ Yoast SEO plugin. -->","yoast_head_json":{"title":"5 Verpackungstrends f\u00fcr 2018","description":"Welche Themen werden 2018 die Verpackungswelt besch\u00e4ftigen? F\u00fcnf Spezialisten von MEDEWO geben ihre pers\u00f6nliche Prognose ab.","robots":{"index":"index","follow":"follow","max-snippet":"max-snippet:-1","max-image-preview":"max-image-preview:large","max-video-preview":"max-video-preview:-1"},"canonical":"https:\/\/www.medewo.com\/blog\/ch-de\/loesungen\/5-verpackungstrends-fuer-2018\/","og_locale":"de_DE","og_type":"article","og_title":"5 Verpackungstrends f\u00fcr 2018","og_description":"Welche Themen werden 2018 die Verpackungswelt besch\u00e4ftigen? F\u00fcnf Spezialisten von MEDEWO geben ihre pers\u00f6nliche Prognose ab.","og_url":"https:\/\/www.medewo.com\/blog\/ch-de\/loesungen\/5-verpackungstrends-fuer-2018\/","og_site_name":"MEDEWO Verpackungen","article_published_time":"2018-01-15T23:00:00+00:00","article_modified_time":"2024-07-23T08:41:58+00:00","og_image":[{"width":690,"height":460,"url":"https:\/\/www.medewo.com\/blog\/wp-content\/uploads\/2018\/01\/hauptbild-verpackungstrends-2018.png","type":"image\/png"}],"author":"admin","twitter_card":"summary_large_image","twitter_misc":{"Geschrieben von":"admin","Gesch\u00e4tzte Lesezeit":"7\u00a0Minuten"},"schema":{"@context":"https:\/\/schema.org","@graph":[{"@type":"Article","@id":"https:\/\/www.medewo.com\/blog\/ch-de\/loesungen\/5-verpackungstrends-fuer-2018\/#article","isPartOf":{"@id":"https:\/\/www.medewo.com\/blog\/ch-de\/loesungen\/5-verpackungstrends-fuer-2018\/"},"author":{"name":"admin","@id":"https:\/\/www.medewo.com\/blog\/ch-de\/#\/schema\/person\/84e17ff7dbd20461267b403e9de6651a"},"headline":"5 Verpackungstrends f\u00fcr 2018","datePublished":"2018-01-15T23:00:00+00:00","dateModified":"2024-07-23T08:41:58+00:00","mainEntityOfPage":{"@id":"https:\/\/www.medewo.com\/blog\/ch-de\/loesungen\/5-verpackungstrends-fuer-2018\/"},"wordCount":1083,"commentCount":0,"publisher":{"@id":"https:\/\/www.medewo.com\/blog\/ch-de\/#organization"},"image":{"@id":"https:\/\/www.medewo.com\/blog\/ch-de\/loesungen\/5-verpackungstrends-fuer-2018\/#primaryimage"},"thumbnailUrl":"https:\/\/www.medewo.com\/blog\/wp-content\/uploads\/2018\/01\/hauptbild-verpackungstrends-2018.png","keywords":["Convenience Verpackungen","Individualisierung","Nachhaltigkeit","Onlinehandel","Verpackungstrends","Versandhandel"],"articleSection":["L\u00f6sungen"],"inLanguage":"de-CH","potentialAction":[{"@type":"CommentAction","name":"Comment","target":["https:\/\/www.medewo.com\/blog\/ch-de\/loesungen\/5-verpackungstrends-fuer-2018\/#respond"]}]},{"@type":"WebPage","@id":"https:\/\/www.medewo.com\/blog\/ch-de\/loesungen\/5-verpackungstrends-fuer-2018\/","url":"https:\/\/www.medewo.com\/blog\/ch-de\/loesungen\/5-verpackungstrends-fuer-2018\/","name":"5 Verpackungstrends f\u00fcr 2018","isPartOf":{"@id":"https:\/\/www.medewo.com\/blog\/ch-de\/#website"},"primaryImageOfPage":{"@id":"https:\/\/www.medewo.com\/blog\/ch-de\/loesungen\/5-verpackungstrends-fuer-2018\/#primaryimage"},"image":{"@id":"https:\/\/www.medewo.com\/blog\/ch-de\/loesungen\/5-verpackungstrends-fuer-2018\/#primaryimage"},"thumbnailUrl":"https:\/\/www.medewo.com\/blog\/wp-content\/uploads\/2018\/01\/hauptbild-verpackungstrends-2018.png","datePublished":"2018-01-15T23:00:00+00:00","dateModified":"2024-07-23T08:41:58+00:00","description":"Welche Themen werden 2018 die Verpackungswelt besch\u00e4ftigen? F\u00fcnf Spezialisten von MEDEWO geben ihre pers\u00f6nliche Prognose ab.","breadcrumb":{"@id":"https:\/\/www.medewo.com\/blog\/ch-de\/loesungen\/5-verpackungstrends-fuer-2018\/#breadcrumb"},"inLanguage":"de-CH","potentialAction":[{"@type":"ReadAction","target":["https:\/\/www.medewo.com\/blog\/ch-de\/loesungen\/5-verpackungstrends-fuer-2018\/"]}]},{"@type":"ImageObject","inLanguage":"de-CH","@id":"https:\/\/www.medewo.com\/blog\/ch-de\/loesungen\/5-verpackungstrends-fuer-2018\/#primaryimage","url":"https:\/\/www.medewo.com\/blog\/wp-content\/uploads\/2018\/01\/hauptbild-verpackungstrends-2018.png","contentUrl":"https:\/\/www.medewo.com\/blog\/wp-content\/uploads\/2018\/01\/hauptbild-verpackungstrends-2018.png","width":690,"height":460},{"@type":"BreadcrumbList","@id":"https:\/\/www.medewo.com\/blog\/ch-de\/loesungen\/5-verpackungstrends-fuer-2018\/#breadcrumb","itemListElement":[{"@type":"ListItem","position":1,"name":"Startseite","item":"https:\/\/www.medewo.com\/blog\/ch-de\/"},{"@type":"ListItem","position":2,"name":"5 Verpackungstrends f\u00fcr 2018"}]},{"@type":"WebSite","@id":"https:\/\/www.medewo.com\/blog\/ch-de\/#website","url":"https:\/\/www.medewo.com\/blog\/ch-de\/","name":"MEDEWO Verpackungen","description":"News","publisher":{"@id":"https:\/\/www.medewo.com\/blog\/ch-de\/#organization"},"potentialAction":[{"@type":"SearchAction","target":{"@type":"EntryPoint","urlTemplate":"https:\/\/www.medewo.com\/blog\/ch-de\/?s={search_term_string}"},"query-input":{"@type":"PropertyValueSpecification","valueRequired":true,"valueName":"search_term_string"}}],"inLanguage":"de-CH"},{"@type":"Organization","@id":"https:\/\/www.medewo.com\/blog\/ch-de\/#organization","name":"MEDEWO","url":"https:\/\/www.medewo.com\/blog\/ch-de\/","logo":{"@type":"ImageObject","inLanguage":"de-CH","@id":"https:\/\/www.medewo.com\/blog\/ch-de\/#\/schema\/logo\/image\/","url":"https:\/\/www.medewo.com\/blog\/wp-content\/uploads\/2022\/03\/medewo-logo-claim-quer-2.png","contentUrl":"https:\/\/www.medewo.com\/blog\/wp-content\/uploads\/2022\/03\/medewo-logo-claim-quer-2.png","width":350,"height":63,"caption":"MEDEWO"},"image":{"@id":"https:\/\/www.medewo.com\/blog\/ch-de\/#\/schema\/logo\/image\/"}},{"@type":"Person","@id":"https:\/\/www.medewo.com\/blog\/ch-de\/#\/schema\/person\/84e17ff7dbd20461267b403e9de6651a","name":"admin","image":{"@type":"ImageObject","inLanguage":"de-CH","@id":"https:\/\/www.medewo.com\/blog\/ch-de\/#\/schema\/person\/image\/","url":"https:\/\/secure.gravatar.com\/avatar\/db2d5032d48e0c5ea69810e41539f6f14a63a77bccab5e2b2c7ed6f1712f7e3f?s=96&d=blank&r=g","contentUrl":"https:\/\/secure.gravatar.com\/avatar\/db2d5032d48e0c5ea69810e41539f6f14a63a77bccab5e2b2c7ed6f1712f7e3f?s=96&d=blank&r=g","caption":"admin"}}]}},"magento_index":false,"_links":{"self":[{"href":"https:\/\/www.medewo.com\/blog\/ch-de\/wp-json\/wp\/v2\/posts\/16440","targetHints":{"allow":["GET"]}}],"collection":[{"href":"https:\/\/www.medewo.com\/blog\/ch-de\/wp-json\/wp\/v2\/posts"}],"about":[{"href":"https:\/\/www.medewo.com\/blog\/ch-de\/wp-json\/wp\/v2\/types\/post"}],"author":[{"embeddable":true,"href":"https:\/\/www.medewo.com\/blog\/ch-de\/wp-json\/wp\/v2\/users\/1"}],"replies":[{"embeddable":true,"href":"https:\/\/www.medewo.com\/blog\/ch-de\/wp-json\/wp\/v2\/comments?post=16440"}],"version-history":[{"count":4,"href":"https:\/\/www.medewo.com\/blog\/ch-de\/wp-json\/wp\/v2\/posts\/16440\/revisions"}],"predecessor-version":[{"id":33468,"href":"https:\/\/www.medewo.com\/blog\/ch-de\/wp-json\/wp\/v2\/posts\/16440\/revisions\/33468"}],"wp:featuredmedia":[{"embeddable":true,"href":"https:\/\/www.medewo.com\/blog\/ch-de\/wp-json\/wp\/v2\/media\/11214"}],"wp:attachment":[{"href":"https:\/\/www.medewo.com\/blog\/ch-de\/wp-json\/wp\/v2\/media?parent=16440"}],"wp:term":[{"taxonomy":"category","embeddable":true,"href":"https:\/\/www.medewo.com\/blog\/ch-de\/wp-json\/wp\/v2\/categories?post=16440"},{"taxonomy":"post_tag","embeddable":true,"href":"https:\/\/www.medewo.com\/blog\/ch-de\/wp-json\/wp\/v2\/tags?post=16440"},{"taxonomy":"m2-product-id","embeddable":true,"href":"https:\/\/www.medewo.com\/blog\/ch-de\/wp-json\/wp\/v2\/m2-product-id?post=16440"}],"curies":[{"name":"wp","href":"https:\/\/api.w.org\/{rel}","templated":true}]}}