{"id":16437,"date":"2018-02-26T00:00:00","date_gmt":"2018-02-25T23:00:00","guid":{"rendered":"https:\/\/www.medewo.com\/blog\/uncategorized-ch-de\/kartons-nach-mass-in-wenigen-tagen-bei-ihnen\/"},"modified":"2024-04-02T13:27:36","modified_gmt":"2024-04-02T11:27:36","slug":"kartons-nach-mass-in-wenigen-tagen-bei-ihnen","status":"publish","type":"post","link":"https:\/\/www.medewo.com\/blog\/ch-de\/loesungen\/kartons-nach-mass-in-wenigen-tagen-bei-ihnen\/","title":{"rendered":"Schachteln nach Mass \u2013 in wenigen Tagen bei Ihnen"},"content":{"rendered":"<div class=\"wpb-content-wrapper\"><p>[vc_row][vc_column][vc_column_text]<\/p>\n<p class=\"lead\"><strong>Eine Verpackung, die genau auf die Abmessungen des Packguts abgestimmt ist, erh\u00f6ht die Transportsicherheit, spart Zeit und senkt Kosten. Bei MEDEWO entsteht innerhalb von wenigen Tagen Ihre ganz pers\u00f6nliche Massverpackung. Wir beantworten Ihnen alle Fragen rund um diese Expressschachteln und Zuschnitte.<\/strong><\/p>\n<p>[\/vc_column_text][vc_empty_space height=&#187;18px&#187;][vc_column_text]MEDEWO bietet Ihnen einen besonderen Service \u2013 innerhalb von nur 3 Tagen stellen wir Ihre Wunschverpackung her und das ohne jegliche Mindestmenge. Schon ab einem St\u00fcck k\u00f6nnen wir Ihnen massgefertigte Verpackungen in verschiedenen Designs oder Zuschnitte liefern, die exakt Ihren Vorgaben entsprechen. Bei dem von uns verwendeten Verfahren fallen keine zus\u00e4tzlichen Kosten f\u00fcr Stanzwerkzeug an. F\u00fcr Sie bedeutet das eine besonders kurze Lieferzeit und schon bei Kleinauflagen einen sehr g\u00fcnstigen Preis.[\/vc_column_text][vc_empty_space][vc_column_text el_id=&#187;vorteile&#187;]<\/p>\n<table class=\"table table-striped\">\n<tbody>\n<tr>\n<td><strong>Die wichtigsten Fragen rund um diesen Service im \u00dcberblick:<\/strong><\/p>\n<ul>\n<li><a title=\"Zu den Vorteilen der MEDEWO-Expresschachteln\" href=\"#vorteile\">Welche Vorteile bieten Ihnen die Express-Schachteln von MEDEWO?<\/a><\/li>\n<li><a title=\"Zu den Wellkarton-Qualit\u00e4ten\" href=\"#qualitaeten\">Aus welchen Wellkarton-Qualit\u00e4ten werden die Schachteln gefertigt?<\/a><\/li>\n<li><a title=\"Zu den Schachtel-Designs\" href=\"#designs\">Welche Schachtel-Design stehen Ihnen zur Auswahl?<\/a><\/li>\n<li><a title=\"Zum Ablauf der Bestellung\" href=\"#bestellung\">Wie l\u00e4uft die Bestellung Ihrer Mass-Schachteln ab?<\/a><\/li>\n<\/ul>\n<\/td>\n<\/tr>\n<\/tbody>\n<\/table>\n<p>[\/vc_column_text][vc_empty_space][vc_column_text]<\/p>\n<h2>Welche Vorteile bieten Ihnen die Express-Schachteln von MEDEWO?<\/h2>\n<p>[\/vc_column_text][vc_empty_space][\/vc_column][\/vc_row][vc_row][vc_column width=&#187;1\/2&#8243;][vc_single_image image=&#187;12001&#8243; img_size=&#187;full&#187;][\/vc_column][vc_column width=&#187;1\/2&#8243;][vc_column_text]Neben einer schnellen Lieferung von Verpackungen in Ihrem Wunschmass profitieren Sie bei unserem Service von vielen weiteren Vorteilen, die wir f\u00fcr Sie im \u00dcberblick zusammengestellt haben:<\/p>\n<ul>\n<li><em>Mehr Sicherheit f\u00fcr Ihre Produkte<\/em><br \/>\nSetzen Sie massgeschneiderte Verpackungen ein, erh\u00f6hen Sie die Sicherheit f\u00fcr Ihre Ware. Durch die Anpassung auf die Abmessung des Versandguts, minimieren Sie den Hohlraum in der Schachtel. Auf dem Transportweg ist das Produkt<\/li>\n<\/ul>\n<p>[\/vc_column_text][\/vc_column][\/vc_row][vc_row][vc_column][vc_column_text]<\/p>\n<ul>\n<li>auf diese Weise besser in der Verpackung fixiert und ger\u00e4t weniger leicht in Bewegung, was Sch\u00e4den verhindert. Zudem werden die <a title=\"Jetzt Ihr individuelles Angebot anfordern\" href=\"https:\/\/www.medewo.com\/ch\/kartons-nach-mass\" target=\"_blank\" rel=\"noopener noreferrer\">Express-Mass-Schachteln<\/a> von MEDEWO in eigener Produktion mit besten Wellkarton-Qualit\u00e4ten hergestellt und unterliegen einer strikten Kontrolle. Somit erhalten Sie eine Verpackung, auf die Sie sich rundum verlassen k\u00f6nnen.<\/li>\n<li><em>Zeitersparnis bei Bestellung und Versand<\/em><br \/>\nDas Wort \u00abExpress-Schachteln\u00bb enth\u00e4lt bereits einen grossen Nutzen unserer Schachteln nach Mass: Sie erhalten diese in sehr kurzer Zeit. Sobald Sie Abmessungen und das Design freigegeben haben, startet die Produktion und die Ware ist bereits in wenigen Tagen bei Ihnen. Auch die Nachbestellung ist denkbar einfach. Auf jeder Schachtel finden Sie den Aufdruck der Artikel-Nummer, so dass Sie leicht die Schachteln erneut bestellen k\u00f6nnen. Wertvolle Zeit sparen Sie mit der massgeschneiderten Verpackung ebenso in Ihrem eigenen Versand. Da die Ausf\u00fchrung auf die Packprozesse bei Ihnen vor Ort abgestimmt ist, gestalten Sie die Arbeitsabl\u00e4ufe in Ihrer Versandabteilung effektiver.<\/li>\n<li><em>Platzgewinn im Lager<\/em><br \/>\nDie Express-Schachteln und Zuschnitte erhalten Sie bereits ab einem St\u00fcck. Sie m\u00fcssen keine Mindestmenge abnehmen und k\u00f6nnen die Kartonagen ganz nach Ihren Bed\u00fcrfnissen bestellen. Eine Einlagerung von viel Material entf\u00e4llt, daher sparen Sie Platz im Lager. Schliesslich sind die Best\u00e4nde dank der schnellen Nachbestellung bzw. Produktion rasch wieder aufgef\u00fcllt.<\/li>\n<\/ul>\n<p>[\/vc_column_text][vc_column_text el_id=&#187;qualitaeten&#187;]<\/p>\n<ul>\n<li><em>Kostensenkung im Einkauf<\/em><br \/>\nEin weiterer Vorteil der MEDEWO-Ware: Sie ben\u00f6tigen kein individuelles Stanzwerkzeug. So sparen Sie sich Kosten, die normalerweise bei einer Verpackung nach Mass entstehen. Greifen Sie auf eine Schachtel zur\u00fcck, der auf die Abmessungen Ihres Produkts abgestimmt ist, ben\u00f6tigen Sie auch weniger Polster- bzw. F\u00fcllmaterial. Auch hier sparen Sie somit Kosten ein.<\/li>\n<\/ul>\n<p>[\/vc_column_text][vc_empty_space height=&#187;30px&#187;][vc_column_text]<\/p>\n<h2>Aus welchen Wellkarton-Qualit\u00e4ten werden die Schachteln gefertigt?<\/h2>\n<p>[\/vc_column_text][vc_empty_space][vc_column_text]Sie haben bei den Schachteln die Wahl zwischen drei Wellkarton-Qualit\u00e4ten und zwei Farben. Unabh\u00e4ngig davon, welches Material Sie aussuchen, werden die Schachteln und Zuschnitte aus hochwertiger Endlos-Wellkarton gefertigt, die aus Prim\u00e4r- und Recyclingfasern besteht. Gerade die Aussendecke aus starkem Kraftliner sorgt dabei f\u00fcr hohe Stabilit\u00e4t. Je nach Anwendungsart bzw. Gewicht des Versandgutes steht Ihnen die passende Wellkarton-Qualit\u00e4t zur Verf\u00fcgung \u2013 mit einer Fl\u00e4chenlast von bis zu 40 Kilo. Unsere Qualit\u00e4ten im \u00dcberblick:[\/vc_column_text][vc_empty_space][vc_column_text]<\/p>\n<table class=\"table table-striped\">\n<tbody>\n<tr>\n<td><em><strong>Qualit\u00e4t<\/strong><\/em><\/td>\n<td><strong>1.30 B<\/strong><\/td>\n<td><strong>2.30 EB<\/strong><\/td>\n<td><strong>2.40 BC<\/strong><\/td>\n<\/tr>\n<tr>\n<td><em><strong>Skizze<\/strong><\/em><\/td>\n<td>B-Welle<\/p>\n<p><img decoding=\"async\" class=\"wp-image-3692 aligncenter entered lazyloaded\" title=\"Wellkarton: B-Welle\" src=\"https:\/\/www.medewo.com\/blog\/wp-content\/uploads\/b-welle.png\" alt=\"Wellkarton: B-Welle\" width=\"160\" height=\"35\" data-lazy-src=\"https:\/\/www.medewo.com\/blog\/wp-content\/uploads\/b-welle.png\" data-ll-status=\"loaded\" \/><\/td>\n<td>EB-Welle<\/p>\n<p><img decoding=\"async\" class=\"wp-image-3693 aligncenter entered lazyloaded\" title=\"Wellkarton: EB-Welle\" src=\"https:\/\/www.medewo.com\/blog\/wp-content\/uploads\/eb-welle.png\" alt=\"Wellkarton: EB-Welle\" width=\"160\" height=\"52\" data-lazy-src=\"https:\/\/www.medewo.com\/blog\/wp-content\/uploads\/eb-welle.png\" data-ll-status=\"loaded\" \/><\/td>\n<td>BC-Welle<\/p>\n<p><img decoding=\"async\" class=\"aligncenter wp-image-3691 entered lazyloaded\" title=\"Wellkarton: BC-Welle\" src=\"https:\/\/www.medewo.com\/blog\/wp-content\/uploads\/bc-welle.png\" alt=\"Wellkarton: BC-Welle\" width=\"160\" height=\"76\" data-lazy-src=\"https:\/\/www.medewo.com\/blog\/wp-content\/uploads\/bc-welle.png\" data-ll-status=\"loaded\" \/><\/td>\n<\/tr>\n<tr>\n<td><em><strong>Farben<\/strong><\/em><\/td>\n<td>Weiss und Braun<\/td>\n<td>Braun<\/td>\n<td>Braun<\/td>\n<\/tr>\n<tr>\n<td><em><strong>Lagen<\/strong><\/em><\/td>\n<td>einwellig<\/td>\n<td>zweiwellig<\/td>\n<td>zweiwellig<\/td>\n<\/tr>\n<tr>\n<td><em><strong>Wellentyp<\/strong><\/em><\/td>\n<td>Feinwelle<\/td>\n<td>Fein- und Mikrowelle<\/td>\n<td>Fein- und Grobwelle<\/td>\n<\/tr>\n<tr>\n<td><em><strong>Anwendungsbereich<\/strong><\/em><\/td>\n<td>leichte G\u00fcter<\/td>\n<td>mittelschwere G\u00fcter<\/td>\n<td>mittelschwere bis schwere G\u00fcter<\/td>\n<\/tr>\n<\/tbody>\n<\/table>\n<p>[\/vc_column_text][vc_empty_space][vc_column_text]Hinweis: Um eine schnelle Produktion garantieren zu k\u00f6nnen, verwenden wir speziell gefaltete Wellkarton. Der Falz des Endlos-Wellkartons kann im Endprodukt sichtbar sein.[\/vc_column_text][vc_empty_space][vc_single_image image=&#187;11984&#8243; img_size=&#187;full&#187; alignment=&#187;center&#187;][vc_empty_space el_id=&#187;designs&#187;][vc_column_text]<\/p>\n<h2>Welche Schachtel-Design stehen Ihnen zur Auswahl?<\/h2>\n<p>Von Schachteln f\u00fcr besonders schwere Versandg\u00fcter bis hin zu Schachteln mit Klappdeckel, die ein mehrfaches \u00d6ffnen und Verschliessen erm\u00f6glichen \u2013 w\u00e4hlen Sie zwischen zahlreichen Schachteldesigns, die folgenden FEFCO-Codes entsprechen:<\/p>\n<p><strong>B\u00f6gen<\/strong>[\/vc_column_text][vc_empty_space][vc_separator][vc_empty_space][\/vc_column][\/vc_row][vc_row][vc_column width=&#187;1\/2&#8243;][vc_single_image image=&#187;11989&#8243; img_size=&#187;full&#187; alignment=&#187;right&#187;][\/vc_column][vc_column width=&#187;1\/2&#8243;][\/vc_column][\/vc_row][vc_row][vc_column][vc_empty_space height=&#187;30px&#187;][vc_column_text]<em>FEFCO-Code: 0110<\/em><br \/>\nZuschnitt aus Wellkarton \u2013 ideal als Zwischenlage[\/vc_column_text][vc_empty_space height=&#187;20px&#187;][vc_separator][vc_empty_space][vc_column_text]<strong>Faltschachteln<\/strong><\/p>\n<p>Faltschachteln bestehen aus einem St\u00fcck und sind klassischerweise mit Deckel- und Bodenklappen versehen. Diese werden mit Klebeband oder durch eine Heftung verschlossen.[\/vc_column_text][vc_empty_space height=&#187;20px&#187;][vc_separator][vc_empty_space height=&#187;20px&#187;][\/vc_column][\/vc_row][vc_row][vc_column width=&#187;1\/2&#8243;][vc_single_image image=&#187;11990&#8243; img_size=&#187;full&#187; alignment=&#187;right&#187;][vc_empty_space height=&#187;20px&#187;][vc_column_text]<em>FEFCO-Code: 0200<\/em><br \/>\nHalbfaltkiste \u2013 ge\u00f6ffnet an der Oberseite[\/vc_column_text][\/vc_column][vc_column width=&#187;1\/2&#8243;][vc_single_image image=&#187;11991&#8243; img_size=&#187;full&#187; alignment=&#187;right&#187;][vc_empty_space height=&#187;20px&#187;][vc_column_text]<em>FEFCO-Code: 0201<\/em><br \/>\nDer Klassiker unter den Faltschachtel mit aneinanderstossenden Aussenklappen[\/vc_column_text][\/vc_column][\/vc_row][vc_row][vc_column][vc_empty_space height=&#187;20px&#187;][vc_separator][vc_empty_space height=&#187;20px&#187;][\/vc_column][\/vc_row][vc_row][vc_column width=&#187;1\/2&#8243;][vc_single_image image=&#187;13781&#8243; img_size=&#187;full&#187; alignment=&#187;right&#187;][vc_empty_space height=&#187;20px&#187;][vc_column_text]<em>FEFCO-Code: 0203<\/em><br \/>\nFaltschachtel mit voll\u00fcberlappenden Klappen f\u00fcr mehr Stabilit\u00e4t[\/vc_column_text][\/vc_column][vc_column width=&#187;1\/2&#8243;][vc_single_image image=&#187;11993&#8243; img_size=&#187;full&#187; alignment=&#187;right&#187;][vc_empty_space height=&#187;20px&#187;][vc_column_text]<em>FEFCO-Code: 0204<\/em><br \/>\nFaltschachtel mit aneinander stossenden Aussen- und Innenklappen[\/vc_column_text][\/vc_column][\/vc_row][vc_row][vc_column][vc_empty_space height=&#187;20px&#187;][vc_separator][vc_empty_space height=&#187;20px&#187;][vc_column_text]<strong>Deckelschachteln (Stulpschachteln)<\/strong><\/p>\n<p>Diese Schachteldesigns bestehen aus zwei Teilen, wobei der Deckel beim Verpacken \u00fcber den Boden gest\u00fclpt wird.[\/vc_column_text][vc_empty_space height=&#187;20px&#187;][vc_separator][vc_empty_space height=&#187;20px&#187;][\/vc_column][\/vc_row][vc_row][vc_column width=&#187;1\/2&#8243;][vc_single_image image=&#187;13787&#8243; img_size=&#187;full&#187; alignment=&#187;right&#187;][vc_empty_space height=&#187;20px&#187;][vc_column_text]<em>FEFCO-Code: 0300<\/em><br \/>\nH\u00f6henvariable Stulpschachtel[\/vc_column_text][\/vc_column][vc_column width=&#187;1\/2&#8243;][vc_single_image image=&#187;11988&#8243; img_size=&#187;full&#187; alignment=&#187;right&#187;][vc_empty_space height=&#187;20px&#187;][vc_column_text]<em>FEFCO-Code: 0331<\/em><br \/>\nKlassische h\u00f6henvariable Stulpschachtel mit vierfachem Kantenschutz[\/vc_column_text][\/vc_column][\/vc_row][vc_row][vc_column][vc_empty_space height=&#187;20px&#187;][vc_separator][vc_empty_space height=&#187;20px&#187;][vc_column_text]<strong>Falth\u00fcllen<\/strong><\/p>\n<p>Diese Schachteln bestehen aus einem Zuschnitt, bei dem die Seitenw\u00e4nde sowie der Deckel am Boden befestigt (auch \u00abangelenkt\u00bb genannt) sind. Je nach Ausf\u00fchrung ist ein Verkleben oder Heften als Verschluss nicht notwendig.[\/vc_column_text][vc_empty_space height=&#187;20px&#187;][vc_separator][vc_empty_space height=&#187;20px&#187;][\/vc_column][\/vc_row][vc_row][vc_column width=&#187;1\/2&#8243;][vc_single_image image=&#187;11995&#8243; img_size=&#187;full&#187; alignment=&#187;right&#187;][vc_empty_space height=&#187;20px&#187;][vc_column_text]<em>FEFCO-Code: 0401<\/em><br \/>\nSchlichtes Design f\u00fcr schnelles Verpacken von grossen und langen Teilen[\/vc_column_text][\/vc_column][vc_column width=&#187;1\/2&#8243;][vc_single_image image=&#187;13796&#8243; img_size=&#187;full&#187; alignment=&#187;right&#187;][vc_empty_space height=&#187;20px&#187;][vc_column_text]<em>FEFCO-Code: 0412<\/em><br \/>\nPraktisches Design, wenn das Hineinheben in die Schachtel schwierig ist[\/vc_column_text][\/vc_column][\/vc_row][vc_row][vc_column][vc_empty_space height=&#187;20px&#187;][vc_separator][vc_empty_space height=&#187;20px&#187;][\/vc_column][\/vc_row][vc_row][vc_column width=&#187;1\/2&#8243;][vc_single_image image=&#187;13799&#8243; img_size=&#187;full&#187; alignment=&#187;right&#187;][vc_empty_space height=&#187;20px&#187;][vc_column_text]<em>FEFCO-Code: <\/em><em>0416<\/em><br \/>\nMit Doppel-Klappdeckel f\u00fcr mehrfaches \u00d6ffnen und Verschliessen ohne Verkleben[\/vc_column_text][\/vc_column][vc_column width=&#187;1\/2&#8243;][vc_single_image image=&#187;11998&#8243; img_size=&#187;full&#187; alignment=&#187;right&#187;][vc_empty_space height=&#187;20px&#187;][vc_column_text]<em>FEFCO-Code: 0420<\/em><br \/>\nFaltschachtel mit Verschluss an der Seite[\/vc_column_text][\/vc_column][\/vc_row][vc_row][vc_column][vc_empty_space height=&#187;20px&#187;][vc_separator][vc_empty_space height=&#187;20px&#187;][\/vc_column][\/vc_row][vc_row][vc_column width=&#187;1\/2&#8243;][vc_single_image image=&#187;13805&#8243; img_size=&#187;full&#187; alignment=&#187;right&#187; el_id=&#187;bestellung&#187;][vc_empty_space height=&#187;20px&#187;][vc_column_text]<em>FEFCO-Code: <\/em>0426<br \/>\nMit praktischem Klappdeckel f\u00fcr einen Verschluss ohne Verkleben[\/vc_column_text][\/vc_column][vc_column width=&#187;1\/2&#8243;][vc_single_image image=&#187;13808&#8243; img_size=&#187;full&#187; alignment=&#187;right&#187;][vc_empty_space height=&#187;20px&#187;][vc_column_text]<em>FEFCO-Code: 0473<\/em><br \/>\nStarker rundum Kantenschutz mit \u00abKnautschzone\u00bb an den Schmalseiten[\/vc_column_text][\/vc_column][\/vc_row][vc_row][vc_column][vc_empty_space height=&#187;20px&#187;][vc_separator][vc_empty_space height=&#187;20px&#187;][\/vc_column][\/vc_row][vc_row][vc_column][vc_column_text]<\/p>\n<h2>Wie l\u00e4uft die Bestellung Ihrer Mass-Schachteln ab?<\/h2>\n<p>Damit Sie genau die Verpackung bekommen, die zu 100 Prozent Ihren Anforderungen entspricht, unterst\u00fctzt Sie unser Team gerne von Beginn an. Gemeinsam erfassen wir vorab die Anforderungen an Ihre Verpackung. Besonders die Abmessungen Ihres Produktes, sein Gewicht, aber auch die Art der Lagerung und des Versands spielen eine wichtige Rolle. Auch der Packprozess bei Ihnen vor Ort wird von uns ber\u00fccksichtigt, damit die gew\u00e4hlte Verpackung m\u00f6glichst einfach in der Anwendung ist.<\/p>\n<p>Anschliessend erhalten Sie von Ihrem Berater am Telefon oder per E-Mail Vorschl\u00e4ge f\u00fcr Schachteln oder Zuschnitte. Nachdem Sie sich f\u00fcr eine Ausf\u00fchrung und Menge entschieden haben, stellen wir Ihnen Ihr Angebot und auf Wunsch ein Gratis-Muster zum Testen zu. Sobald Sie die Masse und das Design Ihrer Verpackung freigegeben haben, k\u00f6nnen wir Ihre Mass-Schachteln innerhalb von 3 Tagen an Sie liefern. Auch das Nachbestellen k\u00f6nnte dank der aufgedruckten Artikelnummer einfacher kaum sein.[\/vc_column_text][\/vc_column][\/vc_row][vc_row][vc_column][vc_empty_space height=&#187;40px&#187;][vc_column_text]<em>Sie w\u00fcnschen eine Verpackung nach Mass? Unsere Fachspezialisten beraten Sie gerne und beantworten all Ihre Fragen.<\/em>[\/vc_column_text][vc_empty_space height=&#187;20px&#187;]<style type=\"text\/css\" data-type=\"the7_shortcodes-inline-css\">#default-btn-47d67de1c8e448769292364dc692fa22.ico-right-side > i {\n  margin-right: 0px;\n  margin-left: 8px;\n}\n#default-btn-47d67de1c8e448769292364dc692fa22 > i {\n  margin-right: 8px;\n}<\/style><div class=\"btn-align-center\"><a href=\"https:\/\/www.medewo.com\/ch\/kartons-nach-mass\" class=\"default-btn-shortcode dt-btn dt-btn-m link-hover-off \" id=\"default-btn-47d67de1c8e448769292364dc692fa22\" title=\"Jetzt Ihr individuelles Angebot anfordern\"><span>Jetzt Ihr individuelles Angebot anfordern<\/span><\/a><\/div>[\/vc_column][\/vc_row]<\/p>\n<\/div>","protected":false},"excerpt":{"rendered":"<p>Bei MEDEWO entsteht innerhalb weniger Tage Ihre pers\u00f6nliche Massverpackung. Wir beantworten Ihnen alle Fragen dazu.<\/p>\n","protected":false},"author":1,"featured_media":17804,"comment_status":"open","ping_status":"open","sticky":false,"template":"","format":"standard","meta":{"pgc_sgb_lightbox_settings":"","footnotes":""},"categories":[1266],"tags":[4101,4103,4105,4107,3995,4109,4111],"m2-product-id":[],"class_list":["post-16437","post","type-post","status-publish","format-standard","has-post-thumbnail","hentry","category-loesungen","tag-gratismuster","tag-kleinauflagen","tag-kurze-lieferzeiten","tag-massgefertigte-verpackungen","tag-schachteln","tag-wellkarton","tag-wunschverpackung","category-1266","description-off"],"yoast_head":"<!-- This site is optimized with the Yoast SEO plugin v27.1.1 - https:\/\/yoast.com\/product\/yoast-seo-wordpress\/ -->\n<title>Schachteln nach Mass \u2013 in 3 Tagen bei Ihnen<\/title>\n<meta name=\"description\" content=\"MEDEWO liefert Ihnen massgeschneiderte Verpackungen bzw. Schachteln in bester Qualit\u00e4t, zu g\u00fcnstigen Preisen und in kurzer Zeit\" \/>\n<meta name=\"robots\" content=\"index, follow, max-snippet:-1, max-image-preview:large, max-video-preview:-1\" \/>\n<link rel=\"canonical\" href=\"https:\/\/www.medewo.com\/blog\/ch-de\/loesungen\/kartons-nach-mass-in-wenigen-tagen-bei-ihnen\/\" \/>\n<meta property=\"og:locale\" content=\"de_DE\" \/>\n<meta property=\"og:type\" content=\"article\" \/>\n<meta property=\"og:title\" content=\"Schachteln nach Mass \u2013 in 3 Tagen bei Ihnen\" \/>\n<meta property=\"og:description\" content=\"MEDEWO liefert Ihnen massgeschneiderte Verpackungen bzw. Schachteln in bester Qualit\u00e4t, zu g\u00fcnstigen Preisen und in kurzer Zeit\" \/>\n<meta property=\"og:url\" content=\"https:\/\/www.medewo.com\/blog\/ch-de\/loesungen\/kartons-nach-mass-in-wenigen-tagen-bei-ihnen\/\" \/>\n<meta property=\"og:site_name\" content=\"MEDEWO Verpackungen\" \/>\n<meta property=\"article:published_time\" content=\"2018-02-25T23:00:00+00:00\" \/>\n<meta property=\"article:modified_time\" content=\"2024-04-02T11:27:36+00:00\" \/>\n<meta property=\"og:image\" content=\"https:\/\/www.medewo.com\/blog\/wp-content\/uploads\/2018\/02\/hb_packsize.jpg\" \/>\n\t<meta property=\"og:image:width\" content=\"775\" \/>\n\t<meta property=\"og:image:height\" content=\"519\" \/>\n\t<meta property=\"og:image:type\" content=\"image\/jpeg\" \/>\n<meta name=\"author\" content=\"admin\" \/>\n<meta name=\"twitter:card\" content=\"summary_large_image\" \/>\n<meta name=\"twitter:label1\" content=\"Geschrieben von\" \/>\n\t<meta name=\"twitter:data1\" content=\"admin\" \/>\n\t<meta name=\"twitter:label2\" content=\"Gesch\u00e4tzte Lesezeit\" \/>\n\t<meta name=\"twitter:data2\" content=\"11\u00a0Minuten\" \/>\n<script type=\"application\/ld+json\" class=\"yoast-schema-graph\">{\"@context\":\"https:\/\/schema.org\",\"@graph\":[{\"@type\":\"Article\",\"@id\":\"https:\/\/www.medewo.com\/blog\/ch-de\/loesungen\/kartons-nach-mass-in-wenigen-tagen-bei-ihnen\/#article\",\"isPartOf\":{\"@id\":\"https:\/\/www.medewo.com\/blog\/ch-de\/loesungen\/kartons-nach-mass-in-wenigen-tagen-bei-ihnen\/\"},\"author\":{\"name\":\"admin\",\"@id\":\"https:\/\/www.medewo.com\/blog\/ch-de\/#\/schema\/person\/84e17ff7dbd20461267b403e9de6651a\"},\"headline\":\"Schachteln nach Mass \u2013 in wenigen Tagen bei Ihnen\",\"datePublished\":\"2018-02-25T23:00:00+00:00\",\"dateModified\":\"2024-04-02T11:27:36+00:00\",\"mainEntityOfPage\":{\"@id\":\"https:\/\/www.medewo.com\/blog\/ch-de\/loesungen\/kartons-nach-mass-in-wenigen-tagen-bei-ihnen\/\"},\"wordCount\":1867,\"commentCount\":0,\"publisher\":{\"@id\":\"https:\/\/www.medewo.com\/blog\/ch-de\/#organization\"},\"image\":{\"@id\":\"https:\/\/www.medewo.com\/blog\/ch-de\/loesungen\/kartons-nach-mass-in-wenigen-tagen-bei-ihnen\/#primaryimage\"},\"thumbnailUrl\":\"https:\/\/www.medewo.com\/blog\/wp-content\/uploads\/2018\/02\/hb_packsize.jpg\",\"keywords\":[\"Gratismuster\",\"Kleinauflagen\",\"kurze Lieferzeiten\",\"ma\u00dfgefertigte Verpackungen\",\"Schachteln\",\"Wellkarton\",\"Wunschverpackung\"],\"articleSection\":[\"L\u00f6sungen\"],\"inLanguage\":\"de-CH\",\"potentialAction\":[{\"@type\":\"CommentAction\",\"name\":\"Comment\",\"target\":[\"https:\/\/www.medewo.com\/blog\/ch-de\/loesungen\/kartons-nach-mass-in-wenigen-tagen-bei-ihnen\/#respond\"]}]},{\"@type\":\"WebPage\",\"@id\":\"https:\/\/www.medewo.com\/blog\/ch-de\/loesungen\/kartons-nach-mass-in-wenigen-tagen-bei-ihnen\/\",\"url\":\"https:\/\/www.medewo.com\/blog\/ch-de\/loesungen\/kartons-nach-mass-in-wenigen-tagen-bei-ihnen\/\",\"name\":\"Schachteln nach Mass \u2013 in 3 Tagen bei Ihnen\",\"isPartOf\":{\"@id\":\"https:\/\/www.medewo.com\/blog\/ch-de\/#website\"},\"primaryImageOfPage\":{\"@id\":\"https:\/\/www.medewo.com\/blog\/ch-de\/loesungen\/kartons-nach-mass-in-wenigen-tagen-bei-ihnen\/#primaryimage\"},\"image\":{\"@id\":\"https:\/\/www.medewo.com\/blog\/ch-de\/loesungen\/kartons-nach-mass-in-wenigen-tagen-bei-ihnen\/#primaryimage\"},\"thumbnailUrl\":\"https:\/\/www.medewo.com\/blog\/wp-content\/uploads\/2018\/02\/hb_packsize.jpg\",\"datePublished\":\"2018-02-25T23:00:00+00:00\",\"dateModified\":\"2024-04-02T11:27:36+00:00\",\"description\":\"MEDEWO liefert Ihnen massgeschneiderte Verpackungen bzw. Schachteln in bester Qualit\u00e4t, zu g\u00fcnstigen Preisen und in kurzer Zeit\",\"breadcrumb\":{\"@id\":\"https:\/\/www.medewo.com\/blog\/ch-de\/loesungen\/kartons-nach-mass-in-wenigen-tagen-bei-ihnen\/#breadcrumb\"},\"inLanguage\":\"de-CH\",\"potentialAction\":[{\"@type\":\"ReadAction\",\"target\":[\"https:\/\/www.medewo.com\/blog\/ch-de\/loesungen\/kartons-nach-mass-in-wenigen-tagen-bei-ihnen\/\"]}]},{\"@type\":\"ImageObject\",\"inLanguage\":\"de-CH\",\"@id\":\"https:\/\/www.medewo.com\/blog\/ch-de\/loesungen\/kartons-nach-mass-in-wenigen-tagen-bei-ihnen\/#primaryimage\",\"url\":\"https:\/\/www.medewo.com\/blog\/wp-content\/uploads\/2018\/02\/hb_packsize.jpg\",\"contentUrl\":\"https:\/\/www.medewo.com\/blog\/wp-content\/uploads\/2018\/02\/hb_packsize.jpg\",\"width\":775,\"height\":519,\"caption\":\"Bei MEDEWO entsteht innerhalb von 3 Tagen Ihre ganz pers\u00f6nliche Massverpackung.\"},{\"@type\":\"BreadcrumbList\",\"@id\":\"https:\/\/www.medewo.com\/blog\/ch-de\/loesungen\/kartons-nach-mass-in-wenigen-tagen-bei-ihnen\/#breadcrumb\",\"itemListElement\":[{\"@type\":\"ListItem\",\"position\":1,\"name\":\"Startseite\",\"item\":\"https:\/\/www.medewo.com\/blog\/ch-de\/\"},{\"@type\":\"ListItem\",\"position\":2,\"name\":\"Schachteln nach Mass \u2013 in wenigen Tagen bei Ihnen\"}]},{\"@type\":\"WebSite\",\"@id\":\"https:\/\/www.medewo.com\/blog\/ch-de\/#website\",\"url\":\"https:\/\/www.medewo.com\/blog\/ch-de\/\",\"name\":\"MEDEWO Verpackungen\",\"description\":\"News\",\"publisher\":{\"@id\":\"https:\/\/www.medewo.com\/blog\/ch-de\/#organization\"},\"potentialAction\":[{\"@type\":\"SearchAction\",\"target\":{\"@type\":\"EntryPoint\",\"urlTemplate\":\"https:\/\/www.medewo.com\/blog\/ch-de\/?s={search_term_string}\"},\"query-input\":{\"@type\":\"PropertyValueSpecification\",\"valueRequired\":true,\"valueName\":\"search_term_string\"}}],\"inLanguage\":\"de-CH\"},{\"@type\":\"Organization\",\"@id\":\"https:\/\/www.medewo.com\/blog\/ch-de\/#organization\",\"name\":\"MEDEWO\",\"url\":\"https:\/\/www.medewo.com\/blog\/ch-de\/\",\"logo\":{\"@type\":\"ImageObject\",\"inLanguage\":\"de-CH\",\"@id\":\"https:\/\/www.medewo.com\/blog\/ch-de\/#\/schema\/logo\/image\/\",\"url\":\"https:\/\/www.medewo.com\/blog\/wp-content\/uploads\/2022\/03\/medewo-logo-claim-quer-2.png\",\"contentUrl\":\"https:\/\/www.medewo.com\/blog\/wp-content\/uploads\/2022\/03\/medewo-logo-claim-quer-2.png\",\"width\":350,\"height\":63,\"caption\":\"MEDEWO\"},\"image\":{\"@id\":\"https:\/\/www.medewo.com\/blog\/ch-de\/#\/schema\/logo\/image\/\"}},{\"@type\":\"Person\",\"@id\":\"https:\/\/www.medewo.com\/blog\/ch-de\/#\/schema\/person\/84e17ff7dbd20461267b403e9de6651a\",\"name\":\"admin\",\"image\":{\"@type\":\"ImageObject\",\"inLanguage\":\"de-CH\",\"@id\":\"https:\/\/www.medewo.com\/blog\/ch-de\/#\/schema\/person\/image\/\",\"url\":\"https:\/\/secure.gravatar.com\/avatar\/db2d5032d48e0c5ea69810e41539f6f14a63a77bccab5e2b2c7ed6f1712f7e3f?s=96&d=blank&r=g\",\"contentUrl\":\"https:\/\/secure.gravatar.com\/avatar\/db2d5032d48e0c5ea69810e41539f6f14a63a77bccab5e2b2c7ed6f1712f7e3f?s=96&d=blank&r=g\",\"caption\":\"admin\"}}]}<\/script>\n<!-- \/ Yoast SEO plugin. -->","yoast_head_json":{"title":"Schachteln nach Mass \u2013 in 3 Tagen bei Ihnen","description":"MEDEWO liefert Ihnen massgeschneiderte Verpackungen bzw. Schachteln in bester Qualit\u00e4t, zu g\u00fcnstigen Preisen und in kurzer Zeit","robots":{"index":"index","follow":"follow","max-snippet":"max-snippet:-1","max-image-preview":"max-image-preview:large","max-video-preview":"max-video-preview:-1"},"canonical":"https:\/\/www.medewo.com\/blog\/ch-de\/loesungen\/kartons-nach-mass-in-wenigen-tagen-bei-ihnen\/","og_locale":"de_DE","og_type":"article","og_title":"Schachteln nach Mass \u2013 in 3 Tagen bei Ihnen","og_description":"MEDEWO liefert Ihnen massgeschneiderte Verpackungen bzw. Schachteln in bester Qualit\u00e4t, zu g\u00fcnstigen Preisen und in kurzer Zeit","og_url":"https:\/\/www.medewo.com\/blog\/ch-de\/loesungen\/kartons-nach-mass-in-wenigen-tagen-bei-ihnen\/","og_site_name":"MEDEWO Verpackungen","article_published_time":"2018-02-25T23:00:00+00:00","article_modified_time":"2024-04-02T11:27:36+00:00","og_image":[{"width":775,"height":519,"url":"https:\/\/www.medewo.com\/blog\/wp-content\/uploads\/2018\/02\/hb_packsize.jpg","type":"image\/jpeg"}],"author":"admin","twitter_card":"summary_large_image","twitter_misc":{"Geschrieben von":"admin","Gesch\u00e4tzte Lesezeit":"11\u00a0Minuten"},"schema":{"@context":"https:\/\/schema.org","@graph":[{"@type":"Article","@id":"https:\/\/www.medewo.com\/blog\/ch-de\/loesungen\/kartons-nach-mass-in-wenigen-tagen-bei-ihnen\/#article","isPartOf":{"@id":"https:\/\/www.medewo.com\/blog\/ch-de\/loesungen\/kartons-nach-mass-in-wenigen-tagen-bei-ihnen\/"},"author":{"name":"admin","@id":"https:\/\/www.medewo.com\/blog\/ch-de\/#\/schema\/person\/84e17ff7dbd20461267b403e9de6651a"},"headline":"Schachteln nach Mass \u2013 in wenigen Tagen bei Ihnen","datePublished":"2018-02-25T23:00:00+00:00","dateModified":"2024-04-02T11:27:36+00:00","mainEntityOfPage":{"@id":"https:\/\/www.medewo.com\/blog\/ch-de\/loesungen\/kartons-nach-mass-in-wenigen-tagen-bei-ihnen\/"},"wordCount":1867,"commentCount":0,"publisher":{"@id":"https:\/\/www.medewo.com\/blog\/ch-de\/#organization"},"image":{"@id":"https:\/\/www.medewo.com\/blog\/ch-de\/loesungen\/kartons-nach-mass-in-wenigen-tagen-bei-ihnen\/#primaryimage"},"thumbnailUrl":"https:\/\/www.medewo.com\/blog\/wp-content\/uploads\/2018\/02\/hb_packsize.jpg","keywords":["Gratismuster","Kleinauflagen","kurze Lieferzeiten","ma\u00dfgefertigte Verpackungen","Schachteln","Wellkarton","Wunschverpackung"],"articleSection":["L\u00f6sungen"],"inLanguage":"de-CH","potentialAction":[{"@type":"CommentAction","name":"Comment","target":["https:\/\/www.medewo.com\/blog\/ch-de\/loesungen\/kartons-nach-mass-in-wenigen-tagen-bei-ihnen\/#respond"]}]},{"@type":"WebPage","@id":"https:\/\/www.medewo.com\/blog\/ch-de\/loesungen\/kartons-nach-mass-in-wenigen-tagen-bei-ihnen\/","url":"https:\/\/www.medewo.com\/blog\/ch-de\/loesungen\/kartons-nach-mass-in-wenigen-tagen-bei-ihnen\/","name":"Schachteln nach Mass \u2013 in 3 Tagen bei Ihnen","isPartOf":{"@id":"https:\/\/www.medewo.com\/blog\/ch-de\/#website"},"primaryImageOfPage":{"@id":"https:\/\/www.medewo.com\/blog\/ch-de\/loesungen\/kartons-nach-mass-in-wenigen-tagen-bei-ihnen\/#primaryimage"},"image":{"@id":"https:\/\/www.medewo.com\/blog\/ch-de\/loesungen\/kartons-nach-mass-in-wenigen-tagen-bei-ihnen\/#primaryimage"},"thumbnailUrl":"https:\/\/www.medewo.com\/blog\/wp-content\/uploads\/2018\/02\/hb_packsize.jpg","datePublished":"2018-02-25T23:00:00+00:00","dateModified":"2024-04-02T11:27:36+00:00","description":"MEDEWO liefert Ihnen massgeschneiderte Verpackungen bzw. Schachteln in bester Qualit\u00e4t, zu g\u00fcnstigen Preisen und in kurzer Zeit","breadcrumb":{"@id":"https:\/\/www.medewo.com\/blog\/ch-de\/loesungen\/kartons-nach-mass-in-wenigen-tagen-bei-ihnen\/#breadcrumb"},"inLanguage":"de-CH","potentialAction":[{"@type":"ReadAction","target":["https:\/\/www.medewo.com\/blog\/ch-de\/loesungen\/kartons-nach-mass-in-wenigen-tagen-bei-ihnen\/"]}]},{"@type":"ImageObject","inLanguage":"de-CH","@id":"https:\/\/www.medewo.com\/blog\/ch-de\/loesungen\/kartons-nach-mass-in-wenigen-tagen-bei-ihnen\/#primaryimage","url":"https:\/\/www.medewo.com\/blog\/wp-content\/uploads\/2018\/02\/hb_packsize.jpg","contentUrl":"https:\/\/www.medewo.com\/blog\/wp-content\/uploads\/2018\/02\/hb_packsize.jpg","width":775,"height":519,"caption":"Bei MEDEWO entsteht innerhalb von 3 Tagen Ihre ganz pers\u00f6nliche Massverpackung."},{"@type":"BreadcrumbList","@id":"https:\/\/www.medewo.com\/blog\/ch-de\/loesungen\/kartons-nach-mass-in-wenigen-tagen-bei-ihnen\/#breadcrumb","itemListElement":[{"@type":"ListItem","position":1,"name":"Startseite","item":"https:\/\/www.medewo.com\/blog\/ch-de\/"},{"@type":"ListItem","position":2,"name":"Schachteln nach Mass \u2013 in wenigen Tagen bei Ihnen"}]},{"@type":"WebSite","@id":"https:\/\/www.medewo.com\/blog\/ch-de\/#website","url":"https:\/\/www.medewo.com\/blog\/ch-de\/","name":"MEDEWO Verpackungen","description":"News","publisher":{"@id":"https:\/\/www.medewo.com\/blog\/ch-de\/#organization"},"potentialAction":[{"@type":"SearchAction","target":{"@type":"EntryPoint","urlTemplate":"https:\/\/www.medewo.com\/blog\/ch-de\/?s={search_term_string}"},"query-input":{"@type":"PropertyValueSpecification","valueRequired":true,"valueName":"search_term_string"}}],"inLanguage":"de-CH"},{"@type":"Organization","@id":"https:\/\/www.medewo.com\/blog\/ch-de\/#organization","name":"MEDEWO","url":"https:\/\/www.medewo.com\/blog\/ch-de\/","logo":{"@type":"ImageObject","inLanguage":"de-CH","@id":"https:\/\/www.medewo.com\/blog\/ch-de\/#\/schema\/logo\/image\/","url":"https:\/\/www.medewo.com\/blog\/wp-content\/uploads\/2022\/03\/medewo-logo-claim-quer-2.png","contentUrl":"https:\/\/www.medewo.com\/blog\/wp-content\/uploads\/2022\/03\/medewo-logo-claim-quer-2.png","width":350,"height":63,"caption":"MEDEWO"},"image":{"@id":"https:\/\/www.medewo.com\/blog\/ch-de\/#\/schema\/logo\/image\/"}},{"@type":"Person","@id":"https:\/\/www.medewo.com\/blog\/ch-de\/#\/schema\/person\/84e17ff7dbd20461267b403e9de6651a","name":"admin","image":{"@type":"ImageObject","inLanguage":"de-CH","@id":"https:\/\/www.medewo.com\/blog\/ch-de\/#\/schema\/person\/image\/","url":"https:\/\/secure.gravatar.com\/avatar\/db2d5032d48e0c5ea69810e41539f6f14a63a77bccab5e2b2c7ed6f1712f7e3f?s=96&d=blank&r=g","contentUrl":"https:\/\/secure.gravatar.com\/avatar\/db2d5032d48e0c5ea69810e41539f6f14a63a77bccab5e2b2c7ed6f1712f7e3f?s=96&d=blank&r=g","caption":"admin"}}]}},"magento_index":false,"_links":{"self":[{"href":"https:\/\/www.medewo.com\/blog\/ch-de\/wp-json\/wp\/v2\/posts\/16437","targetHints":{"allow":["GET"]}}],"collection":[{"href":"https:\/\/www.medewo.com\/blog\/ch-de\/wp-json\/wp\/v2\/posts"}],"about":[{"href":"https:\/\/www.medewo.com\/blog\/ch-de\/wp-json\/wp\/v2\/types\/post"}],"author":[{"embeddable":true,"href":"https:\/\/www.medewo.com\/blog\/ch-de\/wp-json\/wp\/v2\/users\/1"}],"replies":[{"embeddable":true,"href":"https:\/\/www.medewo.com\/blog\/ch-de\/wp-json\/wp\/v2\/comments?post=16437"}],"version-history":[{"count":13,"href":"https:\/\/www.medewo.com\/blog\/ch-de\/wp-json\/wp\/v2\/posts\/16437\/revisions"}],"predecessor-version":[{"id":31955,"href":"https:\/\/www.medewo.com\/blog\/ch-de\/wp-json\/wp\/v2\/posts\/16437\/revisions\/31955"}],"wp:featuredmedia":[{"embeddable":true,"href":"https:\/\/www.medewo.com\/blog\/ch-de\/wp-json\/wp\/v2\/media\/17804"}],"wp:attachment":[{"href":"https:\/\/www.medewo.com\/blog\/ch-de\/wp-json\/wp\/v2\/media?parent=16437"}],"wp:term":[{"taxonomy":"category","embeddable":true,"href":"https:\/\/www.medewo.com\/blog\/ch-de\/wp-json\/wp\/v2\/categories?post=16437"},{"taxonomy":"post_tag","embeddable":true,"href":"https:\/\/www.medewo.com\/blog\/ch-de\/wp-json\/wp\/v2\/tags?post=16437"},{"taxonomy":"m2-product-id","embeddable":true,"href":"https:\/\/www.medewo.com\/blog\/ch-de\/wp-json\/wp\/v2\/m2-product-id?post=16437"}],"curies":[{"name":"wp","href":"https:\/\/api.w.org\/{rel}","templated":true}]}}