{"id":37247,"date":"2026-04-30T11:59:06","date_gmt":"2026-04-30T09:59:06","guid":{"rendered":"https:\/\/www.medewo.com\/blog\/?p=37247"},"modified":"2026-04-30T11:59:06","modified_gmt":"2026-04-30T09:59:06","slug":"nahostkrise-und-geopolitische-spannungen-bedeutung-fuer-den-markt-im-experten-interview","status":"publish","type":"post","link":"https:\/\/www.medewo.com\/blog\/at\/allgemein\/nahostkrise-und-geopolitische-spannungen-bedeutung-fuer-den-markt-im-experten-interview\/","title":{"rendered":"Nahostkrise und geopolitische Spannungen \u2013 Bedeutung f\u00fcr den Markt im Experten-Interview"},"content":{"rendered":"<div class=\"wpb-content-wrapper\"><p>[vc_row][vc_column width=&#8220;2\/3&#8243;][vc_column_text css=&#8220;&#8220;]<strong>Die aktuelle Nahostkrise und geopolitische Spannungen wirken sich zunehmend auf globale M\u00e4rkte aus \u2013 auch auf den Verpackungsmarkt. Besonders betroffen sind Rohstoffe, Energiepreise und internationale Lieferketten. Was das konkret f\u00fcr den Verpackungsmarkt bedeutet, welche Produkte betroffen sind und wie Unternehmen jetzt reagieren sollten, haben wir bei Roger Werndli, Leiter Sortimentsentwicklung bei MEDEWO, nachgefragt.<\/strong>[\/vc_column_text][vc_empty_space][\/vc_column][vc_column width=&#8220;1\/3&#8243;][vc_single_image image=&#8220;37215&#8243; img_size=&#8220;full&#8220; style=&#8220;vc_box_rounded&#8220; css=&#8220;&#8220;][\/vc_column][\/vc_row][vc_row][vc_column][vc_column_text css=&#8220;&#8220;]<\/p>\n<h2><strong>Was bedeutet die Nahostkrise f\u00fcr den Verpackungsmarkt?<\/strong><\/h2>\n<p>[\/vc_column_text][vc_empty_space][vc_column_text css=&#8220;&#8220;]Die Verpackungsindustrie ist stark abh\u00e4ngig von globalen Rohstoff- und Energiem\u00e4rkten. Daher sind solche Ereignisse schnell auch auf dem Verpackungsmarkt sp\u00fcrbar.[\/vc_column_text][vc_column_text css=&#8220;&#8220;]Zum einen steigen die Preise f\u00fcr Rohstoffe. Beispielsweise werden Kunststoffe \u00fcberwiegend aus fossilen Ausgangsstoffen wie Erd\u00f6l und Erdgas hergestellt. Aber auch andere Materialien sind davon beeinflusst, schlie\u00dflich erh\u00f6hen sich die Energie- und Treibstoffkosten. Das bedeutet h\u00f6here Kosten f\u00fcr die Produktion, aber auch den Transport bzw. die Logistik. Dies alles schl\u00e4gt sich auf den Preis von Produkten nieder.[\/vc_column_text][vc_column_text css=&#8220;&#8220;]Nicht zu vergessen, die St\u00f6rungen bzw. Verz\u00f6gerungen in internationalen Lieferketten, die Warenstr\u00f6me auf dem Land, auf dem Wasser und in der Luft beeinflussen.[\/vc_column_text][vc_empty_space][\/vc_column][\/vc_row][vc_row][vc_column][vc_column_text css=&#8220;&#8220;]<\/p>\n<h2><strong>Welche Verpackungen sind besonders betroffen?<\/strong><\/h2>\n<p>[\/vc_column_text][vc_empty_space][\/vc_column][\/vc_row][vc_row][vc_column width=&#8220;1\/2&#8243;][vc_column_text css=&#8220;&#8220;]Das ist ganz unterschiedlich, je nachdem aus welchem Material sie gefertigt und wo sie produziert werden. Am meisten betroffen sind sicherlich Kunststoffverpackungen, da hier allein schon ein Engpass beim Rohstoff besteht. Dazu z\u00e4hlen Beutel und Folien, aber auch Umreifungsb\u00e4nder oder Klebeb\u00e4nder. Papier- und Kartonverpackungen sind indirekt betroffen wegen der Energie- und Produktionskosten bzw. des Transports.[\/vc_column_text][\/vc_column][vc_column width=&#8220;1\/2&#8243;][vc_single_image image=&#8220;37221&#8243; img_size=&#8220;full&#8220; css=&#8220;&#8220;][\/vc_column][\/vc_row][vc_row][vc_column][vc_empty_space][vc_column_text]<\/p>\n<h2><strong>Macht sich das bereits bei den Preisen und Lieferzeiten bemerkbar?<\/strong><\/h2>\n<p>[\/vc_column_text][vc_empty_space][vc_column_text css=&#8220;&#8220;]Bei diversen Verpackungsprodukten haben sich die Marktpreise bereits stark erh\u00f6ht, hier sind die Auswirkungen direkt sp\u00fcrbar. Was wir auch mehr merken, ist, dass sich Lieferzeiten oder auch Konditionen schneller als fr\u00fcher \u00e4ndern. Hier gilt es flexibel zu bleiben und umsichtig zu planen. Eine vorausschauende Planung ist daher essenziell. Deswegen sind wir mit unserem Team stets daran, den Markt zu beobachten und entsprechend zu reagieren. So profitieren unsere Kunden weiterhin auch zu diesen Zeiten von marktgerechten Konditionen und einer hohen Lieferf\u00e4higkeit.[\/vc_column_text][\/vc_column][\/vc_row][vc_row][vc_column][vc_empty_space][vc_column_text css=&#8220;&#8220;]<\/p>\n<h2><strong>Du hast es gerade erw\u00e4hnt: Wie gehen wir bei MEDEWO mit der derzeitigen Situation um?<\/strong><\/h2>\n<p>[\/vc_column_text][\/vc_column][\/vc_row][vc_row][vc_column width=&#8220;1\/2&#8243;][vc_empty_space][vc_column_text css=&#8220;&#8220;]Der Verpackungsmarkt gewinnt immer mehr an Dynamik. Eine sehr gute Marktbeobachtung und Flexibilit\u00e4t sind daher wichtiger denn je, um Auswirkungen fr\u00fchzeitig zu erkennen und bestm\u00f6glich darauf zu reagieren. Dank unserer \u00fcber 40-j\u00e4hrigen Erfahrung wissen wir genau, worauf es hier ankommt, und haben ein entsprechend gro\u00dfes und breit aufgestelltes Netzwerk an Partnern. Mit diesen stehen wir in einem engen Austausch und profitieren von dieser Zusammenarbeit. So schaffen wir es, auf Marktver\u00e4nderungen schnell zu reagieren und die Warenverf\u00fcgbarkeit sicherstellen zu k\u00f6nnen.[\/vc_column_text][\/vc_column][vc_column width=&#8220;1\/2&#8243;][vc_empty_space height=&#8220;40px&#8220;][vc_single_image image=&#8220;37231&#8243; img_size=&#8220;552&#215;600&#8243; css=&#8220;&#8220;][\/vc_column][\/vc_row][vc_row][vc_column][vc_empty_space height=&#8220;12px&#8220;][vc_column_text css=&#8220;&#8220;]<\/p>\n<h2><strong>Was w\u00fcrdest du Unternehmen raten, die Verpackungen ben\u00f6tigen?<\/strong><\/h2>\n<p>[\/vc_column_text][vc_empty_space][vc_column_text css=&#8220;&#8220;]Ich empfehle, den eigenen Bedarf gut zu analysieren und fr\u00fchzeitig ben\u00f6tige Verpackungen einzukaufen. Lieber plane ich mit mehr Vorlaufzeit, als dass ein Engpass entsteht. Es lohnt sich auch zu schauen, welche Alternativen es f\u00fcr die derzeitige Verpackung gibt \u2013 sei es in puncto Material oder Ausf\u00fchrung. Wei\u00df man um seine Alternativen, ist man gut ger\u00fcstet f\u00fcr den Fall der F\u00e4lle und hat bereits einen \u00abPlan B\u00bb in der Hinterhand.[\/vc_column_text][\/vc_column][\/vc_row][vc_row][vc_column][vc_empty_space][vc_column_text css=&#8220;&#8220;]<\/p>\n<h2><strong>Kannst du zum Abschluss kurz zusammenfassen: Was ist dein Fazit in der derzeitigen Lage?<\/strong><\/h2>\n<p>[\/vc_column_text][vc_empty_space][vc_column_text css=&#8220;&#8220;]Die aktuelle Nahostkrise f\u00fchrt zu sp\u00fcrbaren Ver\u00e4nderungen im Verpackungsmarkt, aber der Markt erweist sich bisher mehrheitlich als stabil und lieferf\u00e4hig. Gleichzeitig zeigt sich: Mit vorausschauender Planung, flexiblen L\u00f6sungen und einem starken Partner bleiben Unternehmen weiterhin handlungsf\u00e4hig. Unsere Verpackungsexperten stehen gerne mit Rat und Tat zur Seite in diesen herausfordernden Zeiten. Gemeinsam finden wir die beste L\u00f6sung \u2013 sowohl hinsichtlich der Qualit\u00e4t als auch dem Preis sowie der Verf\u00fcgbarkeit.[\/vc_column_text][\/vc_column][\/vc_row][vc_row][vc_column][vc_empty_space][vc_column_text css=&#8220;&#8220;]Unser Berater-Team steht Ihnen bei allen Fragen und Anliegen gerne pers\u00f6nlich zur Seite und ist f\u00fcr Sie per Chat, E-Mail oder Telefon erreichbar![\/vc_column_text][vc_empty_space height=&#8220;12px&#8220;][vc_column_text css=&#8220;&#8220;]<\/p>\n<div class=\"wp-block-button\"><a class=\"wp-block-button__link\" href=\"https:\/\/www.medewo.com\/blog\/at\/kontakt\/\">Kontakt<\/a><\/div>\n<p>[\/vc_column_text][\/vc_column][\/vc_row]<\/p>\n<\/div>","protected":false},"excerpt":{"rendered":"<p>[vc_row][vc_column width=&#8220;2\/3&#8243;][vc_column_text css=&#8220;&#8220;]Die aktuelle Nahostkrise und geopolitische Spannungen wirken sich zunehmend auf globale M\u00e4rkte aus \u2013 auch auf den Verpackungsmarkt. Besonders betroffen sind Rohstoffe, Energiepreise und internationale Lieferketten. Was das konkret f\u00fcr den Verpackungsmarkt bedeutet, welche Produkte betroffen sind und wie Unternehmen jetzt reagieren sollten, haben wir bei Roger Werndli, Leiter Sortimentsentwicklung bei MEDEWO, nachgefragt.[\/vc_column_text][vc_empty_space][\/vc_column][vc_column&hellip;<\/p>\n","protected":false},"author":62,"featured_media":37205,"comment_status":"open","ping_status":"closed","sticky":false,"template":"","format":"standard","meta":{"pgc_sgb_lightbox_settings":"","footnotes":""},"categories":[916,447],"tags":[],"m2-product-id":[],"class_list":["post-37247","post","type-post","status-publish","format-standard","has-post-thumbnail","hentry","category-allgemein","category-produkte","category-916","category-447","description-off"],"yoast_head":"<!-- This site is optimized with the Yoast SEO plugin v27.4 - https:\/\/yoast.com\/product\/yoast-seo-wordpress\/ -->\n<title>Nahostkrise und geopolitische Spannungen \u2013 Bedeutung f\u00fcr den Markt im Experten-Interview - MEDEWO Verpackungen<\/title>\n<meta name=\"robots\" content=\"index, follow, max-snippet:-1, max-image-preview:large, max-video-preview:-1\" \/>\n<link rel=\"canonical\" href=\"https:\/\/www.medewo.com\/blog\/at\/allgemein\/nahostkrise-und-geopolitische-spannungen-bedeutung-fuer-den-markt-im-experten-interview\/\" \/>\n<meta property=\"og:locale\" content=\"de_DE\" \/>\n<meta property=\"og:type\" content=\"article\" \/>\n<meta property=\"og:title\" content=\"Nahostkrise und geopolitische Spannungen \u2013 Bedeutung f\u00fcr den Markt im Experten-Interview - MEDEWO Verpackungen\" \/>\n<meta property=\"og:description\" content=\"[vc_row][vc_column width=&#8220;2\/3&#8243;][vc_column_text css=&#8220;&#8220;]Die aktuelle Nahostkrise und geopolitische Spannungen wirken sich zunehmend auf globale M\u00e4rkte aus \u2013 auch auf den Verpackungsmarkt. Besonders betroffen sind Rohstoffe, Energiepreise und internationale Lieferketten. Was das konkret f\u00fcr den Verpackungsmarkt bedeutet, welche Produkte betroffen sind und wie Unternehmen jetzt reagieren sollten, haben wir bei Roger Werndli, Leiter Sortimentsentwicklung bei MEDEWO, nachgefragt.[\/vc_column_text][vc_empty_space][\/vc_column][vc_column&hellip;\" \/>\n<meta property=\"og:url\" content=\"https:\/\/www.medewo.com\/blog\/at\/allgemein\/nahostkrise-und-geopolitische-spannungen-bedeutung-fuer-den-markt-im-experten-interview\/\" \/>\n<meta property=\"og:site_name\" content=\"MEDEWO Verpackungen\" \/>\n<meta property=\"article:published_time\" content=\"2026-04-30T09:59:06+00:00\" \/>\n<meta property=\"og:image\" content=\"https:\/\/www.medewo.com\/blog\/wp-content\/uploads\/2026\/04\/Hauptbild-MEDEWO_Krise-Blog.png\" \/>\n\t<meta property=\"og:image:width\" content=\"775\" \/>\n\t<meta property=\"og:image:height\" content=\"519\" \/>\n\t<meta property=\"og:image:type\" content=\"image\/png\" \/>\n<meta name=\"author\" content=\"c.pilz\" \/>\n<meta name=\"twitter:card\" content=\"summary_large_image\" \/>\n<meta name=\"twitter:label1\" content=\"Verfasst von\" \/>\n\t<meta name=\"twitter:data1\" content=\"c.pilz\" \/>\n\t<meta name=\"twitter:label2\" content=\"Gesch\u00e4tzte Lesezeit\" \/>\n\t<meta name=\"twitter:data2\" content=\"4 Minuten\" \/>\n<script type=\"application\/ld+json\" class=\"yoast-schema-graph\">{\"@context\":\"https:\\\/\\\/schema.org\",\"@graph\":[{\"@type\":\"Article\",\"@id\":\"https:\\\/\\\/www.medewo.com\\\/blog\\\/at\\\/allgemein\\\/nahostkrise-und-geopolitische-spannungen-bedeutung-fuer-den-markt-im-experten-interview\\\/#article\",\"isPartOf\":{\"@id\":\"https:\\\/\\\/www.medewo.com\\\/blog\\\/at\\\/allgemein\\\/nahostkrise-und-geopolitische-spannungen-bedeutung-fuer-den-markt-im-experten-interview\\\/\"},\"author\":{\"name\":\"c.pilz\",\"@id\":\"https:\\\/\\\/www.medewo.com\\\/blog\\\/at\\\/#\\\/schema\\\/person\\\/b18173bc0d7e5b29a35773197b37889c\"},\"headline\":\"Nahostkrise und geopolitische Spannungen \u2013 Bedeutung f\u00fcr den Markt im Experten-Interview\",\"datePublished\":\"2026-04-30T09:59:06+00:00\",\"mainEntityOfPage\":{\"@id\":\"https:\\\/\\\/www.medewo.com\\\/blog\\\/at\\\/allgemein\\\/nahostkrise-und-geopolitische-spannungen-bedeutung-fuer-den-markt-im-experten-interview\\\/\"},\"wordCount\":942,\"commentCount\":0,\"publisher\":{\"@id\":\"https:\\\/\\\/www.medewo.com\\\/blog\\\/at\\\/#organization\"},\"image\":{\"@id\":\"https:\\\/\\\/www.medewo.com\\\/blog\\\/at\\\/allgemein\\\/nahostkrise-und-geopolitische-spannungen-bedeutung-fuer-den-markt-im-experten-interview\\\/#primaryimage\"},\"thumbnailUrl\":\"https:\\\/\\\/www.medewo.com\\\/blog\\\/wp-content\\\/uploads\\\/2026\\\/04\\\/Hauptbild-MEDEWO_Krise-Blog.png\",\"articleSection\":{\"1\":\"Produkte\"},\"inLanguage\":\"de-AT\",\"potentialAction\":[{\"@type\":\"CommentAction\",\"name\":\"Comment\",\"target\":[\"https:\\\/\\\/www.medewo.com\\\/blog\\\/at\\\/allgemein\\\/nahostkrise-und-geopolitische-spannungen-bedeutung-fuer-den-markt-im-experten-interview\\\/#respond\"]}]},{\"@type\":\"WebPage\",\"@id\":\"https:\\\/\\\/www.medewo.com\\\/blog\\\/at\\\/allgemein\\\/nahostkrise-und-geopolitische-spannungen-bedeutung-fuer-den-markt-im-experten-interview\\\/\",\"url\":\"https:\\\/\\\/www.medewo.com\\\/blog\\\/at\\\/allgemein\\\/nahostkrise-und-geopolitische-spannungen-bedeutung-fuer-den-markt-im-experten-interview\\\/\",\"name\":\"Nahostkrise und geopolitische Spannungen \u2013 Bedeutung f\u00fcr den Markt im Experten-Interview - MEDEWO Verpackungen\",\"isPartOf\":{\"@id\":\"https:\\\/\\\/www.medewo.com\\\/blog\\\/at\\\/#website\"},\"primaryImageOfPage\":{\"@id\":\"https:\\\/\\\/www.medewo.com\\\/blog\\\/at\\\/allgemein\\\/nahostkrise-und-geopolitische-spannungen-bedeutung-fuer-den-markt-im-experten-interview\\\/#primaryimage\"},\"image\":{\"@id\":\"https:\\\/\\\/www.medewo.com\\\/blog\\\/at\\\/allgemein\\\/nahostkrise-und-geopolitische-spannungen-bedeutung-fuer-den-markt-im-experten-interview\\\/#primaryimage\"},\"thumbnailUrl\":\"https:\\\/\\\/www.medewo.com\\\/blog\\\/wp-content\\\/uploads\\\/2026\\\/04\\\/Hauptbild-MEDEWO_Krise-Blog.png\",\"datePublished\":\"2026-04-30T09:59:06+00:00\",\"breadcrumb\":{\"@id\":\"https:\\\/\\\/www.medewo.com\\\/blog\\\/at\\\/allgemein\\\/nahostkrise-und-geopolitische-spannungen-bedeutung-fuer-den-markt-im-experten-interview\\\/#breadcrumb\"},\"inLanguage\":\"de-AT\",\"potentialAction\":[{\"@type\":\"ReadAction\",\"target\":[\"https:\\\/\\\/www.medewo.com\\\/blog\\\/at\\\/allgemein\\\/nahostkrise-und-geopolitische-spannungen-bedeutung-fuer-den-markt-im-experten-interview\\\/\"]}]},{\"@type\":\"ImageObject\",\"inLanguage\":\"de-AT\",\"@id\":\"https:\\\/\\\/www.medewo.com\\\/blog\\\/at\\\/allgemein\\\/nahostkrise-und-geopolitische-spannungen-bedeutung-fuer-den-markt-im-experten-interview\\\/#primaryimage\",\"url\":\"https:\\\/\\\/www.medewo.com\\\/blog\\\/wp-content\\\/uploads\\\/2026\\\/04\\\/Hauptbild-MEDEWO_Krise-Blog.png\",\"contentUrl\":\"https:\\\/\\\/www.medewo.com\\\/blog\\\/wp-content\\\/uploads\\\/2026\\\/04\\\/Hauptbild-MEDEWO_Krise-Blog.png\",\"width\":775,\"height\":519,\"caption\":\"Preis_Energie_Krise_steigendePreise\"},{\"@type\":\"BreadcrumbList\",\"@id\":\"https:\\\/\\\/www.medewo.com\\\/blog\\\/at\\\/allgemein\\\/nahostkrise-und-geopolitische-spannungen-bedeutung-fuer-den-markt-im-experten-interview\\\/#breadcrumb\",\"itemListElement\":[{\"@type\":\"ListItem\",\"position\":1,\"name\":\"Startseite\",\"item\":\"https:\\\/\\\/www.medewo.com\\\/blog\\\/at\\\/\"},{\"@type\":\"ListItem\",\"position\":2,\"name\":\"Nahostkrise und geopolitische Spannungen \u2013 Bedeutung f\u00fcr den Markt im Experten-Interview\"}]},{\"@type\":\"WebSite\",\"@id\":\"https:\\\/\\\/www.medewo.com\\\/blog\\\/at\\\/#website\",\"url\":\"https:\\\/\\\/www.medewo.com\\\/blog\\\/at\\\/\",\"name\":\"MEDEWO Verpackungen\",\"description\":\"News\",\"publisher\":{\"@id\":\"https:\\\/\\\/www.medewo.com\\\/blog\\\/at\\\/#organization\"},\"potentialAction\":[{\"@type\":\"SearchAction\",\"target\":{\"@type\":\"EntryPoint\",\"urlTemplate\":\"https:\\\/\\\/www.medewo.com\\\/blog\\\/at\\\/?s={search_term_string}\"},\"query-input\":{\"@type\":\"PropertyValueSpecification\",\"valueRequired\":true,\"valueName\":\"search_term_string\"}}],\"inLanguage\":\"de-AT\"},{\"@type\":\"Organization\",\"@id\":\"https:\\\/\\\/www.medewo.com\\\/blog\\\/at\\\/#organization\",\"name\":\"MEDEWO\",\"url\":\"https:\\\/\\\/www.medewo.com\\\/blog\\\/at\\\/\",\"logo\":{\"@type\":\"ImageObject\",\"inLanguage\":\"de-AT\",\"@id\":\"https:\\\/\\\/www.medewo.com\\\/blog\\\/at\\\/#\\\/schema\\\/logo\\\/image\\\/\",\"url\":\"https:\\\/\\\/www.medewo.com\\\/blog\\\/wp-content\\\/uploads\\\/2022\\\/03\\\/medewo-logo-claim-quer-2.png\",\"contentUrl\":\"https:\\\/\\\/www.medewo.com\\\/blog\\\/wp-content\\\/uploads\\\/2022\\\/03\\\/medewo-logo-claim-quer-2.png\",\"width\":350,\"height\":63,\"caption\":\"MEDEWO\"},\"image\":{\"@id\":\"https:\\\/\\\/www.medewo.com\\\/blog\\\/at\\\/#\\\/schema\\\/logo\\\/image\\\/\"}},{\"@type\":\"Person\",\"@id\":\"https:\\\/\\\/www.medewo.com\\\/blog\\\/at\\\/#\\\/schema\\\/person\\\/b18173bc0d7e5b29a35773197b37889c\",\"name\":\"c.pilz\",\"image\":{\"@type\":\"ImageObject\",\"inLanguage\":\"de-AT\",\"@id\":\"https:\\\/\\\/secure.gravatar.com\\\/avatar\\\/16ee3397805a04954db055cea3ddaeb1f86e900496ba42365173f78ceef3343a?s=96&d=blank&r=g\",\"url\":\"https:\\\/\\\/secure.gravatar.com\\\/avatar\\\/16ee3397805a04954db055cea3ddaeb1f86e900496ba42365173f78ceef3343a?s=96&d=blank&r=g\",\"contentUrl\":\"https:\\\/\\\/secure.gravatar.com\\\/avatar\\\/16ee3397805a04954db055cea3ddaeb1f86e900496ba42365173f78ceef3343a?s=96&d=blank&r=g\",\"caption\":\"c.pilz\"}}]}<\/script>\n<!-- \/ Yoast SEO plugin. -->","yoast_head_json":{"title":"Nahostkrise und geopolitische Spannungen \u2013 Bedeutung f\u00fcr den Markt im Experten-Interview - MEDEWO Verpackungen","robots":{"index":"index","follow":"follow","max-snippet":"max-snippet:-1","max-image-preview":"max-image-preview:large","max-video-preview":"max-video-preview:-1"},"canonical":"https:\/\/www.medewo.com\/blog\/at\/allgemein\/nahostkrise-und-geopolitische-spannungen-bedeutung-fuer-den-markt-im-experten-interview\/","og_locale":"de_DE","og_type":"article","og_title":"Nahostkrise und geopolitische Spannungen \u2013 Bedeutung f\u00fcr den Markt im Experten-Interview - MEDEWO Verpackungen","og_description":"[vc_row][vc_column width=&#8220;2\/3&#8243;][vc_column_text css=&#8220;&#8220;]Die aktuelle Nahostkrise und geopolitische Spannungen wirken sich zunehmend auf globale M\u00e4rkte aus \u2013 auch auf den Verpackungsmarkt. Besonders betroffen sind Rohstoffe, Energiepreise und internationale Lieferketten. Was das konkret f\u00fcr den Verpackungsmarkt bedeutet, welche Produkte betroffen sind und wie Unternehmen jetzt reagieren sollten, haben wir bei Roger Werndli, Leiter Sortimentsentwicklung bei MEDEWO, nachgefragt.[\/vc_column_text][vc_empty_space][\/vc_column][vc_column&hellip;","og_url":"https:\/\/www.medewo.com\/blog\/at\/allgemein\/nahostkrise-und-geopolitische-spannungen-bedeutung-fuer-den-markt-im-experten-interview\/","og_site_name":"MEDEWO Verpackungen","article_published_time":"2026-04-30T09:59:06+00:00","og_image":[{"width":775,"height":519,"url":"https:\/\/www.medewo.com\/blog\/wp-content\/uploads\/2026\/04\/Hauptbild-MEDEWO_Krise-Blog.png","type":"image\/png"}],"author":"c.pilz","twitter_card":"summary_large_image","twitter_misc":{"Verfasst von":"c.pilz","Gesch\u00e4tzte Lesezeit":"4 Minuten"},"schema":{"@context":"https:\/\/schema.org","@graph":[{"@type":"Article","@id":"https:\/\/www.medewo.com\/blog\/at\/allgemein\/nahostkrise-und-geopolitische-spannungen-bedeutung-fuer-den-markt-im-experten-interview\/#article","isPartOf":{"@id":"https:\/\/www.medewo.com\/blog\/at\/allgemein\/nahostkrise-und-geopolitische-spannungen-bedeutung-fuer-den-markt-im-experten-interview\/"},"author":{"name":"c.pilz","@id":"https:\/\/www.medewo.com\/blog\/at\/#\/schema\/person\/b18173bc0d7e5b29a35773197b37889c"},"headline":"Nahostkrise und geopolitische Spannungen \u2013 Bedeutung f\u00fcr den Markt im Experten-Interview","datePublished":"2026-04-30T09:59:06+00:00","mainEntityOfPage":{"@id":"https:\/\/www.medewo.com\/blog\/at\/allgemein\/nahostkrise-und-geopolitische-spannungen-bedeutung-fuer-den-markt-im-experten-interview\/"},"wordCount":942,"commentCount":0,"publisher":{"@id":"https:\/\/www.medewo.com\/blog\/at\/#organization"},"image":{"@id":"https:\/\/www.medewo.com\/blog\/at\/allgemein\/nahostkrise-und-geopolitische-spannungen-bedeutung-fuer-den-markt-im-experten-interview\/#primaryimage"},"thumbnailUrl":"https:\/\/www.medewo.com\/blog\/wp-content\/uploads\/2026\/04\/Hauptbild-MEDEWO_Krise-Blog.png","articleSection":{"1":"Produkte"},"inLanguage":"de-AT","potentialAction":[{"@type":"CommentAction","name":"Comment","target":["https:\/\/www.medewo.com\/blog\/at\/allgemein\/nahostkrise-und-geopolitische-spannungen-bedeutung-fuer-den-markt-im-experten-interview\/#respond"]}]},{"@type":"WebPage","@id":"https:\/\/www.medewo.com\/blog\/at\/allgemein\/nahostkrise-und-geopolitische-spannungen-bedeutung-fuer-den-markt-im-experten-interview\/","url":"https:\/\/www.medewo.com\/blog\/at\/allgemein\/nahostkrise-und-geopolitische-spannungen-bedeutung-fuer-den-markt-im-experten-interview\/","name":"Nahostkrise und geopolitische Spannungen \u2013 Bedeutung f\u00fcr den Markt im Experten-Interview - MEDEWO Verpackungen","isPartOf":{"@id":"https:\/\/www.medewo.com\/blog\/at\/#website"},"primaryImageOfPage":{"@id":"https:\/\/www.medewo.com\/blog\/at\/allgemein\/nahostkrise-und-geopolitische-spannungen-bedeutung-fuer-den-markt-im-experten-interview\/#primaryimage"},"image":{"@id":"https:\/\/www.medewo.com\/blog\/at\/allgemein\/nahostkrise-und-geopolitische-spannungen-bedeutung-fuer-den-markt-im-experten-interview\/#primaryimage"},"thumbnailUrl":"https:\/\/www.medewo.com\/blog\/wp-content\/uploads\/2026\/04\/Hauptbild-MEDEWO_Krise-Blog.png","datePublished":"2026-04-30T09:59:06+00:00","breadcrumb":{"@id":"https:\/\/www.medewo.com\/blog\/at\/allgemein\/nahostkrise-und-geopolitische-spannungen-bedeutung-fuer-den-markt-im-experten-interview\/#breadcrumb"},"inLanguage":"de-AT","potentialAction":[{"@type":"ReadAction","target":["https:\/\/www.medewo.com\/blog\/at\/allgemein\/nahostkrise-und-geopolitische-spannungen-bedeutung-fuer-den-markt-im-experten-interview\/"]}]},{"@type":"ImageObject","inLanguage":"de-AT","@id":"https:\/\/www.medewo.com\/blog\/at\/allgemein\/nahostkrise-und-geopolitische-spannungen-bedeutung-fuer-den-markt-im-experten-interview\/#primaryimage","url":"https:\/\/www.medewo.com\/blog\/wp-content\/uploads\/2026\/04\/Hauptbild-MEDEWO_Krise-Blog.png","contentUrl":"https:\/\/www.medewo.com\/blog\/wp-content\/uploads\/2026\/04\/Hauptbild-MEDEWO_Krise-Blog.png","width":775,"height":519,"caption":"Preis_Energie_Krise_steigendePreise"},{"@type":"BreadcrumbList","@id":"https:\/\/www.medewo.com\/blog\/at\/allgemein\/nahostkrise-und-geopolitische-spannungen-bedeutung-fuer-den-markt-im-experten-interview\/#breadcrumb","itemListElement":[{"@type":"ListItem","position":1,"name":"Startseite","item":"https:\/\/www.medewo.com\/blog\/at\/"},{"@type":"ListItem","position":2,"name":"Nahostkrise und geopolitische Spannungen \u2013 Bedeutung f\u00fcr den Markt im Experten-Interview"}]},{"@type":"WebSite","@id":"https:\/\/www.medewo.com\/blog\/at\/#website","url":"https:\/\/www.medewo.com\/blog\/at\/","name":"MEDEWO Verpackungen","description":"News","publisher":{"@id":"https:\/\/www.medewo.com\/blog\/at\/#organization"},"potentialAction":[{"@type":"SearchAction","target":{"@type":"EntryPoint","urlTemplate":"https:\/\/www.medewo.com\/blog\/at\/?s={search_term_string}"},"query-input":{"@type":"PropertyValueSpecification","valueRequired":true,"valueName":"search_term_string"}}],"inLanguage":"de-AT"},{"@type":"Organization","@id":"https:\/\/www.medewo.com\/blog\/at\/#organization","name":"MEDEWO","url":"https:\/\/www.medewo.com\/blog\/at\/","logo":{"@type":"ImageObject","inLanguage":"de-AT","@id":"https:\/\/www.medewo.com\/blog\/at\/#\/schema\/logo\/image\/","url":"https:\/\/www.medewo.com\/blog\/wp-content\/uploads\/2022\/03\/medewo-logo-claim-quer-2.png","contentUrl":"https:\/\/www.medewo.com\/blog\/wp-content\/uploads\/2022\/03\/medewo-logo-claim-quer-2.png","width":350,"height":63,"caption":"MEDEWO"},"image":{"@id":"https:\/\/www.medewo.com\/blog\/at\/#\/schema\/logo\/image\/"}},{"@type":"Person","@id":"https:\/\/www.medewo.com\/blog\/at\/#\/schema\/person\/b18173bc0d7e5b29a35773197b37889c","name":"c.pilz","image":{"@type":"ImageObject","inLanguage":"de-AT","@id":"https:\/\/secure.gravatar.com\/avatar\/16ee3397805a04954db055cea3ddaeb1f86e900496ba42365173f78ceef3343a?s=96&d=blank&r=g","url":"https:\/\/secure.gravatar.com\/avatar\/16ee3397805a04954db055cea3ddaeb1f86e900496ba42365173f78ceef3343a?s=96&d=blank&r=g","contentUrl":"https:\/\/secure.gravatar.com\/avatar\/16ee3397805a04954db055cea3ddaeb1f86e900496ba42365173f78ceef3343a?s=96&d=blank&r=g","caption":"c.pilz"}}]}},"magento_index":false,"_links":{"self":[{"href":"https:\/\/www.medewo.com\/blog\/at\/wp-json\/wp\/v2\/posts\/37247","targetHints":{"allow":["GET"]}}],"collection":[{"href":"https:\/\/www.medewo.com\/blog\/at\/wp-json\/wp\/v2\/posts"}],"about":[{"href":"https:\/\/www.medewo.com\/blog\/at\/wp-json\/wp\/v2\/types\/post"}],"author":[{"embeddable":true,"href":"https:\/\/www.medewo.com\/blog\/at\/wp-json\/wp\/v2\/users\/62"}],"replies":[{"embeddable":true,"href":"https:\/\/www.medewo.com\/blog\/at\/wp-json\/wp\/v2\/comments?post=37247"}],"version-history":[{"count":6,"href":"https:\/\/www.medewo.com\/blog\/at\/wp-json\/wp\/v2\/posts\/37247\/revisions"}],"predecessor-version":[{"id":37260,"href":"https:\/\/www.medewo.com\/blog\/at\/wp-json\/wp\/v2\/posts\/37247\/revisions\/37260"}],"wp:featuredmedia":[{"embeddable":true,"href":"https:\/\/www.medewo.com\/blog\/at\/wp-json\/wp\/v2\/media\/37205"}],"wp:attachment":[{"href":"https:\/\/www.medewo.com\/blog\/at\/wp-json\/wp\/v2\/media?parent=37247"}],"wp:term":[{"taxonomy":"category","embeddable":true,"href":"https:\/\/www.medewo.com\/blog\/at\/wp-json\/wp\/v2\/categories?post=37247"},{"taxonomy":"post_tag","embeddable":true,"href":"https:\/\/www.medewo.com\/blog\/at\/wp-json\/wp\/v2\/tags?post=37247"},{"taxonomy":"m2-product-id","embeddable":true,"href":"https:\/\/www.medewo.com\/blog\/at\/wp-json\/wp\/v2\/m2-product-id?post=37247"}],"curies":[{"name":"wp","href":"https:\/\/api.w.org\/{rel}","templated":true}]}}