{"id":37177,"date":"2026-04-27T07:26:21","date_gmt":"2026-04-27T05:26:21","guid":{"rendered":"https:\/\/www.medewo.com\/blog\/?p=37177"},"modified":"2026-04-27T07:26:21","modified_gmt":"2026-04-27T05:26:21","slug":"spezialkatalog-2026-spezialversand","status":"publish","type":"post","link":"https:\/\/www.medewo.com\/blog\/at\/kataloge\/spezialkatalog-2026-spezialversand\/","title":{"rendered":"Spezialkatalog 2026 &#8211; Spezial- &#038; Standardversand"},"content":{"rendered":"<div class=\"wpb-content-wrapper\"><p>[vc_row][vc_column][vc_custom_heading text=&#8220;Produktschutz in allen Bereichen&#8220; use_theme_fonts=&#8220;yes&#8220; css=&#8220;&#8220;][\/vc_column][\/vc_row][vc_row][vc_column][vc_empty_space height=&#8220;16px&#8220;][vc_column_text css=&#8220;&#8220;]Was w\u00e4re Ihr Unternehmen ohne den richtigen Produktschutz in allen Bereichen &#8211; ganz gleich, ob sie selbst Ware versenden oder empfangen?<\/p>\n<p>Die Wahl der passenden Verpackung ist entscheidend: Sie muss exakt auf die Anforderungen Ihrer Produkte abgestimmt sein und diese zuverl\u00e4ssig sch\u00fctzen.<\/p>\n<p>Von ESD- und antistatische Verpackungen \u00fcber Korrosionsschutz und Thermol\u00f6sungen bis hin zu Export- und Standardverpackungen &#8211; bei MEDEWO finden Sie zu jedem Anlass die passende L\u00f6sung.<\/p>\n<p>Lassen Sie sich inspirieren und entdecken Sie jetzt die Highlights unseres Vollsortiments mit \u00fcber 4.000 Artikeln in unserem <a href=\"https:\/\/www.medewo.com\/at\/\" target=\"_blank\" rel=\"noopener\">Web-Shop<\/a>.[\/vc_column_text][vc_empty_space][\/vc_column][\/vc_row][vc_row][vc_column][vc_wp_text]<\/p>\n<div style=\"position: relative; padding-top: max(60%,326px); height: 0; width: 100%;\"><iframe style=\"position: absolute; border: none; width: 100%; height: 100%; left: 0; right: 0; top: 0; bottom: 0;\" title=\"Spezialkatalog 2026 - Spezial- &amp; Standardversand(AT)\" src=\"https:\/\/e.issuu.com\/embed.html?d=spezialkatalog_2026_-_spezial-_standardversand_a&amp;hideIssuuLogo=true&amp;u=medewo-rausch\" sandbox=\"allow-top-navigation allow-top-navigation-by-user-activation allow-downloads allow-scripts allow-same-origin allow-popups allow-modals allow-popups-to-escape-sandbox allow-forms\" allowfullscreen=\"allowfullscreen\"><\/iframe><\/div>\n<p>[\/vc_wp_text][\/vc_column][\/vc_row][vc_row][vc_column][vc_empty_space height=&#8220;35 px&#8220;][\/vc_column][\/vc_row][vc_row][vc_column][vc_column_text css=&#8220;&#8220;]Der dargestellte Katalog zum Bl\u00e4ttern zeigt unseren gedruckten Spezialkatalog \u00abRisiko raus. Sicherheit rein.\u00bb (Stand April 2026). <a href=\"https:\/\/www.medewo.com\/at\/aktionen-und-neuheiten\/neuheiten\/\" target=\"_blank\" rel=\"noopener\">Neuheiten<\/a> sowie aktuell g\u00fcltige Preise finden Sie in unserem <a href=\"https:\/\/www.medewo.com\/at\/\" target=\"_blank\" rel=\"noopener\">Web-Shop<\/a>.<br \/>\nDownload: Oben im Bl\u00e4tterkatalog finden Sie<strong> in der unteren rechten Ecke<\/strong> die Download-Funktion.[\/vc_column_text][vc_empty_space height=&#8220;35px&#8220;][\/vc_column][\/vc_row][vc_row][vc_column width=&#8220;1\/3&#8243;][vc_empty_space height=&#8220;9px&#8220;][vc_single_image image=&#8220;21612&#8243; img_size=&#8220;&#8220;][\/vc_column][vc_column width=&#8220;2\/3&#8243;][vc_column_text]<strong>Entdecken Sie unseren Web-Shop mit \u00fcber 4.000 Verpackungsl\u00f6sungen<\/strong><\/p>\n<ul>\n<li>umfangreiches Lagersortiment \u2013 auch in kleinen Mengen<\/li>\n<li>gro\u00dfe Auswahl an nachhaltigen und ressourcenschonenden Verpackungen<\/li>\n<li>schnelle Lieferung in 24\/48h<\/li>\n<li>gratis Muster \u2013 gepr\u00fcfte Qualit\u00e4t &amp; innovative Materialien<\/li>\n<li>fachkundige Beratung \u2013 \u00fcber 40 Jahre Erfahrung<\/li>\n<\/ul>\n<p>[\/vc_column_text][vc_empty_space]<style type=\"text\/css\" data-type=\"the7_shortcodes-inline-css\">#default-btn-530bcd25cfa1ec76e6e1df229481e738.ico-right-side > i {\n  margin-right: 0px;\n  margin-left: 8px;\n}\n#default-btn-530bcd25cfa1ec76e6e1df229481e738 > i {\n  margin-right: 8px;\n}<\/style><a href=\"https:\/\/www.medewo.com\/at\/\" class=\"default-btn-shortcode dt-btn dt-btn-m link-hover-off btn-inline-left \" target=\"_blank\" id=\"default-btn-530bcd25cfa1ec76e6e1df229481e738\" title=\"zum MEDEWO Web-Shop\" rel=\"noopener\"><span>Jetzt MEDEWO Web-Shop entdecken<\/span><\/a>[vc_empty_space][\/vc_column][\/vc_row][vc_row][vc_column][vc_empty_space height=&#8220;30px&#8220;][\/vc_column][\/vc_row][vc_row][vc_column el_class=&#8220;infobox-image&#8220;]<div class=\"ult-content-box-container \" >\t\t<div class=\"ult-content-box\" style=\"box-shadow: px px px px none;border-style:solid;border-radius:0px;border-color:#ffffff;padding:0px;margin:0px;-webkit-transition: all 700ms ease;-moz-transition: all 700ms ease;-ms-transition: all 700ms ease;-o-transition: all 700ms ease;transition: all 700ms ease;\"  data-hover_box_shadow=\"none\"   data-responsive_margins=\"margin:0px;\"   data-normal_margins=\"margin:0px;\"   data-border_color=\"#ffffff\" >[vc_cta h2=&#8220;&#8220; shape=&#8220;square&#8220; css=&#8220;&#8220; el_class=&#8220;infobox-text&#8220;]<strong>Sie w\u00fcnschen sich eine fachkundige Beratung oder individuelle Designs?<\/strong><\/p>\n<p>Seit \u00fcber 40 Jahren beraten wir Industrie, Handel, Gewerbe und Selbstst\u00e4ndige und viele andere Branchen rund um das Thema Verpackungen.<\/p>\n<p>Gerne beraten unsere Fachspezialisten Sie bei der Wahl der geeigneten Verpackung.<\/p>\n<p>Oder Sie nutzen Ihre Verpackungen und Beutel als Markenbotschafter durch Designs und Individualisierungen ganz nach Ihrem Geschmack.[\/vc_cta]\t\t<\/div><\/div>[vc_empty_space height=&#8220;45px&#8220;][\/vc_column][\/vc_row][vc_row][vc_column width=&#8220;1\/2&#8243;]<style type=\"text\/css\" data-type=\"the7_shortcodes-inline-css\">#default-btn-f738e781701c7c6067d2e4dd1f6d608c.ico-right-side > i {\n  margin-right: 0px;\n  margin-left: 8px;\n}\n#default-btn-f738e781701c7c6067d2e4dd1f6d608c > i {\n  margin-right: 8px;\n}<\/style><a href=\"https:\/\/www.medewo.com\/at\/contact\" class=\"default-btn-shortcode dt-btn dt-btn-m link-hover-off btn-inline-left \" target=\"_blank\" id=\"default-btn-f738e781701c7c6067d2e4dd1f6d608c\" rel=\"noopener\"><span>Jetzt Beratung anfordern<\/span><\/a>[\/vc_column][vc_column width=&#8220;1\/2&#8243;]<style type=\"text\/css\" data-type=\"the7_shortcodes-inline-css\">#default-btn-adc4e89cf5b6a89c488bf298bd1b636d.ico-right-side > i {\n  margin-right: 0px;\n  margin-left: 8px;\n}\n#default-btn-adc4e89cf5b6a89c488bf298bd1b636d > i {\n  margin-right: 8px;\n}<\/style><a href=\"https:\/\/www.medewo.com\/at\/individuelle-verpackungen\/\" class=\"default-btn-shortcode dt-btn dt-btn-m link-hover-off btn-inline-left \" target=\"_blank\" id=\"default-btn-adc4e89cf5b6a89c488bf298bd1b636d\" rel=\"noopener\"><span>Zur Individualisierung<\/span><\/a>[\/vc_column][\/vc_row][vc_row][vc_column][vc_empty_space height=&#8220;45px&#8220;][\/vc_column][\/vc_row][vc_row][vc_column width=&#8220;2\/5&#8243;][vc_empty_space height=&#8220;80px&#8220;][vc_single_image image=&#8220;34962&#8243; img_size=&#8220;full&#8220; css=&#8220;&#8220;][\/vc_column][vc_column width=&#8220;3\/5&#8243;][vc_custom_heading text=&#8220;Ohne Kurzschluss ans Ziel&#8220; use_theme_fonts=&#8220;yes&#8220; css=&#8220;&#8220;][vc_column_text css=&#8220;&#8220;]Das Verpacken und Versenden von Elektronikger\u00e4ten &#8211; ob kleine Artikel wie Kopfh\u00f6rer, empfindliche Bauteile wie Dioden oder auch gr\u00f6\u00dfere Ger\u00e4te wie Smart-Tvs- ben\u00f6tigt gro\u00dfe Sorgfalt und Fachwissen, um Sch\u00e4den zuverl\u00e4ssig zu vermeiden.<\/p>\n<p>Elektronische Produkte sind anf\u00e4llig f\u00fcr Einfl\u00fcsse wie Feuchtigkeit, St\u00f6\u00dfe oder elektrostatische Entladungen. Umso wichtiger ist es, die richtigen Verpackungsl\u00f6sungen einzusetzen.<\/p>\n<p>In unserem Blogbeitrag erfahren Sie, welche Risiken es zu beachten gilt und wie Sie elektronische Ware sicher verpacken und mit passenden MEDEWO-Verpackungen zuverl\u00e4ssig versenden.[\/vc_column_text][vc_empty_space height=&#8220;12px&#8220;]<style type=\"text\/css\" data-type=\"the7_shortcodes-inline-css\">#default-btn-016f830615d7a278d5b8cd3742c7cd71.ico-right-side > i {\n  margin-right: 0px;\n  margin-left: 8px;\n}\n#default-btn-016f830615d7a278d5b8cd3742c7cd71 > i {\n  margin-right: 8px;\n}<\/style><a href=\"https:\/\/www.medewo.com\/blog\/at\/loesungen\/ohne-kurzschluss-ans-ziel-elektronikgeraete-sicher-versenden-transportieren\/\" class=\"default-btn-shortcode dt-btn dt-btn-m link-hover-off btn-inline-left \" target=\"_blank\" id=\"default-btn-016f830615d7a278d5b8cd3742c7cd71\" title=\"Zu allen Neuheiten\" rel=\"noopener\"><span>Zum Blog-Artikel<\/span><\/a>[vc_empty_space height=&#8220;35px&#8220;][\/vc_column][\/vc_row][vc_row][vc_column][vc_empty_space][\/vc_column][\/vc_row][vc_row][vc_column][vc_custom_heading text=&#8220;Hier finden Sie ausgew\u00e4hlte Neuheiten aus diesem Spezialkatalog&#8220; use_theme_fonts=&#8220;yes&#8220;][vc_empty_space height=&#8220;12px&#8220;][vc_column_text css=&#8220;&#8220;]SHORTCODE in REST Request entfernt[\/vc_column_text][vc_empty_space]<style type=\"text\/css\" data-type=\"the7_shortcodes-inline-css\">#default-btn-530bcd25cfa1ec76e6e1df229481e738.ico-right-side > i {\n  margin-right: 0px;\n  margin-left: 8px;\n}\n#default-btn-530bcd25cfa1ec76e6e1df229481e738 > i {\n  margin-right: 8px;\n}<\/style><a href=\"https:\/\/www.medewo.com\/at\/\" class=\"default-btn-shortcode dt-btn dt-btn-m link-hover-off btn-inline-left \" target=\"_blank\" id=\"default-btn-530bcd25cfa1ec76e6e1df229481e738\" title=\"zum MEDEWO Web-Shop\" rel=\"noopener\"><span>Web-Shop entdecken<\/span><\/a>[\/vc_column][\/vc_row]<\/p>\n<\/div>","protected":false},"excerpt":{"rendered":"<p>[vc_row][vc_column][vc_custom_heading text=&#8220;Produktschutz in allen Bereichen&#8220; use_theme_fonts=&#8220;yes&#8220; css=&#8220;&#8220;][\/vc_column][\/vc_row][vc_row][vc_column][vc_empty_space height=&#8220;16px&#8220;][vc_column_text css=&#8220;&#8220;]Was w\u00e4re Ihr Unternehmen ohne den richtigen Produktschutz in allen Bereichen &#8211; ganz gleich, ob sie selbst Ware versenden oder empfangen? Die Wahl der passenden Verpackung ist entscheidend: Sie muss exakt auf die Anforderungen Ihrer Produkte abgestimmt sein und diese zuverl\u00e4ssig sch\u00fctzen. Von ESD- und antistatische Verpackungen&hellip;<\/p>\n","protected":false},"author":72,"featured_media":37174,"comment_status":"open","ping_status":"closed","sticky":false,"template":"","format":"standard","meta":{"pgc_sgb_lightbox_settings":"","footnotes":""},"categories":[4630],"tags":[],"m2-product-id":[],"class_list":["post-37177","post","type-post","status-publish","format-standard","has-post-thumbnail","hentry","category-kataloge","category-4630","description-off"],"yoast_head":"<!-- This site is optimized with the Yoast SEO plugin v27.4 - https:\/\/yoast.com\/product\/yoast-seo-wordpress\/ -->\n<title>Spezialkatalog 2026 - Spezial- &amp; Standardversand - MEDEWO Verpackungen<\/title>\n<meta name=\"robots\" content=\"index, follow, max-snippet:-1, max-image-preview:large, max-video-preview:-1\" \/>\n<link rel=\"canonical\" href=\"https:\/\/www.medewo.com\/blog\/at\/kataloge\/spezialkatalog-2026-spezialversand\/\" \/>\n<meta property=\"og:locale\" content=\"de_DE\" \/>\n<meta property=\"og:type\" content=\"article\" \/>\n<meta property=\"og:title\" content=\"Spezialkatalog 2026 - Spezial- &amp; Standardversand - MEDEWO Verpackungen\" \/>\n<meta property=\"og:description\" content=\"[vc_row][vc_column][vc_custom_heading text=&#8220;Produktschutz in allen Bereichen&#8220; use_theme_fonts=&#8220;yes&#8220; css=&#8220;&#8220;][\/vc_column][\/vc_row][vc_row][vc_column][vc_empty_space height=&#8220;16px&#8220;][vc_column_text css=&#8220;&#8220;]Was w\u00e4re Ihr Unternehmen ohne den richtigen Produktschutz in allen Bereichen &#8211; ganz gleich, ob sie selbst Ware versenden oder empfangen? Die Wahl der passenden Verpackung ist entscheidend: Sie muss exakt auf die Anforderungen Ihrer Produkte abgestimmt sein und diese zuverl\u00e4ssig sch\u00fctzen. Von ESD- und antistatische Verpackungen&hellip;\" \/>\n<meta property=\"og:url\" content=\"https:\/\/www.medewo.com\/blog\/at\/kataloge\/spezialkatalog-2026-spezialversand\/\" \/>\n<meta property=\"og:site_name\" content=\"MEDEWO Verpackungen\" \/>\n<meta property=\"article:published_time\" content=\"2026-04-27T05:26:21+00:00\" \/>\n<meta property=\"og:image\" content=\"https:\/\/www.medewo.com\/blog\/wp-content\/uploads\/2026\/04\/Vorlage-Hauptbild-MEDEWO-Blog_Kopie_Platzhalter.jpg\" \/>\n\t<meta property=\"og:image:width\" content=\"775\" \/>\n\t<meta property=\"og:image:height\" content=\"519\" \/>\n\t<meta property=\"og:image:type\" content=\"image\/jpeg\" \/>\n<meta name=\"author\" content=\"Asia Filisone\" \/>\n<meta name=\"twitter:card\" content=\"summary_large_image\" \/>\n<meta name=\"twitter:label1\" content=\"Verfasst von\" \/>\n\t<meta name=\"twitter:data1\" content=\"Asia Filisone\" \/>\n\t<meta name=\"twitter:label2\" content=\"Gesch\u00e4tzte Lesezeit\" \/>\n\t<meta name=\"twitter:data2\" content=\"3 Minuten\" \/>\n<script type=\"application\/ld+json\" class=\"yoast-schema-graph\">{\"@context\":\"https:\\\/\\\/schema.org\",\"@graph\":[{\"@type\":\"Article\",\"@id\":\"https:\\\/\\\/www.medewo.com\\\/blog\\\/at\\\/kataloge\\\/spezialkatalog-2026-spezialversand\\\/#article\",\"isPartOf\":{\"@id\":\"https:\\\/\\\/www.medewo.com\\\/blog\\\/at\\\/kataloge\\\/spezialkatalog-2026-spezialversand\\\/\"},\"author\":{\"name\":\"Asia Filisone\",\"@id\":\"https:\\\/\\\/www.medewo.com\\\/blog\\\/at\\\/#\\\/schema\\\/person\\\/7f08c3a53edb34f04a1684684cc5a9e5\"},\"headline\":\"Spezialkatalog 2026 &#8211; Spezial- &#038; Standardversand\",\"datePublished\":\"2026-04-27T05:26:21+00:00\",\"mainEntityOfPage\":{\"@id\":\"https:\\\/\\\/www.medewo.com\\\/blog\\\/at\\\/kataloge\\\/spezialkatalog-2026-spezialversand\\\/\"},\"wordCount\":816,\"commentCount\":0,\"publisher\":{\"@id\":\"https:\\\/\\\/www.medewo.com\\\/blog\\\/at\\\/#organization\"},\"image\":{\"@id\":\"https:\\\/\\\/www.medewo.com\\\/blog\\\/at\\\/kataloge\\\/spezialkatalog-2026-spezialversand\\\/#primaryimage\"},\"thumbnailUrl\":\"https:\\\/\\\/www.medewo.com\\\/blog\\\/wp-content\\\/uploads\\\/2026\\\/04\\\/Vorlage-Hauptbild-MEDEWO-Blog_Kopie_Platzhalter.jpg\",\"articleSection\":[\"Kataloge\"],\"inLanguage\":\"de-AT\",\"potentialAction\":[{\"@type\":\"CommentAction\",\"name\":\"Comment\",\"target\":[\"https:\\\/\\\/www.medewo.com\\\/blog\\\/at\\\/kataloge\\\/spezialkatalog-2026-spezialversand\\\/#respond\"]}]},{\"@type\":\"WebPage\",\"@id\":\"https:\\\/\\\/www.medewo.com\\\/blog\\\/at\\\/kataloge\\\/spezialkatalog-2026-spezialversand\\\/\",\"url\":\"https:\\\/\\\/www.medewo.com\\\/blog\\\/at\\\/kataloge\\\/spezialkatalog-2026-spezialversand\\\/\",\"name\":\"Spezialkatalog 2026 - Spezial- & Standardversand - MEDEWO Verpackungen\",\"isPartOf\":{\"@id\":\"https:\\\/\\\/www.medewo.com\\\/blog\\\/at\\\/#website\"},\"primaryImageOfPage\":{\"@id\":\"https:\\\/\\\/www.medewo.com\\\/blog\\\/at\\\/kataloge\\\/spezialkatalog-2026-spezialversand\\\/#primaryimage\"},\"image\":{\"@id\":\"https:\\\/\\\/www.medewo.com\\\/blog\\\/at\\\/kataloge\\\/spezialkatalog-2026-spezialversand\\\/#primaryimage\"},\"thumbnailUrl\":\"https:\\\/\\\/www.medewo.com\\\/blog\\\/wp-content\\\/uploads\\\/2026\\\/04\\\/Vorlage-Hauptbild-MEDEWO-Blog_Kopie_Platzhalter.jpg\",\"datePublished\":\"2026-04-27T05:26:21+00:00\",\"breadcrumb\":{\"@id\":\"https:\\\/\\\/www.medewo.com\\\/blog\\\/at\\\/kataloge\\\/spezialkatalog-2026-spezialversand\\\/#breadcrumb\"},\"inLanguage\":\"de-AT\",\"potentialAction\":[{\"@type\":\"ReadAction\",\"target\":[\"https:\\\/\\\/www.medewo.com\\\/blog\\\/at\\\/kataloge\\\/spezialkatalog-2026-spezialversand\\\/\"]}]},{\"@type\":\"ImageObject\",\"inLanguage\":\"de-AT\",\"@id\":\"https:\\\/\\\/www.medewo.com\\\/blog\\\/at\\\/kataloge\\\/spezialkatalog-2026-spezialversand\\\/#primaryimage\",\"url\":\"https:\\\/\\\/www.medewo.com\\\/blog\\\/wp-content\\\/uploads\\\/2026\\\/04\\\/Vorlage-Hauptbild-MEDEWO-Blog_Kopie_Platzhalter.jpg\",\"contentUrl\":\"https:\\\/\\\/www.medewo.com\\\/blog\\\/wp-content\\\/uploads\\\/2026\\\/04\\\/Vorlage-Hauptbild-MEDEWO-Blog_Kopie_Platzhalter.jpg\",\"width\":775,\"height\":519},{\"@type\":\"BreadcrumbList\",\"@id\":\"https:\\\/\\\/www.medewo.com\\\/blog\\\/at\\\/kataloge\\\/spezialkatalog-2026-spezialversand\\\/#breadcrumb\",\"itemListElement\":[{\"@type\":\"ListItem\",\"position\":1,\"name\":\"Startseite\",\"item\":\"https:\\\/\\\/www.medewo.com\\\/blog\\\/at\\\/\"},{\"@type\":\"ListItem\",\"position\":2,\"name\":\"Spezialkatalog 2026 &#8211; Spezial- &#038; Standardversand\"}]},{\"@type\":\"WebSite\",\"@id\":\"https:\\\/\\\/www.medewo.com\\\/blog\\\/at\\\/#website\",\"url\":\"https:\\\/\\\/www.medewo.com\\\/blog\\\/at\\\/\",\"name\":\"MEDEWO Verpackungen\",\"description\":\"News\",\"publisher\":{\"@id\":\"https:\\\/\\\/www.medewo.com\\\/blog\\\/at\\\/#organization\"},\"potentialAction\":[{\"@type\":\"SearchAction\",\"target\":{\"@type\":\"EntryPoint\",\"urlTemplate\":\"https:\\\/\\\/www.medewo.com\\\/blog\\\/at\\\/?s={search_term_string}\"},\"query-input\":{\"@type\":\"PropertyValueSpecification\",\"valueRequired\":true,\"valueName\":\"search_term_string\"}}],\"inLanguage\":\"de-AT\"},{\"@type\":\"Organization\",\"@id\":\"https:\\\/\\\/www.medewo.com\\\/blog\\\/at\\\/#organization\",\"name\":\"MEDEWO\",\"url\":\"https:\\\/\\\/www.medewo.com\\\/blog\\\/at\\\/\",\"logo\":{\"@type\":\"ImageObject\",\"inLanguage\":\"de-AT\",\"@id\":\"https:\\\/\\\/www.medewo.com\\\/blog\\\/at\\\/#\\\/schema\\\/logo\\\/image\\\/\",\"url\":\"https:\\\/\\\/www.medewo.com\\\/blog\\\/wp-content\\\/uploads\\\/2022\\\/03\\\/medewo-logo-claim-quer-2.png\",\"contentUrl\":\"https:\\\/\\\/www.medewo.com\\\/blog\\\/wp-content\\\/uploads\\\/2022\\\/03\\\/medewo-logo-claim-quer-2.png\",\"width\":350,\"height\":63,\"caption\":\"MEDEWO\"},\"image\":{\"@id\":\"https:\\\/\\\/www.medewo.com\\\/blog\\\/at\\\/#\\\/schema\\\/logo\\\/image\\\/\"}},{\"@type\":\"Person\",\"@id\":\"https:\\\/\\\/www.medewo.com\\\/blog\\\/at\\\/#\\\/schema\\\/person\\\/7f08c3a53edb34f04a1684684cc5a9e5\",\"name\":\"Asia Filisone\",\"image\":{\"@type\":\"ImageObject\",\"inLanguage\":\"de-AT\",\"@id\":\"https:\\\/\\\/secure.gravatar.com\\\/avatar\\\/020f8415b64fded4bfbe608bb42b3213f4c7a196dc17e80b6d3b258799294c06?s=96&d=blank&r=g\",\"url\":\"https:\\\/\\\/secure.gravatar.com\\\/avatar\\\/020f8415b64fded4bfbe608bb42b3213f4c7a196dc17e80b6d3b258799294c06?s=96&d=blank&r=g\",\"contentUrl\":\"https:\\\/\\\/secure.gravatar.com\\\/avatar\\\/020f8415b64fded4bfbe608bb42b3213f4c7a196dc17e80b6d3b258799294c06?s=96&d=blank&r=g\",\"caption\":\"Asia Filisone\"}}]}<\/script>\n<!-- \/ Yoast SEO plugin. -->","yoast_head_json":{"title":"Spezialkatalog 2026 - Spezial- & Standardversand - MEDEWO Verpackungen","robots":{"index":"index","follow":"follow","max-snippet":"max-snippet:-1","max-image-preview":"max-image-preview:large","max-video-preview":"max-video-preview:-1"},"canonical":"https:\/\/www.medewo.com\/blog\/at\/kataloge\/spezialkatalog-2026-spezialversand\/","og_locale":"de_DE","og_type":"article","og_title":"Spezialkatalog 2026 - Spezial- & Standardversand - MEDEWO Verpackungen","og_description":"[vc_row][vc_column][vc_custom_heading text=&#8220;Produktschutz in allen Bereichen&#8220; use_theme_fonts=&#8220;yes&#8220; css=&#8220;&#8220;][\/vc_column][\/vc_row][vc_row][vc_column][vc_empty_space height=&#8220;16px&#8220;][vc_column_text css=&#8220;&#8220;]Was w\u00e4re Ihr Unternehmen ohne den richtigen Produktschutz in allen Bereichen &#8211; ganz gleich, ob sie selbst Ware versenden oder empfangen? Die Wahl der passenden Verpackung ist entscheidend: Sie muss exakt auf die Anforderungen Ihrer Produkte abgestimmt sein und diese zuverl\u00e4ssig sch\u00fctzen. Von ESD- und antistatische Verpackungen&hellip;","og_url":"https:\/\/www.medewo.com\/blog\/at\/kataloge\/spezialkatalog-2026-spezialversand\/","og_site_name":"MEDEWO Verpackungen","article_published_time":"2026-04-27T05:26:21+00:00","og_image":[{"width":775,"height":519,"url":"https:\/\/www.medewo.com\/blog\/wp-content\/uploads\/2026\/04\/Vorlage-Hauptbild-MEDEWO-Blog_Kopie_Platzhalter.jpg","type":"image\/jpeg"}],"author":"Asia Filisone","twitter_card":"summary_large_image","twitter_misc":{"Verfasst von":"Asia Filisone","Gesch\u00e4tzte Lesezeit":"3 Minuten"},"schema":{"@context":"https:\/\/schema.org","@graph":[{"@type":"Article","@id":"https:\/\/www.medewo.com\/blog\/at\/kataloge\/spezialkatalog-2026-spezialversand\/#article","isPartOf":{"@id":"https:\/\/www.medewo.com\/blog\/at\/kataloge\/spezialkatalog-2026-spezialversand\/"},"author":{"name":"Asia Filisone","@id":"https:\/\/www.medewo.com\/blog\/at\/#\/schema\/person\/7f08c3a53edb34f04a1684684cc5a9e5"},"headline":"Spezialkatalog 2026 &#8211; Spezial- &#038; Standardversand","datePublished":"2026-04-27T05:26:21+00:00","mainEntityOfPage":{"@id":"https:\/\/www.medewo.com\/blog\/at\/kataloge\/spezialkatalog-2026-spezialversand\/"},"wordCount":816,"commentCount":0,"publisher":{"@id":"https:\/\/www.medewo.com\/blog\/at\/#organization"},"image":{"@id":"https:\/\/www.medewo.com\/blog\/at\/kataloge\/spezialkatalog-2026-spezialversand\/#primaryimage"},"thumbnailUrl":"https:\/\/www.medewo.com\/blog\/wp-content\/uploads\/2026\/04\/Vorlage-Hauptbild-MEDEWO-Blog_Kopie_Platzhalter.jpg","articleSection":["Kataloge"],"inLanguage":"de-AT","potentialAction":[{"@type":"CommentAction","name":"Comment","target":["https:\/\/www.medewo.com\/blog\/at\/kataloge\/spezialkatalog-2026-spezialversand\/#respond"]}]},{"@type":"WebPage","@id":"https:\/\/www.medewo.com\/blog\/at\/kataloge\/spezialkatalog-2026-spezialversand\/","url":"https:\/\/www.medewo.com\/blog\/at\/kataloge\/spezialkatalog-2026-spezialversand\/","name":"Spezialkatalog 2026 - Spezial- & Standardversand - MEDEWO Verpackungen","isPartOf":{"@id":"https:\/\/www.medewo.com\/blog\/at\/#website"},"primaryImageOfPage":{"@id":"https:\/\/www.medewo.com\/blog\/at\/kataloge\/spezialkatalog-2026-spezialversand\/#primaryimage"},"image":{"@id":"https:\/\/www.medewo.com\/blog\/at\/kataloge\/spezialkatalog-2026-spezialversand\/#primaryimage"},"thumbnailUrl":"https:\/\/www.medewo.com\/blog\/wp-content\/uploads\/2026\/04\/Vorlage-Hauptbild-MEDEWO-Blog_Kopie_Platzhalter.jpg","datePublished":"2026-04-27T05:26:21+00:00","breadcrumb":{"@id":"https:\/\/www.medewo.com\/blog\/at\/kataloge\/spezialkatalog-2026-spezialversand\/#breadcrumb"},"inLanguage":"de-AT","potentialAction":[{"@type":"ReadAction","target":["https:\/\/www.medewo.com\/blog\/at\/kataloge\/spezialkatalog-2026-spezialversand\/"]}]},{"@type":"ImageObject","inLanguage":"de-AT","@id":"https:\/\/www.medewo.com\/blog\/at\/kataloge\/spezialkatalog-2026-spezialversand\/#primaryimage","url":"https:\/\/www.medewo.com\/blog\/wp-content\/uploads\/2026\/04\/Vorlage-Hauptbild-MEDEWO-Blog_Kopie_Platzhalter.jpg","contentUrl":"https:\/\/www.medewo.com\/blog\/wp-content\/uploads\/2026\/04\/Vorlage-Hauptbild-MEDEWO-Blog_Kopie_Platzhalter.jpg","width":775,"height":519},{"@type":"BreadcrumbList","@id":"https:\/\/www.medewo.com\/blog\/at\/kataloge\/spezialkatalog-2026-spezialversand\/#breadcrumb","itemListElement":[{"@type":"ListItem","position":1,"name":"Startseite","item":"https:\/\/www.medewo.com\/blog\/at\/"},{"@type":"ListItem","position":2,"name":"Spezialkatalog 2026 &#8211; Spezial- &#038; Standardversand"}]},{"@type":"WebSite","@id":"https:\/\/www.medewo.com\/blog\/at\/#website","url":"https:\/\/www.medewo.com\/blog\/at\/","name":"MEDEWO Verpackungen","description":"News","publisher":{"@id":"https:\/\/www.medewo.com\/blog\/at\/#organization"},"potentialAction":[{"@type":"SearchAction","target":{"@type":"EntryPoint","urlTemplate":"https:\/\/www.medewo.com\/blog\/at\/?s={search_term_string}"},"query-input":{"@type":"PropertyValueSpecification","valueRequired":true,"valueName":"search_term_string"}}],"inLanguage":"de-AT"},{"@type":"Organization","@id":"https:\/\/www.medewo.com\/blog\/at\/#organization","name":"MEDEWO","url":"https:\/\/www.medewo.com\/blog\/at\/","logo":{"@type":"ImageObject","inLanguage":"de-AT","@id":"https:\/\/www.medewo.com\/blog\/at\/#\/schema\/logo\/image\/","url":"https:\/\/www.medewo.com\/blog\/wp-content\/uploads\/2022\/03\/medewo-logo-claim-quer-2.png","contentUrl":"https:\/\/www.medewo.com\/blog\/wp-content\/uploads\/2022\/03\/medewo-logo-claim-quer-2.png","width":350,"height":63,"caption":"MEDEWO"},"image":{"@id":"https:\/\/www.medewo.com\/blog\/at\/#\/schema\/logo\/image\/"}},{"@type":"Person","@id":"https:\/\/www.medewo.com\/blog\/at\/#\/schema\/person\/7f08c3a53edb34f04a1684684cc5a9e5","name":"Asia Filisone","image":{"@type":"ImageObject","inLanguage":"de-AT","@id":"https:\/\/secure.gravatar.com\/avatar\/020f8415b64fded4bfbe608bb42b3213f4c7a196dc17e80b6d3b258799294c06?s=96&d=blank&r=g","url":"https:\/\/secure.gravatar.com\/avatar\/020f8415b64fded4bfbe608bb42b3213f4c7a196dc17e80b6d3b258799294c06?s=96&d=blank&r=g","contentUrl":"https:\/\/secure.gravatar.com\/avatar\/020f8415b64fded4bfbe608bb42b3213f4c7a196dc17e80b6d3b258799294c06?s=96&d=blank&r=g","caption":"Asia Filisone"}}]}},"magento_index":false,"_links":{"self":[{"href":"https:\/\/www.medewo.com\/blog\/at\/wp-json\/wp\/v2\/posts\/37177","targetHints":{"allow":["GET"]}}],"collection":[{"href":"https:\/\/www.medewo.com\/blog\/at\/wp-json\/wp\/v2\/posts"}],"about":[{"href":"https:\/\/www.medewo.com\/blog\/at\/wp-json\/wp\/v2\/types\/post"}],"author":[{"embeddable":true,"href":"https:\/\/www.medewo.com\/blog\/at\/wp-json\/wp\/v2\/users\/72"}],"replies":[{"embeddable":true,"href":"https:\/\/www.medewo.com\/blog\/at\/wp-json\/wp\/v2\/comments?post=37177"}],"version-history":[{"count":6,"href":"https:\/\/www.medewo.com\/blog\/at\/wp-json\/wp\/v2\/posts\/37177\/revisions"}],"predecessor-version":[{"id":37190,"href":"https:\/\/www.medewo.com\/blog\/at\/wp-json\/wp\/v2\/posts\/37177\/revisions\/37190"}],"wp:featuredmedia":[{"embeddable":true,"href":"https:\/\/www.medewo.com\/blog\/at\/wp-json\/wp\/v2\/media\/37174"}],"wp:attachment":[{"href":"https:\/\/www.medewo.com\/blog\/at\/wp-json\/wp\/v2\/media?parent=37177"}],"wp:term":[{"taxonomy":"category","embeddable":true,"href":"https:\/\/www.medewo.com\/blog\/at\/wp-json\/wp\/v2\/categories?post=37177"},{"taxonomy":"post_tag","embeddable":true,"href":"https:\/\/www.medewo.com\/blog\/at\/wp-json\/wp\/v2\/tags?post=37177"},{"taxonomy":"m2-product-id","embeddable":true,"href":"https:\/\/www.medewo.com\/blog\/at\/wp-json\/wp\/v2\/m2-product-id?post=37177"}],"curies":[{"name":"wp","href":"https:\/\/api.w.org\/{rel}","templated":true}]}}