{"id":32365,"date":"2024-04-23T08:13:44","date_gmt":"2024-04-23T06:13:44","guid":{"rendered":"https:\/\/www.medewo.com\/blog\/?p=32365"},"modified":"2024-04-29T10:37:33","modified_gmt":"2024-04-29T08:37:33","slug":"fachkraeftemangel-logistik","status":"publish","type":"post","link":"https:\/\/www.medewo.com\/blog\/at\/unternehmensnews\/fachkraeftemangel-logistik\/","title":{"rendered":"Fachkr\u00e4ftemangel in der Logistik \u2013 Employer Branding als effektive L\u00f6sung"},"content":{"rendered":"<div class=\"wpb-content-wrapper\"><p>[vc_row][vc_column][vc_column_text css=&#8220;&#8220;]<strong>Der Fachkr\u00e4ftemangel im \u00d6sterreichischen Arbeitsmarkt wird immer sp\u00fcrbarer, auch im Wirtschaftsbereich Logistik. Daher m\u00fcssen neue L\u00f6sungen her! In diesem Interview berichtet unser Teamleiter Logistik CH dar\u00fcber, was wir bei der MEDEWO als mittelst\u00e4ndisches Unternehmen gegen den Fachkr\u00e4ftemangel unternehmen, wie wir unsere Mitarbeiter bei der Ausbildung f\u00f6rdern und was wir f\u00fcr unsere Lernenden tun.<\/strong>[\/vc_column_text][vc_empty_space height=&#8220;18px&#8220;][vc_column_text]In vielen Bereichen haben Unternehmen derzeit freie Stellen zu besetzen. Die baldigen Rentner aus dem \u00abBabyboomer\u00bb-Jahrgang sind eine der bev\u00f6lkerungsreichsten Altersgruppe. Im Vergleich dazu: Die Jahrg\u00e4nge der heutigen 17- bis 20-j\u00e4hrigen sind rund 60 % weniger. Und dieser Mangel wird sich auch \u00fcber die n\u00e4chsten Jahre hinaus fortsetzen. Qualifizierte Arbeitskr\u00e4fte werden aber auch auf dem globalen Arbeitsmarkt knapp.<\/p>\n<p>Unternehmen werden mehr in die Bildung der eigenen Mitarbeiter investieren. Dazu geh\u00f6ren Umschulungen, neue Bildungsangebote, aber auch die Vereinfachung f\u00fcr Quereinsteiger und Menschen mit Handicaps. Zudem m\u00fcssen Berufe in dieser Branche auch f\u00fcr Frauen attraktiver werden.[\/vc_column_text][vc_empty_space height=&#8220;15px&#8220;][\/vc_column][\/vc_row][vc_row][vc_column width=&#8220;2\/5&#8243;][vc_single_image image=&#8220;32331&#8243; img_size=&#8220;full&#8220;][\/vc_column][vc_column width=&#8220;3\/5&#8243;][vc_column_text]Andreas Scherer, Teamleiter Logistik an unserem Schweizer Standort, durfte zum Thema \u00abNeues Berufsfeld Logistik \u2013 Ma\u00dfnahmen gegen den Fachkr\u00e4ftemangel\u00bb bereits als Podiumsgast bei der Messe Logistics &amp; Automation auftreten. In diesem Interview berichtet er dar\u00fcber, was wir bei der MEDEWO als mittelst\u00e4ndisches Unternehmen gegen den Fachkr\u00e4ftemangel unternehmen, wie wir unsere Mitarbeiter bei der Ausbildung f\u00f6rdern und was wir f\u00fcr unsere Lernenden tun.[\/vc_column_text][\/vc_column][\/vc_row][vc_row][vc_column][vc_column_text]<em>Andreas Scherer, Teamleiter Logistik CH<\/em><\/p>\n<p><strong>Wie kam es, dass du bei dieser Messe als Podiumsgast eingeladen wurdest?<\/strong><\/p>\n<p>Ich habe die Grundbild Logistiker EFZ, den dipl. Logistik-Sachbearbeiter sowie alle anderen Weiterbildungskurse bei der ASFL SVBL (kurz f\u00fcr Schweizerische Vereinigung f\u00fcr die Berufsbildung in der Logistik) absolviert. Nach meiner Ausbildung zum dipl. Logistik-Sachbearbeiter wurde ein Youtube-Video dar\u00fcber gedreht. Aufgrund dessen erhielt ich die M\u00f6glichkeit als Podiumsgast zum Thema \u00abNeues Berufsfeld Logistik \u2013 Ma\u00dfnahmen gegen den Fachkr\u00e4ftemangel\u00bb an der Messe Logistics &amp; Automation aufzutreten.<\/p>\n<p><strong>Welche Probleme entstehen durch Fachkr\u00e4ftem\u00e4ngel?<\/strong><\/p>\n<p>Es gibt viel Arbeit im Arbeitsmarkt der Logistik, jedoch im Vergleich dazu wenig spezifisch ausgebildete Fachkr\u00e4fte. Es hat ein Mangel an Positionen, die nicht besetzt werden k\u00f6nnen wie bspw. Schichtf\u00fchrer. Abl\u00e4ufe in der Supply Chain k\u00f6nnen deshalb langfristig nicht weiter optimiert und auch nicht effizienter gestaltet werden. Dar\u00fcber hinaus fehlt der Raum f\u00fcr neue Ideen, wie bestehende Abl\u00e4ufe besser organisiert oder neu gemacht werden k\u00f6nnen.<\/p>\n<p><strong>In welchen Bereichen der Supply Chain fehlen Fachkr\u00e4fte?<\/strong><\/p>\n<p>Als Teamleiter Schichtf\u00fchrer oder spezialisierte Positionen wie in der Qualit\u00e4tssicherung oder beim Wareneingang.<\/p>\n<p><strong>Was tun wir bei der MEDEWO gegen den Fachkr\u00e4ftemangel?<\/strong>[\/vc_column_text][vc_empty_space height=&#8220;20px&#8220;][\/vc_column][\/vc_row][vc_row][vc_column width=&#8220;1\/2&#8243;][vc_column_text]Unser Personal wird bei Weiterbildungen in der Logistik unterst\u00fctzt und Projektarbeiten werden gef\u00f6rdert. Dar\u00fcber hinaus gibt es bei der Arbeit einen relativ gro\u00dfen Handlungsspielraum innerhalb der T\u00e4tigkeit. Ich bin immer offen f\u00fcr Neues. Inputs oder neue Ideen von Mitarbeitenden werden stets gepr\u00fcft und wo sinnvoll umgesetzt. Ein Beispiel daf\u00fcr ist die Einf\u00fchrung von Anti-Stress-Matten bei unserer internen DHL-Verpackungsstation, die aufgrund einer Idee von einem unserer Mitarbeitenden stammt.[\/vc_column_text][\/vc_column][vc_column width=&#8220;1\/2&#8243;][vc_single_image image=&#8220;32327&#8243; img_size=&#8220;full&#8220; alignment=&#8220;right&#8220;][\/vc_column][\/vc_row][vc_row][vc_column][vc_column_text]Als weiterer Punkt investieren wir als Unternehmen viel in die Ausbildung von Lernenden und wollen unsere Arbeitgebermarke st\u00e4rken. Wenn m\u00f6glich bilden wir pro Lehrjahr einen Lernenden aus, welcher von uns gro\u00dfz\u00fcgig unterst\u00fctzt wird. Es gibt Raum zum Lernen und es stehen viele Praxisbilder zur Seite. Au\u00dferdem ist auch Empowerment von Frauen in der Branche gew\u00fcnscht, da diese bei Arbeiten mit Detailtreue \/ Genauigkeit meist gut Ihre St\u00e4rken einbringen k\u00f6nnen.<\/p>\n<p><strong>In welchem Zusammenhang steht ein Employer Branding dazu?<\/strong><\/p>\n<p>Eine starke Arbeitgebermarke, die aktiv gelebt wird, tr\u00e4gt effektiv dazu bei, uns in der Wirtschaft als mittelst\u00e4ndisches Unternehmen zu pr\u00e4sentieren und Stellensuchenden sowie Bewerbern zu vermitteln, dass wir eine attraktive Arbeitgebermarke haben. Dies kann den Fachkr\u00e4ftemangel beheben. Ein erfolgreiches Recruiting, gute Arbeitsbedingungen sowie Benefits tragen ebenfalls positiv dazu bei.<\/p>\n<p><strong>Wie sieht die Zukunft in der Branche aus?<\/strong><\/p>\n<p>Ich sehe die Zukunft der Branche positiv. Die Digitalisierung in gewissen Bereichen sowie der demographische Wandel werden zunehmen, qualifizierte Fachkr\u00e4fte werden jedoch weiterhin gefragt sein. Au\u00dferdem habe ich neuliche eine Studie dar\u00fcber gelesen, dass f\u00fcr Schulabg\u00e4ngerinnen und Schulabg\u00e4nger Berufslehren in der Logistik auf Platz 7 bei den beliebtesten Lehrberufen stehen.<\/p>\n<p><strong>Inwiefern kann K\u00fcnstliche Intelligenz dem Fachkr\u00e4ftemangel entgegenwirken?<\/strong>[\/vc_column_text][vc_empty_space height=&#8220;20px&#8220;][\/vc_column][\/vc_row][vc_row][vc_column width=&#8220;1\/2&#8243;][vc_single_image image=&#8220;32337&#8243; img_size=&#8220;full&#8220; alignment=&#8220;right&#8220;][vc_empty_space height=&#8220;20px&#8220;][\/vc_column][vc_column width=&#8220;1\/2&#8243;][vc_empty_space height=&#8220;10px&#8220;][vc_column_text]Virtual-Reality-Produkte werden bei immer mehr mittelst\u00e4ndischen Unternehmen und auch in anderen Branchen nicht mehr wegzudenken sein. Mit VR-Brillen k\u00f6nnen Abl\u00e4ufe wie bspw. das Kommissionieren effizienter gestaltet werden und die Arbeitswege, der interne Transport sowie komplexe Logistikprozesse lassen sich bis ins Detail optimieren. Das kann eine echte Trendwende bringen und dem Fachkr\u00e4ftemangel entgegenwirken.[\/vc_column_text][\/vc_column][\/vc_row][vc_row][vc_column][vc_empty_space height=&#8220;30px&#8220;][vc_column_text]Mehr \u00fcber uns als Arbeitgeber, unser Unternehmen, Employer Branding und unsere Unternehmenskultur lesen Sie auf unserer Karriereseite.[\/vc_column_text][vc_empty_space height=&#8220;20px&#8220;]<style type=\"text\/css\" data-type=\"the7_shortcodes-inline-css\">#default-btn-eb8c9e19c9d7a52df04a405b1c379b15.ico-right-side > i {\n  margin-right: 0px;\n  margin-left: 8px;\n}\n#default-btn-eb8c9e19c9d7a52df04a405b1c379b15 > i {\n  margin-right: 8px;\n}<\/style><a href=\"https:\/\/www.medewo-gruppe.jobs\/index\" class=\"default-btn-shortcode dt-btn dt-btn-m link-hover-off btn-inline-left \" target=\"_blank\" id=\"default-btn-eb8c9e19c9d7a52df04a405b1c379b15\" title=\"Karriere bei MEDEWO\" rel=\"noopener\"><span>Karriere bei MEDEWO<\/span><\/a>[\/vc_column][\/vc_row]<\/p>\n<\/div>","protected":false},"excerpt":{"rendered":"<p>Der Fachkr\u00e4ftemangel im \u00d6sterreichischen Arbeitsmarkt wird immer sp\u00fcrbarer, auch im Wirtschaftsbereich Logistik. Daher m\u00fcssen neue L\u00f6sungen her! In diesem Interview berichtet unser Teamleiter Logistik CH dar\u00fcber, was wir bei der MEDEWO als mittelst\u00e4ndisches Unternehmen gegen den Fachkr\u00e4ftemangel unternehmen, wie wir unsere Mitarbeiter bei der Ausbildung f\u00f6rdern und was wir f\u00fcr unsere Lernenden tun.<\/p>\n","protected":false},"author":69,"featured_media":32323,"comment_status":"open","ping_status":"closed","sticky":false,"template":"","format":"standard","meta":{"pgc_sgb_lightbox_settings":"","footnotes":""},"categories":[503],"tags":[],"m2-product-id":[],"class_list":["post-32365","post","type-post","status-publish","format-standard","has-post-thumbnail","hentry","category-unternehmensnews","category-503","description-off"],"yoast_head":"<!-- This site is optimized with the Yoast SEO plugin v27.1.1 - https:\/\/yoast.com\/product\/yoast-seo-wordpress\/ -->\n<title>Fachkr\u00e4ftemangel in der Logistik \u2013 Employer Branding als effektive L\u00f6sung - MEDEWO Verpackungen<\/title>\n<meta name=\"robots\" content=\"index, follow, max-snippet:-1, max-image-preview:large, max-video-preview:-1\" \/>\n<link rel=\"canonical\" href=\"https:\/\/www.medewo.com\/blog\/at\/unternehmensnews\/fachkraeftemangel-logistik\/\" \/>\n<meta property=\"og:locale\" content=\"de_DE\" \/>\n<meta property=\"og:type\" content=\"article\" \/>\n<meta property=\"og:title\" content=\"Fachkr\u00e4ftemangel in der Logistik \u2013 Employer Branding als effektive L\u00f6sung - MEDEWO Verpackungen\" \/>\n<meta property=\"og:description\" content=\"Der Fachkr\u00e4ftemangel im \u00d6sterreichischen Arbeitsmarkt wird immer sp\u00fcrbarer, auch im Wirtschaftsbereich Logistik. Daher m\u00fcssen neue L\u00f6sungen her! In diesem Interview berichtet unser Teamleiter Logistik CH dar\u00fcber, was wir bei der MEDEWO als mittelst\u00e4ndisches Unternehmen gegen den Fachkr\u00e4ftemangel unternehmen, wie wir unsere Mitarbeiter bei der Ausbildung f\u00f6rdern und was wir f\u00fcr unsere Lernenden tun.\" \/>\n<meta property=\"og:url\" content=\"https:\/\/www.medewo.com\/blog\/at\/unternehmensnews\/fachkraeftemangel-logistik\/\" \/>\n<meta property=\"og:site_name\" content=\"MEDEWO Verpackungen\" \/>\n<meta property=\"article:published_time\" content=\"2024-04-23T06:13:44+00:00\" \/>\n<meta property=\"article:modified_time\" content=\"2024-04-29T08:37:33+00:00\" \/>\n<meta property=\"og:image\" content=\"https:\/\/www.medewo.com\/blog\/wp-content\/uploads\/2023\/11\/Hauptbild-im-Lager.jpg\" \/>\n\t<meta property=\"og:image:width\" content=\"775\" \/>\n\t<meta property=\"og:image:height\" content=\"519\" \/>\n\t<meta property=\"og:image:type\" content=\"image\/jpeg\" \/>\n<meta name=\"author\" content=\"Ines Reiter\" \/>\n<meta name=\"twitter:card\" content=\"summary_large_image\" \/>\n<meta name=\"twitter:label1\" content=\"Verfasst von\" \/>\n\t<meta name=\"twitter:data1\" content=\"Ines Reiter\" \/>\n\t<meta name=\"twitter:label2\" content=\"Gesch\u00e4tzte Lesezeit\" \/>\n\t<meta name=\"twitter:data2\" content=\"5 Minuten\" \/>\n<script type=\"application\/ld+json\" class=\"yoast-schema-graph\">{\"@context\":\"https:\/\/schema.org\",\"@graph\":[{\"@type\":\"Article\",\"@id\":\"https:\/\/www.medewo.com\/blog\/at\/unternehmensnews\/fachkraeftemangel-logistik\/#article\",\"isPartOf\":{\"@id\":\"https:\/\/www.medewo.com\/blog\/at\/unternehmensnews\/fachkraeftemangel-logistik\/\"},\"author\":{\"name\":\"Ines Reiter\",\"@id\":\"https:\/\/www.medewo.com\/blog\/at\/#\/schema\/person\/0d58526ee4672784bcb9c64b5c6cde9f\"},\"headline\":\"Fachkr\u00e4ftemangel in der Logistik \u2013 Employer Branding als effektive L\u00f6sung\",\"datePublished\":\"2024-04-23T06:13:44+00:00\",\"dateModified\":\"2024-04-29T08:37:33+00:00\",\"mainEntityOfPage\":{\"@id\":\"https:\/\/www.medewo.com\/blog\/at\/unternehmensnews\/fachkraeftemangel-logistik\/\"},\"wordCount\":1017,\"commentCount\":0,\"publisher\":{\"@id\":\"https:\/\/www.medewo.com\/blog\/at\/#organization\"},\"image\":{\"@id\":\"https:\/\/www.medewo.com\/blog\/at\/unternehmensnews\/fachkraeftemangel-logistik\/#primaryimage\"},\"thumbnailUrl\":\"https:\/\/www.medewo.com\/blog\/wp-content\/uploads\/2023\/11\/Hauptbild-im-Lager.jpg\",\"articleSection\":[\"Unternehmensnews\"],\"inLanguage\":\"de-AT\",\"potentialAction\":[{\"@type\":\"CommentAction\",\"name\":\"Comment\",\"target\":[\"https:\/\/www.medewo.com\/blog\/at\/unternehmensnews\/fachkraeftemangel-logistik\/#respond\"]}]},{\"@type\":\"WebPage\",\"@id\":\"https:\/\/www.medewo.com\/blog\/at\/unternehmensnews\/fachkraeftemangel-logistik\/\",\"url\":\"https:\/\/www.medewo.com\/blog\/at\/unternehmensnews\/fachkraeftemangel-logistik\/\",\"name\":\"Fachkr\u00e4ftemangel in der Logistik \u2013 Employer Branding als effektive L\u00f6sung - MEDEWO Verpackungen\",\"isPartOf\":{\"@id\":\"https:\/\/www.medewo.com\/blog\/at\/#website\"},\"primaryImageOfPage\":{\"@id\":\"https:\/\/www.medewo.com\/blog\/at\/unternehmensnews\/fachkraeftemangel-logistik\/#primaryimage\"},\"image\":{\"@id\":\"https:\/\/www.medewo.com\/blog\/at\/unternehmensnews\/fachkraeftemangel-logistik\/#primaryimage\"},\"thumbnailUrl\":\"https:\/\/www.medewo.com\/blog\/wp-content\/uploads\/2023\/11\/Hauptbild-im-Lager.jpg\",\"datePublished\":\"2024-04-23T06:13:44+00:00\",\"dateModified\":\"2024-04-29T08:37:33+00:00\",\"breadcrumb\":{\"@id\":\"https:\/\/www.medewo.com\/blog\/at\/unternehmensnews\/fachkraeftemangel-logistik\/#breadcrumb\"},\"inLanguage\":\"de-AT\",\"potentialAction\":[{\"@type\":\"ReadAction\",\"target\":[\"https:\/\/www.medewo.com\/blog\/at\/unternehmensnews\/fachkraeftemangel-logistik\/\"]}]},{\"@type\":\"ImageObject\",\"inLanguage\":\"de-AT\",\"@id\":\"https:\/\/www.medewo.com\/blog\/at\/unternehmensnews\/fachkraeftemangel-logistik\/#primaryimage\",\"url\":\"https:\/\/www.medewo.com\/blog\/wp-content\/uploads\/2023\/11\/Hauptbild-im-Lager.jpg\",\"contentUrl\":\"https:\/\/www.medewo.com\/blog\/wp-content\/uploads\/2023\/11\/Hauptbild-im-Lager.jpg\",\"width\":775,\"height\":519,\"caption\":\"Hubwagen, Mitarbeiter im Lager\"},{\"@type\":\"BreadcrumbList\",\"@id\":\"https:\/\/www.medewo.com\/blog\/at\/unternehmensnews\/fachkraeftemangel-logistik\/#breadcrumb\",\"itemListElement\":[{\"@type\":\"ListItem\",\"position\":1,\"name\":\"Startseite\",\"item\":\"https:\/\/www.medewo.com\/blog\/at\/\"},{\"@type\":\"ListItem\",\"position\":2,\"name\":\"Fachkr\u00e4ftemangel in der Logistik \u2013 Employer Branding als effektive L\u00f6sung\"}]},{\"@type\":\"WebSite\",\"@id\":\"https:\/\/www.medewo.com\/blog\/at\/#website\",\"url\":\"https:\/\/www.medewo.com\/blog\/at\/\",\"name\":\"MEDEWO Verpackungen\",\"description\":\"News\",\"publisher\":{\"@id\":\"https:\/\/www.medewo.com\/blog\/at\/#organization\"},\"potentialAction\":[{\"@type\":\"SearchAction\",\"target\":{\"@type\":\"EntryPoint\",\"urlTemplate\":\"https:\/\/www.medewo.com\/blog\/at\/?s={search_term_string}\"},\"query-input\":{\"@type\":\"PropertyValueSpecification\",\"valueRequired\":true,\"valueName\":\"search_term_string\"}}],\"inLanguage\":\"de-AT\"},{\"@type\":\"Organization\",\"@id\":\"https:\/\/www.medewo.com\/blog\/at\/#organization\",\"name\":\"MEDEWO\",\"url\":\"https:\/\/www.medewo.com\/blog\/at\/\",\"logo\":{\"@type\":\"ImageObject\",\"inLanguage\":\"de-AT\",\"@id\":\"https:\/\/www.medewo.com\/blog\/at\/#\/schema\/logo\/image\/\",\"url\":\"https:\/\/www.medewo.com\/blog\/wp-content\/uploads\/2022\/03\/medewo-logo-claim-quer-2.png\",\"contentUrl\":\"https:\/\/www.medewo.com\/blog\/wp-content\/uploads\/2022\/03\/medewo-logo-claim-quer-2.png\",\"width\":350,\"height\":63,\"caption\":\"MEDEWO\"},\"image\":{\"@id\":\"https:\/\/www.medewo.com\/blog\/at\/#\/schema\/logo\/image\/\"}},{\"@type\":\"Person\",\"@id\":\"https:\/\/www.medewo.com\/blog\/at\/#\/schema\/person\/0d58526ee4672784bcb9c64b5c6cde9f\",\"name\":\"Ines Reiter\",\"image\":{\"@type\":\"ImageObject\",\"inLanguage\":\"de-AT\",\"@id\":\"https:\/\/www.medewo.com\/blog\/at\/#\/schema\/person\/image\/\",\"url\":\"https:\/\/secure.gravatar.com\/avatar\/a8743d0b7ce132e278d4e42aabcda333b09583545b3f541a9421bb42fd971259?s=96&d=blank&r=g\",\"contentUrl\":\"https:\/\/secure.gravatar.com\/avatar\/a8743d0b7ce132e278d4e42aabcda333b09583545b3f541a9421bb42fd971259?s=96&d=blank&r=g\",\"caption\":\"Ines Reiter\"}}]}<\/script>\n<!-- \/ Yoast SEO plugin. -->","yoast_head_json":{"title":"Fachkr\u00e4ftemangel in der Logistik \u2013 Employer Branding als effektive L\u00f6sung - MEDEWO Verpackungen","robots":{"index":"index","follow":"follow","max-snippet":"max-snippet:-1","max-image-preview":"max-image-preview:large","max-video-preview":"max-video-preview:-1"},"canonical":"https:\/\/www.medewo.com\/blog\/at\/unternehmensnews\/fachkraeftemangel-logistik\/","og_locale":"de_DE","og_type":"article","og_title":"Fachkr\u00e4ftemangel in der Logistik \u2013 Employer Branding als effektive L\u00f6sung - MEDEWO Verpackungen","og_description":"Der Fachkr\u00e4ftemangel im \u00d6sterreichischen Arbeitsmarkt wird immer sp\u00fcrbarer, auch im Wirtschaftsbereich Logistik. Daher m\u00fcssen neue L\u00f6sungen her! In diesem Interview berichtet unser Teamleiter Logistik CH dar\u00fcber, was wir bei der MEDEWO als mittelst\u00e4ndisches Unternehmen gegen den Fachkr\u00e4ftemangel unternehmen, wie wir unsere Mitarbeiter bei der Ausbildung f\u00f6rdern und was wir f\u00fcr unsere Lernenden tun.","og_url":"https:\/\/www.medewo.com\/blog\/at\/unternehmensnews\/fachkraeftemangel-logistik\/","og_site_name":"MEDEWO Verpackungen","article_published_time":"2024-04-23T06:13:44+00:00","article_modified_time":"2024-04-29T08:37:33+00:00","og_image":[{"width":775,"height":519,"url":"https:\/\/www.medewo.com\/blog\/wp-content\/uploads\/2023\/11\/Hauptbild-im-Lager.jpg","type":"image\/jpeg"}],"author":"Ines Reiter","twitter_card":"summary_large_image","twitter_misc":{"Verfasst von":"Ines Reiter","Gesch\u00e4tzte Lesezeit":"5 Minuten"},"schema":{"@context":"https:\/\/schema.org","@graph":[{"@type":"Article","@id":"https:\/\/www.medewo.com\/blog\/at\/unternehmensnews\/fachkraeftemangel-logistik\/#article","isPartOf":{"@id":"https:\/\/www.medewo.com\/blog\/at\/unternehmensnews\/fachkraeftemangel-logistik\/"},"author":{"name":"Ines Reiter","@id":"https:\/\/www.medewo.com\/blog\/at\/#\/schema\/person\/0d58526ee4672784bcb9c64b5c6cde9f"},"headline":"Fachkr\u00e4ftemangel in der Logistik \u2013 Employer Branding als effektive L\u00f6sung","datePublished":"2024-04-23T06:13:44+00:00","dateModified":"2024-04-29T08:37:33+00:00","mainEntityOfPage":{"@id":"https:\/\/www.medewo.com\/blog\/at\/unternehmensnews\/fachkraeftemangel-logistik\/"},"wordCount":1017,"commentCount":0,"publisher":{"@id":"https:\/\/www.medewo.com\/blog\/at\/#organization"},"image":{"@id":"https:\/\/www.medewo.com\/blog\/at\/unternehmensnews\/fachkraeftemangel-logistik\/#primaryimage"},"thumbnailUrl":"https:\/\/www.medewo.com\/blog\/wp-content\/uploads\/2023\/11\/Hauptbild-im-Lager.jpg","articleSection":["Unternehmensnews"],"inLanguage":"de-AT","potentialAction":[{"@type":"CommentAction","name":"Comment","target":["https:\/\/www.medewo.com\/blog\/at\/unternehmensnews\/fachkraeftemangel-logistik\/#respond"]}]},{"@type":"WebPage","@id":"https:\/\/www.medewo.com\/blog\/at\/unternehmensnews\/fachkraeftemangel-logistik\/","url":"https:\/\/www.medewo.com\/blog\/at\/unternehmensnews\/fachkraeftemangel-logistik\/","name":"Fachkr\u00e4ftemangel in der Logistik \u2013 Employer Branding als effektive L\u00f6sung - MEDEWO Verpackungen","isPartOf":{"@id":"https:\/\/www.medewo.com\/blog\/at\/#website"},"primaryImageOfPage":{"@id":"https:\/\/www.medewo.com\/blog\/at\/unternehmensnews\/fachkraeftemangel-logistik\/#primaryimage"},"image":{"@id":"https:\/\/www.medewo.com\/blog\/at\/unternehmensnews\/fachkraeftemangel-logistik\/#primaryimage"},"thumbnailUrl":"https:\/\/www.medewo.com\/blog\/wp-content\/uploads\/2023\/11\/Hauptbild-im-Lager.jpg","datePublished":"2024-04-23T06:13:44+00:00","dateModified":"2024-04-29T08:37:33+00:00","breadcrumb":{"@id":"https:\/\/www.medewo.com\/blog\/at\/unternehmensnews\/fachkraeftemangel-logistik\/#breadcrumb"},"inLanguage":"de-AT","potentialAction":[{"@type":"ReadAction","target":["https:\/\/www.medewo.com\/blog\/at\/unternehmensnews\/fachkraeftemangel-logistik\/"]}]},{"@type":"ImageObject","inLanguage":"de-AT","@id":"https:\/\/www.medewo.com\/blog\/at\/unternehmensnews\/fachkraeftemangel-logistik\/#primaryimage","url":"https:\/\/www.medewo.com\/blog\/wp-content\/uploads\/2023\/11\/Hauptbild-im-Lager.jpg","contentUrl":"https:\/\/www.medewo.com\/blog\/wp-content\/uploads\/2023\/11\/Hauptbild-im-Lager.jpg","width":775,"height":519,"caption":"Hubwagen, Mitarbeiter im Lager"},{"@type":"BreadcrumbList","@id":"https:\/\/www.medewo.com\/blog\/at\/unternehmensnews\/fachkraeftemangel-logistik\/#breadcrumb","itemListElement":[{"@type":"ListItem","position":1,"name":"Startseite","item":"https:\/\/www.medewo.com\/blog\/at\/"},{"@type":"ListItem","position":2,"name":"Fachkr\u00e4ftemangel in der Logistik \u2013 Employer Branding als effektive L\u00f6sung"}]},{"@type":"WebSite","@id":"https:\/\/www.medewo.com\/blog\/at\/#website","url":"https:\/\/www.medewo.com\/blog\/at\/","name":"MEDEWO Verpackungen","description":"News","publisher":{"@id":"https:\/\/www.medewo.com\/blog\/at\/#organization"},"potentialAction":[{"@type":"SearchAction","target":{"@type":"EntryPoint","urlTemplate":"https:\/\/www.medewo.com\/blog\/at\/?s={search_term_string}"},"query-input":{"@type":"PropertyValueSpecification","valueRequired":true,"valueName":"search_term_string"}}],"inLanguage":"de-AT"},{"@type":"Organization","@id":"https:\/\/www.medewo.com\/blog\/at\/#organization","name":"MEDEWO","url":"https:\/\/www.medewo.com\/blog\/at\/","logo":{"@type":"ImageObject","inLanguage":"de-AT","@id":"https:\/\/www.medewo.com\/blog\/at\/#\/schema\/logo\/image\/","url":"https:\/\/www.medewo.com\/blog\/wp-content\/uploads\/2022\/03\/medewo-logo-claim-quer-2.png","contentUrl":"https:\/\/www.medewo.com\/blog\/wp-content\/uploads\/2022\/03\/medewo-logo-claim-quer-2.png","width":350,"height":63,"caption":"MEDEWO"},"image":{"@id":"https:\/\/www.medewo.com\/blog\/at\/#\/schema\/logo\/image\/"}},{"@type":"Person","@id":"https:\/\/www.medewo.com\/blog\/at\/#\/schema\/person\/0d58526ee4672784bcb9c64b5c6cde9f","name":"Ines Reiter","image":{"@type":"ImageObject","inLanguage":"de-AT","@id":"https:\/\/www.medewo.com\/blog\/at\/#\/schema\/person\/image\/","url":"https:\/\/secure.gravatar.com\/avatar\/a8743d0b7ce132e278d4e42aabcda333b09583545b3f541a9421bb42fd971259?s=96&d=blank&r=g","contentUrl":"https:\/\/secure.gravatar.com\/avatar\/a8743d0b7ce132e278d4e42aabcda333b09583545b3f541a9421bb42fd971259?s=96&d=blank&r=g","caption":"Ines Reiter"}}]}},"magento_index":false,"_links":{"self":[{"href":"https:\/\/www.medewo.com\/blog\/at\/wp-json\/wp\/v2\/posts\/32365","targetHints":{"allow":["GET"]}}],"collection":[{"href":"https:\/\/www.medewo.com\/blog\/at\/wp-json\/wp\/v2\/posts"}],"about":[{"href":"https:\/\/www.medewo.com\/blog\/at\/wp-json\/wp\/v2\/types\/post"}],"author":[{"embeddable":true,"href":"https:\/\/www.medewo.com\/blog\/at\/wp-json\/wp\/v2\/users\/69"}],"replies":[{"embeddable":true,"href":"https:\/\/www.medewo.com\/blog\/at\/wp-json\/wp\/v2\/comments?post=32365"}],"version-history":[{"count":10,"href":"https:\/\/www.medewo.com\/blog\/at\/wp-json\/wp\/v2\/posts\/32365\/revisions"}],"predecessor-version":[{"id":32412,"href":"https:\/\/www.medewo.com\/blog\/at\/wp-json\/wp\/v2\/posts\/32365\/revisions\/32412"}],"wp:featuredmedia":[{"embeddable":true,"href":"https:\/\/www.medewo.com\/blog\/at\/wp-json\/wp\/v2\/media\/32323"}],"wp:attachment":[{"href":"https:\/\/www.medewo.com\/blog\/at\/wp-json\/wp\/v2\/media?parent=32365"}],"wp:term":[{"taxonomy":"category","embeddable":true,"href":"https:\/\/www.medewo.com\/blog\/at\/wp-json\/wp\/v2\/categories?post=32365"},{"taxonomy":"post_tag","embeddable":true,"href":"https:\/\/www.medewo.com\/blog\/at\/wp-json\/wp\/v2\/tags?post=32365"},{"taxonomy":"m2-product-id","embeddable":true,"href":"https:\/\/www.medewo.com\/blog\/at\/wp-json\/wp\/v2\/m2-product-id?post=32365"}],"curies":[{"name":"wp","href":"https:\/\/api.w.org\/{rel}","templated":true}]}}