{"id":24378,"date":"2019-12-17T10:33:54","date_gmt":"2019-12-17T09:33:54","guid":{"rendered":"https:\/\/www.medewo.com\/blog\/?p=24378"},"modified":"2024-07-23T12:49:40","modified_gmt":"2024-07-23T10:49:40","slug":"verbot-kunststoff-tragetaschen-alternativen","status":"publish","type":"post","link":"https:\/\/www.medewo.com\/blog\/at\/produkte\/verbot-kunststoff-tragetaschen-alternativen\/","title":{"rendered":"Verbot von Kunststoff-Tragetaschen \u2013 was Sie jetzt wissen m\u00fcssen"},"content":{"rendered":"<div class=\"wpb-content-wrapper\"><p>[vc_row][vc_column]<section class=\"shortcode-teaser img-full\"><div class=\"shortcode-teaser-content text-big\"><h2>Informationen zum Verbot ab 1.1.2020 und Ihren Alternativen<\/h2>\n<p><strong>Seit dem 1. Januar 2020 d\u00fcrfen in \u00d6sterreich Kunststoff-Tragetaschen nicht mehr vertrieben werden. Die \u00dcbergangsfrist f\u00fcr die Ausgabe an Endverbraucher betr\u00e4gt 12 Monate. Wir haben f\u00fcr Sie die wichtigsten Informationen zusammengestellt und zeigen Ihnen, welche Taschen Sie alternativ verwenden k\u00f6nnen.<\/strong><\/p>\n<\/div><\/section><div id=\"ultimate-heading-223769af6a5e81401\" class=\"uvc-heading ult-adjust-bottom-margin ultimate-heading-223769af6a5e81401 uvc-1311  uvc-heading-default-font-sizes\" data-hspacer=\"no_spacer\"  data-halign=\"center\" style=\"text-align:center\"><div class=\"uvc-heading-spacer no_spacer\" style=\"top\"><\/div><\/div>[vc_empty_space][vc_column_text]Der \u00f6sterreichische Ministerrat hat bereits Ende 2018 ein Verbot aller Kunststofft\u00fcten beschlossen \u2013 egal welcher Folienst\u00e4rke. Ziel sei es, dadurch ca. 5.000 bis 7.000 Tonnen Kunststoffm\u00fcll pro Jahr einzusparen. Das Verbot gilt nun seit dem 1. Januar 2020 f\u00fcr jeden Betrieb und alle Branchen, wobei Restbest\u00e4nde von Letztvertreibern an Verbraucher noch bis 31.12.2020 ausgegeben werden k\u00f6nnen.[\/vc_column_text][vc_empty_space]<div class=\"standard-arrow bullet-top\"><h2>Die Durchf\u00fchrungsverordnung sieht nur wenige, konkrete Ausnahmen vor:<\/h2>\n<p>sehr leichte Kunststoffsackerl (Wandst\u00e4rke unter 0,015 mm\/ &lt; 15 my), wenn diese<br \/>\naus mind. 50% nachwachsenden Rohstoffen hergestellt und<br \/>\neigenkompostierbar sind (OK Home Compost geeignet)<br \/>\nwiederverwendbare Kunststoff-Tragetaschen, wenn diese<br \/>\naus Kunststoffgewebe oder mit Kunststoffanteil und<br \/>\nmit vern\u00e4hten Verbindungen und Tragegriffen sind<\/p>\n<\/div>[vc_empty_space height=&#8220;12px&#8220;][vc_column_text]Weitere Details lesen Sie in der AWG-Rechtsbereinigungsnovelle 2019.[\/vc_column_text][vc_empty_space][vc_column_text]Der Entschluss bedeutet, dass Sie bei RAUSCH seit dem 1. Januar 2020 keine Tragetaschen aus Kunststoff mehr erwerben k\u00f6nnen. Sie haben alternativ die Wahl zwischen Einweg-Taschen aus Papier sowie Mehrweg-Taschen aus Baumwolle, rPET oder non-woven-Material:[\/vc_column_text][vc_empty_space][\/vc_column][\/vc_row][vc_row][vc_column width=&#8220;1\/2&#8243;][vc_column_text]<\/p>\n<h3>Tragetaschen aus Papier<\/h3>\n<p>[\/vc_column_text][vc_empty_space height=&#8220;22px&#8220;][vc_single_image image=&#8220;30100&#8243; img_size=&#8220;full&#8220;][vc_empty_space height=&#8220;42px&#8220;][vc_column_text]<\/p>\n<p>aus einem nachwachsenden und nat\u00fcrlichen Rohstoff<br \/>\n100 % recyclingf\u00e4hig<br \/>\naus Kraftpapier: stabil und belastbar<\/p>\n<p>[\/vc_column_text][vc_empty_space height=&#8220;22px&#8220;][\/vc_column][vc_column width=&#8220;1\/2&#8243;][vc_column_text]<\/p>\n<h3>Mehrweg-Tragetaschen aus Baumwolle<\/h3>\n<p>[\/vc_column_text][vc_empty_space height=&#8220;55px&#8220;][vc_single_image image=&#8220;30104&#8243; img_size=&#8220;full&#8220;][vc_empty_space height=&#8220;90px&#8220;][vc_column_text]<\/p>\n<p>aus einem nachwachsenden und nat\u00fcrlichen Rohstoff<br \/>\nlanglebig<br \/>\nwaschbar<\/p>\n<p>[\/vc_column_text][vc_empty_space height=&#8220;22px&#8220;][\/vc_column][\/vc_row][vc_row][vc_column width=&#8220;1\/2&#8243;]<style type=\"text\/css\" data-type=\"the7_shortcodes-inline-css\">#default-btn-14526a0a913d445f483cf67ed1fef901.ico-right-side > i {\n  margin-right: 0px;\n  margin-left: 8px;\n}\n#default-btn-14526a0a913d445f483cf67ed1fef901 > i {\n  margin-right: 8px;\n}<\/style><a href=\"https:\/\/www.medewo.com\/at\/lagersortiment\/geschenkverpackungen-und-tragetaschen\/tragetaschen\/papiertragetaschen\/\" class=\"default-btn-shortcode dt-btn dt-btn-m link-hover-off btn-inline-left  vc_custom_1702645918552\" target=\"_blank\" id=\"default-btn-14526a0a913d445f483cf67ed1fef901\" title=\"Zu den Papier-Tragetaschen\" rel=\"noopener\"><span>Zu den Papiertrage-Taschen<\/span><\/a>[\/vc_column][vc_column width=&#8220;1\/2&#8243;]<style type=\"text\/css\" data-type=\"the7_shortcodes-inline-css\">#default-btn-f556608fe4dd1277b3b6f8a74a829e37.ico-right-side > i {\n  margin-right: 0px;\n  margin-left: 8px;\n}\n#default-btn-f556608fe4dd1277b3b6f8a74a829e37 > i {\n  margin-right: 8px;\n}<\/style><a href=\"https:\/\/www.medewo.com\/at\/mehrweg-tragetasche-baumwolle\" class=\"default-btn-shortcode dt-btn dt-btn-m link-hover-off btn-inline-left  vc_custom_1702909362970\" target=\"_blank\" id=\"default-btn-f556608fe4dd1277b3b6f8a74a829e37\" title=\"Zur Baumwoll-Tragetasche\" rel=\"noopener\"><span>Zur Baumwoll-Tragetasche<\/span><\/a>[\/vc_column][\/vc_row][vc_row][vc_column width=&#8220;1\/2&#8243;][vc_empty_space height=&#8220;22px&#8220;][vc_empty_space height=&#8220;22px&#8220;][vc_column_text]<\/p>\n<h3>Mehrweg-Tragetaschen non-woven<\/h3>\n<p>[\/vc_column_text][vc_empty_space height=&#8220;22px&#8220;][vc_single_image image=&#8220;11369&#8243; img_size=&#8220;medium&#8220;][vc_empty_space height=&#8220;42px&#8220;][vc_column_text]<\/p>\n<p>textile Optik<br \/>\nrei\u00dffest<br \/>\nabwischbar und spritzwasserfest<\/p>\n<p>[\/vc_column_text][vc_empty_space height=&#8220;22px&#8220;][\/vc_column][vc_column width=&#8220;1\/2&#8243;][vc_empty_space height=&#8220;22px&#8220;][vc_empty_space height=&#8220;22px&#8220;][vc_column_text]<\/p>\n<h3>Individuelle Mehrweg-Tragetasche 100 % rPET<\/h3>\n<p>[\/vc_column_text][vc_empty_space height=&#8220;40px&#8220;][vc_single_image image=&#8220;11361&#8243; img_size=&#8220;medium&#8220;][vc_empty_space height=&#8220;130px&#8220;][vc_column_text]<\/p>\n<p>aus recyceltem PET<br \/>\nrobustes, rei\u00dffestes Material<br \/>\nbereits 3.000 St\u00fcck bedruckbar<\/p>\n<p>[\/vc_column_text][vc_empty_space height=&#8220;22px&#8220;][\/vc_column][\/vc_row][vc_row][vc_column width=&#8220;1\/2&#8243;]<style type=\"text\/css\" data-type=\"the7_shortcodes-inline-css\">#default-btn-6b3cdb9df5e25cf32985a4949662bef3.ico-right-side > i {\n  margin-right: 0px;\n  margin-left: 8px;\n}\n#default-btn-6b3cdb9df5e25cf32985a4949662bef3 > i {\n  margin-right: 8px;\n}<\/style><a href=\"https:\/\/www.medewo.com\/at\/mehrweg-tragetasche-non-woven-basic\" class=\"default-btn-shortcode dt-btn dt-btn-m link-hover-off btn-inline-left  vc_custom_1702910139372\" target=\"_blank\" id=\"default-btn-6b3cdb9df5e25cf32985a4949662bef3\" title=\"Zur non-woven Tragetasche\" rel=\"noopener\"><span>Zur non-woven Tragetasche<\/span><\/a>[\/vc_column][vc_column width=&#8220;1\/2&#8243;]<style type=\"text\/css\" data-type=\"the7_shortcodes-inline-css\">#default-btn-d0e8daabf54ec9e4ec4e779927614b6a.ico-right-side > i {\n  margin-right: 0px;\n  margin-left: 8px;\n}\n#default-btn-d0e8daabf54ec9e4ec4e779927614b6a > i {\n  margin-right: 8px;\n}<\/style><a href=\"https:\/\/www.medewo.com\/at\/rpet-recycling-taschen-bedrucken\" class=\"default-btn-shortcode dt-btn dt-btn-m link-hover-off btn-inline-left  vc_custom_1702909378013\" target=\"_blank\" id=\"default-btn-d0e8daabf54ec9e4ec4e779927614b6a\" title=\"Zu den Mehrweg-Tragetaschen\" rel=\"noopener\"><span>Zu den Mehrweg-Tragetaschen<\/span><\/a>[\/vc_column][\/vc_row][vc_row][vc_column][vc_empty_space][vc_column_text]Alle Materialien lassen sich sehr gut individualisieren. Mit Ihrem Logo und in Ihrem Design bedruckt machen die Taschen Ihren Namen bekannt und dienen als kosteng\u00fcnstiger Werbetr\u00e4ger. Vor allem bei Mehrweg-Taschen profitieren Sie von dieser Wirkung, kommen die Beutel doch \u00f6fter zum Einsatz (mehr zu individuellen Verpackungen lesen).[\/vc_column_text][vc_empty_space][vc_column_text]Suchen Sie noch eine Alternative f\u00fcr Hemdchentragetaschen oder Knotenbeutel, in denen Sie bisher z. B. Obst und Gem\u00fcse verpackt haben, bieten sich auch folgende Papierbeutel an:[\/vc_column_text][vc_empty_space][\/vc_column][\/vc_row][vc_row][vc_column width=&#8220;1\/2&#8243;][vc_column_text]<\/p>\n<h3>Papierfaltenbeutel \u00abnur Natur\u00bb<\/h3>\n<p>[\/vc_column_text][vc_empty_space height=&#8220;22px&#8220;][vc_single_image image=&#8220;11377&#8243; img_size=&#8220;medium&#8220;][vc_empty_space height=&#8220;22px&#8220;][vc_column_text]<\/p>\n<p>aus 100 % Zellulose<br \/>\nfeuchtigkeitsresistent<br \/>\nhalb-transparent<\/p>\n<p>[\/vc_column_text][vc_empty_space height=&#8220;22px&#8220;][\/vc_column][vc_column width=&#8220;1\/2&#8243;][vc_column_text]<\/p>\n<h3>Kreuzbodenbeutel braun<\/h3>\n<p>[\/vc_column_text][vc_empty_space height=&#8220;22px&#8220;][vc_empty_space height=&#8220;22px&#8220;][vc_single_image image=&#8220;30092&#8243; img_size=&#8220;full&#8220;][vc_empty_space height=&#8220;22px&#8220;][vc_empty_space height=&#8220;22px&#8220;][vc_column_text]<\/p>\n<p>Papier aus bester Recycling-Qualit\u00e4t<br \/>\ngef\u00e4delt<br \/>\ngute Standfestigkeit, wenn gef\u00fcllt<\/p>\n<p>[\/vc_column_text][vc_empty_space height=&#8220;22px&#8220;][\/vc_column][\/vc_row][vc_row][vc_column width=&#8220;1\/2&#8243;]<style type=\"text\/css\" data-type=\"the7_shortcodes-inline-css\">#default-btn-95dd466c0fef493481d281ba1368a25c.ico-right-side > i {\n  margin-right: 0px;\n  margin-left: 8px;\n}\n#default-btn-95dd466c0fef493481d281ba1368a25c > i {\n  margin-right: 8px;\n}<\/style><a href=\"https:\/\/www.medewo.com\/at\/papierfaltenbeutel-nur-natur\" class=\"default-btn-shortcode dt-btn dt-btn-m link-hover-off btn-inline-left  vc_custom_1702910230775\" target=\"_blank\" id=\"default-btn-95dd466c0fef493481d281ba1368a25c\" title=\"Zum Papierfaltenbeutel \u00abnur Natur\u00bb\" rel=\"noopener\"><span>Zum Papierfaltenbeutel \u00abnur Natur\u00bb<\/span><\/a>[\/vc_column][vc_column width=&#8220;1\/2&#8243;]<style type=\"text\/css\" data-type=\"the7_shortcodes-inline-css\">#default-btn-5716dcd9f58cc3d6baa4ded6c7400d67.ico-right-side > i {\n  margin-right: 0px;\n  margin-left: 8px;\n}\n#default-btn-5716dcd9f58cc3d6baa4ded6c7400d67 > i {\n  margin-right: 8px;\n}<\/style><a href=\"https:\/\/www.medewo.com\/at\/kreuzbodenbeutel-braun\" class=\"default-btn-shortcode dt-btn dt-btn-m link-hover-off btn-inline-left  vc_custom_1702910241119\" target=\"_blank\" id=\"default-btn-5716dcd9f58cc3d6baa4ded6c7400d67\" title=\"Zum Kreuzbodenbeutel aus Papier\" rel=\"noopener\"><span>Zum Kreuzbodenbeutel aus Papier<\/span><\/a>[\/vc_column][\/vc_row][vc_row][vc_column][vc_empty_space][vc_column_text]<\/p>\n<p>Gerne beraten wir Sie jederzeit auch pers\u00f6nlich zu Ihren M\u00f6glichkeiten und beantworten Ihre Fragen. Kontaktieren Sie uns unter T.\u00a007249 21 778 82 oder direkt in unserem Live-Chat.<\/p>\n<p>[\/vc_column_text][vc_empty_space][\/vc_column][\/vc_row]<\/p>\n<\/div>","protected":false},"excerpt":{"rendered":"<p>Seit dem 1. Januar 2020 d\u00fcrfen in \u00d6sterreich Kunststoff-Tragetaschen nicht mehr vertrieben werden.<\/p>\n","protected":false},"author":46,"featured_media":24677,"comment_status":"open","ping_status":"closed","sticky":false,"template":"","format":"standard","meta":{"pgc_sgb_lightbox_settings":"","footnotes":""},"categories":[22],"tags":[],"m2-product-id":[],"class_list":["post-24378","post","type-post","status-publish","format-standard","has-post-thumbnail","hentry","category-produkte","category-22","description-off"],"yoast_head":"<!-- This site is optimized with the Yoast SEO plugin v27.1.1 - https:\/\/yoast.com\/product\/yoast-seo-wordpress\/ -->\n<title>Verbot von Kunststoff-Tragetaschen \u2013 was Sie jetzt wissen m\u00fcssen - MEDEWO Verpackungen<\/title>\n<meta name=\"robots\" content=\"index, follow, max-snippet:-1, max-image-preview:large, max-video-preview:-1\" \/>\n<link rel=\"canonical\" href=\"https:\/\/www.medewo.com\/blog\/at\/produkte\/verbot-kunststoff-tragetaschen-alternativen\/\" \/>\n<meta property=\"og:locale\" content=\"de_DE\" \/>\n<meta property=\"og:type\" content=\"article\" \/>\n<meta property=\"og:title\" content=\"Verbot von Kunststoff-Tragetaschen \u2013 was Sie jetzt wissen m\u00fcssen - MEDEWO Verpackungen\" \/>\n<meta property=\"og:description\" content=\"Seit dem 1. Januar 2020 d\u00fcrfen in \u00d6sterreich Kunststoff-Tragetaschen nicht mehr vertrieben werden.\" \/>\n<meta property=\"og:url\" content=\"https:\/\/www.medewo.com\/blog\/at\/produkte\/verbot-kunststoff-tragetaschen-alternativen\/\" \/>\n<meta property=\"og:site_name\" content=\"MEDEWO Verpackungen\" \/>\n<meta property=\"article:published_time\" content=\"2019-12-17T09:33:54+00:00\" \/>\n<meta property=\"article:modified_time\" content=\"2024-07-23T10:49:40+00:00\" \/>\n<meta property=\"og:image\" content=\"https:\/\/www.medewo.com\/blog\/wp-content\/uploads\/2022\/01\/beitrag-tragetaschen.jpg\" \/>\n\t<meta property=\"og:image:width\" content=\"775\" \/>\n\t<meta property=\"og:image:height\" content=\"519\" \/>\n\t<meta property=\"og:image:type\" content=\"image\/jpeg\" \/>\n<meta name=\"author\" content=\"Johanna Veh\" \/>\n<meta name=\"twitter:card\" content=\"summary_large_image\" \/>\n<meta name=\"twitter:label1\" content=\"Verfasst von\" \/>\n\t<meta name=\"twitter:data1\" content=\"Johanna Veh\" \/>\n\t<meta name=\"twitter:label2\" content=\"Gesch\u00e4tzte Lesezeit\" \/>\n\t<meta name=\"twitter:data2\" content=\"3 Minuten\" \/>\n<script type=\"application\/ld+json\" class=\"yoast-schema-graph\">{\"@context\":\"https:\/\/schema.org\",\"@graph\":[{\"@type\":\"Article\",\"@id\":\"https:\/\/www.medewo.com\/blog\/at\/produkte\/verbot-kunststoff-tragetaschen-alternativen\/#article\",\"isPartOf\":{\"@id\":\"https:\/\/www.medewo.com\/blog\/at\/produkte\/verbot-kunststoff-tragetaschen-alternativen\/\"},\"author\":{\"name\":\"Johanna Veh\",\"@id\":\"https:\/\/www.medewo.com\/blog\/at\/#\/schema\/person\/095ac0edc7996da8d9076f1dd7628a02\"},\"headline\":\"Verbot von Kunststoff-Tragetaschen \u2013 was Sie jetzt wissen m\u00fcssen\",\"datePublished\":\"2019-12-17T09:33:54+00:00\",\"dateModified\":\"2024-07-23T10:49:40+00:00\",\"mainEntityOfPage\":{\"@id\":\"https:\/\/www.medewo.com\/blog\/at\/produkte\/verbot-kunststoff-tragetaschen-alternativen\/\"},\"wordCount\":1035,\"commentCount\":0,\"publisher\":{\"@id\":\"https:\/\/www.medewo.com\/blog\/at\/#organization\"},\"image\":{\"@id\":\"https:\/\/www.medewo.com\/blog\/at\/produkte\/verbot-kunststoff-tragetaschen-alternativen\/#primaryimage\"},\"thumbnailUrl\":\"https:\/\/www.medewo.com\/blog\/wp-content\/uploads\/2022\/01\/beitrag-tragetaschen.jpg\",\"articleSection\":[\"Produkte\"],\"inLanguage\":\"de-AT\",\"potentialAction\":[{\"@type\":\"CommentAction\",\"name\":\"Comment\",\"target\":[\"https:\/\/www.medewo.com\/blog\/at\/produkte\/verbot-kunststoff-tragetaschen-alternativen\/#respond\"]}]},{\"@type\":\"WebPage\",\"@id\":\"https:\/\/www.medewo.com\/blog\/at\/produkte\/verbot-kunststoff-tragetaschen-alternativen\/\",\"url\":\"https:\/\/www.medewo.com\/blog\/at\/produkte\/verbot-kunststoff-tragetaschen-alternativen\/\",\"name\":\"Verbot von Kunststoff-Tragetaschen \u2013 was Sie jetzt wissen m\u00fcssen - MEDEWO Verpackungen\",\"isPartOf\":{\"@id\":\"https:\/\/www.medewo.com\/blog\/at\/#website\"},\"primaryImageOfPage\":{\"@id\":\"https:\/\/www.medewo.com\/blog\/at\/produkte\/verbot-kunststoff-tragetaschen-alternativen\/#primaryimage\"},\"image\":{\"@id\":\"https:\/\/www.medewo.com\/blog\/at\/produkte\/verbot-kunststoff-tragetaschen-alternativen\/#primaryimage\"},\"thumbnailUrl\":\"https:\/\/www.medewo.com\/blog\/wp-content\/uploads\/2022\/01\/beitrag-tragetaschen.jpg\",\"datePublished\":\"2019-12-17T09:33:54+00:00\",\"dateModified\":\"2024-07-23T10:49:40+00:00\",\"breadcrumb\":{\"@id\":\"https:\/\/www.medewo.com\/blog\/at\/produkte\/verbot-kunststoff-tragetaschen-alternativen\/#breadcrumb\"},\"inLanguage\":\"de-AT\",\"potentialAction\":[{\"@type\":\"ReadAction\",\"target\":[\"https:\/\/www.medewo.com\/blog\/at\/produkte\/verbot-kunststoff-tragetaschen-alternativen\/\"]}]},{\"@type\":\"ImageObject\",\"inLanguage\":\"de-AT\",\"@id\":\"https:\/\/www.medewo.com\/blog\/at\/produkte\/verbot-kunststoff-tragetaschen-alternativen\/#primaryimage\",\"url\":\"https:\/\/www.medewo.com\/blog\/wp-content\/uploads\/2022\/01\/beitrag-tragetaschen.jpg\",\"contentUrl\":\"https:\/\/www.medewo.com\/blog\/wp-content\/uploads\/2022\/01\/beitrag-tragetaschen.jpg\",\"width\":775,\"height\":519,\"caption\":\"Alternativen Tragetaschen\"},{\"@type\":\"BreadcrumbList\",\"@id\":\"https:\/\/www.medewo.com\/blog\/at\/produkte\/verbot-kunststoff-tragetaschen-alternativen\/#breadcrumb\",\"itemListElement\":[{\"@type\":\"ListItem\",\"position\":1,\"name\":\"Startseite\",\"item\":\"https:\/\/www.medewo.com\/blog\/at\/\"},{\"@type\":\"ListItem\",\"position\":2,\"name\":\"Verbot von Kunststoff-Tragetaschen \u2013 was Sie jetzt wissen m\u00fcssen\"}]},{\"@type\":\"WebSite\",\"@id\":\"https:\/\/www.medewo.com\/blog\/at\/#website\",\"url\":\"https:\/\/www.medewo.com\/blog\/at\/\",\"name\":\"MEDEWO Verpackungen\",\"description\":\"News\",\"publisher\":{\"@id\":\"https:\/\/www.medewo.com\/blog\/at\/#organization\"},\"potentialAction\":[{\"@type\":\"SearchAction\",\"target\":{\"@type\":\"EntryPoint\",\"urlTemplate\":\"https:\/\/www.medewo.com\/blog\/at\/?s={search_term_string}\"},\"query-input\":{\"@type\":\"PropertyValueSpecification\",\"valueRequired\":true,\"valueName\":\"search_term_string\"}}],\"inLanguage\":\"de-AT\"},{\"@type\":\"Organization\",\"@id\":\"https:\/\/www.medewo.com\/blog\/at\/#organization\",\"name\":\"MEDEWO\",\"url\":\"https:\/\/www.medewo.com\/blog\/at\/\",\"logo\":{\"@type\":\"ImageObject\",\"inLanguage\":\"de-AT\",\"@id\":\"https:\/\/www.medewo.com\/blog\/at\/#\/schema\/logo\/image\/\",\"url\":\"https:\/\/www.medewo.com\/blog\/wp-content\/uploads\/2022\/03\/medewo-logo-claim-quer-2.png\",\"contentUrl\":\"https:\/\/www.medewo.com\/blog\/wp-content\/uploads\/2022\/03\/medewo-logo-claim-quer-2.png\",\"width\":350,\"height\":63,\"caption\":\"MEDEWO\"},\"image\":{\"@id\":\"https:\/\/www.medewo.com\/blog\/at\/#\/schema\/logo\/image\/\"}},{\"@type\":\"Person\",\"@id\":\"https:\/\/www.medewo.com\/blog\/at\/#\/schema\/person\/095ac0edc7996da8d9076f1dd7628a02\",\"name\":\"Johanna Veh\",\"image\":{\"@type\":\"ImageObject\",\"inLanguage\":\"de-AT\",\"@id\":\"https:\/\/www.medewo.com\/blog\/at\/#\/schema\/person\/image\/\",\"url\":\"https:\/\/secure.gravatar.com\/avatar\/34b1d372f4c5c8771c920d7185ad3cdbb4c0c74723f619ae116247c1940d52ec?s=96&d=blank&r=g\",\"contentUrl\":\"https:\/\/secure.gravatar.com\/avatar\/34b1d372f4c5c8771c920d7185ad3cdbb4c0c74723f619ae116247c1940d52ec?s=96&d=blank&r=g\",\"caption\":\"Johanna Veh\"}}]}<\/script>\n<!-- \/ Yoast SEO plugin. -->","yoast_head_json":{"title":"Verbot von Kunststoff-Tragetaschen \u2013 was Sie jetzt wissen m\u00fcssen - MEDEWO Verpackungen","robots":{"index":"index","follow":"follow","max-snippet":"max-snippet:-1","max-image-preview":"max-image-preview:large","max-video-preview":"max-video-preview:-1"},"canonical":"https:\/\/www.medewo.com\/blog\/at\/produkte\/verbot-kunststoff-tragetaschen-alternativen\/","og_locale":"de_DE","og_type":"article","og_title":"Verbot von Kunststoff-Tragetaschen \u2013 was Sie jetzt wissen m\u00fcssen - MEDEWO Verpackungen","og_description":"Seit dem 1. Januar 2020 d\u00fcrfen in \u00d6sterreich Kunststoff-Tragetaschen nicht mehr vertrieben werden.","og_url":"https:\/\/www.medewo.com\/blog\/at\/produkte\/verbot-kunststoff-tragetaschen-alternativen\/","og_site_name":"MEDEWO Verpackungen","article_published_time":"2019-12-17T09:33:54+00:00","article_modified_time":"2024-07-23T10:49:40+00:00","og_image":[{"width":775,"height":519,"url":"https:\/\/www.medewo.com\/blog\/wp-content\/uploads\/2022\/01\/beitrag-tragetaschen.jpg","type":"image\/jpeg"}],"author":"Johanna Veh","twitter_card":"summary_large_image","twitter_misc":{"Verfasst von":"Johanna Veh","Gesch\u00e4tzte Lesezeit":"3 Minuten"},"schema":{"@context":"https:\/\/schema.org","@graph":[{"@type":"Article","@id":"https:\/\/www.medewo.com\/blog\/at\/produkte\/verbot-kunststoff-tragetaschen-alternativen\/#article","isPartOf":{"@id":"https:\/\/www.medewo.com\/blog\/at\/produkte\/verbot-kunststoff-tragetaschen-alternativen\/"},"author":{"name":"Johanna Veh","@id":"https:\/\/www.medewo.com\/blog\/at\/#\/schema\/person\/095ac0edc7996da8d9076f1dd7628a02"},"headline":"Verbot von Kunststoff-Tragetaschen \u2013 was Sie jetzt wissen m\u00fcssen","datePublished":"2019-12-17T09:33:54+00:00","dateModified":"2024-07-23T10:49:40+00:00","mainEntityOfPage":{"@id":"https:\/\/www.medewo.com\/blog\/at\/produkte\/verbot-kunststoff-tragetaschen-alternativen\/"},"wordCount":1035,"commentCount":0,"publisher":{"@id":"https:\/\/www.medewo.com\/blog\/at\/#organization"},"image":{"@id":"https:\/\/www.medewo.com\/blog\/at\/produkte\/verbot-kunststoff-tragetaschen-alternativen\/#primaryimage"},"thumbnailUrl":"https:\/\/www.medewo.com\/blog\/wp-content\/uploads\/2022\/01\/beitrag-tragetaschen.jpg","articleSection":["Produkte"],"inLanguage":"de-AT","potentialAction":[{"@type":"CommentAction","name":"Comment","target":["https:\/\/www.medewo.com\/blog\/at\/produkte\/verbot-kunststoff-tragetaschen-alternativen\/#respond"]}]},{"@type":"WebPage","@id":"https:\/\/www.medewo.com\/blog\/at\/produkte\/verbot-kunststoff-tragetaschen-alternativen\/","url":"https:\/\/www.medewo.com\/blog\/at\/produkte\/verbot-kunststoff-tragetaschen-alternativen\/","name":"Verbot von Kunststoff-Tragetaschen \u2013 was Sie jetzt wissen m\u00fcssen - MEDEWO Verpackungen","isPartOf":{"@id":"https:\/\/www.medewo.com\/blog\/at\/#website"},"primaryImageOfPage":{"@id":"https:\/\/www.medewo.com\/blog\/at\/produkte\/verbot-kunststoff-tragetaschen-alternativen\/#primaryimage"},"image":{"@id":"https:\/\/www.medewo.com\/blog\/at\/produkte\/verbot-kunststoff-tragetaschen-alternativen\/#primaryimage"},"thumbnailUrl":"https:\/\/www.medewo.com\/blog\/wp-content\/uploads\/2022\/01\/beitrag-tragetaschen.jpg","datePublished":"2019-12-17T09:33:54+00:00","dateModified":"2024-07-23T10:49:40+00:00","breadcrumb":{"@id":"https:\/\/www.medewo.com\/blog\/at\/produkte\/verbot-kunststoff-tragetaschen-alternativen\/#breadcrumb"},"inLanguage":"de-AT","potentialAction":[{"@type":"ReadAction","target":["https:\/\/www.medewo.com\/blog\/at\/produkte\/verbot-kunststoff-tragetaschen-alternativen\/"]}]},{"@type":"ImageObject","inLanguage":"de-AT","@id":"https:\/\/www.medewo.com\/blog\/at\/produkte\/verbot-kunststoff-tragetaschen-alternativen\/#primaryimage","url":"https:\/\/www.medewo.com\/blog\/wp-content\/uploads\/2022\/01\/beitrag-tragetaschen.jpg","contentUrl":"https:\/\/www.medewo.com\/blog\/wp-content\/uploads\/2022\/01\/beitrag-tragetaschen.jpg","width":775,"height":519,"caption":"Alternativen Tragetaschen"},{"@type":"BreadcrumbList","@id":"https:\/\/www.medewo.com\/blog\/at\/produkte\/verbot-kunststoff-tragetaschen-alternativen\/#breadcrumb","itemListElement":[{"@type":"ListItem","position":1,"name":"Startseite","item":"https:\/\/www.medewo.com\/blog\/at\/"},{"@type":"ListItem","position":2,"name":"Verbot von Kunststoff-Tragetaschen \u2013 was Sie jetzt wissen m\u00fcssen"}]},{"@type":"WebSite","@id":"https:\/\/www.medewo.com\/blog\/at\/#website","url":"https:\/\/www.medewo.com\/blog\/at\/","name":"MEDEWO Verpackungen","description":"News","publisher":{"@id":"https:\/\/www.medewo.com\/blog\/at\/#organization"},"potentialAction":[{"@type":"SearchAction","target":{"@type":"EntryPoint","urlTemplate":"https:\/\/www.medewo.com\/blog\/at\/?s={search_term_string}"},"query-input":{"@type":"PropertyValueSpecification","valueRequired":true,"valueName":"search_term_string"}}],"inLanguage":"de-AT"},{"@type":"Organization","@id":"https:\/\/www.medewo.com\/blog\/at\/#organization","name":"MEDEWO","url":"https:\/\/www.medewo.com\/blog\/at\/","logo":{"@type":"ImageObject","inLanguage":"de-AT","@id":"https:\/\/www.medewo.com\/blog\/at\/#\/schema\/logo\/image\/","url":"https:\/\/www.medewo.com\/blog\/wp-content\/uploads\/2022\/03\/medewo-logo-claim-quer-2.png","contentUrl":"https:\/\/www.medewo.com\/blog\/wp-content\/uploads\/2022\/03\/medewo-logo-claim-quer-2.png","width":350,"height":63,"caption":"MEDEWO"},"image":{"@id":"https:\/\/www.medewo.com\/blog\/at\/#\/schema\/logo\/image\/"}},{"@type":"Person","@id":"https:\/\/www.medewo.com\/blog\/at\/#\/schema\/person\/095ac0edc7996da8d9076f1dd7628a02","name":"Johanna Veh","image":{"@type":"ImageObject","inLanguage":"de-AT","@id":"https:\/\/www.medewo.com\/blog\/at\/#\/schema\/person\/image\/","url":"https:\/\/secure.gravatar.com\/avatar\/34b1d372f4c5c8771c920d7185ad3cdbb4c0c74723f619ae116247c1940d52ec?s=96&d=blank&r=g","contentUrl":"https:\/\/secure.gravatar.com\/avatar\/34b1d372f4c5c8771c920d7185ad3cdbb4c0c74723f619ae116247c1940d52ec?s=96&d=blank&r=g","caption":"Johanna Veh"}}]}},"magento_index":false,"_links":{"self":[{"href":"https:\/\/www.medewo.com\/blog\/at\/wp-json\/wp\/v2\/posts\/24378","targetHints":{"allow":["GET"]}}],"collection":[{"href":"https:\/\/www.medewo.com\/blog\/at\/wp-json\/wp\/v2\/posts"}],"about":[{"href":"https:\/\/www.medewo.com\/blog\/at\/wp-json\/wp\/v2\/types\/post"}],"author":[{"embeddable":true,"href":"https:\/\/www.medewo.com\/blog\/at\/wp-json\/wp\/v2\/users\/46"}],"replies":[{"embeddable":true,"href":"https:\/\/www.medewo.com\/blog\/at\/wp-json\/wp\/v2\/comments?post=24378"}],"version-history":[{"count":17,"href":"https:\/\/www.medewo.com\/blog\/at\/wp-json\/wp\/v2\/posts\/24378\/revisions"}],"predecessor-version":[{"id":33500,"href":"https:\/\/www.medewo.com\/blog\/at\/wp-json\/wp\/v2\/posts\/24378\/revisions\/33500"}],"wp:featuredmedia":[{"embeddable":true,"href":"https:\/\/www.medewo.com\/blog\/at\/wp-json\/wp\/v2\/media\/24677"}],"wp:attachment":[{"href":"https:\/\/www.medewo.com\/blog\/at\/wp-json\/wp\/v2\/media?parent=24378"}],"wp:term":[{"taxonomy":"category","embeddable":true,"href":"https:\/\/www.medewo.com\/blog\/at\/wp-json\/wp\/v2\/categories?post=24378"},{"taxonomy":"post_tag","embeddable":true,"href":"https:\/\/www.medewo.com\/blog\/at\/wp-json\/wp\/v2\/tags?post=24378"},{"taxonomy":"m2-product-id","embeddable":true,"href":"https:\/\/www.medewo.com\/blog\/at\/wp-json\/wp\/v2\/m2-product-id?post=24378"}],"curies":[{"name":"wp","href":"https:\/\/api.w.org\/{rel}","templated":true}]}}