{"id":23509,"date":"2023-01-26T16:11:06","date_gmt":"2023-01-26T15:11:06","guid":{"rendered":"https:\/\/www.medewo.com\/blog\/uncategorized-at\/spezialkatalog-unsere-besten-verpackungen-fuer-2023\/"},"modified":"2024-07-23T12:53:54","modified_gmt":"2024-07-23T10:53:54","slug":"spezialkatalog-unsere-besten-verpackungen-fuer-2023","status":"publish","type":"post","link":"https:\/\/www.medewo.com\/blog\/at\/kataloge\/spezialkatalog-unsere-besten-verpackungen-fuer-2023\/","title":{"rendered":"Spezialkatalog \u2013 unsere besten Verpackungen f\u00fcr 2023"},"content":{"rendered":"<div class=\"wpb-content-wrapper\"><p>[vc_row][vc_column][vc_custom_heading text=&#8220;Praktisch und sicher \u2013 ideale Verpackungen f\u00fcr Transport, Versand oder Lagerung&#8220; use_theme_fonts=&#8220;yes&#8220;][\/vc_column][\/vc_row][vc_row][vc_column][vc_column_text]Verpackungen f\u00fcr Transport oder Lagerung sollen im Idealfall praktisch und sicher sein. In unserem Vollsortiment von \u00fcber 4.000 Lagerartikeln finden Sie eine Vielzahl an passenden L\u00f6sungen, darunter \u00fcber 1.800 nachhaltige und ressourcenschonende Produkte.[\/vc_column_text][vc_empty_space][\/vc_column][\/vc_row][vc_row][vc_column][vc_wp_text]<\/p>\n<div style=\"position: relative; padding-top: max(60%,326px); height: 0; width: 100%;\"><iframe style=\"position: absolute; border: none; width: 100%; height: 100%; left: 0; right: 0; top: 0; bottom: 0;\" src=\"https:\/\/e.issuu.com\/embed.html?d=23m_tsm1_topseller_gesamt-pdf_dea_komprimiert&amp;hideIssuuLogo=true&amp;u=medewo-rausch\" sandbox=\"allow-top-navigation allow-top-navigation-by-user-activation allow-downloads allow-scripts allow-same-origin allow-popups allow-modals allow-popups-to-escape-sandbox allow-forms\" allowfullscreen=\"allowfullscreen\"><\/iframe><\/div>\n<p>[\/vc_wp_text][\/vc_column][\/vc_row][vc_row][vc_column][vc_empty_space height=&#8220;35 px&#8220;][\/vc_column][\/vc_row][vc_row][vc_column][vc_column_text]Der dargestellte Katalog zum Bl\u00e4ttern zeigt unseren gedruckten Spezialkatalog (Stand Januar 2023). Weitere <a href=\"https:\/\/www.medewo.com\/at\/neuheiten\/\">Neuheiten<\/a> sowie aktuell g\u00fcltigen Preise* finden Sie in unserem <a href=\"https:\/\/www.medewo.com\/at-de\/\" target=\"_blank\">Web-Shop<\/a>.<br \/>\nDownload: Links oben im Bl\u00e4tterkatalog finden Sie die Download-Funktion.<\/p>\n<p><em>* Aufgrund stark schwankender Rohstoff- und Frachtpreise kann es bei einigen Produkten zu Preisanpassungen kommen.<\/em>[\/vc_column_text][vc_empty_space height=&#8220;35px&#8220;][\/vc_column][\/vc_row][vc_row][vc_column width=&#8220;1\/3&#8243;][vc_empty_space height=&#8220;9px&#8220;][vc_single_image image=&#8220;21612&#8243; img_size=&#8220;&#8220;][\/vc_column][vc_column width=&#8220;2\/3&#8243;][vc_column_text]<strong>Entdecken Sie unseren Web-Shop mit \u00fcber 4.000 Verpackungsl\u00f6sungen<\/strong><\/p>\n<ul>\n<li>Umfangreiches Lagersortiment \u2013 auch in kleinen Mengen<\/li>\n<li>Gro\u00dfe Auswahl an nachhaltigen und ressourcenschonenden Verpackungen<\/li>\n<li>Schnelle Lieferung in 24h<\/li>\n<li>Gratis Muster \u2013 gepr\u00fcfte Qualit\u00e4t &amp; innovative Materialien<\/li>\n<li>Fachkundige Beratung \u2013 \u00fcber 35 Jahre Erfahrung<\/li>\n<\/ul>\n<p>[\/vc_column_text][vc_empty_space]<style type=\"text\/css\" data-type=\"the7_shortcodes-inline-css\">#default-btn-530bcd25cfa1ec76e6e1df229481e738.ico-right-side > i {\n  margin-right: 0px;\n  margin-left: 8px;\n}\n#default-btn-530bcd25cfa1ec76e6e1df229481e738 > i {\n  margin-right: 8px;\n}<\/style><a href=\"https:\/\/www.medewo.com\/at\/\" class=\"default-btn-shortcode dt-btn dt-btn-m link-hover-off btn-inline-left \" target=\"_blank\" id=\"default-btn-530bcd25cfa1ec76e6e1df229481e738\" title=\"zum MEDEWO Web-Shop\" rel=\"noopener\"><span>Jetzt MEDEWO Web-Shop entdecken<\/span><\/a>[vc_empty_space][\/vc_column][\/vc_row][vc_row][vc_column][vc_empty_space height=&#8220;30px&#8220;][\/vc_column][\/vc_row][vc_row disable_element=&#8220;yes&#8220;][vc_column][vc_column_text]Unser engagiertes Team ist tagt\u00e4glich im Einsatz, um die Lieferbereitschaft \u00fcber das gesamte Sortiment hoch zu halten, um auf die jeweilige aktuelle Lage um Rohstoffe, Produktion und Logistik schnell reagieren zu k\u00f6nnen. Lassen Sie sich zudem von uns beraten, welche Vorteile Sie bei vorausschauender Planung in Bezug auf Verf\u00fcgbarkeit und Preis haben.[\/vc_column_text][\/vc_column][\/vc_row][vc_row][vc_column][vc_empty_space][\/vc_column][\/vc_row][vc_row][vc_column el_class=&#8220;infobox-image&#8220;]<div class=\"ult-content-box-container \" >\t\t<div class=\"ult-content-box\" style=\"box-shadow: px px px px none;border-style:solid;border-radius:0px;border-color:#ffffff;padding:0px;margin:0px;-webkit-transition: all 700ms ease;-moz-transition: all 700ms ease;-ms-transition: all 700ms ease;-o-transition: all 700ms ease;transition: all 700ms ease;\"  data-hover_box_shadow=\"none\"   data-responsive_margins=\"margin:0px;\"   data-normal_margins=\"margin:0px;\"   data-border_color=\"#ffffff\" >[vc_cta h2=&#8220;&#8220; shape=&#8220;square&#8220; el_class=&#8220;infobox-text&#8220;]<strong>Sie w\u00fcnschen sich eine fachkundige Beratung?<\/strong><\/p>\n<p>Seit \u00fcber 35 Jahren beraten wir Industrie, Handel, Gewerbe und selbstst\u00e4ndige und viele andere Branchen rund um das Thema Transportverpackungen.<\/p>\n<p>Nutzen Sie auch ihre Verpackung als Werbetr\u00e4ger und lassen Sie diese mit Ihrem Design und Logo bedrucken. Gerne beraten unsere Fachspezialisten Sie auch bei der Wahl der geeigneten Verpackung.<\/p>\n<p><a href=\"https:\/\/www.medewo.com\/blog\/at\/kontakt\/\">Jetzt Beratung anfordern <\/a>oder rufen Sie uns an unter <a href=\"tel:+43724948000\">07249 480 00<\/a>[\/vc_cta]\t\t<\/div><\/div>[vc_empty_space height=&#8220;50px&#8220;][\/vc_column][\/vc_row][vc_row][vc_column width=&#8220;2\/5&#8243;][vc_single_image image=&#8220;22596&#8243; img_size=&#8220;full&#8220;][\/vc_column][vc_column width=&#8220;3\/5&#8243;][vc_custom_heading text=&#8220;Diese Verpackungen liegen 2023 voll im Trend!&#8220; use_theme_fonts=&#8220;yes&#8220;][vc_column_text]Welche neuen Entwicklungen das neue Jahr 2023 mit sich bringen k\u00f6nnte und welche Verpackungen jetzt im Trend liegen lesen Sie im aktuellen Blog \u00abF\u00fcnf Verpackungstrends f\u00fcrs neue Jahr 2023\u00bb[\/vc_column_text][vc_empty_space height=&#8220;12px&#8220;]<style type=\"text\/css\" data-type=\"the7_shortcodes-inline-css\">#default-btn-d729846587475f395b1ff2a616e4383f.ico-right-side > i {\n  margin-right: 0px;\n  margin-left: 8px;\n}\n#default-btn-d729846587475f395b1ff2a616e4383f > i {\n  margin-right: 8px;\n}<\/style><a href=\"https:\/\/www.medewo.com\/blog\/at\/loesungen\/verpackungstrends2023\/\" class=\"default-btn-shortcode dt-btn dt-btn-m link-hover-off btn-inline-left \" target=\"_blank\" id=\"default-btn-d729846587475f395b1ff2a616e4383f\" title=\"Zum Blogartikel\" rel=\"noopener\"><span>Zum Blogartikel<\/span><\/a>[vc_empty_space height=&#8220;35px&#8220;][\/vc_column][\/vc_row][vc_row][vc_column][vc_empty_space][\/vc_column][\/vc_row][vc_row][vc_column][vc_custom_heading text=&#8220;Hier finden Sie ausgew\u00e4hlte Neuheiten aus diesem Spezialkatalog&#8220; use_theme_fonts=&#8220;yes&#8220;][vc_empty_space height=&#8220;12px&#8220;][vc_column_text]SHORTCODE in REST Request entfernt[\/vc_column_text][vc_empty_space]<style type=\"text\/css\" data-type=\"the7_shortcodes-inline-css\">#default-btn-f66335171c3981e7b47bfe6b20e369c0.ico-right-side > i {\n  margin-right: 0px;\n  margin-left: 8px;\n}\n#default-btn-f66335171c3981e7b47bfe6b20e369c0 > i {\n  margin-right: 8px;\n}<\/style><a href=\"https:\/\/www.medewo.com\/at-de\/\" class=\"default-btn-shortcode dt-btn dt-btn-m link-hover-off btn-inline-left \" target=\"_blank\" id=\"default-btn-f66335171c3981e7b47bfe6b20e369c0\" title=\"zum MEDEWO Web-Shop\" rel=\"noopener\"><span>Web-Shop entdecken<\/span><\/a>[\/vc_column][\/vc_row]<\/p>\n<\/div>","protected":false},"excerpt":{"rendered":"<p>Verpackungen f\u00fcr Transport oder Lagerung sollen im Idealfall praktisch und sicher sein. In unserem Vollsortiment von \u00fcber 4.000 Lagerartikeln finden Sie eine Vielzahl an passenden L\u00f6sungen, darunter \u00fcber 1.800 nachhaltige und ressourcenschonende Produkte.<\/p>\n","protected":false},"author":62,"featured_media":21748,"comment_status":"open","ping_status":"closed","sticky":false,"template":"","format":"standard","meta":{"pgc_sgb_lightbox_settings":"","footnotes":""},"categories":[4630],"tags":[],"m2-product-id":[],"class_list":["post-23509","post","type-post","status-publish","format-standard","has-post-thumbnail","hentry","category-kataloge","category-4630","description-off"],"yoast_head":"<!-- This site is optimized with the Yoast SEO plugin v27.1.1 - https:\/\/yoast.com\/product\/yoast-seo-wordpress\/ -->\n<title>Spezialkatalog \u2013 unsere besten Verpackungen f\u00fcr 2023 - MEDEWO Verpackungen<\/title>\n<meta name=\"robots\" content=\"noindex, nofollow\" \/>\n<meta property=\"og:locale\" content=\"de_DE\" \/>\n<meta property=\"og:type\" content=\"article\" \/>\n<meta property=\"og:title\" content=\"Spezialkatalog \u2013 unsere besten Verpackungen f\u00fcr 2023 - MEDEWO Verpackungen\" \/>\n<meta property=\"og:description\" content=\"Verpackungen f\u00fcr Transport oder Lagerung sollen im Idealfall praktisch und sicher sein. In unserem Vollsortiment von \u00fcber 4.000 Lagerartikeln finden Sie eine Vielzahl an passenden L\u00f6sungen, darunter \u00fcber 1.800 nachhaltige und ressourcenschonende Produkte.\" \/>\n<meta property=\"og:url\" content=\"https:\/\/www.medewo.com\/blog\/at\/kataloge\/spezialkatalog-unsere-besten-verpackungen-fuer-2023\/\" \/>\n<meta property=\"og:site_name\" content=\"MEDEWO Verpackungen\" \/>\n<meta property=\"article:published_time\" content=\"2023-01-26T15:11:06+00:00\" \/>\n<meta property=\"article:modified_time\" content=\"2024-07-23T10:53:54+00:00\" \/>\n<meta property=\"og:image\" content=\"https:\/\/www.medewo.com\/blog\/wp-content\/uploads\/2022\/07\/Studio4-Fotosession-16764.png\" \/>\n\t<meta property=\"og:image:width\" content=\"850\" \/>\n\t<meta property=\"og:image:height\" content=\"570\" \/>\n\t<meta property=\"og:image:type\" content=\"image\/png\" \/>\n<meta name=\"author\" content=\"c.pilz\" \/>\n<meta name=\"twitter:card\" content=\"summary_large_image\" \/>\n<meta name=\"twitter:label1\" content=\"Verfasst von\" \/>\n\t<meta name=\"twitter:data1\" content=\"c.pilz\" \/>\n\t<meta name=\"twitter:label2\" content=\"Gesch\u00e4tzte Lesezeit\" \/>\n\t<meta name=\"twitter:data2\" content=\"3 Minuten\" \/>\n<script type=\"application\/ld+json\" class=\"yoast-schema-graph\">{\"@context\":\"https:\/\/schema.org\",\"@graph\":[{\"@type\":\"Article\",\"@id\":\"https:\/\/www.medewo.com\/blog\/at\/kataloge\/spezialkatalog-unsere-besten-verpackungen-fuer-2023\/#article\",\"isPartOf\":{\"@id\":\"https:\/\/www.medewo.com\/blog\/at\/kataloge\/spezialkatalog-unsere-besten-verpackungen-fuer-2023\/\"},\"author\":{\"name\":\"c.pilz\",\"@id\":\"https:\/\/www.medewo.com\/blog\/at\/#\/schema\/person\/b18173bc0d7e5b29a35773197b37889c\"},\"headline\":\"Spezialkatalog \u2013 unsere besten Verpackungen f\u00fcr 2023\",\"datePublished\":\"2023-01-26T15:11:06+00:00\",\"dateModified\":\"2024-07-23T10:53:54+00:00\",\"mainEntityOfPage\":{\"@id\":\"https:\/\/www.medewo.com\/blog\/at\/kataloge\/spezialkatalog-unsere-besten-verpackungen-fuer-2023\/\"},\"wordCount\":729,\"commentCount\":0,\"publisher\":{\"@id\":\"https:\/\/www.medewo.com\/blog\/at\/#organization\"},\"image\":{\"@id\":\"https:\/\/www.medewo.com\/blog\/at\/kataloge\/spezialkatalog-unsere-besten-verpackungen-fuer-2023\/#primaryimage\"},\"thumbnailUrl\":\"https:\/\/www.medewo.com\/blog\/wp-content\/uploads\/2022\/07\/Studio4-Fotosession-16764.png\",\"articleSection\":[\"Kataloge\"],\"inLanguage\":\"de-AT\",\"potentialAction\":[{\"@type\":\"CommentAction\",\"name\":\"Comment\",\"target\":[\"https:\/\/www.medewo.com\/blog\/at\/kataloge\/spezialkatalog-unsere-besten-verpackungen-fuer-2023\/#respond\"]}]},{\"@type\":\"WebPage\",\"@id\":\"https:\/\/www.medewo.com\/blog\/at\/kataloge\/spezialkatalog-unsere-besten-verpackungen-fuer-2023\/\",\"url\":\"https:\/\/www.medewo.com\/blog\/at\/kataloge\/spezialkatalog-unsere-besten-verpackungen-fuer-2023\/\",\"name\":\"Spezialkatalog \u2013 unsere besten Verpackungen f\u00fcr 2023 - MEDEWO Verpackungen\",\"isPartOf\":{\"@id\":\"https:\/\/www.medewo.com\/blog\/at\/#website\"},\"primaryImageOfPage\":{\"@id\":\"https:\/\/www.medewo.com\/blog\/at\/kataloge\/spezialkatalog-unsere-besten-verpackungen-fuer-2023\/#primaryimage\"},\"image\":{\"@id\":\"https:\/\/www.medewo.com\/blog\/at\/kataloge\/spezialkatalog-unsere-besten-verpackungen-fuer-2023\/#primaryimage\"},\"thumbnailUrl\":\"https:\/\/www.medewo.com\/blog\/wp-content\/uploads\/2022\/07\/Studio4-Fotosession-16764.png\",\"datePublished\":\"2023-01-26T15:11:06+00:00\",\"dateModified\":\"2024-07-23T10:53:54+00:00\",\"breadcrumb\":{\"@id\":\"https:\/\/www.medewo.com\/blog\/at\/kataloge\/spezialkatalog-unsere-besten-verpackungen-fuer-2023\/#breadcrumb\"},\"inLanguage\":\"de-AT\",\"potentialAction\":[{\"@type\":\"ReadAction\",\"target\":[\"https:\/\/www.medewo.com\/blog\/at\/kataloge\/spezialkatalog-unsere-besten-verpackungen-fuer-2023\/\"]}]},{\"@type\":\"ImageObject\",\"inLanguage\":\"de-AT\",\"@id\":\"https:\/\/www.medewo.com\/blog\/at\/kataloge\/spezialkatalog-unsere-besten-verpackungen-fuer-2023\/#primaryimage\",\"url\":\"https:\/\/www.medewo.com\/blog\/wp-content\/uploads\/2022\/07\/Studio4-Fotosession-16764.png\",\"contentUrl\":\"https:\/\/www.medewo.com\/blog\/wp-content\/uploads\/2022\/07\/Studio4-Fotosession-16764.png\",\"width\":850,\"height\":570},{\"@type\":\"BreadcrumbList\",\"@id\":\"https:\/\/www.medewo.com\/blog\/at\/kataloge\/spezialkatalog-unsere-besten-verpackungen-fuer-2023\/#breadcrumb\",\"itemListElement\":[{\"@type\":\"ListItem\",\"position\":1,\"name\":\"Startseite\",\"item\":\"https:\/\/www.medewo.com\/blog\/at\/\"},{\"@type\":\"ListItem\",\"position\":2,\"name\":\"Spezialkatalog \u2013 unsere besten Verpackungen f\u00fcr 2023\"}]},{\"@type\":\"WebSite\",\"@id\":\"https:\/\/www.medewo.com\/blog\/at\/#website\",\"url\":\"https:\/\/www.medewo.com\/blog\/at\/\",\"name\":\"MEDEWO Verpackungen\",\"description\":\"News\",\"publisher\":{\"@id\":\"https:\/\/www.medewo.com\/blog\/at\/#organization\"},\"potentialAction\":[{\"@type\":\"SearchAction\",\"target\":{\"@type\":\"EntryPoint\",\"urlTemplate\":\"https:\/\/www.medewo.com\/blog\/at\/?s={search_term_string}\"},\"query-input\":{\"@type\":\"PropertyValueSpecification\",\"valueRequired\":true,\"valueName\":\"search_term_string\"}}],\"inLanguage\":\"de-AT\"},{\"@type\":\"Organization\",\"@id\":\"https:\/\/www.medewo.com\/blog\/at\/#organization\",\"name\":\"MEDEWO\",\"url\":\"https:\/\/www.medewo.com\/blog\/at\/\",\"logo\":{\"@type\":\"ImageObject\",\"inLanguage\":\"de-AT\",\"@id\":\"https:\/\/www.medewo.com\/blog\/at\/#\/schema\/logo\/image\/\",\"url\":\"https:\/\/www.medewo.com\/blog\/wp-content\/uploads\/2022\/03\/medewo-logo-claim-quer-2.png\",\"contentUrl\":\"https:\/\/www.medewo.com\/blog\/wp-content\/uploads\/2022\/03\/medewo-logo-claim-quer-2.png\",\"width\":350,\"height\":63,\"caption\":\"MEDEWO\"},\"image\":{\"@id\":\"https:\/\/www.medewo.com\/blog\/at\/#\/schema\/logo\/image\/\"}},{\"@type\":\"Person\",\"@id\":\"https:\/\/www.medewo.com\/blog\/at\/#\/schema\/person\/b18173bc0d7e5b29a35773197b37889c\",\"name\":\"c.pilz\",\"image\":{\"@type\":\"ImageObject\",\"inLanguage\":\"de-AT\",\"@id\":\"https:\/\/www.medewo.com\/blog\/at\/#\/schema\/person\/image\/\",\"url\":\"https:\/\/secure.gravatar.com\/avatar\/16ee3397805a04954db055cea3ddaeb1f86e900496ba42365173f78ceef3343a?s=96&d=blank&r=g\",\"contentUrl\":\"https:\/\/secure.gravatar.com\/avatar\/16ee3397805a04954db055cea3ddaeb1f86e900496ba42365173f78ceef3343a?s=96&d=blank&r=g\",\"caption\":\"c.pilz\"}}]}<\/script>\n<!-- \/ Yoast SEO plugin. -->","yoast_head_json":{"title":"Spezialkatalog \u2013 unsere besten Verpackungen f\u00fcr 2023 - MEDEWO Verpackungen","robots":{"index":"noindex","follow":"nofollow"},"og_locale":"de_DE","og_type":"article","og_title":"Spezialkatalog \u2013 unsere besten Verpackungen f\u00fcr 2023 - MEDEWO Verpackungen","og_description":"Verpackungen f\u00fcr Transport oder Lagerung sollen im Idealfall praktisch und sicher sein. In unserem Vollsortiment von \u00fcber 4.000 Lagerartikeln finden Sie eine Vielzahl an passenden L\u00f6sungen, darunter \u00fcber 1.800 nachhaltige und ressourcenschonende Produkte.","og_url":"https:\/\/www.medewo.com\/blog\/at\/kataloge\/spezialkatalog-unsere-besten-verpackungen-fuer-2023\/","og_site_name":"MEDEWO Verpackungen","article_published_time":"2023-01-26T15:11:06+00:00","article_modified_time":"2024-07-23T10:53:54+00:00","og_image":[{"width":850,"height":570,"url":"https:\/\/www.medewo.com\/blog\/wp-content\/uploads\/2022\/07\/Studio4-Fotosession-16764.png","type":"image\/png"}],"author":"c.pilz","twitter_card":"summary_large_image","twitter_misc":{"Verfasst von":"c.pilz","Gesch\u00e4tzte Lesezeit":"3 Minuten"},"schema":{"@context":"https:\/\/schema.org","@graph":[{"@type":"Article","@id":"https:\/\/www.medewo.com\/blog\/at\/kataloge\/spezialkatalog-unsere-besten-verpackungen-fuer-2023\/#article","isPartOf":{"@id":"https:\/\/www.medewo.com\/blog\/at\/kataloge\/spezialkatalog-unsere-besten-verpackungen-fuer-2023\/"},"author":{"name":"c.pilz","@id":"https:\/\/www.medewo.com\/blog\/at\/#\/schema\/person\/b18173bc0d7e5b29a35773197b37889c"},"headline":"Spezialkatalog \u2013 unsere besten Verpackungen f\u00fcr 2023","datePublished":"2023-01-26T15:11:06+00:00","dateModified":"2024-07-23T10:53:54+00:00","mainEntityOfPage":{"@id":"https:\/\/www.medewo.com\/blog\/at\/kataloge\/spezialkatalog-unsere-besten-verpackungen-fuer-2023\/"},"wordCount":729,"commentCount":0,"publisher":{"@id":"https:\/\/www.medewo.com\/blog\/at\/#organization"},"image":{"@id":"https:\/\/www.medewo.com\/blog\/at\/kataloge\/spezialkatalog-unsere-besten-verpackungen-fuer-2023\/#primaryimage"},"thumbnailUrl":"https:\/\/www.medewo.com\/blog\/wp-content\/uploads\/2022\/07\/Studio4-Fotosession-16764.png","articleSection":["Kataloge"],"inLanguage":"de-AT","potentialAction":[{"@type":"CommentAction","name":"Comment","target":["https:\/\/www.medewo.com\/blog\/at\/kataloge\/spezialkatalog-unsere-besten-verpackungen-fuer-2023\/#respond"]}]},{"@type":"WebPage","@id":"https:\/\/www.medewo.com\/blog\/at\/kataloge\/spezialkatalog-unsere-besten-verpackungen-fuer-2023\/","url":"https:\/\/www.medewo.com\/blog\/at\/kataloge\/spezialkatalog-unsere-besten-verpackungen-fuer-2023\/","name":"Spezialkatalog \u2013 unsere besten Verpackungen f\u00fcr 2023 - MEDEWO Verpackungen","isPartOf":{"@id":"https:\/\/www.medewo.com\/blog\/at\/#website"},"primaryImageOfPage":{"@id":"https:\/\/www.medewo.com\/blog\/at\/kataloge\/spezialkatalog-unsere-besten-verpackungen-fuer-2023\/#primaryimage"},"image":{"@id":"https:\/\/www.medewo.com\/blog\/at\/kataloge\/spezialkatalog-unsere-besten-verpackungen-fuer-2023\/#primaryimage"},"thumbnailUrl":"https:\/\/www.medewo.com\/blog\/wp-content\/uploads\/2022\/07\/Studio4-Fotosession-16764.png","datePublished":"2023-01-26T15:11:06+00:00","dateModified":"2024-07-23T10:53:54+00:00","breadcrumb":{"@id":"https:\/\/www.medewo.com\/blog\/at\/kataloge\/spezialkatalog-unsere-besten-verpackungen-fuer-2023\/#breadcrumb"},"inLanguage":"de-AT","potentialAction":[{"@type":"ReadAction","target":["https:\/\/www.medewo.com\/blog\/at\/kataloge\/spezialkatalog-unsere-besten-verpackungen-fuer-2023\/"]}]},{"@type":"ImageObject","inLanguage":"de-AT","@id":"https:\/\/www.medewo.com\/blog\/at\/kataloge\/spezialkatalog-unsere-besten-verpackungen-fuer-2023\/#primaryimage","url":"https:\/\/www.medewo.com\/blog\/wp-content\/uploads\/2022\/07\/Studio4-Fotosession-16764.png","contentUrl":"https:\/\/www.medewo.com\/blog\/wp-content\/uploads\/2022\/07\/Studio4-Fotosession-16764.png","width":850,"height":570},{"@type":"BreadcrumbList","@id":"https:\/\/www.medewo.com\/blog\/at\/kataloge\/spezialkatalog-unsere-besten-verpackungen-fuer-2023\/#breadcrumb","itemListElement":[{"@type":"ListItem","position":1,"name":"Startseite","item":"https:\/\/www.medewo.com\/blog\/at\/"},{"@type":"ListItem","position":2,"name":"Spezialkatalog \u2013 unsere besten Verpackungen f\u00fcr 2023"}]},{"@type":"WebSite","@id":"https:\/\/www.medewo.com\/blog\/at\/#website","url":"https:\/\/www.medewo.com\/blog\/at\/","name":"MEDEWO Verpackungen","description":"News","publisher":{"@id":"https:\/\/www.medewo.com\/blog\/at\/#organization"},"potentialAction":[{"@type":"SearchAction","target":{"@type":"EntryPoint","urlTemplate":"https:\/\/www.medewo.com\/blog\/at\/?s={search_term_string}"},"query-input":{"@type":"PropertyValueSpecification","valueRequired":true,"valueName":"search_term_string"}}],"inLanguage":"de-AT"},{"@type":"Organization","@id":"https:\/\/www.medewo.com\/blog\/at\/#organization","name":"MEDEWO","url":"https:\/\/www.medewo.com\/blog\/at\/","logo":{"@type":"ImageObject","inLanguage":"de-AT","@id":"https:\/\/www.medewo.com\/blog\/at\/#\/schema\/logo\/image\/","url":"https:\/\/www.medewo.com\/blog\/wp-content\/uploads\/2022\/03\/medewo-logo-claim-quer-2.png","contentUrl":"https:\/\/www.medewo.com\/blog\/wp-content\/uploads\/2022\/03\/medewo-logo-claim-quer-2.png","width":350,"height":63,"caption":"MEDEWO"},"image":{"@id":"https:\/\/www.medewo.com\/blog\/at\/#\/schema\/logo\/image\/"}},{"@type":"Person","@id":"https:\/\/www.medewo.com\/blog\/at\/#\/schema\/person\/b18173bc0d7e5b29a35773197b37889c","name":"c.pilz","image":{"@type":"ImageObject","inLanguage":"de-AT","@id":"https:\/\/www.medewo.com\/blog\/at\/#\/schema\/person\/image\/","url":"https:\/\/secure.gravatar.com\/avatar\/16ee3397805a04954db055cea3ddaeb1f86e900496ba42365173f78ceef3343a?s=96&d=blank&r=g","contentUrl":"https:\/\/secure.gravatar.com\/avatar\/16ee3397805a04954db055cea3ddaeb1f86e900496ba42365173f78ceef3343a?s=96&d=blank&r=g","caption":"c.pilz"}}]}},"magento_index":false,"_links":{"self":[{"href":"https:\/\/www.medewo.com\/blog\/at\/wp-json\/wp\/v2\/posts\/23509","targetHints":{"allow":["GET"]}}],"collection":[{"href":"https:\/\/www.medewo.com\/blog\/at\/wp-json\/wp\/v2\/posts"}],"about":[{"href":"https:\/\/www.medewo.com\/blog\/at\/wp-json\/wp\/v2\/types\/post"}],"author":[{"embeddable":true,"href":"https:\/\/www.medewo.com\/blog\/at\/wp-json\/wp\/v2\/users\/62"}],"replies":[{"embeddable":true,"href":"https:\/\/www.medewo.com\/blog\/at\/wp-json\/wp\/v2\/comments?post=23509"}],"version-history":[{"count":16,"href":"https:\/\/www.medewo.com\/blog\/at\/wp-json\/wp\/v2\/posts\/23509\/revisions"}],"predecessor-version":[{"id":33506,"href":"https:\/\/www.medewo.com\/blog\/at\/wp-json\/wp\/v2\/posts\/23509\/revisions\/33506"}],"wp:featuredmedia":[{"embeddable":true,"href":"https:\/\/www.medewo.com\/blog\/at\/wp-json\/wp\/v2\/media\/21748"}],"wp:attachment":[{"href":"https:\/\/www.medewo.com\/blog\/at\/wp-json\/wp\/v2\/media?parent=23509"}],"wp:term":[{"taxonomy":"category","embeddable":true,"href":"https:\/\/www.medewo.com\/blog\/at\/wp-json\/wp\/v2\/categories?post=23509"},{"taxonomy":"post_tag","embeddable":true,"href":"https:\/\/www.medewo.com\/blog\/at\/wp-json\/wp\/v2\/tags?post=23509"},{"taxonomy":"m2-product-id","embeddable":true,"href":"https:\/\/www.medewo.com\/blog\/at\/wp-json\/wp\/v2\/m2-product-id?post=23509"}],"curies":[{"name":"wp","href":"https:\/\/api.w.org\/{rel}","templated":true}]}}