{"id":22604,"date":"2022-12-05T16:41:40","date_gmt":"2022-12-05T15:41:40","guid":{"rendered":"https:\/\/www.medewo.com\/blog\/?p=22604"},"modified":"2024-07-23T12:51:59","modified_gmt":"2024-07-23T10:51:59","slug":"verpackungstrends2023","status":"publish","type":"post","link":"https:\/\/www.medewo.com\/blog\/at\/loesungen\/verpackungstrends2023\/","title":{"rendered":"Verpacken im Jahr 2023: F\u00fcnf Trends der MEDEWO-Spezialisten"},"content":{"rendered":"<div class=\"wpb-content-wrapper\"><p>[vc_row][vc_column][vc_custom_heading text=&#8220;Die Experten von MEDEWO nennen ihre pers\u00f6nlichen Trends&#8220; use_theme_fonts=&#8220;yes&#8220;][vc_empty_space height=&#8220;10px&#8220;][vc_column_text]Ein neues Jahr steht in den Startl\u00f6chern. Zeit sich zu informieren, welche Verpackungstrends uns 2023 erwarten. Die Spezialisten von MEDEWO geben eine pers\u00f6nliche Prognose ab.[\/vc_column_text][vc_empty_space height=&#8220;30px&#8220;][\/vc_column][\/vc_row][vc_row][vc_column][vc_column_text]<\/p>\n<h2>Nachwachsende &amp; alternative Rohstoffe<\/h2>\n<p>[\/vc_column_text][vc_empty_space height=&#8220;30px&#8220;][vc_column_text]<em>Alexander J. Rabiser, Produktmanager MEDEWO (D-A-CH)<\/em>[\/vc_column_text][vc_empty_space height=&#8220;30px&#8220;][vc_single_image image=&#8220;22557&#8243; img_size=&#8220;740&#215;264&#8243;][vc_empty_space height=&#8220;30px&#8220;][vc_column_text]Die Verpackungsbranche ist st\u00e4ndig auf der Suche nach umweltschonenden Weiterentwicklungen bestehender Produkte. Ganz besonders wichtig sind dabei Verpackungsmaterialien, die anstelle von Kunststoff zum Einsatz kommen k\u00f6nnen. Aber auch die Reduktion von Frischfasern bei der Papier- und Kartonherstellung ist bereits ein Thema. MEDEWO f\u00fchrt daher schon zahlreiche Verpackungsprodukte aus recyceltem Papier und\/oder mit einem m\u00f6glichst hohen Prozentanteil an Grasfasern unter der Bezeichnung <a href=\"https:\/\/www.medewo.com\/at\/themenshops\/nachhaltige-und-ressourcenschonende-verpackungen\/graspapier-verpackungen\/\">GRAS-PAC<\/a> im Sortiment. Graspapier ist besonders nachhaltig, da Gras schnell nachw\u00e4chst und bei der Faserproduktion der Wasser- und Energieverbrauch deutlich sinkt. Zudem stammt das Gras von unbewirtschafteten Ausgleichsfl\u00e4chen, welche z.B. beim Bau von Stra\u00dfen geschaffen werden. Somit wird kein Gras verarbeitet, das zur Futtermittelversorgung von Tieren angebaut wurde.<\/p>\n<p>Aktuell sind zudem Silphie-Fasern bei den Papierproduzenten ein Thema. Denn diese Pflanze eignet sich durch ihre Wachstums- und Fasereigenschaften ideal f\u00fcr die Papierherstellung. Bislang ist Silphie nur f\u00fcr die Gewinnung von Energie in Biogasanlagen im Einsatz. F\u00fcr uns werden Silphie-Fasern sicherlich in der Zukunft als Faserstoff in Kartonagen interessant werden.<\/p>\n<p>Ein weiteres Beispiel sind Produkte aus Papierfaserguss. Diese werden aus Recyclingpapier hergestellt und k\u00f6nnen nach der Verwendung einfach im Altpapier der stofflichen Wiederverwendung zugef\u00fchrt werden. Sollten diese Produkte in die Umwelt gelangen, sind diese zudem biologisch abbaubar. Beispielhaft sind hier <a href=\"https:\/\/www.medewo.com\/at-de\/palette-aus-papierfaserguss.html\">Paletten aus Papierfaserguss<\/a> und <a href=\"https:\/\/www.medewo.com\/at-de\/flaschen-versandverpackung-papierfaserguss-fuer-0-75-liter.html\">Flaschen-Versandverpackungen<\/a> mit Einlagen aus Papierfaserguss.[\/vc_column_text][vc_empty_space height=&#8220;30px&#8220;][\/vc_column][\/vc_row][vc_row][vc_column][vc_column_text]<\/p>\n<h2>Ressourcen schonen &amp; einsparen<\/h2>\n<p>[\/vc_column_text][vc_empty_space height=&#8220;30px&#8220;][vc_column_text]<em>Andy Meyenberg, Produktmanager MEDEWO (D-A-CH)<\/em>[\/vc_column_text][vc_empty_space height=&#8220;30px&#8220;][vc_single_image image=&#8220;22560&#8243; img_size=&#8220;740&#215;264&#8243;][vc_empty_space height=&#8220;30px&#8220;][vc_column_text]Um Ressourcen zu schonen, ist Recycling in der Versand- und Transportbranche wichtig und richtig. F\u00fcr einen optimalen Materialkreislauf werden Monomaterial-L\u00f6sungen als Ersatz f\u00fcr Verbundstoffe ein gro\u00dfes Thema sein. Unter Monomaterialverpackungen versteht man sortenreine, aus einem Material bestehende Verpackungen.<\/p>\n<p>Besteht eine Verpackung aus unterschiedlichen Stoffen, sollen die Materialien schnell und einfach trennbar sein. Ein gutes Beispiel aus unserem Sortiment sind die <a href=\"https:\/\/www.medewo.com\/at-de\/airkraft-luftpolster-versandtasche.html\">Airkraft-Luftpolster-Taschen<\/a>. Das Bag-in-bag-System erlaubt, dass sich die innere und die \u00e4u\u00dfere Tasche leicht voneinander l\u00f6sen und getrennt entsorgen lassen. Ein weiterer Vorteil: Die Au\u00dfenseite aus Papier l\u00e4sst sich gut beschriften, w\u00e4hrend der Inhalt mit der zweiten Lage gut gepolstert wird.<\/p>\n<p>Bei Kunststoff-Produkten \u2013 sofern die Rahmenbedingungen es zulassen \u2013 ist die Einarbeitung von Recyclatanteilen das Thema Nummer eins. MEDEWO hat schon l\u00e4nger darauf reagiert und baut das entsprechende Sortiment best\u00e4ndig aus, 2022 zum Beispiel mit <a href=\"https:\/\/www.medewo.com\/at-de\/flachbeutel-aus-recyceltem-ldpe.html\">Flachbeuteln<\/a> aus Recyclingmaterial und <a href=\"https:\/\/www.medewo.com\/at-de\/mecastretch-pcr-stretchfolie-handrolle.html\">Stretch-Folien mit Recyclinganteil<\/a>. Dementsprechend sind auch weitere ressourcenschonende Sortiments-Neuheiten f\u00fcr 2023 in Planung.<\/p>\n<p>Auch die Technologieentwicklung in der Produktion ist ein wichtiger Bestandteil auf dem Weg zur Ressourceneinsparung. <a href=\"https:\/\/www.medewo.com\/at-de\/buendelstretchfolie-vorgedehnt.html\">B\u00fcndelstretchfolie vorgedehnt<\/a> und unsere <a href=\"https:\/\/www.medewo.com\/at-de\/mecastretch-eco-stretchfolie-handrolle.html\">ECO Handstretchfolie<\/a> beispielsweise, werden mittels High-Tech Herstellverfahren so gefertigt, dass der Verwender, bei gewohnten technischen Eigenschaften, bedeutend weniger Folienmaterial einsetzen muss.[\/vc_column_text][vc_empty_space height=&#8220;30px&#8220;][\/vc_column][\/vc_row][vc_row][vc_column][vc_column_text]<\/p>\n<h2>Auch bei Transportverpackungen z\u00e4hlt in Zukunft \u00abMehrweg\u00bb<\/h2>\n<p>[\/vc_column_text][vc_empty_space height=&#8220;30px&#8220;][vc_column_text]<em>Roger Werndli, Leitung Sortimentsentwicklung MEDEWO (D-A-CH)<\/em>[\/vc_column_text][vc_empty_space height=&#8220;30px&#8220;][vc_single_image image=&#8220;22643&#8243; img_size=&#8220;740&#215;264&#8243;][vc_empty_space height=&#8220;30px&#8220;][vc_column_text]Nachdem Mehrwegverpackungen f\u00fcr Lebensmittel immer gefragter sind \u2013 und zum Beispiel in Deutschland per Gesetz f\u00fcr das To-Go-Gesch\u00e4ft ab 1.1.2023 als Alternative zu Einweg aus Kunststoff verpflichtend sind \u2013 wird mehrmaliges Verwenden auch immer mehr bei Transportverpackungen zum Thema.<\/p>\n<p>So will beispielsweise die \u00f6sterreichische Post bis 2030 CO<sub>2<\/sub>-neutral zustellen und hat mit Handelspartnern ein Pilotprojekt gestartet. Ab dem kommenden Fr\u00fchjahr soll es die M\u00f6glichkeit geben, dass Kunden w\u00e4hlen k\u00f6nnen, ob ihr Einkauf im Standardkarton oder der Mehrwegverpackung geliefert werden soll.<\/p>\n<p>Wer 2023 im Trend liegen m\u00f6chte, sollte daher bei seinen Verpackungsl\u00f6sungen auch \u00fcberlegen, inwieweit diese umweltschonend mehrfach verwendet werden k\u00f6nnen.<br \/>\nBei MEDEWO gibt es bereits hochwertige Mehrweg-Produkte, wie zum Beispiel KLT-Beh\u00e4lter, je nach Verwendung aus Kunststoff oder nachhaltig aus Wellpappe. F\u00fcr Kreislaufsysteme eignen sich unter anderem auch abwaschbare <a href=\"https:\/\/www.medewo.com\/at-de\/mecatherm-thermo-box-epp.html\">MECATHERM<sup>\u00ae<\/sup> Thermo-Boxen<\/a> aus EPP oder international tauschf\u00e4hige <a href=\"https:\/\/www.medewo.com\/at-de\/epal-europalette-neu.html\">EPAL Europaletten<\/a>.[\/vc_column_text][vc_empty_space height=&#8220;30px&#8220;][\/vc_column][\/vc_row][vc_row][vc_column][vc_column_text]<\/p>\n<h2>Spezialisten in der Beratung sowie der Verpackungs- und Prozessanalyse<\/h2>\n<p>[\/vc_column_text][vc_empty_space height=&#8220;30px&#8220;][vc_column_text]<em>Dennis Gu\u00dfen, Verkaufsleiter MEDEWO Deutschland<\/em>[\/vc_column_text][vc_empty_space height=&#8220;30px&#8220;][vc_single_image image=&#8220;22567&#8243; img_size=&#8220;740&#215;264&#8243;][vc_empty_space height=&#8220;30px&#8220;][vc_column_text]Welche Trends, gilt es zuk\u00fcnftig umzusetzen? Definitiv die Sensibilisierung und Fokussierung auf die Anforderungen unserer Kunden.<br \/>\nIn der Produktion, im Versand und der Logistik haben sich Prozesse \u00fcber Jahre eingespielt. Nicht nur, aber auch aufgrund der Preis- und Kostenentwicklung lohnt es sich, diese Abl\u00e4ufe von Zeit zu Zeit zu hinterfragen.<br \/>\nWo liegen Optimierungsm\u00f6glichkeiten? Welche praktischen und neuen L\u00f6sungen gibt es?<br \/>\nWir legen hier unser Augenmerk speziell auf die Verpackungs- und Prozessanalyse als Dienstleistung durch pers\u00f6nliche Beratung. Der Fokus betrifft Wirtschaftlich- und Nachhaltigkeit, sowie Prozess- und Ressourcenoptimierung. Teils durch kleine Anpassungen k\u00f6nnen gro\u00dfe Effekte erzielt werden, ohne gewohnte Abl\u00e4ufe zu ver\u00e4ndern.<\/p>\n<p>Teilen oder entwickeln Sie Ihre Ideen mit uns \u2013 unsere <a href=\"https:\/\/www.medewo.com\/blog\/at\/kontakt\/\">Fachberater<\/a> begleiten Sie von der Bemusterung bis hin zur finalen Auslieferung bzw. Umsetzung vor Ort.[\/vc_column_text][vc_empty_space height=&#8220;30px&#8220;][\/vc_column][\/vc_row][vc_row][vc_column][vc_column_text]<\/p>\n<h2>Convenience-Verpackungen im Fokus<\/h2>\n<p>[\/vc_column_text][vc_empty_space height=&#8220;30px&#8220;][vc_column_text]<em>Marco Stimpfl, Produktmanager MEDEWO (D-A-CH)<\/em>[\/vc_column_text][vc_empty_space height=&#8220;30px&#8220;][vc_single_image image=&#8220;22648&#8243; img_size=&#8220;740&#215;264&#8243;][vc_empty_space height=&#8220;30px&#8220;][vc_column_text]Der stark wachsende E-Commerce-Bereich hinterl\u00e4sst seine Spuren. Onlineh\u00e4ndler sind darauf angewiesen, dass die Bestellungen ihrer Kundinnen und Kunden schnell und effizient verpackt und versendet werden k\u00f6nnen.<\/p>\n<p>Genau deshalb sind Convenience-Versandverpackungen gefragt, um beim Versand von B\u00fcchern, Elektronikartikeln, technischen Produkten oder auch Lebensmitteln zeitliche Ressourcen einzusparen und Durchlaufzeiten im Verpackungsprozess zu optimieren.<\/p>\n<p>Bei MEDEWO finden Sie passende Produkte wie die <a href=\"https:\/\/www.medewo.com\/at-de\/comfort-box-mit-selbstklebeverschluss.html\">COMFORT-BOX mit Selbstklebeverschluss<\/a>. Diese Versandverpackung kann ohne zus\u00e4tzliche Hilfsmittel aufgerichtet und verschlossen werden.<\/p>\n<p>Die <a href=\"https:\/\/www.medewo.com\/at-de\/niveau-box-s-hoehenvariabel-mit-selbstklebeverschluss.html\">NIVEAU-BOX S<\/a> ist zus\u00e4tzlich durch eingearbeitete Rillungen in der H\u00f6he schnell und einfach dem Packgut anpassbar. Dadurch wird F\u00fcllmaterial eingespart und gleichzeitig leeres Transportvolumen und hohe Portokosten vermieden.<\/p>\n<p>Ein einfaches und schnelles Retournieren von nicht passender Ware garantieren Produkte wie unsere <a href=\"https:\/\/www.medewo.com\/at-de\/multi-box-versandkarton.html\">COMFORT-BOX RETURN PLUS<\/a> oder auch die <a href=\"https:\/\/www.medewo.com\/at-de\/flexomail-folien-versandtasche-mit-bodenfalte.html\">FLEXOMAIL RETURN<\/a>-Versandtasche, welche mit einem zweifachen Selbstklebeverschluss versehen sind.[\/vc_column_text][vc_empty_space height=&#8220;30px&#8220;][\/vc_column][\/vc_row][vc_row][vc_column][vc_column_text]            <style>\n                .message_box_wrapper {\n                    display: block;\n                    width: 100%;\n                    width: calc( 100% - 32px );\n                    margin-bottom: 30px;\n                    margin-top: 15px;\n                    padding: 15px;\n                    float: left;\n                    background: #f9f9f9;\n                    border: 1px solid #dddddd;\n                }\n                .message_box_wrapper .message_box_icon {\n                    margin-bottom: 0;\n                }\n                .message_box_wrapper .message_box_caption {\n                    margin-left: 70px;\n                }\n                .message_box_wrapper .message_box_caption .message_box_button {\n                    background: #278dd1;\n                    border-color: #278dd1;\n                    display: inline-block;\n                    padding: 6px 20px;\n                    line-height: 1.42857143;\n                    color: #fff;\n                    font-size: 17px;\n                    font-weight: normal;\n                    text-decoration: none;\n                }\n            <\/style>\n\n            <div class=\"message_box_wrapper\">\n                <p>\n                    <img decoding=\"async\" class=\"alignleft wp-image-4005 message_box_icon\" title=\"MEDEWO-Tipp\" src=\"https:\/\/www.medewo.com\/blog\/wp-content\/themes\/dt-the7-child\/img\/icons\/Tipp.svg\" alt=\"MEDEWO-Tipp\" width=\"50\" height=\"50\">\n                <\/p>\n                <\/p>\n<p>Stets erweitern wir unser MEDEWO-Sortiment um innovative (Trend-)Produkte.<\/p>\n<p>In unserem Themen-Shop entdecken Sie all unsere Neuheiten auf einen Blick:                <p class=\"message_box_caption\">\n                                            <a class=\"message_box_button\" title=\"Zum Themen-Shop \u00abUnsere Neuheiten\u00bb\" href=\"https:\/\/www.medewo.com\/at-de\/themen-shops\/medewo-neuheiten.html\" target=\"_self\">Zum Themen-Shop \u00abUnsere Neuheiten\u00bb<\/a>\n                                    <\/p>\n            <\/div>\n        [\/vc_column_text][\/vc_column][\/vc_row]<\/p>\n<\/div>","protected":false},"excerpt":{"rendered":"<p>Ein neues Jahr steht in den Startl\u00f6chern. Zeit sich zu informieren, welche Verpackungstrends uns 2023 erwarten. Die Spezialisten von MEDEWO geben eine pers\u00f6nliche Prognose ab.<\/p>\n","protected":false},"author":62,"featured_media":22596,"comment_status":"open","ping_status":"closed","sticky":false,"template":"","format":"standard","meta":{"pgc_sgb_lightbox_settings":"","footnotes":""},"categories":[487],"tags":[],"m2-product-id":[],"class_list":["post-22604","post","type-post","status-publish","format-standard","has-post-thumbnail","hentry","category-loesungen","category-487","description-off"],"yoast_head":"<!-- This site is optimized with the Yoast SEO plugin v27.1.1 - https:\/\/yoast.com\/product\/yoast-seo-wordpress\/ -->\n<title>Verpacken im Jahr 2023: F\u00fcnf Trends der MEDEWO-Spezialisten - MEDEWO Verpackungen<\/title>\n<meta name=\"description\" content=\"Neues Jahr, neue Verpackungen: Recycling, Convenience &amp; Co. Die Spezialisten von MEDEWO nennen ihre pers\u00f6nlichen Verpackungstrends 2023.\" \/>\n<meta name=\"robots\" content=\"index, follow, max-snippet:-1, max-image-preview:large, max-video-preview:-1\" \/>\n<link rel=\"canonical\" href=\"https:\/\/www.medewo.com\/blog\/at\/loesungen\/verpackungstrends2023\/\" \/>\n<meta property=\"og:locale\" content=\"de_DE\" \/>\n<meta property=\"og:type\" content=\"article\" \/>\n<meta property=\"og:title\" content=\"Verpacken im Jahr 2023: F\u00fcnf Trends der MEDEWO-Spezialisten - MEDEWO Verpackungen\" \/>\n<meta property=\"og:description\" content=\"Neues Jahr, neue Verpackungen: Recycling, Convenience &amp; Co. Die Spezialisten von MEDEWO nennen ihre pers\u00f6nlichen Verpackungstrends 2023.\" \/>\n<meta property=\"og:url\" content=\"https:\/\/www.medewo.com\/blog\/at\/loesungen\/verpackungstrends2023\/\" \/>\n<meta property=\"og:site_name\" content=\"MEDEWO Verpackungen\" \/>\n<meta property=\"article:published_time\" content=\"2022-12-05T15:41:40+00:00\" \/>\n<meta property=\"article:modified_time\" content=\"2024-07-23T10:51:59+00:00\" \/>\n<meta property=\"og:image\" content=\"https:\/\/www.medewo.com\/blog\/wp-content\/uploads\/2022\/12\/Blog-Hauptbild-Trends23-MM-1.jpg\" \/>\n\t<meta property=\"og:image:width\" content=\"775\" \/>\n\t<meta property=\"og:image:height\" content=\"519\" \/>\n\t<meta property=\"og:image:type\" content=\"image\/jpeg\" \/>\n<meta name=\"author\" content=\"c.pilz\" \/>\n<meta name=\"twitter:card\" content=\"summary_large_image\" \/>\n<meta name=\"twitter:label1\" content=\"Verfasst von\" \/>\n\t<meta name=\"twitter:data1\" content=\"c.pilz\" \/>\n\t<meta name=\"twitter:label2\" content=\"Gesch\u00e4tzte Lesezeit\" \/>\n\t<meta name=\"twitter:data2\" content=\"6 Minuten\" \/>\n<script type=\"application\/ld+json\" class=\"yoast-schema-graph\">{\"@context\":\"https:\/\/schema.org\",\"@graph\":[{\"@type\":\"Article\",\"@id\":\"https:\/\/www.medewo.com\/blog\/at\/loesungen\/verpackungstrends2023\/#article\",\"isPartOf\":{\"@id\":\"https:\/\/www.medewo.com\/blog\/at\/loesungen\/verpackungstrends2023\/\"},\"author\":{\"name\":\"c.pilz\",\"@id\":\"https:\/\/www.medewo.com\/blog\/at\/#\/schema\/person\/b18173bc0d7e5b29a35773197b37889c\"},\"headline\":\"Verpacken im Jahr 2023: F\u00fcnf Trends der MEDEWO-Spezialisten\",\"datePublished\":\"2022-12-05T15:41:40+00:00\",\"dateModified\":\"2024-07-23T10:51:59+00:00\",\"mainEntityOfPage\":{\"@id\":\"https:\/\/www.medewo.com\/blog\/at\/loesungen\/verpackungstrends2023\/\"},\"wordCount\":1289,\"commentCount\":0,\"publisher\":{\"@id\":\"https:\/\/www.medewo.com\/blog\/at\/#organization\"},\"image\":{\"@id\":\"https:\/\/www.medewo.com\/blog\/at\/loesungen\/verpackungstrends2023\/#primaryimage\"},\"thumbnailUrl\":\"https:\/\/www.medewo.com\/blog\/wp-content\/uploads\/2022\/12\/Blog-Hauptbild-Trends23-MM-1.jpg\",\"articleSection\":[\"L\u00f6sungen\"],\"inLanguage\":\"de-AT\",\"potentialAction\":[{\"@type\":\"CommentAction\",\"name\":\"Comment\",\"target\":[\"https:\/\/www.medewo.com\/blog\/at\/loesungen\/verpackungstrends2023\/#respond\"]}]},{\"@type\":\"WebPage\",\"@id\":\"https:\/\/www.medewo.com\/blog\/at\/loesungen\/verpackungstrends2023\/\",\"url\":\"https:\/\/www.medewo.com\/blog\/at\/loesungen\/verpackungstrends2023\/\",\"name\":\"Verpacken im Jahr 2023: F\u00fcnf Trends der MEDEWO-Spezialisten - MEDEWO Verpackungen\",\"isPartOf\":{\"@id\":\"https:\/\/www.medewo.com\/blog\/at\/#website\"},\"primaryImageOfPage\":{\"@id\":\"https:\/\/www.medewo.com\/blog\/at\/loesungen\/verpackungstrends2023\/#primaryimage\"},\"image\":{\"@id\":\"https:\/\/www.medewo.com\/blog\/at\/loesungen\/verpackungstrends2023\/#primaryimage\"},\"thumbnailUrl\":\"https:\/\/www.medewo.com\/blog\/wp-content\/uploads\/2022\/12\/Blog-Hauptbild-Trends23-MM-1.jpg\",\"datePublished\":\"2022-12-05T15:41:40+00:00\",\"dateModified\":\"2024-07-23T10:51:59+00:00\",\"description\":\"Neues Jahr, neue Verpackungen: Recycling, Convenience & Co. Die Spezialisten von MEDEWO nennen ihre pers\u00f6nlichen Verpackungstrends 2023.\",\"breadcrumb\":{\"@id\":\"https:\/\/www.medewo.com\/blog\/at\/loesungen\/verpackungstrends2023\/#breadcrumb\"},\"inLanguage\":\"de-AT\",\"potentialAction\":[{\"@type\":\"ReadAction\",\"target\":[\"https:\/\/www.medewo.com\/blog\/at\/loesungen\/verpackungstrends2023\/\"]}]},{\"@type\":\"ImageObject\",\"inLanguage\":\"de-AT\",\"@id\":\"https:\/\/www.medewo.com\/blog\/at\/loesungen\/verpackungstrends2023\/#primaryimage\",\"url\":\"https:\/\/www.medewo.com\/blog\/wp-content\/uploads\/2022\/12\/Blog-Hauptbild-Trends23-MM-1.jpg\",\"contentUrl\":\"https:\/\/www.medewo.com\/blog\/wp-content\/uploads\/2022\/12\/Blog-Hauptbild-Trends23-MM-1.jpg\",\"width\":775,\"height\":519},{\"@type\":\"BreadcrumbList\",\"@id\":\"https:\/\/www.medewo.com\/blog\/at\/loesungen\/verpackungstrends2023\/#breadcrumb\",\"itemListElement\":[{\"@type\":\"ListItem\",\"position\":1,\"name\":\"Startseite\",\"item\":\"https:\/\/www.medewo.com\/blog\/at\/\"},{\"@type\":\"ListItem\",\"position\":2,\"name\":\"Verpacken im Jahr 2023: F\u00fcnf Trends der MEDEWO-Spezialisten\"}]},{\"@type\":\"WebSite\",\"@id\":\"https:\/\/www.medewo.com\/blog\/at\/#website\",\"url\":\"https:\/\/www.medewo.com\/blog\/at\/\",\"name\":\"MEDEWO Verpackungen\",\"description\":\"News\",\"publisher\":{\"@id\":\"https:\/\/www.medewo.com\/blog\/at\/#organization\"},\"potentialAction\":[{\"@type\":\"SearchAction\",\"target\":{\"@type\":\"EntryPoint\",\"urlTemplate\":\"https:\/\/www.medewo.com\/blog\/at\/?s={search_term_string}\"},\"query-input\":{\"@type\":\"PropertyValueSpecification\",\"valueRequired\":true,\"valueName\":\"search_term_string\"}}],\"inLanguage\":\"de-AT\"},{\"@type\":\"Organization\",\"@id\":\"https:\/\/www.medewo.com\/blog\/at\/#organization\",\"name\":\"MEDEWO\",\"url\":\"https:\/\/www.medewo.com\/blog\/at\/\",\"logo\":{\"@type\":\"ImageObject\",\"inLanguage\":\"de-AT\",\"@id\":\"https:\/\/www.medewo.com\/blog\/at\/#\/schema\/logo\/image\/\",\"url\":\"https:\/\/www.medewo.com\/blog\/wp-content\/uploads\/2022\/03\/medewo-logo-claim-quer-2.png\",\"contentUrl\":\"https:\/\/www.medewo.com\/blog\/wp-content\/uploads\/2022\/03\/medewo-logo-claim-quer-2.png\",\"width\":350,\"height\":63,\"caption\":\"MEDEWO\"},\"image\":{\"@id\":\"https:\/\/www.medewo.com\/blog\/at\/#\/schema\/logo\/image\/\"}},{\"@type\":\"Person\",\"@id\":\"https:\/\/www.medewo.com\/blog\/at\/#\/schema\/person\/b18173bc0d7e5b29a35773197b37889c\",\"name\":\"c.pilz\",\"image\":{\"@type\":\"ImageObject\",\"inLanguage\":\"de-AT\",\"@id\":\"https:\/\/www.medewo.com\/blog\/at\/#\/schema\/person\/image\/\",\"url\":\"https:\/\/secure.gravatar.com\/avatar\/16ee3397805a04954db055cea3ddaeb1f86e900496ba42365173f78ceef3343a?s=96&d=blank&r=g\",\"contentUrl\":\"https:\/\/secure.gravatar.com\/avatar\/16ee3397805a04954db055cea3ddaeb1f86e900496ba42365173f78ceef3343a?s=96&d=blank&r=g\",\"caption\":\"c.pilz\"}}]}<\/script>\n<!-- \/ Yoast SEO plugin. -->","yoast_head_json":{"title":"Verpacken im Jahr 2023: F\u00fcnf Trends der MEDEWO-Spezialisten - MEDEWO Verpackungen","description":"Neues Jahr, neue Verpackungen: Recycling, Convenience & Co. Die Spezialisten von MEDEWO nennen ihre pers\u00f6nlichen Verpackungstrends 2023.","robots":{"index":"index","follow":"follow","max-snippet":"max-snippet:-1","max-image-preview":"max-image-preview:large","max-video-preview":"max-video-preview:-1"},"canonical":"https:\/\/www.medewo.com\/blog\/at\/loesungen\/verpackungstrends2023\/","og_locale":"de_DE","og_type":"article","og_title":"Verpacken im Jahr 2023: F\u00fcnf Trends der MEDEWO-Spezialisten - MEDEWO Verpackungen","og_description":"Neues Jahr, neue Verpackungen: Recycling, Convenience & Co. Die Spezialisten von MEDEWO nennen ihre pers\u00f6nlichen Verpackungstrends 2023.","og_url":"https:\/\/www.medewo.com\/blog\/at\/loesungen\/verpackungstrends2023\/","og_site_name":"MEDEWO Verpackungen","article_published_time":"2022-12-05T15:41:40+00:00","article_modified_time":"2024-07-23T10:51:59+00:00","og_image":[{"width":775,"height":519,"url":"https:\/\/www.medewo.com\/blog\/wp-content\/uploads\/2022\/12\/Blog-Hauptbild-Trends23-MM-1.jpg","type":"image\/jpeg"}],"author":"c.pilz","twitter_card":"summary_large_image","twitter_misc":{"Verfasst von":"c.pilz","Gesch\u00e4tzte Lesezeit":"6 Minuten"},"schema":{"@context":"https:\/\/schema.org","@graph":[{"@type":"Article","@id":"https:\/\/www.medewo.com\/blog\/at\/loesungen\/verpackungstrends2023\/#article","isPartOf":{"@id":"https:\/\/www.medewo.com\/blog\/at\/loesungen\/verpackungstrends2023\/"},"author":{"name":"c.pilz","@id":"https:\/\/www.medewo.com\/blog\/at\/#\/schema\/person\/b18173bc0d7e5b29a35773197b37889c"},"headline":"Verpacken im Jahr 2023: F\u00fcnf Trends der MEDEWO-Spezialisten","datePublished":"2022-12-05T15:41:40+00:00","dateModified":"2024-07-23T10:51:59+00:00","mainEntityOfPage":{"@id":"https:\/\/www.medewo.com\/blog\/at\/loesungen\/verpackungstrends2023\/"},"wordCount":1289,"commentCount":0,"publisher":{"@id":"https:\/\/www.medewo.com\/blog\/at\/#organization"},"image":{"@id":"https:\/\/www.medewo.com\/blog\/at\/loesungen\/verpackungstrends2023\/#primaryimage"},"thumbnailUrl":"https:\/\/www.medewo.com\/blog\/wp-content\/uploads\/2022\/12\/Blog-Hauptbild-Trends23-MM-1.jpg","articleSection":["L\u00f6sungen"],"inLanguage":"de-AT","potentialAction":[{"@type":"CommentAction","name":"Comment","target":["https:\/\/www.medewo.com\/blog\/at\/loesungen\/verpackungstrends2023\/#respond"]}]},{"@type":"WebPage","@id":"https:\/\/www.medewo.com\/blog\/at\/loesungen\/verpackungstrends2023\/","url":"https:\/\/www.medewo.com\/blog\/at\/loesungen\/verpackungstrends2023\/","name":"Verpacken im Jahr 2023: F\u00fcnf Trends der MEDEWO-Spezialisten - MEDEWO Verpackungen","isPartOf":{"@id":"https:\/\/www.medewo.com\/blog\/at\/#website"},"primaryImageOfPage":{"@id":"https:\/\/www.medewo.com\/blog\/at\/loesungen\/verpackungstrends2023\/#primaryimage"},"image":{"@id":"https:\/\/www.medewo.com\/blog\/at\/loesungen\/verpackungstrends2023\/#primaryimage"},"thumbnailUrl":"https:\/\/www.medewo.com\/blog\/wp-content\/uploads\/2022\/12\/Blog-Hauptbild-Trends23-MM-1.jpg","datePublished":"2022-12-05T15:41:40+00:00","dateModified":"2024-07-23T10:51:59+00:00","description":"Neues Jahr, neue Verpackungen: Recycling, Convenience & Co. Die Spezialisten von MEDEWO nennen ihre pers\u00f6nlichen Verpackungstrends 2023.","breadcrumb":{"@id":"https:\/\/www.medewo.com\/blog\/at\/loesungen\/verpackungstrends2023\/#breadcrumb"},"inLanguage":"de-AT","potentialAction":[{"@type":"ReadAction","target":["https:\/\/www.medewo.com\/blog\/at\/loesungen\/verpackungstrends2023\/"]}]},{"@type":"ImageObject","inLanguage":"de-AT","@id":"https:\/\/www.medewo.com\/blog\/at\/loesungen\/verpackungstrends2023\/#primaryimage","url":"https:\/\/www.medewo.com\/blog\/wp-content\/uploads\/2022\/12\/Blog-Hauptbild-Trends23-MM-1.jpg","contentUrl":"https:\/\/www.medewo.com\/blog\/wp-content\/uploads\/2022\/12\/Blog-Hauptbild-Trends23-MM-1.jpg","width":775,"height":519},{"@type":"BreadcrumbList","@id":"https:\/\/www.medewo.com\/blog\/at\/loesungen\/verpackungstrends2023\/#breadcrumb","itemListElement":[{"@type":"ListItem","position":1,"name":"Startseite","item":"https:\/\/www.medewo.com\/blog\/at\/"},{"@type":"ListItem","position":2,"name":"Verpacken im Jahr 2023: F\u00fcnf Trends der MEDEWO-Spezialisten"}]},{"@type":"WebSite","@id":"https:\/\/www.medewo.com\/blog\/at\/#website","url":"https:\/\/www.medewo.com\/blog\/at\/","name":"MEDEWO Verpackungen","description":"News","publisher":{"@id":"https:\/\/www.medewo.com\/blog\/at\/#organization"},"potentialAction":[{"@type":"SearchAction","target":{"@type":"EntryPoint","urlTemplate":"https:\/\/www.medewo.com\/blog\/at\/?s={search_term_string}"},"query-input":{"@type":"PropertyValueSpecification","valueRequired":true,"valueName":"search_term_string"}}],"inLanguage":"de-AT"},{"@type":"Organization","@id":"https:\/\/www.medewo.com\/blog\/at\/#organization","name":"MEDEWO","url":"https:\/\/www.medewo.com\/blog\/at\/","logo":{"@type":"ImageObject","inLanguage":"de-AT","@id":"https:\/\/www.medewo.com\/blog\/at\/#\/schema\/logo\/image\/","url":"https:\/\/www.medewo.com\/blog\/wp-content\/uploads\/2022\/03\/medewo-logo-claim-quer-2.png","contentUrl":"https:\/\/www.medewo.com\/blog\/wp-content\/uploads\/2022\/03\/medewo-logo-claim-quer-2.png","width":350,"height":63,"caption":"MEDEWO"},"image":{"@id":"https:\/\/www.medewo.com\/blog\/at\/#\/schema\/logo\/image\/"}},{"@type":"Person","@id":"https:\/\/www.medewo.com\/blog\/at\/#\/schema\/person\/b18173bc0d7e5b29a35773197b37889c","name":"c.pilz","image":{"@type":"ImageObject","inLanguage":"de-AT","@id":"https:\/\/www.medewo.com\/blog\/at\/#\/schema\/person\/image\/","url":"https:\/\/secure.gravatar.com\/avatar\/16ee3397805a04954db055cea3ddaeb1f86e900496ba42365173f78ceef3343a?s=96&d=blank&r=g","contentUrl":"https:\/\/secure.gravatar.com\/avatar\/16ee3397805a04954db055cea3ddaeb1f86e900496ba42365173f78ceef3343a?s=96&d=blank&r=g","caption":"c.pilz"}}]}},"magento_index":false,"_links":{"self":[{"href":"https:\/\/www.medewo.com\/blog\/at\/wp-json\/wp\/v2\/posts\/22604","targetHints":{"allow":["GET"]}}],"collection":[{"href":"https:\/\/www.medewo.com\/blog\/at\/wp-json\/wp\/v2\/posts"}],"about":[{"href":"https:\/\/www.medewo.com\/blog\/at\/wp-json\/wp\/v2\/types\/post"}],"author":[{"embeddable":true,"href":"https:\/\/www.medewo.com\/blog\/at\/wp-json\/wp\/v2\/users\/62"}],"replies":[{"embeddable":true,"href":"https:\/\/www.medewo.com\/blog\/at\/wp-json\/wp\/v2\/comments?post=22604"}],"version-history":[{"count":19,"href":"https:\/\/www.medewo.com\/blog\/at\/wp-json\/wp\/v2\/posts\/22604\/revisions"}],"predecessor-version":[{"id":33503,"href":"https:\/\/www.medewo.com\/blog\/at\/wp-json\/wp\/v2\/posts\/22604\/revisions\/33503"}],"wp:featuredmedia":[{"embeddable":true,"href":"https:\/\/www.medewo.com\/blog\/at\/wp-json\/wp\/v2\/media\/22596"}],"wp:attachment":[{"href":"https:\/\/www.medewo.com\/blog\/at\/wp-json\/wp\/v2\/media?parent=22604"}],"wp:term":[{"taxonomy":"category","embeddable":true,"href":"https:\/\/www.medewo.com\/blog\/at\/wp-json\/wp\/v2\/categories?post=22604"},{"taxonomy":"post_tag","embeddable":true,"href":"https:\/\/www.medewo.com\/blog\/at\/wp-json\/wp\/v2\/tags?post=22604"},{"taxonomy":"m2-product-id","embeddable":true,"href":"https:\/\/www.medewo.com\/blog\/at\/wp-json\/wp\/v2\/m2-product-id?post=22604"}],"curies":[{"name":"wp","href":"https:\/\/api.w.org\/{rel}","templated":true}]}}