{"id":19418,"date":"2021-04-06T09:28:38","date_gmt":"2021-04-06T07:28:38","guid":{"rendered":"https:\/\/www.medewo.com\/blog\/?p=19418"},"modified":"2023-10-24T16:16:07","modified_gmt":"2023-10-24T14:16:07","slug":"neubau-meierhofweg","status":"publish","type":"post","link":"https:\/\/www.medewo.com\/blog\/at\/unternehmensnews\/neubau-meierhofweg\/","title":{"rendered":"Mehr Lagerfl\u00e4che und neue B\u00fcros \u2013 MEDEWO investiert in Wachstum"},"content":{"rendered":"\r\n<p class=\"has-text-align-right has-small-font-size\"><em>\u00a9 Visualisierungen \u00abStudio 12\u00bb<\/em><\/p>\r\n\r\n\r\n\r\n<p><strong>So wie das MEDEWO-Verpackungssortiment best\u00e4ndig w\u00e4chst, steigt auch die Zahl der Mitarbeitenden und die ben\u00f6tigte Lagerfl\u00e4che. Mehr Raum zum Arbeiten und f\u00fcr die Lagerung ist dank eines neuen zus\u00e4tzlichen Geb\u00e4udes am Schweizer Standort der MEDEWO-Gruppe in Meisterschwanden in Aussicht. Das Bauvorhaben er\u00f6ffnet dabei nicht nur dem Verpackungsspezialisten neue M\u00f6glichkeiten, sondern wird auch das Dorfzentrum neu beleben.<\/strong><\/p>\r\n\r\n\r\n\r\n<p>Moderne Gewerbefl\u00e4chen sowie 33 Wohnungen auf einem Areal von 7.000 Quadratmetern sind Ziel des Bauvorhabens, das MEDEWO mit dem Generalunternehmen Ivro AG bis Fr\u00fchling\/Sommer 2023 realisiert. \u00abWir freuen uns sehr, dass es nun endlich losgeht. Mit der \u00dcberbauung Meierhofweg m\u00f6chten wir einen aussagekr\u00e4ftigen Impuls im Zentrum Meisterschwandens setzen\u00bb, sind sich Sigmund Schett von der MEDEWO-Gruppe und Roger Konrad von der Ivro AG einig.<\/p>\r\n\r\n\r\n\r\n<h2 class=\"wp-block-heading\">Ein Bau f\u00fcr die Zukunft<\/h2>\r\n\r\n\r\n\r\n<div class=\"wp-block-image\">\r\n<figure class=\"alignright size-large is-resized\"><img decoding=\"async\" class=\"wp-image-19410\" src=\"https:\/\/www.medewo.com\/blog\/wp-content\/uploads\/2021\/04\/meierhofweg-alte-poststelle.jpg\" alt=\"Das Baugel\u00e4nde mit der alten Poststelle\" width=\"388\" height=\"260\" srcset=\"https:\/\/www.medewo.com\/blog\/wp-content\/uploads\/2021\/04\/meierhofweg-alte-poststelle.jpg 775w, https:\/\/www.medewo.com\/blog\/wp-content\/uploads\/2021\/04\/meierhofweg-alte-poststelle-300x201.jpg 300w, https:\/\/www.medewo.com\/blog\/wp-content\/uploads\/2021\/04\/meierhofweg-alte-poststelle-768x514.jpg 768w\" sizes=\"(max-width: 388px) 100vw, 388px\" \/><\/figure>\r\n<\/div>\r\n\r\n\r\n\r\n<p>F\u00fcr die Entwicklung von MEDEWO sind die neuen Gewerbefl\u00e4chen ein Meilenstein: \u00abBei diesem Bauprojekt beteiligt zu sein, bedeutet uns sehr viel\u00bb erkl\u00e4rt Sigmund Schett. Seit 1986 ist der Verpackungsspezialist in Meisterschwanden ans\u00e4ssig und mit seinen derzeitigen Firmengeb\u00e4uden unmittelbarer Nachbar des Baugel\u00e4ndes. \u00abWir k\u00f6nnen direkt an unser bestehendes Geb\u00e4ude anbauen und so neue B\u00fcror\u00e4ume f\u00fcr die steigende Anzahl an Mitarbeitenden schaffen sowie die alten zu Lagerfl\u00e4chen umfunktionieren, was f\u00fcr unser Wachstum sehr wichtig ist. Dadurch st\u00e4rken wir den Standort in Meisterschwanden auch als attraktiven Arbeitgeber weiter.\u00bb<\/p>\r\n\r\n\r\n\r\n<p>Denn dank der erweiterten Fl\u00e4che f\u00fcr die Logistik findet auch weiterhin das umfassende MEDEWO-Sortiment mit seinen \u00fcber 4.000 Lagerartikeln seinen Platz. Ein entscheidender Faktor, um diese innerhalb von 24\/48 Stunden liefern zu k\u00f6nnen! Zudem k\u00f6nnen MEDEWO-Kunden Produkte auf Abruf beim Verpackungsspezialisten einlagern und zum gew\u00fcnschten Zeitpunkt erhalten, um im eigenen Lager Platz zu sparen. Auch f\u00fcr diesen Service ist eine gr\u00f6\u00dfere Lagerfl\u00e4che entscheidend.<\/p>\r\n\r\n\r\n\r\n<h2 class=\"wp-block-heading\">Im Einklang mit der Natur<\/h2>\r\n\r\n\r\n\r\n<p>Das Areal im Herzen der 3.000-Einwohner-Gemeinde erwacht damit aus dem Dornr\u00f6schenschlaf, denn nach einem Brand eines alten Bahnhofgeb\u00e4udes auf dem Gel\u00e4nde war 15 Jahre lang nichts mehr geschehen. Bereits im Mai werden dort jetzt erste Rodungen und Abbrucharbeiten durchgef\u00fchrt, ehe im Sommer dieses Jahres der Baubeginn f\u00fcr das Wohn- und Gewerbegeb\u00e4ude erfolgt.<\/p>\r\n\r\n\r\n\r\n<p>Nachhaltigkeit spielt dabei eine zentrale Rolle: So produziert eine Photovoltaik-Anlage auf dem Dach erneuerbare Energie, die f\u00fcr MEDEWO sowie die Tiefgarage genutzt wird. Mit der exklusiven Fassadengestaltung aus Klinkersteinen kommt zudem ein Baumaterial zum Einsatz, das dank seiner Widerstandsf\u00e4higkeit besonders langlebig und unterhaltsarm ist. Dar\u00fcber hinaus erf\u00fcllt das Geb\u00e4ude u.a. mit kontrollierter L\u00fcftung die Minergie-Standard-Anforderungen.<\/p>\r\n\r\n\r\n\r\n<p>Auch bei der Gestaltung der Anlage steht die Umwelt im Vordergrund, denn sie verbindet Natur und Architektur: Durch die Dachbepflanzung, begr\u00fcnte Rank-Ger\u00fcste als nat\u00fcrlichen Sichtschutz bei den Loggien und Terrassen sowie Blumenwiesen und Beete im Park entsteht eine harmonische Umgebung. Das Bauprojekt wurde bereits mit dem Vorzertifikat der Stiftung \u00abNatur &amp; Wirtschaft\u00bb ausgezeichnet.<\/p>\r\n\r\n\r\n\r\n<h2 class=\"wp-block-heading\">Alt und Neu kommt zusammen<\/h2>\r\n\r\n\r\n\r\n<div class=\"wp-block-image\">\r\n<figure class=\"alignleft size-large is-resized\"><img decoding=\"async\" class=\"wp-image-19413\" src=\"https:\/\/www.medewo.com\/blog\/wp-content\/uploads\/2021\/04\/meierhofweg-villa-fischer.jpg\" alt=\"Blick auf die Villa Fischer und den Neubau\" width=\"388\" height=\"260\" srcset=\"https:\/\/www.medewo.com\/blog\/wp-content\/uploads\/2021\/04\/meierhofweg-villa-fischer.jpg 775w, https:\/\/www.medewo.com\/blog\/wp-content\/uploads\/2021\/04\/meierhofweg-villa-fischer-300x201.jpg 300w, https:\/\/www.medewo.com\/blog\/wp-content\/uploads\/2021\/04\/meierhofweg-villa-fischer-768x514.jpg 768w\" sizes=\"(max-width: 388px) 100vw, 388px\" \/>\r\n<figcaption>\u00a9 Visualisierungen \u00abStudio 12\u00bb<\/figcaption>\r\n<\/figure>\r\n<\/div>\r\n\r\n\r\n\r\n<p>Neben der Erweiterung des MEDEWO-Firmensitzes entstehen in dem Komplex auch 23 Eigentumswohnungen sowie zehn Mietwohnungen, die f\u00fcr neuen und attraktiven Lebensraum mitten in Meisterschwanden sorgen. Hochwertigkeit, eine nachhaltige Gestaltung und hohe Wohnqualit\u00e4t zeichnen diese aus.<\/p>\r\n\r\n\r\n\r\n<p>Das Herzst\u00fcck der Anlage wird jedoch ein anderes Geb\u00e4ude sein: Die um 1860 erbaute Villa Fischer, die sich ebenfalls auf dem Areal befindet, bleibt mitsamt ihres Parks erhalten und wird im Zuge der Bauarbeiten auch saniert. So wird das Quartier Meierhofweg nach seiner Fertigstellung nicht nur Wohnen und Arbeiten, Natur und Architektur, sondern auch Alt und Neu vereinen.<\/p>\r\n","protected":false},"excerpt":{"rendered":"<p>Mehr Raum zum Arbeiten und f\u00fcr die Lagerung ist dank eines neuen zus\u00e4tzlichen Geb\u00e4udes am Schweizer Standort in Aussicht.<\/p>\n","protected":false},"author":46,"featured_media":19407,"comment_status":"open","ping_status":"closed","sticky":false,"template":"","format":"standard","meta":{"pgc_sgb_lightbox_settings":"","footnotes":""},"categories":[503],"tags":[],"m2-product-id":[],"class_list":["post-19418","post","type-post","status-publish","format-standard","has-post-thumbnail","hentry","category-unternehmensnews","category-503","description-off"],"yoast_head":"<!-- This site is optimized with the Yoast SEO plugin v26.8 - https:\/\/yoast.com\/product\/yoast-seo-wordpress\/ -->\n<title>Mehr Lagerfl\u00e4che und neue B\u00fcros \u2013 MEDEWO investiert in Wachstum<\/title>\n<meta name=\"description\" content=\"Mehr Raum zum Arbeiten und f\u00fcr die Lagerung ist dank eines neuen zus\u00e4tzlichen Geb\u00e4udes am Schweizer Standort der MEDEWO-Gruppe in Aussicht.\" \/>\n<meta name=\"robots\" content=\"index, follow, max-snippet:-1, max-image-preview:large, max-video-preview:-1\" \/>\n<link rel=\"canonical\" href=\"https:\/\/www.medewo.com\/blog\/at\/unternehmensnews\/neubau-meierhofweg\/\" \/>\n<meta property=\"og:locale\" content=\"de_DE\" \/>\n<meta property=\"og:type\" content=\"article\" \/>\n<meta property=\"og:title\" content=\"Mehr Lagerfl\u00e4che und neue B\u00fcros \u2013 MEDEWO investiert in Wachstum\" \/>\n<meta property=\"og:description\" content=\"Mehr Raum zum Arbeiten und f\u00fcr die Lagerung ist dank eines neuen zus\u00e4tzlichen Geb\u00e4udes am Schweizer Standort der MEDEWO-Gruppe in Aussicht.\" \/>\n<meta property=\"og:url\" content=\"https:\/\/www.medewo.com\/blog\/at\/unternehmensnews\/neubau-meierhofweg\/\" \/>\n<meta property=\"og:site_name\" content=\"MEDEWO Verpackungen\" \/>\n<meta property=\"article:published_time\" content=\"2021-04-06T07:28:38+00:00\" \/>\n<meta property=\"article:modified_time\" content=\"2023-10-24T14:16:07+00:00\" \/>\n<meta property=\"og:image\" content=\"https:\/\/www.medewo.com\/blog\/wp-content\/uploads\/2021\/04\/hb_neubau-meierhofweg.jpg\" \/>\n\t<meta property=\"og:image:width\" content=\"775\" \/>\n\t<meta property=\"og:image:height\" content=\"519\" \/>\n\t<meta property=\"og:image:type\" content=\"image\/jpeg\" \/>\n<meta name=\"author\" content=\"Johanna Veh\" \/>\n<meta name=\"twitter:card\" content=\"summary_large_image\" \/>\n<meta name=\"twitter:label1\" content=\"Verfasst von\" \/>\n\t<meta name=\"twitter:data1\" content=\"Johanna Veh\" \/>\n\t<meta name=\"twitter:label2\" content=\"Gesch\u00e4tzte Lesezeit\" \/>\n\t<meta name=\"twitter:data2\" content=\"4 Minuten\" \/>\n<script type=\"application\/ld+json\" class=\"yoast-schema-graph\">{\"@context\":\"https:\/\/schema.org\",\"@graph\":[{\"@type\":\"Article\",\"@id\":\"https:\/\/www.medewo.com\/blog\/at\/unternehmensnews\/neubau-meierhofweg\/#article\",\"isPartOf\":{\"@id\":\"https:\/\/www.medewo.com\/blog\/at\/unternehmensnews\/neubau-meierhofweg\/\"},\"author\":{\"name\":\"Johanna Veh\",\"@id\":\"https:\/\/www.medewo.com\/blog\/at\/#\/schema\/person\/095ac0edc7996da8d9076f1dd7628a02\"},\"headline\":\"Mehr Lagerfl\u00e4che und neue B\u00fcros \u2013 MEDEWO investiert in Wachstum\",\"datePublished\":\"2021-04-06T07:28:38+00:00\",\"dateModified\":\"2023-10-24T14:16:07+00:00\",\"mainEntityOfPage\":{\"@id\":\"https:\/\/www.medewo.com\/blog\/at\/unternehmensnews\/neubau-meierhofweg\/\"},\"wordCount\":598,\"commentCount\":0,\"publisher\":{\"@id\":\"https:\/\/www.medewo.com\/blog\/at\/#organization\"},\"image\":{\"@id\":\"https:\/\/www.medewo.com\/blog\/at\/unternehmensnews\/neubau-meierhofweg\/#primaryimage\"},\"thumbnailUrl\":\"https:\/\/www.medewo.com\/blog\/wp-content\/uploads\/2021\/04\/hb_neubau-meierhofweg.jpg\",\"articleSection\":[\"Unternehmensnews\"],\"inLanguage\":\"de-AT\",\"potentialAction\":[{\"@type\":\"CommentAction\",\"name\":\"Comment\",\"target\":[\"https:\/\/www.medewo.com\/blog\/at\/unternehmensnews\/neubau-meierhofweg\/#respond\"]}]},{\"@type\":\"WebPage\",\"@id\":\"https:\/\/www.medewo.com\/blog\/at\/unternehmensnews\/neubau-meierhofweg\/\",\"url\":\"https:\/\/www.medewo.com\/blog\/at\/unternehmensnews\/neubau-meierhofweg\/\",\"name\":\"Mehr Lagerfl\u00e4che und neue B\u00fcros \u2013 MEDEWO investiert in Wachstum\",\"isPartOf\":{\"@id\":\"https:\/\/www.medewo.com\/blog\/at\/#website\"},\"primaryImageOfPage\":{\"@id\":\"https:\/\/www.medewo.com\/blog\/at\/unternehmensnews\/neubau-meierhofweg\/#primaryimage\"},\"image\":{\"@id\":\"https:\/\/www.medewo.com\/blog\/at\/unternehmensnews\/neubau-meierhofweg\/#primaryimage\"},\"thumbnailUrl\":\"https:\/\/www.medewo.com\/blog\/wp-content\/uploads\/2021\/04\/hb_neubau-meierhofweg.jpg\",\"datePublished\":\"2021-04-06T07:28:38+00:00\",\"dateModified\":\"2023-10-24T14:16:07+00:00\",\"description\":\"Mehr Raum zum Arbeiten und f\u00fcr die Lagerung ist dank eines neuen zus\u00e4tzlichen Geb\u00e4udes am Schweizer Standort der MEDEWO-Gruppe in Aussicht.\",\"breadcrumb\":{\"@id\":\"https:\/\/www.medewo.com\/blog\/at\/unternehmensnews\/neubau-meierhofweg\/#breadcrumb\"},\"inLanguage\":\"de-AT\",\"potentialAction\":[{\"@type\":\"ReadAction\",\"target\":[\"https:\/\/www.medewo.com\/blog\/at\/unternehmensnews\/neubau-meierhofweg\/\"]}]},{\"@type\":\"ImageObject\",\"inLanguage\":\"de-AT\",\"@id\":\"https:\/\/www.medewo.com\/blog\/at\/unternehmensnews\/neubau-meierhofweg\/#primaryimage\",\"url\":\"https:\/\/www.medewo.com\/blog\/wp-content\/uploads\/2021\/04\/hb_neubau-meierhofweg.jpg\",\"contentUrl\":\"https:\/\/www.medewo.com\/blog\/wp-content\/uploads\/2021\/04\/hb_neubau-meierhofweg.jpg\",\"width\":775,\"height\":519,\"caption\":\"\u00a9 Visualisierungen \u00abStudio 12\u00bb\"},{\"@type\":\"BreadcrumbList\",\"@id\":\"https:\/\/www.medewo.com\/blog\/at\/unternehmensnews\/neubau-meierhofweg\/#breadcrumb\",\"itemListElement\":[{\"@type\":\"ListItem\",\"position\":1,\"name\":\"Startseite\",\"item\":\"https:\/\/www.medewo.com\/blog\/at\/\"},{\"@type\":\"ListItem\",\"position\":2,\"name\":\"Mehr Lagerfl\u00e4che und neue B\u00fcros \u2013 MEDEWO investiert in Wachstum\"}]},{\"@type\":\"WebSite\",\"@id\":\"https:\/\/www.medewo.com\/blog\/at\/#website\",\"url\":\"https:\/\/www.medewo.com\/blog\/at\/\",\"name\":\"MEDEWO Verpackungen\",\"description\":\"News\",\"publisher\":{\"@id\":\"https:\/\/www.medewo.com\/blog\/at\/#organization\"},\"potentialAction\":[{\"@type\":\"SearchAction\",\"target\":{\"@type\":\"EntryPoint\",\"urlTemplate\":\"https:\/\/www.medewo.com\/blog\/at\/?s={search_term_string}\"},\"query-input\":{\"@type\":\"PropertyValueSpecification\",\"valueRequired\":true,\"valueName\":\"search_term_string\"}}],\"inLanguage\":\"de-AT\"},{\"@type\":\"Organization\",\"@id\":\"https:\/\/www.medewo.com\/blog\/at\/#organization\",\"name\":\"MEDEWO\",\"url\":\"https:\/\/www.medewo.com\/blog\/at\/\",\"logo\":{\"@type\":\"ImageObject\",\"inLanguage\":\"de-AT\",\"@id\":\"https:\/\/www.medewo.com\/blog\/at\/#\/schema\/logo\/image\/\",\"url\":\"https:\/\/www.medewo.com\/blog\/wp-content\/uploads\/2022\/03\/medewo-logo-claim-quer-2.png\",\"contentUrl\":\"https:\/\/www.medewo.com\/blog\/wp-content\/uploads\/2022\/03\/medewo-logo-claim-quer-2.png\",\"width\":350,\"height\":63,\"caption\":\"MEDEWO\"},\"image\":{\"@id\":\"https:\/\/www.medewo.com\/blog\/at\/#\/schema\/logo\/image\/\"}},{\"@type\":\"Person\",\"@id\":\"https:\/\/www.medewo.com\/blog\/at\/#\/schema\/person\/095ac0edc7996da8d9076f1dd7628a02\",\"name\":\"Johanna Veh\",\"image\":{\"@type\":\"ImageObject\",\"inLanguage\":\"de-AT\",\"@id\":\"https:\/\/www.medewo.com\/blog\/at\/#\/schema\/person\/image\/\",\"url\":\"https:\/\/secure.gravatar.com\/avatar\/34b1d372f4c5c8771c920d7185ad3cdbb4c0c74723f619ae116247c1940d52ec?s=96&d=blank&r=g\",\"contentUrl\":\"https:\/\/secure.gravatar.com\/avatar\/34b1d372f4c5c8771c920d7185ad3cdbb4c0c74723f619ae116247c1940d52ec?s=96&d=blank&r=g\",\"caption\":\"Johanna Veh\"}}]}<\/script>\n<!-- \/ Yoast SEO plugin. -->","yoast_head_json":{"title":"Mehr Lagerfl\u00e4che und neue B\u00fcros \u2013 MEDEWO investiert in Wachstum","description":"Mehr Raum zum Arbeiten und f\u00fcr die Lagerung ist dank eines neuen zus\u00e4tzlichen Geb\u00e4udes am Schweizer Standort der MEDEWO-Gruppe in Aussicht.","robots":{"index":"index","follow":"follow","max-snippet":"max-snippet:-1","max-image-preview":"max-image-preview:large","max-video-preview":"max-video-preview:-1"},"canonical":"https:\/\/www.medewo.com\/blog\/at\/unternehmensnews\/neubau-meierhofweg\/","og_locale":"de_DE","og_type":"article","og_title":"Mehr Lagerfl\u00e4che und neue B\u00fcros \u2013 MEDEWO investiert in Wachstum","og_description":"Mehr Raum zum Arbeiten und f\u00fcr die Lagerung ist dank eines neuen zus\u00e4tzlichen Geb\u00e4udes am Schweizer Standort der MEDEWO-Gruppe in Aussicht.","og_url":"https:\/\/www.medewo.com\/blog\/at\/unternehmensnews\/neubau-meierhofweg\/","og_site_name":"MEDEWO Verpackungen","article_published_time":"2021-04-06T07:28:38+00:00","article_modified_time":"2023-10-24T14:16:07+00:00","og_image":[{"width":775,"height":519,"url":"https:\/\/www.medewo.com\/blog\/wp-content\/uploads\/2021\/04\/hb_neubau-meierhofweg.jpg","type":"image\/jpeg"}],"author":"Johanna Veh","twitter_card":"summary_large_image","twitter_misc":{"Verfasst von":"Johanna Veh","Gesch\u00e4tzte Lesezeit":"4 Minuten"},"schema":{"@context":"https:\/\/schema.org","@graph":[{"@type":"Article","@id":"https:\/\/www.medewo.com\/blog\/at\/unternehmensnews\/neubau-meierhofweg\/#article","isPartOf":{"@id":"https:\/\/www.medewo.com\/blog\/at\/unternehmensnews\/neubau-meierhofweg\/"},"author":{"name":"Johanna Veh","@id":"https:\/\/www.medewo.com\/blog\/at\/#\/schema\/person\/095ac0edc7996da8d9076f1dd7628a02"},"headline":"Mehr Lagerfl\u00e4che und neue B\u00fcros \u2013 MEDEWO investiert in Wachstum","datePublished":"2021-04-06T07:28:38+00:00","dateModified":"2023-10-24T14:16:07+00:00","mainEntityOfPage":{"@id":"https:\/\/www.medewo.com\/blog\/at\/unternehmensnews\/neubau-meierhofweg\/"},"wordCount":598,"commentCount":0,"publisher":{"@id":"https:\/\/www.medewo.com\/blog\/at\/#organization"},"image":{"@id":"https:\/\/www.medewo.com\/blog\/at\/unternehmensnews\/neubau-meierhofweg\/#primaryimage"},"thumbnailUrl":"https:\/\/www.medewo.com\/blog\/wp-content\/uploads\/2021\/04\/hb_neubau-meierhofweg.jpg","articleSection":["Unternehmensnews"],"inLanguage":"de-AT","potentialAction":[{"@type":"CommentAction","name":"Comment","target":["https:\/\/www.medewo.com\/blog\/at\/unternehmensnews\/neubau-meierhofweg\/#respond"]}]},{"@type":"WebPage","@id":"https:\/\/www.medewo.com\/blog\/at\/unternehmensnews\/neubau-meierhofweg\/","url":"https:\/\/www.medewo.com\/blog\/at\/unternehmensnews\/neubau-meierhofweg\/","name":"Mehr Lagerfl\u00e4che und neue B\u00fcros \u2013 MEDEWO investiert in Wachstum","isPartOf":{"@id":"https:\/\/www.medewo.com\/blog\/at\/#website"},"primaryImageOfPage":{"@id":"https:\/\/www.medewo.com\/blog\/at\/unternehmensnews\/neubau-meierhofweg\/#primaryimage"},"image":{"@id":"https:\/\/www.medewo.com\/blog\/at\/unternehmensnews\/neubau-meierhofweg\/#primaryimage"},"thumbnailUrl":"https:\/\/www.medewo.com\/blog\/wp-content\/uploads\/2021\/04\/hb_neubau-meierhofweg.jpg","datePublished":"2021-04-06T07:28:38+00:00","dateModified":"2023-10-24T14:16:07+00:00","description":"Mehr Raum zum Arbeiten und f\u00fcr die Lagerung ist dank eines neuen zus\u00e4tzlichen Geb\u00e4udes am Schweizer Standort der MEDEWO-Gruppe in Aussicht.","breadcrumb":{"@id":"https:\/\/www.medewo.com\/blog\/at\/unternehmensnews\/neubau-meierhofweg\/#breadcrumb"},"inLanguage":"de-AT","potentialAction":[{"@type":"ReadAction","target":["https:\/\/www.medewo.com\/blog\/at\/unternehmensnews\/neubau-meierhofweg\/"]}]},{"@type":"ImageObject","inLanguage":"de-AT","@id":"https:\/\/www.medewo.com\/blog\/at\/unternehmensnews\/neubau-meierhofweg\/#primaryimage","url":"https:\/\/www.medewo.com\/blog\/wp-content\/uploads\/2021\/04\/hb_neubau-meierhofweg.jpg","contentUrl":"https:\/\/www.medewo.com\/blog\/wp-content\/uploads\/2021\/04\/hb_neubau-meierhofweg.jpg","width":775,"height":519,"caption":"\u00a9 Visualisierungen \u00abStudio 12\u00bb"},{"@type":"BreadcrumbList","@id":"https:\/\/www.medewo.com\/blog\/at\/unternehmensnews\/neubau-meierhofweg\/#breadcrumb","itemListElement":[{"@type":"ListItem","position":1,"name":"Startseite","item":"https:\/\/www.medewo.com\/blog\/at\/"},{"@type":"ListItem","position":2,"name":"Mehr Lagerfl\u00e4che und neue B\u00fcros \u2013 MEDEWO investiert in Wachstum"}]},{"@type":"WebSite","@id":"https:\/\/www.medewo.com\/blog\/at\/#website","url":"https:\/\/www.medewo.com\/blog\/at\/","name":"MEDEWO Verpackungen","description":"News","publisher":{"@id":"https:\/\/www.medewo.com\/blog\/at\/#organization"},"potentialAction":[{"@type":"SearchAction","target":{"@type":"EntryPoint","urlTemplate":"https:\/\/www.medewo.com\/blog\/at\/?s={search_term_string}"},"query-input":{"@type":"PropertyValueSpecification","valueRequired":true,"valueName":"search_term_string"}}],"inLanguage":"de-AT"},{"@type":"Organization","@id":"https:\/\/www.medewo.com\/blog\/at\/#organization","name":"MEDEWO","url":"https:\/\/www.medewo.com\/blog\/at\/","logo":{"@type":"ImageObject","inLanguage":"de-AT","@id":"https:\/\/www.medewo.com\/blog\/at\/#\/schema\/logo\/image\/","url":"https:\/\/www.medewo.com\/blog\/wp-content\/uploads\/2022\/03\/medewo-logo-claim-quer-2.png","contentUrl":"https:\/\/www.medewo.com\/blog\/wp-content\/uploads\/2022\/03\/medewo-logo-claim-quer-2.png","width":350,"height":63,"caption":"MEDEWO"},"image":{"@id":"https:\/\/www.medewo.com\/blog\/at\/#\/schema\/logo\/image\/"}},{"@type":"Person","@id":"https:\/\/www.medewo.com\/blog\/at\/#\/schema\/person\/095ac0edc7996da8d9076f1dd7628a02","name":"Johanna Veh","image":{"@type":"ImageObject","inLanguage":"de-AT","@id":"https:\/\/www.medewo.com\/blog\/at\/#\/schema\/person\/image\/","url":"https:\/\/secure.gravatar.com\/avatar\/34b1d372f4c5c8771c920d7185ad3cdbb4c0c74723f619ae116247c1940d52ec?s=96&d=blank&r=g","contentUrl":"https:\/\/secure.gravatar.com\/avatar\/34b1d372f4c5c8771c920d7185ad3cdbb4c0c74723f619ae116247c1940d52ec?s=96&d=blank&r=g","caption":"Johanna Veh"}}]}},"magento_index":false,"_links":{"self":[{"href":"https:\/\/www.medewo.com\/blog\/at\/wp-json\/wp\/v2\/posts\/19418","targetHints":{"allow":["GET"]}}],"collection":[{"href":"https:\/\/www.medewo.com\/blog\/at\/wp-json\/wp\/v2\/posts"}],"about":[{"href":"https:\/\/www.medewo.com\/blog\/at\/wp-json\/wp\/v2\/types\/post"}],"author":[{"embeddable":true,"href":"https:\/\/www.medewo.com\/blog\/at\/wp-json\/wp\/v2\/users\/46"}],"replies":[{"embeddable":true,"href":"https:\/\/www.medewo.com\/blog\/at\/wp-json\/wp\/v2\/comments?post=19418"}],"version-history":[{"count":7,"href":"https:\/\/www.medewo.com\/blog\/at\/wp-json\/wp\/v2\/posts\/19418\/revisions"}],"predecessor-version":[{"id":28685,"href":"https:\/\/www.medewo.com\/blog\/at\/wp-json\/wp\/v2\/posts\/19418\/revisions\/28685"}],"wp:featuredmedia":[{"embeddable":true,"href":"https:\/\/www.medewo.com\/blog\/at\/wp-json\/wp\/v2\/media\/19407"}],"wp:attachment":[{"href":"https:\/\/www.medewo.com\/blog\/at\/wp-json\/wp\/v2\/media?parent=19418"}],"wp:term":[{"taxonomy":"category","embeddable":true,"href":"https:\/\/www.medewo.com\/blog\/at\/wp-json\/wp\/v2\/categories?post=19418"},{"taxonomy":"post_tag","embeddable":true,"href":"https:\/\/www.medewo.com\/blog\/at\/wp-json\/wp\/v2\/tags?post=19418"},{"taxonomy":"m2-product-id","embeddable":true,"href":"https:\/\/www.medewo.com\/blog\/at\/wp-json\/wp\/v2\/m2-product-id?post=19418"}],"curies":[{"name":"wp","href":"https:\/\/api.w.org\/{rel}","templated":true}]}}