{"id":16417,"date":"2024-06-11T14:35:00","date_gmt":"2024-06-11T12:35:00","guid":{"rendered":"https:\/\/www.medewo.com\/blog\/uncategorized-at\/sicherer-arbeitsschutz-psa-das-brauchen-sie\/"},"modified":"2025-07-22T14:54:49","modified_gmt":"2025-07-22T12:54:49","slug":"ueberblick-arbeitsschutz-psa","status":"publish","type":"post","link":"https:\/\/www.medewo.com\/blog\/at\/produkte\/ueberblick-arbeitsschutz-psa\/","title":{"rendered":"Pers\u00f6nliche Schutzausr\u00fcstung: Unverzichtbar f\u00fcr Ihre Sicherheit"},"content":{"rendered":"<div class=\"wpb-content-wrapper\"><p>[vc_row][vc_column][vc_column_text css=&#8220;&#8220;]<strong>Egal ob im Beruf oder in der Freizeit \u2013 Ihre Gesundheit und Ihr Wohlbefinden stehen immer an erster Stelle. Pers\u00f6nliche Schutzausr\u00fcstung (PSA) ist dabei ein unverzichtbarer Bestandteil, um Sie vor Verletzungen und gesundheitlichen Risiken zu sch\u00fctzen. Erfahren Sie, worauf es bei pers\u00f6nlicher Schutzausr\u00fcstung wie Handschuhen, Geh\u00f6rschutz, Schutzbrillen &amp; Co. ankommt.<\/strong>[\/vc_column_text][vc_empty_space height=&#8220;18px&#8220;][vc_column_text css=&#8220;&#8220;]Um die PSA-Ausr\u00fcstung zu kategorisieren, werden diese in 3 verschiedene PSA-Kategorien aufgeteilt:<\/p>\n<p>Kategorie I: Schutz vor geringf\u00fcgigen Risiken (etwa Witterung oder Staub)<br \/>\nKategorie II: Schutz vor mittleren Risiken (etwa Verletzungen, bei denen \u00e4rztliche Hilfe n\u00f6tig ist)<br \/>\nKategorie III: Schutz vor sehr schwerwiegenden Risiken f\u00fcr Leib und Leben (etwa Chemikalien)<\/p>\n<p>Dabei z\u00e4hlen die Handschuhe, Schutzbrillen und Geh\u00f6rschutzl\u00f6sungen zur Kategorie II<\/p>\n<p><a href=\"#handschuhe\">Handschuhe<\/a><br \/>\n<a href=\"#geh%C3%B6rschutz\">Geh\u00f6rschutz<\/a><br \/>\n<a href=\"#schutzbrillen\">Schutzbrillen \/ Gesichtsschutz<\/a><br \/>\n<a href=\"#atemschutz\">Atemschutz<\/a>[\/vc_column_text][vc_empty_space height=&#8220;15px&#8220;][vc_column_text]            <style>\n                .message_box_wrapper {\n                    display: block;\n                    width: 100%;\n                    width: calc( 100% - 32px );\n                    margin-bottom: 30px;\n                    margin-top: 15px;\n                    padding: 15px;\n                    float: left;\n                    background: #f9f9f9;\n                    border: 1px solid #dddddd;\n                }\n                .message_box_wrapper .message_box_icon {\n                    margin-bottom: 0;\n                }\n                .message_box_wrapper .message_box_caption {\n                    margin-left: 70px;\n                }\n                .message_box_wrapper .message_box_caption .message_box_button {\n                    background: #278dd1;\n                    border-color: #278dd1;\n                    display: inline-block;\n                    padding: 6px 20px;\n                    line-height: 1.42857143;\n                    color: #fff;\n                    font-size: 17px;\n                    font-weight: normal;\n                    text-decoration: none;\n                }\n            <\/style>\n\n            <div class=\"message_box_wrapper\">\n                <p>\n                    <img decoding=\"async\" class=\"alignleft wp-image-4005 message_box_icon\" title=\"MEDEWO-Tipp\" src=\"https:\/\/www.medewo.com\/blog\/wp-content\/themes\/dt-the7-child\/img\/icons\/Tipp.svg\" alt=\"MEDEWO-Tipp\" width=\"50\" height=\"50\">\n                <\/p>\n                <\/p>\n<p>Unser gesamtes Sortiment entdecken Sie in unserem Web-Shop<br \/>\nin der Kategorie \u00ab<a href=\"https:\/\/www.medewo.com\/at\/lagersortiment\/lager-und-betriebsbedarf\/arbeitsschutz\/\">Arbeitsschutz<\/a>\u00bb.<\/p>\n<p>                <p class=\"message_box_caption\">\n                                    <\/p>\n            <\/div>\n        [\/vc_column_text][vc_empty_space el_id=&#8220;handschuhe&#8220;][vc_column_text]<\/p>\n<h2>Handschuhe<\/h2>\n<p>[\/vc_column_text][vc_empty_space height=&#8220;20px&#8220;][\/vc_column][\/vc_row][vc_row][vc_column width=&#8220;1\/2&#8243;][vc_empty_space height=&#8220;8px&#8220;][vc_single_image image=&#8220;32874&#8243; img_size=&#8220;full&#8220; css=&#8220;&#8220;][\/vc_column][vc_column width=&#8220;1\/2&#8243;][vc_empty_space height=&#8220;50px&#8220;][vc_column_text css=&#8220;&#8220;]Ob in der Logistik, bei Montagearbeiten oder in der Fertigung: H\u00e4nde ben\u00f6tigen bei einer Vielzahl von T\u00e4tigkeiten ausreichenden Schutz. Deshalb bieten Handschuhe einen wichtigen Bestandteil der Schutzausr\u00fcstung.[\/vc_column_text][\/vc_column][\/vc_row][vc_row][vc_column][vc_empty_space][vc_column_text css=&#8220;&#8220;]Damit die Handschuhe auch vor Arbeitsverletzungen sch\u00fctzen k\u00f6nnen, ist eine entsprechende Pr\u00fcfung und Zertifizierung notwendig. Dies wird mittels der sogenannten DIN EN 388 und EN 420 festgestellt.<\/p>\n<p>Die DIN-Tests gegen Aufschluss dar\u00fcber, wie leistungsf\u00e4hig ein Handschuh ist.<\/p>\n<p>Nach folgenden mechanischen Kriterien werden die Textilien gepr\u00fcft:<\/p>\n<ul>\n<li>Abriebfestigkeit \u2013 mit Hilfe eines Schleifpapiers<\/li>\n<li>Schnittfestigkeit \u2013 bisher nur mit Hilfe eines rotierenden Kreismessers (genannt Coupe-Test), nun in einem zweiten Test mit einer langen geraden Klinge<\/li>\n<li>Weiterrei\u00dffestigkeit \u2013 durch Krafteinwirkung auf einen eingeschnittenen Handschuh<\/li>\n<li>Durchstichfestigkeit \u2013 mit Hilfe eines Nagels<\/li>\n<\/ul>\n<p>[\/vc_column_text][vc_empty_space height=&#8220;30px&#8220;][\/vc_column][\/vc_row][vc_row][vc_column width=&#8220;1\/2&#8243;][vc_column_text css=&#8220;&#8220;]<\/p>\n<h3>Handschuhe mit Schnittschutz<\/h3>\n<p>[\/vc_column_text][vc_empty_space height=&#8220;20px&#8220;][vc_single_image image=&#8220;32830&#8243; img_size=&#8220;full&#8220; css=&#8220;&#8220;][vc_empty_space height=&#8220;20px&#8220;][vc_column_text css=&#8220;&#8220;]Gerade bei Handschuhen wo der Schnittschutz eine wichtige Rolle spielt, wir ein zus\u00e4tzlicher Test unter EN ISO 13997 durchgef\u00fchrt. Sie liefert gerade bei einem hohen Schnittschutzlevel noch genauere Ergebnisse, die mit den Buchstaben A bis F gekennzeichnet sind.[\/vc_column_text][vc_empty_space height=&#8220;60px&#8220;]<style type=\"text\/css\" data-type=\"the7_shortcodes-inline-css\">#default-btn-7ac5244565db3f73dfbb98a795ad420d.ico-right-side > i {\n  margin-right: 0px;\n  margin-left: 8px;\n}\n#default-btn-7ac5244565db3f73dfbb98a795ad420d > i {\n  margin-right: 8px;\n}<\/style><a href=\"https:\/\/www.medewo.com\/at\/lagersortiment\/lager-und-betriebsbedarf\/arbeitsschutz\/arbeitshandschuhe\/\" class=\"default-btn-shortcode dt-btn dt-btn-m link-hover-off btn-inline-left \" id=\"default-btn-7ac5244565db3f73dfbb98a795ad420d\" title=\"zum Handschuhsortiment\"><span>Zum Arbeitshandschuh-Sortiment<\/span><\/a>[\/vc_column][vc_column width=&#8220;1\/2&#8243;][vc_column_text css=&#8220;&#8220;]<\/p>\n<h3>Handschuhe mit Hygieneschutz<\/h3>\n<p>[\/vc_column_text][vc_empty_space height=&#8220;20px&#8220;][vc_single_image image=&#8220;32826&#8243; img_size=&#8220;full&#8220; css=&#8220;&#8220;][vc_empty_space height=&#8220;20px&#8220;][vc_column_text css=&#8220;&#8220;]F\u00fcr feinere Arbeiten an elektronischen Bauteilen oder auch bei Anwendungen, wo die Hygienevorschriften hoch zu werten sind, ist ebenfalls der eigene Schutz \u00e4u\u00dferst wichtig. Der Anwendungsbereich ist hier sehr breit und reicht von der Montage, in die Reinigung bis hin zu medizinischen Einrichtungen oder in die Gastronomie.[\/vc_column_text][vc_empty_space height=&#8220;30px&#8220;]<style type=\"text\/css\" data-type=\"the7_shortcodes-inline-css\">#default-btn-ca07f4c67705427b1e6e3a042a1b933e.ico-right-side > i {\n  margin-right: 0px;\n  margin-left: 8px;\n}\n#default-btn-ca07f4c67705427b1e6e3a042a1b933e > i {\n  margin-right: 8px;\n}<\/style><a href=\"https:\/\/www.medewo.com\/at\/lagersortiment\/lager-und-betriebsbedarf\/hygiene\/einmalhandschuhe\/\" class=\"default-btn-shortcode dt-btn dt-btn-m link-hover-off btn-inline-left \" id=\"default-btn-ca07f4c67705427b1e6e3a042a1b933e\" title=\"zum Handschuhsortiment\"><span>Zum Einmalhandschuh-Sortiment<\/span><\/a>[\/vc_column][\/vc_row][vc_row][vc_column][vc_empty_space el_id=&#8220;geh\u00f6rschutz&#8220;][vc_column_text css=&#8220;&#8220;]            <style>\n                .message_box_wrapper {\n                    display: block;\n                    width: 100%;\n                    width: calc( 100% - 32px );\n                    margin-bottom: 30px;\n                    margin-top: 15px;\n                    padding: 15px;\n                    float: left;\n                    background: #f9f9f9;\n                    border: 1px solid #dddddd;\n                }\n                .message_box_wrapper .message_box_icon {\n                    margin-bottom: 0;\n                }\n                .message_box_wrapper .message_box_caption {\n                    margin-left: 70px;\n                }\n                .message_box_wrapper .message_box_caption .message_box_button {\n                    background: #278dd1;\n                    border-color: #278dd1;\n                    display: inline-block;\n                    padding: 6px 20px;\n                    line-height: 1.42857143;\n                    color: #fff;\n                    font-size: 17px;\n                    font-weight: normal;\n                    text-decoration: none;\n                }\n            <\/style>\n\n            <div class=\"message_box_wrapper\">\n                <p>\n                    <img decoding=\"async\" class=\"alignleft wp-image-4005 message_box_icon\" title=\"MEDEWO-Tipp\" src=\"https:\/\/www.medewo.com\/blog\/wp-content\/themes\/dt-the7-child\/img\/icons\/Tipp.svg\" alt=\"MEDEWO-Tipp\" width=\"50\" height=\"50\">\n                <\/p>\n                <\/p>\n<p>Wenn Sie auch bei Handschuhen auf Umweltschutz achten m\u00f6chten, bieten wir Ihnen die <a href=\"https:\/\/www.medewo.com\/at\/gebol-handschuhe-upcycled-strong\">\u00abGEBOL Handschuhe UPCYCLED strong\u00bb <\/a>an. Sie bestehen aus recycelten PET-Flaschen mit \u00f6kologischer Latex-Innenbeschichtung.<\/p>\n<p>Erg\u00e4nzend dazu: die <a href=\"https:\/\/www.medewo.com\/at\/gebol-handschuhe-upcycled-touchscreen\">\u00abGEBOL Handschuhe UPCYCLED touchscreen\u00bb<\/a>. Auch hier kommen recycelte PET-Flaschen zum Einsatz \u2013 kombiniert mit atmungsaktivem Material, rutschhemmenden Noppen und Touchscreen-Kompatibilit\u00e4t. Ideal f\u00fcr pr\u00e4zises Arbeiten im Innen- und Au\u00dfenbereich.<\/p>\n<p>                <p class=\"message_box_caption\">\n                                    <\/p>\n            <\/div>\n        [\/vc_column_text][\/vc_column][\/vc_row][vc_row][vc_column width=&#8220;1\/2&#8243;][vc_empty_space][vc_single_image image=&#8220;35867&#8243; img_size=&#8220;full&#8220; css=&#8220;&#8220;][\/vc_column][vc_column width=&#8220;1\/2&#8243;][vc_empty_space][vc_single_image image=&#8220;35873&#8243; img_size=&#8220;full&#8220; css=&#8220;&#8220;][\/vc_column][\/vc_row][vc_row][vc_column][vc_empty_space][vc_column_text]<\/p>\n<h2>Geh\u00f6rschutz<\/h2>\n<p>[\/vc_column_text][vc_empty_space][\/vc_column][\/vc_row][vc_row][vc_column width=&#8220;1\/2&#8243;][vc_column_text]Ein Geh\u00f6rschutz blendet L\u00e4rmquellen aus und schw\u00e4cht sie ab \u2013 eine wichtige Voraussetzung f\u00fcr Arbeiten in lauten Umgebungen. Schlie\u00dflich gibt es im Sinne des Gesundheitsschutzes genaue Regelungen, f\u00fcr welche maximale Zeitspanne Angestellte welchem Dezibel-Pegel ausgesetzt sein d\u00fcrfen. Senken Sie mit dem richtigen Geh\u00f6rschutz den Schallpegel, kann der Mitarbeiter sich auch l\u00e4nger an lauten Orten aufhalten.[\/vc_column_text][\/vc_column][vc_column width=&#8220;1\/2&#8243;][vc_single_image image=&#8220;10539&#8243; img_size=&#8220;full&#8220; alignment=&#8220;right&#8220;][\/vc_column][\/vc_row][vc_row][vc_column][vc_column_text]Ob Kapselgeh\u00f6rschutz oder Geh\u00f6rschutzst\u00f6psel \u2013 in der Norm DIN EN 352 ist genau festgelegt, welche sicherheitstechnischen Anforderungen im Rahmen von Arbeitsschutzbekleidung erf\u00fcllt sein m\u00fcssen, etwa zur Konstruktion, Leistung und Kennzeichnung.<\/p>\n<p>Neben der Zertifizierung nach der genannten Norm ist bei der Wahl des passenden Geh\u00f6rschutzes der Wert SNR (Abk\u00fcrzung f\u00fcr Single Number Rating) wichtig. Er beschreibt den D\u00e4mmwert und somit die Dezibel, um die der Schallpegel reduziert wird. Auch in welchem Frequenzbereichen der Schutz wirkt, ist entscheidend. Je nach Art der Ausr\u00fcstung reduziert der Schutz die Dezibel im Bereich Hochfrequenz, Mittelfrequenz oder Tieffrequenz (H\/M\/L) unterschiedlich.[\/vc_column_text][vc_empty_space][\/vc_column][\/vc_row][vc_row][vc_column width=&#8220;1\/2&#8243;][vc_column_text]<\/p>\n<h3><a href=\"https:\/\/www.medewo.com\/at\/kapselgehoerschutz-plus\">Kapselgeh\u00f6rschutz Plus<\/a><\/h3>\n<p>[\/vc_column_text][vc_empty_space][vc_single_image image=&#8220;30394&#8243; img_size=&#8220;medium&#8220; alignment=&#8220;center&#8220;][vc_empty_space][vc_column_text]Der Kapselgeh\u00f6rschutz Plus ist ein hochwertiger Ohrensch\u00fctzer, der von <strong>au\u00dfen<\/strong> auf die Ohrmuscheln aufgesetzt wird.<\/p>\n<p>Die besonders <strong>weichen Kapseln<\/strong> und der <strong>gepolsterte Kopfb\u00fcgel<\/strong> sorgen f\u00fcr einen hohen Tragekomfort.<\/p>\n<p>Die <strong>stufenlose L\u00e4ngenverstellung<\/strong> bewirkt einen angenehmen Sitz an jedem Kopf.<\/p>\n<p>Damit eignet er sich optimal zur <strong>regelm\u00e4\u00dfigen Nutzung<\/strong>, um eine Lautst\u00e4rke um <strong>32 Dezibel<\/strong> zu d\u00e4mmen.[\/vc_column_text][\/vc_column][vc_column width=&#8220;1\/2&#8243;][vc_column_text]<\/p>\n<h3><a href=\"https:\/\/www.medewo.com\/at\/gehoerschutzstoepsel-nachfuellpackung\">Geh\u00f6rschutzst\u00f6psel<\/a><\/h3>\n<p>[\/vc_column_text][vc_empty_space][vc_single_image image=&#8220;30398&#8243; img_size=&#8220;medium&#8220; alignment=&#8220;center&#8220;][vc_empty_space][vc_column_text]Die Geh\u00f6rschutzst\u00f6psel sind eine ideale Einweg-L\u00f6sung f\u00fcr den Arbeitsschutz.<\/p>\n<p>Sie werden in den Geh\u00f6rgang eingef\u00fchrt und sch\u00fctzen das Geh\u00f6r von <strong>innen<\/strong>.<\/p>\n<p>F\u00fcr Mitarbeiter, die nicht regelm\u00e4\u00dfig in einem lauten Bereich arbeiten, sind Einweg-Geh\u00f6rschutzst\u00f6psel eine <strong>g\u00fcnstige<\/strong> und <strong>hygienische<\/strong> Alternative.<\/p>\n<p>Die <strong>glatte, schmutzabweisende Oberfl\u00e4che<\/strong> und das <strong>hautfreundliche<\/strong> Material Polyurethan sorgen f\u00fcr eine sichere und hygienische Nutzung.<\/p>\n<p>Das weiche Material l\u00e4sst sich sehr gut <strong>verformen<\/strong> und dehnt sich im Ohr wieder aus, sodass die St\u00f6psel angenehm und sicher sitzen.<\/p>\n<p>Sie d\u00e4mmen die Lautst\u00e4rke um <strong>37 Dezibel<\/strong>.[\/vc_column_text][\/vc_column][\/vc_row][vc_row][vc_column][vc_empty_space height=&#8220;30px&#8220;]<style type=\"text\/css\" data-type=\"the7_shortcodes-inline-css\">#default-btn-7543dc24ce0c98f60883f2b5c2efe4c5.ico-right-side > i {\n  margin-right: 0px;\n  margin-left: 8px;\n}\n#default-btn-7543dc24ce0c98f60883f2b5c2efe4c5 > i {\n  margin-right: 8px;\n}<\/style><a href=\"https:\/\/www.medewo.com\/at\/lagersortiment\/lager-und-betriebsbedarf\/arbeitsschutz\/gehoerschutz\/\" class=\"default-btn-shortcode dt-btn dt-btn-m link-hover-off btn-inline-left \" id=\"default-btn-7543dc24ce0c98f60883f2b5c2efe4c5\" title=\"zum Geh\u00f6rschutz-Sortiment\"><span>Zum Geh\u00f6rschutz-Sortiment<\/span><\/a>[vc_empty_space height=&#8220;50px&#8220; el_id=&#8220;schutzbrillen&#8220;][vc_column_text]<\/p>\n<h2>Schutzbrillen<\/h2>\n<p>[\/vc_column_text][vc_empty_space height=&#8220;20px&#8220;][\/vc_column][\/vc_row][vc_row][vc_column width=&#8220;1\/2&#8243;][vc_single_image image=&#8220;30373&#8243; img_size=&#8220;full&#8220; alignment=&#8220;right&#8220;][\/vc_column][vc_column width=&#8220;1\/2&#8243;][vc_column_text]Auch das Gesicht und insbesondere die Augen wollen gesch\u00fctzt sein. Schutzbrillen halten je nach Konstruktion herumfliegende Partikel wie Staub und Sp\u00e4ne oder auch Fl\u00fcssigkeitsspritzer fern. Damit dies gew\u00e4hrleistet wird, beschreibt die DIN EN 166 die grunds\u00e4tzlichen Anforderungen an diese Art von pers\u00f6nlicher Schutzausr\u00fcstung, sei es die Kennzeichnung oder die Voraussetzungen, um die n\u00f6tige Schutzwirkung zu erzielen. Ein fester Bestandteil der Pr\u00fcfung der Brillen ist das Verhalten bei mechanischen Einwirkungen.[\/vc_column_text][\/vc_column][\/vc_row][vc_row][vc_column][vc_empty_space height=&#8220;20px&#8220;][vc_column_text]Um diese mechanische Festigkeit festzulegen, werden die Sichtscheiben mit einer Stahlkugel beschossen. Je nachdem, welcher Aufprallgeschwindigkeit die Brille standh\u00e4lt, erh\u00e4lt der Augenschutz eine der folgenden Kennzeichnungen. Diese findet sich auch als Aufdruck darauf:<\/p>\n<p>S: erh\u00f6hte mechanische Festigkeit (Falltest \u2013 Aufprallgeschwindigkeit von 5,1 m\/s)<br \/>\nF: Sto\u00df mit geringer Energie (Aufprallgeschwindigkeit von 45 m\/s)<br \/>\nB: Sto\u00df mit mittlerer Energie (Aufprallgeschwindigkeit von 120 m\/s)<br \/>\nA: Sto\u00df mit hoher Energie (Aufprallgeschwindigkeit von 190 m\/s)<\/p>\n<p>Je nach Art der Brille (B\u00fcgelbrille oder Vollsichtbrille) sind die m\u00f6glichen Maximalwerte unterschiedlich. So liegt diese bei einer B\u00fcgelbrille in der Kennzeichnung F, bei einer Vollsichtbrille in der Kennzeichnung B. Zus\u00e4tzlich kann die Brille auch vor ultravioletter oder UV-Strahlung sch\u00fctzen. Details dazu sind in der DIN EN 170 sowie 171 festgelegt.[\/vc_column_text][vc_empty_space height=&#8220;20px&#8220;][\/vc_column][\/vc_row][vc_row][vc_column width=&#8220;1\/2&#8243;][vc_column_text]<a href=\"https:\/\/www.medewo.com\/at\/schutzbrille-reflector\">Die Schutzbrille REFLECTOR<\/a>[\/vc_column_text][vc_empty_space height=&#8220;15px&#8220;][vc_single_image image=&#8220;30483&#8243; img_size=&#8220;full&#8220; alignment=&#8220;right&#8220;][\/vc_column][vc_column width=&#8220;1\/2&#8243;][vc_column_text]Diese hochwertige, elastische B\u00fcgelbrille im sportlichen Design bietet idealen Augenschutz bei herumfliegenden Partikeln und Teilchen wie Staub, Sp\u00e4nen und Splittern. Die reflektierenden, gew\u00f6lbten Sichtscheiben gew\u00e4hrleisten guten Augen- und Blendschutz sowie perfekte Farbwahrnehmung nach allen Seiten. Die Schutzbrille garantiert au\u00dferdem uneingeschr\u00e4nkte Rundumsicht. Sie ist durch eine Gummierung des Nasenstegs, der elastischen B\u00fcgel und des Stirnbereichs besonders angenehm zu tragen. Der sichere Sitz ist ideal f\u00fcr den l\u00e4ngeren Einsatz.[\/vc_column_text][\/vc_column][\/vc_row][vc_row][vc_column][vc_empty_space height=&#8220;20px&#8220;]<style type=\"text\/css\" data-type=\"the7_shortcodes-inline-css\">#default-btn-1cf068236d63821fafe4434d5100bc44.ico-right-side > i {\n  margin-right: 0px;\n  margin-left: 8px;\n}\n#default-btn-1cf068236d63821fafe4434d5100bc44 > i {\n  margin-right: 8px;\n}<\/style><a href=\"https:\/\/www.medewo.com\/at\/lagersortiment\/lager-und-betriebsbedarf\/arbeitsschutz\/schutzbrillen\/\" class=\"default-btn-shortcode dt-btn dt-btn-m link-hover-off btn-inline-left \" id=\"default-btn-1cf068236d63821fafe4434d5100bc44\" title=\"Schutzbrillen\"><span>Zum Schutzbrillen-Sortiment<\/span><\/a>[vc_empty_space height=&#8220;20px&#8220; el_id=&#8220;atemschutz&#8220;][vc_column_text]<\/p>\n<h2>Mund- und Atemschutz<\/h2>\n<p>[\/vc_column_text][vc_empty_space height=&#8220;20px&#8220;][\/vc_column][\/vc_row][vc_row][vc_column width=&#8220;1\/2&#8243;][vc_column_text]Bei Schutzmasken muss grunds\u00e4tzlich zwischen Mund- und Atemschutz unterschieden werden. Die fr\u00fchere Bezeichnung von Mundschutz, \u00abGrobstaubmaske\u00bb, deutet bereits an, warum. Eine Mundschutzmaske h\u00e4lt Fl\u00fcssigkeitstr\u00f6pfchen oder grobe Partikel ab, die nicht in die Lunge vordringen w\u00fcrden. Gerade in hygienisch sensiblen Bereichen \u2013 wie etwa Arztpraxen oder der Lebensmittelindustrie \u2013 kommt ein solcher Mund-Nasen-Schutz zum Einsatz.[\/vc_column_text][\/vc_column][vc_column width=&#8220;1\/2&#8243;][vc_single_image image=&#8220;10537&#8243; img_size=&#8220;full&#8220; alignment=&#8220;right&#8220;][\/vc_column][\/vc_row][vc_row][vc_column][vc_column_text]Dabei legt die europ\u00e4ischen Norm 14683 verschiedene Typen fest, die sich in ihrer Filterleistung und dem Atemwiderstand unterscheiden. Je h\u00f6her dabei die Filterleistung und desto geringer der Atemwiderstand, umso besser der Schutz bzw. der Komfort beim Tragen.<\/p>\n<p>Im Gegensatz dazu filtert ein Atemschutz die Luft und mindert Gefahren von beispielsweise Feinstaub-Partikeln, die ohne das Tragen der Maske in die Lunge gelangen k\u00f6nnen.[\/vc_column_text][vc_empty_space height=&#8220;20px&#8220;][\/vc_column][\/vc_row][vc_row][vc_column][vc_column_text]Filtrierende Halbmasken werden dabei nach der EN 149 zertifiziert und nach deren Vorgaben gekennzeichnet. So z\u00e4hlen die Masken zu einer von drei Schutzklassen, genannt FFP (filtering face piece). W\u00e4hrend FFP 1 vor ungiftigen St\u00e4uben sch\u00fctzt, beugt FFP 2 gesundheitssch\u00e4dlichen St\u00e4uben, Rauch und Aerosolen vor. Die h\u00f6chste Sicherheit bietet FFP 3, n\u00e4mlich vor giftigen St\u00e4uben.<\/p>\n<p>Zus\u00e4tzlich gibt die Kennzeichnung Auskunft dar\u00fcber, ob die Maske mehrmals \u2013 nach Desinfektion \u2013 getragen werden kann (\u00abR\u00bb \u2013 reusable) oder f\u00fcr den einmaligen Gebrauch (\u00abNR\u00bb \u2013 not reusable)[\/vc_column_text][\/vc_column][\/vc_row][vc_row][vc_column][vc_column_text]gedacht ist. Der Buchstabe \u00abD\u00bb zeigt dar\u00fcber hinaus an, dass die Maske die sogenannte Dolomitstaubpr\u00fcfung bestanden hat. Hier wird die Qualit\u00e4t best\u00e4tigt, dass die Ausr\u00fcstung auch nach l\u00e4ngerem Einsatz noch einen geringen Atemwiderstand und die ben\u00f6tigte Filterleistung bietet.[\/vc_column_text][vc_empty_space height=&#8220;20px&#8220;][\/vc_column][\/vc_row][vc_row][vc_column width=&#8220;1\/2&#8243;][vc_column_text]<\/p>\n<h3>Atemschutzmaske ohne Ventil<\/h3>\n<p>[\/vc_column_text][vc_empty_space height=&#8220;20px&#8220;][vc_single_image image=&#8220;30378&#8243; img_size=&#8220;full&#8220;][vc_empty_space height=&#8220;20px&#8220;][vc_column_text]<\/p>\n<ul>\n<li><strong>5<\/strong>-lagig<\/li>\n<li>Einweg (bis max. 8 Stunden)<\/li>\n<li>Schutz gegen Aerosole, Tr\u00f6pfchen, <strong>Rauch<\/strong> und Staub<\/li>\n<li>Bequeme, runde Passform<\/li>\n<li>weiches, hautfreundliches <strong>High-Tech-Vlies<\/strong><\/li>\n<li>mit anpassbarem <strong>Nasenb\u00fcgel<\/strong><\/li>\n<li>elastische Ohrenschlaufen<\/li>\n<\/ul>\n<p>[\/vc_column_text][\/vc_column][vc_column width=&#8220;1\/2&#8243;][vc_column_text]<\/p>\n<h3>Atemschutzmaske mit Ventil<\/h3>\n<p>[\/vc_column_text][vc_empty_space height=&#8220;35px&#8220;][vc_single_image image=&#8220;30386&#8243; img_size=&#8220;full&#8220;][vc_empty_space height=&#8220;20px&#8220;][vc_column_text]<\/p>\n<ul>\n<li>3-schichtig<\/li>\n<li>Einweg<\/li>\n<li>Schutz f\u00fcr Nase und Mund gegen Staub, <strong>feine Partikel<\/strong>, Tr\u00f6pfchen, Aerosole, <strong>Ger\u00fcche<\/strong><\/li>\n<li>Bequeme, runde Passform<\/li>\n<li>Weiches, hautfreundliches <strong>Schaumstoffpolster<\/strong> f\u00fcr einen angenehmen Sitz im Nasenbereich<\/li>\n<li>Flexibles, <strong>latexfreies<\/strong> Gummiband<\/li>\n<li><strong>Ausatemventil<\/strong> reduziert Feuchtigkeit und W\u00e4rme in der Maske<\/li>\n<\/ul>\n<p>[\/vc_column_text][\/vc_column][\/vc_row][vc_row][vc_column][vc_empty_space height=&#8220;20px&#8220;]<style type=\"text\/css\" data-type=\"the7_shortcodes-inline-css\">#default-btn-91fc12975e400f39d0b9920233bb7a4c.ico-right-side > i {\n  margin-right: 0px;\n  margin-left: 8px;\n}\n#default-btn-91fc12975e400f39d0b9920233bb7a4c > i {\n  margin-right: 8px;\n}<\/style><div class=\"btn-align-left\"><a href=\"https:\/\/www.medewo.com\/at\/lagersortiment\/lager-und-betriebsbedarf\/arbeitsschutz\/mund-und-atemschutz\/\" class=\"default-btn-shortcode dt-btn dt-btn-m link-hover-off \" id=\"default-btn-91fc12975e400f39d0b9920233bb7a4c\" title=\"Zum Mund- und Atemschutz-Sortiment\"><span>Zum Mund- und Atemschutz-Sortiment<\/span><\/a><\/div>[vc_empty_space height=&#8220;20px&#8220;][vc_column_text]So sorgen Sie f\u00fcr eine optimale Schutzausr\u00fcstung![\/vc_column_text][vc_empty_space][\/vc_column][\/vc_row][vc_row][vc_column][vc_column_text]Gerne beraten Sie die MEDEWO-Experten zur f\u00fcr Sie idealen Schutzausr\u00fcstung.[\/vc_column_text][vc_empty_space]<style type=\"text\/css\" data-type=\"the7_shortcodes-inline-css\">#default-btn-19c39f678eea00e9667762781d3ae358.ico-right-side > i {\n  margin-right: 0px;\n  margin-left: 8px;\n}\n#default-btn-19c39f678eea00e9667762781d3ae358 > i {\n  margin-right: 8px;\n}<\/style><a href=\"https:\/\/www.medewo.com\/blog\/de\/kontakt\/\" class=\"default-btn-shortcode dt-btn dt-btn-m link-hover-off btn-inline-left \" id=\"default-btn-19c39f678eea00e9667762781d3ae358\" title=\"Zum MEDEWO Kontakt\"><span>Kontaktieren Sie uns<\/span><\/a>[\/vc_column][\/vc_row]<\/p>\n<\/div>","protected":false},"excerpt":{"rendered":"<p>Vorbeugen ist der beste Schutz f\u00fcr Ihre Mitarbeiter. Deshalb geh\u00f6ren auch diese \u00abgut verpackt\u00bb!<\/p>\n","protected":false},"author":1,"featured_media":17579,"comment_status":"open","ping_status":"open","sticky":false,"template":"","format":"standard","meta":{"pgc_sgb_lightbox_settings":"","footnotes":""},"categories":[447],"tags":[5357,5358,5359,5360,5361,5362,5363],"m2-product-id":[5101,5102,5103,5104,5105,5106,5108,5109,5110,5111,5112,5113,5114,5115,5116,5117,5118,5119,5120],"class_list":["post-16417","post","type-post","status-publish","format-standard","has-post-thumbnail","hentry","category-produkte","tag-arbeitsschutz-at","tag-atemschutz-at","tag-gehoerschutz-at","tag-handschuhe-at","tag-psa-at","tag-schutzausruestung-at","tag-schutzbrillen-at","category-447","description-off"],"yoast_head":"<!-- This site is optimized with the Yoast SEO plugin v27.1.1 - https:\/\/yoast.com\/product\/yoast-seo-wordpress\/ -->\n<title>Pers\u00f6nliche Schutzausr\u00fcstung: Unverzichtbar f\u00fcr Ihre Sicherheit - MEDEWO Verpackungen<\/title>\n<meta name=\"robots\" content=\"index, follow, max-snippet:-1, max-image-preview:large, max-video-preview:-1\" \/>\n<link rel=\"canonical\" href=\"https:\/\/www.medewo.com\/blog\/at\/produkte\/ueberblick-arbeitsschutz-psa\/\" \/>\n<meta property=\"og:locale\" content=\"de_DE\" \/>\n<meta property=\"og:type\" content=\"article\" \/>\n<meta property=\"og:title\" content=\"Pers\u00f6nliche Schutzausr\u00fcstung: Unverzichtbar f\u00fcr Ihre Sicherheit - MEDEWO Verpackungen\" \/>\n<meta property=\"og:description\" content=\"Vorbeugen ist der beste Schutz f\u00fcr Ihre Mitarbeiter. Deshalb geh\u00f6ren auch diese \u00abgut verpackt\u00bb!\" \/>\n<meta property=\"og:url\" content=\"https:\/\/www.medewo.com\/blog\/at\/produkte\/ueberblick-arbeitsschutz-psa\/\" \/>\n<meta property=\"og:site_name\" content=\"MEDEWO Verpackungen\" \/>\n<meta property=\"article:published_time\" content=\"2024-06-11T12:35:00+00:00\" \/>\n<meta property=\"article:modified_time\" content=\"2025-07-22T12:54:49+00:00\" \/>\n<meta property=\"og:image\" content=\"https:\/\/www.medewo.com\/blog\/wp-content\/uploads\/2020\/06\/hb_arbeitsschutz_2020.png\" \/>\n\t<meta property=\"og:image:width\" content=\"775\" \/>\n\t<meta property=\"og:image:height\" content=\"519\" \/>\n\t<meta property=\"og:image:type\" content=\"image\/png\" \/>\n<meta name=\"author\" content=\"admin\" \/>\n<meta name=\"twitter:card\" content=\"summary_large_image\" \/>\n<meta name=\"twitter:label1\" content=\"Verfasst von\" \/>\n\t<meta name=\"twitter:data1\" content=\"admin\" \/>\n\t<meta name=\"twitter:label2\" content=\"Gesch\u00e4tzte Lesezeit\" \/>\n\t<meta name=\"twitter:data2\" content=\"8 Minuten\" \/>\n<script type=\"application\/ld+json\" class=\"yoast-schema-graph\">{\"@context\":\"https:\/\/schema.org\",\"@graph\":[{\"@type\":\"Article\",\"@id\":\"https:\/\/www.medewo.com\/blog\/at\/produkte\/ueberblick-arbeitsschutz-psa\/#article\",\"isPartOf\":{\"@id\":\"https:\/\/www.medewo.com\/blog\/at\/produkte\/ueberblick-arbeitsschutz-psa\/\"},\"author\":{\"name\":\"admin\",\"@id\":\"https:\/\/www.medewo.com\/blog\/at\/#\/schema\/person\/84e17ff7dbd20461267b403e9de6651a\"},\"headline\":\"Pers\u00f6nliche Schutzausr\u00fcstung: Unverzichtbar f\u00fcr Ihre Sicherheit\",\"datePublished\":\"2024-06-11T12:35:00+00:00\",\"dateModified\":\"2025-07-22T12:54:49+00:00\",\"mainEntityOfPage\":{\"@id\":\"https:\/\/www.medewo.com\/blog\/at\/produkte\/ueberblick-arbeitsschutz-psa\/\"},\"wordCount\":2348,\"commentCount\":1,\"publisher\":{\"@id\":\"https:\/\/www.medewo.com\/blog\/at\/#organization\"},\"image\":{\"@id\":\"https:\/\/www.medewo.com\/blog\/at\/produkte\/ueberblick-arbeitsschutz-psa\/#primaryimage\"},\"thumbnailUrl\":\"https:\/\/www.medewo.com\/blog\/wp-content\/uploads\/2020\/06\/hb_arbeitsschutz_2020.png\",\"keywords\":[\"Arbeitsschutz\",\"Atemschutz\",\"Geh\u00f6rschutz\",\"Handschuhe\",\"PSA\",\"Schutzausr\u00fcstung\",\"Schutzbrillen\"],\"articleSection\":[\"Produkte\"],\"inLanguage\":\"de-AT\",\"potentialAction\":[{\"@type\":\"CommentAction\",\"name\":\"Comment\",\"target\":[\"https:\/\/www.medewo.com\/blog\/at\/produkte\/ueberblick-arbeitsschutz-psa\/#respond\"]}]},{\"@type\":\"WebPage\",\"@id\":\"https:\/\/www.medewo.com\/blog\/at\/produkte\/ueberblick-arbeitsschutz-psa\/\",\"url\":\"https:\/\/www.medewo.com\/blog\/at\/produkte\/ueberblick-arbeitsschutz-psa\/\",\"name\":\"Pers\u00f6nliche Schutzausr\u00fcstung: Unverzichtbar f\u00fcr Ihre Sicherheit - MEDEWO Verpackungen\",\"isPartOf\":{\"@id\":\"https:\/\/www.medewo.com\/blog\/at\/#website\"},\"primaryImageOfPage\":{\"@id\":\"https:\/\/www.medewo.com\/blog\/at\/produkte\/ueberblick-arbeitsschutz-psa\/#primaryimage\"},\"image\":{\"@id\":\"https:\/\/www.medewo.com\/blog\/at\/produkte\/ueberblick-arbeitsschutz-psa\/#primaryimage\"},\"thumbnailUrl\":\"https:\/\/www.medewo.com\/blog\/wp-content\/uploads\/2020\/06\/hb_arbeitsschutz_2020.png\",\"datePublished\":\"2024-06-11T12:35:00+00:00\",\"dateModified\":\"2025-07-22T12:54:49+00:00\",\"breadcrumb\":{\"@id\":\"https:\/\/www.medewo.com\/blog\/at\/produkte\/ueberblick-arbeitsschutz-psa\/#breadcrumb\"},\"inLanguage\":\"de-AT\",\"potentialAction\":[{\"@type\":\"ReadAction\",\"target\":[\"https:\/\/www.medewo.com\/blog\/at\/produkte\/ueberblick-arbeitsschutz-psa\/\"]}]},{\"@type\":\"ImageObject\",\"inLanguage\":\"de-AT\",\"@id\":\"https:\/\/www.medewo.com\/blog\/at\/produkte\/ueberblick-arbeitsschutz-psa\/#primaryimage\",\"url\":\"https:\/\/www.medewo.com\/blog\/wp-content\/uploads\/2020\/06\/hb_arbeitsschutz_2020.png\",\"contentUrl\":\"https:\/\/www.medewo.com\/blog\/wp-content\/uploads\/2020\/06\/hb_arbeitsschutz_2020.png\",\"width\":775,\"height\":519,\"caption\":\"Diese Ausr\u00fcstung geh\u00f6rt zum Arbeitsschutz\"},{\"@type\":\"BreadcrumbList\",\"@id\":\"https:\/\/www.medewo.com\/blog\/at\/produkte\/ueberblick-arbeitsschutz-psa\/#breadcrumb\",\"itemListElement\":[{\"@type\":\"ListItem\",\"position\":1,\"name\":\"Startseite\",\"item\":\"https:\/\/www.medewo.com\/blog\/at\/\"},{\"@type\":\"ListItem\",\"position\":2,\"name\":\"Pers\u00f6nliche Schutzausr\u00fcstung: Unverzichtbar f\u00fcr Ihre Sicherheit\"}]},{\"@type\":\"WebSite\",\"@id\":\"https:\/\/www.medewo.com\/blog\/at\/#website\",\"url\":\"https:\/\/www.medewo.com\/blog\/at\/\",\"name\":\"MEDEWO Verpackungen\",\"description\":\"News\",\"publisher\":{\"@id\":\"https:\/\/www.medewo.com\/blog\/at\/#organization\"},\"potentialAction\":[{\"@type\":\"SearchAction\",\"target\":{\"@type\":\"EntryPoint\",\"urlTemplate\":\"https:\/\/www.medewo.com\/blog\/at\/?s={search_term_string}\"},\"query-input\":{\"@type\":\"PropertyValueSpecification\",\"valueRequired\":true,\"valueName\":\"search_term_string\"}}],\"inLanguage\":\"de-AT\"},{\"@type\":\"Organization\",\"@id\":\"https:\/\/www.medewo.com\/blog\/at\/#organization\",\"name\":\"MEDEWO\",\"url\":\"https:\/\/www.medewo.com\/blog\/at\/\",\"logo\":{\"@type\":\"ImageObject\",\"inLanguage\":\"de-AT\",\"@id\":\"https:\/\/www.medewo.com\/blog\/at\/#\/schema\/logo\/image\/\",\"url\":\"https:\/\/www.medewo.com\/blog\/wp-content\/uploads\/2022\/03\/medewo-logo-claim-quer-2.png\",\"contentUrl\":\"https:\/\/www.medewo.com\/blog\/wp-content\/uploads\/2022\/03\/medewo-logo-claim-quer-2.png\",\"width\":350,\"height\":63,\"caption\":\"MEDEWO\"},\"image\":{\"@id\":\"https:\/\/www.medewo.com\/blog\/at\/#\/schema\/logo\/image\/\"}},{\"@type\":\"Person\",\"@id\":\"https:\/\/www.medewo.com\/blog\/at\/#\/schema\/person\/84e17ff7dbd20461267b403e9de6651a\",\"name\":\"admin\",\"image\":{\"@type\":\"ImageObject\",\"inLanguage\":\"de-AT\",\"@id\":\"https:\/\/www.medewo.com\/blog\/at\/#\/schema\/person\/image\/\",\"url\":\"https:\/\/secure.gravatar.com\/avatar\/db2d5032d48e0c5ea69810e41539f6f14a63a77bccab5e2b2c7ed6f1712f7e3f?s=96&d=blank&r=g\",\"contentUrl\":\"https:\/\/secure.gravatar.com\/avatar\/db2d5032d48e0c5ea69810e41539f6f14a63a77bccab5e2b2c7ed6f1712f7e3f?s=96&d=blank&r=g\",\"caption\":\"admin\"}}]}<\/script>\n<!-- \/ Yoast SEO plugin. -->","yoast_head_json":{"title":"Pers\u00f6nliche Schutzausr\u00fcstung: Unverzichtbar f\u00fcr Ihre Sicherheit - MEDEWO Verpackungen","robots":{"index":"index","follow":"follow","max-snippet":"max-snippet:-1","max-image-preview":"max-image-preview:large","max-video-preview":"max-video-preview:-1"},"canonical":"https:\/\/www.medewo.com\/blog\/at\/produkte\/ueberblick-arbeitsschutz-psa\/","og_locale":"de_DE","og_type":"article","og_title":"Pers\u00f6nliche Schutzausr\u00fcstung: Unverzichtbar f\u00fcr Ihre Sicherheit - MEDEWO Verpackungen","og_description":"Vorbeugen ist der beste Schutz f\u00fcr Ihre Mitarbeiter. Deshalb geh\u00f6ren auch diese \u00abgut verpackt\u00bb!","og_url":"https:\/\/www.medewo.com\/blog\/at\/produkte\/ueberblick-arbeitsschutz-psa\/","og_site_name":"MEDEWO Verpackungen","article_published_time":"2024-06-11T12:35:00+00:00","article_modified_time":"2025-07-22T12:54:49+00:00","og_image":[{"width":775,"height":519,"url":"https:\/\/www.medewo.com\/blog\/wp-content\/uploads\/2020\/06\/hb_arbeitsschutz_2020.png","type":"image\/png"}],"author":"admin","twitter_card":"summary_large_image","twitter_misc":{"Verfasst von":"admin","Gesch\u00e4tzte Lesezeit":"8 Minuten"},"schema":{"@context":"https:\/\/schema.org","@graph":[{"@type":"Article","@id":"https:\/\/www.medewo.com\/blog\/at\/produkte\/ueberblick-arbeitsschutz-psa\/#article","isPartOf":{"@id":"https:\/\/www.medewo.com\/blog\/at\/produkte\/ueberblick-arbeitsschutz-psa\/"},"author":{"name":"admin","@id":"https:\/\/www.medewo.com\/blog\/at\/#\/schema\/person\/84e17ff7dbd20461267b403e9de6651a"},"headline":"Pers\u00f6nliche Schutzausr\u00fcstung: Unverzichtbar f\u00fcr Ihre Sicherheit","datePublished":"2024-06-11T12:35:00+00:00","dateModified":"2025-07-22T12:54:49+00:00","mainEntityOfPage":{"@id":"https:\/\/www.medewo.com\/blog\/at\/produkte\/ueberblick-arbeitsschutz-psa\/"},"wordCount":2348,"commentCount":1,"publisher":{"@id":"https:\/\/www.medewo.com\/blog\/at\/#organization"},"image":{"@id":"https:\/\/www.medewo.com\/blog\/at\/produkte\/ueberblick-arbeitsschutz-psa\/#primaryimage"},"thumbnailUrl":"https:\/\/www.medewo.com\/blog\/wp-content\/uploads\/2020\/06\/hb_arbeitsschutz_2020.png","keywords":["Arbeitsschutz","Atemschutz","Geh\u00f6rschutz","Handschuhe","PSA","Schutzausr\u00fcstung","Schutzbrillen"],"articleSection":["Produkte"],"inLanguage":"de-AT","potentialAction":[{"@type":"CommentAction","name":"Comment","target":["https:\/\/www.medewo.com\/blog\/at\/produkte\/ueberblick-arbeitsschutz-psa\/#respond"]}]},{"@type":"WebPage","@id":"https:\/\/www.medewo.com\/blog\/at\/produkte\/ueberblick-arbeitsschutz-psa\/","url":"https:\/\/www.medewo.com\/blog\/at\/produkte\/ueberblick-arbeitsschutz-psa\/","name":"Pers\u00f6nliche Schutzausr\u00fcstung: Unverzichtbar f\u00fcr Ihre Sicherheit - MEDEWO Verpackungen","isPartOf":{"@id":"https:\/\/www.medewo.com\/blog\/at\/#website"},"primaryImageOfPage":{"@id":"https:\/\/www.medewo.com\/blog\/at\/produkte\/ueberblick-arbeitsschutz-psa\/#primaryimage"},"image":{"@id":"https:\/\/www.medewo.com\/blog\/at\/produkte\/ueberblick-arbeitsschutz-psa\/#primaryimage"},"thumbnailUrl":"https:\/\/www.medewo.com\/blog\/wp-content\/uploads\/2020\/06\/hb_arbeitsschutz_2020.png","datePublished":"2024-06-11T12:35:00+00:00","dateModified":"2025-07-22T12:54:49+00:00","breadcrumb":{"@id":"https:\/\/www.medewo.com\/blog\/at\/produkte\/ueberblick-arbeitsschutz-psa\/#breadcrumb"},"inLanguage":"de-AT","potentialAction":[{"@type":"ReadAction","target":["https:\/\/www.medewo.com\/blog\/at\/produkte\/ueberblick-arbeitsschutz-psa\/"]}]},{"@type":"ImageObject","inLanguage":"de-AT","@id":"https:\/\/www.medewo.com\/blog\/at\/produkte\/ueberblick-arbeitsschutz-psa\/#primaryimage","url":"https:\/\/www.medewo.com\/blog\/wp-content\/uploads\/2020\/06\/hb_arbeitsschutz_2020.png","contentUrl":"https:\/\/www.medewo.com\/blog\/wp-content\/uploads\/2020\/06\/hb_arbeitsschutz_2020.png","width":775,"height":519,"caption":"Diese Ausr\u00fcstung geh\u00f6rt zum Arbeitsschutz"},{"@type":"BreadcrumbList","@id":"https:\/\/www.medewo.com\/blog\/at\/produkte\/ueberblick-arbeitsschutz-psa\/#breadcrumb","itemListElement":[{"@type":"ListItem","position":1,"name":"Startseite","item":"https:\/\/www.medewo.com\/blog\/at\/"},{"@type":"ListItem","position":2,"name":"Pers\u00f6nliche Schutzausr\u00fcstung: Unverzichtbar f\u00fcr Ihre Sicherheit"}]},{"@type":"WebSite","@id":"https:\/\/www.medewo.com\/blog\/at\/#website","url":"https:\/\/www.medewo.com\/blog\/at\/","name":"MEDEWO Verpackungen","description":"News","publisher":{"@id":"https:\/\/www.medewo.com\/blog\/at\/#organization"},"potentialAction":[{"@type":"SearchAction","target":{"@type":"EntryPoint","urlTemplate":"https:\/\/www.medewo.com\/blog\/at\/?s={search_term_string}"},"query-input":{"@type":"PropertyValueSpecification","valueRequired":true,"valueName":"search_term_string"}}],"inLanguage":"de-AT"},{"@type":"Organization","@id":"https:\/\/www.medewo.com\/blog\/at\/#organization","name":"MEDEWO","url":"https:\/\/www.medewo.com\/blog\/at\/","logo":{"@type":"ImageObject","inLanguage":"de-AT","@id":"https:\/\/www.medewo.com\/blog\/at\/#\/schema\/logo\/image\/","url":"https:\/\/www.medewo.com\/blog\/wp-content\/uploads\/2022\/03\/medewo-logo-claim-quer-2.png","contentUrl":"https:\/\/www.medewo.com\/blog\/wp-content\/uploads\/2022\/03\/medewo-logo-claim-quer-2.png","width":350,"height":63,"caption":"MEDEWO"},"image":{"@id":"https:\/\/www.medewo.com\/blog\/at\/#\/schema\/logo\/image\/"}},{"@type":"Person","@id":"https:\/\/www.medewo.com\/blog\/at\/#\/schema\/person\/84e17ff7dbd20461267b403e9de6651a","name":"admin","image":{"@type":"ImageObject","inLanguage":"de-AT","@id":"https:\/\/www.medewo.com\/blog\/at\/#\/schema\/person\/image\/","url":"https:\/\/secure.gravatar.com\/avatar\/db2d5032d48e0c5ea69810e41539f6f14a63a77bccab5e2b2c7ed6f1712f7e3f?s=96&d=blank&r=g","contentUrl":"https:\/\/secure.gravatar.com\/avatar\/db2d5032d48e0c5ea69810e41539f6f14a63a77bccab5e2b2c7ed6f1712f7e3f?s=96&d=blank&r=g","caption":"admin"}}]}},"magento_index":true,"_links":{"self":[{"href":"https:\/\/www.medewo.com\/blog\/at\/wp-json\/wp\/v2\/posts\/16417","targetHints":{"allow":["GET"]}}],"collection":[{"href":"https:\/\/www.medewo.com\/blog\/at\/wp-json\/wp\/v2\/posts"}],"about":[{"href":"https:\/\/www.medewo.com\/blog\/at\/wp-json\/wp\/v2\/types\/post"}],"author":[{"embeddable":true,"href":"https:\/\/www.medewo.com\/blog\/at\/wp-json\/wp\/v2\/users\/1"}],"replies":[{"embeddable":true,"href":"https:\/\/www.medewo.com\/blog\/at\/wp-json\/wp\/v2\/comments?post=16417"}],"version-history":[{"count":37,"href":"https:\/\/www.medewo.com\/blog\/at\/wp-json\/wp\/v2\/posts\/16417\/revisions"}],"predecessor-version":[{"id":35879,"href":"https:\/\/www.medewo.com\/blog\/at\/wp-json\/wp\/v2\/posts\/16417\/revisions\/35879"}],"wp:featuredmedia":[{"embeddable":true,"href":"https:\/\/www.medewo.com\/blog\/at\/wp-json\/wp\/v2\/media\/17579"}],"wp:attachment":[{"href":"https:\/\/www.medewo.com\/blog\/at\/wp-json\/wp\/v2\/media?parent=16417"}],"wp:term":[{"taxonomy":"category","embeddable":true,"href":"https:\/\/www.medewo.com\/blog\/at\/wp-json\/wp\/v2\/categories?post=16417"},{"taxonomy":"post_tag","embeddable":true,"href":"https:\/\/www.medewo.com\/blog\/at\/wp-json\/wp\/v2\/tags?post=16417"},{"taxonomy":"m2-product-id","embeddable":true,"href":"https:\/\/www.medewo.com\/blog\/at\/wp-json\/wp\/v2\/m2-product-id?post=16417"}],"curies":[{"name":"wp","href":"https:\/\/api.w.org\/{rel}","templated":true}]}}