{"id":16325,"date":"2017-07-07T00:00:00","date_gmt":"2017-07-06T22:00:00","guid":{"rendered":"https:\/\/www.medewo.com\/blog\/uncategorized-at\/wenn-klebeband-zur-kunst-wird\/"},"modified":"2024-07-23T09:21:38","modified_gmt":"2024-07-23T07:21:38","slug":"wenn-klebeband-zur-kunst-wird","status":"publish","type":"post","link":"https:\/\/www.medewo.com\/blog\/at\/loesungen\/wenn-klebeband-zur-kunst-wird\/","title":{"rendered":"Wenn Klebeband zur Kunst wird"},"content":{"rendered":"<p><strong>Ein Tr\u00e4germaterial versehen mit einem Klebstoff \u2013 das \u00abschlichte\u00bb Selbstklebeband ist aus der Verpackungsbranche nicht wegzudenken. Sicher und zuverl\u00e4ssig verschlie\u00dft es Tag f\u00fcr Tag Pakete. Dabei kommt es l\u00e4ngst nicht mehr nur im Versand oder der Industrie zum Einsatz: Klebeband erobert inzwischen die Kunstwelt.<\/strong><\/p>\n<p>Bunte Graffitis dominieren das Bild, das viele von Kunst im \u00f6ffentlichen Raum haben. Das k\u00f6nnte sich aber \u00e4ndern, denn statt zur Spraydose greifen immer mehr Street Art K\u00fcnstler zum <a title=\"Wissenswertes zu Klebeband\" href=\"https:\/\/www.medewo.com\/blog\/at\/produkte\/clever-kleben\/\">Klebeband<\/a>. Entstanden ist diese Form der Urban Art schon in den 60er Jahren, fristete aber \u00fcber eine lange Zeit ein Nischendasein. Mittlerweile zieht Tape Art immer mehr Menschen in ihren Bann. Seit gut zehn Jahren etablieren sich Schaffende in der Kunstszene \u2013 von Berlin, \u00fcber New York bis Melbourne. So gilt die Kunst mit dem Klebeband mittlerweile als \u00abdas neue Graffiti\u00bb im \u00f6ffentlichen Raum. Und das, im Gegensatz zu den Spr\u00fchfarben, ohne ihn zu besch\u00e4digen, da es leicht wieder entfernt werden kann.<\/p>\n<h2>Ein Material \u2013 1000 Kunstwerke<\/h2>\n<p>Was simpel klingen mag, stellt die K\u00fcnstler vor ganz eigene Herausforderungen. So sind sie beschr\u00e4nkt, was das Material in Farben und Ma\u00dfen betrifft. Einzig mit <a title=\"Sicherheitsmesser von MEDEWO\" href=\"https:\/\/www.medewo.com\/at\/sicherheitsmesser-automatik\">Sicherheitsmessern<\/a> oder Skalpellen bearbeiten sie das Band. Umso faszinierender ist die Vielfalt an Kunstwerken, die dabei entsteht: ob auf Holz, Glas oder Metall, auf einer Leinwand, einer Fassade oder einem M\u00f6belst\u00fcck. Die Werke spielen mit geometrischen Formen, R\u00e4umen und Medien.<\/p>\n<div id=\"attachment_3014\" style=\"width: 700px\" class=\"wp-caption alignleft\"><img decoding=\"async\" aria-describedby=\"caption-attachment-3014\" class=\"wp-image-3014 size-large\" title=\"Klebeband-Kunst von Slava Ostap und Buff Diss\" src=\"https:\/\/www.medewo.com\/blog\/wp-content\/uploads\/2017\/07\/Tape-Art-1-1024x341.png\" alt=\"Klebeband-Kunst von Slava Ostap und Buff Diss\" width=\"690\" height=\"230\" srcset=\"https:\/\/www.medewo.com\/blog\/wp-content\/uploads\/2017\/07\/Tape-Art-1-1024x341.png 1024w, https:\/\/www.medewo.com\/blog\/wp-content\/uploads\/2017\/07\/Tape-Art-1-300x100.png 300w, https:\/\/www.medewo.com\/blog\/wp-content\/uploads\/2017\/07\/Tape-Art-1-768x256.png 768w, https:\/\/www.medewo.com\/blog\/wp-content\/uploads\/2017\/07\/Tape-Art-1.png 1380w\" sizes=\"(max-width: 690px) 100vw, 690px\" \/><p id=\"caption-attachment-3014\" class=\"wp-caption-text\">v.l.n.r \u00a9 Slava Ostap, \u00a9 Buff Diss, \u00a9 Slava Ostap<\/p><\/div>\n<p>Einer der Pioniere der Klebebandkunst macht es vor: Der Australier Buff Diss zeigt in seinen Werken, wie Kunst in Form des Packbands mit Architektur spielen kann, sie unterbrechen und auf unerwartete Weise den \u00f6ffentlichen Raum verwandeln kann. Er begann seine k\u00fcnstlerischen Werdegang mit Graffitis und entdeckte 2005 \u2013 wie so viele nach ihm \u2013 das Klebeband als Ausdrucksform f\u00fcr sich. Andere K\u00fcnstler formen mit den B\u00e4ndern ganze Skulpturen, arbeiten mit beklebten und beleuchteten Glasscheiben oder schaffen auf Leinw\u00e4nden Bilder. Beim Tape Mapping verbinden sie das Verpackungsmaterial mit Projektionen und lassen so mit Hilfe visueller Effekte Kunstwerke entstehen.<\/p>\n<div id=\"attachment_3015\" style=\"width: 700px\" class=\"wp-caption alignleft\"><img decoding=\"async\" aria-describedby=\"caption-attachment-3015\" class=\"wp-image-3015 size-large\" title=\"Klebeband-Kunst von Jay Walker, Max Zorn &amp; Slava Ostap\" src=\"https:\/\/www.medewo.com\/blog\/wp-content\/uploads\/2017\/07\/Tape-Art-2-1024x341.png\" alt=\"Klebeband-Kunst von Jay Walker, Max Zorn &amp; Slava Ostap\" width=\"690\" height=\"230\" srcset=\"https:\/\/www.medewo.com\/blog\/wp-content\/uploads\/2017\/07\/Tape-Art-2-1024x341.png 1024w, https:\/\/www.medewo.com\/blog\/wp-content\/uploads\/2017\/07\/Tape-Art-2-300x100.png 300w, https:\/\/www.medewo.com\/blog\/wp-content\/uploads\/2017\/07\/Tape-Art-2-768x256.png 768w, https:\/\/www.medewo.com\/blog\/wp-content\/uploads\/2017\/07\/Tape-Art-2.png 1380w\" sizes=\"(max-width: 690px) 100vw, 690px\" \/><p id=\"caption-attachment-3015\" class=\"wp-caption-text\">v.l.n.r \u00a9 Jay Walker, \u00a9 Max Zorn, \u00a9 Slava Ostap<\/p><\/div>\n<h2>Ausstellungsw\u00fcrdiges Klebeband<\/h2>\n<p>Immer mehr wird Tape Art daher in der \u00d6ffentlichkeit wahrgenommen, in Ausstellungen gezeigt und auch von Firmen f\u00fcr sich entdeckt. In Deutschland sorgte etwa der K\u00fcnstler El Bocho f\u00fcr Aufsehen, als er 2009 ein leerstehendes Schwimmbad im Berliner Stadtteil Wedding beklebte und damit das damals gr\u00f6\u00dfte Tape-Art-Bild der Welt schuf. Auch Unternehmen wie Audi oder Maserati sind von dieser Kunstart angetan und engagierten f\u00fcr Events das Kollektiv \u00abTape That\u00bb aus Berlin. Auch die Deutsche Bahn lie\u00df von den kreativen Klebern schon die Glasfassade des Berliner Hauptbahnhofes gestalten.<\/p>\n<p>An mehr Aufmerksamkeit f\u00fcr ihr Schaffen arbeiten die K\u00fcnstler beharrlich. Auch die Vernetzung untereinander spielt eine immer gr\u00f6\u00dfere Rolle. Der letzte Meilenstein war dabei 2016 eine erste internationale Gruppenausstellung in Berlin, die Tape Art Convention.<\/p>\n<p><iframe src=\"\/\/www.youtube.com\/embed\/ZwD-K2CuKTM\" width=\"560\" height=\"315\" frameborder=\"0\" allowfullscreen=\"allowfullscreen\" data-mce-fragment=\"1\"><\/iframe><\/p>\n<p>Vier Wochen lang konnten Besucher Bilder, Skulpturen oder Installationen bewundern und diese Kunstrichtung f\u00fcr sich entdecken. Die n\u00e4chste Ausstellung ist schon f\u00fcr 2017 geplant \u2013 um den Weg des Klebebands in die Museen dieser Welt weiter zu ebnen.<\/p>\n<p><em>Sie interessieren sich f\u00fcr Tape Art?<\/em><\/p>\n<ul>\n<li>Informationen zur n\u00e4chsten Tape Art Convention finden Sie auf <a title=\"Tape Art Convention\" href=\"https:\/\/www.tapeartconvention.com\/\" target=\"_blank\" rel=\"noopener noreferrer\">deren Website<\/a><\/li>\n<li>Werke verschiedener K\u00fcnstler stellt der Blog <a title=\"Zum Blog THE WORLD OF TAPE ART\" href=\"https:\/\/www.tape-art.de\/\" target=\"_blank\" rel=\"noopener noreferrer\">THE WORLD OF TAPE ART<\/a> vor<\/li>\n<li>Das K\u00fcnstlerkollektiv \u00abKlebebande\u00bb gibt in ihrem Buch <a title=\"\u00abTape Art\u00bb\" href=\"https:\/\/www.haupt.ch\/Verlag\/Buecher\/Gestalten\/Schrift-Kunst-Zeichnen\/Tape-Art.html\" target=\"_blank\" rel=\"noopener noreferrer\">\u00abTape Art\u00bb<\/a> Einblicke in dieses kreative Schaffen und l\u00e4dt mit Schritt-f\u00fcr-Schritt-Anleitungen zum Nachmachen ein.<\/li>\n<li>Ob K\u00fcnstler oder Verpacker \u2013 MEDEWO bietet Ihnen eine gro\u00dfe Auswahl an <a title=\"Produkt\u00fcbersicht Klebeband\" href=\"https:\/\/www.medewo.com\/at\/lagersortiment\/klebebaender\/\">Klebeb\u00e4ndern<\/a>.<\/li>\n<\/ul>\n","protected":false},"excerpt":{"rendered":"<p>Ein Tr\u00e4germaterial versehen mit einem Klebstoff \u2013 das \u00abschlichte\u00bb Selbstklebeband ist aus der Verpackungsbranche nicht wegzudenken. Sicher und zuverl\u00e4ssig verschlie\u00dft es Tag f\u00fcr Tag Pakete. Dabei kommt es l\u00e4ngst nicht mehr nur im Versand oder der Industrie zum Einsatz: Klebeband erobert inzwischen die Kunstwelt.<\/p>\n","protected":false},"author":1,"featured_media":9451,"comment_status":"open","ping_status":"open","sticky":false,"template":"","format":"standard","meta":{"pgc_sgb_lightbox_settings":"","footnotes":""},"categories":[487],"tags":[],"m2-product-id":[],"class_list":["post-16325","post","type-post","status-publish","format-standard","has-post-thumbnail","hentry","category-loesungen","category-487","description-off"],"yoast_head":"<!-- This site is optimized with the Yoast SEO plugin v26.8 - https:\/\/yoast.com\/product\/yoast-seo-wordpress\/ -->\n<title>Wenn Klebeband zur Kunst wird - MEDEWO Verpackungen<\/title>\n<meta name=\"robots\" content=\"index, follow, max-snippet:-1, max-image-preview:large, max-video-preview:-1\" \/>\n<link rel=\"canonical\" href=\"https:\/\/www.medewo.com\/blog\/at\/loesungen\/wenn-klebeband-zur-kunst-wird\/\" \/>\n<meta property=\"og:locale\" content=\"de_DE\" \/>\n<meta property=\"og:type\" content=\"article\" \/>\n<meta property=\"og:title\" content=\"Wenn Klebeband zur Kunst wird - MEDEWO Verpackungen\" \/>\n<meta property=\"og:description\" content=\"Ein Tr\u00e4germaterial versehen mit einem Klebstoff \u2013 das \u00abschlichte\u00bb Selbstklebeband ist aus der Verpackungsbranche nicht wegzudenken. Sicher und zuverl\u00e4ssig verschlie\u00dft es Tag f\u00fcr Tag Pakete. Dabei kommt es l\u00e4ngst nicht mehr nur im Versand oder der Industrie zum Einsatz: Klebeband erobert inzwischen die Kunstwelt.\" \/>\n<meta property=\"og:url\" content=\"https:\/\/www.medewo.com\/blog\/at\/loesungen\/wenn-klebeband-zur-kunst-wird\/\" \/>\n<meta property=\"og:site_name\" content=\"MEDEWO Verpackungen\" \/>\n<meta property=\"article:published_time\" content=\"2017-07-06T22:00:00+00:00\" \/>\n<meta property=\"article:modified_time\" content=\"2024-07-23T07:21:38+00:00\" \/>\n<meta property=\"og:image\" content=\"https:\/\/www.medewo.com\/blog\/wp-content\/uploads\/2017\/07\/Hauptbild_Evi-Kupfer.png\" \/>\n\t<meta property=\"og:image:width\" content=\"690\" \/>\n\t<meta property=\"og:image:height\" content=\"460\" \/>\n\t<meta property=\"og:image:type\" content=\"image\/png\" \/>\n<meta name=\"author\" content=\"admin\" \/>\n<meta name=\"twitter:card\" content=\"summary_large_image\" \/>\n<meta name=\"twitter:label1\" content=\"Verfasst von\" \/>\n\t<meta name=\"twitter:data1\" content=\"admin\" \/>\n\t<meta name=\"twitter:label2\" content=\"Gesch\u00e4tzte Lesezeit\" \/>\n\t<meta name=\"twitter:data2\" content=\"4 Minuten\" \/>\n<script type=\"application\/ld+json\" class=\"yoast-schema-graph\">{\"@context\":\"https:\/\/schema.org\",\"@graph\":[{\"@type\":\"Article\",\"@id\":\"https:\/\/www.medewo.com\/blog\/at\/loesungen\/wenn-klebeband-zur-kunst-wird\/#article\",\"isPartOf\":{\"@id\":\"https:\/\/www.medewo.com\/blog\/at\/loesungen\/wenn-klebeband-zur-kunst-wird\/\"},\"author\":{\"name\":\"admin\",\"@id\":\"https:\/\/www.medewo.com\/blog\/at\/#\/schema\/person\/84e17ff7dbd20461267b403e9de6651a\"},\"headline\":\"Wenn Klebeband zur Kunst wird\",\"datePublished\":\"2017-07-06T22:00:00+00:00\",\"dateModified\":\"2024-07-23T07:21:38+00:00\",\"mainEntityOfPage\":{\"@id\":\"https:\/\/www.medewo.com\/blog\/at\/loesungen\/wenn-klebeband-zur-kunst-wird\/\"},\"wordCount\":615,\"commentCount\":0,\"publisher\":{\"@id\":\"https:\/\/www.medewo.com\/blog\/at\/#organization\"},\"image\":{\"@id\":\"https:\/\/www.medewo.com\/blog\/at\/loesungen\/wenn-klebeband-zur-kunst-wird\/#primaryimage\"},\"thumbnailUrl\":\"https:\/\/www.medewo.com\/blog\/wp-content\/uploads\/2017\/07\/Hauptbild_Evi-Kupfer.png\",\"articleSection\":[\"L\u00f6sungen\"],\"inLanguage\":\"de-AT\",\"potentialAction\":[{\"@type\":\"CommentAction\",\"name\":\"Comment\",\"target\":[\"https:\/\/www.medewo.com\/blog\/at\/loesungen\/wenn-klebeband-zur-kunst-wird\/#respond\"]}]},{\"@type\":\"WebPage\",\"@id\":\"https:\/\/www.medewo.com\/blog\/at\/loesungen\/wenn-klebeband-zur-kunst-wird\/\",\"url\":\"https:\/\/www.medewo.com\/blog\/at\/loesungen\/wenn-klebeband-zur-kunst-wird\/\",\"name\":\"Wenn Klebeband zur Kunst wird - MEDEWO Verpackungen\",\"isPartOf\":{\"@id\":\"https:\/\/www.medewo.com\/blog\/at\/#website\"},\"primaryImageOfPage\":{\"@id\":\"https:\/\/www.medewo.com\/blog\/at\/loesungen\/wenn-klebeband-zur-kunst-wird\/#primaryimage\"},\"image\":{\"@id\":\"https:\/\/www.medewo.com\/blog\/at\/loesungen\/wenn-klebeband-zur-kunst-wird\/#primaryimage\"},\"thumbnailUrl\":\"https:\/\/www.medewo.com\/blog\/wp-content\/uploads\/2017\/07\/Hauptbild_Evi-Kupfer.png\",\"datePublished\":\"2017-07-06T22:00:00+00:00\",\"dateModified\":\"2024-07-23T07:21:38+00:00\",\"breadcrumb\":{\"@id\":\"https:\/\/www.medewo.com\/blog\/at\/loesungen\/wenn-klebeband-zur-kunst-wird\/#breadcrumb\"},\"inLanguage\":\"de-AT\",\"potentialAction\":[{\"@type\":\"ReadAction\",\"target\":[\"https:\/\/www.medewo.com\/blog\/at\/loesungen\/wenn-klebeband-zur-kunst-wird\/\"]}]},{\"@type\":\"ImageObject\",\"inLanguage\":\"de-AT\",\"@id\":\"https:\/\/www.medewo.com\/blog\/at\/loesungen\/wenn-klebeband-zur-kunst-wird\/#primaryimage\",\"url\":\"https:\/\/www.medewo.com\/blog\/wp-content\/uploads\/2017\/07\/Hauptbild_Evi-Kupfer.png\",\"contentUrl\":\"https:\/\/www.medewo.com\/blog\/wp-content\/uploads\/2017\/07\/Hauptbild_Evi-Kupfer.png\",\"width\":690,\"height\":460,\"caption\":\"\u00a9 Evi Kupfer\"},{\"@type\":\"BreadcrumbList\",\"@id\":\"https:\/\/www.medewo.com\/blog\/at\/loesungen\/wenn-klebeband-zur-kunst-wird\/#breadcrumb\",\"itemListElement\":[{\"@type\":\"ListItem\",\"position\":1,\"name\":\"Startseite\",\"item\":\"https:\/\/www.medewo.com\/blog\/at\/\"},{\"@type\":\"ListItem\",\"position\":2,\"name\":\"Wenn Klebeband zur Kunst wird\"}]},{\"@type\":\"WebSite\",\"@id\":\"https:\/\/www.medewo.com\/blog\/at\/#website\",\"url\":\"https:\/\/www.medewo.com\/blog\/at\/\",\"name\":\"MEDEWO Verpackungen\",\"description\":\"News\",\"publisher\":{\"@id\":\"https:\/\/www.medewo.com\/blog\/at\/#organization\"},\"potentialAction\":[{\"@type\":\"SearchAction\",\"target\":{\"@type\":\"EntryPoint\",\"urlTemplate\":\"https:\/\/www.medewo.com\/blog\/at\/?s={search_term_string}\"},\"query-input\":{\"@type\":\"PropertyValueSpecification\",\"valueRequired\":true,\"valueName\":\"search_term_string\"}}],\"inLanguage\":\"de-AT\"},{\"@type\":\"Organization\",\"@id\":\"https:\/\/www.medewo.com\/blog\/at\/#organization\",\"name\":\"MEDEWO\",\"url\":\"https:\/\/www.medewo.com\/blog\/at\/\",\"logo\":{\"@type\":\"ImageObject\",\"inLanguage\":\"de-AT\",\"@id\":\"https:\/\/www.medewo.com\/blog\/at\/#\/schema\/logo\/image\/\",\"url\":\"https:\/\/www.medewo.com\/blog\/wp-content\/uploads\/2022\/03\/medewo-logo-claim-quer-2.png\",\"contentUrl\":\"https:\/\/www.medewo.com\/blog\/wp-content\/uploads\/2022\/03\/medewo-logo-claim-quer-2.png\",\"width\":350,\"height\":63,\"caption\":\"MEDEWO\"},\"image\":{\"@id\":\"https:\/\/www.medewo.com\/blog\/at\/#\/schema\/logo\/image\/\"}},{\"@type\":\"Person\",\"@id\":\"https:\/\/www.medewo.com\/blog\/at\/#\/schema\/person\/84e17ff7dbd20461267b403e9de6651a\",\"name\":\"admin\",\"image\":{\"@type\":\"ImageObject\",\"inLanguage\":\"de-AT\",\"@id\":\"https:\/\/www.medewo.com\/blog\/at\/#\/schema\/person\/image\/\",\"url\":\"https:\/\/secure.gravatar.com\/avatar\/db2d5032d48e0c5ea69810e41539f6f14a63a77bccab5e2b2c7ed6f1712f7e3f?s=96&d=blank&r=g\",\"contentUrl\":\"https:\/\/secure.gravatar.com\/avatar\/db2d5032d48e0c5ea69810e41539f6f14a63a77bccab5e2b2c7ed6f1712f7e3f?s=96&d=blank&r=g\",\"caption\":\"admin\"}}]}<\/script>\n<!-- \/ Yoast SEO plugin. -->","yoast_head_json":{"title":"Wenn Klebeband zur Kunst wird - MEDEWO Verpackungen","robots":{"index":"index","follow":"follow","max-snippet":"max-snippet:-1","max-image-preview":"max-image-preview:large","max-video-preview":"max-video-preview:-1"},"canonical":"https:\/\/www.medewo.com\/blog\/at\/loesungen\/wenn-klebeband-zur-kunst-wird\/","og_locale":"de_DE","og_type":"article","og_title":"Wenn Klebeband zur Kunst wird - MEDEWO Verpackungen","og_description":"Ein Tr\u00e4germaterial versehen mit einem Klebstoff \u2013 das \u00abschlichte\u00bb Selbstklebeband ist aus der Verpackungsbranche nicht wegzudenken. Sicher und zuverl\u00e4ssig verschlie\u00dft es Tag f\u00fcr Tag Pakete. Dabei kommt es l\u00e4ngst nicht mehr nur im Versand oder der Industrie zum Einsatz: Klebeband erobert inzwischen die Kunstwelt.","og_url":"https:\/\/www.medewo.com\/blog\/at\/loesungen\/wenn-klebeband-zur-kunst-wird\/","og_site_name":"MEDEWO Verpackungen","article_published_time":"2017-07-06T22:00:00+00:00","article_modified_time":"2024-07-23T07:21:38+00:00","og_image":[{"width":690,"height":460,"url":"https:\/\/www.medewo.com\/blog\/wp-content\/uploads\/2017\/07\/Hauptbild_Evi-Kupfer.png","type":"image\/png"}],"author":"admin","twitter_card":"summary_large_image","twitter_misc":{"Verfasst von":"admin","Gesch\u00e4tzte Lesezeit":"4 Minuten"},"schema":{"@context":"https:\/\/schema.org","@graph":[{"@type":"Article","@id":"https:\/\/www.medewo.com\/blog\/at\/loesungen\/wenn-klebeband-zur-kunst-wird\/#article","isPartOf":{"@id":"https:\/\/www.medewo.com\/blog\/at\/loesungen\/wenn-klebeband-zur-kunst-wird\/"},"author":{"name":"admin","@id":"https:\/\/www.medewo.com\/blog\/at\/#\/schema\/person\/84e17ff7dbd20461267b403e9de6651a"},"headline":"Wenn Klebeband zur Kunst wird","datePublished":"2017-07-06T22:00:00+00:00","dateModified":"2024-07-23T07:21:38+00:00","mainEntityOfPage":{"@id":"https:\/\/www.medewo.com\/blog\/at\/loesungen\/wenn-klebeband-zur-kunst-wird\/"},"wordCount":615,"commentCount":0,"publisher":{"@id":"https:\/\/www.medewo.com\/blog\/at\/#organization"},"image":{"@id":"https:\/\/www.medewo.com\/blog\/at\/loesungen\/wenn-klebeband-zur-kunst-wird\/#primaryimage"},"thumbnailUrl":"https:\/\/www.medewo.com\/blog\/wp-content\/uploads\/2017\/07\/Hauptbild_Evi-Kupfer.png","articleSection":["L\u00f6sungen"],"inLanguage":"de-AT","potentialAction":[{"@type":"CommentAction","name":"Comment","target":["https:\/\/www.medewo.com\/blog\/at\/loesungen\/wenn-klebeband-zur-kunst-wird\/#respond"]}]},{"@type":"WebPage","@id":"https:\/\/www.medewo.com\/blog\/at\/loesungen\/wenn-klebeband-zur-kunst-wird\/","url":"https:\/\/www.medewo.com\/blog\/at\/loesungen\/wenn-klebeband-zur-kunst-wird\/","name":"Wenn Klebeband zur Kunst wird - MEDEWO Verpackungen","isPartOf":{"@id":"https:\/\/www.medewo.com\/blog\/at\/#website"},"primaryImageOfPage":{"@id":"https:\/\/www.medewo.com\/blog\/at\/loesungen\/wenn-klebeband-zur-kunst-wird\/#primaryimage"},"image":{"@id":"https:\/\/www.medewo.com\/blog\/at\/loesungen\/wenn-klebeband-zur-kunst-wird\/#primaryimage"},"thumbnailUrl":"https:\/\/www.medewo.com\/blog\/wp-content\/uploads\/2017\/07\/Hauptbild_Evi-Kupfer.png","datePublished":"2017-07-06T22:00:00+00:00","dateModified":"2024-07-23T07:21:38+00:00","breadcrumb":{"@id":"https:\/\/www.medewo.com\/blog\/at\/loesungen\/wenn-klebeband-zur-kunst-wird\/#breadcrumb"},"inLanguage":"de-AT","potentialAction":[{"@type":"ReadAction","target":["https:\/\/www.medewo.com\/blog\/at\/loesungen\/wenn-klebeband-zur-kunst-wird\/"]}]},{"@type":"ImageObject","inLanguage":"de-AT","@id":"https:\/\/www.medewo.com\/blog\/at\/loesungen\/wenn-klebeband-zur-kunst-wird\/#primaryimage","url":"https:\/\/www.medewo.com\/blog\/wp-content\/uploads\/2017\/07\/Hauptbild_Evi-Kupfer.png","contentUrl":"https:\/\/www.medewo.com\/blog\/wp-content\/uploads\/2017\/07\/Hauptbild_Evi-Kupfer.png","width":690,"height":460,"caption":"\u00a9 Evi Kupfer"},{"@type":"BreadcrumbList","@id":"https:\/\/www.medewo.com\/blog\/at\/loesungen\/wenn-klebeband-zur-kunst-wird\/#breadcrumb","itemListElement":[{"@type":"ListItem","position":1,"name":"Startseite","item":"https:\/\/www.medewo.com\/blog\/at\/"},{"@type":"ListItem","position":2,"name":"Wenn Klebeband zur Kunst wird"}]},{"@type":"WebSite","@id":"https:\/\/www.medewo.com\/blog\/at\/#website","url":"https:\/\/www.medewo.com\/blog\/at\/","name":"MEDEWO Verpackungen","description":"News","publisher":{"@id":"https:\/\/www.medewo.com\/blog\/at\/#organization"},"potentialAction":[{"@type":"SearchAction","target":{"@type":"EntryPoint","urlTemplate":"https:\/\/www.medewo.com\/blog\/at\/?s={search_term_string}"},"query-input":{"@type":"PropertyValueSpecification","valueRequired":true,"valueName":"search_term_string"}}],"inLanguage":"de-AT"},{"@type":"Organization","@id":"https:\/\/www.medewo.com\/blog\/at\/#organization","name":"MEDEWO","url":"https:\/\/www.medewo.com\/blog\/at\/","logo":{"@type":"ImageObject","inLanguage":"de-AT","@id":"https:\/\/www.medewo.com\/blog\/at\/#\/schema\/logo\/image\/","url":"https:\/\/www.medewo.com\/blog\/wp-content\/uploads\/2022\/03\/medewo-logo-claim-quer-2.png","contentUrl":"https:\/\/www.medewo.com\/blog\/wp-content\/uploads\/2022\/03\/medewo-logo-claim-quer-2.png","width":350,"height":63,"caption":"MEDEWO"},"image":{"@id":"https:\/\/www.medewo.com\/blog\/at\/#\/schema\/logo\/image\/"}},{"@type":"Person","@id":"https:\/\/www.medewo.com\/blog\/at\/#\/schema\/person\/84e17ff7dbd20461267b403e9de6651a","name":"admin","image":{"@type":"ImageObject","inLanguage":"de-AT","@id":"https:\/\/www.medewo.com\/blog\/at\/#\/schema\/person\/image\/","url":"https:\/\/secure.gravatar.com\/avatar\/db2d5032d48e0c5ea69810e41539f6f14a63a77bccab5e2b2c7ed6f1712f7e3f?s=96&d=blank&r=g","contentUrl":"https:\/\/secure.gravatar.com\/avatar\/db2d5032d48e0c5ea69810e41539f6f14a63a77bccab5e2b2c7ed6f1712f7e3f?s=96&d=blank&r=g","caption":"admin"}}]}},"magento_index":false,"_links":{"self":[{"href":"https:\/\/www.medewo.com\/blog\/at\/wp-json\/wp\/v2\/posts\/16325","targetHints":{"allow":["GET"]}}],"collection":[{"href":"https:\/\/www.medewo.com\/blog\/at\/wp-json\/wp\/v2\/posts"}],"about":[{"href":"https:\/\/www.medewo.com\/blog\/at\/wp-json\/wp\/v2\/types\/post"}],"author":[{"embeddable":true,"href":"https:\/\/www.medewo.com\/blog\/at\/wp-json\/wp\/v2\/users\/1"}],"replies":[{"embeddable":true,"href":"https:\/\/www.medewo.com\/blog\/at\/wp-json\/wp\/v2\/comments?post=16325"}],"version-history":[{"count":4,"href":"https:\/\/www.medewo.com\/blog\/at\/wp-json\/wp\/v2\/posts\/16325\/revisions"}],"predecessor-version":[{"id":33438,"href":"https:\/\/www.medewo.com\/blog\/at\/wp-json\/wp\/v2\/posts\/16325\/revisions\/33438"}],"wp:featuredmedia":[{"embeddable":true,"href":"https:\/\/www.medewo.com\/blog\/at\/wp-json\/wp\/v2\/media\/9451"}],"wp:attachment":[{"href":"https:\/\/www.medewo.com\/blog\/at\/wp-json\/wp\/v2\/media?parent=16325"}],"wp:term":[{"taxonomy":"category","embeddable":true,"href":"https:\/\/www.medewo.com\/blog\/at\/wp-json\/wp\/v2\/categories?post=16325"},{"taxonomy":"post_tag","embeddable":true,"href":"https:\/\/www.medewo.com\/blog\/at\/wp-json\/wp\/v2\/tags?post=16325"},{"taxonomy":"m2-product-id","embeddable":true,"href":"https:\/\/www.medewo.com\/blog\/at\/wp-json\/wp\/v2\/m2-product-id?post=16325"}],"curies":[{"name":"wp","href":"https:\/\/api.w.org\/{rel}","templated":true}]}}