{"id":16320,"date":"2017-09-04T00:00:00","date_gmt":"2017-09-03T22:00:00","guid":{"rendered":"https:\/\/www.medewo.com\/blog\/uncategorized-at\/eine-bar-die-im-gedaechtnis-bleibt-erbaut-aus-verpackungsmaterial\/"},"modified":"2024-07-23T09:33:23","modified_gmt":"2024-07-23T07:33:23","slug":"eine-bar-die-im-gedaechtnis-bleibt-erbaut-aus-verpackungsmaterial","status":"publish","type":"post","link":"https:\/\/www.medewo.com\/blog\/at\/loesungen\/eine-bar-die-im-gedaechtnis-bleibt-erbaut-aus-verpackungsmaterial\/","title":{"rendered":"Eine Bar, die im Ged\u00e4chtnis bleibt \u2013 erbaut aus Verpackungsmaterial"},"content":{"rendered":"<p><strong>Bis zu einer Million Besucher str\u00f6men alle zehn Jahre ins Schweizer Baden, wenn das legend\u00e4re Volksfest Badenfahrt stattfindet. Nicht nur weil sie so selten stattfindet, sondern auch aufgrund ihrer \u00abFestbeizen\u00bb \u2013 ungew\u00f6hnlicher und individuell entworfener Festwirtschaften. Die RememBar setzte in diesem Jahr auf Stretchfolie und Umreifungsband von MEDEWO. Wir haben nachgefragt, wie es zu dieser au\u00dfergew\u00f6hnlichen Idee kam.<\/strong><\/p>\n<p>Herk\u00f6mmliche Zelte oder Buden sucht man hier vergebens: Das Highlight der Badenfahrt, eines der gr\u00f6\u00dften Volksfeste der Schweiz, sind die originellen Festwirtschaften. Individuell gefertigt von Vereinen, Gemeinden oder Firmen tragen sie zu der besonderen Atmosph\u00e4re der Veranstaltung bei.<\/p>\n<p>Nur alle zehn Jahre findet die Badenfahrt im Kanton Aargau dabei statt, 2017 war es wieder soweit. Ganz ihrem Namen nach wird dabei wohl die RememBar den Besuchern im Ged\u00e4chtnis bleiben. Zwischen einem Konstrukt aus Holzbalken spannten die Betreiber Stretchfolie als Dach und Umreifungsb\u00e4nder als W\u00e4nde. Die Mitglieder des gleichnamigen Vereins RememBar griffen dabei auf Material von MEDEWO zur\u00fcck. Grund genug f\u00fcr uns, bei Stephan Zehnder, der ma\u00dfgeblich beim Bau beteiligt war, mehr \u00fcber dieses spannende Projekt zu erfahren.<\/p>\n<p><span style=\"color: #2c8ccc;\">Wie kam es zu der Idee, ein Dach aus Stretchfolie zu spannen?<\/span><br \/>\n<em>Stephan Zehnder:<\/em> Bei der Gestaltung des Daches war es entscheidend f\u00fcr uns, dass dieses g\u00fcnstig ist und nicht 08\/15 aussieht. Der Style war uns sehr wichtig. Ein Wellblechdach w\u00e4re beispielsweise langweilig und nicht originell gewesen. Wir haben nach etwas Dekorativem gesucht, das auch lichtdurchl\u00e4ssig ist. So sind wir auf die Idee mit der Stretchfolie gekommen. Mit MEDEWO haben wir dann einen regionalen Partner gefunden, der genau die Folie anbietet, die wir gebraucht haben.<\/p>\n<p><img decoding=\"async\" class=\"wp-image-3091 aligncenter\" title=\"Blick auf das Dach der RememBar\" src=\"https:\/\/www.medewo.com\/blog\/wp-content\/uploads\/2017\/09\/Dach-RememBar.png\" alt=\"Blick auf das Dach der RememBar\" width=\"600\" height=\"200\" srcset=\"https:\/\/www.medewo.com\/blog\/wp-content\/uploads\/2017\/09\/Dach-RememBar.png 690w, https:\/\/www.medewo.com\/blog\/wp-content\/uploads\/2017\/09\/Dach-RememBar-300x100.png 300w\" sizes=\"(max-width: 600px) 100vw, 600px\" \/><\/p>\n<p><span style=\"color: #2c8ccc;\">Was sprach neben dem ungew\u00f6hnlichen Material noch f\u00fcr die Stretchfolie?<\/span><br \/>\nDie Folie ist sehr widerstandsf\u00e4hig, was bei einem Dach nat\u00fcrlich entscheidend ist. Sie ist dicht und h\u00e4lt den Regen ab. Um uns davon zu \u00fcberzeugen, haben wir auch ein Testmodell gebaut. Ausserdem war die Folie ideal, weil wir dank den Farben Schwarz und Weiss unser Logo auf das Dach \u00abschreiben\u00bb konnten. So konnte man von oben \u2013 etwa bei Aufnahmen einer Drohne \u2013 den Schriftzug \u00abRememBar\u00bb lesen.<\/p>\n<p><img decoding=\"async\" class=\"wp-image-3093 aligncenter\" title=\"Stretchfolie von MEDEWO im Test\" src=\"https:\/\/www.medewo.com\/blog\/wp-content\/uploads\/2017\/09\/Test-Stretchfolie.png\" alt=\"Stretchfolie von MEDEWO im Test\" width=\"600\" height=\"200\" srcset=\"https:\/\/www.medewo.com\/blog\/wp-content\/uploads\/2017\/09\/Test-Stretchfolie.png 690w, https:\/\/www.medewo.com\/blog\/wp-content\/uploads\/2017\/09\/Test-Stretchfolie-300x100.png 300w\" sizes=\"(max-width: 600px) 100vw, 600px\" \/><\/p>\n<p><span style=\"color: #2c8ccc;\">Auch Umreifungsband von MEDEWO ist in Ihrer Bar \u00abverbaut\u00bb\u2026<\/span><br \/>\nGenau. Die Trennw\u00e4nde, die wir mit Umreifungsband gestaltet haben, sind sehr stabil. Die G\u00e4ste k\u00f6nnen sich hier bequem anlehnen und die B\u00e4nder sind so gespannt, dass sie fast wie ein kleines Trampolin zur\u00fcckfedern.<\/p>\n<p><img decoding=\"async\" class=\"aligncenter wp-image-3097\" src=\"https:\/\/www.medewo.com\/blog\/wp-content\/uploads\/2017\/09\/Umreifung-RememBar.png\" alt=\"Trennw\u00e4nde aus Umreifungsband\" width=\"600\" height=\"200\" srcset=\"https:\/\/www.medewo.com\/blog\/wp-content\/uploads\/2017\/09\/Umreifung-RememBar.png 690w, https:\/\/www.medewo.com\/blog\/wp-content\/uploads\/2017\/09\/Umreifung-RememBar-300x100.png 300w\" sizes=\"(max-width: 600px) 100vw, 600px\" \/><\/p>\n<p><span style=\"color: #2c8ccc;\">Wie lief denn der Aufbau ab?<\/span><br \/>\nEinige der Elemente haben wir bereits im Fr\u00fchling vorgebaut. Fertig gestellt haben wir die ganze Bar in f\u00fcnf Tagen. Die Stretchfolie haben wir dabei von Hand aufgezogen und angebracht. F\u00fcr eine einmalige Sache haben sich die Abroller leider nicht gelohnt.<\/p>\n<p><img decoding=\"async\" class=\"wp-image-3099 aligncenter\" title=\"Aufbauarbeiten an der RememBar\" src=\"https:\/\/www.medewo.com\/blog\/wp-content\/uploads\/2017\/09\/Aufbau-Remembar.png\" alt=\"Aufbauarbeiten an der RememBar\" width=\"600\" height=\"200\" srcset=\"https:\/\/www.medewo.com\/blog\/wp-content\/uploads\/2017\/09\/Aufbau-Remembar.png 690w, https:\/\/www.medewo.com\/blog\/wp-content\/uploads\/2017\/09\/Aufbau-Remembar-300x100.png 300w\" sizes=\"(max-width: 600px) 100vw, 600px\" \/><\/p>\n<p><span style=\"color: #2c8ccc;\">Wie ist Ihr Fazit nach zehn Tagen Badenfahrt: Hat die Bar den Praxistest bestanden?<br \/>\n<\/span>Die Bar hat sich durchaus bew\u00e4hrt. Anf\u00e4ngliche Probleme beim Montieren der Folie konnten wir schnell beheben, danach hat sich das Dach und die W\u00e4nde bei Wind und Wetter bew\u00e4hrt. Wir d\u00fcrfen auf eine f\u00fcr uns sehr erfolgreiche Badenfahrt zur\u00fcckblicken \u2013 unsere Beiz war wohl nicht zuletzt wegen dem ausgefallenem Design sehr beliebt bei den Besuchern.<\/p>\n<p><span style=\"color: #2c8ccc;\">Vielen Dank f\u00fcr das Gespr\u00e4ch!<\/span><\/p>\n<p><em>Weitere Bilder sowie eine Videoaufnahme aus der Vogelperspektive gibt es auf der <a title=\"Facebook-Seite RememBar\" href=\"https:\/\/www.facebook.com\/remembarch\">Facebook-Seite der RememBar<\/a>, Hintergrundinfos zum Verein und der Bar auf deren <a title=\"Vereins-Website\" href=\"https:\/\/remembar.ch\/\">Website<\/a>.<\/em><\/p>\n<p><em>Eine gro\u00dfe Auswahl an <a title=\"Stretchfolie\" href=\"https:\/\/www.medewo.com\/at\/lagersortiment\/stretchen-umreifen-palettieren\/stretchfolien\/\">Stretchfolie <\/a>und <a title=\"Palletieren und Umreifen\" href=\"https:\/\/www.medewo.com\/at\/lagersortiment\/stretchen-umreifen-palettieren\/umreifung\/\">Umreifungsb\u00e4ndern<\/a> finden Sie im MEDEWO Web-Shop.<\/em><\/p>\n","protected":false},"excerpt":{"rendered":"<p> Die RememBar setzte in diesem Jahr auf Stretchfolie und Umreifungsband von MEDEWO. Wir haben nachgefragt, wie es zu dieser au\u00dfergew\u00f6hnlichen Idee kam.<\/p>\n","protected":false},"author":1,"featured_media":13539,"comment_status":"open","ping_status":"open","sticky":false,"template":"","format":"standard","meta":{"pgc_sgb_lightbox_settings":"","footnotes":""},"categories":[487],"tags":[4470,4472,4474],"m2-product-id":[],"class_list":["post-16320","post","type-post","status-publish","format-standard","has-post-thumbnail","hentry","category-loesungen","tag-baumaterial","tag-stretchfolie","tag-umreifen","category-487","description-off"],"yoast_head":"<!-- This site is optimized with the Yoast SEO plugin v27.1.1 - https:\/\/yoast.com\/product\/yoast-seo-wordpress\/ -->\n<title>Eine Bar, die im Ged\u00e4chtnis bleibt \u2013 erbaut aus Verpackungsmaterial - MEDEWO Verpackungen<\/title>\n<meta name=\"robots\" content=\"index, follow, max-snippet:-1, max-image-preview:large, max-video-preview:-1\" \/>\n<link rel=\"canonical\" href=\"https:\/\/www.medewo.com\/blog\/at\/loesungen\/eine-bar-die-im-gedaechtnis-bleibt-erbaut-aus-verpackungsmaterial\/\" \/>\n<meta property=\"og:locale\" content=\"de_DE\" \/>\n<meta property=\"og:type\" content=\"article\" \/>\n<meta property=\"og:title\" content=\"Eine Bar, die im Ged\u00e4chtnis bleibt \u2013 erbaut aus Verpackungsmaterial - MEDEWO Verpackungen\" \/>\n<meta property=\"og:description\" content=\"Die RememBar setzte in diesem Jahr auf Stretchfolie und Umreifungsband von MEDEWO. Wir haben nachgefragt, wie es zu dieser au\u00dfergew\u00f6hnlichen Idee kam.\" \/>\n<meta property=\"og:url\" content=\"https:\/\/www.medewo.com\/blog\/at\/loesungen\/eine-bar-die-im-gedaechtnis-bleibt-erbaut-aus-verpackungsmaterial\/\" \/>\n<meta property=\"og:site_name\" content=\"MEDEWO Verpackungen\" \/>\n<meta property=\"article:published_time\" content=\"2017-09-03T22:00:00+00:00\" \/>\n<meta property=\"article:modified_time\" content=\"2024-07-23T07:33:23+00:00\" \/>\n<meta property=\"og:image\" content=\"https:\/\/www.medewo.com\/blog\/wp-content\/uploads\/2020\/05\/RememBar.png\" \/>\n\t<meta property=\"og:image:width\" content=\"690\" \/>\n\t<meta property=\"og:image:height\" content=\"460\" \/>\n\t<meta property=\"og:image:type\" content=\"image\/png\" \/>\n<meta name=\"author\" content=\"admin\" \/>\n<meta name=\"twitter:card\" content=\"summary_large_image\" \/>\n<meta name=\"twitter:label1\" content=\"Verfasst von\" \/>\n\t<meta name=\"twitter:data1\" content=\"admin\" \/>\n\t<meta name=\"twitter:label2\" content=\"Gesch\u00e4tzte Lesezeit\" \/>\n\t<meta name=\"twitter:data2\" content=\"4 Minuten\" \/>\n<script type=\"application\/ld+json\" class=\"yoast-schema-graph\">{\"@context\":\"https:\/\/schema.org\",\"@graph\":[{\"@type\":\"Article\",\"@id\":\"https:\/\/www.medewo.com\/blog\/at\/loesungen\/eine-bar-die-im-gedaechtnis-bleibt-erbaut-aus-verpackungsmaterial\/#article\",\"isPartOf\":{\"@id\":\"https:\/\/www.medewo.com\/blog\/at\/loesungen\/eine-bar-die-im-gedaechtnis-bleibt-erbaut-aus-verpackungsmaterial\/\"},\"author\":{\"name\":\"admin\",\"@id\":\"https:\/\/www.medewo.com\/blog\/at\/#\/schema\/person\/84e17ff7dbd20461267b403e9de6651a\"},\"headline\":\"Eine Bar, die im Ged\u00e4chtnis bleibt \u2013 erbaut aus Verpackungsmaterial\",\"datePublished\":\"2017-09-03T22:00:00+00:00\",\"dateModified\":\"2024-07-23T07:33:23+00:00\",\"mainEntityOfPage\":{\"@id\":\"https:\/\/www.medewo.com\/blog\/at\/loesungen\/eine-bar-die-im-gedaechtnis-bleibt-erbaut-aus-verpackungsmaterial\/\"},\"wordCount\":581,\"commentCount\":0,\"publisher\":{\"@id\":\"https:\/\/www.medewo.com\/blog\/at\/#organization\"},\"image\":{\"@id\":\"https:\/\/www.medewo.com\/blog\/at\/loesungen\/eine-bar-die-im-gedaechtnis-bleibt-erbaut-aus-verpackungsmaterial\/#primaryimage\"},\"thumbnailUrl\":\"https:\/\/www.medewo.com\/blog\/wp-content\/uploads\/2020\/05\/RememBar.png\",\"keywords\":[\"Baumaterial\",\"Stretchfolie\",\"Umreifen\"],\"articleSection\":[\"L\u00f6sungen\"],\"inLanguage\":\"de-AT\",\"potentialAction\":[{\"@type\":\"CommentAction\",\"name\":\"Comment\",\"target\":[\"https:\/\/www.medewo.com\/blog\/at\/loesungen\/eine-bar-die-im-gedaechtnis-bleibt-erbaut-aus-verpackungsmaterial\/#respond\"]}]},{\"@type\":\"WebPage\",\"@id\":\"https:\/\/www.medewo.com\/blog\/at\/loesungen\/eine-bar-die-im-gedaechtnis-bleibt-erbaut-aus-verpackungsmaterial\/\",\"url\":\"https:\/\/www.medewo.com\/blog\/at\/loesungen\/eine-bar-die-im-gedaechtnis-bleibt-erbaut-aus-verpackungsmaterial\/\",\"name\":\"Eine Bar, die im Ged\u00e4chtnis bleibt \u2013 erbaut aus Verpackungsmaterial - MEDEWO Verpackungen\",\"isPartOf\":{\"@id\":\"https:\/\/www.medewo.com\/blog\/at\/#website\"},\"primaryImageOfPage\":{\"@id\":\"https:\/\/www.medewo.com\/blog\/at\/loesungen\/eine-bar-die-im-gedaechtnis-bleibt-erbaut-aus-verpackungsmaterial\/#primaryimage\"},\"image\":{\"@id\":\"https:\/\/www.medewo.com\/blog\/at\/loesungen\/eine-bar-die-im-gedaechtnis-bleibt-erbaut-aus-verpackungsmaterial\/#primaryimage\"},\"thumbnailUrl\":\"https:\/\/www.medewo.com\/blog\/wp-content\/uploads\/2020\/05\/RememBar.png\",\"datePublished\":\"2017-09-03T22:00:00+00:00\",\"dateModified\":\"2024-07-23T07:33:23+00:00\",\"breadcrumb\":{\"@id\":\"https:\/\/www.medewo.com\/blog\/at\/loesungen\/eine-bar-die-im-gedaechtnis-bleibt-erbaut-aus-verpackungsmaterial\/#breadcrumb\"},\"inLanguage\":\"de-AT\",\"potentialAction\":[{\"@type\":\"ReadAction\",\"target\":[\"https:\/\/www.medewo.com\/blog\/at\/loesungen\/eine-bar-die-im-gedaechtnis-bleibt-erbaut-aus-verpackungsmaterial\/\"]}]},{\"@type\":\"ImageObject\",\"inLanguage\":\"de-AT\",\"@id\":\"https:\/\/www.medewo.com\/blog\/at\/loesungen\/eine-bar-die-im-gedaechtnis-bleibt-erbaut-aus-verpackungsmaterial\/#primaryimage\",\"url\":\"https:\/\/www.medewo.com\/blog\/wp-content\/uploads\/2020\/05\/RememBar.png\",\"contentUrl\":\"https:\/\/www.medewo.com\/blog\/wp-content\/uploads\/2020\/05\/RememBar.png\",\"width\":690,\"height\":460},{\"@type\":\"BreadcrumbList\",\"@id\":\"https:\/\/www.medewo.com\/blog\/at\/loesungen\/eine-bar-die-im-gedaechtnis-bleibt-erbaut-aus-verpackungsmaterial\/#breadcrumb\",\"itemListElement\":[{\"@type\":\"ListItem\",\"position\":1,\"name\":\"Startseite\",\"item\":\"https:\/\/www.medewo.com\/blog\/at\/\"},{\"@type\":\"ListItem\",\"position\":2,\"name\":\"Eine Bar, die im Ged\u00e4chtnis bleibt \u2013 erbaut aus Verpackungsmaterial\"}]},{\"@type\":\"WebSite\",\"@id\":\"https:\/\/www.medewo.com\/blog\/at\/#website\",\"url\":\"https:\/\/www.medewo.com\/blog\/at\/\",\"name\":\"MEDEWO Verpackungen\",\"description\":\"News\",\"publisher\":{\"@id\":\"https:\/\/www.medewo.com\/blog\/at\/#organization\"},\"potentialAction\":[{\"@type\":\"SearchAction\",\"target\":{\"@type\":\"EntryPoint\",\"urlTemplate\":\"https:\/\/www.medewo.com\/blog\/at\/?s={search_term_string}\"},\"query-input\":{\"@type\":\"PropertyValueSpecification\",\"valueRequired\":true,\"valueName\":\"search_term_string\"}}],\"inLanguage\":\"de-AT\"},{\"@type\":\"Organization\",\"@id\":\"https:\/\/www.medewo.com\/blog\/at\/#organization\",\"name\":\"MEDEWO\",\"url\":\"https:\/\/www.medewo.com\/blog\/at\/\",\"logo\":{\"@type\":\"ImageObject\",\"inLanguage\":\"de-AT\",\"@id\":\"https:\/\/www.medewo.com\/blog\/at\/#\/schema\/logo\/image\/\",\"url\":\"https:\/\/www.medewo.com\/blog\/wp-content\/uploads\/2022\/03\/medewo-logo-claim-quer-2.png\",\"contentUrl\":\"https:\/\/www.medewo.com\/blog\/wp-content\/uploads\/2022\/03\/medewo-logo-claim-quer-2.png\",\"width\":350,\"height\":63,\"caption\":\"MEDEWO\"},\"image\":{\"@id\":\"https:\/\/www.medewo.com\/blog\/at\/#\/schema\/logo\/image\/\"}},{\"@type\":\"Person\",\"@id\":\"https:\/\/www.medewo.com\/blog\/at\/#\/schema\/person\/84e17ff7dbd20461267b403e9de6651a\",\"name\":\"admin\",\"image\":{\"@type\":\"ImageObject\",\"inLanguage\":\"de-AT\",\"@id\":\"https:\/\/www.medewo.com\/blog\/at\/#\/schema\/person\/image\/\",\"url\":\"https:\/\/secure.gravatar.com\/avatar\/db2d5032d48e0c5ea69810e41539f6f14a63a77bccab5e2b2c7ed6f1712f7e3f?s=96&d=blank&r=g\",\"contentUrl\":\"https:\/\/secure.gravatar.com\/avatar\/db2d5032d48e0c5ea69810e41539f6f14a63a77bccab5e2b2c7ed6f1712f7e3f?s=96&d=blank&r=g\",\"caption\":\"admin\"}}]}<\/script>\n<!-- \/ Yoast SEO plugin. -->","yoast_head_json":{"title":"Eine Bar, die im Ged\u00e4chtnis bleibt \u2013 erbaut aus Verpackungsmaterial - MEDEWO Verpackungen","robots":{"index":"index","follow":"follow","max-snippet":"max-snippet:-1","max-image-preview":"max-image-preview:large","max-video-preview":"max-video-preview:-1"},"canonical":"https:\/\/www.medewo.com\/blog\/at\/loesungen\/eine-bar-die-im-gedaechtnis-bleibt-erbaut-aus-verpackungsmaterial\/","og_locale":"de_DE","og_type":"article","og_title":"Eine Bar, die im Ged\u00e4chtnis bleibt \u2013 erbaut aus Verpackungsmaterial - MEDEWO Verpackungen","og_description":"Die RememBar setzte in diesem Jahr auf Stretchfolie und Umreifungsband von MEDEWO. Wir haben nachgefragt, wie es zu dieser au\u00dfergew\u00f6hnlichen Idee kam.","og_url":"https:\/\/www.medewo.com\/blog\/at\/loesungen\/eine-bar-die-im-gedaechtnis-bleibt-erbaut-aus-verpackungsmaterial\/","og_site_name":"MEDEWO Verpackungen","article_published_time":"2017-09-03T22:00:00+00:00","article_modified_time":"2024-07-23T07:33:23+00:00","og_image":[{"width":690,"height":460,"url":"https:\/\/www.medewo.com\/blog\/wp-content\/uploads\/2020\/05\/RememBar.png","type":"image\/png"}],"author":"admin","twitter_card":"summary_large_image","twitter_misc":{"Verfasst von":"admin","Gesch\u00e4tzte Lesezeit":"4 Minuten"},"schema":{"@context":"https:\/\/schema.org","@graph":[{"@type":"Article","@id":"https:\/\/www.medewo.com\/blog\/at\/loesungen\/eine-bar-die-im-gedaechtnis-bleibt-erbaut-aus-verpackungsmaterial\/#article","isPartOf":{"@id":"https:\/\/www.medewo.com\/blog\/at\/loesungen\/eine-bar-die-im-gedaechtnis-bleibt-erbaut-aus-verpackungsmaterial\/"},"author":{"name":"admin","@id":"https:\/\/www.medewo.com\/blog\/at\/#\/schema\/person\/84e17ff7dbd20461267b403e9de6651a"},"headline":"Eine Bar, die im Ged\u00e4chtnis bleibt \u2013 erbaut aus Verpackungsmaterial","datePublished":"2017-09-03T22:00:00+00:00","dateModified":"2024-07-23T07:33:23+00:00","mainEntityOfPage":{"@id":"https:\/\/www.medewo.com\/blog\/at\/loesungen\/eine-bar-die-im-gedaechtnis-bleibt-erbaut-aus-verpackungsmaterial\/"},"wordCount":581,"commentCount":0,"publisher":{"@id":"https:\/\/www.medewo.com\/blog\/at\/#organization"},"image":{"@id":"https:\/\/www.medewo.com\/blog\/at\/loesungen\/eine-bar-die-im-gedaechtnis-bleibt-erbaut-aus-verpackungsmaterial\/#primaryimage"},"thumbnailUrl":"https:\/\/www.medewo.com\/blog\/wp-content\/uploads\/2020\/05\/RememBar.png","keywords":["Baumaterial","Stretchfolie","Umreifen"],"articleSection":["L\u00f6sungen"],"inLanguage":"de-AT","potentialAction":[{"@type":"CommentAction","name":"Comment","target":["https:\/\/www.medewo.com\/blog\/at\/loesungen\/eine-bar-die-im-gedaechtnis-bleibt-erbaut-aus-verpackungsmaterial\/#respond"]}]},{"@type":"WebPage","@id":"https:\/\/www.medewo.com\/blog\/at\/loesungen\/eine-bar-die-im-gedaechtnis-bleibt-erbaut-aus-verpackungsmaterial\/","url":"https:\/\/www.medewo.com\/blog\/at\/loesungen\/eine-bar-die-im-gedaechtnis-bleibt-erbaut-aus-verpackungsmaterial\/","name":"Eine Bar, die im Ged\u00e4chtnis bleibt \u2013 erbaut aus Verpackungsmaterial - MEDEWO Verpackungen","isPartOf":{"@id":"https:\/\/www.medewo.com\/blog\/at\/#website"},"primaryImageOfPage":{"@id":"https:\/\/www.medewo.com\/blog\/at\/loesungen\/eine-bar-die-im-gedaechtnis-bleibt-erbaut-aus-verpackungsmaterial\/#primaryimage"},"image":{"@id":"https:\/\/www.medewo.com\/blog\/at\/loesungen\/eine-bar-die-im-gedaechtnis-bleibt-erbaut-aus-verpackungsmaterial\/#primaryimage"},"thumbnailUrl":"https:\/\/www.medewo.com\/blog\/wp-content\/uploads\/2020\/05\/RememBar.png","datePublished":"2017-09-03T22:00:00+00:00","dateModified":"2024-07-23T07:33:23+00:00","breadcrumb":{"@id":"https:\/\/www.medewo.com\/blog\/at\/loesungen\/eine-bar-die-im-gedaechtnis-bleibt-erbaut-aus-verpackungsmaterial\/#breadcrumb"},"inLanguage":"de-AT","potentialAction":[{"@type":"ReadAction","target":["https:\/\/www.medewo.com\/blog\/at\/loesungen\/eine-bar-die-im-gedaechtnis-bleibt-erbaut-aus-verpackungsmaterial\/"]}]},{"@type":"ImageObject","inLanguage":"de-AT","@id":"https:\/\/www.medewo.com\/blog\/at\/loesungen\/eine-bar-die-im-gedaechtnis-bleibt-erbaut-aus-verpackungsmaterial\/#primaryimage","url":"https:\/\/www.medewo.com\/blog\/wp-content\/uploads\/2020\/05\/RememBar.png","contentUrl":"https:\/\/www.medewo.com\/blog\/wp-content\/uploads\/2020\/05\/RememBar.png","width":690,"height":460},{"@type":"BreadcrumbList","@id":"https:\/\/www.medewo.com\/blog\/at\/loesungen\/eine-bar-die-im-gedaechtnis-bleibt-erbaut-aus-verpackungsmaterial\/#breadcrumb","itemListElement":[{"@type":"ListItem","position":1,"name":"Startseite","item":"https:\/\/www.medewo.com\/blog\/at\/"},{"@type":"ListItem","position":2,"name":"Eine Bar, die im Ged\u00e4chtnis bleibt \u2013 erbaut aus Verpackungsmaterial"}]},{"@type":"WebSite","@id":"https:\/\/www.medewo.com\/blog\/at\/#website","url":"https:\/\/www.medewo.com\/blog\/at\/","name":"MEDEWO Verpackungen","description":"News","publisher":{"@id":"https:\/\/www.medewo.com\/blog\/at\/#organization"},"potentialAction":[{"@type":"SearchAction","target":{"@type":"EntryPoint","urlTemplate":"https:\/\/www.medewo.com\/blog\/at\/?s={search_term_string}"},"query-input":{"@type":"PropertyValueSpecification","valueRequired":true,"valueName":"search_term_string"}}],"inLanguage":"de-AT"},{"@type":"Organization","@id":"https:\/\/www.medewo.com\/blog\/at\/#organization","name":"MEDEWO","url":"https:\/\/www.medewo.com\/blog\/at\/","logo":{"@type":"ImageObject","inLanguage":"de-AT","@id":"https:\/\/www.medewo.com\/blog\/at\/#\/schema\/logo\/image\/","url":"https:\/\/www.medewo.com\/blog\/wp-content\/uploads\/2022\/03\/medewo-logo-claim-quer-2.png","contentUrl":"https:\/\/www.medewo.com\/blog\/wp-content\/uploads\/2022\/03\/medewo-logo-claim-quer-2.png","width":350,"height":63,"caption":"MEDEWO"},"image":{"@id":"https:\/\/www.medewo.com\/blog\/at\/#\/schema\/logo\/image\/"}},{"@type":"Person","@id":"https:\/\/www.medewo.com\/blog\/at\/#\/schema\/person\/84e17ff7dbd20461267b403e9de6651a","name":"admin","image":{"@type":"ImageObject","inLanguage":"de-AT","@id":"https:\/\/www.medewo.com\/blog\/at\/#\/schema\/person\/image\/","url":"https:\/\/secure.gravatar.com\/avatar\/db2d5032d48e0c5ea69810e41539f6f14a63a77bccab5e2b2c7ed6f1712f7e3f?s=96&d=blank&r=g","contentUrl":"https:\/\/secure.gravatar.com\/avatar\/db2d5032d48e0c5ea69810e41539f6f14a63a77bccab5e2b2c7ed6f1712f7e3f?s=96&d=blank&r=g","caption":"admin"}}]}},"magento_index":false,"_links":{"self":[{"href":"https:\/\/www.medewo.com\/blog\/at\/wp-json\/wp\/v2\/posts\/16320","targetHints":{"allow":["GET"]}}],"collection":[{"href":"https:\/\/www.medewo.com\/blog\/at\/wp-json\/wp\/v2\/posts"}],"about":[{"href":"https:\/\/www.medewo.com\/blog\/at\/wp-json\/wp\/v2\/types\/post"}],"author":[{"embeddable":true,"href":"https:\/\/www.medewo.com\/blog\/at\/wp-json\/wp\/v2\/users\/1"}],"replies":[{"embeddable":true,"href":"https:\/\/www.medewo.com\/blog\/at\/wp-json\/wp\/v2\/comments?post=16320"}],"version-history":[{"count":3,"href":"https:\/\/www.medewo.com\/blog\/at\/wp-json\/wp\/v2\/posts\/16320\/revisions"}],"predecessor-version":[{"id":33447,"href":"https:\/\/www.medewo.com\/blog\/at\/wp-json\/wp\/v2\/posts\/16320\/revisions\/33447"}],"wp:featuredmedia":[{"embeddable":true,"href":"https:\/\/www.medewo.com\/blog\/at\/wp-json\/wp\/v2\/media\/13539"}],"wp:attachment":[{"href":"https:\/\/www.medewo.com\/blog\/at\/wp-json\/wp\/v2\/media?parent=16320"}],"wp:term":[{"taxonomy":"category","embeddable":true,"href":"https:\/\/www.medewo.com\/blog\/at\/wp-json\/wp\/v2\/categories?post=16320"},{"taxonomy":"post_tag","embeddable":true,"href":"https:\/\/www.medewo.com\/blog\/at\/wp-json\/wp\/v2\/tags?post=16320"},{"taxonomy":"m2-product-id","embeddable":true,"href":"https:\/\/www.medewo.com\/blog\/at\/wp-json\/wp\/v2\/m2-product-id?post=16320"}],"curies":[{"name":"wp","href":"https:\/\/api.w.org\/{rel}","templated":true}]}}