{"id":16306,"date":"2017-12-11T00:00:00","date_gmt":"2017-12-10T23:00:00","guid":{"rendered":"https:\/\/www.medewo.com\/blog\/uncategorized-at\/das-richtige-signal-senden-mit-ihrer-versandverpackung\/"},"modified":"2024-07-23T10:39:13","modified_gmt":"2024-07-23T08:39:13","slug":"mit-farbigen-dokumententaschen-versandverpackung-optimieren","status":"publish","type":"post","link":"https:\/\/www.medewo.com\/blog\/at\/produkte\/mit-farbigen-dokumententaschen-versandverpackung-optimieren\/","title":{"rendered":"Das richtige Signal senden \u2013 mit Ihrer Versandverpackung"},"content":{"rendered":"<div class=\"wpb-content-wrapper\"><p>[vc_row][vc_column][vc_column_text]<strong>Ob Rechnung, Lieferschein oder andere wichtige Papiere \u2013 in Dokumententaschen sind sie beim Versand zuverl\u00e4ssig vor Feuchtigkeit, Schmutz und Besch\u00e4digung gesch\u00fctzt. Dabei k\u00f6nnen die Selbstklebetaschen noch mehr: Wie Ihre Versandverpackung dank farbiger H\u00fcllen zu einem wahren Hingucker und Botschafter Ihrer Marke wird.<\/strong>[\/vc_column_text][vc_empty_space][vc_column_text]Angebracht auf dem Versandgut sch\u00fctzen die praktischen Dokumententaschen nicht nur Begleitdokumente wie Rechnungen, Lieferscheine, Sicherheitshinweise oder beh\u00f6rdliche Unterlagen, sondern werden vom Empf\u00e4nger auch sofort wahrgenommen. Deshalb sind sie \u2013 abgesehen von einem <a title=\"Verpackung individuell bedrucken\" href=\"https:\/\/www.medewo.com\/at\/schachteln-bedrucken\">individuell bedruckten Karton<\/a> oder <a title=\"Klebeband individuell bedrucken\" href=\"https:\/\/www.medewo.com\/at\/individuelle-verpackungen\/verpackungen-bedrucken\/klebeband-bedrucken\/\">Klebeband<\/a> \u2013 ideal daf\u00fcr geeignet, um auf Ihre Sendung aufmerksam zu machen. Wenn sie sich von anderen Verpackungen abhebt, zieht Ihr Versandgut alle Blicke auf sich und Sie bleiben dem Empf\u00e4nger im Ged\u00e4chtnis. Setzen Sie daher ein Highlight auf Ihrer Versandverpackung und w\u00e4hlen Sie eine Begleitpapiertasche in einer auff\u00e4lligen Farbe.[\/vc_column_text][vc_empty_space][vc_column_text]<\/p>\n<h2>Ihr Unternehmen im Blickfang<\/h2>\n<p>[\/vc_column_text][vc_empty_space][\/vc_column][\/vc_row][vc_row][vc_column width=&#8220;1\/3&#8243;][vc_single_image image=&#8220;14409&#8243; img_size=&#8220;full&#8220;][\/vc_column][vc_column width=&#8220;2\/3&#8243;][vc_empty_space height=&#8220;8px&#8220;][vc_column_text]Mit <a title=\"Farbige Dokumentenh\u00fcllen C6\/5\" href=\"https:\/\/www.medewo.com\/at\/mecouvert-trend-dokumententasche\">Dokumententaschen in trendigen Farben<\/a>, wie sie das MEDEWO-Sortiment bietet, sorgen Sie zum einen daf\u00fcr, dass Ihre Sendung hervorsticht. Zum anderen st\u00e4rken Sie Ihre Marke, denn die sieben unterschiedlichen Farben von MECOUVERT<sup>\u00ae<\/sup> TREND orientieren sich an den meist verwendeten Logo- und Unternehmensfarben.[\/vc_column_text][\/vc_column][\/vc_row][vc_row][vc_column][vc_empty_space][vc_column_text]Ob in Cyan, Schwarz oder Magenta \u2013 auch eine H\u00fclle passend f\u00fcr Ihr Corporate Design wird dabei sein. Gerade kleine Unternehmen haben mit den au\u00dfergew\u00f6hnlichen Umschl\u00e4gen daher die M\u00f6glichkeit, ihre Marke bekannter zu machen, ohne dass sie die Dokumententaschen selbst in Auftrag geben m\u00fcssen. Mit einer auf die eignen Hausfarben und das Logo abgestimmten Versandverpackung machen Sie zudem bei Ihren Kunden einen professionellen Eindruck.<\/p>\n<p>Neben der Hervorhebung der eigenen Logofarben k\u00f6nnen Sie die Dokumententaschen aber auch f\u00fcr besondere Sendungen wie saisonale Aktionen oder angepasst an eine bestimmte Zielgruppe nutzen. Jede der sieben Farben vermittelt eine andere Botschaft und wirkt ganz unterschiedlich auf den Menschen. \u00dcberlegen Sie daher, was Sie mit dem Farbton unterstreichen m\u00f6chten. Doch welche Farbe steht f\u00fcr welche Bedeutung?[\/vc_column_text][vc_empty_space][vc_column_text]<\/p>\n<h2>Farbpsychologie: So wirken Farben<\/h2>\n<p>[\/vc_column_text][vc_empty_space][vc_column_text]Farben helfen dem Menschen seit jeher sich in der Welt zu orientieren \u2013 sei es als Signal, dass die Frucht am Baum schon reif ist, oder dass wir uns vor der Wespe mit ihren Warnfarben Schwarz-Gelb in Acht nehmen m\u00fcssen. Die Wahrnehmung von Farben ist zudem kulturell gepr\u00e4gt. W\u00e4hrend in unseren Breitengraden Wei\u00df etwa mit Reinheit verbunden wird, steht es in Asien f\u00fcr Tod. Oft unbewusst wird der Mensch daher durch die Farbgebung beeinflusst. Welche Assoziationen wecken Sie nun mit den trendigen Dokumententaschen von MEDEWO? Wir zeigen es Ihnen im \u00dcberblick:[\/vc_column_text][vc_empty_space][vc_separator][\/vc_column][\/vc_row][vc_row][vc_column width=&#8220;1\/3&#8243;][vc_column_text]<\/p>\n<h4>Gelb<\/h4>\n<p>[\/vc_column_text][vc_single_image image=&#8220;14412&#8243; img_size=&#8220;full&#8220;][\/vc_column][vc_column width=&#8220;2\/3&#8243;][vc_empty_space height=&#8220;50px&#8220;][vc_column_text]<\/p>\n<ul>\n<li>Energie<\/li>\n<li>Spa\u00df<\/li>\n<li>Idealismus<\/li>\n<\/ul>\n<p>[\/vc_column_text][\/vc_column][\/vc_row][vc_row][vc_column][vc_separator][\/vc_column][\/vc_row][vc_row][vc_column width=&#8220;1\/3&#8243;][vc_column_text]<\/p>\n<h4>Orange<\/h4>\n<p>[\/vc_column_text][vc_single_image image=&#8220;14415&#8243; img_size=&#8220;full&#8220;][\/vc_column][vc_column width=&#8220;2\/3&#8243;][vc_empty_space height=&#8220;50px&#8220;][vc_column_text]<\/p>\n<ul>\n<li>Freundlichkeit<\/li>\n<li>Fr\u00f6hlichkeit<\/li>\n<li>Selbstbewusstsein<\/li>\n<\/ul>\n<p>[\/vc_column_text][\/vc_column][\/vc_row][vc_row][vc_column][vc_separator][\/vc_column][\/vc_row][vc_row][vc_column width=&#8220;1\/3&#8243;][vc_column_text]<\/p>\n<h4>Magenta<\/h4>\n<p>[\/vc_column_text][vc_single_image image=&#8220;14418&#8243; img_size=&#8220;full&#8220;][\/vc_column][vc_column width=&#8220;2\/3&#8243;][vc_empty_space height=&#8220;50px&#8220;][vc_column_text]<\/p>\n<ul>\n<li>W\u00e4rme<\/li>\n<li>Optimismus<\/li>\n<li>Klarheit<\/li>\n<\/ul>\n<p>[\/vc_column_text][\/vc_column][\/vc_row][vc_row][vc_column][vc_separator][\/vc_column][\/vc_row][vc_row][vc_column width=&#8220;1\/3&#8243;][vc_column_text]<\/p>\n<h4>Violett<\/h4>\n<p>[\/vc_column_text][vc_single_image image=&#8220;14421&#8243; img_size=&#8220;full&#8220;][\/vc_column][vc_column width=&#8220;2\/3&#8243;][vc_empty_space height=&#8220;50px&#8220;][vc_column_text]<\/p>\n<ul>\n<li>Kreativit\u00e4t<\/li>\n<li>Weisheit<\/li>\n<li>Spiritualit\u00e4t<\/li>\n<\/ul>\n<p>[\/vc_column_text][\/vc_column][\/vc_row][vc_row][vc_column][vc_separator][\/vc_column][\/vc_row][vc_row][vc_column width=&#8220;1\/3&#8243;][vc_column_text]<\/p>\n<h4>Cyan<\/h4>\n<p>[\/vc_column_text][vc_single_image image=&#8220;14424&#8243; img_size=&#8220;full&#8220;][\/vc_column][vc_column width=&#8220;2\/3&#8243;][vc_empty_space height=&#8220;50px&#8220;][vc_column_text]<\/p>\n<ul>\n<li>Vertrauen<\/li>\n<li>St\u00e4rke<\/li>\n<li>Zuverl\u00e4ssigkeit<\/li>\n<\/ul>\n<p>[\/vc_column_text][\/vc_column][\/vc_row][vc_row][vc_column][vc_separator][\/vc_column][\/vc_row][vc_row][vc_column width=&#8220;1\/3&#8243;][vc_column_text]<\/p>\n<h4>Braun<\/h4>\n<p>[\/vc_column_text][vc_single_image image=&#8220;14427&#8243; img_size=&#8220;full&#8220;][\/vc_column][vc_column width=&#8220;2\/3&#8243;][vc_empty_space height=&#8220;50px&#8220;][vc_column_text]<\/p>\n<ul>\n<li>Behaglichkeit<\/li>\n<li>Sicherheit<\/li>\n<li>Bodenst\u00e4ndigkeit<\/li>\n<\/ul>\n<p>[\/vc_column_text][\/vc_column][\/vc_row][vc_row][vc_column][vc_separator][\/vc_column][\/vc_row][vc_row][vc_column width=&#8220;1\/3&#8243;][vc_column_text]<\/p>\n<h4>Schwarz<\/h4>\n<p>[\/vc_column_text][vc_single_image image=&#8220;14430&#8243; img_size=&#8220;full&#8220;][\/vc_column][vc_column width=&#8220;2\/3&#8243;][vc_empty_space height=&#8220;50px&#8220;][vc_column_text]<\/p>\n<ul>\n<li>Exklusivit\u00e4t<\/li>\n<li>Eleganz<\/li>\n<li>Modernit\u00e4t<\/li>\n<\/ul>\n<p>[\/vc_column_text][\/vc_column][\/vc_row][vc_row][vc_column][vc_separator][vc_empty_space][vc_column_text]Egal in welcher Farbe: Wie alle <a title=\"Produkt\u00fcbersicht Dokumententaschen\" href=\"https:\/\/www.medewo.com\/at\/lagersortiment\/dokumententaschen-kennzeichnen\/lieferscheintaschen\/\">Dokumententaschen<\/a> sorgen auch die auff\u00e4lligen MECOUVERT<sup>\u00ae<\/sup> TREND daf\u00fcr, dass Begleitdokumente gesch\u00fctzt sind und der Empf\u00e4nger sie schnell findet und zur Hand hat. Einmal mit allen Papieren gef\u00fcllt, sind sie dank ihrer selbstklebenden R\u00fcckseite rasch angebracht und Sie sparen sich zus\u00e4tzliche Adressetiketten. Mit einer auff\u00e4lligen Dokumententasche auf Ihrer Sendung senden Sie in jedem Fall das richtige Signal und machen auf Ihr Unternehmen aufmerksam.[\/vc_column_text][vc_empty_space][vc_column_text]            <style>\n                .message_box_wrapper {\n                    display: block;\n                    width: 100%;\n                    width: calc( 100% - 32px );\n                    margin-bottom: 30px;\n                    margin-top: 15px;\n                    padding: 15px;\n                    float: left;\n                    background: #f9f9f9;\n                    border: 1px solid #dddddd;\n                }\n                .message_box_wrapper .message_box_icon {\n                    margin-bottom: 0;\n                }\n                .message_box_wrapper .message_box_caption {\n                    margin-left: 70px;\n                }\n                .message_box_wrapper .message_box_caption .message_box_button {\n                    background: #278dd1;\n                    border-color: #278dd1;\n                    display: inline-block;\n                    padding: 6px 20px;\n                    line-height: 1.42857143;\n                    color: #fff;\n                    font-size: 17px;\n                    font-weight: normal;\n                    text-decoration: none;\n                }\n            <\/style>\n\n            <div class=\"message_box_wrapper\">\n                <p>\n                    <img decoding=\"async\" class=\"alignleft wp-image-4005 message_box_icon\" title=\"MEDEWO-Tipp\" src=\"https:\/\/www.medewo.com\/blog\/wp-content\/themes\/dt-the7-child\/img\/icons\/Tipp.svg\" alt=\"MEDEWO-Tipp\" width=\"50\" height=\"50\">\n                <\/p>\n                F\u00fcr den Versand von Dokumententaschen empfehlen wir unsere \u00dcbersicht \u00fcber <a href=\"https:\/\/www.medewo.com\/blog\/at\/loesungen\/porto-optimierung-so-gestalten-sie-ihre-kosten-bestmoeglich\/\">Portokosten<\/a> verschiedener Anbieter zu beachten.                 <p class=\"message_box_caption\">\n                                    <\/p>\n            <\/div>\n        [\/vc_column_text][\/vc_column][\/vc_row]<\/p>\n<\/div>","protected":false},"excerpt":{"rendered":"<p>Wie Ihre Versandverpackung dank farbiger H\u00fcllen zu einem wahren Hingucker und Botschafter Ihrer Marke wird.<\/p>\n","protected":false},"author":1,"featured_media":9705,"comment_status":"open","ping_status":"open","sticky":false,"template":"","format":"standard","meta":{"pgc_sgb_lightbox_settings":"","footnotes":""},"categories":[22],"tags":[3339,3340,3341,3342,3343],"m2-product-id":[4761,4762,4763,4764,4765,4766,4767,4768,4769,4770,4771,5210],"class_list":["post-16306","post","type-post","status-publish","format-standard","has-post-thumbnail","hentry","category-produkte","tag-dokumentenhuellen","tag-dokumententaschen","tag-kennzeichnen","tag-marketing","tag-versandverpackung","category-22","description-off"],"yoast_head":"<!-- This site is optimized with the Yoast SEO plugin v27.1.1 - https:\/\/yoast.com\/product\/yoast-seo-wordpress\/ -->\n<title>Mit farbigen Dokumententaschen Sendungen optimieren<\/title>\n<meta name=\"description\" content=\"Mit auff\u00e4lligen Dokumententaschen in trendigen Farben machen Sie mehr aus Ihrer Versandverpackung. St\u00e4rken Sie Ihre Marke und machen Sie auf sich aufmerksam.\" \/>\n<meta name=\"robots\" content=\"index, follow, max-snippet:-1, max-image-preview:large, max-video-preview:-1\" \/>\n<link rel=\"canonical\" href=\"https:\/\/www.medewo.com\/blog\/at\/produkte\/mit-farbigen-dokumententaschen-versandverpackung-optimieren\/\" \/>\n<meta property=\"og:locale\" content=\"de_DE\" \/>\n<meta property=\"og:type\" content=\"article\" \/>\n<meta property=\"og:title\" content=\"Mit farbigen Dokumententaschen Sendungen optimieren\" \/>\n<meta property=\"og:description\" content=\"Mit auff\u00e4lligen Dokumententaschen in trendigen Farben machen Sie mehr aus Ihrer Versandverpackung. St\u00e4rken Sie Ihre Marke und machen Sie auf sich aufmerksam.\" \/>\n<meta property=\"og:url\" content=\"https:\/\/www.medewo.com\/blog\/at\/produkte\/mit-farbigen-dokumententaschen-versandverpackung-optimieren\/\" \/>\n<meta property=\"og:site_name\" content=\"MEDEWO Verpackungen\" \/>\n<meta property=\"article:published_time\" content=\"2017-12-10T23:00:00+00:00\" \/>\n<meta property=\"article:modified_time\" content=\"2024-07-23T08:39:13+00:00\" \/>\n<meta property=\"og:image\" content=\"https:\/\/www.medewo.com\/blog\/wp-content\/uploads\/2017\/12\/Hauptbild-Mecouvert-Trend_neu.png\" \/>\n\t<meta property=\"og:image:width\" content=\"690\" \/>\n\t<meta property=\"og:image:height\" content=\"460\" \/>\n\t<meta property=\"og:image:type\" content=\"image\/png\" \/>\n<meta name=\"author\" content=\"admin\" \/>\n<meta name=\"twitter:card\" content=\"summary_large_image\" \/>\n<meta name=\"twitter:label1\" content=\"Verfasst von\" \/>\n\t<meta name=\"twitter:data1\" content=\"admin\" \/>\n\t<meta name=\"twitter:label2\" content=\"Gesch\u00e4tzte Lesezeit\" \/>\n\t<meta name=\"twitter:data2\" content=\"4 Minuten\" \/>\n<script type=\"application\/ld+json\" class=\"yoast-schema-graph\">{\"@context\":\"https:\/\/schema.org\",\"@graph\":[{\"@type\":\"Article\",\"@id\":\"https:\/\/www.medewo.com\/blog\/at\/produkte\/mit-farbigen-dokumententaschen-versandverpackung-optimieren\/#article\",\"isPartOf\":{\"@id\":\"https:\/\/www.medewo.com\/blog\/at\/produkte\/mit-farbigen-dokumententaschen-versandverpackung-optimieren\/\"},\"author\":{\"name\":\"admin\",\"@id\":\"https:\/\/www.medewo.com\/blog\/at\/#\/schema\/person\/84e17ff7dbd20461267b403e9de6651a\"},\"headline\":\"Das richtige Signal senden \u2013 mit Ihrer Versandverpackung\",\"datePublished\":\"2017-12-10T23:00:00+00:00\",\"dateModified\":\"2024-07-23T08:39:13+00:00\",\"mainEntityOfPage\":{\"@id\":\"https:\/\/www.medewo.com\/blog\/at\/produkte\/mit-farbigen-dokumententaschen-versandverpackung-optimieren\/\"},\"wordCount\":1022,\"commentCount\":0,\"publisher\":{\"@id\":\"https:\/\/www.medewo.com\/blog\/at\/#organization\"},\"image\":{\"@id\":\"https:\/\/www.medewo.com\/blog\/at\/produkte\/mit-farbigen-dokumententaschen-versandverpackung-optimieren\/#primaryimage\"},\"thumbnailUrl\":\"https:\/\/www.medewo.com\/blog\/wp-content\/uploads\/2017\/12\/Hauptbild-Mecouvert-Trend_neu.png\",\"keywords\":[\"Dokumentenh\u00fcllen\",\"Dokumententaschen\",\"Kennzeichnen\",\"Marketing\",\"Versandverpackung\"],\"articleSection\":[\"Produkte\"],\"inLanguage\":\"de-AT\",\"potentialAction\":[{\"@type\":\"CommentAction\",\"name\":\"Comment\",\"target\":[\"https:\/\/www.medewo.com\/blog\/at\/produkte\/mit-farbigen-dokumententaschen-versandverpackung-optimieren\/#respond\"]}]},{\"@type\":\"WebPage\",\"@id\":\"https:\/\/www.medewo.com\/blog\/at\/produkte\/mit-farbigen-dokumententaschen-versandverpackung-optimieren\/\",\"url\":\"https:\/\/www.medewo.com\/blog\/at\/produkte\/mit-farbigen-dokumententaschen-versandverpackung-optimieren\/\",\"name\":\"Mit farbigen Dokumententaschen Sendungen optimieren\",\"isPartOf\":{\"@id\":\"https:\/\/www.medewo.com\/blog\/at\/#website\"},\"primaryImageOfPage\":{\"@id\":\"https:\/\/www.medewo.com\/blog\/at\/produkte\/mit-farbigen-dokumententaschen-versandverpackung-optimieren\/#primaryimage\"},\"image\":{\"@id\":\"https:\/\/www.medewo.com\/blog\/at\/produkte\/mit-farbigen-dokumententaschen-versandverpackung-optimieren\/#primaryimage\"},\"thumbnailUrl\":\"https:\/\/www.medewo.com\/blog\/wp-content\/uploads\/2017\/12\/Hauptbild-Mecouvert-Trend_neu.png\",\"datePublished\":\"2017-12-10T23:00:00+00:00\",\"dateModified\":\"2024-07-23T08:39:13+00:00\",\"description\":\"Mit auff\u00e4lligen Dokumententaschen in trendigen Farben machen Sie mehr aus Ihrer Versandverpackung. St\u00e4rken Sie Ihre Marke und machen Sie auf sich aufmerksam.\",\"breadcrumb\":{\"@id\":\"https:\/\/www.medewo.com\/blog\/at\/produkte\/mit-farbigen-dokumententaschen-versandverpackung-optimieren\/#breadcrumb\"},\"inLanguage\":\"de-AT\",\"potentialAction\":[{\"@type\":\"ReadAction\",\"target\":[\"https:\/\/www.medewo.com\/blog\/at\/produkte\/mit-farbigen-dokumententaschen-versandverpackung-optimieren\/\"]}]},{\"@type\":\"ImageObject\",\"inLanguage\":\"de-AT\",\"@id\":\"https:\/\/www.medewo.com\/blog\/at\/produkte\/mit-farbigen-dokumententaschen-versandverpackung-optimieren\/#primaryimage\",\"url\":\"https:\/\/www.medewo.com\/blog\/wp-content\/uploads\/2017\/12\/Hauptbild-Mecouvert-Trend_neu.png\",\"contentUrl\":\"https:\/\/www.medewo.com\/blog\/wp-content\/uploads\/2017\/12\/Hauptbild-Mecouvert-Trend_neu.png\",\"width\":690,\"height\":460},{\"@type\":\"BreadcrumbList\",\"@id\":\"https:\/\/www.medewo.com\/blog\/at\/produkte\/mit-farbigen-dokumententaschen-versandverpackung-optimieren\/#breadcrumb\",\"itemListElement\":[{\"@type\":\"ListItem\",\"position\":1,\"name\":\"Startseite\",\"item\":\"https:\/\/www.medewo.com\/blog\/at\/\"},{\"@type\":\"ListItem\",\"position\":2,\"name\":\"Das richtige Signal senden \u2013 mit Ihrer Versandverpackung\"}]},{\"@type\":\"WebSite\",\"@id\":\"https:\/\/www.medewo.com\/blog\/at\/#website\",\"url\":\"https:\/\/www.medewo.com\/blog\/at\/\",\"name\":\"MEDEWO Verpackungen\",\"description\":\"News\",\"publisher\":{\"@id\":\"https:\/\/www.medewo.com\/blog\/at\/#organization\"},\"potentialAction\":[{\"@type\":\"SearchAction\",\"target\":{\"@type\":\"EntryPoint\",\"urlTemplate\":\"https:\/\/www.medewo.com\/blog\/at\/?s={search_term_string}\"},\"query-input\":{\"@type\":\"PropertyValueSpecification\",\"valueRequired\":true,\"valueName\":\"search_term_string\"}}],\"inLanguage\":\"de-AT\"},{\"@type\":\"Organization\",\"@id\":\"https:\/\/www.medewo.com\/blog\/at\/#organization\",\"name\":\"MEDEWO\",\"url\":\"https:\/\/www.medewo.com\/blog\/at\/\",\"logo\":{\"@type\":\"ImageObject\",\"inLanguage\":\"de-AT\",\"@id\":\"https:\/\/www.medewo.com\/blog\/at\/#\/schema\/logo\/image\/\",\"url\":\"https:\/\/www.medewo.com\/blog\/wp-content\/uploads\/2022\/03\/medewo-logo-claim-quer-2.png\",\"contentUrl\":\"https:\/\/www.medewo.com\/blog\/wp-content\/uploads\/2022\/03\/medewo-logo-claim-quer-2.png\",\"width\":350,\"height\":63,\"caption\":\"MEDEWO\"},\"image\":{\"@id\":\"https:\/\/www.medewo.com\/blog\/at\/#\/schema\/logo\/image\/\"}},{\"@type\":\"Person\",\"@id\":\"https:\/\/www.medewo.com\/blog\/at\/#\/schema\/person\/84e17ff7dbd20461267b403e9de6651a\",\"name\":\"admin\",\"image\":{\"@type\":\"ImageObject\",\"inLanguage\":\"de-AT\",\"@id\":\"https:\/\/www.medewo.com\/blog\/at\/#\/schema\/person\/image\/\",\"url\":\"https:\/\/secure.gravatar.com\/avatar\/db2d5032d48e0c5ea69810e41539f6f14a63a77bccab5e2b2c7ed6f1712f7e3f?s=96&d=blank&r=g\",\"contentUrl\":\"https:\/\/secure.gravatar.com\/avatar\/db2d5032d48e0c5ea69810e41539f6f14a63a77bccab5e2b2c7ed6f1712f7e3f?s=96&d=blank&r=g\",\"caption\":\"admin\"}}]}<\/script>\n<!-- \/ Yoast SEO plugin. -->","yoast_head_json":{"title":"Mit farbigen Dokumententaschen Sendungen optimieren","description":"Mit auff\u00e4lligen Dokumententaschen in trendigen Farben machen Sie mehr aus Ihrer Versandverpackung. St\u00e4rken Sie Ihre Marke und machen Sie auf sich aufmerksam.","robots":{"index":"index","follow":"follow","max-snippet":"max-snippet:-1","max-image-preview":"max-image-preview:large","max-video-preview":"max-video-preview:-1"},"canonical":"https:\/\/www.medewo.com\/blog\/at\/produkte\/mit-farbigen-dokumententaschen-versandverpackung-optimieren\/","og_locale":"de_DE","og_type":"article","og_title":"Mit farbigen Dokumententaschen Sendungen optimieren","og_description":"Mit auff\u00e4lligen Dokumententaschen in trendigen Farben machen Sie mehr aus Ihrer Versandverpackung. St\u00e4rken Sie Ihre Marke und machen Sie auf sich aufmerksam.","og_url":"https:\/\/www.medewo.com\/blog\/at\/produkte\/mit-farbigen-dokumententaschen-versandverpackung-optimieren\/","og_site_name":"MEDEWO Verpackungen","article_published_time":"2017-12-10T23:00:00+00:00","article_modified_time":"2024-07-23T08:39:13+00:00","og_image":[{"width":690,"height":460,"url":"https:\/\/www.medewo.com\/blog\/wp-content\/uploads\/2017\/12\/Hauptbild-Mecouvert-Trend_neu.png","type":"image\/png"}],"author":"admin","twitter_card":"summary_large_image","twitter_misc":{"Verfasst von":"admin","Gesch\u00e4tzte Lesezeit":"4 Minuten"},"schema":{"@context":"https:\/\/schema.org","@graph":[{"@type":"Article","@id":"https:\/\/www.medewo.com\/blog\/at\/produkte\/mit-farbigen-dokumententaschen-versandverpackung-optimieren\/#article","isPartOf":{"@id":"https:\/\/www.medewo.com\/blog\/at\/produkte\/mit-farbigen-dokumententaschen-versandverpackung-optimieren\/"},"author":{"name":"admin","@id":"https:\/\/www.medewo.com\/blog\/at\/#\/schema\/person\/84e17ff7dbd20461267b403e9de6651a"},"headline":"Das richtige Signal senden \u2013 mit Ihrer Versandverpackung","datePublished":"2017-12-10T23:00:00+00:00","dateModified":"2024-07-23T08:39:13+00:00","mainEntityOfPage":{"@id":"https:\/\/www.medewo.com\/blog\/at\/produkte\/mit-farbigen-dokumententaschen-versandverpackung-optimieren\/"},"wordCount":1022,"commentCount":0,"publisher":{"@id":"https:\/\/www.medewo.com\/blog\/at\/#organization"},"image":{"@id":"https:\/\/www.medewo.com\/blog\/at\/produkte\/mit-farbigen-dokumententaschen-versandverpackung-optimieren\/#primaryimage"},"thumbnailUrl":"https:\/\/www.medewo.com\/blog\/wp-content\/uploads\/2017\/12\/Hauptbild-Mecouvert-Trend_neu.png","keywords":["Dokumentenh\u00fcllen","Dokumententaschen","Kennzeichnen","Marketing","Versandverpackung"],"articleSection":["Produkte"],"inLanguage":"de-AT","potentialAction":[{"@type":"CommentAction","name":"Comment","target":["https:\/\/www.medewo.com\/blog\/at\/produkte\/mit-farbigen-dokumententaschen-versandverpackung-optimieren\/#respond"]}]},{"@type":"WebPage","@id":"https:\/\/www.medewo.com\/blog\/at\/produkte\/mit-farbigen-dokumententaschen-versandverpackung-optimieren\/","url":"https:\/\/www.medewo.com\/blog\/at\/produkte\/mit-farbigen-dokumententaschen-versandverpackung-optimieren\/","name":"Mit farbigen Dokumententaschen Sendungen optimieren","isPartOf":{"@id":"https:\/\/www.medewo.com\/blog\/at\/#website"},"primaryImageOfPage":{"@id":"https:\/\/www.medewo.com\/blog\/at\/produkte\/mit-farbigen-dokumententaschen-versandverpackung-optimieren\/#primaryimage"},"image":{"@id":"https:\/\/www.medewo.com\/blog\/at\/produkte\/mit-farbigen-dokumententaschen-versandverpackung-optimieren\/#primaryimage"},"thumbnailUrl":"https:\/\/www.medewo.com\/blog\/wp-content\/uploads\/2017\/12\/Hauptbild-Mecouvert-Trend_neu.png","datePublished":"2017-12-10T23:00:00+00:00","dateModified":"2024-07-23T08:39:13+00:00","description":"Mit auff\u00e4lligen Dokumententaschen in trendigen Farben machen Sie mehr aus Ihrer Versandverpackung. St\u00e4rken Sie Ihre Marke und machen Sie auf sich aufmerksam.","breadcrumb":{"@id":"https:\/\/www.medewo.com\/blog\/at\/produkte\/mit-farbigen-dokumententaschen-versandverpackung-optimieren\/#breadcrumb"},"inLanguage":"de-AT","potentialAction":[{"@type":"ReadAction","target":["https:\/\/www.medewo.com\/blog\/at\/produkte\/mit-farbigen-dokumententaschen-versandverpackung-optimieren\/"]}]},{"@type":"ImageObject","inLanguage":"de-AT","@id":"https:\/\/www.medewo.com\/blog\/at\/produkte\/mit-farbigen-dokumententaschen-versandverpackung-optimieren\/#primaryimage","url":"https:\/\/www.medewo.com\/blog\/wp-content\/uploads\/2017\/12\/Hauptbild-Mecouvert-Trend_neu.png","contentUrl":"https:\/\/www.medewo.com\/blog\/wp-content\/uploads\/2017\/12\/Hauptbild-Mecouvert-Trend_neu.png","width":690,"height":460},{"@type":"BreadcrumbList","@id":"https:\/\/www.medewo.com\/blog\/at\/produkte\/mit-farbigen-dokumententaschen-versandverpackung-optimieren\/#breadcrumb","itemListElement":[{"@type":"ListItem","position":1,"name":"Startseite","item":"https:\/\/www.medewo.com\/blog\/at\/"},{"@type":"ListItem","position":2,"name":"Das richtige Signal senden \u2013 mit Ihrer Versandverpackung"}]},{"@type":"WebSite","@id":"https:\/\/www.medewo.com\/blog\/at\/#website","url":"https:\/\/www.medewo.com\/blog\/at\/","name":"MEDEWO Verpackungen","description":"News","publisher":{"@id":"https:\/\/www.medewo.com\/blog\/at\/#organization"},"potentialAction":[{"@type":"SearchAction","target":{"@type":"EntryPoint","urlTemplate":"https:\/\/www.medewo.com\/blog\/at\/?s={search_term_string}"},"query-input":{"@type":"PropertyValueSpecification","valueRequired":true,"valueName":"search_term_string"}}],"inLanguage":"de-AT"},{"@type":"Organization","@id":"https:\/\/www.medewo.com\/blog\/at\/#organization","name":"MEDEWO","url":"https:\/\/www.medewo.com\/blog\/at\/","logo":{"@type":"ImageObject","inLanguage":"de-AT","@id":"https:\/\/www.medewo.com\/blog\/at\/#\/schema\/logo\/image\/","url":"https:\/\/www.medewo.com\/blog\/wp-content\/uploads\/2022\/03\/medewo-logo-claim-quer-2.png","contentUrl":"https:\/\/www.medewo.com\/blog\/wp-content\/uploads\/2022\/03\/medewo-logo-claim-quer-2.png","width":350,"height":63,"caption":"MEDEWO"},"image":{"@id":"https:\/\/www.medewo.com\/blog\/at\/#\/schema\/logo\/image\/"}},{"@type":"Person","@id":"https:\/\/www.medewo.com\/blog\/at\/#\/schema\/person\/84e17ff7dbd20461267b403e9de6651a","name":"admin","image":{"@type":"ImageObject","inLanguage":"de-AT","@id":"https:\/\/www.medewo.com\/blog\/at\/#\/schema\/person\/image\/","url":"https:\/\/secure.gravatar.com\/avatar\/db2d5032d48e0c5ea69810e41539f6f14a63a77bccab5e2b2c7ed6f1712f7e3f?s=96&d=blank&r=g","contentUrl":"https:\/\/secure.gravatar.com\/avatar\/db2d5032d48e0c5ea69810e41539f6f14a63a77bccab5e2b2c7ed6f1712f7e3f?s=96&d=blank&r=g","caption":"admin"}}]}},"magento_index":true,"_links":{"self":[{"href":"https:\/\/www.medewo.com\/blog\/at\/wp-json\/wp\/v2\/posts\/16306","targetHints":{"allow":["GET"]}}],"collection":[{"href":"https:\/\/www.medewo.com\/blog\/at\/wp-json\/wp\/v2\/posts"}],"about":[{"href":"https:\/\/www.medewo.com\/blog\/at\/wp-json\/wp\/v2\/types\/post"}],"author":[{"embeddable":true,"href":"https:\/\/www.medewo.com\/blog\/at\/wp-json\/wp\/v2\/users\/1"}],"replies":[{"embeddable":true,"href":"https:\/\/www.medewo.com\/blog\/at\/wp-json\/wp\/v2\/comments?post=16306"}],"version-history":[{"count":12,"href":"https:\/\/www.medewo.com\/blog\/at\/wp-json\/wp\/v2\/posts\/16306\/revisions"}],"predecessor-version":[{"id":33464,"href":"https:\/\/www.medewo.com\/blog\/at\/wp-json\/wp\/v2\/posts\/16306\/revisions\/33464"}],"wp:featuredmedia":[{"embeddable":true,"href":"https:\/\/www.medewo.com\/blog\/at\/wp-json\/wp\/v2\/media\/9705"}],"wp:attachment":[{"href":"https:\/\/www.medewo.com\/blog\/at\/wp-json\/wp\/v2\/media?parent=16306"}],"wp:term":[{"taxonomy":"category","embeddable":true,"href":"https:\/\/www.medewo.com\/blog\/at\/wp-json\/wp\/v2\/categories?post=16306"},{"taxonomy":"post_tag","embeddable":true,"href":"https:\/\/www.medewo.com\/blog\/at\/wp-json\/wp\/v2\/tags?post=16306"},{"taxonomy":"m2-product-id","embeddable":true,"href":"https:\/\/www.medewo.com\/blog\/at\/wp-json\/wp\/v2\/m2-product-id?post=16306"}],"curies":[{"name":"wp","href":"https:\/\/api.w.org\/{rel}","templated":true}]}}